{"id":155124,"date":"2016-02-19T14:26:14","date_gmt":"2016-02-19T13:26:14","guid":{"rendered":"https:\/\/sandzakpress.net\/arhiva\/?p=155124"},"modified":"2016-02-19T15:14:18","modified_gmt":"2016-02-19T14:14:18","slug":"bnv-obiljezava-dan-skolstva-na-bosanskom-jeziku-u-sandzaku","status":"publish","type":"post","link":"https:\/\/sandzakpress.net\/arhiva\/bnv-obiljezava-dan-skolstva-na-bosanskom-jeziku-u-sandzaku\/","title":{"rendered":"BNV obilje\u017eava Dan \u0161kolstva na bosanskom jeziku u Sand\u017eaku"},"content":{"rendered":"<p><img decoding=\"async\" src=\"http:\/\/www.sandzacke.rs\/wp-content\/uploads\/2016\/02\/udzbenici-bosanskog-jezika-640x330.jpg\" alt=\"udzbenici bosanskog jezika\" \/><\/p>\n<p><strong>Novi Pazar &#8211; U Glavnom uredu Bo\u0161nja\u010dkog nacionalnog vije\u0107a u Novom Pazaru, 21. februara 2016. godine odr\u017eat \u0107e se programi stru\u010dnog usavr\u0161avanja nastavnika i odgajatelja.<\/strong><\/p>\n<p>Javna tribina \u201cNastava na bosanskom jeziku-dosada\u0161nja iskustva i izazovi\u201d\u00a0za nastavnike razredne nastave, odgajatelje, nastavnike bosanskog jezika i knji\u017eevnosti, historije, muzi\u010dke i likovne kulture u osnovnim i srednjim \u0161kolama, po\u010dinje u 13 sati.<\/p>\n<p>Predavanje \u201cDvadeset godina bosanskog jezi\u010dkog standarda\u201d, koje \u0107e odr\u017eati prof. dr. Senahid Halilovi\u0107 za nastavnike razredne nastave, odgajatelje i nastavnike bosanskog jezika i knji\u017eevnosti u osnovnim i srednjim \u0161kolama.\u00a0po\u010dinje\u00a0u 14:15 sati.<\/p>\n<p>U\u010desnici dobijaju uvjerenja za dva sata stru\u010dnog usavr\u0161avanja.<\/p>\n<p><img loading=\"lazy\" decoding=\"async\" class=\"alignnone\" src=\"https:\/\/scontent-vie1-1.xx.fbcdn.net\/hphotos-xlt1\/t31.0-8\/1920953_1973410042883286_5163086045984326308_o.jpg\" alt=\"\" width=\"1170\" height=\"734\" \/><\/p>\n<p>(Sand\u017ea\u010dke novine)<\/p>\n","protected":false},"excerpt":{"rendered":"<p>Novi Pazar &#8211; U Glavnom uredu Bo\u0161nja\u010dkog nacionalnog vije\u0107a u Novom Pazaru, 21. februara 2016. godine odr\u017eat \u0107e se programi stru\u010dnog usavr\u0161avanja nastavnika i odgajatelja. Javna tribina \u201cNastava na bosanskom jeziku-dosada\u0161nja iskustva i izazovi\u201d\u00a0za nastavnike razredne nastave, odgajatelje, nastavnike bosanskog jezika i knji\u017eevnosti, historije, muzi\u010dke i likovne kulture u osnovnim i srednjim \u0161kolama, po\u010dinje u [&hellip;]<\/p>\n","protected":false},"author":83,"featured_media":155135,"comment_status":"open","ping_status":"open","sticky":false,"template":"","format":"standard","meta":{"footnotes":""},"categories":[72,4,8957],"tags":[],"class_list":{"0":"post-155124","1":"post","2":"type-post","3":"status-publish","4":"format-standard","5":"has-post-thumbnail","7":"category-novi-pazar","8":"category-obrazovanje","9":"category-vijesti-dana"},"yoast_head":"<!-- This site is optimized with the Yoast SEO Premium plugin v23.1 (Yoast SEO v24.9) - https:\/\/yoast.com\/wordpress\/plugins\/seo\/ -->\n<title>BNV obilje\u017eava Dan \u0161kolstva na bosanskom jeziku u Sand\u017eaku<\/title>\n<meta name=\"robots\" content=\"index, follow, max-snippet:-1, max-image-preview:large, max-video-preview:-1\" \/>\n<link rel=\"canonical\" href=\"https:\/\/sandzakpress.net\/arhiva\/bnv-obiljezava-dan-skolstva-na-bosanskom-jeziku-u-sandzaku\/\" \/>\n<meta property=\"og:locale\" content=\"bs_BA\" \/>\n<meta property=\"og:type\" content=\"article\" \/>\n<meta property=\"og:title\" content=\"BNV obilje\u017eava Dan \u0161kolstva na bosanskom jeziku u Sand\u017eaku\" \/>\n<meta property=\"og:description\" content=\"Novi Pazar &#8211; U Glavnom uredu Bo\u0161nja\u010dkog nacionalnog vije\u0107a u Novom Pazaru, 21. februara 2016. godine odr\u017eat \u0107e se programi stru\u010dnog usavr\u0161avanja nastavnika i odgajatelja. Javna tribina \u201cNastava na bosanskom jeziku-dosada\u0161nja iskustva i izazovi\u201d\u00a0za nastavnike razredne nastave, odgajatelje, nastavnike bosanskog jezika i knji\u017eevnosti, historije, muzi\u010dke i likovne kulture u osnovnim i srednjim \u0161kolama, po\u010dinje u [&hellip;]\" \/>\n<meta property=\"og:url\" content=\"https:\/\/sandzakpress.net\/arhiva\/bnv-obiljezava-dan-skolstva-na-bosanskom-jeziku-u-sandzaku\/\" \/>\n<meta property=\"og:site_name\" content=\"Sand\u017eak PRESS\" \/>\n<meta property=\"article:published_time\" content=\"2016-02-19T13:26:14+00:00\" \/>\n<meta property=\"article:modified_time\" content=\"2016-02-19T14:14:18+00:00\" \/>\n<meta property=\"og:image\" content=\"https:\/\/sandzakpress.net\/arhiva\/wp-content\/uploads\/2016\/02\/udzbenici-bosanskog-jezika-640x330.jpg\" \/>\n\t<meta property=\"og:image:width\" content=\"640\" \/>\n\t<meta property=\"og:image:height\" content=\"330\" \/>\n\t<meta property=\"og:image:type\" content=\"image\/jpeg\" \/>\n<meta name=\"author\" content=\"bosniak\" \/>\n<meta name=\"twitter:card\" content=\"summary_large_image\" \/>\n<meta name=\"twitter:label1\" content=\"Written by\" \/>\n\t<meta name=\"twitter:data1\" content=\"bosniak\" \/>\n\t<meta name=\"twitter:label2\" content=\"Est. reading time\" \/>\n\t<meta name=\"twitter:data2\" content=\"1 minuta\" \/>\n<script type=\"application\/ld+json\" class=\"yoast-schema-graph\">{\"@context\":\"https:\/\/schema.org\",\"@graph\":[{\"@type\":\"Article\",\"@id\":\"https:\/\/sandzakpress.net\/arhiva\/bnv-obiljezava-dan-skolstva-na-bosanskom-jeziku-u-sandzaku\/#article\",\"isPartOf\":{\"@id\":\"https:\/\/sandzakpress.net\/arhiva\/bnv-obiljezava-dan-skolstva-na-bosanskom-jeziku-u-sandzaku\/\"},\"author\":{\"name\":\"bosniak\",\"@id\":\"https:\/\/sandzakpress.net\/arhiva\/#\/schema\/person\/c8baee722073534b583ea7bdb2e36c02\"},\"headline\":\"BNV obilje\u017eava Dan \u0161kolstva na bosanskom jeziku u Sand\u017eaku\",\"datePublished\":\"2016-02-19T13:26:14+00:00\",\"dateModified\":\"2016-02-19T14:14:18+00:00\",\"mainEntityOfPage\":{\"@id\":\"https:\/\/sandzakpress.net\/arhiva\/bnv-obiljezava-dan-skolstva-na-bosanskom-jeziku-u-sandzaku\/\"},\"wordCount\":127,\"commentCount\":0,\"publisher\":{\"@id\":\"https:\/\/sandzakpress.net\/arhiva\/#\/schema\/person\/6e72b67d6e51910a1117b3b483ba20bd\"},\"image\":{\"@id\":\"https:\/\/sandzakpress.net\/arhiva\/bnv-obiljezava-dan-skolstva-na-bosanskom-jeziku-u-sandzaku\/#primaryimage\"},\"thumbnailUrl\":\"https:\/\/sandzakpress.net\/arhiva\/wp-content\/uploads\/2016\/02\/udzbenici-bosanskog-jezika-640x330.jpg\",\"articleSection\":[\"Novi Pazar\",\"Obrazovanje\",\"VIJESTI DANA\"],\"inLanguage\":\"bs-BA\",\"potentialAction\":[{\"@type\":\"CommentAction\",\"name\":\"Comment\",\"target\":[\"https:\/\/sandzakpress.net\/arhiva\/bnv-obiljezava-dan-skolstva-na-bosanskom-jeziku-u-sandzaku\/#respond\"]}]},{\"@type\":\"WebPage\",\"@id\":\"https:\/\/sandzakpress.net\/arhiva\/bnv-obiljezava-dan-skolstva-na-bosanskom-jeziku-u-sandzaku\/\",\"url\":\"https:\/\/sandzakpress.net\/arhiva\/bnv-obiljezava-dan-skolstva-na-bosanskom-jeziku-u-sandzaku\/\",\"name\":\"BNV obilje\u017eava Dan \u0161kolstva na bosanskom jeziku u Sand\u017eaku\",\"isPartOf\":{\"@id\":\"https:\/\/sandzakpress.net\/arhiva\/#website\"},\"primaryImageOfPage\":{\"@id\":\"https:\/\/sandzakpress.net\/arhiva\/bnv-obiljezava-dan-skolstva-na-bosanskom-jeziku-u-sandzaku\/#primaryimage\"},\"image\":{\"@id\":\"https:\/\/sandzakpress.net\/arhiva\/bnv-obiljezava-dan-skolstva-na-bosanskom-jeziku-u-sandzaku\/#primaryimage\"},\"thumbnailUrl\":\"https:\/\/sandzakpress.net\/arhiva\/wp-content\/uploads\/2016\/02\/udzbenici-bosanskog-jezika-640x330.jpg\",\"datePublished\":\"2016-02-19T13:26:14+00:00\",\"dateModified\":\"2016-02-19T14:14:18+00:00\",\"breadcrumb\":{\"@id\":\"https:\/\/sandzakpress.net\/arhiva\/bnv-obiljezava-dan-skolstva-na-bosanskom-jeziku-u-sandzaku\/#breadcrumb\"},\"inLanguage\":\"bs-BA\",\"potentialAction\":[{\"@type\":\"ReadAction\",\"target\":[\"https:\/\/sandzakpress.net\/arhiva\/bnv-obiljezava-dan-skolstva-na-bosanskom-jeziku-u-sandzaku\/\"]}]},{\"@type\":\"ImageObject\",\"inLanguage\":\"bs-BA\",\"@id\":\"https:\/\/sandzakpress.net\/arhiva\/bnv-obiljezava-dan-skolstva-na-bosanskom-jeziku-u-sandzaku\/#primaryimage\",\"url\":\"https:\/\/sandzakpress.net\/arhiva\/wp-content\/uploads\/2016\/02\/udzbenici-bosanskog-jezika-640x330.jpg\",\"contentUrl\":\"https:\/\/sandzakpress.net\/arhiva\/wp-content\/uploads\/2016\/02\/udzbenici-bosanskog-jezika-640x330.jpg\",\"width\":640,\"height\":330},{\"@type\":\"BreadcrumbList\",\"@id\":\"https:\/\/sandzakpress.net\/arhiva\/bnv-obiljezava-dan-skolstva-na-bosanskom-jeziku-u-sandzaku\/#breadcrumb\",\"itemListElement\":[{\"@type\":\"ListItem\",\"position\":1,\"name\":\"Home\",\"item\":\"https:\/\/sandzakpress.net\/arhiva\/\"},{\"@type\":\"ListItem\",\"position\":2,\"name\":\"BNV obilje\u017eava Dan \u0161kolstva na bosanskom jeziku u Sand\u017eaku\"}]},{\"@type\":\"WebSite\",\"@id\":\"https:\/\/sandzakpress.net\/arhiva\/#website\",\"url\":\"https:\/\/sandzakpress.net\/arhiva\/\",\"name\":\"Sand\u017eak PRESS\",\"description\":\"Prve elektronske novine u Sand\u017eaku\",\"publisher\":{\"@id\":\"https:\/\/sandzakpress.net\/arhiva\/#\/schema\/person\/6e72b67d6e51910a1117b3b483ba20bd\"},\"potentialAction\":[{\"@type\":\"SearchAction\",\"target\":{\"@type\":\"EntryPoint\",\"urlTemplate\":\"https:\/\/sandzakpress.net\/arhiva\/?s={search_term_string}\"},\"query-input\":{\"@type\":\"PropertyValueSpecification\",\"valueRequired\":true,\"valueName\":\"search_term_string\"}}],\"inLanguage\":\"bs-BA\"},{\"@type\":[\"Person\",\"Organization\"],\"@id\":\"https:\/\/sandzakpress.net\/arhiva\/#\/schema\/person\/6e72b67d6e51910a1117b3b483ba20bd\",\"name\":\"Kul\",\"image\":{\"@type\":\"ImageObject\",\"inLanguage\":\"bs-BA\",\"@id\":\"https:\/\/sandzakpress.net\/arhiva\/#\/schema\/person\/image\/\",\"url\":\"https:\/\/secure.gravatar.com\/avatar\/42263f39aa27ac04c43cab85c280eb2e?s=96&d=mm&r=pg\",\"contentUrl\":\"https:\/\/secure.gravatar.com\/avatar\/42263f39aa27ac04c43cab85c280eb2e?s=96&d=mm&r=pg\",\"caption\":\"Kul\"},\"logo\":{\"@id\":\"https:\/\/sandzakpress.net\/arhiva\/#\/schema\/person\/image\/\"}},{\"@type\":\"Person\",\"@id\":\"https:\/\/sandzakpress.net\/arhiva\/#\/schema\/person\/c8baee722073534b583ea7bdb2e36c02\",\"name\":\"bosniak\",\"image\":{\"@type\":\"ImageObject\",\"inLanguage\":\"bs-BA\",\"@id\":\"https:\/\/sandzakpress.net\/arhiva\/#\/schema\/person\/image\/\",\"url\":\"https:\/\/secure.gravatar.com\/avatar\/a04fd330bfe3a36a72a0ad4a6d89fca7?s=96&d=mm&r=pg\",\"contentUrl\":\"https:\/\/secure.gravatar.com\/avatar\/a04fd330bfe3a36a72a0ad4a6d89fca7?s=96&d=mm&r=pg\",\"caption\":\"bosniak\"},\"url\":\"https:\/\/sandzakpress.net\/arhiva\/author\/bosniak\/\"}]}<\/script>\n<!-- \/ Yoast SEO Premium plugin. -->","yoast_head_json":{"title":"BNV obilje\u017eava Dan \u0161kolstva na bosanskom jeziku u Sand\u017eaku","robots":{"index":"index","follow":"follow","max-snippet":"max-snippet:-1","max-image-preview":"max-image-preview:large","max-video-preview":"max-video-preview:-1"},"canonical":"https:\/\/sandzakpress.net\/arhiva\/bnv-obiljezava-dan-skolstva-na-bosanskom-jeziku-u-sandzaku\/","og_locale":"bs_BA","og_type":"article","og_title":"BNV obilje\u017eava Dan \u0161kolstva na bosanskom jeziku u Sand\u017eaku","og_description":"Novi Pazar &#8211; U Glavnom uredu Bo\u0161nja\u010dkog nacionalnog vije\u0107a u Novom Pazaru, 21. februara 2016. godine odr\u017eat \u0107e se programi stru\u010dnog usavr\u0161avanja nastavnika i odgajatelja. Javna tribina \u201cNastava na bosanskom jeziku-dosada\u0161nja iskustva i izazovi\u201d\u00a0za nastavnike razredne nastave, odgajatelje, nastavnike bosanskog jezika i knji\u017eevnosti, historije, muzi\u010dke i likovne kulture u osnovnim i srednjim \u0161kolama, po\u010dinje u [&hellip;]","og_url":"https:\/\/sandzakpress.net\/arhiva\/bnv-obiljezava-dan-skolstva-na-bosanskom-jeziku-u-sandzaku\/","og_site_name":"Sand\u017eak PRESS","article_published_time":"2016-02-19T13:26:14+00:00","article_modified_time":"2016-02-19T14:14:18+00:00","og_image":[{"width":640,"height":330,"url":"https:\/\/sandzakpress.net\/arhiva\/wp-content\/uploads\/2016\/02\/udzbenici-bosanskog-jezika-640x330.jpg","type":"image\/jpeg"}],"author":"bosniak","twitter_card":"summary_large_image","twitter_misc":{"Written by":"bosniak","Est. reading time":"1 minuta"},"schema":{"@context":"https:\/\/schema.org","@graph":[{"@type":"Article","@id":"https:\/\/sandzakpress.net\/arhiva\/bnv-obiljezava-dan-skolstva-na-bosanskom-jeziku-u-sandzaku\/#article","isPartOf":{"@id":"https:\/\/sandzakpress.net\/arhiva\/bnv-obiljezava-dan-skolstva-na-bosanskom-jeziku-u-sandzaku\/"},"author":{"name":"bosniak","@id":"https:\/\/sandzakpress.net\/arhiva\/#\/schema\/person\/c8baee722073534b583ea7bdb2e36c02"},"headline":"BNV obilje\u017eava Dan \u0161kolstva na bosanskom jeziku u Sand\u017eaku","datePublished":"2016-02-19T13:26:14+00:00","dateModified":"2016-02-19T14:14:18+00:00","mainEntityOfPage":{"@id":"https:\/\/sandzakpress.net\/arhiva\/bnv-obiljezava-dan-skolstva-na-bosanskom-jeziku-u-sandzaku\/"},"wordCount":127,"commentCount":0,"publisher":{"@id":"https:\/\/sandzakpress.net\/arhiva\/#\/schema\/person\/6e72b67d6e51910a1117b3b483ba20bd"},"image":{"@id":"https:\/\/sandzakpress.net\/arhiva\/bnv-obiljezava-dan-skolstva-na-bosanskom-jeziku-u-sandzaku\/#primaryimage"},"thumbnailUrl":"https:\/\/sandzakpress.net\/arhiva\/wp-content\/uploads\/2016\/02\/udzbenici-bosanskog-jezika-640x330.jpg","articleSection":["Novi Pazar","Obrazovanje","VIJESTI DANA"],"inLanguage":"bs-BA","potentialAction":[{"@type":"CommentAction","name":"Comment","target":["https:\/\/sandzakpress.net\/arhiva\/bnv-obiljezava-dan-skolstva-na-bosanskom-jeziku-u-sandzaku\/#respond"]}]},{"@type":"WebPage","@id":"https:\/\/sandzakpress.net\/arhiva\/bnv-obiljezava-dan-skolstva-na-bosanskom-jeziku-u-sandzaku\/","url":"https:\/\/sandzakpress.net\/arhiva\/bnv-obiljezava-dan-skolstva-na-bosanskom-jeziku-u-sandzaku\/","name":"BNV obilje\u017eava Dan \u0161kolstva na bosanskom jeziku u Sand\u017eaku","isPartOf":{"@id":"https:\/\/sandzakpress.net\/arhiva\/#website"},"primaryImageOfPage":{"@id":"https:\/\/sandzakpress.net\/arhiva\/bnv-obiljezava-dan-skolstva-na-bosanskom-jeziku-u-sandzaku\/#primaryimage"},"image":{"@id":"https:\/\/sandzakpress.net\/arhiva\/bnv-obiljezava-dan-skolstva-na-bosanskom-jeziku-u-sandzaku\/#primaryimage"},"thumbnailUrl":"https:\/\/sandzakpress.net\/arhiva\/wp-content\/uploads\/2016\/02\/udzbenici-bosanskog-jezika-640x330.jpg","datePublished":"2016-02-19T13:26:14+00:00","dateModified":"2016-02-19T14:14:18+00:00","breadcrumb":{"@id":"https:\/\/sandzakpress.net\/arhiva\/bnv-obiljezava-dan-skolstva-na-bosanskom-jeziku-u-sandzaku\/#breadcrumb"},"inLanguage":"bs-BA","potentialAction":[{"@type":"ReadAction","target":["https:\/\/sandzakpress.net\/arhiva\/bnv-obiljezava-dan-skolstva-na-bosanskom-jeziku-u-sandzaku\/"]}]},{"@type":"ImageObject","inLanguage":"bs-BA","@id":"https:\/\/sandzakpress.net\/arhiva\/bnv-obiljezava-dan-skolstva-na-bosanskom-jeziku-u-sandzaku\/#primaryimage","url":"https:\/\/sandzakpress.net\/arhiva\/wp-content\/uploads\/2016\/02\/udzbenici-bosanskog-jezika-640x330.jpg","contentUrl":"https:\/\/sandzakpress.net\/arhiva\/wp-content\/uploads\/2016\/02\/udzbenici-bosanskog-jezika-640x330.jpg","width":640,"height":330},{"@type":"BreadcrumbList","@id":"https:\/\/sandzakpress.net\/arhiva\/bnv-obiljezava-dan-skolstva-na-bosanskom-jeziku-u-sandzaku\/#breadcrumb","itemListElement":[{"@type":"ListItem","position":1,"name":"Home","item":"https:\/\/sandzakpress.net\/arhiva\/"},{"@type":"ListItem","position":2,"name":"BNV obilje\u017eava Dan \u0161kolstva na bosanskom jeziku u Sand\u017eaku"}]},{"@type":"WebSite","@id":"https:\/\/sandzakpress.net\/arhiva\/#website","url":"https:\/\/sandzakpress.net\/arhiva\/","name":"Sand\u017eak PRESS","description":"Prve elektronske novine u Sand\u017eaku","publisher":{"@id":"https:\/\/sandzakpress.net\/arhiva\/#\/schema\/person\/6e72b67d6e51910a1117b3b483ba20bd"},"potentialAction":[{"@type":"SearchAction","target":{"@type":"EntryPoint","urlTemplate":"https:\/\/sandzakpress.net\/arhiva\/?s={search_term_string}"},"query-input":{"@type":"PropertyValueSpecification","valueRequired":true,"valueName":"search_term_string"}}],"inLanguage":"bs-BA"},{"@type":["Person","Organization"],"@id":"https:\/\/sandzakpress.net\/arhiva\/#\/schema\/person\/6e72b67d6e51910a1117b3b483ba20bd","name":"Kul","image":{"@type":"ImageObject","inLanguage":"bs-BA","@id":"https:\/\/sandzakpress.net\/arhiva\/#\/schema\/person\/image\/","url":"https:\/\/secure.gravatar.com\/avatar\/42263f39aa27ac04c43cab85c280eb2e?s=96&d=mm&r=pg","contentUrl":"https:\/\/secure.gravatar.com\/avatar\/42263f39aa27ac04c43cab85c280eb2e?s=96&d=mm&r=pg","caption":"Kul"},"logo":{"@id":"https:\/\/sandzakpress.net\/arhiva\/#\/schema\/person\/image\/"}},{"@type":"Person","@id":"https:\/\/sandzakpress.net\/arhiva\/#\/schema\/person\/c8baee722073534b583ea7bdb2e36c02","name":"bosniak","image":{"@type":"ImageObject","inLanguage":"bs-BA","@id":"https:\/\/sandzakpress.net\/arhiva\/#\/schema\/person\/image\/","url":"https:\/\/secure.gravatar.com\/avatar\/a04fd330bfe3a36a72a0ad4a6d89fca7?s=96&d=mm&r=pg","contentUrl":"https:\/\/secure.gravatar.com\/avatar\/a04fd330bfe3a36a72a0ad4a6d89fca7?s=96&d=mm&r=pg","caption":"bosniak"},"url":"https:\/\/sandzakpress.net\/arhiva\/author\/bosniak\/"}]}},"_links":{"self":[{"href":"https:\/\/sandzakpress.net\/arhiva\/wp-json\/wp\/v2\/posts\/155124"}],"collection":[{"href":"https:\/\/sandzakpress.net\/arhiva\/wp-json\/wp\/v2\/posts"}],"about":[{"href":"https:\/\/sandzakpress.net\/arhiva\/wp-json\/wp\/v2\/types\/post"}],"author":[{"embeddable":true,"href":"https:\/\/sandzakpress.net\/arhiva\/wp-json\/wp\/v2\/users\/83"}],"replies":[{"embeddable":true,"href":"https:\/\/sandzakpress.net\/arhiva\/wp-json\/wp\/v2\/comments?post=155124"}],"version-history":[{"count":0,"href":"https:\/\/sandzakpress.net\/arhiva\/wp-json\/wp\/v2\/posts\/155124\/revisions"}],"wp:featuredmedia":[{"embeddable":true,"href":"https:\/\/sandzakpress.net\/arhiva\/wp-json\/wp\/v2\/media\/155135"}],"wp:attachment":[{"href":"https:\/\/sandzakpress.net\/arhiva\/wp-json\/wp\/v2\/media?parent=155124"}],"wp:term":[{"taxonomy":"category","embeddable":true,"href":"https:\/\/sandzakpress.net\/arhiva\/wp-json\/wp\/v2\/categories?post=155124"},{"taxonomy":"post_tag","embeddable":true,"href":"https:\/\/sandzakpress.net\/arhiva\/wp-json\/wp\/v2\/tags?post=155124"}],"curies":[{"name":"wp","href":"https:\/\/api.w.org\/{rel}","templated":true}]}}