{"id":154951,"date":"2016-02-17T12:59:30","date_gmt":"2016-02-17T11:59:30","guid":{"rendered":"https:\/\/sandzakpress.net\/arhiva\/?p=154951"},"modified":"2016-02-17T12:59:30","modified_gmt":"2016-02-17T11:59:30","slug":"citaoci-salju-zalutao-medvjed-na-putu-plav-gusinje","status":"publish","type":"post","link":"https:\/\/sandzakpress.net\/arhiva\/citaoci-salju-zalutao-medvjed-na-putu-plav-gusinje\/","title":{"rendered":"\u010citaoci \u0161alju: Zalutao: Medvjed na putu Plav-Gusinje"},"content":{"rendered":"<p><img decoding=\"async\" src=\"http:\/\/www.img2.cdm.me\/sites\/cdm.bild-studio.me\/files\/styles\/301x227\/public\/multimedia\/foto\/2016\/02\/16\/12744609_558512497645544_7463235961898683260_n.jpg\" alt=\"\" \/><\/p>\n<p><strong>Gusinje &#8211; Nesvakida\u0161nji prizor na putu Plav-Gusinje uspio je da fotografijom zabilje\u017ei mje\u0161tatin koji se slu\u010dajno zadesio na ovoj dionici i ugledao medvjeda koji je o\u010digledno zalutao iz svoje jame.<\/strong><\/p>\n<p>Mje\u0161tatin je ovu fotografiju podijelio na dru\u0161tvenim mre\u017eama, a medvjeda je slika prije nedjelju dana.\u00a0<\/p>\n<p>S obzirom da kru\u017ei legenda da kada medvjedi iza\u0111u iz jame, kraj zime se bli\u017ei, ovaj medvjed iz plavko-gusinjskog kraja je naslutio lijepo vrijeme i prolje\u0107e u februaru koje nas o\u010dekuje i narednih dana.\u00a0<\/p>\n<p>(Cdm)<\/p>\n","protected":false},"excerpt":{"rendered":"<p>Gusinje &#8211; Nesvakida\u0161nji prizor na putu Plav-Gusinje uspio je da fotografijom zabilje\u017ei mje\u0161tatin koji se slu\u010dajno zadesio na ovoj dionici i ugledao medvjeda koji je o\u010digledno zalutao iz svoje jame. Mje\u0161tatin je ovu fotografiju podijelio na dru\u0161tvenim mre\u017eama, a medvjeda je slika prije nedjelju dana.\u00a0 S obzirom da kru\u017ei legenda da kada medvjedi iza\u0111u iz [&hellip;]<\/p>\n","protected":false},"author":83,"featured_media":154965,"comment_status":"open","ping_status":"open","sticky":false,"template":"","format":"standard","meta":{"footnotes":""},"categories":[2695,10173],"tags":[],"class_list":{"0":"post-154951","1":"post","2":"type-post","3":"status-publish","4":"format-standard","5":"has-post-thumbnail","7":"category-zanimljivo","8":"category-gusinje-vase-vijesti"},"yoast_head":"<!-- This site is optimized with the Yoast SEO Premium plugin v23.1 (Yoast SEO v24.9) - https:\/\/yoast.com\/wordpress\/plugins\/seo\/ -->\n<title>\u010citaoci \u0161alju: Zalutao: Medvjed na putu Plav-Gusinje<\/title>\n<meta name=\"robots\" content=\"index, follow, max-snippet:-1, max-image-preview:large, max-video-preview:-1\" \/>\n<link rel=\"canonical\" href=\"https:\/\/sandzakpress.net\/arhiva\/citaoci-salju-zalutao-medvjed-na-putu-plav-gusinje\/\" \/>\n<meta property=\"og:locale\" content=\"bs_BA\" \/>\n<meta property=\"og:type\" content=\"article\" \/>\n<meta property=\"og:title\" content=\"\u010citaoci \u0161alju: Zalutao: Medvjed na putu Plav-Gusinje\" \/>\n<meta property=\"og:description\" content=\"Gusinje &#8211; Nesvakida\u0161nji prizor na putu Plav-Gusinje uspio je da fotografijom zabilje\u017ei mje\u0161tatin koji se slu\u010dajno zadesio na ovoj dionici i ugledao medvjeda koji je o\u010digledno zalutao iz svoje jame. Mje\u0161tatin je ovu fotografiju podijelio na dru\u0161tvenim mre\u017eama, a medvjeda je slika prije nedjelju dana.\u00a0 S obzirom da kru\u017ei legenda da kada medvjedi iza\u0111u iz [&hellip;]\" \/>\n<meta property=\"og:url\" content=\"https:\/\/sandzakpress.net\/arhiva\/citaoci-salju-zalutao-medvjed-na-putu-plav-gusinje\/\" \/>\n<meta property=\"og:site_name\" content=\"Sand\u017eak PRESS\" \/>\n<meta property=\"article:published_time\" content=\"2016-02-17T11:59:30+00:00\" \/>\n<meta property=\"og:image\" content=\"https:\/\/sandzakpress.net\/arhiva\/wp-content\/uploads\/2016\/02\/12744609_558512497645544_7463235961898683260_n.jpg\" \/>\n\t<meta property=\"og:image:width\" content=\"573\" \/>\n\t<meta property=\"og:image:height\" content=\"580\" \/>\n\t<meta property=\"og:image:type\" content=\"image\/jpeg\" \/>\n<meta name=\"author\" content=\"bosniak\" \/>\n<meta name=\"twitter:card\" content=\"summary_large_image\" \/>\n<meta name=\"twitter:label1\" content=\"Written by\" \/>\n\t<meta name=\"twitter:data1\" content=\"bosniak\" \/>\n<script type=\"application\/ld+json\" class=\"yoast-schema-graph\">{\"@context\":\"https:\/\/schema.org\",\"@graph\":[{\"@type\":\"Article\",\"@id\":\"https:\/\/sandzakpress.net\/arhiva\/citaoci-salju-zalutao-medvjed-na-putu-plav-gusinje\/#article\",\"isPartOf\":{\"@id\":\"https:\/\/sandzakpress.net\/arhiva\/citaoci-salju-zalutao-medvjed-na-putu-plav-gusinje\/\"},\"author\":{\"name\":\"bosniak\",\"@id\":\"https:\/\/sandzakpress.net\/arhiva\/#\/schema\/person\/c8baee722073534b583ea7bdb2e36c02\"},\"headline\":\"\u010citaoci \u0161alju: Zalutao: Medvjed na putu Plav-Gusinje\",\"datePublished\":\"2016-02-17T11:59:30+00:00\",\"mainEntityOfPage\":{\"@id\":\"https:\/\/sandzakpress.net\/arhiva\/citaoci-salju-zalutao-medvjed-na-putu-plav-gusinje\/\"},\"wordCount\":100,\"commentCount\":16,\"publisher\":{\"@id\":\"https:\/\/sandzakpress.net\/arhiva\/#\/schema\/person\/6e72b67d6e51910a1117b3b483ba20bd\"},\"image\":{\"@id\":\"https:\/\/sandzakpress.net\/arhiva\/citaoci-salju-zalutao-medvjed-na-putu-plav-gusinje\/#primaryimage\"},\"thumbnailUrl\":\"https:\/\/sandzakpress.net\/arhiva\/wp-content\/uploads\/2016\/02\/12744609_558512497645544_7463235961898683260_n.jpg\",\"articleSection\":[\"Zanimljivo\",\"Gusinje\"],\"inLanguage\":\"bs-BA\",\"potentialAction\":[{\"@type\":\"CommentAction\",\"name\":\"Comment\",\"target\":[\"https:\/\/sandzakpress.net\/arhiva\/citaoci-salju-zalutao-medvjed-na-putu-plav-gusinje\/#respond\"]}]},{\"@type\":\"WebPage\",\"@id\":\"https:\/\/sandzakpress.net\/arhiva\/citaoci-salju-zalutao-medvjed-na-putu-plav-gusinje\/\",\"url\":\"https:\/\/sandzakpress.net\/arhiva\/citaoci-salju-zalutao-medvjed-na-putu-plav-gusinje\/\",\"name\":\"\u010citaoci \u0161alju: Zalutao: Medvjed na putu Plav-Gusinje\",\"isPartOf\":{\"@id\":\"https:\/\/sandzakpress.net\/arhiva\/#website\"},\"primaryImageOfPage\":{\"@id\":\"https:\/\/sandzakpress.net\/arhiva\/citaoci-salju-zalutao-medvjed-na-putu-plav-gusinje\/#primaryimage\"},\"image\":{\"@id\":\"https:\/\/sandzakpress.net\/arhiva\/citaoci-salju-zalutao-medvjed-na-putu-plav-gusinje\/#primaryimage\"},\"thumbnailUrl\":\"https:\/\/sandzakpress.net\/arhiva\/wp-content\/uploads\/2016\/02\/12744609_558512497645544_7463235961898683260_n.jpg\",\"datePublished\":\"2016-02-17T11:59:30+00:00\",\"breadcrumb\":{\"@id\":\"https:\/\/sandzakpress.net\/arhiva\/citaoci-salju-zalutao-medvjed-na-putu-plav-gusinje\/#breadcrumb\"},\"inLanguage\":\"bs-BA\",\"potentialAction\":[{\"@type\":\"ReadAction\",\"target\":[\"https:\/\/sandzakpress.net\/arhiva\/citaoci-salju-zalutao-medvjed-na-putu-plav-gusinje\/\"]}]},{\"@type\":\"ImageObject\",\"inLanguage\":\"bs-BA\",\"@id\":\"https:\/\/sandzakpress.net\/arhiva\/citaoci-salju-zalutao-medvjed-na-putu-plav-gusinje\/#primaryimage\",\"url\":\"https:\/\/sandzakpress.net\/arhiva\/wp-content\/uploads\/2016\/02\/12744609_558512497645544_7463235961898683260_n.jpg\",\"contentUrl\":\"https:\/\/sandzakpress.net\/arhiva\/wp-content\/uploads\/2016\/02\/12744609_558512497645544_7463235961898683260_n.jpg\",\"width\":573,\"height\":580},{\"@type\":\"BreadcrumbList\",\"@id\":\"https:\/\/sandzakpress.net\/arhiva\/citaoci-salju-zalutao-medvjed-na-putu-plav-gusinje\/#breadcrumb\",\"itemListElement\":[{\"@type\":\"ListItem\",\"position\":1,\"name\":\"Home\",\"item\":\"https:\/\/sandzakpress.net\/arhiva\/\"},{\"@type\":\"ListItem\",\"position\":2,\"name\":\"\u010citaoci \u0161alju: Zalutao: Medvjed na putu Plav-Gusinje\"}]},{\"@type\":\"WebSite\",\"@id\":\"https:\/\/sandzakpress.net\/arhiva\/#website\",\"url\":\"https:\/\/sandzakpress.net\/arhiva\/\",\"name\":\"Sand\u017eak PRESS\",\"description\":\"Prve elektronske novine u Sand\u017eaku\",\"publisher\":{\"@id\":\"https:\/\/sandzakpress.net\/arhiva\/#\/schema\/person\/6e72b67d6e51910a1117b3b483ba20bd\"},\"potentialAction\":[{\"@type\":\"SearchAction\",\"target\":{\"@type\":\"EntryPoint\",\"urlTemplate\":\"https:\/\/sandzakpress.net\/arhiva\/?s={search_term_string}\"},\"query-input\":{\"@type\":\"PropertyValueSpecification\",\"valueRequired\":true,\"valueName\":\"search_term_string\"}}],\"inLanguage\":\"bs-BA\"},{\"@type\":[\"Person\",\"Organization\"],\"@id\":\"https:\/\/sandzakpress.net\/arhiva\/#\/schema\/person\/6e72b67d6e51910a1117b3b483ba20bd\",\"name\":\"Kul\",\"image\":{\"@type\":\"ImageObject\",\"inLanguage\":\"bs-BA\",\"@id\":\"https:\/\/sandzakpress.net\/arhiva\/#\/schema\/person\/image\/\",\"url\":\"https:\/\/secure.gravatar.com\/avatar\/42263f39aa27ac04c43cab85c280eb2e?s=96&d=mm&r=pg\",\"contentUrl\":\"https:\/\/secure.gravatar.com\/avatar\/42263f39aa27ac04c43cab85c280eb2e?s=96&d=mm&r=pg\",\"caption\":\"Kul\"},\"logo\":{\"@id\":\"https:\/\/sandzakpress.net\/arhiva\/#\/schema\/person\/image\/\"}},{\"@type\":\"Person\",\"@id\":\"https:\/\/sandzakpress.net\/arhiva\/#\/schema\/person\/c8baee722073534b583ea7bdb2e36c02\",\"name\":\"bosniak\",\"image\":{\"@type\":\"ImageObject\",\"inLanguage\":\"bs-BA\",\"@id\":\"https:\/\/sandzakpress.net\/arhiva\/#\/schema\/person\/image\/\",\"url\":\"https:\/\/secure.gravatar.com\/avatar\/a04fd330bfe3a36a72a0ad4a6d89fca7?s=96&d=mm&r=pg\",\"contentUrl\":\"https:\/\/secure.gravatar.com\/avatar\/a04fd330bfe3a36a72a0ad4a6d89fca7?s=96&d=mm&r=pg\",\"caption\":\"bosniak\"},\"url\":\"https:\/\/sandzakpress.net\/arhiva\/author\/bosniak\/\"}]}<\/script>\n<!-- \/ Yoast SEO Premium plugin. -->","yoast_head_json":{"title":"\u010citaoci \u0161alju: Zalutao: Medvjed na putu Plav-Gusinje","robots":{"index":"index","follow":"follow","max-snippet":"max-snippet:-1","max-image-preview":"max-image-preview:large","max-video-preview":"max-video-preview:-1"},"canonical":"https:\/\/sandzakpress.net\/arhiva\/citaoci-salju-zalutao-medvjed-na-putu-plav-gusinje\/","og_locale":"bs_BA","og_type":"article","og_title":"\u010citaoci \u0161alju: Zalutao: Medvjed na putu Plav-Gusinje","og_description":"Gusinje &#8211; Nesvakida\u0161nji prizor na putu Plav-Gusinje uspio je da fotografijom zabilje\u017ei mje\u0161tatin koji se slu\u010dajno zadesio na ovoj dionici i ugledao medvjeda koji je o\u010digledno zalutao iz svoje jame. Mje\u0161tatin je ovu fotografiju podijelio na dru\u0161tvenim mre\u017eama, a medvjeda je slika prije nedjelju dana.\u00a0 S obzirom da kru\u017ei legenda da kada medvjedi iza\u0111u iz [&hellip;]","og_url":"https:\/\/sandzakpress.net\/arhiva\/citaoci-salju-zalutao-medvjed-na-putu-plav-gusinje\/","og_site_name":"Sand\u017eak PRESS","article_published_time":"2016-02-17T11:59:30+00:00","og_image":[{"width":573,"height":580,"url":"https:\/\/sandzakpress.net\/arhiva\/wp-content\/uploads\/2016\/02\/12744609_558512497645544_7463235961898683260_n.jpg","type":"image\/jpeg"}],"author":"bosniak","twitter_card":"summary_large_image","twitter_misc":{"Written by":"bosniak"},"schema":{"@context":"https:\/\/schema.org","@graph":[{"@type":"Article","@id":"https:\/\/sandzakpress.net\/arhiva\/citaoci-salju-zalutao-medvjed-na-putu-plav-gusinje\/#article","isPartOf":{"@id":"https:\/\/sandzakpress.net\/arhiva\/citaoci-salju-zalutao-medvjed-na-putu-plav-gusinje\/"},"author":{"name":"bosniak","@id":"https:\/\/sandzakpress.net\/arhiva\/#\/schema\/person\/c8baee722073534b583ea7bdb2e36c02"},"headline":"\u010citaoci \u0161alju: Zalutao: Medvjed na putu Plav-Gusinje","datePublished":"2016-02-17T11:59:30+00:00","mainEntityOfPage":{"@id":"https:\/\/sandzakpress.net\/arhiva\/citaoci-salju-zalutao-medvjed-na-putu-plav-gusinje\/"},"wordCount":100,"commentCount":16,"publisher":{"@id":"https:\/\/sandzakpress.net\/arhiva\/#\/schema\/person\/6e72b67d6e51910a1117b3b483ba20bd"},"image":{"@id":"https:\/\/sandzakpress.net\/arhiva\/citaoci-salju-zalutao-medvjed-na-putu-plav-gusinje\/#primaryimage"},"thumbnailUrl":"https:\/\/sandzakpress.net\/arhiva\/wp-content\/uploads\/2016\/02\/12744609_558512497645544_7463235961898683260_n.jpg","articleSection":["Zanimljivo","Gusinje"],"inLanguage":"bs-BA","potentialAction":[{"@type":"CommentAction","name":"Comment","target":["https:\/\/sandzakpress.net\/arhiva\/citaoci-salju-zalutao-medvjed-na-putu-plav-gusinje\/#respond"]}]},{"@type":"WebPage","@id":"https:\/\/sandzakpress.net\/arhiva\/citaoci-salju-zalutao-medvjed-na-putu-plav-gusinje\/","url":"https:\/\/sandzakpress.net\/arhiva\/citaoci-salju-zalutao-medvjed-na-putu-plav-gusinje\/","name":"\u010citaoci \u0161alju: Zalutao: Medvjed na putu Plav-Gusinje","isPartOf":{"@id":"https:\/\/sandzakpress.net\/arhiva\/#website"},"primaryImageOfPage":{"@id":"https:\/\/sandzakpress.net\/arhiva\/citaoci-salju-zalutao-medvjed-na-putu-plav-gusinje\/#primaryimage"},"image":{"@id":"https:\/\/sandzakpress.net\/arhiva\/citaoci-salju-zalutao-medvjed-na-putu-plav-gusinje\/#primaryimage"},"thumbnailUrl":"https:\/\/sandzakpress.net\/arhiva\/wp-content\/uploads\/2016\/02\/12744609_558512497645544_7463235961898683260_n.jpg","datePublished":"2016-02-17T11:59:30+00:00","breadcrumb":{"@id":"https:\/\/sandzakpress.net\/arhiva\/citaoci-salju-zalutao-medvjed-na-putu-plav-gusinje\/#breadcrumb"},"inLanguage":"bs-BA","potentialAction":[{"@type":"ReadAction","target":["https:\/\/sandzakpress.net\/arhiva\/citaoci-salju-zalutao-medvjed-na-putu-plav-gusinje\/"]}]},{"@type":"ImageObject","inLanguage":"bs-BA","@id":"https:\/\/sandzakpress.net\/arhiva\/citaoci-salju-zalutao-medvjed-na-putu-plav-gusinje\/#primaryimage","url":"https:\/\/sandzakpress.net\/arhiva\/wp-content\/uploads\/2016\/02\/12744609_558512497645544_7463235961898683260_n.jpg","contentUrl":"https:\/\/sandzakpress.net\/arhiva\/wp-content\/uploads\/2016\/02\/12744609_558512497645544_7463235961898683260_n.jpg","width":573,"height":580},{"@type":"BreadcrumbList","@id":"https:\/\/sandzakpress.net\/arhiva\/citaoci-salju-zalutao-medvjed-na-putu-plav-gusinje\/#breadcrumb","itemListElement":[{"@type":"ListItem","position":1,"name":"Home","item":"https:\/\/sandzakpress.net\/arhiva\/"},{"@type":"ListItem","position":2,"name":"\u010citaoci \u0161alju: Zalutao: Medvjed na putu Plav-Gusinje"}]},{"@type":"WebSite","@id":"https:\/\/sandzakpress.net\/arhiva\/#website","url":"https:\/\/sandzakpress.net\/arhiva\/","name":"Sand\u017eak PRESS","description":"Prve elektronske novine u Sand\u017eaku","publisher":{"@id":"https:\/\/sandzakpress.net\/arhiva\/#\/schema\/person\/6e72b67d6e51910a1117b3b483ba20bd"},"potentialAction":[{"@type":"SearchAction","target":{"@type":"EntryPoint","urlTemplate":"https:\/\/sandzakpress.net\/arhiva\/?s={search_term_string}"},"query-input":{"@type":"PropertyValueSpecification","valueRequired":true,"valueName":"search_term_string"}}],"inLanguage":"bs-BA"},{"@type":["Person","Organization"],"@id":"https:\/\/sandzakpress.net\/arhiva\/#\/schema\/person\/6e72b67d6e51910a1117b3b483ba20bd","name":"Kul","image":{"@type":"ImageObject","inLanguage":"bs-BA","@id":"https:\/\/sandzakpress.net\/arhiva\/#\/schema\/person\/image\/","url":"https:\/\/secure.gravatar.com\/avatar\/42263f39aa27ac04c43cab85c280eb2e?s=96&d=mm&r=pg","contentUrl":"https:\/\/secure.gravatar.com\/avatar\/42263f39aa27ac04c43cab85c280eb2e?s=96&d=mm&r=pg","caption":"Kul"},"logo":{"@id":"https:\/\/sandzakpress.net\/arhiva\/#\/schema\/person\/image\/"}},{"@type":"Person","@id":"https:\/\/sandzakpress.net\/arhiva\/#\/schema\/person\/c8baee722073534b583ea7bdb2e36c02","name":"bosniak","image":{"@type":"ImageObject","inLanguage":"bs-BA","@id":"https:\/\/sandzakpress.net\/arhiva\/#\/schema\/person\/image\/","url":"https:\/\/secure.gravatar.com\/avatar\/a04fd330bfe3a36a72a0ad4a6d89fca7?s=96&d=mm&r=pg","contentUrl":"https:\/\/secure.gravatar.com\/avatar\/a04fd330bfe3a36a72a0ad4a6d89fca7?s=96&d=mm&r=pg","caption":"bosniak"},"url":"https:\/\/sandzakpress.net\/arhiva\/author\/bosniak\/"}]}},"_links":{"self":[{"href":"https:\/\/sandzakpress.net\/arhiva\/wp-json\/wp\/v2\/posts\/154951"}],"collection":[{"href":"https:\/\/sandzakpress.net\/arhiva\/wp-json\/wp\/v2\/posts"}],"about":[{"href":"https:\/\/sandzakpress.net\/arhiva\/wp-json\/wp\/v2\/types\/post"}],"author":[{"embeddable":true,"href":"https:\/\/sandzakpress.net\/arhiva\/wp-json\/wp\/v2\/users\/83"}],"replies":[{"embeddable":true,"href":"https:\/\/sandzakpress.net\/arhiva\/wp-json\/wp\/v2\/comments?post=154951"}],"version-history":[{"count":0,"href":"https:\/\/sandzakpress.net\/arhiva\/wp-json\/wp\/v2\/posts\/154951\/revisions"}],"wp:featuredmedia":[{"embeddable":true,"href":"https:\/\/sandzakpress.net\/arhiva\/wp-json\/wp\/v2\/media\/154965"}],"wp:attachment":[{"href":"https:\/\/sandzakpress.net\/arhiva\/wp-json\/wp\/v2\/media?parent=154951"}],"wp:term":[{"taxonomy":"category","embeddable":true,"href":"https:\/\/sandzakpress.net\/arhiva\/wp-json\/wp\/v2\/categories?post=154951"},{"taxonomy":"post_tag","embeddable":true,"href":"https:\/\/sandzakpress.net\/arhiva\/wp-json\/wp\/v2\/tags?post=154951"}],"curies":[{"name":"wp","href":"https:\/\/api.w.org\/{rel}","templated":true}]}}