{"id":154871,"date":"2016-02-16T14:23:49","date_gmt":"2016-02-16T13:23:49","guid":{"rendered":"https:\/\/sandzakpress.net\/arhiva\/?p=154871"},"modified":"2016-02-16T14:23:49","modified_gmt":"2016-02-16T13:23:49","slug":"zbog-padavina-voda-u-beranama-nije-za-pice","status":"publish","type":"post","link":"https:\/\/sandzakpress.net\/arhiva\/zbog-padavina-voda-u-beranama-nije-za-pice\/","title":{"rendered":"Zbog padavina: Voda u Beranama nije za pi\u0107e"},"content":{"rendered":"<div class=\"short-text\"><img decoding=\"async\" src=\"http:\/\/www.img2.cdm.me\/sites\/cdm.bild-studio.me\/files\/styles\/301x227\/public\/multimedia\/foto\/2016\/02\/15\/prijepolje-voda-u-brodarevu-i-dalje-neispravna-za-pice-1191542-velika.jpg\" alt=\"\" \/><\/div>\n<div class=\"short-text\">\u00a0<\/div>\n<div class=\"short-text\"><strong>Berane &#8211; Iz DOO Vodovod i kanalizacija u Beranama saop\u0161tili su da je voda neispravna uslijed zamu\u0107enja uzrokovanog padavinama.<\/strong><\/div>\n<div class=\"long-text\">\n<div class=\"body-text\">\n<p>Gra\u0111ani se savjetuju da vodu sa \u010desme prokuvaju prije upotrebe.<\/p>\n<p>&#8220;Stru\u010dne slu\u017ebe Preduze\u0107a svaki sat vr\u0161e mjerenje mutno\u0107e i javnost \u0107e biti blagovremeno obavije\u0161tena o ponovnoj upotrebi vode za pi\u0107e\u201d, navodi se u saop\u0161tenju Vodovoda i kanalizacijed.<\/p>\n<p>(Cdm)<\/p>\n<\/div>\n<\/div>\n","protected":false},"excerpt":{"rendered":"<p>\u00a0 Berane &#8211; Iz DOO Vodovod i kanalizacija u Beranama saop\u0161tili su da je voda neispravna uslijed zamu\u0107enja uzrokovanog padavinama. Gra\u0111ani se savjetuju da vodu sa \u010desme prokuvaju prije upotrebe. &#8220;Stru\u010dne slu\u017ebe Preduze\u0107a svaki sat vr\u0161e mjerenje mutno\u0107e i javnost \u0107e biti blagovremeno obavije\u0161tena o ponovnoj upotrebi vode za pi\u0107e\u201d, navodi se u saop\u0161tenju Vodovoda [&hellip;]<\/p>\n","protected":false},"author":83,"featured_media":154881,"comment_status":"open","ping_status":"open","sticky":false,"template":"","format":"standard","meta":{"footnotes":""},"categories":[397,3],"tags":[],"class_list":{"0":"post-154871","1":"post","2":"type-post","3":"status-publish","4":"format-standard","5":"has-post-thumbnail","7":"category-berane","8":"category-privreda"},"yoast_head":"<!-- This site is optimized with the Yoast SEO Premium plugin v23.1 (Yoast SEO v24.9) - https:\/\/yoast.com\/wordpress\/plugins\/seo\/ -->\n<title>Zbog padavina: Voda u Beranama nije za pi\u0107e<\/title>\n<meta name=\"robots\" content=\"index, follow, max-snippet:-1, max-image-preview:large, max-video-preview:-1\" \/>\n<link rel=\"canonical\" href=\"https:\/\/sandzakpress.net\/arhiva\/zbog-padavina-voda-u-beranama-nije-za-pice\/\" \/>\n<meta property=\"og:locale\" content=\"bs_BA\" \/>\n<meta property=\"og:type\" content=\"article\" \/>\n<meta property=\"og:title\" content=\"Zbog padavina: Voda u Beranama nije za pi\u0107e\" \/>\n<meta property=\"og:description\" content=\"\u00a0 Berane &#8211; Iz DOO Vodovod i kanalizacija u Beranama saop\u0161tili su da je voda neispravna uslijed zamu\u0107enja uzrokovanog padavinama. Gra\u0111ani se savjetuju da vodu sa \u010desme prokuvaju prije upotrebe. &#8220;Stru\u010dne slu\u017ebe Preduze\u0107a svaki sat vr\u0161e mjerenje mutno\u0107e i javnost \u0107e biti blagovremeno obavije\u0161tena o ponovnoj upotrebi vode za pi\u0107e\u201d, navodi se u saop\u0161tenju Vodovoda [&hellip;]\" \/>\n<meta property=\"og:url\" content=\"https:\/\/sandzakpress.net\/arhiva\/zbog-padavina-voda-u-beranama-nije-za-pice\/\" \/>\n<meta property=\"og:site_name\" content=\"Sand\u017eak PRESS\" \/>\n<meta property=\"article:published_time\" content=\"2016-02-16T13:23:49+00:00\" \/>\n<meta property=\"og:image\" content=\"https:\/\/sandzakpress.net\/arhiva\/wp-content\/uploads\/2016\/02\/prijepolje-voda-u-brodarevu-i-dalje-neispravna-za-pice-1191542-velika.jpg\" \/>\n\t<meta property=\"og:image:width\" content=\"573\" \/>\n\t<meta property=\"og:image:height\" content=\"375\" \/>\n\t<meta property=\"og:image:type\" content=\"image\/jpeg\" \/>\n<meta name=\"author\" content=\"bosniak\" \/>\n<meta name=\"twitter:card\" content=\"summary_large_image\" \/>\n<meta name=\"twitter:label1\" content=\"Written by\" \/>\n\t<meta name=\"twitter:data1\" content=\"bosniak\" \/>\n<script type=\"application\/ld+json\" class=\"yoast-schema-graph\">{\"@context\":\"https:\/\/schema.org\",\"@graph\":[{\"@type\":\"Article\",\"@id\":\"https:\/\/sandzakpress.net\/arhiva\/zbog-padavina-voda-u-beranama-nije-za-pice\/#article\",\"isPartOf\":{\"@id\":\"https:\/\/sandzakpress.net\/arhiva\/zbog-padavina-voda-u-beranama-nije-za-pice\/\"},\"author\":{\"name\":\"bosniak\",\"@id\":\"https:\/\/sandzakpress.net\/arhiva\/#\/schema\/person\/c8baee722073534b583ea7bdb2e36c02\"},\"headline\":\"Zbog padavina: Voda u Beranama nije za pi\u0107e\",\"datePublished\":\"2016-02-16T13:23:49+00:00\",\"mainEntityOfPage\":{\"@id\":\"https:\/\/sandzakpress.net\/arhiva\/zbog-padavina-voda-u-beranama-nije-za-pice\/\"},\"wordCount\":77,\"commentCount\":0,\"publisher\":{\"@id\":\"https:\/\/sandzakpress.net\/arhiva\/#\/schema\/person\/6e72b67d6e51910a1117b3b483ba20bd\"},\"image\":{\"@id\":\"https:\/\/sandzakpress.net\/arhiva\/zbog-padavina-voda-u-beranama-nije-za-pice\/#primaryimage\"},\"thumbnailUrl\":\"https:\/\/sandzakpress.net\/arhiva\/wp-content\/uploads\/2016\/02\/prijepolje-voda-u-brodarevu-i-dalje-neispravna-za-pice-1191542-velika.jpg\",\"articleSection\":[\"Berane\",\"Privreda\"],\"inLanguage\":\"bs-BA\",\"potentialAction\":[{\"@type\":\"CommentAction\",\"name\":\"Comment\",\"target\":[\"https:\/\/sandzakpress.net\/arhiva\/zbog-padavina-voda-u-beranama-nije-za-pice\/#respond\"]}]},{\"@type\":\"WebPage\",\"@id\":\"https:\/\/sandzakpress.net\/arhiva\/zbog-padavina-voda-u-beranama-nije-za-pice\/\",\"url\":\"https:\/\/sandzakpress.net\/arhiva\/zbog-padavina-voda-u-beranama-nije-za-pice\/\",\"name\":\"Zbog padavina: Voda u Beranama nije za pi\u0107e\",\"isPartOf\":{\"@id\":\"https:\/\/sandzakpress.net\/arhiva\/#website\"},\"primaryImageOfPage\":{\"@id\":\"https:\/\/sandzakpress.net\/arhiva\/zbog-padavina-voda-u-beranama-nije-za-pice\/#primaryimage\"},\"image\":{\"@id\":\"https:\/\/sandzakpress.net\/arhiva\/zbog-padavina-voda-u-beranama-nije-za-pice\/#primaryimage\"},\"thumbnailUrl\":\"https:\/\/sandzakpress.net\/arhiva\/wp-content\/uploads\/2016\/02\/prijepolje-voda-u-brodarevu-i-dalje-neispravna-za-pice-1191542-velika.jpg\",\"datePublished\":\"2016-02-16T13:23:49+00:00\",\"breadcrumb\":{\"@id\":\"https:\/\/sandzakpress.net\/arhiva\/zbog-padavina-voda-u-beranama-nije-za-pice\/#breadcrumb\"},\"inLanguage\":\"bs-BA\",\"potentialAction\":[{\"@type\":\"ReadAction\",\"target\":[\"https:\/\/sandzakpress.net\/arhiva\/zbog-padavina-voda-u-beranama-nije-za-pice\/\"]}]},{\"@type\":\"ImageObject\",\"inLanguage\":\"bs-BA\",\"@id\":\"https:\/\/sandzakpress.net\/arhiva\/zbog-padavina-voda-u-beranama-nije-za-pice\/#primaryimage\",\"url\":\"https:\/\/sandzakpress.net\/arhiva\/wp-content\/uploads\/2016\/02\/prijepolje-voda-u-brodarevu-i-dalje-neispravna-za-pice-1191542-velika.jpg\",\"contentUrl\":\"https:\/\/sandzakpress.net\/arhiva\/wp-content\/uploads\/2016\/02\/prijepolje-voda-u-brodarevu-i-dalje-neispravna-za-pice-1191542-velika.jpg\",\"width\":573,\"height\":375},{\"@type\":\"BreadcrumbList\",\"@id\":\"https:\/\/sandzakpress.net\/arhiva\/zbog-padavina-voda-u-beranama-nije-za-pice\/#breadcrumb\",\"itemListElement\":[{\"@type\":\"ListItem\",\"position\":1,\"name\":\"Home\",\"item\":\"https:\/\/sandzakpress.net\/arhiva\/\"},{\"@type\":\"ListItem\",\"position\":2,\"name\":\"Zbog padavina: Voda u Beranama nije za pi\u0107e\"}]},{\"@type\":\"WebSite\",\"@id\":\"https:\/\/sandzakpress.net\/arhiva\/#website\",\"url\":\"https:\/\/sandzakpress.net\/arhiva\/\",\"name\":\"Sand\u017eak PRESS\",\"description\":\"Prve elektronske novine u Sand\u017eaku\",\"publisher\":{\"@id\":\"https:\/\/sandzakpress.net\/arhiva\/#\/schema\/person\/6e72b67d6e51910a1117b3b483ba20bd\"},\"potentialAction\":[{\"@type\":\"SearchAction\",\"target\":{\"@type\":\"EntryPoint\",\"urlTemplate\":\"https:\/\/sandzakpress.net\/arhiva\/?s={search_term_string}\"},\"query-input\":{\"@type\":\"PropertyValueSpecification\",\"valueRequired\":true,\"valueName\":\"search_term_string\"}}],\"inLanguage\":\"bs-BA\"},{\"@type\":[\"Person\",\"Organization\"],\"@id\":\"https:\/\/sandzakpress.net\/arhiva\/#\/schema\/person\/6e72b67d6e51910a1117b3b483ba20bd\",\"name\":\"Kul\",\"image\":{\"@type\":\"ImageObject\",\"inLanguage\":\"bs-BA\",\"@id\":\"https:\/\/sandzakpress.net\/arhiva\/#\/schema\/person\/image\/\",\"url\":\"https:\/\/secure.gravatar.com\/avatar\/42263f39aa27ac04c43cab85c280eb2e?s=96&d=mm&r=pg\",\"contentUrl\":\"https:\/\/secure.gravatar.com\/avatar\/42263f39aa27ac04c43cab85c280eb2e?s=96&d=mm&r=pg\",\"caption\":\"Kul\"},\"logo\":{\"@id\":\"https:\/\/sandzakpress.net\/arhiva\/#\/schema\/person\/image\/\"}},{\"@type\":\"Person\",\"@id\":\"https:\/\/sandzakpress.net\/arhiva\/#\/schema\/person\/c8baee722073534b583ea7bdb2e36c02\",\"name\":\"bosniak\",\"image\":{\"@type\":\"ImageObject\",\"inLanguage\":\"bs-BA\",\"@id\":\"https:\/\/sandzakpress.net\/arhiva\/#\/schema\/person\/image\/\",\"url\":\"https:\/\/secure.gravatar.com\/avatar\/a04fd330bfe3a36a72a0ad4a6d89fca7?s=96&d=mm&r=pg\",\"contentUrl\":\"https:\/\/secure.gravatar.com\/avatar\/a04fd330bfe3a36a72a0ad4a6d89fca7?s=96&d=mm&r=pg\",\"caption\":\"bosniak\"},\"url\":\"https:\/\/sandzakpress.net\/arhiva\/author\/bosniak\/\"}]}<\/script>\n<!-- \/ Yoast SEO Premium plugin. -->","yoast_head_json":{"title":"Zbog padavina: Voda u Beranama nije za pi\u0107e","robots":{"index":"index","follow":"follow","max-snippet":"max-snippet:-1","max-image-preview":"max-image-preview:large","max-video-preview":"max-video-preview:-1"},"canonical":"https:\/\/sandzakpress.net\/arhiva\/zbog-padavina-voda-u-beranama-nije-za-pice\/","og_locale":"bs_BA","og_type":"article","og_title":"Zbog padavina: Voda u Beranama nije za pi\u0107e","og_description":"\u00a0 Berane &#8211; Iz DOO Vodovod i kanalizacija u Beranama saop\u0161tili su da je voda neispravna uslijed zamu\u0107enja uzrokovanog padavinama. Gra\u0111ani se savjetuju da vodu sa \u010desme prokuvaju prije upotrebe. &#8220;Stru\u010dne slu\u017ebe Preduze\u0107a svaki sat vr\u0161e mjerenje mutno\u0107e i javnost \u0107e biti blagovremeno obavije\u0161tena o ponovnoj upotrebi vode za pi\u0107e\u201d, navodi se u saop\u0161tenju Vodovoda [&hellip;]","og_url":"https:\/\/sandzakpress.net\/arhiva\/zbog-padavina-voda-u-beranama-nije-za-pice\/","og_site_name":"Sand\u017eak PRESS","article_published_time":"2016-02-16T13:23:49+00:00","og_image":[{"width":573,"height":375,"url":"https:\/\/sandzakpress.net\/arhiva\/wp-content\/uploads\/2016\/02\/prijepolje-voda-u-brodarevu-i-dalje-neispravna-za-pice-1191542-velika.jpg","type":"image\/jpeg"}],"author":"bosniak","twitter_card":"summary_large_image","twitter_misc":{"Written by":"bosniak"},"schema":{"@context":"https:\/\/schema.org","@graph":[{"@type":"Article","@id":"https:\/\/sandzakpress.net\/arhiva\/zbog-padavina-voda-u-beranama-nije-za-pice\/#article","isPartOf":{"@id":"https:\/\/sandzakpress.net\/arhiva\/zbog-padavina-voda-u-beranama-nije-za-pice\/"},"author":{"name":"bosniak","@id":"https:\/\/sandzakpress.net\/arhiva\/#\/schema\/person\/c8baee722073534b583ea7bdb2e36c02"},"headline":"Zbog padavina: Voda u Beranama nije za pi\u0107e","datePublished":"2016-02-16T13:23:49+00:00","mainEntityOfPage":{"@id":"https:\/\/sandzakpress.net\/arhiva\/zbog-padavina-voda-u-beranama-nije-za-pice\/"},"wordCount":77,"commentCount":0,"publisher":{"@id":"https:\/\/sandzakpress.net\/arhiva\/#\/schema\/person\/6e72b67d6e51910a1117b3b483ba20bd"},"image":{"@id":"https:\/\/sandzakpress.net\/arhiva\/zbog-padavina-voda-u-beranama-nije-za-pice\/#primaryimage"},"thumbnailUrl":"https:\/\/sandzakpress.net\/arhiva\/wp-content\/uploads\/2016\/02\/prijepolje-voda-u-brodarevu-i-dalje-neispravna-za-pice-1191542-velika.jpg","articleSection":["Berane","Privreda"],"inLanguage":"bs-BA","potentialAction":[{"@type":"CommentAction","name":"Comment","target":["https:\/\/sandzakpress.net\/arhiva\/zbog-padavina-voda-u-beranama-nije-za-pice\/#respond"]}]},{"@type":"WebPage","@id":"https:\/\/sandzakpress.net\/arhiva\/zbog-padavina-voda-u-beranama-nije-za-pice\/","url":"https:\/\/sandzakpress.net\/arhiva\/zbog-padavina-voda-u-beranama-nije-za-pice\/","name":"Zbog padavina: Voda u Beranama nije za pi\u0107e","isPartOf":{"@id":"https:\/\/sandzakpress.net\/arhiva\/#website"},"primaryImageOfPage":{"@id":"https:\/\/sandzakpress.net\/arhiva\/zbog-padavina-voda-u-beranama-nije-za-pice\/#primaryimage"},"image":{"@id":"https:\/\/sandzakpress.net\/arhiva\/zbog-padavina-voda-u-beranama-nije-za-pice\/#primaryimage"},"thumbnailUrl":"https:\/\/sandzakpress.net\/arhiva\/wp-content\/uploads\/2016\/02\/prijepolje-voda-u-brodarevu-i-dalje-neispravna-za-pice-1191542-velika.jpg","datePublished":"2016-02-16T13:23:49+00:00","breadcrumb":{"@id":"https:\/\/sandzakpress.net\/arhiva\/zbog-padavina-voda-u-beranama-nije-za-pice\/#breadcrumb"},"inLanguage":"bs-BA","potentialAction":[{"@type":"ReadAction","target":["https:\/\/sandzakpress.net\/arhiva\/zbog-padavina-voda-u-beranama-nije-za-pice\/"]}]},{"@type":"ImageObject","inLanguage":"bs-BA","@id":"https:\/\/sandzakpress.net\/arhiva\/zbog-padavina-voda-u-beranama-nije-za-pice\/#primaryimage","url":"https:\/\/sandzakpress.net\/arhiva\/wp-content\/uploads\/2016\/02\/prijepolje-voda-u-brodarevu-i-dalje-neispravna-za-pice-1191542-velika.jpg","contentUrl":"https:\/\/sandzakpress.net\/arhiva\/wp-content\/uploads\/2016\/02\/prijepolje-voda-u-brodarevu-i-dalje-neispravna-za-pice-1191542-velika.jpg","width":573,"height":375},{"@type":"BreadcrumbList","@id":"https:\/\/sandzakpress.net\/arhiva\/zbog-padavina-voda-u-beranama-nije-za-pice\/#breadcrumb","itemListElement":[{"@type":"ListItem","position":1,"name":"Home","item":"https:\/\/sandzakpress.net\/arhiva\/"},{"@type":"ListItem","position":2,"name":"Zbog padavina: Voda u Beranama nije za pi\u0107e"}]},{"@type":"WebSite","@id":"https:\/\/sandzakpress.net\/arhiva\/#website","url":"https:\/\/sandzakpress.net\/arhiva\/","name":"Sand\u017eak PRESS","description":"Prve elektronske novine u Sand\u017eaku","publisher":{"@id":"https:\/\/sandzakpress.net\/arhiva\/#\/schema\/person\/6e72b67d6e51910a1117b3b483ba20bd"},"potentialAction":[{"@type":"SearchAction","target":{"@type":"EntryPoint","urlTemplate":"https:\/\/sandzakpress.net\/arhiva\/?s={search_term_string}"},"query-input":{"@type":"PropertyValueSpecification","valueRequired":true,"valueName":"search_term_string"}}],"inLanguage":"bs-BA"},{"@type":["Person","Organization"],"@id":"https:\/\/sandzakpress.net\/arhiva\/#\/schema\/person\/6e72b67d6e51910a1117b3b483ba20bd","name":"Kul","image":{"@type":"ImageObject","inLanguage":"bs-BA","@id":"https:\/\/sandzakpress.net\/arhiva\/#\/schema\/person\/image\/","url":"https:\/\/secure.gravatar.com\/avatar\/42263f39aa27ac04c43cab85c280eb2e?s=96&d=mm&r=pg","contentUrl":"https:\/\/secure.gravatar.com\/avatar\/42263f39aa27ac04c43cab85c280eb2e?s=96&d=mm&r=pg","caption":"Kul"},"logo":{"@id":"https:\/\/sandzakpress.net\/arhiva\/#\/schema\/person\/image\/"}},{"@type":"Person","@id":"https:\/\/sandzakpress.net\/arhiva\/#\/schema\/person\/c8baee722073534b583ea7bdb2e36c02","name":"bosniak","image":{"@type":"ImageObject","inLanguage":"bs-BA","@id":"https:\/\/sandzakpress.net\/arhiva\/#\/schema\/person\/image\/","url":"https:\/\/secure.gravatar.com\/avatar\/a04fd330bfe3a36a72a0ad4a6d89fca7?s=96&d=mm&r=pg","contentUrl":"https:\/\/secure.gravatar.com\/avatar\/a04fd330bfe3a36a72a0ad4a6d89fca7?s=96&d=mm&r=pg","caption":"bosniak"},"url":"https:\/\/sandzakpress.net\/arhiva\/author\/bosniak\/"}]}},"_links":{"self":[{"href":"https:\/\/sandzakpress.net\/arhiva\/wp-json\/wp\/v2\/posts\/154871"}],"collection":[{"href":"https:\/\/sandzakpress.net\/arhiva\/wp-json\/wp\/v2\/posts"}],"about":[{"href":"https:\/\/sandzakpress.net\/arhiva\/wp-json\/wp\/v2\/types\/post"}],"author":[{"embeddable":true,"href":"https:\/\/sandzakpress.net\/arhiva\/wp-json\/wp\/v2\/users\/83"}],"replies":[{"embeddable":true,"href":"https:\/\/sandzakpress.net\/arhiva\/wp-json\/wp\/v2\/comments?post=154871"}],"version-history":[{"count":0,"href":"https:\/\/sandzakpress.net\/arhiva\/wp-json\/wp\/v2\/posts\/154871\/revisions"}],"wp:featuredmedia":[{"embeddable":true,"href":"https:\/\/sandzakpress.net\/arhiva\/wp-json\/wp\/v2\/media\/154881"}],"wp:attachment":[{"href":"https:\/\/sandzakpress.net\/arhiva\/wp-json\/wp\/v2\/media?parent=154871"}],"wp:term":[{"taxonomy":"category","embeddable":true,"href":"https:\/\/sandzakpress.net\/arhiva\/wp-json\/wp\/v2\/categories?post=154871"},{"taxonomy":"post_tag","embeddable":true,"href":"https:\/\/sandzakpress.net\/arhiva\/wp-json\/wp\/v2\/tags?post=154871"}],"curies":[{"name":"wp","href":"https:\/\/api.w.org\/{rel}","templated":true}]}}