{"id":154802,"date":"2016-02-15T16:04:13","date_gmt":"2016-02-15T15:04:13","guid":{"rendered":"https:\/\/sandzakpress.net\/arhiva\/?p=154802"},"modified":"2016-02-15T16:04:13","modified_gmt":"2016-02-15T15:04:13","slug":"pjesma-o-sandzackim-gradovima","status":"publish","type":"post","link":"https:\/\/sandzakpress.net\/arhiva\/pjesma-o-sandzackim-gradovima\/","title":{"rendered":"Pjesma o sand\u017ea\u010dkim gradovima"},"content":{"rendered":"<p><img loading=\"lazy\" decoding=\"async\" class=\"aligncenter size-full wp-image-154803\" src=\"https:\/\/sandzakpress.net\/arhiva\/wp-content\/uploads\/2016\/02\/karta-sandzak-mapa-sandzak-grb-sandzak.jpg\" alt=\"karta sandzak, mapa sandzak, grb, sandzak\" width=\"984\" height=\"664\" srcset=\"https:\/\/sandzakpress.net\/arhiva\/wp-content\/uploads\/2016\/02\/karta-sandzak-mapa-sandzak-grb-sandzak.jpg 984w, https:\/\/sandzakpress.net\/arhiva\/wp-content\/uploads\/2016\/02\/karta-sandzak-mapa-sandzak-grb-sandzak-768x518.jpg 768w, https:\/\/sandzakpress.net\/arhiva\/wp-content\/uploads\/2016\/02\/karta-sandzak-mapa-sandzak-grb-sandzak-616x416.jpg 616w\" sizes=\"(max-width: 984px) 100vw, 984px\" \/><\/p>\n<p>Sand\u017eak nije tako mali<\/p>\n<p>Mo\u017eda niste znali<\/p>\n<p>\u010cetrnaest op\u0107ina sada ima<\/p>\n<p>Sve lijepo u njima<\/p>\n<p>Nekada osamnaest op\u0107ina bilo<\/p>\n<p>Mitrovica ,Rudo<\/p>\n<p>Kola\u0161in,Vi\u0161egrad<\/p>\n<p>Napustili su tad<\/p>\n<p>Mo\u017eda se vrate kada vo\u0111e svate.<\/p>\n<p>Novi Pazar glavni grad<\/p>\n<p>Nejve\u0107i je do sad<\/p>\n<p>Trgovina glavna grana<\/p>\n<p>Raznovrsna tu je hrana<\/p>\n<p>O Tutinu svi ma\u0161taju<\/p>\n<p>Za Pe\u0161ter se otimaju<\/p>\n<p>Sjenica svijetu poznata<\/p>\n<p>Najboljim sirom otvara sva vrata<\/p>\n<p>Prijepolje mnogo bolje<\/p>\n<p>Nego prije \u0161to je bilo<\/p>\n<p>Oko rijeke Lim sve se skupilo<\/p>\n<p>Nova Varo\u0161 lijepo ime<\/p>\n<p>Skender \u2013pa\u0161ina Palanke tu se zove<\/p>\n<p>Tu su prvo prou\u010dene dove<\/p>\n<p>Pa smestili sokolove<\/p>\n<p>Ujarmili sve volove<\/p>\n<p>Kasabu su napravili<\/p>\n<p>Pa joj ime Jenji Kasaba dali<\/p>\n<p>\u0160to u prijevod Nova Varo\u0161 zna\u010di.<\/p>\n<p>Tri su me\u0111e postavili<\/p>\n<p>Pa su ime Priboj dali<\/p>\n<p>Tu su me\u0111e tri dr\u017eave<\/p>\n<p>A dvije su samo prave<\/p>\n<p>Bogato je Pljevlje mjesto<\/p>\n<p>Mnogo ruda nalaze se \u010desto<\/p>\n<p>Akovo je tvoje ime<\/p>\n<p>Nek se neko o tome brine<\/p>\n<p>Bijelo Polje sad se zove<\/p>\n<p>To je ime za cvjetove<\/p>\n<p>Bir-hane il Berane tako su ga turci zvali<\/p>\n<p>U prijevodu jedna ku\u0107a zna\u010di.<\/p>\n<p>Plavo jezero a narod crn<\/p>\n<p>Po tome je poznat Plav.<\/p>\n<p>Samo jedan izvor \u017ee\u0107 ugasi<\/p>\n<p>Ma ko da si<\/p>\n<p>More vode tu izvire<\/p>\n<p>Svi dolaze sa daljine<\/p>\n<p>Alipa\u0161ini izvori svijetu poznati<\/p>\n<p>Za Gusinje mora\u0161 znati.<\/p>\n<p>Malo mjesto u dolini<\/p>\n<p>Svakome se tako \u010dini<\/p>\n<p>Nije bitno ma koliko da je<\/p>\n<p>To je Ro\u017eaje.<\/p>\n<p>Planina Bjela\u0161nica<\/p>\n<p>Poznata svima<\/p>\n<p>Tu ispod nje<\/p>\n<p>Mojkovac sand\u017ea\u010dki grad.<\/p>\n<p>Mala op\u0161tina<\/p>\n<p>Vrlo mlada<\/p>\n<p>Ona Sand\u017eaku pripada sada<\/p>\n<p>Petnjica se zove<\/p>\n<p>Prou\u010di te za nju dove.<\/p>\n<p>Bi\u0107e vi\u0161e op\u0161tina<\/p>\n<p>Bi\u0107e vi\u0161e gradova<\/p>\n<p>Neka bude radova<\/p>\n<p>Nek se Sand\u017eak gradi<\/p>\n<p>Ti doprinos dadi<\/p>\n<p>D\u017eamije nek se prave<\/p>\n<p>\u0160kole I vrti\u0107i<\/p>\n<p>Tako ne\u0107e iz Sand\u017eaka niko i\u0107i<\/p>\n<p>\u0160kole nek su pune \u0111aka<\/p>\n<p>Neka bude najvi\u0161e prvaka<\/p>\n<p>Najljep\u0161a omladina<\/p>\n<p>U Sand\u017eaku uvijek bila<\/p>\n<p>Nek se momci \u017eene<\/p>\n<p>Djevojke udaju<\/p>\n<p>Da bude beri\u0107eta<\/p>\n<p>Oni za to znaju<\/p>\n<p>Beri\u0107et su djeca<\/p>\n<p>Nafaka u njima<\/p>\n<p>Blago li veliko<\/p>\n<p>Ko ih dosta ima<\/p>\n<p>Bi\u0107e Sand\u017eak ve\u0107i<\/p>\n<p>Mo\u017eda bude tre\u0107i<\/p>\n<p>Na na\u0161em balkanu<\/p>\n<p>U jednome danu<\/p>\n<p>Ko taj dan do\u010deka<\/p>\n<p>Njega sre\u0107a \u010deka<\/p>\n<p>Nek se bajrak planetom viori<\/p>\n<p>Sand\u017eak svako voli.<\/p>\n<p><\/p>\n<p>Autor: Naser Baki\u0107<\/p>\n<p>&nbsp;<\/p>\n","protected":false},"excerpt":{"rendered":"<p>Naser Baki\u0107<\/p>\n","protected":false},"author":83,"featured_media":154803,"comment_status":"open","ping_status":"open","sticky":false,"template":"","format":"standard","meta":{"footnotes":""},"categories":[398,72,10196,52,397,10174,327,392,396,393,395,399,394,10173,16],"tags":[],"class_list":{"0":"post-154802","1":"post","2":"type-post","3":"status-publish","4":"format-standard","5":"has-post-thumbnail","7":"category-rozaje","8":"category-novi-pazar","9":"category-iz-pera-nasih-autora","10":"category-sjenica","11":"category-berane","12":"category-petnjica-vase-vijesti","13":"category-tutin","14":"category-prijepolje_","15":"category-bijelo_polje","16":"category-priboj","17":"category-pljevlja_","18":"category-plav_","19":"category-nova-varos","20":"category-gusinje-vase-vijesti","21":"category-novine"},"yoast_head":"<!-- This site is optimized with the Yoast SEO Premium plugin v23.1 (Yoast SEO v24.9) - https:\/\/yoast.com\/wordpress\/plugins\/seo\/ -->\n<title>Pjesma o sand\u017ea\u010dkim gradovima<\/title>\n<meta name=\"robots\" content=\"index, follow, max-snippet:-1, max-image-preview:large, max-video-preview:-1\" \/>\n<link rel=\"canonical\" href=\"https:\/\/sandzakpress.net\/arhiva\/pjesma-o-sandzackim-gradovima\/\" \/>\n<meta property=\"og:locale\" content=\"bs_BA\" \/>\n<meta property=\"og:type\" content=\"article\" \/>\n<meta property=\"og:title\" content=\"Pjesma o sand\u017ea\u010dkim gradovima\" \/>\n<meta property=\"og:description\" content=\"Naser Baki\u0107\" \/>\n<meta property=\"og:url\" content=\"https:\/\/sandzakpress.net\/arhiva\/pjesma-o-sandzackim-gradovima\/\" \/>\n<meta property=\"og:site_name\" content=\"Sand\u017eak PRESS\" \/>\n<meta property=\"article:published_time\" content=\"2016-02-15T15:04:13+00:00\" \/>\n<meta property=\"og:image\" content=\"https:\/\/sandzakpress.net\/arhiva\/wp-content\/uploads\/2016\/02\/karta-sandzak-mapa-sandzak-grb-sandzak.jpg\" \/>\n\t<meta property=\"og:image:width\" content=\"984\" \/>\n\t<meta property=\"og:image:height\" content=\"664\" \/>\n\t<meta property=\"og:image:type\" content=\"image\/jpeg\" \/>\n<meta name=\"author\" content=\"bosniak\" \/>\n<meta name=\"twitter:card\" content=\"summary_large_image\" \/>\n<meta name=\"twitter:label1\" content=\"Written by\" \/>\n\t<meta name=\"twitter:data1\" content=\"bosniak\" \/>\n\t<meta name=\"twitter:label2\" content=\"Est. reading time\" \/>\n\t<meta name=\"twitter:data2\" content=\"2 minute\" \/>\n<script type=\"application\/ld+json\" class=\"yoast-schema-graph\">{\"@context\":\"https:\/\/schema.org\",\"@graph\":[{\"@type\":\"Article\",\"@id\":\"https:\/\/sandzakpress.net\/arhiva\/pjesma-o-sandzackim-gradovima\/#article\",\"isPartOf\":{\"@id\":\"https:\/\/sandzakpress.net\/arhiva\/pjesma-o-sandzackim-gradovima\/\"},\"author\":{\"name\":\"bosniak\",\"@id\":\"https:\/\/sandzakpress.net\/arhiva\/#\/schema\/person\/c8baee722073534b583ea7bdb2e36c02\"},\"headline\":\"Pjesma o sand\u017ea\u010dkim gradovima\",\"datePublished\":\"2016-02-15T15:04:13+00:00\",\"mainEntityOfPage\":{\"@id\":\"https:\/\/sandzakpress.net\/arhiva\/pjesma-o-sandzackim-gradovima\/\"},\"wordCount\":411,\"commentCount\":14,\"publisher\":{\"@id\":\"https:\/\/sandzakpress.net\/arhiva\/#\/schema\/person\/6e72b67d6e51910a1117b3b483ba20bd\"},\"image\":{\"@id\":\"https:\/\/sandzakpress.net\/arhiva\/pjesma-o-sandzackim-gradovima\/#primaryimage\"},\"thumbnailUrl\":\"https:\/\/sandzakpress.net\/arhiva\/wp-content\/uploads\/2016\/02\/karta-sandzak-mapa-sandzak-grb-sandzak.jpg\",\"articleSection\":[\"Ro\u017eaje\",\"Novi Pazar\",\"Iz pera na\u0161ih autora\",\"Sjenica\",\"Berane\",\"Petnjica\",\"Tutin\",\"Prijepolje\",\"Bijelo Polje\",\"Priboj\",\"Pljevlja\",\"Plav\",\"Nova Varo\u0161\",\"Gusinje\",\"Novine\"],\"inLanguage\":\"bs-BA\",\"potentialAction\":[{\"@type\":\"CommentAction\",\"name\":\"Comment\",\"target\":[\"https:\/\/sandzakpress.net\/arhiva\/pjesma-o-sandzackim-gradovima\/#respond\"]}]},{\"@type\":\"WebPage\",\"@id\":\"https:\/\/sandzakpress.net\/arhiva\/pjesma-o-sandzackim-gradovima\/\",\"url\":\"https:\/\/sandzakpress.net\/arhiva\/pjesma-o-sandzackim-gradovima\/\",\"name\":\"Pjesma o sand\u017ea\u010dkim gradovima\",\"isPartOf\":{\"@id\":\"https:\/\/sandzakpress.net\/arhiva\/#website\"},\"primaryImageOfPage\":{\"@id\":\"https:\/\/sandzakpress.net\/arhiva\/pjesma-o-sandzackim-gradovima\/#primaryimage\"},\"image\":{\"@id\":\"https:\/\/sandzakpress.net\/arhiva\/pjesma-o-sandzackim-gradovima\/#primaryimage\"},\"thumbnailUrl\":\"https:\/\/sandzakpress.net\/arhiva\/wp-content\/uploads\/2016\/02\/karta-sandzak-mapa-sandzak-grb-sandzak.jpg\",\"datePublished\":\"2016-02-15T15:04:13+00:00\",\"breadcrumb\":{\"@id\":\"https:\/\/sandzakpress.net\/arhiva\/pjesma-o-sandzackim-gradovima\/#breadcrumb\"},\"inLanguage\":\"bs-BA\",\"potentialAction\":[{\"@type\":\"ReadAction\",\"target\":[\"https:\/\/sandzakpress.net\/arhiva\/pjesma-o-sandzackim-gradovima\/\"]}]},{\"@type\":\"ImageObject\",\"inLanguage\":\"bs-BA\",\"@id\":\"https:\/\/sandzakpress.net\/arhiva\/pjesma-o-sandzackim-gradovima\/#primaryimage\",\"url\":\"https:\/\/sandzakpress.net\/arhiva\/wp-content\/uploads\/2016\/02\/karta-sandzak-mapa-sandzak-grb-sandzak.jpg\",\"contentUrl\":\"https:\/\/sandzakpress.net\/arhiva\/wp-content\/uploads\/2016\/02\/karta-sandzak-mapa-sandzak-grb-sandzak.jpg\",\"width\":984,\"height\":664},{\"@type\":\"BreadcrumbList\",\"@id\":\"https:\/\/sandzakpress.net\/arhiva\/pjesma-o-sandzackim-gradovima\/#breadcrumb\",\"itemListElement\":[{\"@type\":\"ListItem\",\"position\":1,\"name\":\"Home\",\"item\":\"https:\/\/sandzakpress.net\/arhiva\/\"},{\"@type\":\"ListItem\",\"position\":2,\"name\":\"Pjesma o sand\u017ea\u010dkim gradovima\"}]},{\"@type\":\"WebSite\",\"@id\":\"https:\/\/sandzakpress.net\/arhiva\/#website\",\"url\":\"https:\/\/sandzakpress.net\/arhiva\/\",\"name\":\"Sand\u017eak PRESS\",\"description\":\"Prve elektronske novine u Sand\u017eaku\",\"publisher\":{\"@id\":\"https:\/\/sandzakpress.net\/arhiva\/#\/schema\/person\/6e72b67d6e51910a1117b3b483ba20bd\"},\"potentialAction\":[{\"@type\":\"SearchAction\",\"target\":{\"@type\":\"EntryPoint\",\"urlTemplate\":\"https:\/\/sandzakpress.net\/arhiva\/?s={search_term_string}\"},\"query-input\":{\"@type\":\"PropertyValueSpecification\",\"valueRequired\":true,\"valueName\":\"search_term_string\"}}],\"inLanguage\":\"bs-BA\"},{\"@type\":[\"Person\",\"Organization\"],\"@id\":\"https:\/\/sandzakpress.net\/arhiva\/#\/schema\/person\/6e72b67d6e51910a1117b3b483ba20bd\",\"name\":\"Kul\",\"image\":{\"@type\":\"ImageObject\",\"inLanguage\":\"bs-BA\",\"@id\":\"https:\/\/sandzakpress.net\/arhiva\/#\/schema\/person\/image\/\",\"url\":\"https:\/\/secure.gravatar.com\/avatar\/42263f39aa27ac04c43cab85c280eb2e?s=96&d=mm&r=pg\",\"contentUrl\":\"https:\/\/secure.gravatar.com\/avatar\/42263f39aa27ac04c43cab85c280eb2e?s=96&d=mm&r=pg\",\"caption\":\"Kul\"},\"logo\":{\"@id\":\"https:\/\/sandzakpress.net\/arhiva\/#\/schema\/person\/image\/\"}},{\"@type\":\"Person\",\"@id\":\"https:\/\/sandzakpress.net\/arhiva\/#\/schema\/person\/c8baee722073534b583ea7bdb2e36c02\",\"name\":\"bosniak\",\"image\":{\"@type\":\"ImageObject\",\"inLanguage\":\"bs-BA\",\"@id\":\"https:\/\/sandzakpress.net\/arhiva\/#\/schema\/person\/image\/\",\"url\":\"https:\/\/secure.gravatar.com\/avatar\/a04fd330bfe3a36a72a0ad4a6d89fca7?s=96&d=mm&r=pg\",\"contentUrl\":\"https:\/\/secure.gravatar.com\/avatar\/a04fd330bfe3a36a72a0ad4a6d89fca7?s=96&d=mm&r=pg\",\"caption\":\"bosniak\"},\"url\":\"https:\/\/sandzakpress.net\/arhiva\/author\/bosniak\/\"}]}<\/script>\n<!-- \/ Yoast SEO Premium plugin. -->","yoast_head_json":{"title":"Pjesma o sand\u017ea\u010dkim gradovima","robots":{"index":"index","follow":"follow","max-snippet":"max-snippet:-1","max-image-preview":"max-image-preview:large","max-video-preview":"max-video-preview:-1"},"canonical":"https:\/\/sandzakpress.net\/arhiva\/pjesma-o-sandzackim-gradovima\/","og_locale":"bs_BA","og_type":"article","og_title":"Pjesma o sand\u017ea\u010dkim gradovima","og_description":"Naser Baki\u0107","og_url":"https:\/\/sandzakpress.net\/arhiva\/pjesma-o-sandzackim-gradovima\/","og_site_name":"Sand\u017eak PRESS","article_published_time":"2016-02-15T15:04:13+00:00","og_image":[{"width":984,"height":664,"url":"https:\/\/sandzakpress.net\/arhiva\/wp-content\/uploads\/2016\/02\/karta-sandzak-mapa-sandzak-grb-sandzak.jpg","type":"image\/jpeg"}],"author":"bosniak","twitter_card":"summary_large_image","twitter_misc":{"Written by":"bosniak","Est. reading time":"2 minute"},"schema":{"@context":"https:\/\/schema.org","@graph":[{"@type":"Article","@id":"https:\/\/sandzakpress.net\/arhiva\/pjesma-o-sandzackim-gradovima\/#article","isPartOf":{"@id":"https:\/\/sandzakpress.net\/arhiva\/pjesma-o-sandzackim-gradovima\/"},"author":{"name":"bosniak","@id":"https:\/\/sandzakpress.net\/arhiva\/#\/schema\/person\/c8baee722073534b583ea7bdb2e36c02"},"headline":"Pjesma o sand\u017ea\u010dkim gradovima","datePublished":"2016-02-15T15:04:13+00:00","mainEntityOfPage":{"@id":"https:\/\/sandzakpress.net\/arhiva\/pjesma-o-sandzackim-gradovima\/"},"wordCount":411,"commentCount":14,"publisher":{"@id":"https:\/\/sandzakpress.net\/arhiva\/#\/schema\/person\/6e72b67d6e51910a1117b3b483ba20bd"},"image":{"@id":"https:\/\/sandzakpress.net\/arhiva\/pjesma-o-sandzackim-gradovima\/#primaryimage"},"thumbnailUrl":"https:\/\/sandzakpress.net\/arhiva\/wp-content\/uploads\/2016\/02\/karta-sandzak-mapa-sandzak-grb-sandzak.jpg","articleSection":["Ro\u017eaje","Novi Pazar","Iz pera na\u0161ih autora","Sjenica","Berane","Petnjica","Tutin","Prijepolje","Bijelo Polje","Priboj","Pljevlja","Plav","Nova Varo\u0161","Gusinje","Novine"],"inLanguage":"bs-BA","potentialAction":[{"@type":"CommentAction","name":"Comment","target":["https:\/\/sandzakpress.net\/arhiva\/pjesma-o-sandzackim-gradovima\/#respond"]}]},{"@type":"WebPage","@id":"https:\/\/sandzakpress.net\/arhiva\/pjesma-o-sandzackim-gradovima\/","url":"https:\/\/sandzakpress.net\/arhiva\/pjesma-o-sandzackim-gradovima\/","name":"Pjesma o sand\u017ea\u010dkim gradovima","isPartOf":{"@id":"https:\/\/sandzakpress.net\/arhiva\/#website"},"primaryImageOfPage":{"@id":"https:\/\/sandzakpress.net\/arhiva\/pjesma-o-sandzackim-gradovima\/#primaryimage"},"image":{"@id":"https:\/\/sandzakpress.net\/arhiva\/pjesma-o-sandzackim-gradovima\/#primaryimage"},"thumbnailUrl":"https:\/\/sandzakpress.net\/arhiva\/wp-content\/uploads\/2016\/02\/karta-sandzak-mapa-sandzak-grb-sandzak.jpg","datePublished":"2016-02-15T15:04:13+00:00","breadcrumb":{"@id":"https:\/\/sandzakpress.net\/arhiva\/pjesma-o-sandzackim-gradovima\/#breadcrumb"},"inLanguage":"bs-BA","potentialAction":[{"@type":"ReadAction","target":["https:\/\/sandzakpress.net\/arhiva\/pjesma-o-sandzackim-gradovima\/"]}]},{"@type":"ImageObject","inLanguage":"bs-BA","@id":"https:\/\/sandzakpress.net\/arhiva\/pjesma-o-sandzackim-gradovima\/#primaryimage","url":"https:\/\/sandzakpress.net\/arhiva\/wp-content\/uploads\/2016\/02\/karta-sandzak-mapa-sandzak-grb-sandzak.jpg","contentUrl":"https:\/\/sandzakpress.net\/arhiva\/wp-content\/uploads\/2016\/02\/karta-sandzak-mapa-sandzak-grb-sandzak.jpg","width":984,"height":664},{"@type":"BreadcrumbList","@id":"https:\/\/sandzakpress.net\/arhiva\/pjesma-o-sandzackim-gradovima\/#breadcrumb","itemListElement":[{"@type":"ListItem","position":1,"name":"Home","item":"https:\/\/sandzakpress.net\/arhiva\/"},{"@type":"ListItem","position":2,"name":"Pjesma o sand\u017ea\u010dkim gradovima"}]},{"@type":"WebSite","@id":"https:\/\/sandzakpress.net\/arhiva\/#website","url":"https:\/\/sandzakpress.net\/arhiva\/","name":"Sand\u017eak PRESS","description":"Prve elektronske novine u Sand\u017eaku","publisher":{"@id":"https:\/\/sandzakpress.net\/arhiva\/#\/schema\/person\/6e72b67d6e51910a1117b3b483ba20bd"},"potentialAction":[{"@type":"SearchAction","target":{"@type":"EntryPoint","urlTemplate":"https:\/\/sandzakpress.net\/arhiva\/?s={search_term_string}"},"query-input":{"@type":"PropertyValueSpecification","valueRequired":true,"valueName":"search_term_string"}}],"inLanguage":"bs-BA"},{"@type":["Person","Organization"],"@id":"https:\/\/sandzakpress.net\/arhiva\/#\/schema\/person\/6e72b67d6e51910a1117b3b483ba20bd","name":"Kul","image":{"@type":"ImageObject","inLanguage":"bs-BA","@id":"https:\/\/sandzakpress.net\/arhiva\/#\/schema\/person\/image\/","url":"https:\/\/secure.gravatar.com\/avatar\/42263f39aa27ac04c43cab85c280eb2e?s=96&d=mm&r=pg","contentUrl":"https:\/\/secure.gravatar.com\/avatar\/42263f39aa27ac04c43cab85c280eb2e?s=96&d=mm&r=pg","caption":"Kul"},"logo":{"@id":"https:\/\/sandzakpress.net\/arhiva\/#\/schema\/person\/image\/"}},{"@type":"Person","@id":"https:\/\/sandzakpress.net\/arhiva\/#\/schema\/person\/c8baee722073534b583ea7bdb2e36c02","name":"bosniak","image":{"@type":"ImageObject","inLanguage":"bs-BA","@id":"https:\/\/sandzakpress.net\/arhiva\/#\/schema\/person\/image\/","url":"https:\/\/secure.gravatar.com\/avatar\/a04fd330bfe3a36a72a0ad4a6d89fca7?s=96&d=mm&r=pg","contentUrl":"https:\/\/secure.gravatar.com\/avatar\/a04fd330bfe3a36a72a0ad4a6d89fca7?s=96&d=mm&r=pg","caption":"bosniak"},"url":"https:\/\/sandzakpress.net\/arhiva\/author\/bosniak\/"}]}},"_links":{"self":[{"href":"https:\/\/sandzakpress.net\/arhiva\/wp-json\/wp\/v2\/posts\/154802"}],"collection":[{"href":"https:\/\/sandzakpress.net\/arhiva\/wp-json\/wp\/v2\/posts"}],"about":[{"href":"https:\/\/sandzakpress.net\/arhiva\/wp-json\/wp\/v2\/types\/post"}],"author":[{"embeddable":true,"href":"https:\/\/sandzakpress.net\/arhiva\/wp-json\/wp\/v2\/users\/83"}],"replies":[{"embeddable":true,"href":"https:\/\/sandzakpress.net\/arhiva\/wp-json\/wp\/v2\/comments?post=154802"}],"version-history":[{"count":0,"href":"https:\/\/sandzakpress.net\/arhiva\/wp-json\/wp\/v2\/posts\/154802\/revisions"}],"wp:featuredmedia":[{"embeddable":true,"href":"https:\/\/sandzakpress.net\/arhiva\/wp-json\/wp\/v2\/media\/154803"}],"wp:attachment":[{"href":"https:\/\/sandzakpress.net\/arhiva\/wp-json\/wp\/v2\/media?parent=154802"}],"wp:term":[{"taxonomy":"category","embeddable":true,"href":"https:\/\/sandzakpress.net\/arhiva\/wp-json\/wp\/v2\/categories?post=154802"},{"taxonomy":"post_tag","embeddable":true,"href":"https:\/\/sandzakpress.net\/arhiva\/wp-json\/wp\/v2\/tags?post=154802"}],"curies":[{"name":"wp","href":"https:\/\/api.w.org\/{rel}","templated":true}]}}