{"id":15474,"date":"2011-04-28T10:44:28","date_gmt":"2011-04-28T08:44:28","guid":{"rendered":"https:\/\/sandzakpress.net\/arhiva\/?p=15474"},"modified":"2011-04-28T10:44:28","modified_gmt":"2011-04-28T08:44:28","slug":"odgovorni-za-siromastvo-i-iseljavanje","status":"publish","type":"post","link":"https:\/\/sandzakpress.net\/arhiva\/odgovorni-za-siromastvo-i-iseljavanje\/","title":{"rendered":"Odgovorni za siroma\u0161tvo i iseljavanje"},"content":{"rendered":"<p><strong><a href=\"https:\/\/sandzakpress.net\/arhiva\/wp-content\/uploads\/2011\/04\/images18.jpg\"><img loading=\"lazy\" decoding=\"async\" class=\"alignleft size-full wp-image-15475\" src=\"https:\/\/sandzakpress.net\/arhiva\/wp-content\/uploads\/2011\/04\/images18.jpg\" alt=\"\" width=\"253\" height=\"199\" \/><\/a>Nova Varo\u0161 &#8211; Zbog lo\u0161e ekonomske i politi\u010dke situacije u op\u0107ini Nova Varo\u0161, manifestovane kroz nemogu\u0107e uslove za \u017eivot gra\u0111ana, \u010dime su prinu\u0111eni na svakodnevno iseljavanje, a za \u0161ta ste vi i va\u0161i koalicioni partneri odgovorni, zahtjevamo da u roku od 24 sata podnesete ostavke na rukovode\u0107e funkcije. Ovakav zahtjev su predsjedniku op\u0107ine Slavi\u0161i Puri\u0107u, u ponedeljak 18. aprila, uputili \u010delnici Op\u0107inskog odbora Srpske napredne stranke. Po\u0161to do utorka u podne zahtjev naprednjaka nije ispunjen, oko 200 pristalica SNS, uz podr\u0161ku NS, okupilo se ispred zgrade Skup\u0161tine op\u0107ine tra\u017ee\u0107i hitne ostavke op\u0107inskog rukovodstva i raspisivanje vanrednih izbora, a povod okupljanja bila je i podr\u0161ka lideru naprednjaka Tomislavu Nikoli\u0107u , koji ve\u0107 peti dan \u0161trajkuje \u017ee\u0111u i gla\u0111u.<\/strong><\/p>\n<p>\/\/ &#8211; Okupili smo se da izrazimo svoje nezadovoljstvo vladavinom \u201ecrveno-\u017eute\u201c koalicije, \u010diji je u\u010dinak katastrofalan i pora\u017eavaju\u0107i. Privreda je \u201ena kolenima\u201c, a 3.200 zaposlenih, od kojih je svega 400 u neposrednoj proizvodnji, nije vi\u0161e u mogu\u0107nosti da izdr\u017ei namete i globu op\u0107inskih funkcionera, koji su od ljepote vladanja i visokih primanja, gotovo ogluveli. Licemerno je njihovo hvalisanje da su se tri pomo\u0107nika predsjednika op\u0107ine, koji su penzioneri ili imaju neke druge prihode, odrekli svojih plata da bi podstakli natalitet. Zaboravili su gra\u0111anima da ka\u017eu da te plate nisu zaradili ve\u0107 uzurpirali od naroda i to 15 miliona dinara u poslednje tri godine koliko su na vlasti, rekao je Dimitrije Paunovi\u0107, predsjednik OO SNS na mitingu odr\u017eanom prije dva dana u centru grada.<\/p>\n<p>Govore\u0107i o razlozima zbog kojih naprednjaci tra\u017ee ostavke gradskih \u010delnika, Paunovi\u0107 je istakao da su oni vidljivi na svakom koraku. Umjesto obe\u0107anih investicija, izgradnje infrastrukture, razvoja agrara i privrede, posebno turizma, otvaranja novih radnih mjesta, gra\u0111ani Nove Varo\u0161i su od svoje nesposobne i neodgovorne vlasti dobili bedu, siroma\u0161tvo, iseljavanje, a sve je vi\u0161e porodica koje \u017eive na rubu egzistencije, ocjenio je prvi \u010dovjek lokalnih naprednjaka. On je podsjetio da je vlast na najgrublji na\u010din ignorisala inicijativu naprednjaka podr\u017eanu potpisima vi\u0161e od tri i po hiljade gra\u0111ana, koji su tra\u017eili raspisivanje vanrednih izbora, zbog brojnih proma\u0161aja i nezakonitih poteza koje su gradski \u201eoci\u201c \u010dinili u protekle tri godine.<\/p>\n<p>&#8211; Jedini odgovor koji smo dobili na na\u0161 izri\u010dit zahtjev da podnesu ostavke bio je da protesti nisu na\u010din za otpo\u010dinjanje razgovora na ovu temu. Ostali su gluvi na sve na\u0161e ranije zahtjeve i sebe progla\u0161avali nenadle\u017enima, zato smo prinu\u0111eni da pravdu i \u0161ansu za bolji \u017eivot tra\u017eimo ovim putem jer je gra\u0111ane, sitih la\u017ei i ispraznih obe\u0107anja op\u0107inskih funkcionera, okupila muka i nema\u0161tina, kazao je Paunovi\u0107 i ovih dana najavio nove proteste.<\/p>\n<p>Na propuste vladaju\u0107e koalicije u gradu podno Zlatara podsjetio je tom prilikom i narodni poslanik Mi\u0107o Rogovi\u0107, predsjednik Okru\u017enog odbora SNS. On je istakao da su obe\u0107ani investicioni poduhvati i ambiciozni programi razvoja op\u0107ine od strane lokalne vlasti samo \u201emrtvo slovo na papiru\u201c i vi\u0161e se mogu nazvati \u201eistorijskim spomenicima\u201c, \u0161to povr\u0111uje nezavr\u0161ena deonica magistralnog puta ka Novoj Varo\u0161i, \u017ei\u010dara koja nije u funkciji, Kara\u0111or\u0111eva ulica \u010dija rekonstrukcija kasni pet mjeseci, kao i nesposobnost aktuelnog op\u0161tinskog rukovodstva da se izbori, izme\u0111u ostalog, i sa problemima u Specijalnoj bolnici na Zlataru ili izmje\u0161tanjem sjedi\u0161ta va\u017enih dr\u017eavnih insititucija iz zlatarskog kraja, u kome, zbog te\u0161ke ekonomske situacije, u bijedi \u017eive i Srbi i Bo\u0161njaci.<\/p>\n<p>&#8211; Apelujemo na op\u0107inske \u010delnike da se, u interesu gra\u0111ana, povuku sa vlasti, ako ni zbog \u010dega drugog, ono da ih se ne bi stidjeli Zoran \u0110in\u0111i\u0107 i Slobodan Milo\u0161evi\u0107. Ako to ne u\u010dine, nama ne preostaje ni\u0161ta drugo nego da blokiramo zgradu Skup\u0161tine op\u0107ine i u\u0111emo u njihove kancelarije i zajedno sa narodom vidimo \u0161ta rade i kako \u201ear\u010de\u201c pare svih nas &#8211; poru\u010dio je sa mitinga Rogovi\u0107.<\/p>\n<p>Izvor:<strong>Danas.rs<\/strong><\/p>\n","protected":false},"excerpt":{"rendered":"<p>Nova Varo\u0161 &#8211; Zbog lo\u0161e ekonomske i politi\u010dke situacije u op\u0107ini Nova Varo\u0161, manifestovane kroz nemogu\u0107e uslove za \u017eivot gra\u0111ana, \u010dime su prinu\u0111eni na svakodnevno iseljavanje, a za \u0161ta ste vi i va\u0161i koalicioni partneri odgovorni, zahtjevamo da u roku od 24 sata podnesete ostavke na rukovode\u0107e funkcije. Ovakav zahtjev su predsjedniku op\u0107ine Slavi\u0161i Puri\u0107u, [&hellip;]<\/p>\n","protected":false},"author":13,"featured_media":15475,"comment_status":"open","ping_status":"open","sticky":false,"template":"","format":"standard","meta":{"footnotes":""},"categories":[394,5],"tags":[],"class_list":{"0":"post-15474","1":"post","2":"type-post","3":"status-publish","4":"format-standard","5":"has-post-thumbnail","7":"category-nova-varos","8":"category-drustvo"},"yoast_head":"<!-- This site is optimized with the Yoast SEO Premium plugin v23.1 (Yoast SEO v24.9) - https:\/\/yoast.com\/wordpress\/plugins\/seo\/ -->\n<title>Odgovorni za siroma\u0161tvo i iseljavanje<\/title>\n<meta name=\"robots\" content=\"index, follow, max-snippet:-1, max-image-preview:large, max-video-preview:-1\" \/>\n<link rel=\"canonical\" href=\"https:\/\/sandzakpress.net\/arhiva\/odgovorni-za-siromastvo-i-iseljavanje\/\" \/>\n<meta property=\"og:locale\" content=\"bs_BA\" \/>\n<meta property=\"og:type\" content=\"article\" \/>\n<meta property=\"og:title\" content=\"Odgovorni za siroma\u0161tvo i iseljavanje\" \/>\n<meta property=\"og:description\" content=\"Nova Varo\u0161 &#8211; Zbog lo\u0161e ekonomske i politi\u010dke situacije u op\u0107ini Nova Varo\u0161, manifestovane kroz nemogu\u0107e uslove za \u017eivot gra\u0111ana, \u010dime su prinu\u0111eni na svakodnevno iseljavanje, a za \u0161ta ste vi i va\u0161i koalicioni partneri odgovorni, zahtjevamo da u roku od 24 sata podnesete ostavke na rukovode\u0107e funkcije. Ovakav zahtjev su predsjedniku op\u0107ine Slavi\u0161i Puri\u0107u, [&hellip;]\" \/>\n<meta property=\"og:url\" content=\"https:\/\/sandzakpress.net\/arhiva\/odgovorni-za-siromastvo-i-iseljavanje\/\" \/>\n<meta property=\"og:site_name\" content=\"Sand\u017eak PRESS\" \/>\n<meta property=\"article:published_time\" content=\"2011-04-28T08:44:28+00:00\" \/>\n<meta property=\"og:image\" content=\"https:\/\/sandzakpress.net\/arhiva\/wp-content\/uploads\/2011\/04\/images18.jpg\" \/>\n\t<meta property=\"og:image:width\" content=\"253\" \/>\n\t<meta property=\"og:image:height\" content=\"199\" \/>\n\t<meta property=\"og:image:type\" content=\"image\/jpeg\" \/>\n<meta name=\"twitter:card\" content=\"summary_large_image\" \/>\n<meta name=\"twitter:label1\" content=\"Written by\" \/>\n\t<meta name=\"twitter:data1\" content=\"\" \/>\n\t<meta name=\"twitter:label2\" content=\"Est. reading time\" \/>\n\t<meta name=\"twitter:data2\" content=\"3 minute\" \/>\n<script type=\"application\/ld+json\" class=\"yoast-schema-graph\">{\"@context\":\"https:\/\/schema.org\",\"@graph\":[{\"@type\":\"Article\",\"@id\":\"https:\/\/sandzakpress.net\/arhiva\/odgovorni-za-siromastvo-i-iseljavanje\/#article\",\"isPartOf\":{\"@id\":\"https:\/\/sandzakpress.net\/arhiva\/odgovorni-za-siromastvo-i-iseljavanje\/\"},\"author\":{\"name\":\"\",\"@id\":\"\"},\"headline\":\"Odgovorni za siroma\u0161tvo i iseljavanje\",\"datePublished\":\"2011-04-28T08:44:28+00:00\",\"mainEntityOfPage\":{\"@id\":\"https:\/\/sandzakpress.net\/arhiva\/odgovorni-za-siromastvo-i-iseljavanje\/\"},\"wordCount\":695,\"commentCount\":0,\"publisher\":{\"@id\":\"https:\/\/sandzakpress.net\/arhiva\/#\/schema\/person\/6e72b67d6e51910a1117b3b483ba20bd\"},\"image\":{\"@id\":\"https:\/\/sandzakpress.net\/arhiva\/odgovorni-za-siromastvo-i-iseljavanje\/#primaryimage\"},\"thumbnailUrl\":\"https:\/\/sandzakpress.net\/arhiva\/wp-content\/uploads\/2011\/04\/images18.jpg\",\"articleSection\":[\"Nova Varo\u0161\",\"Dru\u0161tvo\"],\"inLanguage\":\"bs-BA\",\"potentialAction\":[{\"@type\":\"CommentAction\",\"name\":\"Comment\",\"target\":[\"https:\/\/sandzakpress.net\/arhiva\/odgovorni-za-siromastvo-i-iseljavanje\/#respond\"]}]},{\"@type\":\"WebPage\",\"@id\":\"https:\/\/sandzakpress.net\/arhiva\/odgovorni-za-siromastvo-i-iseljavanje\/\",\"url\":\"https:\/\/sandzakpress.net\/arhiva\/odgovorni-za-siromastvo-i-iseljavanje\/\",\"name\":\"Odgovorni za siroma\u0161tvo i iseljavanje\",\"isPartOf\":{\"@id\":\"https:\/\/sandzakpress.net\/arhiva\/#website\"},\"primaryImageOfPage\":{\"@id\":\"https:\/\/sandzakpress.net\/arhiva\/odgovorni-za-siromastvo-i-iseljavanje\/#primaryimage\"},\"image\":{\"@id\":\"https:\/\/sandzakpress.net\/arhiva\/odgovorni-za-siromastvo-i-iseljavanje\/#primaryimage\"},\"thumbnailUrl\":\"https:\/\/sandzakpress.net\/arhiva\/wp-content\/uploads\/2011\/04\/images18.jpg\",\"datePublished\":\"2011-04-28T08:44:28+00:00\",\"breadcrumb\":{\"@id\":\"https:\/\/sandzakpress.net\/arhiva\/odgovorni-za-siromastvo-i-iseljavanje\/#breadcrumb\"},\"inLanguage\":\"bs-BA\",\"potentialAction\":[{\"@type\":\"ReadAction\",\"target\":[\"https:\/\/sandzakpress.net\/arhiva\/odgovorni-za-siromastvo-i-iseljavanje\/\"]}]},{\"@type\":\"ImageObject\",\"inLanguage\":\"bs-BA\",\"@id\":\"https:\/\/sandzakpress.net\/arhiva\/odgovorni-za-siromastvo-i-iseljavanje\/#primaryimage\",\"url\":\"https:\/\/sandzakpress.net\/arhiva\/wp-content\/uploads\/2011\/04\/images18.jpg\",\"contentUrl\":\"https:\/\/sandzakpress.net\/arhiva\/wp-content\/uploads\/2011\/04\/images18.jpg\",\"width\":253,\"height\":199},{\"@type\":\"BreadcrumbList\",\"@id\":\"https:\/\/sandzakpress.net\/arhiva\/odgovorni-za-siromastvo-i-iseljavanje\/#breadcrumb\",\"itemListElement\":[{\"@type\":\"ListItem\",\"position\":1,\"name\":\"Home\",\"item\":\"https:\/\/sandzakpress.net\/arhiva\/\"},{\"@type\":\"ListItem\",\"position\":2,\"name\":\"Odgovorni za siroma\u0161tvo i iseljavanje\"}]},{\"@type\":\"WebSite\",\"@id\":\"https:\/\/sandzakpress.net\/arhiva\/#website\",\"url\":\"https:\/\/sandzakpress.net\/arhiva\/\",\"name\":\"Sand\u017eak PRESS\",\"description\":\"Prve elektronske novine u Sand\u017eaku\",\"publisher\":{\"@id\":\"https:\/\/sandzakpress.net\/arhiva\/#\/schema\/person\/6e72b67d6e51910a1117b3b483ba20bd\"},\"potentialAction\":[{\"@type\":\"SearchAction\",\"target\":{\"@type\":\"EntryPoint\",\"urlTemplate\":\"https:\/\/sandzakpress.net\/arhiva\/?s={search_term_string}\"},\"query-input\":{\"@type\":\"PropertyValueSpecification\",\"valueRequired\":true,\"valueName\":\"search_term_string\"}}],\"inLanguage\":\"bs-BA\"},{\"@type\":[\"Person\",\"Organization\"],\"@id\":\"https:\/\/sandzakpress.net\/arhiva\/#\/schema\/person\/6e72b67d6e51910a1117b3b483ba20bd\",\"name\":\"Kul\",\"image\":{\"@type\":\"ImageObject\",\"inLanguage\":\"bs-BA\",\"@id\":\"https:\/\/sandzakpress.net\/arhiva\/#\/schema\/person\/image\/\",\"url\":\"https:\/\/secure.gravatar.com\/avatar\/42263f39aa27ac04c43cab85c280eb2e?s=96&d=mm&r=pg\",\"contentUrl\":\"https:\/\/secure.gravatar.com\/avatar\/42263f39aa27ac04c43cab85c280eb2e?s=96&d=mm&r=pg\",\"caption\":\"Kul\"},\"logo\":{\"@id\":\"https:\/\/sandzakpress.net\/arhiva\/#\/schema\/person\/image\/\"}},{\"@type\":\"Person\",\"@id\":\"\",\"url\":\"https:\/\/sandzakpress.net\/arhiva\/author\/\"}]}<\/script>\n<!-- \/ Yoast SEO Premium plugin. -->","yoast_head_json":{"title":"Odgovorni za siroma\u0161tvo i iseljavanje","robots":{"index":"index","follow":"follow","max-snippet":"max-snippet:-1","max-image-preview":"max-image-preview:large","max-video-preview":"max-video-preview:-1"},"canonical":"https:\/\/sandzakpress.net\/arhiva\/odgovorni-za-siromastvo-i-iseljavanje\/","og_locale":"bs_BA","og_type":"article","og_title":"Odgovorni za siroma\u0161tvo i iseljavanje","og_description":"Nova Varo\u0161 &#8211; Zbog lo\u0161e ekonomske i politi\u010dke situacije u op\u0107ini Nova Varo\u0161, manifestovane kroz nemogu\u0107e uslove za \u017eivot gra\u0111ana, \u010dime su prinu\u0111eni na svakodnevno iseljavanje, a za \u0161ta ste vi i va\u0161i koalicioni partneri odgovorni, zahtjevamo da u roku od 24 sata podnesete ostavke na rukovode\u0107e funkcije. Ovakav zahtjev su predsjedniku op\u0107ine Slavi\u0161i Puri\u0107u, [&hellip;]","og_url":"https:\/\/sandzakpress.net\/arhiva\/odgovorni-za-siromastvo-i-iseljavanje\/","og_site_name":"Sand\u017eak PRESS","article_published_time":"2011-04-28T08:44:28+00:00","og_image":[{"width":253,"height":199,"url":"https:\/\/sandzakpress.net\/arhiva\/wp-content\/uploads\/2011\/04\/images18.jpg","type":"image\/jpeg"}],"twitter_card":"summary_large_image","twitter_misc":{"Written by":"","Est. reading time":"3 minute"},"schema":{"@context":"https:\/\/schema.org","@graph":[{"@type":"Article","@id":"https:\/\/sandzakpress.net\/arhiva\/odgovorni-za-siromastvo-i-iseljavanje\/#article","isPartOf":{"@id":"https:\/\/sandzakpress.net\/arhiva\/odgovorni-za-siromastvo-i-iseljavanje\/"},"author":{"name":"","@id":""},"headline":"Odgovorni za siroma\u0161tvo i iseljavanje","datePublished":"2011-04-28T08:44:28+00:00","mainEntityOfPage":{"@id":"https:\/\/sandzakpress.net\/arhiva\/odgovorni-za-siromastvo-i-iseljavanje\/"},"wordCount":695,"commentCount":0,"publisher":{"@id":"https:\/\/sandzakpress.net\/arhiva\/#\/schema\/person\/6e72b67d6e51910a1117b3b483ba20bd"},"image":{"@id":"https:\/\/sandzakpress.net\/arhiva\/odgovorni-za-siromastvo-i-iseljavanje\/#primaryimage"},"thumbnailUrl":"https:\/\/sandzakpress.net\/arhiva\/wp-content\/uploads\/2011\/04\/images18.jpg","articleSection":["Nova Varo\u0161","Dru\u0161tvo"],"inLanguage":"bs-BA","potentialAction":[{"@type":"CommentAction","name":"Comment","target":["https:\/\/sandzakpress.net\/arhiva\/odgovorni-za-siromastvo-i-iseljavanje\/#respond"]}]},{"@type":"WebPage","@id":"https:\/\/sandzakpress.net\/arhiva\/odgovorni-za-siromastvo-i-iseljavanje\/","url":"https:\/\/sandzakpress.net\/arhiva\/odgovorni-za-siromastvo-i-iseljavanje\/","name":"Odgovorni za siroma\u0161tvo i iseljavanje","isPartOf":{"@id":"https:\/\/sandzakpress.net\/arhiva\/#website"},"primaryImageOfPage":{"@id":"https:\/\/sandzakpress.net\/arhiva\/odgovorni-za-siromastvo-i-iseljavanje\/#primaryimage"},"image":{"@id":"https:\/\/sandzakpress.net\/arhiva\/odgovorni-za-siromastvo-i-iseljavanje\/#primaryimage"},"thumbnailUrl":"https:\/\/sandzakpress.net\/arhiva\/wp-content\/uploads\/2011\/04\/images18.jpg","datePublished":"2011-04-28T08:44:28+00:00","breadcrumb":{"@id":"https:\/\/sandzakpress.net\/arhiva\/odgovorni-za-siromastvo-i-iseljavanje\/#breadcrumb"},"inLanguage":"bs-BA","potentialAction":[{"@type":"ReadAction","target":["https:\/\/sandzakpress.net\/arhiva\/odgovorni-za-siromastvo-i-iseljavanje\/"]}]},{"@type":"ImageObject","inLanguage":"bs-BA","@id":"https:\/\/sandzakpress.net\/arhiva\/odgovorni-za-siromastvo-i-iseljavanje\/#primaryimage","url":"https:\/\/sandzakpress.net\/arhiva\/wp-content\/uploads\/2011\/04\/images18.jpg","contentUrl":"https:\/\/sandzakpress.net\/arhiva\/wp-content\/uploads\/2011\/04\/images18.jpg","width":253,"height":199},{"@type":"BreadcrumbList","@id":"https:\/\/sandzakpress.net\/arhiva\/odgovorni-za-siromastvo-i-iseljavanje\/#breadcrumb","itemListElement":[{"@type":"ListItem","position":1,"name":"Home","item":"https:\/\/sandzakpress.net\/arhiva\/"},{"@type":"ListItem","position":2,"name":"Odgovorni za siroma\u0161tvo i iseljavanje"}]},{"@type":"WebSite","@id":"https:\/\/sandzakpress.net\/arhiva\/#website","url":"https:\/\/sandzakpress.net\/arhiva\/","name":"Sand\u017eak PRESS","description":"Prve elektronske novine u Sand\u017eaku","publisher":{"@id":"https:\/\/sandzakpress.net\/arhiva\/#\/schema\/person\/6e72b67d6e51910a1117b3b483ba20bd"},"potentialAction":[{"@type":"SearchAction","target":{"@type":"EntryPoint","urlTemplate":"https:\/\/sandzakpress.net\/arhiva\/?s={search_term_string}"},"query-input":{"@type":"PropertyValueSpecification","valueRequired":true,"valueName":"search_term_string"}}],"inLanguage":"bs-BA"},{"@type":["Person","Organization"],"@id":"https:\/\/sandzakpress.net\/arhiva\/#\/schema\/person\/6e72b67d6e51910a1117b3b483ba20bd","name":"Kul","image":{"@type":"ImageObject","inLanguage":"bs-BA","@id":"https:\/\/sandzakpress.net\/arhiva\/#\/schema\/person\/image\/","url":"https:\/\/secure.gravatar.com\/avatar\/42263f39aa27ac04c43cab85c280eb2e?s=96&d=mm&r=pg","contentUrl":"https:\/\/secure.gravatar.com\/avatar\/42263f39aa27ac04c43cab85c280eb2e?s=96&d=mm&r=pg","caption":"Kul"},"logo":{"@id":"https:\/\/sandzakpress.net\/arhiva\/#\/schema\/person\/image\/"}},{"@type":"Person","@id":"","url":"https:\/\/sandzakpress.net\/arhiva\/author\/"}]}},"_links":{"self":[{"href":"https:\/\/sandzakpress.net\/arhiva\/wp-json\/wp\/v2\/posts\/15474"}],"collection":[{"href":"https:\/\/sandzakpress.net\/arhiva\/wp-json\/wp\/v2\/posts"}],"about":[{"href":"https:\/\/sandzakpress.net\/arhiva\/wp-json\/wp\/v2\/types\/post"}],"author":[{"embeddable":true,"href":"https:\/\/sandzakpress.net\/arhiva\/wp-json\/wp\/v2\/users\/13"}],"replies":[{"embeddable":true,"href":"https:\/\/sandzakpress.net\/arhiva\/wp-json\/wp\/v2\/comments?post=15474"}],"version-history":[{"count":0,"href":"https:\/\/sandzakpress.net\/arhiva\/wp-json\/wp\/v2\/posts\/15474\/revisions"}],"wp:featuredmedia":[{"embeddable":true,"href":"https:\/\/sandzakpress.net\/arhiva\/wp-json\/wp\/v2\/media\/15475"}],"wp:attachment":[{"href":"https:\/\/sandzakpress.net\/arhiva\/wp-json\/wp\/v2\/media?parent=15474"}],"wp:term":[{"taxonomy":"category","embeddable":true,"href":"https:\/\/sandzakpress.net\/arhiva\/wp-json\/wp\/v2\/categories?post=15474"},{"taxonomy":"post_tag","embeddable":true,"href":"https:\/\/sandzakpress.net\/arhiva\/wp-json\/wp\/v2\/tags?post=15474"}],"curies":[{"name":"wp","href":"https:\/\/api.w.org\/{rel}","templated":true}]}}