{"id":154329,"date":"2016-02-09T14:11:45","date_gmt":"2016-02-09T13:11:45","guid":{"rendered":"https:\/\/sandzakpress.net\/arhiva\/?p=154329"},"modified":"2016-02-09T14:11:45","modified_gmt":"2016-02-09T13:11:45","slug":"bijelo-polje-sto-radnih-mjesta-u-fabrici-za-bezdimno-susenje-mesa","status":"publish","type":"post","link":"https:\/\/sandzakpress.net\/arhiva\/bijelo-polje-sto-radnih-mjesta-u-fabrici-za-bezdimno-susenje-mesa\/","title":{"rendered":"Bijelo Polje: Sto radnih mjesta u fabrici za bezdimno su\u0161enje mesa"},"content":{"rendered":"<p><img decoding=\"async\" src=\"http:\/\/www.img2.cdm.me\/sites\/cdm.bild-studio.me\/files\/styles\/original\/public\/multimedia\/foto\/2016\/02\/05\/mesopromet3.jpg\" alt=\"\" \/><\/p>\n<p><strong>Bijelo Polje &#8211; Fabrika za bezdimno su\u0161enje mesa u Bijelom Polju bi trebalo sredinom ljeta da bude pu\u0161tena u rad, sa stotinu radnih mjesta na samom po\u010detku, kazao je direktor kompanije &#8220;Franca&#8221; Hilmija Franca, naglasiv\u0161i da je zavr\u0161eno pedeset odsto poslova, te da \u0107e u tom pogonu biti najsavremenija oprema.<\/strong><\/p>\n<p>On je danas, zajedno sa predsjednikom Odbora direktora Investicono-razvojnog \u00a0fonda Crne Gore Zoranom Vuk\u010devi\u0107em, predsjednikom op\u0161tine Bijelo Polje Aleksandrom \u017duri\u0107em, \u00a0i direktorom Atlas banke \u0110or\u0111em \u0110ur\u0111i\u0107em, obi\u0161ao radove na fabrici, koju gradi preduze\u0107e Franca sa italijanskim partnerima.<\/p>\n<p>Ta investicija je vrijedna oko \u0161et miliona eura, Investiciono-razvojni fon zajedno sa bankom i Op\u0161tinom podr\u017eao je projekat u iznosu od tri miliona eura, dok je tri miliona eura, zahvaljuju\u0107i Ministarstvu poljoprivrede, obezbije\u0111eno kod &#8220;Abu-dabi&#8221; fonda.<\/p>\n<p>&#8220;Mislim da \u0107e to biti jedini pogon ove vrste na Balkanu koji \u0107e mo\u0107i da izvozi proizvode na evropsko tr\u017ei\u0161te&#8221;, kazao je Franca.<\/p>\n<p>\u017duri\u0107 je istakao da \u0107e ta fabrika zna\u010dajno uticati ne samo na Bijelo Polje ve\u0107 na \u010ditav region, te da \u0107e u ovoj godini u Bijelom Polju biti izgra\u0111ene jo\u0161 dvije fabrike.\u00a0<\/p>\n<p>&#8220;Tako\u0111e imamo kompaniju Pelengi\u0107, koja gradi fabriku za preradu drveta, a imamo i projekat mljekare Milk-raft, koji je kreditom sa Abu-dabi fondom u\u010dinjen veoma izvjesnim, i bi\u0107e veoma zna\u010daj za \u010ditav region, jer \u0107e kapacitet otkupa i prerade mlijeka biti \u010detiri puta ve\u0107i nego \u0161to je ukupna prizvodnja mlijeka u Bijelom Polju&#8221;, kazao je \u017duri\u0107.\u00a0<\/p>\n<p>On je istakao da je rije\u010d ne samo o podsticaju kroz lokalno progla\u0161enje biznis zona, ve\u0107 i kroz veoma aktivno u\u010de\u0161\u0107e dr\u017eave.\u00a0<\/p>\n<p>&#8220;Ono \u0161to smo \u010dinili u protekloj deceniji, pozicioniralo je Bijelo Polje kao regionalni centar sa rije\u0161enim najkrupnijim infrastrukturnim problemima, sa konturama urbane sredine koju je dobilo realizacijom takvih projekata. Investitori su to prepoznali i na kraju smo dobili efekat koji nam i jeste bio cilj-nove investicije, otvaranje novih radnih mjesta i perspektiva za mlade ljude u najskorijoj budu\u0107nosti&#8221;, dodao je predsjednik \u017duri\u0107.<\/p>\n<p>On je napomenuo da su poslije tri decenije u izgradnji veliki industrijski objekti.\u00a0<\/p>\n<p>&#8220;Po onome \u0161to smo vidjeli na licu mjesta, projekat \u0107e se realizovati i prije predvi\u0111enog roka koji je najavljen na Dan Op\u0161tine, a pored ovog projekta smo najavili i neke razvojne projekte, prije svega mislim na otvaranje bjelopoljske strane Bjelasice, \u0110alovi\u0107a pe\u0107inu i neke zna\u010dajne komunalne projekte poput kolektora&#8221;, kazao je \u017duri\u0107. \u00a0<\/p>\n<p>Kreditori tog projekta su Investiciono razvojni fond i Atlas banka.\u00a0<\/p>\n<p>\u0110ur\u0111i\u0107 je kazao da je projekat koji kompanija Meso-promet radi u Bijelom Polju zadovoljava sve standarde, jer je to izuzetan razvojni potencijal i potencijal za otvaranje novih radnih mjesta.<\/p>\n<p>&#8220;Posebno je va\u017eno \u0161to se jedan ovakav projekat realizuje u Bijelom Polju, koje je veliki \u00a0regionalni centar i kad se ova fabrika otvori tokom godine da \u0107e to zna\u010dajno pospje\u0161iti \u00a0dalju prizvodnju u Bijelom Polju, kori\u0161\u0107enje svih resursa u prizvodnji mesa i svega onoga \u0161to \u0107e biti neophodno za ovakvu vrstu proizvodnje&#8221;, kazao je \u0110ur\u0111i\u0107.<\/p>\n<p>Vuk\u010devi\u0107 je kazao da je posebno zna\u010dajno \u0161to se radi o novom postupku proizvodnje trajnih i polutrajnih proizvoda, koji \u0107e zadovoljiti sve standarde Evropseke unije, \u0161to zna\u010di da ta roba mo\u017ee i\u0107i i na to tr\u017ei\u0161te.\u00a0<\/p>\n<p>&#8220;Investiciono razvojni fod je od po\u010detka do sada investirao 21,4 milona eura \u010dime je finansiran 131 projekat&#8221;, kazao je Vuk\u010devi\u0107.<\/p>\n<p>(Cdm)<\/p>\n","protected":false},"excerpt":{"rendered":"<p>Bijelo Polje &#8211; Fabrika za bezdimno su\u0161enje mesa u Bijelom Polju bi trebalo sredinom ljeta da bude pu\u0161tena u rad, sa stotinu radnih mjesta na samom po\u010detku, kazao je direktor kompanije &#8220;Franca&#8221; Hilmija Franca, naglasiv\u0161i da je zavr\u0161eno pedeset odsto poslova, te da \u0107e u tom pogonu biti najsavremenija oprema. On je danas, zajedno sa [&hellip;]<\/p>\n","protected":false},"author":83,"featured_media":154360,"comment_status":"open","ping_status":"open","sticky":false,"template":"","format":"standard","meta":{"footnotes":""},"categories":[3,396,16],"tags":[],"class_list":{"0":"post-154329","1":"post","2":"type-post","3":"status-publish","4":"format-standard","5":"has-post-thumbnail","7":"category-privreda","8":"category-bijelo_polje","9":"category-novine"},"yoast_head":"<!-- This site is optimized with the Yoast SEO Premium plugin v23.1 (Yoast SEO v24.9) - https:\/\/yoast.com\/wordpress\/plugins\/seo\/ -->\n<title>Bijelo Polje: Sto radnih mjesta u fabrici za bezdimno su\u0161enje mesa<\/title>\n<meta name=\"robots\" content=\"index, follow, max-snippet:-1, max-image-preview:large, max-video-preview:-1\" \/>\n<link rel=\"canonical\" href=\"https:\/\/sandzakpress.net\/arhiva\/bijelo-polje-sto-radnih-mjesta-u-fabrici-za-bezdimno-susenje-mesa\/\" \/>\n<meta property=\"og:locale\" content=\"bs_BA\" \/>\n<meta property=\"og:type\" content=\"article\" \/>\n<meta property=\"og:title\" content=\"Bijelo Polje: Sto radnih mjesta u fabrici za bezdimno su\u0161enje mesa\" \/>\n<meta property=\"og:description\" content=\"Bijelo Polje &#8211; Fabrika za bezdimno su\u0161enje mesa u Bijelom Polju bi trebalo sredinom ljeta da bude pu\u0161tena u rad, sa stotinu radnih mjesta na samom po\u010detku, kazao je direktor kompanije &#8220;Franca&#8221; Hilmija Franca, naglasiv\u0161i da je zavr\u0161eno pedeset odsto poslova, te da \u0107e u tom pogonu biti najsavremenija oprema. On je danas, zajedno sa [&hellip;]\" \/>\n<meta property=\"og:url\" content=\"https:\/\/sandzakpress.net\/arhiva\/bijelo-polje-sto-radnih-mjesta-u-fabrici-za-bezdimno-susenje-mesa\/\" \/>\n<meta property=\"og:site_name\" content=\"Sand\u017eak PRESS\" \/>\n<meta property=\"article:published_time\" content=\"2016-02-09T13:11:45+00:00\" \/>\n<meta property=\"og:image\" content=\"https:\/\/sandzakpress.net\/arhiva\/wp-content\/uploads\/2016\/02\/mesopromet3.jpg\" \/>\n\t<meta property=\"og:image:width\" content=\"640\" \/>\n\t<meta property=\"og:image:height\" content=\"480\" \/>\n\t<meta property=\"og:image:type\" content=\"image\/jpeg\" \/>\n<meta name=\"author\" content=\"bosniak\" \/>\n<meta name=\"twitter:card\" content=\"summary_large_image\" \/>\n<meta name=\"twitter:label1\" content=\"Written by\" \/>\n\t<meta name=\"twitter:data1\" content=\"bosniak\" \/>\n\t<meta name=\"twitter:label2\" content=\"Est. reading time\" \/>\n\t<meta name=\"twitter:data2\" content=\"3 minute\" \/>\n<script type=\"application\/ld+json\" class=\"yoast-schema-graph\">{\"@context\":\"https:\/\/schema.org\",\"@graph\":[{\"@type\":\"Article\",\"@id\":\"https:\/\/sandzakpress.net\/arhiva\/bijelo-polje-sto-radnih-mjesta-u-fabrici-za-bezdimno-susenje-mesa\/#article\",\"isPartOf\":{\"@id\":\"https:\/\/sandzakpress.net\/arhiva\/bijelo-polje-sto-radnih-mjesta-u-fabrici-za-bezdimno-susenje-mesa\/\"},\"author\":{\"name\":\"bosniak\",\"@id\":\"https:\/\/sandzakpress.net\/arhiva\/#\/schema\/person\/c8baee722073534b583ea7bdb2e36c02\"},\"headline\":\"Bijelo Polje: Sto radnih mjesta u fabrici za bezdimno su\u0161enje mesa\",\"datePublished\":\"2016-02-09T13:11:45+00:00\",\"mainEntityOfPage\":{\"@id\":\"https:\/\/sandzakpress.net\/arhiva\/bijelo-polje-sto-radnih-mjesta-u-fabrici-za-bezdimno-susenje-mesa\/\"},\"wordCount\":597,\"commentCount\":4,\"publisher\":{\"@id\":\"https:\/\/sandzakpress.net\/arhiva\/#\/schema\/person\/6e72b67d6e51910a1117b3b483ba20bd\"},\"image\":{\"@id\":\"https:\/\/sandzakpress.net\/arhiva\/bijelo-polje-sto-radnih-mjesta-u-fabrici-za-bezdimno-susenje-mesa\/#primaryimage\"},\"thumbnailUrl\":\"https:\/\/sandzakpress.net\/arhiva\/wp-content\/uploads\/2016\/02\/mesopromet3.jpg\",\"articleSection\":[\"Privreda\",\"Bijelo Polje\",\"Novine\"],\"inLanguage\":\"bs-BA\",\"potentialAction\":[{\"@type\":\"CommentAction\",\"name\":\"Comment\",\"target\":[\"https:\/\/sandzakpress.net\/arhiva\/bijelo-polje-sto-radnih-mjesta-u-fabrici-za-bezdimno-susenje-mesa\/#respond\"]}]},{\"@type\":\"WebPage\",\"@id\":\"https:\/\/sandzakpress.net\/arhiva\/bijelo-polje-sto-radnih-mjesta-u-fabrici-za-bezdimno-susenje-mesa\/\",\"url\":\"https:\/\/sandzakpress.net\/arhiva\/bijelo-polje-sto-radnih-mjesta-u-fabrici-za-bezdimno-susenje-mesa\/\",\"name\":\"Bijelo Polje: Sto radnih mjesta u fabrici za bezdimno su\u0161enje mesa\",\"isPartOf\":{\"@id\":\"https:\/\/sandzakpress.net\/arhiva\/#website\"},\"primaryImageOfPage\":{\"@id\":\"https:\/\/sandzakpress.net\/arhiva\/bijelo-polje-sto-radnih-mjesta-u-fabrici-za-bezdimno-susenje-mesa\/#primaryimage\"},\"image\":{\"@id\":\"https:\/\/sandzakpress.net\/arhiva\/bijelo-polje-sto-radnih-mjesta-u-fabrici-za-bezdimno-susenje-mesa\/#primaryimage\"},\"thumbnailUrl\":\"https:\/\/sandzakpress.net\/arhiva\/wp-content\/uploads\/2016\/02\/mesopromet3.jpg\",\"datePublished\":\"2016-02-09T13:11:45+00:00\",\"breadcrumb\":{\"@id\":\"https:\/\/sandzakpress.net\/arhiva\/bijelo-polje-sto-radnih-mjesta-u-fabrici-za-bezdimno-susenje-mesa\/#breadcrumb\"},\"inLanguage\":\"bs-BA\",\"potentialAction\":[{\"@type\":\"ReadAction\",\"target\":[\"https:\/\/sandzakpress.net\/arhiva\/bijelo-polje-sto-radnih-mjesta-u-fabrici-za-bezdimno-susenje-mesa\/\"]}]},{\"@type\":\"ImageObject\",\"inLanguage\":\"bs-BA\",\"@id\":\"https:\/\/sandzakpress.net\/arhiva\/bijelo-polje-sto-radnih-mjesta-u-fabrici-za-bezdimno-susenje-mesa\/#primaryimage\",\"url\":\"https:\/\/sandzakpress.net\/arhiva\/wp-content\/uploads\/2016\/02\/mesopromet3.jpg\",\"contentUrl\":\"https:\/\/sandzakpress.net\/arhiva\/wp-content\/uploads\/2016\/02\/mesopromet3.jpg\",\"width\":640,\"height\":480},{\"@type\":\"BreadcrumbList\",\"@id\":\"https:\/\/sandzakpress.net\/arhiva\/bijelo-polje-sto-radnih-mjesta-u-fabrici-za-bezdimno-susenje-mesa\/#breadcrumb\",\"itemListElement\":[{\"@type\":\"ListItem\",\"position\":1,\"name\":\"Home\",\"item\":\"https:\/\/sandzakpress.net\/arhiva\/\"},{\"@type\":\"ListItem\",\"position\":2,\"name\":\"Bijelo Polje: Sto radnih mjesta u fabrici za bezdimno su\u0161enje mesa\"}]},{\"@type\":\"WebSite\",\"@id\":\"https:\/\/sandzakpress.net\/arhiva\/#website\",\"url\":\"https:\/\/sandzakpress.net\/arhiva\/\",\"name\":\"Sand\u017eak PRESS\",\"description\":\"Prve elektronske novine u Sand\u017eaku\",\"publisher\":{\"@id\":\"https:\/\/sandzakpress.net\/arhiva\/#\/schema\/person\/6e72b67d6e51910a1117b3b483ba20bd\"},\"potentialAction\":[{\"@type\":\"SearchAction\",\"target\":{\"@type\":\"EntryPoint\",\"urlTemplate\":\"https:\/\/sandzakpress.net\/arhiva\/?s={search_term_string}\"},\"query-input\":{\"@type\":\"PropertyValueSpecification\",\"valueRequired\":true,\"valueName\":\"search_term_string\"}}],\"inLanguage\":\"bs-BA\"},{\"@type\":[\"Person\",\"Organization\"],\"@id\":\"https:\/\/sandzakpress.net\/arhiva\/#\/schema\/person\/6e72b67d6e51910a1117b3b483ba20bd\",\"name\":\"Kul\",\"image\":{\"@type\":\"ImageObject\",\"inLanguage\":\"bs-BA\",\"@id\":\"https:\/\/sandzakpress.net\/arhiva\/#\/schema\/person\/image\/\",\"url\":\"https:\/\/secure.gravatar.com\/avatar\/42263f39aa27ac04c43cab85c280eb2e?s=96&d=mm&r=pg\",\"contentUrl\":\"https:\/\/secure.gravatar.com\/avatar\/42263f39aa27ac04c43cab85c280eb2e?s=96&d=mm&r=pg\",\"caption\":\"Kul\"},\"logo\":{\"@id\":\"https:\/\/sandzakpress.net\/arhiva\/#\/schema\/person\/image\/\"}},{\"@type\":\"Person\",\"@id\":\"https:\/\/sandzakpress.net\/arhiva\/#\/schema\/person\/c8baee722073534b583ea7bdb2e36c02\",\"name\":\"bosniak\",\"image\":{\"@type\":\"ImageObject\",\"inLanguage\":\"bs-BA\",\"@id\":\"https:\/\/sandzakpress.net\/arhiva\/#\/schema\/person\/image\/\",\"url\":\"https:\/\/secure.gravatar.com\/avatar\/a04fd330bfe3a36a72a0ad4a6d89fca7?s=96&d=mm&r=pg\",\"contentUrl\":\"https:\/\/secure.gravatar.com\/avatar\/a04fd330bfe3a36a72a0ad4a6d89fca7?s=96&d=mm&r=pg\",\"caption\":\"bosniak\"},\"url\":\"https:\/\/sandzakpress.net\/arhiva\/author\/bosniak\/\"}]}<\/script>\n<!-- \/ Yoast SEO Premium plugin. -->","yoast_head_json":{"title":"Bijelo Polje: Sto radnih mjesta u fabrici za bezdimno su\u0161enje mesa","robots":{"index":"index","follow":"follow","max-snippet":"max-snippet:-1","max-image-preview":"max-image-preview:large","max-video-preview":"max-video-preview:-1"},"canonical":"https:\/\/sandzakpress.net\/arhiva\/bijelo-polje-sto-radnih-mjesta-u-fabrici-za-bezdimno-susenje-mesa\/","og_locale":"bs_BA","og_type":"article","og_title":"Bijelo Polje: Sto radnih mjesta u fabrici za bezdimno su\u0161enje mesa","og_description":"Bijelo Polje &#8211; Fabrika za bezdimno su\u0161enje mesa u Bijelom Polju bi trebalo sredinom ljeta da bude pu\u0161tena u rad, sa stotinu radnih mjesta na samom po\u010detku, kazao je direktor kompanije &#8220;Franca&#8221; Hilmija Franca, naglasiv\u0161i da je zavr\u0161eno pedeset odsto poslova, te da \u0107e u tom pogonu biti najsavremenija oprema. On je danas, zajedno sa [&hellip;]","og_url":"https:\/\/sandzakpress.net\/arhiva\/bijelo-polje-sto-radnih-mjesta-u-fabrici-za-bezdimno-susenje-mesa\/","og_site_name":"Sand\u017eak PRESS","article_published_time":"2016-02-09T13:11:45+00:00","og_image":[{"width":640,"height":480,"url":"https:\/\/sandzakpress.net\/arhiva\/wp-content\/uploads\/2016\/02\/mesopromet3.jpg","type":"image\/jpeg"}],"author":"bosniak","twitter_card":"summary_large_image","twitter_misc":{"Written by":"bosniak","Est. reading time":"3 minute"},"schema":{"@context":"https:\/\/schema.org","@graph":[{"@type":"Article","@id":"https:\/\/sandzakpress.net\/arhiva\/bijelo-polje-sto-radnih-mjesta-u-fabrici-za-bezdimno-susenje-mesa\/#article","isPartOf":{"@id":"https:\/\/sandzakpress.net\/arhiva\/bijelo-polje-sto-radnih-mjesta-u-fabrici-za-bezdimno-susenje-mesa\/"},"author":{"name":"bosniak","@id":"https:\/\/sandzakpress.net\/arhiva\/#\/schema\/person\/c8baee722073534b583ea7bdb2e36c02"},"headline":"Bijelo Polje: Sto radnih mjesta u fabrici za bezdimno su\u0161enje mesa","datePublished":"2016-02-09T13:11:45+00:00","mainEntityOfPage":{"@id":"https:\/\/sandzakpress.net\/arhiva\/bijelo-polje-sto-radnih-mjesta-u-fabrici-za-bezdimno-susenje-mesa\/"},"wordCount":597,"commentCount":4,"publisher":{"@id":"https:\/\/sandzakpress.net\/arhiva\/#\/schema\/person\/6e72b67d6e51910a1117b3b483ba20bd"},"image":{"@id":"https:\/\/sandzakpress.net\/arhiva\/bijelo-polje-sto-radnih-mjesta-u-fabrici-za-bezdimno-susenje-mesa\/#primaryimage"},"thumbnailUrl":"https:\/\/sandzakpress.net\/arhiva\/wp-content\/uploads\/2016\/02\/mesopromet3.jpg","articleSection":["Privreda","Bijelo Polje","Novine"],"inLanguage":"bs-BA","potentialAction":[{"@type":"CommentAction","name":"Comment","target":["https:\/\/sandzakpress.net\/arhiva\/bijelo-polje-sto-radnih-mjesta-u-fabrici-za-bezdimno-susenje-mesa\/#respond"]}]},{"@type":"WebPage","@id":"https:\/\/sandzakpress.net\/arhiva\/bijelo-polje-sto-radnih-mjesta-u-fabrici-za-bezdimno-susenje-mesa\/","url":"https:\/\/sandzakpress.net\/arhiva\/bijelo-polje-sto-radnih-mjesta-u-fabrici-za-bezdimno-susenje-mesa\/","name":"Bijelo Polje: Sto radnih mjesta u fabrici za bezdimno su\u0161enje mesa","isPartOf":{"@id":"https:\/\/sandzakpress.net\/arhiva\/#website"},"primaryImageOfPage":{"@id":"https:\/\/sandzakpress.net\/arhiva\/bijelo-polje-sto-radnih-mjesta-u-fabrici-za-bezdimno-susenje-mesa\/#primaryimage"},"image":{"@id":"https:\/\/sandzakpress.net\/arhiva\/bijelo-polje-sto-radnih-mjesta-u-fabrici-za-bezdimno-susenje-mesa\/#primaryimage"},"thumbnailUrl":"https:\/\/sandzakpress.net\/arhiva\/wp-content\/uploads\/2016\/02\/mesopromet3.jpg","datePublished":"2016-02-09T13:11:45+00:00","breadcrumb":{"@id":"https:\/\/sandzakpress.net\/arhiva\/bijelo-polje-sto-radnih-mjesta-u-fabrici-za-bezdimno-susenje-mesa\/#breadcrumb"},"inLanguage":"bs-BA","potentialAction":[{"@type":"ReadAction","target":["https:\/\/sandzakpress.net\/arhiva\/bijelo-polje-sto-radnih-mjesta-u-fabrici-za-bezdimno-susenje-mesa\/"]}]},{"@type":"ImageObject","inLanguage":"bs-BA","@id":"https:\/\/sandzakpress.net\/arhiva\/bijelo-polje-sto-radnih-mjesta-u-fabrici-za-bezdimno-susenje-mesa\/#primaryimage","url":"https:\/\/sandzakpress.net\/arhiva\/wp-content\/uploads\/2016\/02\/mesopromet3.jpg","contentUrl":"https:\/\/sandzakpress.net\/arhiva\/wp-content\/uploads\/2016\/02\/mesopromet3.jpg","width":640,"height":480},{"@type":"BreadcrumbList","@id":"https:\/\/sandzakpress.net\/arhiva\/bijelo-polje-sto-radnih-mjesta-u-fabrici-za-bezdimno-susenje-mesa\/#breadcrumb","itemListElement":[{"@type":"ListItem","position":1,"name":"Home","item":"https:\/\/sandzakpress.net\/arhiva\/"},{"@type":"ListItem","position":2,"name":"Bijelo Polje: Sto radnih mjesta u fabrici za bezdimno su\u0161enje mesa"}]},{"@type":"WebSite","@id":"https:\/\/sandzakpress.net\/arhiva\/#website","url":"https:\/\/sandzakpress.net\/arhiva\/","name":"Sand\u017eak PRESS","description":"Prve elektronske novine u Sand\u017eaku","publisher":{"@id":"https:\/\/sandzakpress.net\/arhiva\/#\/schema\/person\/6e72b67d6e51910a1117b3b483ba20bd"},"potentialAction":[{"@type":"SearchAction","target":{"@type":"EntryPoint","urlTemplate":"https:\/\/sandzakpress.net\/arhiva\/?s={search_term_string}"},"query-input":{"@type":"PropertyValueSpecification","valueRequired":true,"valueName":"search_term_string"}}],"inLanguage":"bs-BA"},{"@type":["Person","Organization"],"@id":"https:\/\/sandzakpress.net\/arhiva\/#\/schema\/person\/6e72b67d6e51910a1117b3b483ba20bd","name":"Kul","image":{"@type":"ImageObject","inLanguage":"bs-BA","@id":"https:\/\/sandzakpress.net\/arhiva\/#\/schema\/person\/image\/","url":"https:\/\/secure.gravatar.com\/avatar\/42263f39aa27ac04c43cab85c280eb2e?s=96&d=mm&r=pg","contentUrl":"https:\/\/secure.gravatar.com\/avatar\/42263f39aa27ac04c43cab85c280eb2e?s=96&d=mm&r=pg","caption":"Kul"},"logo":{"@id":"https:\/\/sandzakpress.net\/arhiva\/#\/schema\/person\/image\/"}},{"@type":"Person","@id":"https:\/\/sandzakpress.net\/arhiva\/#\/schema\/person\/c8baee722073534b583ea7bdb2e36c02","name":"bosniak","image":{"@type":"ImageObject","inLanguage":"bs-BA","@id":"https:\/\/sandzakpress.net\/arhiva\/#\/schema\/person\/image\/","url":"https:\/\/secure.gravatar.com\/avatar\/a04fd330bfe3a36a72a0ad4a6d89fca7?s=96&d=mm&r=pg","contentUrl":"https:\/\/secure.gravatar.com\/avatar\/a04fd330bfe3a36a72a0ad4a6d89fca7?s=96&d=mm&r=pg","caption":"bosniak"},"url":"https:\/\/sandzakpress.net\/arhiva\/author\/bosniak\/"}]}},"_links":{"self":[{"href":"https:\/\/sandzakpress.net\/arhiva\/wp-json\/wp\/v2\/posts\/154329"}],"collection":[{"href":"https:\/\/sandzakpress.net\/arhiva\/wp-json\/wp\/v2\/posts"}],"about":[{"href":"https:\/\/sandzakpress.net\/arhiva\/wp-json\/wp\/v2\/types\/post"}],"author":[{"embeddable":true,"href":"https:\/\/sandzakpress.net\/arhiva\/wp-json\/wp\/v2\/users\/83"}],"replies":[{"embeddable":true,"href":"https:\/\/sandzakpress.net\/arhiva\/wp-json\/wp\/v2\/comments?post=154329"}],"version-history":[{"count":0,"href":"https:\/\/sandzakpress.net\/arhiva\/wp-json\/wp\/v2\/posts\/154329\/revisions"}],"wp:featuredmedia":[{"embeddable":true,"href":"https:\/\/sandzakpress.net\/arhiva\/wp-json\/wp\/v2\/media\/154360"}],"wp:attachment":[{"href":"https:\/\/sandzakpress.net\/arhiva\/wp-json\/wp\/v2\/media?parent=154329"}],"wp:term":[{"taxonomy":"category","embeddable":true,"href":"https:\/\/sandzakpress.net\/arhiva\/wp-json\/wp\/v2\/categories?post=154329"},{"taxonomy":"post_tag","embeddable":true,"href":"https:\/\/sandzakpress.net\/arhiva\/wp-json\/wp\/v2\/tags?post=154329"}],"curies":[{"name":"wp","href":"https:\/\/api.w.org\/{rel}","templated":true}]}}