{"id":154256,"date":"2016-02-08T14:19:48","date_gmt":"2016-02-08T13:19:48","guid":{"rendered":"https:\/\/sandzakpress.net\/arhiva\/?p=154256"},"modified":"2016-02-08T17:37:39","modified_gmt":"2016-02-08T16:37:39","slug":"braunsvajg-njemacka-muftija-sandzacki-odrzao-predavanje-o-kuranu","status":"publish","type":"post","link":"https:\/\/sandzakpress.net\/arhiva\/braunsvajg-njemacka-muftija-sandzacki-odrzao-predavanje-o-kuranu\/","title":{"rendered":"Braun\u0161vajg \u2013 Njema\u010dka: Muftija sand\u017ea\u010dki odr\u017eao predavanje o Kur'anu"},"content":{"rendered":"<p><img loading=\"lazy\" decoding=\"async\" class=\"alignnone size-full wp-image-30883\" src=\"http:\/\/mesihat.org\/wp-content\/uploads\/2016\/02\/4b2c257c8347e702dfe8c39ce6210df721907e3ecb4e398e061782fb25321021.jpg\" sizes=\"(max-width: 852px) 100vw, 852px\" srcset=\"http:\/\/mesihat.org\/wp-content\/uploads\/2016\/02\/4b2c257c8347e702dfe8c39ce6210df721907e3ecb4e398e061782fb25321021-399x300.jpg 399w, http:\/\/mesihat.org\/wp-content\/uploads\/2016\/02\/4b2c257c8347e702dfe8c39ce6210df721907e3ecb4e398e061782fb25321021-768x577.jpg 768w, http:\/\/mesihat.org\/wp-content\/uploads\/2016\/02\/4b2c257c8347e702dfe8c39ce6210df721907e3ecb4e398e061782fb25321021-799x600.jpg 799w, http:\/\/mesihat.org\/wp-content\/uploads\/2016\/02\/4b2c257c8347e702dfe8c39ce6210df721907e3ecb4e398e061782fb25321021-80x60.jpg 80w, http:\/\/mesihat.org\/wp-content\/uploads\/2016\/02\/4b2c257c8347e702dfe8c39ce6210df721907e3ecb4e398e061782fb25321021.jpg 852w\" alt=\"4b2c257c8347e702dfe8c39ce6210df721907e3ecb4e398e061782fb25321021\" width=\"852\" height=\"640\" \/><\/p>\n<p><strong>Njema\u010dka &#8211; U prepunoj sali Islamskog kulturnog centra u Braun\u0161vajgu, u subotu 6. februara 2016. godine, muftija sand\u017ea\u010dki Muamer-ef. Zukorli\u0107 odr\u017eao je predavanje na temu \u201eUloga i zna\u010daj Kur'ana \u010casnog u \u017eivotu muslimana\u201c.<\/strong><\/p>\n<p>Tom prilikom, Muftija je kroz iscrpno izlaganje objasnio va\u017enost Bo\u017eije rije\u010di u svim segmentima \u017eivota pojedinca i zajednice, kako u dimenziji uvjerenja i mi\u0161ljenja, tako i u relaciji prakti\u010dnog \u017eivota kroz porodicu i dru\u0161tvo.<\/p>\n<p>Glavni moto ovog predavanja bio je kur'anski ajet: <em>\u201eZaista ovaj Kur'an upu\u0107uje na ono \u0161to je najvrijednije.\u201c<\/em><\/p>\n<p>Tokom izlaganja Muftija je analizirao raskorak izme\u0111u kur'anske poruke i lo\u0161eg stanja u islamskom ummetu, apostrofiraju\u0107i nedostatke u percepciji i prakticiraanju vjere i nagla\u0161avaju\u0107i da je takvo stanje posljedica nedostatka univerzalnosti vjere u \u017eivotu dana\u0161njih muslimana.<\/p>\n<p>Govore\u0107i o stanju na Bliskom istoku i drugim dijelovima svijeta, Muftija je kazao da su dana\u0161nji potoci muslimanske krvi posljedica surove pohlepe raznih osvaja\u010da te brojnih re\u017eimskih i drugih vi\u0161estoljetnih izdaja na ra\u010dun vjere i naroda.<\/p>\n<p>Nakon izlaganja, Muftija je imao razgovor sa aktivistima d\u017eemata sa prostora sjeverne Njema\u010dke gdje je odgovarao na brojna postavljena pitanja.<\/p>\n<p>(Me\u0161ihat)<\/p>\n<p><img loading=\"lazy\" decoding=\"async\" class=\"alignnone size-full wp-image-30884\" src=\"http:\/\/mesihat.org\/wp-content\/uploads\/2016\/02\/7ea6984b6e7a5ce4c270cf10c63d977b5dd9a2483abcef78010800c2e32d12f0.jpg\" sizes=\"(max-width: 1280px) 100vw, 1280px\" srcset=\"http:\/\/mesihat.org\/wp-content\/uploads\/2016\/02\/7ea6984b6e7a5ce4c270cf10c63d977b5dd9a2483abcef78010800c2e32d12f0-400x300.jpg 400w, http:\/\/mesihat.org\/wp-content\/uploads\/2016\/02\/7ea6984b6e7a5ce4c270cf10c63d977b5dd9a2483abcef78010800c2e32d12f0-768x576.jpg 768w, http:\/\/mesihat.org\/wp-content\/uploads\/2016\/02\/7ea6984b6e7a5ce4c270cf10c63d977b5dd9a2483abcef78010800c2e32d12f0-800x600.jpg 800w, http:\/\/mesihat.org\/wp-content\/uploads\/2016\/02\/7ea6984b6e7a5ce4c270cf10c63d977b5dd9a2483abcef78010800c2e32d12f0-80x60.jpg 80w, http:\/\/mesihat.org\/wp-content\/uploads\/2016\/02\/7ea6984b6e7a5ce4c270cf10c63d977b5dd9a2483abcef78010800c2e32d12f0.jpg 1280w\" alt=\"7ea6984b6e7a5ce4c270cf10c63d977b5dd9a2483abcef78010800c2e32d12f0\" width=\"1280\" height=\"960\" \/><img loading=\"lazy\" decoding=\"async\" class=\"alignnone size-full wp-image-30885\" src=\"http:\/\/mesihat.org\/wp-content\/uploads\/2016\/02\/9c56e87f5526772d6804d25cc2944d16e856761be97ea717949d508917d35be6.jpg\" sizes=\"(max-width: 806px) 100vw, 806px\" srcset=\"http:\/\/mesihat.org\/wp-content\/uploads\/2016\/02\/9c56e87f5526772d6804d25cc2944d16e856761be97ea717949d508917d35be6-400x300.jpg 400w, http:\/\/mesihat.org\/wp-content\/uploads\/2016\/02\/9c56e87f5526772d6804d25cc2944d16e856761be97ea717949d508917d35be6-768x576.jpg 768w, http:\/\/mesihat.org\/wp-content\/uploads\/2016\/02\/9c56e87f5526772d6804d25cc2944d16e856761be97ea717949d508917d35be6-799x600.jpg 799w, http:\/\/mesihat.org\/wp-content\/uploads\/2016\/02\/9c56e87f5526772d6804d25cc2944d16e856761be97ea717949d508917d35be6-80x60.jpg 80w, http:\/\/mesihat.org\/wp-content\/uploads\/2016\/02\/9c56e87f5526772d6804d25cc2944d16e856761be97ea717949d508917d35be6.jpg 806w\" alt=\"9c56e87f5526772d6804d25cc2944d16e856761be97ea717949d508917d35be6\" width=\"806\" height=\"605\" \/><img loading=\"lazy\" decoding=\"async\" class=\"alignnone size-full wp-image-30886\" src=\"http:\/\/mesihat.org\/wp-content\/uploads\/2016\/02\/15c72713a4bb5e3666f6cd1d6df022f09f9d9344d15bc899606a728a84eca1c5.jpg\" sizes=\"(max-width: 960px) 100vw, 960px\" srcset=\"http:\/\/mesihat.org\/wp-content\/uploads\/2016\/02\/15c72713a4bb5e3666f6cd1d6df022f09f9d9344d15bc899606a728a84eca1c5-400x300.jpg 400w, http:\/\/mesihat.org\/wp-content\/uploads\/2016\/02\/15c72713a4bb5e3666f6cd1d6df022f09f9d9344d15bc899606a728a84eca1c5-768x576.jpg 768w, http:\/\/mesihat.org\/wp-content\/uploads\/2016\/02\/15c72713a4bb5e3666f6cd1d6df022f09f9d9344d15bc899606a728a84eca1c5-800x600.jpg 800w, http:\/\/mesihat.org\/wp-content\/uploads\/2016\/02\/15c72713a4bb5e3666f6cd1d6df022f09f9d9344d15bc899606a728a84eca1c5-80x60.jpg 80w, http:\/\/mesihat.org\/wp-content\/uploads\/2016\/02\/15c72713a4bb5e3666f6cd1d6df022f09f9d9344d15bc899606a728a84eca1c5.jpg 960w\" alt=\"15c72713a4bb5e3666f6cd1d6df022f09f9d9344d15bc899606a728a84eca1c5\" width=\"960\" height=\"720\" \/><img loading=\"lazy\" decoding=\"async\" class=\"alignnone size-full wp-image-30887\" src=\"http:\/\/mesihat.org\/wp-content\/uploads\/2016\/02\/018a07b2af022ddad4b7c9b0bfbad786e559f5abe2560ccad7dfb206a127d284.jpg\" sizes=\"(max-width: 1280px) 100vw, 1280px\" srcset=\"http:\/\/mesihat.org\/wp-content\/uploads\/2016\/02\/018a07b2af022ddad4b7c9b0bfbad786e559f5abe2560ccad7dfb206a127d284-400x300.jpg 400w, http:\/\/mesihat.org\/wp-content\/uploads\/2016\/02\/018a07b2af022ddad4b7c9b0bfbad786e559f5abe2560ccad7dfb206a127d284-768x576.jpg 768w, http:\/\/mesihat.org\/wp-content\/uploads\/2016\/02\/018a07b2af022ddad4b7c9b0bfbad786e559f5abe2560ccad7dfb206a127d284-800x600.jpg 800w, http:\/\/mesihat.org\/wp-content\/uploads\/2016\/02\/018a07b2af022ddad4b7c9b0bfbad786e559f5abe2560ccad7dfb206a127d284-80x60.jpg 80w, http:\/\/mesihat.org\/wp-content\/uploads\/2016\/02\/018a07b2af022ddad4b7c9b0bfbad786e559f5abe2560ccad7dfb206a127d284.jpg 1280w\" alt=\"018a07b2af022ddad4b7c9b0bfbad786e559f5abe2560ccad7dfb206a127d284\" width=\"1280\" height=\"960\" \/><img loading=\"lazy\" decoding=\"async\" class=\"alignnone size-full wp-image-30888\" src=\"http:\/\/mesihat.org\/wp-content\/uploads\/2016\/02\/37b3cbb106fe0074964cbe7e8275ad304d83503cb8832742c364014b52d71003.jpg\" sizes=\"(max-width: 1280px) 100vw, 1280px\" srcset=\"http:\/\/mesihat.org\/wp-content\/uploads\/2016\/02\/37b3cbb106fe0074964cbe7e8275ad304d83503cb8832742c364014b52d71003-400x300.jpg 400w, http:\/\/mesihat.org\/wp-content\/uploads\/2016\/02\/37b3cbb106fe0074964cbe7e8275ad304d83503cb8832742c364014b52d71003-768x576.jpg 768w, http:\/\/mesihat.org\/wp-content\/uploads\/2016\/02\/37b3cbb106fe0074964cbe7e8275ad304d83503cb8832742c364014b52d71003-800x600.jpg 800w, http:\/\/mesihat.org\/wp-content\/uploads\/2016\/02\/37b3cbb106fe0074964cbe7e8275ad304d83503cb8832742c364014b52d71003-80x60.jpg 80w, http:\/\/mesihat.org\/wp-content\/uploads\/2016\/02\/37b3cbb106fe0074964cbe7e8275ad304d83503cb8832742c364014b52d71003.jpg 1280w\" alt=\"37b3cbb106fe0074964cbe7e8275ad304d83503cb8832742c364014b52d71003\" width=\"1280\" height=\"960\" \/><img loading=\"lazy\" decoding=\"async\" class=\"alignnone size-full wp-image-30889\" src=\"http:\/\/mesihat.org\/wp-content\/uploads\/2016\/02\/652cdf3e1259cd48e4725190c21cafa438b0115450cccd9f54be9844ec8dd06f.jpg\" sizes=\"(max-width: 1182px) 100vw, 1182px\" srcset=\"http:\/\/mesihat.org\/wp-content\/uploads\/2016\/02\/652cdf3e1259cd48e4725190c21cafa438b0115450cccd9f54be9844ec8dd06f-400x300.jpg 400w, http:\/\/mesihat.org\/wp-content\/uploads\/2016\/02\/652cdf3e1259cd48e4725190c21cafa438b0115450cccd9f54be9844ec8dd06f-768x576.jpg 768w, http:\/\/mesihat.org\/wp-content\/uploads\/2016\/02\/652cdf3e1259cd48e4725190c21cafa438b0115450cccd9f54be9844ec8dd06f-800x600.jpg 800w, http:\/\/mesihat.org\/wp-content\/uploads\/2016\/02\/652cdf3e1259cd48e4725190c21cafa438b0115450cccd9f54be9844ec8dd06f-80x60.jpg 80w, http:\/\/mesihat.org\/wp-content\/uploads\/2016\/02\/652cdf3e1259cd48e4725190c21cafa438b0115450cccd9f54be9844ec8dd06f.jpg 1182w\" alt=\"652cdf3e1259cd48e4725190c21cafa438b0115450cccd9f54be9844ec8dd06f\" width=\"1182\" height=\"887\" \/><img loading=\"lazy\" decoding=\"async\" class=\"alignnone size-full wp-image-30890\" src=\"http:\/\/mesihat.org\/wp-content\/uploads\/2016\/02\/999.jpg\" sizes=\"(max-width: 1280px) 100vw, 1280px\" srcset=\"http:\/\/mesihat.org\/wp-content\/uploads\/2016\/02\/999-400x300.jpg 400w, http:\/\/mesihat.org\/wp-content\/uploads\/2016\/02\/999-768x576.jpg 768w, http:\/\/mesihat.org\/wp-content\/uploads\/2016\/02\/999-800x600.jpg 800w, http:\/\/mesihat.org\/wp-content\/uploads\/2016\/02\/999-80x60.jpg 80w, http:\/\/mesihat.org\/wp-content\/uploads\/2016\/02\/999.jpg 1280w\" alt=\"999\" width=\"1280\" height=\"960\" \/><img loading=\"lazy\" decoding=\"async\" class=\"alignnone size-full wp-image-30891\" src=\"http:\/\/mesihat.org\/wp-content\/uploads\/2016\/02\/1053a067070d5caca765b5364bceea9b73d4b7604e1912b1ca3a944088909a80.jpg\" sizes=\"(max-width: 1280px) 100vw, 1280px\" srcset=\"http:\/\/mesihat.org\/wp-content\/uploads\/2016\/02\/1053a067070d5caca765b5364bceea9b73d4b7604e1912b1ca3a944088909a80-400x300.jpg 400w, http:\/\/mesihat.org\/wp-content\/uploads\/2016\/02\/1053a067070d5caca765b5364bceea9b73d4b7604e1912b1ca3a944088909a80-768x576.jpg 768w, http:\/\/mesihat.org\/wp-content\/uploads\/2016\/02\/1053a067070d5caca765b5364bceea9b73d4b7604e1912b1ca3a944088909a80-800x600.jpg 800w, http:\/\/mesihat.org\/wp-content\/uploads\/2016\/02\/1053a067070d5caca765b5364bceea9b73d4b7604e1912b1ca3a944088909a80-80x60.jpg 80w, http:\/\/mesihat.org\/wp-content\/uploads\/2016\/02\/1053a067070d5caca765b5364bceea9b73d4b7604e1912b1ca3a944088909a80.jpg 1280w\" alt=\"1053a067070d5caca765b5364bceea9b73d4b7604e1912b1ca3a944088909a80\" width=\"1280\" height=\"960\" \/><img loading=\"lazy\" decoding=\"async\" class=\"alignnone size-full wp-image-30892\" src=\"http:\/\/mesihat.org\/wp-content\/uploads\/2016\/02\/15496f7315d33dd92e557e972680421ff6dfd055b205870495afd8c01ce70eed.jpg\" sizes=\"(max-width: 1280px) 100vw, 1280px\" srcset=\"http:\/\/mesihat.org\/wp-content\/uploads\/2016\/02\/15496f7315d33dd92e557e972680421ff6dfd055b205870495afd8c01ce70eed-400x300.jpg 400w, http:\/\/mesihat.org\/wp-content\/uploads\/2016\/02\/15496f7315d33dd92e557e972680421ff6dfd055b205870495afd8c01ce70eed-768x576.jpg 768w, http:\/\/mesihat.org\/wp-content\/uploads\/2016\/02\/15496f7315d33dd92e557e972680421ff6dfd055b205870495afd8c01ce70eed-800x600.jpg 800w, http:\/\/mesihat.org\/wp-content\/uploads\/2016\/02\/15496f7315d33dd92e557e972680421ff6dfd055b205870495afd8c01ce70eed-80x60.jpg 80w, http:\/\/mesihat.org\/wp-content\/uploads\/2016\/02\/15496f7315d33dd92e557e972680421ff6dfd055b205870495afd8c01ce70eed.jpg 1280w\" alt=\"15496f7315d33dd92e557e972680421ff6dfd055b205870495afd8c01ce70eed\" width=\"1280\" height=\"960\" \/><img loading=\"lazy\" decoding=\"async\" class=\"alignnone size-full wp-image-30893\" src=\"http:\/\/mesihat.org\/wp-content\/uploads\/2016\/02\/cb0f9dab77e7674b5fe9e59fd49e8958985e3cec1247f9ac14d8d10e9ea718c5.jpg\" sizes=\"(max-width: 960px) 100vw, 960px\" srcset=\"http:\/\/mesihat.org\/wp-content\/uploads\/2016\/02\/cb0f9dab77e7674b5fe9e59fd49e8958985e3cec1247f9ac14d8d10e9ea718c5-400x300.jpg 400w, http:\/\/mesihat.org\/wp-content\/uploads\/2016\/02\/cb0f9dab77e7674b5fe9e59fd49e8958985e3cec1247f9ac14d8d10e9ea718c5-768x576.jpg 768w, http:\/\/mesihat.org\/wp-content\/uploads\/2016\/02\/cb0f9dab77e7674b5fe9e59fd49e8958985e3cec1247f9ac14d8d10e9ea718c5-800x600.jpg 800w, http:\/\/mesihat.org\/wp-content\/uploads\/2016\/02\/cb0f9dab77e7674b5fe9e59fd49e8958985e3cec1247f9ac14d8d10e9ea718c5-80x60.jpg 80w, http:\/\/mesihat.org\/wp-content\/uploads\/2016\/02\/cb0f9dab77e7674b5fe9e59fd49e8958985e3cec1247f9ac14d8d10e9ea718c5.jpg 960w\" alt=\"cb0f9dab77e7674b5fe9e59fd49e8958985e3cec1247f9ac14d8d10e9ea718c5\" width=\"960\" height=\"720\" \/><\/p>\n<p><em>Informativna slu\u017eba<br \/>Muftijstva sand\u017ea\u010dkog<\/em><\/p>\n","protected":false},"excerpt":{"rendered":"<p>Njema\u010dka &#8211; U prepunoj sali Islamskog kulturnog centra u Braun\u0161vajgu, u subotu 6. februara 2016. godine, muftija sand\u017ea\u010dki Muamer-ef. Zukorli\u0107 odr\u017eao je predavanje na temu \u201eUloga i zna\u010daj Kur'ana \u010casnog u \u017eivotu muslimana\u201c. Tom prilikom, Muftija je kroz iscrpno izlaganje objasnio va\u017enost Bo\u017eije rije\u010di u svim segmentima \u017eivota pojedinca i zajednice, kako u dimenziji uvjerenja [&hellip;]<\/p>\n","protected":false},"author":83,"featured_media":154257,"comment_status":"open","ping_status":"open","sticky":false,"template":"","format":"standard","meta":{"footnotes":""},"categories":[9538,802,8957],"tags":[10204],"class_list":{"0":"post-154256","1":"post","2":"type-post","3":"status-publish","4":"format-standard","5":"has-post-thumbnail","7":"category-njemacka-dijaspora-gradovi-vase-vijesti","8":"category-islamska_zajednica","9":"category-vijesti-dana","10":"tag-muftija-muamer-zukorlic"},"yoast_head":"<!-- This site is optimized with the Yoast SEO Premium plugin v23.1 (Yoast SEO v24.9) - https:\/\/yoast.com\/wordpress\/plugins\/seo\/ -->\n<title>Braun\u0161vajg \u2013 Njema\u010dka: Muftija sand\u017ea\u010dki odr\u017eao predavanje o Kur&#039;anu<\/title>\n<meta name=\"robots\" content=\"index, follow, max-snippet:-1, max-image-preview:large, max-video-preview:-1\" \/>\n<link rel=\"canonical\" href=\"https:\/\/sandzakpress.net\/arhiva\/braunsvajg-njemacka-muftija-sandzacki-odrzao-predavanje-o-kuranu\/\" \/>\n<meta property=\"og:locale\" content=\"bs_BA\" \/>\n<meta property=\"og:type\" content=\"article\" \/>\n<meta property=\"og:title\" content=\"Braun\u0161vajg \u2013 Njema\u010dka: Muftija sand\u017ea\u010dki odr\u017eao predavanje o Kur&#039;anu\" \/>\n<meta property=\"og:description\" content=\"Njema\u010dka &#8211; U prepunoj sali Islamskog kulturnog centra u Braun\u0161vajgu, u subotu 6. februara 2016. godine, muftija sand\u017ea\u010dki Muamer-ef. Zukorli\u0107 odr\u017eao je predavanje na temu \u201eUloga i zna\u010daj Kur&#039;ana \u010casnog u \u017eivotu muslimana\u201c. Tom prilikom, Muftija je kroz iscrpno izlaganje objasnio va\u017enost Bo\u017eije rije\u010di u svim segmentima \u017eivota pojedinca i zajednice, kako u dimenziji uvjerenja [&hellip;]\" \/>\n<meta property=\"og:url\" content=\"https:\/\/sandzakpress.net\/arhiva\/braunsvajg-njemacka-muftija-sandzacki-odrzao-predavanje-o-kuranu\/\" \/>\n<meta property=\"og:site_name\" content=\"Sand\u017eak PRESS\" \/>\n<meta property=\"article:published_time\" content=\"2016-02-08T13:19:48+00:00\" \/>\n<meta property=\"article:modified_time\" content=\"2016-02-08T16:37:39+00:00\" \/>\n<meta property=\"og:image\" content=\"https:\/\/sandzakpress.net\/arhiva\/wp-content\/uploads\/2016\/02\/4b2c257c8347e702dfe8c39ce6210df721907e3ecb4e398e061782fb25321021.jpg\" \/>\n\t<meta property=\"og:image:width\" content=\"852\" \/>\n\t<meta property=\"og:image:height\" content=\"640\" \/>\n\t<meta property=\"og:image:type\" content=\"image\/jpeg\" \/>\n<meta name=\"author\" content=\"bosniak\" \/>\n<meta name=\"twitter:card\" content=\"summary_large_image\" \/>\n<meta name=\"twitter:label1\" content=\"Written by\" \/>\n\t<meta name=\"twitter:data1\" content=\"bosniak\" \/>\n\t<meta name=\"twitter:label2\" content=\"Est. reading time\" \/>\n\t<meta name=\"twitter:data2\" content=\"1 minuta\" \/>\n<script type=\"application\/ld+json\" class=\"yoast-schema-graph\">{\"@context\":\"https:\/\/schema.org\",\"@graph\":[{\"@type\":\"Article\",\"@id\":\"https:\/\/sandzakpress.net\/arhiva\/braunsvajg-njemacka-muftija-sandzacki-odrzao-predavanje-o-kuranu\/#article\",\"isPartOf\":{\"@id\":\"https:\/\/sandzakpress.net\/arhiva\/braunsvajg-njemacka-muftija-sandzacki-odrzao-predavanje-o-kuranu\/\"},\"author\":{\"name\":\"bosniak\",\"@id\":\"https:\/\/sandzakpress.net\/arhiva\/#\/schema\/person\/c8baee722073534b583ea7bdb2e36c02\"},\"headline\":\"Braun\u0161vajg \u2013 Njema\u010dka: Muftija sand\u017ea\u010dki odr\u017eao predavanje o Kur'anu\",\"datePublished\":\"2016-02-08T13:19:48+00:00\",\"dateModified\":\"2016-02-08T16:37:39+00:00\",\"mainEntityOfPage\":{\"@id\":\"https:\/\/sandzakpress.net\/arhiva\/braunsvajg-njemacka-muftija-sandzacki-odrzao-predavanje-o-kuranu\/\"},\"wordCount\":227,\"commentCount\":37,\"publisher\":{\"@id\":\"https:\/\/sandzakpress.net\/arhiva\/#\/schema\/person\/6e72b67d6e51910a1117b3b483ba20bd\"},\"image\":{\"@id\":\"https:\/\/sandzakpress.net\/arhiva\/braunsvajg-njemacka-muftija-sandzacki-odrzao-predavanje-o-kuranu\/#primaryimage\"},\"thumbnailUrl\":\"https:\/\/sandzakpress.net\/arhiva\/wp-content\/uploads\/2016\/02\/4b2c257c8347e702dfe8c39ce6210df721907e3ecb4e398e061782fb25321021.jpg\",\"keywords\":[\"muftija Muamer Zukorli\u0107\"],\"articleSection\":[\"Njema\u010dka\",\"Islamska zajednica\",\"VIJESTI DANA\"],\"inLanguage\":\"bs-BA\",\"potentialAction\":[{\"@type\":\"CommentAction\",\"name\":\"Comment\",\"target\":[\"https:\/\/sandzakpress.net\/arhiva\/braunsvajg-njemacka-muftija-sandzacki-odrzao-predavanje-o-kuranu\/#respond\"]}]},{\"@type\":\"WebPage\",\"@id\":\"https:\/\/sandzakpress.net\/arhiva\/braunsvajg-njemacka-muftija-sandzacki-odrzao-predavanje-o-kuranu\/\",\"url\":\"https:\/\/sandzakpress.net\/arhiva\/braunsvajg-njemacka-muftija-sandzacki-odrzao-predavanje-o-kuranu\/\",\"name\":\"Braun\u0161vajg \u2013 Njema\u010dka: Muftija sand\u017ea\u010dki odr\u017eao predavanje o Kur'anu\",\"isPartOf\":{\"@id\":\"https:\/\/sandzakpress.net\/arhiva\/#website\"},\"primaryImageOfPage\":{\"@id\":\"https:\/\/sandzakpress.net\/arhiva\/braunsvajg-njemacka-muftija-sandzacki-odrzao-predavanje-o-kuranu\/#primaryimage\"},\"image\":{\"@id\":\"https:\/\/sandzakpress.net\/arhiva\/braunsvajg-njemacka-muftija-sandzacki-odrzao-predavanje-o-kuranu\/#primaryimage\"},\"thumbnailUrl\":\"https:\/\/sandzakpress.net\/arhiva\/wp-content\/uploads\/2016\/02\/4b2c257c8347e702dfe8c39ce6210df721907e3ecb4e398e061782fb25321021.jpg\",\"datePublished\":\"2016-02-08T13:19:48+00:00\",\"dateModified\":\"2016-02-08T16:37:39+00:00\",\"breadcrumb\":{\"@id\":\"https:\/\/sandzakpress.net\/arhiva\/braunsvajg-njemacka-muftija-sandzacki-odrzao-predavanje-o-kuranu\/#breadcrumb\"},\"inLanguage\":\"bs-BA\",\"potentialAction\":[{\"@type\":\"ReadAction\",\"target\":[\"https:\/\/sandzakpress.net\/arhiva\/braunsvajg-njemacka-muftija-sandzacki-odrzao-predavanje-o-kuranu\/\"]}]},{\"@type\":\"ImageObject\",\"inLanguage\":\"bs-BA\",\"@id\":\"https:\/\/sandzakpress.net\/arhiva\/braunsvajg-njemacka-muftija-sandzacki-odrzao-predavanje-o-kuranu\/#primaryimage\",\"url\":\"https:\/\/sandzakpress.net\/arhiva\/wp-content\/uploads\/2016\/02\/4b2c257c8347e702dfe8c39ce6210df721907e3ecb4e398e061782fb25321021.jpg\",\"contentUrl\":\"https:\/\/sandzakpress.net\/arhiva\/wp-content\/uploads\/2016\/02\/4b2c257c8347e702dfe8c39ce6210df721907e3ecb4e398e061782fb25321021.jpg\",\"width\":852,\"height\":640},{\"@type\":\"BreadcrumbList\",\"@id\":\"https:\/\/sandzakpress.net\/arhiva\/braunsvajg-njemacka-muftija-sandzacki-odrzao-predavanje-o-kuranu\/#breadcrumb\",\"itemListElement\":[{\"@type\":\"ListItem\",\"position\":1,\"name\":\"Home\",\"item\":\"https:\/\/sandzakpress.net\/arhiva\/\"},{\"@type\":\"ListItem\",\"position\":2,\"name\":\"Braun\u0161vajg \u2013 Njema\u010dka: Muftija sand\u017ea\u010dki odr\u017eao predavanje o Kur'anu\"}]},{\"@type\":\"WebSite\",\"@id\":\"https:\/\/sandzakpress.net\/arhiva\/#website\",\"url\":\"https:\/\/sandzakpress.net\/arhiva\/\",\"name\":\"Sand\u017eak PRESS\",\"description\":\"Prve elektronske novine u Sand\u017eaku\",\"publisher\":{\"@id\":\"https:\/\/sandzakpress.net\/arhiva\/#\/schema\/person\/6e72b67d6e51910a1117b3b483ba20bd\"},\"potentialAction\":[{\"@type\":\"SearchAction\",\"target\":{\"@type\":\"EntryPoint\",\"urlTemplate\":\"https:\/\/sandzakpress.net\/arhiva\/?s={search_term_string}\"},\"query-input\":{\"@type\":\"PropertyValueSpecification\",\"valueRequired\":true,\"valueName\":\"search_term_string\"}}],\"inLanguage\":\"bs-BA\"},{\"@type\":[\"Person\",\"Organization\"],\"@id\":\"https:\/\/sandzakpress.net\/arhiva\/#\/schema\/person\/6e72b67d6e51910a1117b3b483ba20bd\",\"name\":\"Kul\",\"image\":{\"@type\":\"ImageObject\",\"inLanguage\":\"bs-BA\",\"@id\":\"https:\/\/sandzakpress.net\/arhiva\/#\/schema\/person\/image\/\",\"url\":\"https:\/\/secure.gravatar.com\/avatar\/42263f39aa27ac04c43cab85c280eb2e?s=96&d=mm&r=pg\",\"contentUrl\":\"https:\/\/secure.gravatar.com\/avatar\/42263f39aa27ac04c43cab85c280eb2e?s=96&d=mm&r=pg\",\"caption\":\"Kul\"},\"logo\":{\"@id\":\"https:\/\/sandzakpress.net\/arhiva\/#\/schema\/person\/image\/\"}},{\"@type\":\"Person\",\"@id\":\"https:\/\/sandzakpress.net\/arhiva\/#\/schema\/person\/c8baee722073534b583ea7bdb2e36c02\",\"name\":\"bosniak\",\"image\":{\"@type\":\"ImageObject\",\"inLanguage\":\"bs-BA\",\"@id\":\"https:\/\/sandzakpress.net\/arhiva\/#\/schema\/person\/image\/\",\"url\":\"https:\/\/secure.gravatar.com\/avatar\/a04fd330bfe3a36a72a0ad4a6d89fca7?s=96&d=mm&r=pg\",\"contentUrl\":\"https:\/\/secure.gravatar.com\/avatar\/a04fd330bfe3a36a72a0ad4a6d89fca7?s=96&d=mm&r=pg\",\"caption\":\"bosniak\"},\"url\":\"https:\/\/sandzakpress.net\/arhiva\/author\/bosniak\/\"}]}<\/script>\n<!-- \/ Yoast SEO Premium plugin. -->","yoast_head_json":{"title":"Braun\u0161vajg \u2013 Njema\u010dka: Muftija sand\u017ea\u010dki odr\u017eao predavanje o Kur'anu","robots":{"index":"index","follow":"follow","max-snippet":"max-snippet:-1","max-image-preview":"max-image-preview:large","max-video-preview":"max-video-preview:-1"},"canonical":"https:\/\/sandzakpress.net\/arhiva\/braunsvajg-njemacka-muftija-sandzacki-odrzao-predavanje-o-kuranu\/","og_locale":"bs_BA","og_type":"article","og_title":"Braun\u0161vajg \u2013 Njema\u010dka: Muftija sand\u017ea\u010dki odr\u017eao predavanje o Kur'anu","og_description":"Njema\u010dka &#8211; U prepunoj sali Islamskog kulturnog centra u Braun\u0161vajgu, u subotu 6. februara 2016. godine, muftija sand\u017ea\u010dki Muamer-ef. Zukorli\u0107 odr\u017eao je predavanje na temu \u201eUloga i zna\u010daj Kur'ana \u010casnog u \u017eivotu muslimana\u201c. Tom prilikom, Muftija je kroz iscrpno izlaganje objasnio va\u017enost Bo\u017eije rije\u010di u svim segmentima \u017eivota pojedinca i zajednice, kako u dimenziji uvjerenja [&hellip;]","og_url":"https:\/\/sandzakpress.net\/arhiva\/braunsvajg-njemacka-muftija-sandzacki-odrzao-predavanje-o-kuranu\/","og_site_name":"Sand\u017eak PRESS","article_published_time":"2016-02-08T13:19:48+00:00","article_modified_time":"2016-02-08T16:37:39+00:00","og_image":[{"width":852,"height":640,"url":"https:\/\/sandzakpress.net\/arhiva\/wp-content\/uploads\/2016\/02\/4b2c257c8347e702dfe8c39ce6210df721907e3ecb4e398e061782fb25321021.jpg","type":"image\/jpeg"}],"author":"bosniak","twitter_card":"summary_large_image","twitter_misc":{"Written by":"bosniak","Est. reading time":"1 minuta"},"schema":{"@context":"https:\/\/schema.org","@graph":[{"@type":"Article","@id":"https:\/\/sandzakpress.net\/arhiva\/braunsvajg-njemacka-muftija-sandzacki-odrzao-predavanje-o-kuranu\/#article","isPartOf":{"@id":"https:\/\/sandzakpress.net\/arhiva\/braunsvajg-njemacka-muftija-sandzacki-odrzao-predavanje-o-kuranu\/"},"author":{"name":"bosniak","@id":"https:\/\/sandzakpress.net\/arhiva\/#\/schema\/person\/c8baee722073534b583ea7bdb2e36c02"},"headline":"Braun\u0161vajg \u2013 Njema\u010dka: Muftija sand\u017ea\u010dki odr\u017eao predavanje o Kur'anu","datePublished":"2016-02-08T13:19:48+00:00","dateModified":"2016-02-08T16:37:39+00:00","mainEntityOfPage":{"@id":"https:\/\/sandzakpress.net\/arhiva\/braunsvajg-njemacka-muftija-sandzacki-odrzao-predavanje-o-kuranu\/"},"wordCount":227,"commentCount":37,"publisher":{"@id":"https:\/\/sandzakpress.net\/arhiva\/#\/schema\/person\/6e72b67d6e51910a1117b3b483ba20bd"},"image":{"@id":"https:\/\/sandzakpress.net\/arhiva\/braunsvajg-njemacka-muftija-sandzacki-odrzao-predavanje-o-kuranu\/#primaryimage"},"thumbnailUrl":"https:\/\/sandzakpress.net\/arhiva\/wp-content\/uploads\/2016\/02\/4b2c257c8347e702dfe8c39ce6210df721907e3ecb4e398e061782fb25321021.jpg","keywords":["muftija Muamer Zukorli\u0107"],"articleSection":["Njema\u010dka","Islamska zajednica","VIJESTI DANA"],"inLanguage":"bs-BA","potentialAction":[{"@type":"CommentAction","name":"Comment","target":["https:\/\/sandzakpress.net\/arhiva\/braunsvajg-njemacka-muftija-sandzacki-odrzao-predavanje-o-kuranu\/#respond"]}]},{"@type":"WebPage","@id":"https:\/\/sandzakpress.net\/arhiva\/braunsvajg-njemacka-muftija-sandzacki-odrzao-predavanje-o-kuranu\/","url":"https:\/\/sandzakpress.net\/arhiva\/braunsvajg-njemacka-muftija-sandzacki-odrzao-predavanje-o-kuranu\/","name":"Braun\u0161vajg \u2013 Njema\u010dka: Muftija sand\u017ea\u010dki odr\u017eao predavanje o Kur'anu","isPartOf":{"@id":"https:\/\/sandzakpress.net\/arhiva\/#website"},"primaryImageOfPage":{"@id":"https:\/\/sandzakpress.net\/arhiva\/braunsvajg-njemacka-muftija-sandzacki-odrzao-predavanje-o-kuranu\/#primaryimage"},"image":{"@id":"https:\/\/sandzakpress.net\/arhiva\/braunsvajg-njemacka-muftija-sandzacki-odrzao-predavanje-o-kuranu\/#primaryimage"},"thumbnailUrl":"https:\/\/sandzakpress.net\/arhiva\/wp-content\/uploads\/2016\/02\/4b2c257c8347e702dfe8c39ce6210df721907e3ecb4e398e061782fb25321021.jpg","datePublished":"2016-02-08T13:19:48+00:00","dateModified":"2016-02-08T16:37:39+00:00","breadcrumb":{"@id":"https:\/\/sandzakpress.net\/arhiva\/braunsvajg-njemacka-muftija-sandzacki-odrzao-predavanje-o-kuranu\/#breadcrumb"},"inLanguage":"bs-BA","potentialAction":[{"@type":"ReadAction","target":["https:\/\/sandzakpress.net\/arhiva\/braunsvajg-njemacka-muftija-sandzacki-odrzao-predavanje-o-kuranu\/"]}]},{"@type":"ImageObject","inLanguage":"bs-BA","@id":"https:\/\/sandzakpress.net\/arhiva\/braunsvajg-njemacka-muftija-sandzacki-odrzao-predavanje-o-kuranu\/#primaryimage","url":"https:\/\/sandzakpress.net\/arhiva\/wp-content\/uploads\/2016\/02\/4b2c257c8347e702dfe8c39ce6210df721907e3ecb4e398e061782fb25321021.jpg","contentUrl":"https:\/\/sandzakpress.net\/arhiva\/wp-content\/uploads\/2016\/02\/4b2c257c8347e702dfe8c39ce6210df721907e3ecb4e398e061782fb25321021.jpg","width":852,"height":640},{"@type":"BreadcrumbList","@id":"https:\/\/sandzakpress.net\/arhiva\/braunsvajg-njemacka-muftija-sandzacki-odrzao-predavanje-o-kuranu\/#breadcrumb","itemListElement":[{"@type":"ListItem","position":1,"name":"Home","item":"https:\/\/sandzakpress.net\/arhiva\/"},{"@type":"ListItem","position":2,"name":"Braun\u0161vajg \u2013 Njema\u010dka: Muftija sand\u017ea\u010dki odr\u017eao predavanje o Kur'anu"}]},{"@type":"WebSite","@id":"https:\/\/sandzakpress.net\/arhiva\/#website","url":"https:\/\/sandzakpress.net\/arhiva\/","name":"Sand\u017eak PRESS","description":"Prve elektronske novine u Sand\u017eaku","publisher":{"@id":"https:\/\/sandzakpress.net\/arhiva\/#\/schema\/person\/6e72b67d6e51910a1117b3b483ba20bd"},"potentialAction":[{"@type":"SearchAction","target":{"@type":"EntryPoint","urlTemplate":"https:\/\/sandzakpress.net\/arhiva\/?s={search_term_string}"},"query-input":{"@type":"PropertyValueSpecification","valueRequired":true,"valueName":"search_term_string"}}],"inLanguage":"bs-BA"},{"@type":["Person","Organization"],"@id":"https:\/\/sandzakpress.net\/arhiva\/#\/schema\/person\/6e72b67d6e51910a1117b3b483ba20bd","name":"Kul","image":{"@type":"ImageObject","inLanguage":"bs-BA","@id":"https:\/\/sandzakpress.net\/arhiva\/#\/schema\/person\/image\/","url":"https:\/\/secure.gravatar.com\/avatar\/42263f39aa27ac04c43cab85c280eb2e?s=96&d=mm&r=pg","contentUrl":"https:\/\/secure.gravatar.com\/avatar\/42263f39aa27ac04c43cab85c280eb2e?s=96&d=mm&r=pg","caption":"Kul"},"logo":{"@id":"https:\/\/sandzakpress.net\/arhiva\/#\/schema\/person\/image\/"}},{"@type":"Person","@id":"https:\/\/sandzakpress.net\/arhiva\/#\/schema\/person\/c8baee722073534b583ea7bdb2e36c02","name":"bosniak","image":{"@type":"ImageObject","inLanguage":"bs-BA","@id":"https:\/\/sandzakpress.net\/arhiva\/#\/schema\/person\/image\/","url":"https:\/\/secure.gravatar.com\/avatar\/a04fd330bfe3a36a72a0ad4a6d89fca7?s=96&d=mm&r=pg","contentUrl":"https:\/\/secure.gravatar.com\/avatar\/a04fd330bfe3a36a72a0ad4a6d89fca7?s=96&d=mm&r=pg","caption":"bosniak"},"url":"https:\/\/sandzakpress.net\/arhiva\/author\/bosniak\/"}]}},"_links":{"self":[{"href":"https:\/\/sandzakpress.net\/arhiva\/wp-json\/wp\/v2\/posts\/154256"}],"collection":[{"href":"https:\/\/sandzakpress.net\/arhiva\/wp-json\/wp\/v2\/posts"}],"about":[{"href":"https:\/\/sandzakpress.net\/arhiva\/wp-json\/wp\/v2\/types\/post"}],"author":[{"embeddable":true,"href":"https:\/\/sandzakpress.net\/arhiva\/wp-json\/wp\/v2\/users\/83"}],"replies":[{"embeddable":true,"href":"https:\/\/sandzakpress.net\/arhiva\/wp-json\/wp\/v2\/comments?post=154256"}],"version-history":[{"count":0,"href":"https:\/\/sandzakpress.net\/arhiva\/wp-json\/wp\/v2\/posts\/154256\/revisions"}],"wp:featuredmedia":[{"embeddable":true,"href":"https:\/\/sandzakpress.net\/arhiva\/wp-json\/wp\/v2\/media\/154257"}],"wp:attachment":[{"href":"https:\/\/sandzakpress.net\/arhiva\/wp-json\/wp\/v2\/media?parent=154256"}],"wp:term":[{"taxonomy":"category","embeddable":true,"href":"https:\/\/sandzakpress.net\/arhiva\/wp-json\/wp\/v2\/categories?post=154256"},{"taxonomy":"post_tag","embeddable":true,"href":"https:\/\/sandzakpress.net\/arhiva\/wp-json\/wp\/v2\/tags?post=154256"}],"curies":[{"name":"wp","href":"https:\/\/api.w.org\/{rel}","templated":true}]}}