{"id":154176,"date":"2016-02-07T14:53:30","date_gmt":"2016-02-07T13:53:30","guid":{"rendered":"https:\/\/sandzakpress.net\/arhiva\/?p=154176"},"modified":"2016-02-07T14:53:30","modified_gmt":"2016-02-07T13:53:30","slug":"koliko-su-srbi-i-turci-svojta-2","status":"publish","type":"post","link":"https:\/\/sandzakpress.net\/arhiva\/koliko-su-srbi-i-turci-svojta-2\/","title":{"rendered":"Koliko su Srbi i Turci svojta"},"content":{"rendered":"<p><img loading=\"lazy\" decoding=\"async\" class=\"\" src=\"http:\/\/preporod.com\/images\/DRUSTVO\/teme\/2015\/08_August\/srbtur.jpg\" alt=\"\" width=\"601\" height=\"338\" \/><\/p>\n<p><strong>Srbija, Turska &#8211; Mnogo je toga u historiji na\u0161ih kom\u0161ija Srba obavijeno velom tajni. Ni narodna predaja, ni epske pjesmice, ni mitomanske pri\u010de &#8221;nebeskog naroda&#8221; pod stablom jedne \u0161ljive, ni protok stolje\u0107a, nisu jo\u0161 otkrili one istine koje Srbi ne \u017eele da \u010duju. Mnogi kada se suo\u010de sa ne\u010dim otkrivenim ne\u0107e da ka\u017eu da ne znaju o tome dovoljno ili ni\u0161ta, ve\u0107 su uvijek spremni kazati da to nije tako. Na pitanje kako bi sve to otkriveno moglo biti, jednostavno odgovaraju: Onako kako smo i dosad znali i kako su nam mozgove napumpali! Da li to oni zbog ove \u010dinjenice retroaktivno vole ili samo s vrha jezika preziru neke turske pretke? Kada nije ni na pomolu bilo tursko osvajanje na Balkanu, srpski vladari su imali kontakte sa turskim sultanima u raznim oblicima. Primaknimo se otkrivanju &#8221;zmijskih nogu&#8221; i sakrivene historije<\/strong><\/p>\n<p> SRBI SU BILI VELIKI PRIJATELJI SA OSMANLIJAMA<\/p>\n<p>Me\u0111u mnogim zagonetkama i historijskim skrivalicama, koje su Srbima svojstvene, bila je i ona o Kosovskom boju i rodbinskom prijateljstvu izme\u0111u njihovog i osmanlijskog dvora. Bili su veliki prijatelji sa Osmanlijama, sa kojima su se pripadnici dinastije Hrabrenovi\u0107a i Brankovi\u0107a orodili. Samo \u0161est mjeseci nakon Kosovskog boja, Lazarova udovica kneginja Milica( u legendama carica), po savjetu patrijarha i cijelog crkvenog sabora, dala je pristanak da se njena k\u0107erka Mileva\/Olivera uda za sultana Bajazita I. Tako su sultan Murat I i despot Lazar Hrabrenovi\u0107 pod zemljom postali prijatelji, a na zemlji je kneginja Milica postala punica sina \u010dovjeka koji je izdao naredbu o smaknu\u0107u njenog mu\u017ea, a Milevin\/Oliverin brat, novi despot Stefan Lazarevi\u0107, \u0161ura sultana Bajazita I.<\/p>\n<p>Sedam godina nakon Kosovskog boja, sultan Bajazit I je morao povesti bitku kod Nikopolja protiv kri\u017eara pod zapovjedni\u0161tvom ugarsko-ma\u0111arskog kralja \u017digmunda (Sigismunda) i u tom sukobu osmanlijska vojska je bila pred o\u010ditim porazom. U tom odsudnom \u010dasu, sultanu Bajazitu I , s desnog boka, u pomo\u0107 je pritekla vojska Stefana Lazarevi\u0107a, i tako je od velikog poraza, 1396.godine, jedan srpski \u0161ura spasio svoga voljenog turskog zeta. Bila je to pa\u017enja na osmanlijsko-srpski na\u010din. Srpski stariji i noviji romansijeri \u010desto su nam vrlo uspje\u0161no zaop\u0161tavali veliko prijateljstvo izme\u0111u srpske i turske strane.<br \/> Zet je vrlo dobro znao otvoriti i ganuti du\u0161u svoga \u0161ure Stefana: <br \/> &#8220;Ja tebe dr\u017eim kao starijega i miloga mi sina, i to ne krijem ni od koga, ni od onih \u0161to su ovdje ni od onih \u0161to su dalje na istoku. I ko je kod mene u takvoj \u010dasti kao ti? A ja ve\u0107 ulazim u starost. Da li \u0107u poginuti u ratu, ili \u0107u od bolesti umrijeti&#8230;? Ali me poslu\u0161aj, ja \u0107u ti kazati \u0161ta ti valja \u010diniti.&#8221;(1)<\/p>\n<p>I u borbama kod Angore 1402.godine Bajazitov \u0161ura S. Lazarevi\u0107 je pomagao sa 10 hiljada srpskih vojnika, ali protiv silnog tatarskog hana Timura nisu mogli odnijeti pobjedu. Po porazu na bojnom polju, Bajazit I je uba\u010den u demir-kavez da bi ga tatarski vojnici pokazivali narodu po Anadolu ali i njegovoj supruzi Milevi\/ Oliveri koja je bila primorana da potpuno naga poslu\u017euje pobje\u0161njele i pijane tatarske ratnike. Kada su sultana Bajazita doveli da vidi u kakvom mu je stanju supruga, on je, zbog velikog poni\u017eenja, od prevele tuge i bola neprebola svojom glavom udario u demire kaveza, razbio glavu i sa prosutim mozgom ubrzo umro(1403.) Nakon tog doga\u0111aja, Timur je oslobodio Oliveru i ona se sa svojim najmilijim sklonila na sigurno mjesto. Stefan Lazarevi\u0107 je nakon ove krvave bitke &#8221;imao okrvavljenu desnicu&#8221;.<\/p>\n<p>Sultan Murat II o\u017eenio se, 1435.godine, Marom, k\u0107erkom \u0110ur\u0111a Brankovi\u0107a, kasnije nazvanom Amarisa, koja je tim \u010dinom postala ma\u0107eha princu Mehmedu, budu\u0107em Mehmedu II Fatihu. Mehmed je 1451.godine natjerao oca da abdicira, a tim povodom je svoju ma\u0107ehu Maru, uz bogate darove, uputio bratu u Srbiju. Ona se kasnije zamona\u0161ila i umrla je u dubokoj starosti 1487.god. I Olivera i Mara zadr\u017eale su pravoslavnu vjeru i na dvoru su \u010dak dr\u017eale i pravoslavne sve\u0161tenike.<\/p>\n<p>SULEJMAN EL-KANUNI RAZMJENJIVAO GENE SA \u017dENOM NA\u0160IH KRAJEVA<\/p>\n<p>&#8221; Spomenuli smo ve\u0107 da su Turci, zailaze\u0107i u na\u0161e zemlje, ve\u0107 imali hri\u0161\u0107ana potur\u010denjaka. Odmah posle Kosovske bitke, i ako ne potur\u010denu, na dvoru sultana Bajazita nalazimo na\u0161u princezu Milevu(sultaniju Oliveru a kasnije monahinju Magdalenu, po knji\u017eevnom kriti\u010daru,Miodragu Petrovi\u0107u, to je ona u srpskom narodu opjevana Kosovka Djevojka op. E. A.)\u0107erku kneza Lazara. Na \u010detrdeset i ne\u0161to vi\u0161e godina potom, g. 1435., na sultanskom dvoru, opet nepotur\u010denu, nalazimo i drugu na\u0161u princezu, Maru, \u0107erku despota \u0110or\u0111a Brankovi\u0107a. Uz njih je na dvoru sultanskom bilo dosta Srba, dvorana i dvorkinja, bilo je sve\u0161tenika i kalu\u0111era i druge svite, sve sinovi i k\u0107eri na\u0161ega naroda i hri\u0161\u0107anske veroispovesti. Ako je bele\u0161ka Petra Bragadina iz godine 1566. ta\u010dna, prva zakonita \u017eena sultana Sulejmana (1520.-157 6 .), majka njegova prvoro\u0111ena sina Mustafe, bila je iz Crne Gore, a druga \u017eena Sulejmanova bila je Ruskinja(poljska jevrejka Aleksandra Lisovska, na istoku poznata kao Rokselana, oteta u Ukrajini dok je jo\u0161 bila mala i poklonjena turskom dvoru- op. E. A.). Potur\u010dene ili ne, i ove su dve sultanije imale jak uticaj na izmirenje dve vere u dr\u017eavi.&#8221;(2)<\/p>\n<p>GENI SU SE IZMIJE\u0160ALI<\/p>\n<p>U ljudskoj povijesti, na toj nepreglednoj traci po kojoj vje\u010dno \u0161etaju historija i historijska doga\u0111anja, na traci na kojoj se \u010dovjek stalno povija,dovija, uspravlja i pada, u burnim vremenima kada su mo\u0107nici \u017eeljeli biti jo\u0161 mo\u0107niji i vojnim penetracijama na neke \u0161ire zemaljske predjele jo\u0161 ja\u010di i silniji, o\u010ditovao se kolektivni identitet raznih populusa. Drugi manje mo\u0107ni a \u017eeljni da budu mo\u0107ni isto kao i oni prvi, svjesno su se utapali u tu\u0111e i druga\u010dije identitete, istinski ili la\u017eno, e da bi, kao krunska Bo\u017eija bi\u0107a, bili blizu carske krune i trona i tako dokazali da se ljudi ne mrze kada ne\u0161to ve\u0107 imaju (npr. zajedni\u010dki du\u0161ek) ve\u0107 zato \u0161to im ne\u0161to nedostaje kao vrlo pohlepnim bi\u0107ima. Srbima je u genima da kontinuirano ekskluzivno vladaju, a tronom su, bilo kakvim, \u017eestoko opsjednuti. Njih nevladanje nad \u0161irokim ljudskim masama naprosto ubija. Sje\u0107aju\u0107i se Kosova polja i poraza od Turaka, to je za njih nepregledno suzopolje, jer nikome kao Srbinu vlast tako nije prirasla za srce. Odvajkada u svim ratnim sukobima dolazilo je do mije\u0161anja naroda i sklapanja prijateljstava \u017eenidbenim vezama. Geni su se izmije\u0161ali. Vi\u0161e nema niti jednog gena a da nije &#8221;zapahnut&#8221; nekim drugim, pa za\u0161to je u cilju dana\u0161njim Srbima da kriju davnu reprodukciju ljudske vrste i da se odri\u010du starog prijateljstva i drevne hemije sa Turcima? Za\u0161to ponavljanje izraza potur\u010davanje kada je bolje kazati prihvat islama? Za izri\u010daj &#8221;biti Tur\u010din&#8221; uveliko je kriva i nekada\u0161nja turska vlast i administracija, ( Od kada si Tur\u010din? Od kalu bela!), mada administrativnog i masovnog uvo\u0111enja u islam nije nikad bilo u Turaka. Princeze Olivera i Mara i mnoge druge osobe na sultanovom dvoru govore sasvim jasno o veoma uspje\u0161noj tursko-srpskoj hemiji. Me\u0111utim, izri\u010daj o potur\u010davanju kao vidu konvertiranja iz vjere u vjeru ostao je u svijesti ili podsvijesti kod mnogih naroda koji su se \u017eeljeli rije\u0161iti turskog uticaja i vladanja. Dana\u0161nji Bo\u0161njaci trpe te velike previde turskih velika\u0161a. O\u010dito, da bi se sultan svemo\u0107no osje\u0107ao u nacionalnom smislu ( a svaki rat pravi naciju ve\u0107om i daje protagonisti priliku za mahnito kofr\u010denje), on kao da je kazao: Devlet i din \u2013 to sam ja! Iz tih razloga mi Bo\u0161njaci za Srbe va\u017eimo kao Turci, mada bi se toga trebali ve\u0107 jednom okaniti zbog njihove vlastite stare hemije, dobrovoljne razmjene gena i nekog ve\u0107 drevnog zajedni\u010dkog kurajbera. Uz to, ni po bilo kojoj vjeri nije lijepo kidati rodbinske veze!<\/p>\n<p>Na jednom internet forumu, na kojemu surfa\u010di dado\u0161e svoje stavove u povodu posjete Srbiji Abdulaha Gula, izvjesni Slobodan iz Be\u010da, oglasio se porukom: &#8221;Ho\u0107emo da budemo Evropljani sa Amerima i bra\u0107om Rusima, ali ne bez na\u0161ih predaka. Familija je familija!&#8221; Poslije ove poruke uhvatilo me razmi\u0161ljanje o napadima na nedavno date izjave ministra vanjskih poslova Turske, Ahmeta Davutoglua, od strane nekih beogradskih \u010dipova u BiH ( Dodik, Radmanovi\u0107, Kuzmanovi\u0107), i to samo zato \u0161to je A. D. ustvrdio da je Balkan jo\u0161 odavno bio jedinstven prostor kojeg pro\u017eimaju neke zajedni\u010dke karakteristike i duhovna ustrojstva i time, po \u010dipovima Beogradskog dvora, na kom sjedi Boris Tadi\u0107, kobajagi, nagovijestio obnovu Osmanlijske imperije. Kada je isti turski ministar samo nekoliko dana kasnije, u Zagrebu i Beogradu, kazao da bi narodi Balkana i Turci trebali biti ono \u0161to stvarno i jesu: vjekovna svojta u kulturi, ekonomiji, umjetnosti i mentalitetu, svi \u010dipovi Borisa Tadi\u0107a su ostali zaliveni i bez daljnjeg trabunjanja sa politi\u010dkih govornica o turskoj opasnosti. Nisu iskoordinirali neke detalje. Zaboravili da je Turska me\u0111u Srbima bila model pona\u0161anja. Ni ja, niti bilo koji Bo\u0161njak, nismo slikali Milo\u0161a Obrenovi\u0107a sa turbanom na glavi ( u ulici Kneza Milo\u0161a u BG). Nijedan Bo\u0161njak nije pravio spomenik Vuku Karad\u017ei\u0107u sa fesom na glavi usred Beograda. Valjda im je sada iz neke oblasti njihovog organizma stiglo u glavu da ispod sjajne historijske povr\u0161ine trebaju ve\u0107 jednom otkriti ono \u0161to se odavno trebalo znati.<\/p>\n<p>I definitivno, po liniji reprodukcije ljudske vrste i samog ranga geneze i rodoslovlja na ovim balkanskim prostorima, dragovoljno sam primoran da hajem Srbe, haman, koliko i Turke.<\/p>\n<p>Bilje\u0161ke:<\/p>\n<p>svojta &#8211; crnogorski tazbina, rodbina<\/p>\n<p>Danilo Mari\u0107: Suzopolje, roman, Beograd BIGZ,2000.godine <br \/> Jovan Had\u017ei Vasiljevi\u0107: Muslimani na\u0161e krvi u Ju\u017enoj Srbiji, \u0160tamparija &#8221;Sveti Sava, Beograd, 1924.g.)<\/p>\n<p>Tekst iz arhiva Preporoda (2010)<\/p>\n<p>(preporod.com)<\/p>\n","protected":false},"excerpt":{"rendered":"<p>Srbija, Turska &#8211; Mnogo je toga u historiji na\u0161ih kom\u0161ija Srba obavijeno velom tajni. Ni narodna predaja, ni epske pjesmice, ni mitomanske pri\u010de &#8221;nebeskog naroda&#8221; pod stablom jedne \u0161ljive, ni protok stolje\u0107a, nisu jo\u0161 otkrili one istine koje Srbi ne \u017eele da \u010duju. Mnogi kada se suo\u010de sa ne\u010dim otkrivenim ne\u0107e da ka\u017eu da ne [&hellip;]<\/p>\n","protected":false},"author":509,"featured_media":154178,"comment_status":"open","ping_status":"open","sticky":false,"template":"","format":"standard","meta":{"footnotes":""},"categories":[14,10307,798,2692],"tags":[],"class_list":{"0":"post-154176","1":"post","2":"type-post","3":"status-publish","4":"format-standard","5":"has-post-thumbnail","7":"category-sandzak-historija","8":"category-srbija","9":"category-teme","10":"category-turska-gradovi"},"yoast_head":"<!-- This site is optimized with the Yoast SEO Premium plugin v23.1 (Yoast SEO v24.9) - https:\/\/yoast.com\/wordpress\/plugins\/seo\/ -->\n<title>Koliko su Srbi i Turci svojta<\/title>\n<meta name=\"robots\" content=\"index, follow, max-snippet:-1, max-image-preview:large, max-video-preview:-1\" \/>\n<link rel=\"canonical\" href=\"https:\/\/sandzakpress.net\/arhiva\/koliko-su-srbi-i-turci-svojta-2\/\" \/>\n<meta property=\"og:locale\" content=\"bs_BA\" \/>\n<meta property=\"og:type\" content=\"article\" \/>\n<meta property=\"og:title\" content=\"Koliko su Srbi i Turci svojta\" \/>\n<meta property=\"og:description\" content=\"Srbija, Turska &#8211; Mnogo je toga u historiji na\u0161ih kom\u0161ija Srba obavijeno velom tajni. Ni narodna predaja, ni epske pjesmice, ni mitomanske pri\u010de &#8221;nebeskog naroda&#8221; pod stablom jedne \u0161ljive, ni protok stolje\u0107a, nisu jo\u0161 otkrili one istine koje Srbi ne \u017eele da \u010duju. Mnogi kada se suo\u010de sa ne\u010dim otkrivenim ne\u0107e da ka\u017eu da ne [&hellip;]\" \/>\n<meta property=\"og:url\" content=\"https:\/\/sandzakpress.net\/arhiva\/koliko-su-srbi-i-turci-svojta-2\/\" \/>\n<meta property=\"og:site_name\" content=\"Sand\u017eak PRESS\" \/>\n<meta property=\"article:published_time\" content=\"2016-02-07T13:53:30+00:00\" \/>\n<meta property=\"og:image\" content=\"https:\/\/sandzakpress.net\/arhiva\/wp-content\/uploads\/2016\/02\/srbtur.jpg\" \/>\n\t<meta property=\"og:image:width\" content=\"800\" \/>\n\t<meta property=\"og:image:height\" content=\"450\" \/>\n\t<meta property=\"og:image:type\" content=\"image\/jpeg\" \/>\n<meta name=\"author\" content=\"Agencija\" \/>\n<meta name=\"twitter:card\" content=\"summary_large_image\" \/>\n<meta name=\"twitter:label1\" content=\"Written by\" \/>\n\t<meta name=\"twitter:data1\" content=\"Agencija\" \/>\n\t<meta name=\"twitter:label2\" content=\"Est. reading time\" \/>\n\t<meta name=\"twitter:data2\" content=\"8 minuta\" \/>\n<script type=\"application\/ld+json\" class=\"yoast-schema-graph\">{\"@context\":\"https:\/\/schema.org\",\"@graph\":[{\"@type\":\"Article\",\"@id\":\"https:\/\/sandzakpress.net\/arhiva\/koliko-su-srbi-i-turci-svojta-2\/#article\",\"isPartOf\":{\"@id\":\"https:\/\/sandzakpress.net\/arhiva\/koliko-su-srbi-i-turci-svojta-2\/\"},\"author\":{\"name\":\"Agencija\",\"@id\":\"https:\/\/sandzakpress.net\/arhiva\/#\/schema\/person\/cb59d7e3ab91ab90dd680ad0305a6185\"},\"headline\":\"Koliko su Srbi i Turci svojta\",\"datePublished\":\"2016-02-07T13:53:30+00:00\",\"mainEntityOfPage\":{\"@id\":\"https:\/\/sandzakpress.net\/arhiva\/koliko-su-srbi-i-turci-svojta-2\/\"},\"wordCount\":1672,\"commentCount\":39,\"publisher\":{\"@id\":\"https:\/\/sandzakpress.net\/arhiva\/#\/schema\/person\/6e72b67d6e51910a1117b3b483ba20bd\"},\"image\":{\"@id\":\"https:\/\/sandzakpress.net\/arhiva\/koliko-su-srbi-i-turci-svojta-2\/#primaryimage\"},\"thumbnailUrl\":\"https:\/\/sandzakpress.net\/arhiva\/wp-content\/uploads\/2016\/02\/srbtur.jpg\",\"articleSection\":[\"Sand\u017eak HISTORIJA\",\"Srbija\",\"NAJNOVIJE\",\"Turska\"],\"inLanguage\":\"bs-BA\",\"potentialAction\":[{\"@type\":\"CommentAction\",\"name\":\"Comment\",\"target\":[\"https:\/\/sandzakpress.net\/arhiva\/koliko-su-srbi-i-turci-svojta-2\/#respond\"]}]},{\"@type\":\"WebPage\",\"@id\":\"https:\/\/sandzakpress.net\/arhiva\/koliko-su-srbi-i-turci-svojta-2\/\",\"url\":\"https:\/\/sandzakpress.net\/arhiva\/koliko-su-srbi-i-turci-svojta-2\/\",\"name\":\"Koliko su Srbi i Turci svojta\",\"isPartOf\":{\"@id\":\"https:\/\/sandzakpress.net\/arhiva\/#website\"},\"primaryImageOfPage\":{\"@id\":\"https:\/\/sandzakpress.net\/arhiva\/koliko-su-srbi-i-turci-svojta-2\/#primaryimage\"},\"image\":{\"@id\":\"https:\/\/sandzakpress.net\/arhiva\/koliko-su-srbi-i-turci-svojta-2\/#primaryimage\"},\"thumbnailUrl\":\"https:\/\/sandzakpress.net\/arhiva\/wp-content\/uploads\/2016\/02\/srbtur.jpg\",\"datePublished\":\"2016-02-07T13:53:30+00:00\",\"breadcrumb\":{\"@id\":\"https:\/\/sandzakpress.net\/arhiva\/koliko-su-srbi-i-turci-svojta-2\/#breadcrumb\"},\"inLanguage\":\"bs-BA\",\"potentialAction\":[{\"@type\":\"ReadAction\",\"target\":[\"https:\/\/sandzakpress.net\/arhiva\/koliko-su-srbi-i-turci-svojta-2\/\"]}]},{\"@type\":\"ImageObject\",\"inLanguage\":\"bs-BA\",\"@id\":\"https:\/\/sandzakpress.net\/arhiva\/koliko-su-srbi-i-turci-svojta-2\/#primaryimage\",\"url\":\"https:\/\/sandzakpress.net\/arhiva\/wp-content\/uploads\/2016\/02\/srbtur.jpg\",\"contentUrl\":\"https:\/\/sandzakpress.net\/arhiva\/wp-content\/uploads\/2016\/02\/srbtur.jpg\",\"width\":800,\"height\":450},{\"@type\":\"BreadcrumbList\",\"@id\":\"https:\/\/sandzakpress.net\/arhiva\/koliko-su-srbi-i-turci-svojta-2\/#breadcrumb\",\"itemListElement\":[{\"@type\":\"ListItem\",\"position\":1,\"name\":\"Home\",\"item\":\"https:\/\/sandzakpress.net\/arhiva\/\"},{\"@type\":\"ListItem\",\"position\":2,\"name\":\"Koliko su Srbi i Turci svojta\"}]},{\"@type\":\"WebSite\",\"@id\":\"https:\/\/sandzakpress.net\/arhiva\/#website\",\"url\":\"https:\/\/sandzakpress.net\/arhiva\/\",\"name\":\"Sand\u017eak PRESS\",\"description\":\"Prve elektronske novine u Sand\u017eaku\",\"publisher\":{\"@id\":\"https:\/\/sandzakpress.net\/arhiva\/#\/schema\/person\/6e72b67d6e51910a1117b3b483ba20bd\"},\"potentialAction\":[{\"@type\":\"SearchAction\",\"target\":{\"@type\":\"EntryPoint\",\"urlTemplate\":\"https:\/\/sandzakpress.net\/arhiva\/?s={search_term_string}\"},\"query-input\":{\"@type\":\"PropertyValueSpecification\",\"valueRequired\":true,\"valueName\":\"search_term_string\"}}],\"inLanguage\":\"bs-BA\"},{\"@type\":[\"Person\",\"Organization\"],\"@id\":\"https:\/\/sandzakpress.net\/arhiva\/#\/schema\/person\/6e72b67d6e51910a1117b3b483ba20bd\",\"name\":\"Kul\",\"image\":{\"@type\":\"ImageObject\",\"inLanguage\":\"bs-BA\",\"@id\":\"https:\/\/sandzakpress.net\/arhiva\/#\/schema\/person\/image\/\",\"url\":\"https:\/\/secure.gravatar.com\/avatar\/42263f39aa27ac04c43cab85c280eb2e?s=96&d=mm&r=pg\",\"contentUrl\":\"https:\/\/secure.gravatar.com\/avatar\/42263f39aa27ac04c43cab85c280eb2e?s=96&d=mm&r=pg\",\"caption\":\"Kul\"},\"logo\":{\"@id\":\"https:\/\/sandzakpress.net\/arhiva\/#\/schema\/person\/image\/\"}},{\"@type\":\"Person\",\"@id\":\"https:\/\/sandzakpress.net\/arhiva\/#\/schema\/person\/cb59d7e3ab91ab90dd680ad0305a6185\",\"name\":\"Agencija\",\"image\":{\"@type\":\"ImageObject\",\"inLanguage\":\"bs-BA\",\"@id\":\"https:\/\/sandzakpress.net\/arhiva\/#\/schema\/person\/image\/\",\"url\":\"https:\/\/secure.gravatar.com\/avatar\/4b7fafa80a22f0c2afe23966b3961fe0?s=96&d=mm&r=pg\",\"contentUrl\":\"https:\/\/secure.gravatar.com\/avatar\/4b7fafa80a22f0c2afe23966b3961fe0?s=96&d=mm&r=pg\",\"caption\":\"Agencija\"},\"url\":\"https:\/\/sandzakpress.net\/arhiva\/author\/agencija\/\"}]}<\/script>\n<!-- \/ Yoast SEO Premium plugin. -->","yoast_head_json":{"title":"Koliko su Srbi i Turci svojta","robots":{"index":"index","follow":"follow","max-snippet":"max-snippet:-1","max-image-preview":"max-image-preview:large","max-video-preview":"max-video-preview:-1"},"canonical":"https:\/\/sandzakpress.net\/arhiva\/koliko-su-srbi-i-turci-svojta-2\/","og_locale":"bs_BA","og_type":"article","og_title":"Koliko su Srbi i Turci svojta","og_description":"Srbija, Turska &#8211; Mnogo je toga u historiji na\u0161ih kom\u0161ija Srba obavijeno velom tajni. Ni narodna predaja, ni epske pjesmice, ni mitomanske pri\u010de &#8221;nebeskog naroda&#8221; pod stablom jedne \u0161ljive, ni protok stolje\u0107a, nisu jo\u0161 otkrili one istine koje Srbi ne \u017eele da \u010duju. Mnogi kada se suo\u010de sa ne\u010dim otkrivenim ne\u0107e da ka\u017eu da ne [&hellip;]","og_url":"https:\/\/sandzakpress.net\/arhiva\/koliko-su-srbi-i-turci-svojta-2\/","og_site_name":"Sand\u017eak PRESS","article_published_time":"2016-02-07T13:53:30+00:00","og_image":[{"width":800,"height":450,"url":"https:\/\/sandzakpress.net\/arhiva\/wp-content\/uploads\/2016\/02\/srbtur.jpg","type":"image\/jpeg"}],"author":"Agencija","twitter_card":"summary_large_image","twitter_misc":{"Written by":"Agencija","Est. reading time":"8 minuta"},"schema":{"@context":"https:\/\/schema.org","@graph":[{"@type":"Article","@id":"https:\/\/sandzakpress.net\/arhiva\/koliko-su-srbi-i-turci-svojta-2\/#article","isPartOf":{"@id":"https:\/\/sandzakpress.net\/arhiva\/koliko-su-srbi-i-turci-svojta-2\/"},"author":{"name":"Agencija","@id":"https:\/\/sandzakpress.net\/arhiva\/#\/schema\/person\/cb59d7e3ab91ab90dd680ad0305a6185"},"headline":"Koliko su Srbi i Turci svojta","datePublished":"2016-02-07T13:53:30+00:00","mainEntityOfPage":{"@id":"https:\/\/sandzakpress.net\/arhiva\/koliko-su-srbi-i-turci-svojta-2\/"},"wordCount":1672,"commentCount":39,"publisher":{"@id":"https:\/\/sandzakpress.net\/arhiva\/#\/schema\/person\/6e72b67d6e51910a1117b3b483ba20bd"},"image":{"@id":"https:\/\/sandzakpress.net\/arhiva\/koliko-su-srbi-i-turci-svojta-2\/#primaryimage"},"thumbnailUrl":"https:\/\/sandzakpress.net\/arhiva\/wp-content\/uploads\/2016\/02\/srbtur.jpg","articleSection":["Sand\u017eak HISTORIJA","Srbija","NAJNOVIJE","Turska"],"inLanguage":"bs-BA","potentialAction":[{"@type":"CommentAction","name":"Comment","target":["https:\/\/sandzakpress.net\/arhiva\/koliko-su-srbi-i-turci-svojta-2\/#respond"]}]},{"@type":"WebPage","@id":"https:\/\/sandzakpress.net\/arhiva\/koliko-su-srbi-i-turci-svojta-2\/","url":"https:\/\/sandzakpress.net\/arhiva\/koliko-su-srbi-i-turci-svojta-2\/","name":"Koliko su Srbi i Turci svojta","isPartOf":{"@id":"https:\/\/sandzakpress.net\/arhiva\/#website"},"primaryImageOfPage":{"@id":"https:\/\/sandzakpress.net\/arhiva\/koliko-su-srbi-i-turci-svojta-2\/#primaryimage"},"image":{"@id":"https:\/\/sandzakpress.net\/arhiva\/koliko-su-srbi-i-turci-svojta-2\/#primaryimage"},"thumbnailUrl":"https:\/\/sandzakpress.net\/arhiva\/wp-content\/uploads\/2016\/02\/srbtur.jpg","datePublished":"2016-02-07T13:53:30+00:00","breadcrumb":{"@id":"https:\/\/sandzakpress.net\/arhiva\/koliko-su-srbi-i-turci-svojta-2\/#breadcrumb"},"inLanguage":"bs-BA","potentialAction":[{"@type":"ReadAction","target":["https:\/\/sandzakpress.net\/arhiva\/koliko-su-srbi-i-turci-svojta-2\/"]}]},{"@type":"ImageObject","inLanguage":"bs-BA","@id":"https:\/\/sandzakpress.net\/arhiva\/koliko-su-srbi-i-turci-svojta-2\/#primaryimage","url":"https:\/\/sandzakpress.net\/arhiva\/wp-content\/uploads\/2016\/02\/srbtur.jpg","contentUrl":"https:\/\/sandzakpress.net\/arhiva\/wp-content\/uploads\/2016\/02\/srbtur.jpg","width":800,"height":450},{"@type":"BreadcrumbList","@id":"https:\/\/sandzakpress.net\/arhiva\/koliko-su-srbi-i-turci-svojta-2\/#breadcrumb","itemListElement":[{"@type":"ListItem","position":1,"name":"Home","item":"https:\/\/sandzakpress.net\/arhiva\/"},{"@type":"ListItem","position":2,"name":"Koliko su Srbi i Turci svojta"}]},{"@type":"WebSite","@id":"https:\/\/sandzakpress.net\/arhiva\/#website","url":"https:\/\/sandzakpress.net\/arhiva\/","name":"Sand\u017eak PRESS","description":"Prve elektronske novine u Sand\u017eaku","publisher":{"@id":"https:\/\/sandzakpress.net\/arhiva\/#\/schema\/person\/6e72b67d6e51910a1117b3b483ba20bd"},"potentialAction":[{"@type":"SearchAction","target":{"@type":"EntryPoint","urlTemplate":"https:\/\/sandzakpress.net\/arhiva\/?s={search_term_string}"},"query-input":{"@type":"PropertyValueSpecification","valueRequired":true,"valueName":"search_term_string"}}],"inLanguage":"bs-BA"},{"@type":["Person","Organization"],"@id":"https:\/\/sandzakpress.net\/arhiva\/#\/schema\/person\/6e72b67d6e51910a1117b3b483ba20bd","name":"Kul","image":{"@type":"ImageObject","inLanguage":"bs-BA","@id":"https:\/\/sandzakpress.net\/arhiva\/#\/schema\/person\/image\/","url":"https:\/\/secure.gravatar.com\/avatar\/42263f39aa27ac04c43cab85c280eb2e?s=96&d=mm&r=pg","contentUrl":"https:\/\/secure.gravatar.com\/avatar\/42263f39aa27ac04c43cab85c280eb2e?s=96&d=mm&r=pg","caption":"Kul"},"logo":{"@id":"https:\/\/sandzakpress.net\/arhiva\/#\/schema\/person\/image\/"}},{"@type":"Person","@id":"https:\/\/sandzakpress.net\/arhiva\/#\/schema\/person\/cb59d7e3ab91ab90dd680ad0305a6185","name":"Agencija","image":{"@type":"ImageObject","inLanguage":"bs-BA","@id":"https:\/\/sandzakpress.net\/arhiva\/#\/schema\/person\/image\/","url":"https:\/\/secure.gravatar.com\/avatar\/4b7fafa80a22f0c2afe23966b3961fe0?s=96&d=mm&r=pg","contentUrl":"https:\/\/secure.gravatar.com\/avatar\/4b7fafa80a22f0c2afe23966b3961fe0?s=96&d=mm&r=pg","caption":"Agencija"},"url":"https:\/\/sandzakpress.net\/arhiva\/author\/agencija\/"}]}},"_links":{"self":[{"href":"https:\/\/sandzakpress.net\/arhiva\/wp-json\/wp\/v2\/posts\/154176"}],"collection":[{"href":"https:\/\/sandzakpress.net\/arhiva\/wp-json\/wp\/v2\/posts"}],"about":[{"href":"https:\/\/sandzakpress.net\/arhiva\/wp-json\/wp\/v2\/types\/post"}],"author":[{"embeddable":true,"href":"https:\/\/sandzakpress.net\/arhiva\/wp-json\/wp\/v2\/users\/509"}],"replies":[{"embeddable":true,"href":"https:\/\/sandzakpress.net\/arhiva\/wp-json\/wp\/v2\/comments?post=154176"}],"version-history":[{"count":0,"href":"https:\/\/sandzakpress.net\/arhiva\/wp-json\/wp\/v2\/posts\/154176\/revisions"}],"wp:featuredmedia":[{"embeddable":true,"href":"https:\/\/sandzakpress.net\/arhiva\/wp-json\/wp\/v2\/media\/154178"}],"wp:attachment":[{"href":"https:\/\/sandzakpress.net\/arhiva\/wp-json\/wp\/v2\/media?parent=154176"}],"wp:term":[{"taxonomy":"category","embeddable":true,"href":"https:\/\/sandzakpress.net\/arhiva\/wp-json\/wp\/v2\/categories?post=154176"},{"taxonomy":"post_tag","embeddable":true,"href":"https:\/\/sandzakpress.net\/arhiva\/wp-json\/wp\/v2\/tags?post=154176"}],"curies":[{"name":"wp","href":"https:\/\/api.w.org\/{rel}","templated":true}]}}