{"id":15398,"date":"2011-04-27T14:12:42","date_gmt":"2011-04-27T12:12:42","guid":{"rendered":"https:\/\/sandzakpress.net\/arhiva\/?p=15398"},"modified":"2011-04-27T14:12:42","modified_gmt":"2011-04-27T12:12:42","slug":"albanaca-koliko-treba","status":"publish","type":"post","link":"https:\/\/sandzakpress.net\/arhiva\/albanaca-koliko-treba\/","title":{"rendered":"Albanaca koliko treba"},"content":{"rendered":"<p><strong><a href=\"https:\/\/sandzakpress.net\/arhiva\/wp-content\/uploads\/2011\/04\/reg-popis.jpg\"><img loading=\"lazy\" decoding=\"async\" class=\"alignleft size-medium wp-image-15399\" src=\"https:\/\/sandzakpress.net\/arhiva\/wp-content\/uploads\/2011\/04\/reg-popis-300x198.jpg\" alt=\"\" width=\"300\" height=\"198\" \/><\/a>Plav &#8211; Gusinje &#8211; Popis stanovni\u0161tva o kome se u Crnoj Gori jo\u0161 vode rasprave, tek \u0107e, kako vrijeme bude odmicalo i posebno kada budu objavljeni rezultati, biti predmet medijske pa\u017enje. Ve\u0107 sada se vuku poduga\u010dki \u201erepovi\u201c za ovim skupim i obimnim poslom, koji je u svakom civilizovanom dru\u0161tvu tehni\u010dka obaveza vlasti.<\/strong><\/p>\n<p>Selo Vusanje u op\u0107ini Plav, na samoj grani\u010dnoj me\u0111i sa Albanijom, kada se budu sumirali rezultati popisa, bi\u0107e rekorder po prira\u0161taju stanovni\u0161tva, od \u010dak 50 odsto! Me\u0111utim, kako tvrde dobro upu\u0107eni, u selu je \u201erealan prirast\u201c od \u010dak 200-300 odsto! Zahvaljuju\u0107i popisiva\u010dima koji su radili \u010dini se, \u201ena rije\u010d\u201c.<\/p>\n<p><strong>Partneri <\/strong>Interesantno, ove dvije partije u Plavu, koje su donedavno bile ljuti protivnici u ovom gradu, nisu \u017eeljele da za svoje kaolicione partnere izaberu Partiju za Gusinje ili Bo\u0161nja\u010dku stranku, ve\u0107 su se opredjelili za politi\u010dki dil sa tri nacionalne partije Albanaca.<\/p>\n<p>U selu je popisano 1.200 ljudi, iako u njemu \u017eivi daleko manji broj gra\u0111ana, isklju\u010divo Albanaca.<\/p>\n<p>&#8211; Ne vi\u0161e od 300 do 400 ljudi &#8211; ka\u017ee jedan od lokalnih funkcionera bo\u0161nja\u010dke nacionalnosti koji nije \u017eeleo da mu se pominje ime, napominju\u0107i da su zbog cijelog posla zategnuti unutarkoalicioni odnosi.<\/p>\n<p>&#8211; Odbornici \u201evje\u010dne koalicije\u201c DPS-SDP, imali su u op\u0107ini Plav \u017eu\u010dnu polemiku sa kolegama iz tri albanske partije sa kojima vr\u0161e lokalnu vlast. Tra\u017eili su poslednjeg dana popisa da se brojka upisanih svede u \u201erealne okvire\u201c. Naravno, Albanci nisu pristali, ba\u0161 kao da su oni organizatori popisa, pa su zaprijetili kidanjem koalicije. Odbornici DPS-SDP su se odmah u mirili, ka\u017ee ovaj \u010dovek iznose\u0107i frapantan podatak o demografskim promjenama u Plavu koje je doneo \u201epopis\u201c .<\/p>\n<p>U op\u0107ini Plav do sada je bilo oko 18 odsto Albanaca, a posle ovoga \u0107e ih biti oko 30 odsto! Zbog toga popis nije bio samo statisti\u010dko pitanje, kako su uveravali zvani\u010dnici. Na\u0161i izvori navode da je na referendumu u ovom selu glasalo oko 600 bira\u010da, od kojih mnogi nikada nisu ni stigli do bira\u010dkih mjesta.<\/p>\n<p>&#8211; Nije ih ni trista. To svi znamo, ne samo u Plavu &#8211; ka\u017ee ovaj politi\u010dar, vra\u0107aju\u0107i sje\u0107anja na referendum o crnogorskoj nezavisnosti kada je u plavskom selu Budojevice, glasalo nekoliko stotina bira\u010da, koje niko tih dana, pa ni na dan glasanja nije video u selu.<\/p>\n<p>&#8211; Do\u0161li su iz Amerike, kasno no\u0107u, rano glasali i oti\u0161li &#8211; pri\u010dali su tada zvani\u010dnici u Plavu, smeju\u0107i se pobjedni\u010dki na ra\u010dun svojih kom\u0161ija koji su bili protiv osamostaljenja Crne Gore.<\/p>\n<p>Sada se takva politika glasanja, o\u010digledno, vra\u0107a DPS, kojoj \u0107e Albanci u Plavu ubrzo, shodno rezultatima popisa po\u010deti da ispostavljaju ra\u010dune. Prvi su ve\u0107 ispostavili &#8211; dirnete li u rezultate popisa, ostajete bez vlasti, kazali su otvoreno predstavnicima partija koje \u201edrmaju\u201c Crnom Gorom.<\/p>\n<p><strong>Bilo propusta <\/strong>&#8211; Bilo je propusta prilikom popisa u Vusanju. U toku tog postupka, dr\u017eavni instruktori su utvrdili da u tim popisnim krugovima nije dobro sprovedene metodologija o popisu, koja se odnosi na popis lica koja \u017eive van Crne Gore, uglavnom u SAD. Utvr\u0111eno je da su u Vusanju upisivane i osobe koje \u017eive u inostranstvu, a \u010dije su ku\u0107e prazne. Po metodologiji, ta lica mogu prijaviti samo \u010dlanovi njihove u\u017ee porodice, saop\u0107eno je iz op\u0107ine Plav, povodom \u201epopisnog \u010duda\u201c u Vusanju, od koga \u0107e nekoga zaboljeti glava, mada bi \u201eodgovorne\u201c uveliko trebalo da makar zasvrbi.<\/p>\n<p>Izvor: <strong>Novosti.rs<\/strong><\/p>\n","protected":false},"excerpt":{"rendered":"<p>Plav &#8211; Gusinje &#8211; Popis stanovni\u0161tva o kome se u Crnoj Gori jo\u0161 vode rasprave, tek \u0107e, kako vrijeme bude odmicalo i posebno kada budu objavljeni rezultati, biti predmet medijske pa\u017enje. Ve\u0107 sada se vuku poduga\u010dki \u201erepovi\u201c za ovim skupim i obimnim poslom, koji je u svakom civilizovanom dru\u0161tvu tehni\u010dka obaveza vlasti. Selo Vusanje u [&hellip;]<\/p>\n","protected":false},"author":13,"featured_media":15399,"comment_status":"open","ping_status":"open","sticky":false,"template":"","format":"standard","meta":{"footnotes":""},"categories":[399,5],"tags":[],"class_list":{"0":"post-15398","1":"post","2":"type-post","3":"status-publish","4":"format-standard","5":"has-post-thumbnail","7":"category-plav_","8":"category-drustvo"},"yoast_head":"<!-- This site is optimized with the Yoast SEO Premium plugin v23.1 (Yoast SEO v24.9) - https:\/\/yoast.com\/wordpress\/plugins\/seo\/ -->\n<title>Albanaca koliko treba<\/title>\n<meta name=\"robots\" content=\"index, follow, max-snippet:-1, max-image-preview:large, max-video-preview:-1\" \/>\n<link rel=\"canonical\" href=\"https:\/\/sandzakpress.net\/arhiva\/albanaca-koliko-treba\/\" \/>\n<meta property=\"og:locale\" content=\"bs_BA\" \/>\n<meta property=\"og:type\" content=\"article\" \/>\n<meta property=\"og:title\" content=\"Albanaca koliko treba\" \/>\n<meta property=\"og:description\" content=\"Plav &#8211; Gusinje &#8211; Popis stanovni\u0161tva o kome se u Crnoj Gori jo\u0161 vode rasprave, tek \u0107e, kako vrijeme bude odmicalo i posebno kada budu objavljeni rezultati, biti predmet medijske pa\u017enje. Ve\u0107 sada se vuku poduga\u010dki \u201erepovi\u201c za ovim skupim i obimnim poslom, koji je u svakom civilizovanom dru\u0161tvu tehni\u010dka obaveza vlasti. Selo Vusanje u [&hellip;]\" \/>\n<meta property=\"og:url\" content=\"https:\/\/sandzakpress.net\/arhiva\/albanaca-koliko-treba\/\" \/>\n<meta property=\"og:site_name\" content=\"Sand\u017eak PRESS\" \/>\n<meta property=\"article:published_time\" content=\"2011-04-27T12:12:42+00:00\" \/>\n<meta property=\"og:image\" content=\"https:\/\/sandzakpress.net\/arhiva\/wp-content\/uploads\/2011\/04\/reg-popis.jpg\" \/>\n\t<meta property=\"og:image:width\" content=\"616\" \/>\n\t<meta property=\"og:image:height\" content=\"408\" \/>\n\t<meta property=\"og:image:type\" content=\"image\/jpeg\" \/>\n<meta name=\"twitter:card\" content=\"summary_large_image\" \/>\n<meta name=\"twitter:label1\" content=\"Written by\" \/>\n\t<meta name=\"twitter:data1\" content=\"\" \/>\n\t<meta name=\"twitter:label2\" content=\"Est. reading time\" \/>\n\t<meta name=\"twitter:data2\" content=\"3 minute\" \/>\n<script type=\"application\/ld+json\" class=\"yoast-schema-graph\">{\"@context\":\"https:\/\/schema.org\",\"@graph\":[{\"@type\":\"Article\",\"@id\":\"https:\/\/sandzakpress.net\/arhiva\/albanaca-koliko-treba\/#article\",\"isPartOf\":{\"@id\":\"https:\/\/sandzakpress.net\/arhiva\/albanaca-koliko-treba\/\"},\"author\":{\"name\":\"\",\"@id\":\"\"},\"headline\":\"Albanaca koliko treba\",\"datePublished\":\"2011-04-27T12:12:42+00:00\",\"mainEntityOfPage\":{\"@id\":\"https:\/\/sandzakpress.net\/arhiva\/albanaca-koliko-treba\/\"},\"wordCount\":601,\"commentCount\":3,\"publisher\":{\"@id\":\"https:\/\/sandzakpress.net\/arhiva\/#\/schema\/person\/6e72b67d6e51910a1117b3b483ba20bd\"},\"image\":{\"@id\":\"https:\/\/sandzakpress.net\/arhiva\/albanaca-koliko-treba\/#primaryimage\"},\"thumbnailUrl\":\"https:\/\/sandzakpress.net\/arhiva\/wp-content\/uploads\/2011\/04\/reg-popis.jpg\",\"articleSection\":[\"Plav\",\"Dru\u0161tvo\"],\"inLanguage\":\"bs-BA\",\"potentialAction\":[{\"@type\":\"CommentAction\",\"name\":\"Comment\",\"target\":[\"https:\/\/sandzakpress.net\/arhiva\/albanaca-koliko-treba\/#respond\"]}]},{\"@type\":\"WebPage\",\"@id\":\"https:\/\/sandzakpress.net\/arhiva\/albanaca-koliko-treba\/\",\"url\":\"https:\/\/sandzakpress.net\/arhiva\/albanaca-koliko-treba\/\",\"name\":\"Albanaca koliko treba\",\"isPartOf\":{\"@id\":\"https:\/\/sandzakpress.net\/arhiva\/#website\"},\"primaryImageOfPage\":{\"@id\":\"https:\/\/sandzakpress.net\/arhiva\/albanaca-koliko-treba\/#primaryimage\"},\"image\":{\"@id\":\"https:\/\/sandzakpress.net\/arhiva\/albanaca-koliko-treba\/#primaryimage\"},\"thumbnailUrl\":\"https:\/\/sandzakpress.net\/arhiva\/wp-content\/uploads\/2011\/04\/reg-popis.jpg\",\"datePublished\":\"2011-04-27T12:12:42+00:00\",\"breadcrumb\":{\"@id\":\"https:\/\/sandzakpress.net\/arhiva\/albanaca-koliko-treba\/#breadcrumb\"},\"inLanguage\":\"bs-BA\",\"potentialAction\":[{\"@type\":\"ReadAction\",\"target\":[\"https:\/\/sandzakpress.net\/arhiva\/albanaca-koliko-treba\/\"]}]},{\"@type\":\"ImageObject\",\"inLanguage\":\"bs-BA\",\"@id\":\"https:\/\/sandzakpress.net\/arhiva\/albanaca-koliko-treba\/#primaryimage\",\"url\":\"https:\/\/sandzakpress.net\/arhiva\/wp-content\/uploads\/2011\/04\/reg-popis.jpg\",\"contentUrl\":\"https:\/\/sandzakpress.net\/arhiva\/wp-content\/uploads\/2011\/04\/reg-popis.jpg\",\"width\":616,\"height\":408},{\"@type\":\"BreadcrumbList\",\"@id\":\"https:\/\/sandzakpress.net\/arhiva\/albanaca-koliko-treba\/#breadcrumb\",\"itemListElement\":[{\"@type\":\"ListItem\",\"position\":1,\"name\":\"Home\",\"item\":\"https:\/\/sandzakpress.net\/arhiva\/\"},{\"@type\":\"ListItem\",\"position\":2,\"name\":\"Albanaca koliko treba\"}]},{\"@type\":\"WebSite\",\"@id\":\"https:\/\/sandzakpress.net\/arhiva\/#website\",\"url\":\"https:\/\/sandzakpress.net\/arhiva\/\",\"name\":\"Sand\u017eak PRESS\",\"description\":\"Prve elektronske novine u Sand\u017eaku\",\"publisher\":{\"@id\":\"https:\/\/sandzakpress.net\/arhiva\/#\/schema\/person\/6e72b67d6e51910a1117b3b483ba20bd\"},\"potentialAction\":[{\"@type\":\"SearchAction\",\"target\":{\"@type\":\"EntryPoint\",\"urlTemplate\":\"https:\/\/sandzakpress.net\/arhiva\/?s={search_term_string}\"},\"query-input\":{\"@type\":\"PropertyValueSpecification\",\"valueRequired\":true,\"valueName\":\"search_term_string\"}}],\"inLanguage\":\"bs-BA\"},{\"@type\":[\"Person\",\"Organization\"],\"@id\":\"https:\/\/sandzakpress.net\/arhiva\/#\/schema\/person\/6e72b67d6e51910a1117b3b483ba20bd\",\"name\":\"Kul\",\"image\":{\"@type\":\"ImageObject\",\"inLanguage\":\"bs-BA\",\"@id\":\"https:\/\/sandzakpress.net\/arhiva\/#\/schema\/person\/image\/\",\"url\":\"https:\/\/secure.gravatar.com\/avatar\/42263f39aa27ac04c43cab85c280eb2e?s=96&d=mm&r=pg\",\"contentUrl\":\"https:\/\/secure.gravatar.com\/avatar\/42263f39aa27ac04c43cab85c280eb2e?s=96&d=mm&r=pg\",\"caption\":\"Kul\"},\"logo\":{\"@id\":\"https:\/\/sandzakpress.net\/arhiva\/#\/schema\/person\/image\/\"}},{\"@type\":\"Person\",\"@id\":\"\",\"url\":\"https:\/\/sandzakpress.net\/arhiva\/author\/\"}]}<\/script>\n<!-- \/ Yoast SEO Premium plugin. -->","yoast_head_json":{"title":"Albanaca koliko treba","robots":{"index":"index","follow":"follow","max-snippet":"max-snippet:-1","max-image-preview":"max-image-preview:large","max-video-preview":"max-video-preview:-1"},"canonical":"https:\/\/sandzakpress.net\/arhiva\/albanaca-koliko-treba\/","og_locale":"bs_BA","og_type":"article","og_title":"Albanaca koliko treba","og_description":"Plav &#8211; Gusinje &#8211; Popis stanovni\u0161tva o kome se u Crnoj Gori jo\u0161 vode rasprave, tek \u0107e, kako vrijeme bude odmicalo i posebno kada budu objavljeni rezultati, biti predmet medijske pa\u017enje. Ve\u0107 sada se vuku poduga\u010dki \u201erepovi\u201c za ovim skupim i obimnim poslom, koji je u svakom civilizovanom dru\u0161tvu tehni\u010dka obaveza vlasti. Selo Vusanje u [&hellip;]","og_url":"https:\/\/sandzakpress.net\/arhiva\/albanaca-koliko-treba\/","og_site_name":"Sand\u017eak PRESS","article_published_time":"2011-04-27T12:12:42+00:00","og_image":[{"width":616,"height":408,"url":"https:\/\/sandzakpress.net\/arhiva\/wp-content\/uploads\/2011\/04\/reg-popis.jpg","type":"image\/jpeg"}],"twitter_card":"summary_large_image","twitter_misc":{"Written by":"","Est. reading time":"3 minute"},"schema":{"@context":"https:\/\/schema.org","@graph":[{"@type":"Article","@id":"https:\/\/sandzakpress.net\/arhiva\/albanaca-koliko-treba\/#article","isPartOf":{"@id":"https:\/\/sandzakpress.net\/arhiva\/albanaca-koliko-treba\/"},"author":{"name":"","@id":""},"headline":"Albanaca koliko treba","datePublished":"2011-04-27T12:12:42+00:00","mainEntityOfPage":{"@id":"https:\/\/sandzakpress.net\/arhiva\/albanaca-koliko-treba\/"},"wordCount":601,"commentCount":3,"publisher":{"@id":"https:\/\/sandzakpress.net\/arhiva\/#\/schema\/person\/6e72b67d6e51910a1117b3b483ba20bd"},"image":{"@id":"https:\/\/sandzakpress.net\/arhiva\/albanaca-koliko-treba\/#primaryimage"},"thumbnailUrl":"https:\/\/sandzakpress.net\/arhiva\/wp-content\/uploads\/2011\/04\/reg-popis.jpg","articleSection":["Plav","Dru\u0161tvo"],"inLanguage":"bs-BA","potentialAction":[{"@type":"CommentAction","name":"Comment","target":["https:\/\/sandzakpress.net\/arhiva\/albanaca-koliko-treba\/#respond"]}]},{"@type":"WebPage","@id":"https:\/\/sandzakpress.net\/arhiva\/albanaca-koliko-treba\/","url":"https:\/\/sandzakpress.net\/arhiva\/albanaca-koliko-treba\/","name":"Albanaca koliko treba","isPartOf":{"@id":"https:\/\/sandzakpress.net\/arhiva\/#website"},"primaryImageOfPage":{"@id":"https:\/\/sandzakpress.net\/arhiva\/albanaca-koliko-treba\/#primaryimage"},"image":{"@id":"https:\/\/sandzakpress.net\/arhiva\/albanaca-koliko-treba\/#primaryimage"},"thumbnailUrl":"https:\/\/sandzakpress.net\/arhiva\/wp-content\/uploads\/2011\/04\/reg-popis.jpg","datePublished":"2011-04-27T12:12:42+00:00","breadcrumb":{"@id":"https:\/\/sandzakpress.net\/arhiva\/albanaca-koliko-treba\/#breadcrumb"},"inLanguage":"bs-BA","potentialAction":[{"@type":"ReadAction","target":["https:\/\/sandzakpress.net\/arhiva\/albanaca-koliko-treba\/"]}]},{"@type":"ImageObject","inLanguage":"bs-BA","@id":"https:\/\/sandzakpress.net\/arhiva\/albanaca-koliko-treba\/#primaryimage","url":"https:\/\/sandzakpress.net\/arhiva\/wp-content\/uploads\/2011\/04\/reg-popis.jpg","contentUrl":"https:\/\/sandzakpress.net\/arhiva\/wp-content\/uploads\/2011\/04\/reg-popis.jpg","width":616,"height":408},{"@type":"BreadcrumbList","@id":"https:\/\/sandzakpress.net\/arhiva\/albanaca-koliko-treba\/#breadcrumb","itemListElement":[{"@type":"ListItem","position":1,"name":"Home","item":"https:\/\/sandzakpress.net\/arhiva\/"},{"@type":"ListItem","position":2,"name":"Albanaca koliko treba"}]},{"@type":"WebSite","@id":"https:\/\/sandzakpress.net\/arhiva\/#website","url":"https:\/\/sandzakpress.net\/arhiva\/","name":"Sand\u017eak PRESS","description":"Prve elektronske novine u Sand\u017eaku","publisher":{"@id":"https:\/\/sandzakpress.net\/arhiva\/#\/schema\/person\/6e72b67d6e51910a1117b3b483ba20bd"},"potentialAction":[{"@type":"SearchAction","target":{"@type":"EntryPoint","urlTemplate":"https:\/\/sandzakpress.net\/arhiva\/?s={search_term_string}"},"query-input":{"@type":"PropertyValueSpecification","valueRequired":true,"valueName":"search_term_string"}}],"inLanguage":"bs-BA"},{"@type":["Person","Organization"],"@id":"https:\/\/sandzakpress.net\/arhiva\/#\/schema\/person\/6e72b67d6e51910a1117b3b483ba20bd","name":"Kul","image":{"@type":"ImageObject","inLanguage":"bs-BA","@id":"https:\/\/sandzakpress.net\/arhiva\/#\/schema\/person\/image\/","url":"https:\/\/secure.gravatar.com\/avatar\/42263f39aa27ac04c43cab85c280eb2e?s=96&d=mm&r=pg","contentUrl":"https:\/\/secure.gravatar.com\/avatar\/42263f39aa27ac04c43cab85c280eb2e?s=96&d=mm&r=pg","caption":"Kul"},"logo":{"@id":"https:\/\/sandzakpress.net\/arhiva\/#\/schema\/person\/image\/"}},{"@type":"Person","@id":"","url":"https:\/\/sandzakpress.net\/arhiva\/author\/"}]}},"_links":{"self":[{"href":"https:\/\/sandzakpress.net\/arhiva\/wp-json\/wp\/v2\/posts\/15398"}],"collection":[{"href":"https:\/\/sandzakpress.net\/arhiva\/wp-json\/wp\/v2\/posts"}],"about":[{"href":"https:\/\/sandzakpress.net\/arhiva\/wp-json\/wp\/v2\/types\/post"}],"author":[{"embeddable":true,"href":"https:\/\/sandzakpress.net\/arhiva\/wp-json\/wp\/v2\/users\/13"}],"replies":[{"embeddable":true,"href":"https:\/\/sandzakpress.net\/arhiva\/wp-json\/wp\/v2\/comments?post=15398"}],"version-history":[{"count":0,"href":"https:\/\/sandzakpress.net\/arhiva\/wp-json\/wp\/v2\/posts\/15398\/revisions"}],"wp:featuredmedia":[{"embeddable":true,"href":"https:\/\/sandzakpress.net\/arhiva\/wp-json\/wp\/v2\/media\/15399"}],"wp:attachment":[{"href":"https:\/\/sandzakpress.net\/arhiva\/wp-json\/wp\/v2\/media?parent=15398"}],"wp:term":[{"taxonomy":"category","embeddable":true,"href":"https:\/\/sandzakpress.net\/arhiva\/wp-json\/wp\/v2\/categories?post=15398"},{"taxonomy":"post_tag","embeddable":true,"href":"https:\/\/sandzakpress.net\/arhiva\/wp-json\/wp\/v2\/tags?post=15398"}],"curies":[{"name":"wp","href":"https:\/\/api.w.org\/{rel}","templated":true}]}}