{"id":153490,"date":"2016-01-30T20:00:51","date_gmt":"2016-01-30T19:00:51","guid":{"rendered":"https:\/\/sandzakpress.net\/arhiva\/zivot-bosnjaka-na-kordunu-u-hrvatskoj-iz-bosne-nas-sunce-grije-foto"},"modified":"2016-01-30T20:00:51","modified_gmt":"2016-01-30T19:00:51","slug":"zivot-bosnjaka-na-kordunu-u-hrvatskoj-iz-bosne-nas-sunce-grije-foto","status":"publish","type":"post","link":"https:\/\/sandzakpress.net\/arhiva\/zivot-bosnjaka-na-kordunu-u-hrvatskoj-iz-bosne-nas-sunce-grije-foto\/","title":{"rendered":"\u017divot Bo\u0161njaka na Kordunu u Hrvatskoj: Iz Bosne nas sunce grije (FOTO)"},"content":{"rendered":"<p style=\"text-align: justify\"><strong><a href=\"http:\/\/bosnapress.net\/wp-content\/uploads\/2016\/01\/maljevac-658x494.jpg\"><img loading=\"lazy\" decoding=\"async\" class=\"alignnone size-large wp-image-169190\" src=\"http:\/\/bosnapress.net\/wp-content\/uploads\/2016\/01\/maljevac-658x494-616x462.jpg\" alt=\"maljevac-658x494\" width=\"600\" height=\"450\" \/><\/a>Hrvatska \u2013 Oblast Hrvatske uz granicu s Bosnom ili Kordun, posljednje pola stolje\u0107a je prepoznatljiv po manjinskoj zajednici Bo\u0161njaka koji su naselili ovaj dio. \u010cim se spomene Maljevac, mjesto na Kordunu, gdje je me\u0111unarodni grani\u010dni prijelaz, prva asocijacija su Bo\u0161njaci, bo\u0161nja\u010dka sela, d\u017eemat, hod\u017ea\u2026<\/strong><\/p>\n<p style=\"text-align: justify\">-Maljevac je nekako vi\u0161e poznat nego druga mjesta okolo i svi iz okolnih mjesta kada govore odakle su, ka\u017eu da su iz Maljevca. Deset je sela u kojima su Bo\u0161njaci u ve\u0107ini i jo\u0161 pokoje selo u kojima \u017eive ali nisu ve\u0107ina \u2013 pri\u010da za Faktor Admir Muhi\u0107, glavni imam Med\u017elisa Islamske Zajednice Karlovac i vjerou\u010ditelj u Osnovnoj \u0161koli \u201cCetingrad\u201c.<\/p>\n<p style=\"text-align: justify\"><strong>Nezaposlenost<\/strong><\/p>\n<p style=\"text-align: justify\">Cetingrad, Vojni\u0107 i Topusko su tri pograni\u010dne op\u0107ine sa 1.500 Bo\u0161njaka. Ve\u0107ina ih je ro\u0111ena u Hrvatskoj a njihovi su se doselili iz Velike Kladu\u0161e, Bu\u017eima i Cazina. U tri mjesne zajednice predsjednici mjesnih odbora su Bo\u0161njaci, a zamjenik na\u010delnika op\u0107ine Cetingrad je Ferid Krak, porijeklom iz Jajca, koji nam govori da je nezaposlenost najve\u0107i problem na\u0161ih ljudi.<\/p>\n<p style=\"text-align: justify\"><a href=\"http:\/\/bosnapress.net\/wp-content\/uploads\/2016\/01\/ucionica-.jpg\"><img loading=\"lazy\" decoding=\"async\" class=\"alignnone size-large wp-image-169188\" src=\"http:\/\/bosnapress.net\/wp-content\/uploads\/2016\/01\/ucionica--616x347.jpg\" alt=\"ucionica-\" width=\"600\" height=\"338\" \/><\/a><\/p>\n<p style=\"text-align: justify\">\u2013 Prete\u017eno se bave poljoprivredom, sto\u010darstvom i vo\u0107arstvom. Rijetko ko da radi u nekoj firmi. Samo jedan Bo\u0161njak radi u komunalnom pogonu. Nacionalnih problema nije bilo i to nas krasi. Mi smo mirni ljudi \u2013 obja\u0161njava nam Krak.<\/p>\n<p style=\"text-align: justify\">Jedan dio djece osnovnu \u0161kolu poha\u0111a u Cetingradu, Vojni\u010du, Topuskom a odre\u0111eni broj roditelja uprkos velikim gu\u017evama i svakodnevnim vi\u0161esatnim \u010dekanjima na granici, djecu vode u vrti\u0107 i \u00a0\u0161kolu u Veliku Kladu\u0161u.<\/p>\n<p style=\"text-align: justify\">\u2013 U posljednje vrijeme sve je vi\u0161e onih koji se odlu\u010duju za fakultete. Imamo deset mladih koji su zavr\u0161ili fakultete. Od mlijeka su ih roditelji \u0161kolovali. To je uspjeh \u2013 pri\u010da nam Muhi\u0107.<\/p>\n<p style=\"text-align: justify\"><strong>\u00a0Stari obi\u010daji<\/strong><\/p>\n<p style=\"text-align: justify\">Kako navodi Muhi\u0107, sa\u010duvani su svi obi\u010daji iz BiH. Sijela, dru\u017eenja za ramazan, iftari su obavezni. Ezan se \u010duje iz Kladu\u0161e, ka\u017ee. Za Bajram u Maljevcu \u0161kola ne radi. Proslavljaju \u00a0dr\u017eavne praznike obje dr\u017eave. U sklopu kulturnog djelovanja Bo\u0161njaka osnovano je Bo\u0161nja\u010dko kulturno umjetni\u010dko dru\u0161tvo \u201cUna\u201c.<\/p>\n<p style=\"text-align: justify\"><a href=\"http:\/\/bosnapress.net\/wp-content\/uploads\/2016\/01\/druzenje.jpg\"><img loading=\"lazy\" decoding=\"async\" class=\"alignnone size-large wp-image-169189\" src=\"http:\/\/bosnapress.net\/wp-content\/uploads\/2016\/01\/druzenje-616x462.jpg\" alt=\"druzenje\" width=\"600\" height=\"450\" \/><\/a><\/p>\n<p style=\"text-align: justify\">Kupili su zemlji\u0161te za d\u017eamiju i Islamski centar, a ve\u0107 rade na projektu za prvu d\u017eamiju, koja bi trebala biti sagra\u0111ena odmah uz granicu, stotinjak metara od BiH. \u00a0Zapo\u010deli su, govori nam, i izgradnju spomen-parka na mjestu gdje je oboren helikopter u kojem je bio rahmetli dr. Irfan Ljubijanki\u0107, tada\u0161nji ministar vanjskih poslova BiH.<\/p>\n<p style=\"text-align: justify\">-Ferid i ja smo inicijatori raznih kulturnih doga\u0111anja, brojnih dru\u017eenja, kako na podru\u010dju op\u0107ine, tako i na podru\u010dju \u017eupanije. Nastojimo da \u0161to vi\u0161e okupljamo na\u0161e ljude \u2013 obja\u0161njava nam Muhi\u0107.<\/p>\n<p style=\"text-align: justify\">\u017dale se da \u010desto imaju osje\u0107aj da su zaboravljeni i prepu\u0161teni sami sebi ali, ka\u017eu, da iako su iza\u0161li iz BiH, ona nije iza\u0161la iz njihovih srca.<\/p>\n<p style=\"text-align: justify\">-Mi u Hrvatskoj kada se ujutro budimo, iz Bosne nas sunce obasjava i grije. Bosna je na\u0161a ovodunjalu\u010dka kibla \u2013 zaklju\u010duju oni.<\/p>\n<p style=\"text-align: justify\"><strong>(Ediba Rizvanbegovi\u0107\/Faktor.ba)<\/strong><\/p>\n<p>Pogledajte vijest na izvornom sajtu:<\/p>\n<p><a href=\"http:\/\/bosnapress.net\/zivot-bosnjaka-na-kordunu-u-hrvatskoj-iz-bosne-nas-sunce-grije-foto\/\" target=\"_blank\">\u017divot Bo\u0161njaka na Kordunu u Hrvatskoj: Iz Bosne nas sunce grije (FOTO)<\/a><\/p>\n","protected":false},"excerpt":{"rendered":"<p>Hrvatska \u2013 Oblast Hrvatske uz granicu s Bosnom ili Kordun, posljednje pola stolje\u0107a je prepoznatljiv po manjinskoj zajednici Bo\u0161njaka koji su naselili ovaj dio. \u010cim se spomene Maljevac, mjesto na Kordunu, gdje je me\u0111unarodni grani\u010dni prijelaz, prva asocijacija su Bo\u0161njaci, bo\u0161nja\u010dka sela, d\u017eemat, hod\u017ea\u2026 -Maljevac je nekako vi\u0161e poznat nego druga mjesta okolo i svi [&hellip;]<\/p>\n","protected":false},"author":83,"featured_media":153492,"comment_status":"open","ping_status":"open","sticky":false,"template":"","format":"standard","meta":{"footnotes":""},"categories":[10513],"tags":[10466],"class_list":{"0":"post-153490","1":"post","2":"type-post","3":"status-publish","4":"format-standard","5":"has-post-thumbnail","7":"category-bosna-press","8":"tag-bosna-i-hercegovina"},"yoast_head":"<!-- This site is optimized with the Yoast SEO Premium plugin v23.1 (Yoast SEO v24.9) - https:\/\/yoast.com\/wordpress\/plugins\/seo\/ -->\n<title>\u017divot Bo\u0161njaka na Kordunu u Hrvatskoj: Iz Bosne nas sunce grije (FOTO)<\/title>\n<meta name=\"robots\" content=\"index, follow, max-snippet:-1, max-image-preview:large, max-video-preview:-1\" \/>\n<link rel=\"canonical\" href=\"https:\/\/sandzakpress.net\/arhiva\/zivot-bosnjaka-na-kordunu-u-hrvatskoj-iz-bosne-nas-sunce-grije-foto\/\" \/>\n<meta property=\"og:locale\" content=\"bs_BA\" \/>\n<meta property=\"og:type\" content=\"article\" \/>\n<meta property=\"og:title\" content=\"\u017divot Bo\u0161njaka na Kordunu u Hrvatskoj: Iz Bosne nas sunce grije (FOTO)\" \/>\n<meta property=\"og:description\" content=\"Hrvatska \u2013 Oblast Hrvatske uz granicu s Bosnom ili Kordun, posljednje pola stolje\u0107a je prepoznatljiv po manjinskoj zajednici Bo\u0161njaka koji su naselili ovaj dio. \u010cim se spomene Maljevac, mjesto na Kordunu, gdje je me\u0111unarodni grani\u010dni prijelaz, prva asocijacija su Bo\u0161njaci, bo\u0161nja\u010dka sela, d\u017eemat, hod\u017ea\u2026 -Maljevac je nekako vi\u0161e poznat nego druga mjesta okolo i svi [&hellip;]\" \/>\n<meta property=\"og:url\" content=\"https:\/\/sandzakpress.net\/arhiva\/zivot-bosnjaka-na-kordunu-u-hrvatskoj-iz-bosne-nas-sunce-grije-foto\/\" \/>\n<meta property=\"og:site_name\" content=\"Sand\u017eak PRESS\" \/>\n<meta property=\"article:published_time\" content=\"2016-01-30T19:00:51+00:00\" \/>\n<meta property=\"og:image\" content=\"https:\/\/sandzakpress.net\/arhiva\/wp-content\/uploads\/2016\/01\/maljevac-658x494-616x462-1.jpg\" \/>\n\t<meta property=\"og:image:width\" content=\"616\" \/>\n\t<meta property=\"og:image:height\" content=\"462\" \/>\n\t<meta property=\"og:image:type\" content=\"image\/jpeg\" \/>\n<meta name=\"author\" content=\"bosniak\" \/>\n<meta name=\"twitter:card\" content=\"summary_large_image\" \/>\n<meta name=\"twitter:label1\" content=\"Written by\" \/>\n\t<meta name=\"twitter:data1\" content=\"bosniak\" \/>\n\t<meta name=\"twitter:label2\" content=\"Est. reading time\" \/>\n\t<meta name=\"twitter:data2\" content=\"3 minute\" \/>\n<script type=\"application\/ld+json\" class=\"yoast-schema-graph\">{\"@context\":\"https:\/\/schema.org\",\"@graph\":[{\"@type\":\"Article\",\"@id\":\"https:\/\/sandzakpress.net\/arhiva\/zivot-bosnjaka-na-kordunu-u-hrvatskoj-iz-bosne-nas-sunce-grije-foto\/#article\",\"isPartOf\":{\"@id\":\"https:\/\/sandzakpress.net\/arhiva\/zivot-bosnjaka-na-kordunu-u-hrvatskoj-iz-bosne-nas-sunce-grije-foto\/\"},\"author\":{\"name\":\"bosniak\",\"@id\":\"https:\/\/sandzakpress.net\/arhiva\/#\/schema\/person\/c8baee722073534b583ea7bdb2e36c02\"},\"headline\":\"\u017divot Bo\u0161njaka na Kordunu u Hrvatskoj: Iz Bosne nas sunce grije (FOTO)\",\"datePublished\":\"2016-01-30T19:00:51+00:00\",\"mainEntityOfPage\":{\"@id\":\"https:\/\/sandzakpress.net\/arhiva\/zivot-bosnjaka-na-kordunu-u-hrvatskoj-iz-bosne-nas-sunce-grije-foto\/\"},\"wordCount\":552,\"commentCount\":1,\"publisher\":{\"@id\":\"https:\/\/sandzakpress.net\/arhiva\/#\/schema\/person\/6e72b67d6e51910a1117b3b483ba20bd\"},\"image\":{\"@id\":\"https:\/\/sandzakpress.net\/arhiva\/zivot-bosnjaka-na-kordunu-u-hrvatskoj-iz-bosne-nas-sunce-grije-foto\/#primaryimage\"},\"thumbnailUrl\":\"https:\/\/sandzakpress.net\/arhiva\/wp-content\/uploads\/2016\/01\/maljevac-658x494-616x462-1.jpg\",\"keywords\":[\"Bosna i Hercegovina\"],\"articleSection\":[\"Bosna PRESS\"],\"inLanguage\":\"bs-BA\",\"potentialAction\":[{\"@type\":\"CommentAction\",\"name\":\"Comment\",\"target\":[\"https:\/\/sandzakpress.net\/arhiva\/zivot-bosnjaka-na-kordunu-u-hrvatskoj-iz-bosne-nas-sunce-grije-foto\/#respond\"]}]},{\"@type\":\"WebPage\",\"@id\":\"https:\/\/sandzakpress.net\/arhiva\/zivot-bosnjaka-na-kordunu-u-hrvatskoj-iz-bosne-nas-sunce-grije-foto\/\",\"url\":\"https:\/\/sandzakpress.net\/arhiva\/zivot-bosnjaka-na-kordunu-u-hrvatskoj-iz-bosne-nas-sunce-grije-foto\/\",\"name\":\"\u017divot Bo\u0161njaka na Kordunu u Hrvatskoj: Iz Bosne nas sunce grije (FOTO)\",\"isPartOf\":{\"@id\":\"https:\/\/sandzakpress.net\/arhiva\/#website\"},\"primaryImageOfPage\":{\"@id\":\"https:\/\/sandzakpress.net\/arhiva\/zivot-bosnjaka-na-kordunu-u-hrvatskoj-iz-bosne-nas-sunce-grije-foto\/#primaryimage\"},\"image\":{\"@id\":\"https:\/\/sandzakpress.net\/arhiva\/zivot-bosnjaka-na-kordunu-u-hrvatskoj-iz-bosne-nas-sunce-grije-foto\/#primaryimage\"},\"thumbnailUrl\":\"https:\/\/sandzakpress.net\/arhiva\/wp-content\/uploads\/2016\/01\/maljevac-658x494-616x462-1.jpg\",\"datePublished\":\"2016-01-30T19:00:51+00:00\",\"breadcrumb\":{\"@id\":\"https:\/\/sandzakpress.net\/arhiva\/zivot-bosnjaka-na-kordunu-u-hrvatskoj-iz-bosne-nas-sunce-grije-foto\/#breadcrumb\"},\"inLanguage\":\"bs-BA\",\"potentialAction\":[{\"@type\":\"ReadAction\",\"target\":[\"https:\/\/sandzakpress.net\/arhiva\/zivot-bosnjaka-na-kordunu-u-hrvatskoj-iz-bosne-nas-sunce-grije-foto\/\"]}]},{\"@type\":\"ImageObject\",\"inLanguage\":\"bs-BA\",\"@id\":\"https:\/\/sandzakpress.net\/arhiva\/zivot-bosnjaka-na-kordunu-u-hrvatskoj-iz-bosne-nas-sunce-grije-foto\/#primaryimage\",\"url\":\"https:\/\/sandzakpress.net\/arhiva\/wp-content\/uploads\/2016\/01\/maljevac-658x494-616x462-1.jpg\",\"contentUrl\":\"https:\/\/sandzakpress.net\/arhiva\/wp-content\/uploads\/2016\/01\/maljevac-658x494-616x462-1.jpg\",\"width\":616,\"height\":462},{\"@type\":\"BreadcrumbList\",\"@id\":\"https:\/\/sandzakpress.net\/arhiva\/zivot-bosnjaka-na-kordunu-u-hrvatskoj-iz-bosne-nas-sunce-grije-foto\/#breadcrumb\",\"itemListElement\":[{\"@type\":\"ListItem\",\"position\":1,\"name\":\"Home\",\"item\":\"https:\/\/sandzakpress.net\/arhiva\/\"},{\"@type\":\"ListItem\",\"position\":2,\"name\":\"\u017divot Bo\u0161njaka na Kordunu u Hrvatskoj: Iz Bosne nas sunce grije (FOTO)\"}]},{\"@type\":\"WebSite\",\"@id\":\"https:\/\/sandzakpress.net\/arhiva\/#website\",\"url\":\"https:\/\/sandzakpress.net\/arhiva\/\",\"name\":\"Sand\u017eak PRESS\",\"description\":\"Prve elektronske novine u Sand\u017eaku\",\"publisher\":{\"@id\":\"https:\/\/sandzakpress.net\/arhiva\/#\/schema\/person\/6e72b67d6e51910a1117b3b483ba20bd\"},\"potentialAction\":[{\"@type\":\"SearchAction\",\"target\":{\"@type\":\"EntryPoint\",\"urlTemplate\":\"https:\/\/sandzakpress.net\/arhiva\/?s={search_term_string}\"},\"query-input\":{\"@type\":\"PropertyValueSpecification\",\"valueRequired\":true,\"valueName\":\"search_term_string\"}}],\"inLanguage\":\"bs-BA\"},{\"@type\":[\"Person\",\"Organization\"],\"@id\":\"https:\/\/sandzakpress.net\/arhiva\/#\/schema\/person\/6e72b67d6e51910a1117b3b483ba20bd\",\"name\":\"Kul\",\"image\":{\"@type\":\"ImageObject\",\"inLanguage\":\"bs-BA\",\"@id\":\"https:\/\/sandzakpress.net\/arhiva\/#\/schema\/person\/image\/\",\"url\":\"https:\/\/secure.gravatar.com\/avatar\/42263f39aa27ac04c43cab85c280eb2e?s=96&d=mm&r=pg\",\"contentUrl\":\"https:\/\/secure.gravatar.com\/avatar\/42263f39aa27ac04c43cab85c280eb2e?s=96&d=mm&r=pg\",\"caption\":\"Kul\"},\"logo\":{\"@id\":\"https:\/\/sandzakpress.net\/arhiva\/#\/schema\/person\/image\/\"}},{\"@type\":\"Person\",\"@id\":\"https:\/\/sandzakpress.net\/arhiva\/#\/schema\/person\/c8baee722073534b583ea7bdb2e36c02\",\"name\":\"bosniak\",\"image\":{\"@type\":\"ImageObject\",\"inLanguage\":\"bs-BA\",\"@id\":\"https:\/\/sandzakpress.net\/arhiva\/#\/schema\/person\/image\/\",\"url\":\"https:\/\/secure.gravatar.com\/avatar\/a04fd330bfe3a36a72a0ad4a6d89fca7?s=96&d=mm&r=pg\",\"contentUrl\":\"https:\/\/secure.gravatar.com\/avatar\/a04fd330bfe3a36a72a0ad4a6d89fca7?s=96&d=mm&r=pg\",\"caption\":\"bosniak\"},\"url\":\"https:\/\/sandzakpress.net\/arhiva\/author\/bosniak\/\"}]}<\/script>\n<!-- \/ Yoast SEO Premium plugin. -->","yoast_head_json":{"title":"\u017divot Bo\u0161njaka na Kordunu u Hrvatskoj: Iz Bosne nas sunce grije (FOTO)","robots":{"index":"index","follow":"follow","max-snippet":"max-snippet:-1","max-image-preview":"max-image-preview:large","max-video-preview":"max-video-preview:-1"},"canonical":"https:\/\/sandzakpress.net\/arhiva\/zivot-bosnjaka-na-kordunu-u-hrvatskoj-iz-bosne-nas-sunce-grije-foto\/","og_locale":"bs_BA","og_type":"article","og_title":"\u017divot Bo\u0161njaka na Kordunu u Hrvatskoj: Iz Bosne nas sunce grije (FOTO)","og_description":"Hrvatska \u2013 Oblast Hrvatske uz granicu s Bosnom ili Kordun, posljednje pola stolje\u0107a je prepoznatljiv po manjinskoj zajednici Bo\u0161njaka koji su naselili ovaj dio. \u010cim se spomene Maljevac, mjesto na Kordunu, gdje je me\u0111unarodni grani\u010dni prijelaz, prva asocijacija su Bo\u0161njaci, bo\u0161nja\u010dka sela, d\u017eemat, hod\u017ea\u2026 -Maljevac je nekako vi\u0161e poznat nego druga mjesta okolo i svi [&hellip;]","og_url":"https:\/\/sandzakpress.net\/arhiva\/zivot-bosnjaka-na-kordunu-u-hrvatskoj-iz-bosne-nas-sunce-grije-foto\/","og_site_name":"Sand\u017eak PRESS","article_published_time":"2016-01-30T19:00:51+00:00","og_image":[{"width":616,"height":462,"url":"https:\/\/sandzakpress.net\/arhiva\/wp-content\/uploads\/2016\/01\/maljevac-658x494-616x462-1.jpg","type":"image\/jpeg"}],"author":"bosniak","twitter_card":"summary_large_image","twitter_misc":{"Written by":"bosniak","Est. reading time":"3 minute"},"schema":{"@context":"https:\/\/schema.org","@graph":[{"@type":"Article","@id":"https:\/\/sandzakpress.net\/arhiva\/zivot-bosnjaka-na-kordunu-u-hrvatskoj-iz-bosne-nas-sunce-grije-foto\/#article","isPartOf":{"@id":"https:\/\/sandzakpress.net\/arhiva\/zivot-bosnjaka-na-kordunu-u-hrvatskoj-iz-bosne-nas-sunce-grije-foto\/"},"author":{"name":"bosniak","@id":"https:\/\/sandzakpress.net\/arhiva\/#\/schema\/person\/c8baee722073534b583ea7bdb2e36c02"},"headline":"\u017divot Bo\u0161njaka na Kordunu u Hrvatskoj: Iz Bosne nas sunce grije (FOTO)","datePublished":"2016-01-30T19:00:51+00:00","mainEntityOfPage":{"@id":"https:\/\/sandzakpress.net\/arhiva\/zivot-bosnjaka-na-kordunu-u-hrvatskoj-iz-bosne-nas-sunce-grije-foto\/"},"wordCount":552,"commentCount":1,"publisher":{"@id":"https:\/\/sandzakpress.net\/arhiva\/#\/schema\/person\/6e72b67d6e51910a1117b3b483ba20bd"},"image":{"@id":"https:\/\/sandzakpress.net\/arhiva\/zivot-bosnjaka-na-kordunu-u-hrvatskoj-iz-bosne-nas-sunce-grije-foto\/#primaryimage"},"thumbnailUrl":"https:\/\/sandzakpress.net\/arhiva\/wp-content\/uploads\/2016\/01\/maljevac-658x494-616x462-1.jpg","keywords":["Bosna i Hercegovina"],"articleSection":["Bosna PRESS"],"inLanguage":"bs-BA","potentialAction":[{"@type":"CommentAction","name":"Comment","target":["https:\/\/sandzakpress.net\/arhiva\/zivot-bosnjaka-na-kordunu-u-hrvatskoj-iz-bosne-nas-sunce-grije-foto\/#respond"]}]},{"@type":"WebPage","@id":"https:\/\/sandzakpress.net\/arhiva\/zivot-bosnjaka-na-kordunu-u-hrvatskoj-iz-bosne-nas-sunce-grije-foto\/","url":"https:\/\/sandzakpress.net\/arhiva\/zivot-bosnjaka-na-kordunu-u-hrvatskoj-iz-bosne-nas-sunce-grije-foto\/","name":"\u017divot Bo\u0161njaka na Kordunu u Hrvatskoj: Iz Bosne nas sunce grije (FOTO)","isPartOf":{"@id":"https:\/\/sandzakpress.net\/arhiva\/#website"},"primaryImageOfPage":{"@id":"https:\/\/sandzakpress.net\/arhiva\/zivot-bosnjaka-na-kordunu-u-hrvatskoj-iz-bosne-nas-sunce-grije-foto\/#primaryimage"},"image":{"@id":"https:\/\/sandzakpress.net\/arhiva\/zivot-bosnjaka-na-kordunu-u-hrvatskoj-iz-bosne-nas-sunce-grije-foto\/#primaryimage"},"thumbnailUrl":"https:\/\/sandzakpress.net\/arhiva\/wp-content\/uploads\/2016\/01\/maljevac-658x494-616x462-1.jpg","datePublished":"2016-01-30T19:00:51+00:00","breadcrumb":{"@id":"https:\/\/sandzakpress.net\/arhiva\/zivot-bosnjaka-na-kordunu-u-hrvatskoj-iz-bosne-nas-sunce-grije-foto\/#breadcrumb"},"inLanguage":"bs-BA","potentialAction":[{"@type":"ReadAction","target":["https:\/\/sandzakpress.net\/arhiva\/zivot-bosnjaka-na-kordunu-u-hrvatskoj-iz-bosne-nas-sunce-grije-foto\/"]}]},{"@type":"ImageObject","inLanguage":"bs-BA","@id":"https:\/\/sandzakpress.net\/arhiva\/zivot-bosnjaka-na-kordunu-u-hrvatskoj-iz-bosne-nas-sunce-grije-foto\/#primaryimage","url":"https:\/\/sandzakpress.net\/arhiva\/wp-content\/uploads\/2016\/01\/maljevac-658x494-616x462-1.jpg","contentUrl":"https:\/\/sandzakpress.net\/arhiva\/wp-content\/uploads\/2016\/01\/maljevac-658x494-616x462-1.jpg","width":616,"height":462},{"@type":"BreadcrumbList","@id":"https:\/\/sandzakpress.net\/arhiva\/zivot-bosnjaka-na-kordunu-u-hrvatskoj-iz-bosne-nas-sunce-grije-foto\/#breadcrumb","itemListElement":[{"@type":"ListItem","position":1,"name":"Home","item":"https:\/\/sandzakpress.net\/arhiva\/"},{"@type":"ListItem","position":2,"name":"\u017divot Bo\u0161njaka na Kordunu u Hrvatskoj: Iz Bosne nas sunce grije (FOTO)"}]},{"@type":"WebSite","@id":"https:\/\/sandzakpress.net\/arhiva\/#website","url":"https:\/\/sandzakpress.net\/arhiva\/","name":"Sand\u017eak PRESS","description":"Prve elektronske novine u Sand\u017eaku","publisher":{"@id":"https:\/\/sandzakpress.net\/arhiva\/#\/schema\/person\/6e72b67d6e51910a1117b3b483ba20bd"},"potentialAction":[{"@type":"SearchAction","target":{"@type":"EntryPoint","urlTemplate":"https:\/\/sandzakpress.net\/arhiva\/?s={search_term_string}"},"query-input":{"@type":"PropertyValueSpecification","valueRequired":true,"valueName":"search_term_string"}}],"inLanguage":"bs-BA"},{"@type":["Person","Organization"],"@id":"https:\/\/sandzakpress.net\/arhiva\/#\/schema\/person\/6e72b67d6e51910a1117b3b483ba20bd","name":"Kul","image":{"@type":"ImageObject","inLanguage":"bs-BA","@id":"https:\/\/sandzakpress.net\/arhiva\/#\/schema\/person\/image\/","url":"https:\/\/secure.gravatar.com\/avatar\/42263f39aa27ac04c43cab85c280eb2e?s=96&d=mm&r=pg","contentUrl":"https:\/\/secure.gravatar.com\/avatar\/42263f39aa27ac04c43cab85c280eb2e?s=96&d=mm&r=pg","caption":"Kul"},"logo":{"@id":"https:\/\/sandzakpress.net\/arhiva\/#\/schema\/person\/image\/"}},{"@type":"Person","@id":"https:\/\/sandzakpress.net\/arhiva\/#\/schema\/person\/c8baee722073534b583ea7bdb2e36c02","name":"bosniak","image":{"@type":"ImageObject","inLanguage":"bs-BA","@id":"https:\/\/sandzakpress.net\/arhiva\/#\/schema\/person\/image\/","url":"https:\/\/secure.gravatar.com\/avatar\/a04fd330bfe3a36a72a0ad4a6d89fca7?s=96&d=mm&r=pg","contentUrl":"https:\/\/secure.gravatar.com\/avatar\/a04fd330bfe3a36a72a0ad4a6d89fca7?s=96&d=mm&r=pg","caption":"bosniak"},"url":"https:\/\/sandzakpress.net\/arhiva\/author\/bosniak\/"}]}},"_links":{"self":[{"href":"https:\/\/sandzakpress.net\/arhiva\/wp-json\/wp\/v2\/posts\/153490"}],"collection":[{"href":"https:\/\/sandzakpress.net\/arhiva\/wp-json\/wp\/v2\/posts"}],"about":[{"href":"https:\/\/sandzakpress.net\/arhiva\/wp-json\/wp\/v2\/types\/post"}],"author":[{"embeddable":true,"href":"https:\/\/sandzakpress.net\/arhiva\/wp-json\/wp\/v2\/users\/83"}],"replies":[{"embeddable":true,"href":"https:\/\/sandzakpress.net\/arhiva\/wp-json\/wp\/v2\/comments?post=153490"}],"version-history":[{"count":0,"href":"https:\/\/sandzakpress.net\/arhiva\/wp-json\/wp\/v2\/posts\/153490\/revisions"}],"wp:featuredmedia":[{"embeddable":true,"href":"https:\/\/sandzakpress.net\/arhiva\/wp-json\/wp\/v2\/media\/153492"}],"wp:attachment":[{"href":"https:\/\/sandzakpress.net\/arhiva\/wp-json\/wp\/v2\/media?parent=153490"}],"wp:term":[{"taxonomy":"category","embeddable":true,"href":"https:\/\/sandzakpress.net\/arhiva\/wp-json\/wp\/v2\/categories?post=153490"},{"taxonomy":"post_tag","embeddable":true,"href":"https:\/\/sandzakpress.net\/arhiva\/wp-json\/wp\/v2\/tags?post=153490"}],"curies":[{"name":"wp","href":"https:\/\/api.w.org\/{rel}","templated":true}]}}