{"id":153457,"date":"2016-01-30T14:15:16","date_gmt":"2016-01-30T13:15:16","guid":{"rendered":"https:\/\/sandzakpress.net\/arhiva\/?p=153457"},"modified":"2016-01-30T14:15:16","modified_gmt":"2016-01-30T13:15:16","slug":"u-luksemburgu-odrzano-predavanje-za-zene","status":"publish","type":"post","link":"https:\/\/sandzakpress.net\/arhiva\/u-luksemburgu-odrzano-predavanje-za-zene\/","title":{"rendered":"U Luksemburgu odr\u017eano predavanje za \u017eene"},"content":{"rendered":"<div><img loading=\"lazy\" decoding=\"async\" class=\"aligncenter size-full wp-image-153458\" src=\"https:\/\/sandzakpress.net\/arhiva\/wp-content\/uploads\/2016\/01\/1-16.jpg\" alt=\"1\" width=\"1232\" height=\"689\" srcset=\"https:\/\/sandzakpress.net\/arhiva\/wp-content\/uploads\/2016\/01\/1-16.jpg 1232w, https:\/\/sandzakpress.net\/arhiva\/wp-content\/uploads\/2016\/01\/1-16-768x430.jpg 768w, https:\/\/sandzakpress.net\/arhiva\/wp-content\/uploads\/2016\/01\/1-16-616x345.jpg 616w\" sizes=\"(max-width: 1232px) 100vw, 1232px\" \/><\/div>\n<div><strong>Luksemburg &#8211; U utorak 26.1. 2016.godine u d\u017eamiji u gradu E\u0161u (Luksemburg) odr\u017eano je predavanje na temu &#8220;Bo\u0161njaci u Evropi kao nositelji vjerskog, nacionalnog i kulturnog emaneta&#8221;. Predava\u010d je bila Dr. teol. Mersada Nuruddina Agovi\u0107 koja ve\u0107 tre\u0107u godinu zaredom zijareti ovaj grad.\u00a0<\/strong><\/div>\n<div>\u00a0<\/div>\n<div>,,Mi smo nositelji svojih vrijednosti koje predstavljamo svijetu &#8211; istakla je Agovi\u0107 prilikom izlaganja &#8211; i mo\u017eemo ih predstaviti u lijepom svjetlu ili na lo\u0161 na\u010din. Da bismo uspje\u0161no afirmisali ono na \u0161ta smo ponosni, moramo biti uspje\u0161no koordinirani. Tanki \u0161tapi\u0107 lahko slomi malo dijete, a snop \u0161tapi\u0107a \u010dini snagu koju te\u0161ko lome i velike sile. Iskreni me\u0111uljudski odnosi i dobra koordinacija su klju\u010d svakog na\u0161eg uspjeha.&#8221; &#8211; isticala je Nuruddina.\u00a0<\/div>\n<div>\u00a0<\/div>\n<div>U nastavku izlaganja bilo je govora o iskrenosti u nijjetu, postupcima i djelima, zna\u010daju bosanskog jezika, bo\u0161nja\u010dke kulture i tradicije, zna\u010daju \u0161kolovanja na\u0161e omladine, primjerima promocije uspje\u0161nih islamsko-bo\u0161nja\u010dkih projekata, te ulozi \u017eene u ja\u010danju porodice i \u00a0dru\u0161tva.\u00a0<\/div>\n<div>D\u017eematlijke su se potrudile da prigodnom zakuskom doprinesu sve\u010danijoj atmosferi i izrazile \u017eelju da ih go\u0161\u0107a u narednom periodu ponovo posjeti.\u00a0<\/div>\n<div>\u00a0<\/div>\n<div> <img loading=\"lazy\" decoding=\"async\" class=\"aligncenter size-full wp-image-153459\" src=\"https:\/\/sandzakpress.net\/arhiva\/wp-content\/uploads\/2016\/01\/2-11.jpg\" alt=\"2\" width=\"576\" height=\"822\" \/> <img loading=\"lazy\" decoding=\"async\" class=\"aligncenter size-full wp-image-153460\" src=\"https:\/\/sandzakpress.net\/arhiva\/wp-content\/uploads\/2016\/01\/3-7.jpg\" alt=\"3\" width=\"640\" height=\"503\" srcset=\"https:\/\/sandzakpress.net\/arhiva\/wp-content\/uploads\/2016\/01\/3-7.jpg 640w, https:\/\/sandzakpress.net\/arhiva\/wp-content\/uploads\/2016\/01\/3-7-616x484.jpg 616w\" sizes=\"(max-width: 640px) 100vw, 640px\" \/> <img loading=\"lazy\" decoding=\"async\" class=\"aligncenter size-full wp-image-153461\" src=\"https:\/\/sandzakpress.net\/arhiva\/wp-content\/uploads\/2016\/01\/4-6.jpg\" alt=\"4\" width=\"1695\" height=\"822\" srcset=\"https:\/\/sandzakpress.net\/arhiva\/wp-content\/uploads\/2016\/01\/4-6.jpg 1695w, https:\/\/sandzakpress.net\/arhiva\/wp-content\/uploads\/2016\/01\/4-6-768x372.jpg 768w, https:\/\/sandzakpress.net\/arhiva\/wp-content\/uploads\/2016\/01\/4-6-616x299.jpg 616w, https:\/\/sandzakpress.net\/arhiva\/wp-content\/uploads\/2016\/01\/4-6-1400x679.jpg 1400w\" sizes=\"(max-width: 1695px) 100vw, 1695px\" \/><\/div>\n","protected":false},"excerpt":{"rendered":"<p>Luksemburg &#8211; U utorak 26.1. 2016.godine u d\u017eamiji u gradu E\u0161u (Luksemburg) odr\u017eano je predavanje na temu &#8220;Bo\u0161njaci u Evropi kao nositelji vjerskog, nacionalnog i kulturnog emaneta&#8221;. Predava\u010d je bila Dr. teol. Mersada Nuruddina Agovi\u0107 koja ve\u0107 tre\u0107u godinu zaredom zijareti ovaj grad.\u00a0 \u00a0 ,,Mi smo nositelji svojih vrijednosti koje predstavljamo svijetu &#8211; istakla je [&hellip;]<\/p>\n","protected":false},"author":83,"featured_media":153458,"comment_status":"open","ping_status":"open","sticky":false,"template":"","format":"standard","meta":{"footnotes":""},"categories":[5,9549],"tags":[],"class_list":{"0":"post-153457","1":"post","2":"type-post","3":"status-publish","4":"format-standard","5":"has-post-thumbnail","7":"category-drustvo","8":"category-luxemburg"},"yoast_head":"<!-- This site is optimized with the Yoast SEO Premium plugin v23.1 (Yoast SEO v24.9) - https:\/\/yoast.com\/wordpress\/plugins\/seo\/ -->\n<title>U Luksemburgu odr\u017eano predavanje za \u017eene<\/title>\n<meta name=\"robots\" content=\"index, follow, max-snippet:-1, max-image-preview:large, max-video-preview:-1\" \/>\n<link rel=\"canonical\" href=\"https:\/\/sandzakpress.net\/arhiva\/u-luksemburgu-odrzano-predavanje-za-zene\/\" \/>\n<meta property=\"og:locale\" content=\"bs_BA\" \/>\n<meta property=\"og:type\" content=\"article\" \/>\n<meta property=\"og:title\" content=\"U Luksemburgu odr\u017eano predavanje za \u017eene\" \/>\n<meta property=\"og:description\" content=\"Luksemburg &#8211; U utorak 26.1. 2016.godine u d\u017eamiji u gradu E\u0161u (Luksemburg) odr\u017eano je predavanje na temu &#8220;Bo\u0161njaci u Evropi kao nositelji vjerskog, nacionalnog i kulturnog emaneta&#8221;. Predava\u010d je bila Dr. teol. Mersada Nuruddina Agovi\u0107 koja ve\u0107 tre\u0107u godinu zaredom zijareti ovaj grad.\u00a0 \u00a0 ,,Mi smo nositelji svojih vrijednosti koje predstavljamo svijetu &#8211; istakla je [&hellip;]\" \/>\n<meta property=\"og:url\" content=\"https:\/\/sandzakpress.net\/arhiva\/u-luksemburgu-odrzano-predavanje-za-zene\/\" \/>\n<meta property=\"og:site_name\" content=\"Sand\u017eak PRESS\" \/>\n<meta property=\"article:published_time\" content=\"2016-01-30T13:15:16+00:00\" \/>\n<meta property=\"og:image\" content=\"https:\/\/sandzakpress.net\/arhiva\/wp-content\/uploads\/2016\/01\/1-16.jpg\" \/>\n\t<meta property=\"og:image:width\" content=\"1232\" \/>\n\t<meta property=\"og:image:height\" content=\"689\" \/>\n\t<meta property=\"og:image:type\" content=\"image\/jpeg\" \/>\n<meta name=\"author\" content=\"bosniak\" \/>\n<meta name=\"twitter:card\" content=\"summary_large_image\" \/>\n<meta name=\"twitter:label1\" content=\"Written by\" \/>\n\t<meta name=\"twitter:data1\" content=\"bosniak\" \/>\n\t<meta name=\"twitter:label2\" content=\"Est. reading time\" \/>\n\t<meta name=\"twitter:data2\" content=\"1 minuta\" \/>\n<script type=\"application\/ld+json\" class=\"yoast-schema-graph\">{\"@context\":\"https:\/\/schema.org\",\"@graph\":[{\"@type\":\"Article\",\"@id\":\"https:\/\/sandzakpress.net\/arhiva\/u-luksemburgu-odrzano-predavanje-za-zene\/#article\",\"isPartOf\":{\"@id\":\"https:\/\/sandzakpress.net\/arhiva\/u-luksemburgu-odrzano-predavanje-za-zene\/\"},\"author\":{\"name\":\"bosniak\",\"@id\":\"https:\/\/sandzakpress.net\/arhiva\/#\/schema\/person\/c8baee722073534b583ea7bdb2e36c02\"},\"headline\":\"U Luksemburgu odr\u017eano predavanje za \u017eene\",\"datePublished\":\"2016-01-30T13:15:16+00:00\",\"mainEntityOfPage\":{\"@id\":\"https:\/\/sandzakpress.net\/arhiva\/u-luksemburgu-odrzano-predavanje-za-zene\/\"},\"wordCount\":204,\"commentCount\":9,\"publisher\":{\"@id\":\"https:\/\/sandzakpress.net\/arhiva\/#\/schema\/person\/6e72b67d6e51910a1117b3b483ba20bd\"},\"image\":{\"@id\":\"https:\/\/sandzakpress.net\/arhiva\/u-luksemburgu-odrzano-predavanje-za-zene\/#primaryimage\"},\"thumbnailUrl\":\"https:\/\/sandzakpress.net\/arhiva\/wp-content\/uploads\/2016\/01\/1-16.jpg\",\"articleSection\":[\"Dru\u0161tvo\",\"Luksemburg\"],\"inLanguage\":\"bs-BA\",\"potentialAction\":[{\"@type\":\"CommentAction\",\"name\":\"Comment\",\"target\":[\"https:\/\/sandzakpress.net\/arhiva\/u-luksemburgu-odrzano-predavanje-za-zene\/#respond\"]}]},{\"@type\":\"WebPage\",\"@id\":\"https:\/\/sandzakpress.net\/arhiva\/u-luksemburgu-odrzano-predavanje-za-zene\/\",\"url\":\"https:\/\/sandzakpress.net\/arhiva\/u-luksemburgu-odrzano-predavanje-za-zene\/\",\"name\":\"U Luksemburgu odr\u017eano predavanje za \u017eene\",\"isPartOf\":{\"@id\":\"https:\/\/sandzakpress.net\/arhiva\/#website\"},\"primaryImageOfPage\":{\"@id\":\"https:\/\/sandzakpress.net\/arhiva\/u-luksemburgu-odrzano-predavanje-za-zene\/#primaryimage\"},\"image\":{\"@id\":\"https:\/\/sandzakpress.net\/arhiva\/u-luksemburgu-odrzano-predavanje-za-zene\/#primaryimage\"},\"thumbnailUrl\":\"https:\/\/sandzakpress.net\/arhiva\/wp-content\/uploads\/2016\/01\/1-16.jpg\",\"datePublished\":\"2016-01-30T13:15:16+00:00\",\"breadcrumb\":{\"@id\":\"https:\/\/sandzakpress.net\/arhiva\/u-luksemburgu-odrzano-predavanje-za-zene\/#breadcrumb\"},\"inLanguage\":\"bs-BA\",\"potentialAction\":[{\"@type\":\"ReadAction\",\"target\":[\"https:\/\/sandzakpress.net\/arhiva\/u-luksemburgu-odrzano-predavanje-za-zene\/\"]}]},{\"@type\":\"ImageObject\",\"inLanguage\":\"bs-BA\",\"@id\":\"https:\/\/sandzakpress.net\/arhiva\/u-luksemburgu-odrzano-predavanje-za-zene\/#primaryimage\",\"url\":\"https:\/\/sandzakpress.net\/arhiva\/wp-content\/uploads\/2016\/01\/1-16.jpg\",\"contentUrl\":\"https:\/\/sandzakpress.net\/arhiva\/wp-content\/uploads\/2016\/01\/1-16.jpg\",\"width\":1232,\"height\":689},{\"@type\":\"BreadcrumbList\",\"@id\":\"https:\/\/sandzakpress.net\/arhiva\/u-luksemburgu-odrzano-predavanje-za-zene\/#breadcrumb\",\"itemListElement\":[{\"@type\":\"ListItem\",\"position\":1,\"name\":\"Home\",\"item\":\"https:\/\/sandzakpress.net\/arhiva\/\"},{\"@type\":\"ListItem\",\"position\":2,\"name\":\"U Luksemburgu odr\u017eano predavanje za \u017eene\"}]},{\"@type\":\"WebSite\",\"@id\":\"https:\/\/sandzakpress.net\/arhiva\/#website\",\"url\":\"https:\/\/sandzakpress.net\/arhiva\/\",\"name\":\"Sand\u017eak PRESS\",\"description\":\"Prve elektronske novine u Sand\u017eaku\",\"publisher\":{\"@id\":\"https:\/\/sandzakpress.net\/arhiva\/#\/schema\/person\/6e72b67d6e51910a1117b3b483ba20bd\"},\"potentialAction\":[{\"@type\":\"SearchAction\",\"target\":{\"@type\":\"EntryPoint\",\"urlTemplate\":\"https:\/\/sandzakpress.net\/arhiva\/?s={search_term_string}\"},\"query-input\":{\"@type\":\"PropertyValueSpecification\",\"valueRequired\":true,\"valueName\":\"search_term_string\"}}],\"inLanguage\":\"bs-BA\"},{\"@type\":[\"Person\",\"Organization\"],\"@id\":\"https:\/\/sandzakpress.net\/arhiva\/#\/schema\/person\/6e72b67d6e51910a1117b3b483ba20bd\",\"name\":\"Kul\",\"image\":{\"@type\":\"ImageObject\",\"inLanguage\":\"bs-BA\",\"@id\":\"https:\/\/sandzakpress.net\/arhiva\/#\/schema\/person\/image\/\",\"url\":\"https:\/\/secure.gravatar.com\/avatar\/42263f39aa27ac04c43cab85c280eb2e?s=96&d=mm&r=pg\",\"contentUrl\":\"https:\/\/secure.gravatar.com\/avatar\/42263f39aa27ac04c43cab85c280eb2e?s=96&d=mm&r=pg\",\"caption\":\"Kul\"},\"logo\":{\"@id\":\"https:\/\/sandzakpress.net\/arhiva\/#\/schema\/person\/image\/\"}},{\"@type\":\"Person\",\"@id\":\"https:\/\/sandzakpress.net\/arhiva\/#\/schema\/person\/c8baee722073534b583ea7bdb2e36c02\",\"name\":\"bosniak\",\"image\":{\"@type\":\"ImageObject\",\"inLanguage\":\"bs-BA\",\"@id\":\"https:\/\/sandzakpress.net\/arhiva\/#\/schema\/person\/image\/\",\"url\":\"https:\/\/secure.gravatar.com\/avatar\/a04fd330bfe3a36a72a0ad4a6d89fca7?s=96&d=mm&r=pg\",\"contentUrl\":\"https:\/\/secure.gravatar.com\/avatar\/a04fd330bfe3a36a72a0ad4a6d89fca7?s=96&d=mm&r=pg\",\"caption\":\"bosniak\"},\"url\":\"https:\/\/sandzakpress.net\/arhiva\/author\/bosniak\/\"}]}<\/script>\n<!-- \/ Yoast SEO Premium plugin. -->","yoast_head_json":{"title":"U Luksemburgu odr\u017eano predavanje za \u017eene","robots":{"index":"index","follow":"follow","max-snippet":"max-snippet:-1","max-image-preview":"max-image-preview:large","max-video-preview":"max-video-preview:-1"},"canonical":"https:\/\/sandzakpress.net\/arhiva\/u-luksemburgu-odrzano-predavanje-za-zene\/","og_locale":"bs_BA","og_type":"article","og_title":"U Luksemburgu odr\u017eano predavanje za \u017eene","og_description":"Luksemburg &#8211; U utorak 26.1. 2016.godine u d\u017eamiji u gradu E\u0161u (Luksemburg) odr\u017eano je predavanje na temu &#8220;Bo\u0161njaci u Evropi kao nositelji vjerskog, nacionalnog i kulturnog emaneta&#8221;. Predava\u010d je bila Dr. teol. Mersada Nuruddina Agovi\u0107 koja ve\u0107 tre\u0107u godinu zaredom zijareti ovaj grad.\u00a0 \u00a0 ,,Mi smo nositelji svojih vrijednosti koje predstavljamo svijetu &#8211; istakla je [&hellip;]","og_url":"https:\/\/sandzakpress.net\/arhiva\/u-luksemburgu-odrzano-predavanje-za-zene\/","og_site_name":"Sand\u017eak PRESS","article_published_time":"2016-01-30T13:15:16+00:00","og_image":[{"width":1232,"height":689,"url":"https:\/\/sandzakpress.net\/arhiva\/wp-content\/uploads\/2016\/01\/1-16.jpg","type":"image\/jpeg"}],"author":"bosniak","twitter_card":"summary_large_image","twitter_misc":{"Written by":"bosniak","Est. reading time":"1 minuta"},"schema":{"@context":"https:\/\/schema.org","@graph":[{"@type":"Article","@id":"https:\/\/sandzakpress.net\/arhiva\/u-luksemburgu-odrzano-predavanje-za-zene\/#article","isPartOf":{"@id":"https:\/\/sandzakpress.net\/arhiva\/u-luksemburgu-odrzano-predavanje-za-zene\/"},"author":{"name":"bosniak","@id":"https:\/\/sandzakpress.net\/arhiva\/#\/schema\/person\/c8baee722073534b583ea7bdb2e36c02"},"headline":"U Luksemburgu odr\u017eano predavanje za \u017eene","datePublished":"2016-01-30T13:15:16+00:00","mainEntityOfPage":{"@id":"https:\/\/sandzakpress.net\/arhiva\/u-luksemburgu-odrzano-predavanje-za-zene\/"},"wordCount":204,"commentCount":9,"publisher":{"@id":"https:\/\/sandzakpress.net\/arhiva\/#\/schema\/person\/6e72b67d6e51910a1117b3b483ba20bd"},"image":{"@id":"https:\/\/sandzakpress.net\/arhiva\/u-luksemburgu-odrzano-predavanje-za-zene\/#primaryimage"},"thumbnailUrl":"https:\/\/sandzakpress.net\/arhiva\/wp-content\/uploads\/2016\/01\/1-16.jpg","articleSection":["Dru\u0161tvo","Luksemburg"],"inLanguage":"bs-BA","potentialAction":[{"@type":"CommentAction","name":"Comment","target":["https:\/\/sandzakpress.net\/arhiva\/u-luksemburgu-odrzano-predavanje-za-zene\/#respond"]}]},{"@type":"WebPage","@id":"https:\/\/sandzakpress.net\/arhiva\/u-luksemburgu-odrzano-predavanje-za-zene\/","url":"https:\/\/sandzakpress.net\/arhiva\/u-luksemburgu-odrzano-predavanje-za-zene\/","name":"U Luksemburgu odr\u017eano predavanje za \u017eene","isPartOf":{"@id":"https:\/\/sandzakpress.net\/arhiva\/#website"},"primaryImageOfPage":{"@id":"https:\/\/sandzakpress.net\/arhiva\/u-luksemburgu-odrzano-predavanje-za-zene\/#primaryimage"},"image":{"@id":"https:\/\/sandzakpress.net\/arhiva\/u-luksemburgu-odrzano-predavanje-za-zene\/#primaryimage"},"thumbnailUrl":"https:\/\/sandzakpress.net\/arhiva\/wp-content\/uploads\/2016\/01\/1-16.jpg","datePublished":"2016-01-30T13:15:16+00:00","breadcrumb":{"@id":"https:\/\/sandzakpress.net\/arhiva\/u-luksemburgu-odrzano-predavanje-za-zene\/#breadcrumb"},"inLanguage":"bs-BA","potentialAction":[{"@type":"ReadAction","target":["https:\/\/sandzakpress.net\/arhiva\/u-luksemburgu-odrzano-predavanje-za-zene\/"]}]},{"@type":"ImageObject","inLanguage":"bs-BA","@id":"https:\/\/sandzakpress.net\/arhiva\/u-luksemburgu-odrzano-predavanje-za-zene\/#primaryimage","url":"https:\/\/sandzakpress.net\/arhiva\/wp-content\/uploads\/2016\/01\/1-16.jpg","contentUrl":"https:\/\/sandzakpress.net\/arhiva\/wp-content\/uploads\/2016\/01\/1-16.jpg","width":1232,"height":689},{"@type":"BreadcrumbList","@id":"https:\/\/sandzakpress.net\/arhiva\/u-luksemburgu-odrzano-predavanje-za-zene\/#breadcrumb","itemListElement":[{"@type":"ListItem","position":1,"name":"Home","item":"https:\/\/sandzakpress.net\/arhiva\/"},{"@type":"ListItem","position":2,"name":"U Luksemburgu odr\u017eano predavanje za \u017eene"}]},{"@type":"WebSite","@id":"https:\/\/sandzakpress.net\/arhiva\/#website","url":"https:\/\/sandzakpress.net\/arhiva\/","name":"Sand\u017eak PRESS","description":"Prve elektronske novine u Sand\u017eaku","publisher":{"@id":"https:\/\/sandzakpress.net\/arhiva\/#\/schema\/person\/6e72b67d6e51910a1117b3b483ba20bd"},"potentialAction":[{"@type":"SearchAction","target":{"@type":"EntryPoint","urlTemplate":"https:\/\/sandzakpress.net\/arhiva\/?s={search_term_string}"},"query-input":{"@type":"PropertyValueSpecification","valueRequired":true,"valueName":"search_term_string"}}],"inLanguage":"bs-BA"},{"@type":["Person","Organization"],"@id":"https:\/\/sandzakpress.net\/arhiva\/#\/schema\/person\/6e72b67d6e51910a1117b3b483ba20bd","name":"Kul","image":{"@type":"ImageObject","inLanguage":"bs-BA","@id":"https:\/\/sandzakpress.net\/arhiva\/#\/schema\/person\/image\/","url":"https:\/\/secure.gravatar.com\/avatar\/42263f39aa27ac04c43cab85c280eb2e?s=96&d=mm&r=pg","contentUrl":"https:\/\/secure.gravatar.com\/avatar\/42263f39aa27ac04c43cab85c280eb2e?s=96&d=mm&r=pg","caption":"Kul"},"logo":{"@id":"https:\/\/sandzakpress.net\/arhiva\/#\/schema\/person\/image\/"}},{"@type":"Person","@id":"https:\/\/sandzakpress.net\/arhiva\/#\/schema\/person\/c8baee722073534b583ea7bdb2e36c02","name":"bosniak","image":{"@type":"ImageObject","inLanguage":"bs-BA","@id":"https:\/\/sandzakpress.net\/arhiva\/#\/schema\/person\/image\/","url":"https:\/\/secure.gravatar.com\/avatar\/a04fd330bfe3a36a72a0ad4a6d89fca7?s=96&d=mm&r=pg","contentUrl":"https:\/\/secure.gravatar.com\/avatar\/a04fd330bfe3a36a72a0ad4a6d89fca7?s=96&d=mm&r=pg","caption":"bosniak"},"url":"https:\/\/sandzakpress.net\/arhiva\/author\/bosniak\/"}]}},"_links":{"self":[{"href":"https:\/\/sandzakpress.net\/arhiva\/wp-json\/wp\/v2\/posts\/153457"}],"collection":[{"href":"https:\/\/sandzakpress.net\/arhiva\/wp-json\/wp\/v2\/posts"}],"about":[{"href":"https:\/\/sandzakpress.net\/arhiva\/wp-json\/wp\/v2\/types\/post"}],"author":[{"embeddable":true,"href":"https:\/\/sandzakpress.net\/arhiva\/wp-json\/wp\/v2\/users\/83"}],"replies":[{"embeddable":true,"href":"https:\/\/sandzakpress.net\/arhiva\/wp-json\/wp\/v2\/comments?post=153457"}],"version-history":[{"count":0,"href":"https:\/\/sandzakpress.net\/arhiva\/wp-json\/wp\/v2\/posts\/153457\/revisions"}],"wp:featuredmedia":[{"embeddable":true,"href":"https:\/\/sandzakpress.net\/arhiva\/wp-json\/wp\/v2\/media\/153458"}],"wp:attachment":[{"href":"https:\/\/sandzakpress.net\/arhiva\/wp-json\/wp\/v2\/media?parent=153457"}],"wp:term":[{"taxonomy":"category","embeddable":true,"href":"https:\/\/sandzakpress.net\/arhiva\/wp-json\/wp\/v2\/categories?post=153457"},{"taxonomy":"post_tag","embeddable":true,"href":"https:\/\/sandzakpress.net\/arhiva\/wp-json\/wp\/v2\/tags?post=153457"}],"curies":[{"name":"wp","href":"https:\/\/api.w.org\/{rel}","templated":true}]}}