{"id":15338,"date":"2011-04-26T13:20:20","date_gmt":"2011-04-26T11:20:20","guid":{"rendered":"https:\/\/sandzakpress.net\/arhiva\/?p=15338"},"modified":"2011-04-26T13:20:20","modified_gmt":"2011-04-26T11:20:20","slug":"ekskluzivno-memorandum-ii-o-muftiji-zukorlicu","status":"publish","type":"post","link":"https:\/\/sandzakpress.net\/arhiva\/ekskluzivno-memorandum-ii-o-muftiji-zukorlicu\/","title":{"rendered":"Ekskluzivno: Memorandum II o muftiji Zukorli\u0107u"},"content":{"rendered":"<p><strong><a href=\"https:\/\/sandzakpress.net\/arhiva\/wp-content\/uploads\/2011\/04\/bezimena4.jpg\"><img loading=\"lazy\" decoding=\"async\" class=\"alignleft size-full wp-image-15339\" title=\"bezimena4\" src=\"https:\/\/sandzakpress.net\/arhiva\/wp-content\/uploads\/2011\/04\/bezimena4.jpg\" alt=\"\" width=\"208\" height=\"257\" \/><\/a>Sand\u017eak -Ekskluzivno saznajemo da je posebno poglavlje tajnog Memoranduma II Srpske akademije nauka i umjetnosti posve\u0107eno Sand\u017eaku. U tekstu jasno stoji: &#8220;Smanjiti uticaj Islamske zajednice u Srbiji i muftije zukorli\u0107a.<br \/>\n<\/strong><\/p>\n<p>Objelodanjivanjem postojanja Memoranduma II SANU, koji implementiraju predsjednik Tadi\u0107 i Vlada Srbije, kona\u010dno se sve kockice uklapaju u prirodna le\u017ei\u0161ta. Ozbiljnom promatra\u010du je bivao donekle \u010dudan diskontinuitet platformskog izra\u017eavanja fa\u0161isoidne velikosrpske politike, pogotovu \u0161to se djelovanje iste nikada nije prekinulo, posljednje decenije \u010dak i mutiralo u perfidne oblike koji se nisu tek tako mogli razumjeti u svojim realnim dimenzijama.<\/p>\n<p>Zato taj dokument i jeste tajan, s naznakom <em>\u010ditaj i ne \u0161iri<\/em>, od\u0161tampan u vrlo ograni\u010denom broju primjeraka precizno numeriranih prema realnim potrebama srbijanske politi\u010dke elite. Pogotovu je nama ovdje u Sand\u017eaku postalo posve jasno uporno ustrajavanje na politici poltronstva nasuprot partnerstva. Partner je neko ko ula\u017ee i tra\u017ei, a poltron samo ula\u017ee i zadovoljava se sitninom za koju mora izgubiti i ime i prezime, i vjeru i naciju, i \u010dast i dostojanstvo, i porijeklo svojih predaka i budu\u0107nost svojih potomaka. To autori <em>Memoranduma II<\/em> dobro znaju, i zato su posebno poglavlje posvetili slabljenju i uni\u0161tenju onoga ko im mo\u017ee biti partner u Sand\u017eaku, onoga ko je jo\u0161 jedino mo\u0107an dostojanstveno i hrabro re\u0107i NE njihovoj ponudi za poltronstvom: Islamskoj zajednici u Srbiji na \u010delu sa glavnim muftijom Muamerom ef. Zukorli\u0107em. Svi problemi Bo\u0161njaka u Sand\u017eaku iscenirani su da bi se slomio otpor ideji partnerstva. Za te svrhe su osmi\u0161ljene brojne do sada upotrijebljene strategije kao i one koje \u0107e se tek upotrijebiti. Troipogodi\u0161nji rat nije urodio plodom, taktika paralelizma, ucjena, medijske hajke i upotrebe sile protiv jedinstva Islamske zajednice i bo\u0161nja\u010dkoga naroda u Sand\u017eaku nije dala zna\u010dajnije rezultate, te se sada moraju izna\u0107i novi modeli djelovanja prema muslimanima.<\/p>\n<p><a href=\"https:\/\/sandzakpress.net\/arhiva\/wp-content\/uploads\/2011\/04\/Muamer-Zukorlic527.jpg\"><img loading=\"lazy\" decoding=\"async\" class=\"alignright size-medium wp-image-15340\" title=\"Muamer-Zukorlic527\" src=\"https:\/\/sandzakpress.net\/arhiva\/wp-content\/uploads\/2011\/04\/Muamer-Zukorlic527-300x170.jpg\" alt=\"\" width=\"300\" height=\"170\" \/><\/a>No, nevolja re\u017eima jest u tome \u0161to se je prera\u010dunao i svojim ignorantskim odnosom spram Bo\u0161njaka izazvao revolt i otrijeznio \u010dak i one koji su mu bar donekle naslijepo vjerovali. Takvim pogre\u0161nim pristupom problemu stvorio je ambijent za \u010deli\u010denje i sta\u0161avanje generacije koja ne\u0107e nikada pokleknuti niti nasjesti na bilo koju podvalu, a Boga mi zna i odgovoriti na svaku vrstu agresije. Stoga nas nikakve strategije i taktike ne uzbu\u0111uju, jer smo svjesni svega \u0161to nam se izde\u0161avalo u historiji, i duboko na svom tijelu nosimo \u017eig svakog obespravljenog, poni\u017eenog, diskriminiranog i ubijenog Bo\u0161njaka, i to ne samo kroz Genocide i zlo\u010dine ve\u0107 i kulturocide, urbicide i sve druge oblike nasilja nad materijalnim i nematerijalnim spomenicima na\u0161e duhovnosti.<\/p>\n<p>Nakon objelodanjivanja <em>Memoranduma II<\/em> i jasnog apostrofiranja Islamske zajednice u Srbiji kao prirodnog neprijatelja velikosrpskih ideja, vi\u0161e niko od Bo\u0161njaka nema pravo re\u0107i da ne razumije, ne zna, nije siguran, nije obavije\u0161ten ko je ispravan a ko neispravan igra\u010d. Vrijeme je da i oni posljednji zablu\u0111enici shvate ko ih i za \u010diji ra\u010dun voda niz strmine. Ukoliko se oglu\u0161e i ovako jasan znak, onda prestaju sve dileme i postaje o\u010digledno da su svjesno zaigrali sa \u0161ejtanom i da ne \u017eele prekinuti taj ortakluk koji ih vodi u bezdan. A tamo kletve svih njihovih o\u010deva, majki, sinova i k\u0107eri i vatreni jezici koji im se uvijaju oko tijela i tanje im sloj po sloj ko\u017ee koji se svaki put iznova obnavljaju da bi opet gorjeli.<\/p>\n<p>Izvor:<strong> SandzakPRESS.net<\/strong><\/p>\n","protected":false},"excerpt":{"rendered":"<p>Sand\u017eak -Ekskluzivno saznajemo da je posebno poglavlje tajnog Memoranduma II Srpske akademije nauka i umjetnosti posve\u0107eno Sand\u017eaku. U tekstu jasno stoji: &#8220;Smanjiti uticaj Islamske zajednice u Srbiji i muftije zukorli\u0107a. Objelodanjivanjem postojanja Memoranduma II SANU, koji implementiraju predsjednik Tadi\u0107 i Vlada Srbije, kona\u010dno se sve kockice uklapaju u prirodna le\u017ei\u0161ta. Ozbiljnom promatra\u010du je bivao donekle [&hellip;]<\/p>\n","protected":false},"author":83,"featured_media":15339,"comment_status":"open","ping_status":"open","sticky":false,"template":"","format":"standard","meta":{"footnotes":""},"categories":[72,398,800,52,397,327,392,396,393,395,394,399],"tags":[],"class_list":{"0":"post-15338","1":"post","2":"type-post","3":"status-publish","4":"format-standard","5":"has-post-thumbnail","7":"category-novi-pazar","8":"category-rozaje","9":"category-nacija","10":"category-sjenica","11":"category-berane","12":"category-tutin","13":"category-prijepolje_","14":"category-bijelo_polje","15":"category-priboj","16":"category-pljevlja_","17":"category-nova-varos","18":"category-plav_"},"yoast_head":"<!-- This site is optimized with the Yoast SEO Premium plugin v23.1 (Yoast SEO v24.9) - https:\/\/yoast.com\/wordpress\/plugins\/seo\/ -->\n<title>Ekskluzivno: Memorandum II o muftiji Zukorli\u0107u<\/title>\n<meta name=\"robots\" content=\"index, follow, max-snippet:-1, max-image-preview:large, max-video-preview:-1\" \/>\n<link rel=\"canonical\" href=\"https:\/\/sandzakpress.net\/arhiva\/ekskluzivno-memorandum-ii-o-muftiji-zukorlicu\/\" \/>\n<meta property=\"og:locale\" content=\"bs_BA\" \/>\n<meta property=\"og:type\" content=\"article\" \/>\n<meta property=\"og:title\" content=\"Ekskluzivno: Memorandum II o muftiji Zukorli\u0107u\" \/>\n<meta property=\"og:description\" content=\"Sand\u017eak -Ekskluzivno saznajemo da je posebno poglavlje tajnog Memoranduma II Srpske akademije nauka i umjetnosti posve\u0107eno Sand\u017eaku. U tekstu jasno stoji: &#8220;Smanjiti uticaj Islamske zajednice u Srbiji i muftije zukorli\u0107a. Objelodanjivanjem postojanja Memoranduma II SANU, koji implementiraju predsjednik Tadi\u0107 i Vlada Srbije, kona\u010dno se sve kockice uklapaju u prirodna le\u017ei\u0161ta. Ozbiljnom promatra\u010du je bivao donekle [&hellip;]\" \/>\n<meta property=\"og:url\" content=\"https:\/\/sandzakpress.net\/arhiva\/ekskluzivno-memorandum-ii-o-muftiji-zukorlicu\/\" \/>\n<meta property=\"og:site_name\" content=\"Sand\u017eak PRESS\" \/>\n<meta property=\"article:published_time\" content=\"2011-04-26T11:20:20+00:00\" \/>\n<meta property=\"og:image\" content=\"https:\/\/sandzakpress.net\/arhiva\/wp-content\/uploads\/2011\/04\/bezimena4.jpg\" \/>\n\t<meta property=\"og:image:width\" content=\"208\" \/>\n\t<meta property=\"og:image:height\" content=\"257\" \/>\n\t<meta property=\"og:image:type\" content=\"image\/jpeg\" \/>\n<meta name=\"author\" content=\"bosniak\" \/>\n<meta name=\"twitter:card\" content=\"summary_large_image\" \/>\n<meta name=\"twitter:label1\" content=\"Written by\" \/>\n\t<meta name=\"twitter:data1\" content=\"bosniak\" \/>\n\t<meta name=\"twitter:label2\" content=\"Est. reading time\" \/>\n\t<meta name=\"twitter:data2\" content=\"3 minute\" \/>\n<script type=\"application\/ld+json\" class=\"yoast-schema-graph\">{\"@context\":\"https:\/\/schema.org\",\"@graph\":[{\"@type\":\"Article\",\"@id\":\"https:\/\/sandzakpress.net\/arhiva\/ekskluzivno-memorandum-ii-o-muftiji-zukorlicu\/#article\",\"isPartOf\":{\"@id\":\"https:\/\/sandzakpress.net\/arhiva\/ekskluzivno-memorandum-ii-o-muftiji-zukorlicu\/\"},\"author\":{\"name\":\"bosniak\",\"@id\":\"https:\/\/sandzakpress.net\/arhiva\/#\/schema\/person\/c8baee722073534b583ea7bdb2e36c02\"},\"headline\":\"Ekskluzivno: Memorandum II o muftiji Zukorli\u0107u\",\"datePublished\":\"2011-04-26T11:20:20+00:00\",\"mainEntityOfPage\":{\"@id\":\"https:\/\/sandzakpress.net\/arhiva\/ekskluzivno-memorandum-ii-o-muftiji-zukorlicu\/\"},\"wordCount\":597,\"commentCount\":7,\"publisher\":{\"@id\":\"https:\/\/sandzakpress.net\/arhiva\/#\/schema\/person\/6e72b67d6e51910a1117b3b483ba20bd\"},\"image\":{\"@id\":\"https:\/\/sandzakpress.net\/arhiva\/ekskluzivno-memorandum-ii-o-muftiji-zukorlicu\/#primaryimage\"},\"thumbnailUrl\":\"https:\/\/sandzakpress.net\/arhiva\/wp-content\/uploads\/2011\/04\/bezimena4.jpg\",\"articleSection\":[\"Novi Pazar\",\"Ro\u017eaje\",\"Nacija\",\"Sjenica\",\"Berane\",\"Tutin\",\"Prijepolje\",\"Bijelo Polje\",\"Priboj\",\"Pljevlja\",\"Nova Varo\u0161\",\"Plav\"],\"inLanguage\":\"bs-BA\",\"potentialAction\":[{\"@type\":\"CommentAction\",\"name\":\"Comment\",\"target\":[\"https:\/\/sandzakpress.net\/arhiva\/ekskluzivno-memorandum-ii-o-muftiji-zukorlicu\/#respond\"]}]},{\"@type\":\"WebPage\",\"@id\":\"https:\/\/sandzakpress.net\/arhiva\/ekskluzivno-memorandum-ii-o-muftiji-zukorlicu\/\",\"url\":\"https:\/\/sandzakpress.net\/arhiva\/ekskluzivno-memorandum-ii-o-muftiji-zukorlicu\/\",\"name\":\"Ekskluzivno: Memorandum II o muftiji Zukorli\u0107u\",\"isPartOf\":{\"@id\":\"https:\/\/sandzakpress.net\/arhiva\/#website\"},\"primaryImageOfPage\":{\"@id\":\"https:\/\/sandzakpress.net\/arhiva\/ekskluzivno-memorandum-ii-o-muftiji-zukorlicu\/#primaryimage\"},\"image\":{\"@id\":\"https:\/\/sandzakpress.net\/arhiva\/ekskluzivno-memorandum-ii-o-muftiji-zukorlicu\/#primaryimage\"},\"thumbnailUrl\":\"https:\/\/sandzakpress.net\/arhiva\/wp-content\/uploads\/2011\/04\/bezimena4.jpg\",\"datePublished\":\"2011-04-26T11:20:20+00:00\",\"breadcrumb\":{\"@id\":\"https:\/\/sandzakpress.net\/arhiva\/ekskluzivno-memorandum-ii-o-muftiji-zukorlicu\/#breadcrumb\"},\"inLanguage\":\"bs-BA\",\"potentialAction\":[{\"@type\":\"ReadAction\",\"target\":[\"https:\/\/sandzakpress.net\/arhiva\/ekskluzivno-memorandum-ii-o-muftiji-zukorlicu\/\"]}]},{\"@type\":\"ImageObject\",\"inLanguage\":\"bs-BA\",\"@id\":\"https:\/\/sandzakpress.net\/arhiva\/ekskluzivno-memorandum-ii-o-muftiji-zukorlicu\/#primaryimage\",\"url\":\"https:\/\/sandzakpress.net\/arhiva\/wp-content\/uploads\/2011\/04\/bezimena4.jpg\",\"contentUrl\":\"https:\/\/sandzakpress.net\/arhiva\/wp-content\/uploads\/2011\/04\/bezimena4.jpg\",\"width\":208,\"height\":257},{\"@type\":\"BreadcrumbList\",\"@id\":\"https:\/\/sandzakpress.net\/arhiva\/ekskluzivno-memorandum-ii-o-muftiji-zukorlicu\/#breadcrumb\",\"itemListElement\":[{\"@type\":\"ListItem\",\"position\":1,\"name\":\"Home\",\"item\":\"https:\/\/sandzakpress.net\/arhiva\/\"},{\"@type\":\"ListItem\",\"position\":2,\"name\":\"Ekskluzivno: Memorandum II o muftiji Zukorli\u0107u\"}]},{\"@type\":\"WebSite\",\"@id\":\"https:\/\/sandzakpress.net\/arhiva\/#website\",\"url\":\"https:\/\/sandzakpress.net\/arhiva\/\",\"name\":\"Sand\u017eak PRESS\",\"description\":\"Prve elektronske novine u Sand\u017eaku\",\"publisher\":{\"@id\":\"https:\/\/sandzakpress.net\/arhiva\/#\/schema\/person\/6e72b67d6e51910a1117b3b483ba20bd\"},\"potentialAction\":[{\"@type\":\"SearchAction\",\"target\":{\"@type\":\"EntryPoint\",\"urlTemplate\":\"https:\/\/sandzakpress.net\/arhiva\/?s={search_term_string}\"},\"query-input\":{\"@type\":\"PropertyValueSpecification\",\"valueRequired\":true,\"valueName\":\"search_term_string\"}}],\"inLanguage\":\"bs-BA\"},{\"@type\":[\"Person\",\"Organization\"],\"@id\":\"https:\/\/sandzakpress.net\/arhiva\/#\/schema\/person\/6e72b67d6e51910a1117b3b483ba20bd\",\"name\":\"Kul\",\"image\":{\"@type\":\"ImageObject\",\"inLanguage\":\"bs-BA\",\"@id\":\"https:\/\/sandzakpress.net\/arhiva\/#\/schema\/person\/image\/\",\"url\":\"https:\/\/secure.gravatar.com\/avatar\/42263f39aa27ac04c43cab85c280eb2e?s=96&d=mm&r=pg\",\"contentUrl\":\"https:\/\/secure.gravatar.com\/avatar\/42263f39aa27ac04c43cab85c280eb2e?s=96&d=mm&r=pg\",\"caption\":\"Kul\"},\"logo\":{\"@id\":\"https:\/\/sandzakpress.net\/arhiva\/#\/schema\/person\/image\/\"}},{\"@type\":\"Person\",\"@id\":\"https:\/\/sandzakpress.net\/arhiva\/#\/schema\/person\/c8baee722073534b583ea7bdb2e36c02\",\"name\":\"bosniak\",\"image\":{\"@type\":\"ImageObject\",\"inLanguage\":\"bs-BA\",\"@id\":\"https:\/\/sandzakpress.net\/arhiva\/#\/schema\/person\/image\/\",\"url\":\"https:\/\/secure.gravatar.com\/avatar\/a04fd330bfe3a36a72a0ad4a6d89fca7?s=96&d=mm&r=pg\",\"contentUrl\":\"https:\/\/secure.gravatar.com\/avatar\/a04fd330bfe3a36a72a0ad4a6d89fca7?s=96&d=mm&r=pg\",\"caption\":\"bosniak\"},\"url\":\"https:\/\/sandzakpress.net\/arhiva\/author\/bosniak\/\"}]}<\/script>\n<!-- \/ Yoast SEO Premium plugin. -->","yoast_head_json":{"title":"Ekskluzivno: Memorandum II o muftiji Zukorli\u0107u","robots":{"index":"index","follow":"follow","max-snippet":"max-snippet:-1","max-image-preview":"max-image-preview:large","max-video-preview":"max-video-preview:-1"},"canonical":"https:\/\/sandzakpress.net\/arhiva\/ekskluzivno-memorandum-ii-o-muftiji-zukorlicu\/","og_locale":"bs_BA","og_type":"article","og_title":"Ekskluzivno: Memorandum II o muftiji Zukorli\u0107u","og_description":"Sand\u017eak -Ekskluzivno saznajemo da je posebno poglavlje tajnog Memoranduma II Srpske akademije nauka i umjetnosti posve\u0107eno Sand\u017eaku. U tekstu jasno stoji: &#8220;Smanjiti uticaj Islamske zajednice u Srbiji i muftije zukorli\u0107a. Objelodanjivanjem postojanja Memoranduma II SANU, koji implementiraju predsjednik Tadi\u0107 i Vlada Srbije, kona\u010dno se sve kockice uklapaju u prirodna le\u017ei\u0161ta. Ozbiljnom promatra\u010du je bivao donekle [&hellip;]","og_url":"https:\/\/sandzakpress.net\/arhiva\/ekskluzivno-memorandum-ii-o-muftiji-zukorlicu\/","og_site_name":"Sand\u017eak PRESS","article_published_time":"2011-04-26T11:20:20+00:00","og_image":[{"width":208,"height":257,"url":"https:\/\/sandzakpress.net\/arhiva\/wp-content\/uploads\/2011\/04\/bezimena4.jpg","type":"image\/jpeg"}],"author":"bosniak","twitter_card":"summary_large_image","twitter_misc":{"Written by":"bosniak","Est. reading time":"3 minute"},"schema":{"@context":"https:\/\/schema.org","@graph":[{"@type":"Article","@id":"https:\/\/sandzakpress.net\/arhiva\/ekskluzivno-memorandum-ii-o-muftiji-zukorlicu\/#article","isPartOf":{"@id":"https:\/\/sandzakpress.net\/arhiva\/ekskluzivno-memorandum-ii-o-muftiji-zukorlicu\/"},"author":{"name":"bosniak","@id":"https:\/\/sandzakpress.net\/arhiva\/#\/schema\/person\/c8baee722073534b583ea7bdb2e36c02"},"headline":"Ekskluzivno: Memorandum II o muftiji Zukorli\u0107u","datePublished":"2011-04-26T11:20:20+00:00","mainEntityOfPage":{"@id":"https:\/\/sandzakpress.net\/arhiva\/ekskluzivno-memorandum-ii-o-muftiji-zukorlicu\/"},"wordCount":597,"commentCount":7,"publisher":{"@id":"https:\/\/sandzakpress.net\/arhiva\/#\/schema\/person\/6e72b67d6e51910a1117b3b483ba20bd"},"image":{"@id":"https:\/\/sandzakpress.net\/arhiva\/ekskluzivno-memorandum-ii-o-muftiji-zukorlicu\/#primaryimage"},"thumbnailUrl":"https:\/\/sandzakpress.net\/arhiva\/wp-content\/uploads\/2011\/04\/bezimena4.jpg","articleSection":["Novi Pazar","Ro\u017eaje","Nacija","Sjenica","Berane","Tutin","Prijepolje","Bijelo Polje","Priboj","Pljevlja","Nova Varo\u0161","Plav"],"inLanguage":"bs-BA","potentialAction":[{"@type":"CommentAction","name":"Comment","target":["https:\/\/sandzakpress.net\/arhiva\/ekskluzivno-memorandum-ii-o-muftiji-zukorlicu\/#respond"]}]},{"@type":"WebPage","@id":"https:\/\/sandzakpress.net\/arhiva\/ekskluzivno-memorandum-ii-o-muftiji-zukorlicu\/","url":"https:\/\/sandzakpress.net\/arhiva\/ekskluzivno-memorandum-ii-o-muftiji-zukorlicu\/","name":"Ekskluzivno: Memorandum II o muftiji Zukorli\u0107u","isPartOf":{"@id":"https:\/\/sandzakpress.net\/arhiva\/#website"},"primaryImageOfPage":{"@id":"https:\/\/sandzakpress.net\/arhiva\/ekskluzivno-memorandum-ii-o-muftiji-zukorlicu\/#primaryimage"},"image":{"@id":"https:\/\/sandzakpress.net\/arhiva\/ekskluzivno-memorandum-ii-o-muftiji-zukorlicu\/#primaryimage"},"thumbnailUrl":"https:\/\/sandzakpress.net\/arhiva\/wp-content\/uploads\/2011\/04\/bezimena4.jpg","datePublished":"2011-04-26T11:20:20+00:00","breadcrumb":{"@id":"https:\/\/sandzakpress.net\/arhiva\/ekskluzivno-memorandum-ii-o-muftiji-zukorlicu\/#breadcrumb"},"inLanguage":"bs-BA","potentialAction":[{"@type":"ReadAction","target":["https:\/\/sandzakpress.net\/arhiva\/ekskluzivno-memorandum-ii-o-muftiji-zukorlicu\/"]}]},{"@type":"ImageObject","inLanguage":"bs-BA","@id":"https:\/\/sandzakpress.net\/arhiva\/ekskluzivno-memorandum-ii-o-muftiji-zukorlicu\/#primaryimage","url":"https:\/\/sandzakpress.net\/arhiva\/wp-content\/uploads\/2011\/04\/bezimena4.jpg","contentUrl":"https:\/\/sandzakpress.net\/arhiva\/wp-content\/uploads\/2011\/04\/bezimena4.jpg","width":208,"height":257},{"@type":"BreadcrumbList","@id":"https:\/\/sandzakpress.net\/arhiva\/ekskluzivno-memorandum-ii-o-muftiji-zukorlicu\/#breadcrumb","itemListElement":[{"@type":"ListItem","position":1,"name":"Home","item":"https:\/\/sandzakpress.net\/arhiva\/"},{"@type":"ListItem","position":2,"name":"Ekskluzivno: Memorandum II o muftiji Zukorli\u0107u"}]},{"@type":"WebSite","@id":"https:\/\/sandzakpress.net\/arhiva\/#website","url":"https:\/\/sandzakpress.net\/arhiva\/","name":"Sand\u017eak PRESS","description":"Prve elektronske novine u Sand\u017eaku","publisher":{"@id":"https:\/\/sandzakpress.net\/arhiva\/#\/schema\/person\/6e72b67d6e51910a1117b3b483ba20bd"},"potentialAction":[{"@type":"SearchAction","target":{"@type":"EntryPoint","urlTemplate":"https:\/\/sandzakpress.net\/arhiva\/?s={search_term_string}"},"query-input":{"@type":"PropertyValueSpecification","valueRequired":true,"valueName":"search_term_string"}}],"inLanguage":"bs-BA"},{"@type":["Person","Organization"],"@id":"https:\/\/sandzakpress.net\/arhiva\/#\/schema\/person\/6e72b67d6e51910a1117b3b483ba20bd","name":"Kul","image":{"@type":"ImageObject","inLanguage":"bs-BA","@id":"https:\/\/sandzakpress.net\/arhiva\/#\/schema\/person\/image\/","url":"https:\/\/secure.gravatar.com\/avatar\/42263f39aa27ac04c43cab85c280eb2e?s=96&d=mm&r=pg","contentUrl":"https:\/\/secure.gravatar.com\/avatar\/42263f39aa27ac04c43cab85c280eb2e?s=96&d=mm&r=pg","caption":"Kul"},"logo":{"@id":"https:\/\/sandzakpress.net\/arhiva\/#\/schema\/person\/image\/"}},{"@type":"Person","@id":"https:\/\/sandzakpress.net\/arhiva\/#\/schema\/person\/c8baee722073534b583ea7bdb2e36c02","name":"bosniak","image":{"@type":"ImageObject","inLanguage":"bs-BA","@id":"https:\/\/sandzakpress.net\/arhiva\/#\/schema\/person\/image\/","url":"https:\/\/secure.gravatar.com\/avatar\/a04fd330bfe3a36a72a0ad4a6d89fca7?s=96&d=mm&r=pg","contentUrl":"https:\/\/secure.gravatar.com\/avatar\/a04fd330bfe3a36a72a0ad4a6d89fca7?s=96&d=mm&r=pg","caption":"bosniak"},"url":"https:\/\/sandzakpress.net\/arhiva\/author\/bosniak\/"}]}},"_links":{"self":[{"href":"https:\/\/sandzakpress.net\/arhiva\/wp-json\/wp\/v2\/posts\/15338"}],"collection":[{"href":"https:\/\/sandzakpress.net\/arhiva\/wp-json\/wp\/v2\/posts"}],"about":[{"href":"https:\/\/sandzakpress.net\/arhiva\/wp-json\/wp\/v2\/types\/post"}],"author":[{"embeddable":true,"href":"https:\/\/sandzakpress.net\/arhiva\/wp-json\/wp\/v2\/users\/83"}],"replies":[{"embeddable":true,"href":"https:\/\/sandzakpress.net\/arhiva\/wp-json\/wp\/v2\/comments?post=15338"}],"version-history":[{"count":0,"href":"https:\/\/sandzakpress.net\/arhiva\/wp-json\/wp\/v2\/posts\/15338\/revisions"}],"wp:featuredmedia":[{"embeddable":true,"href":"https:\/\/sandzakpress.net\/arhiva\/wp-json\/wp\/v2\/media\/15339"}],"wp:attachment":[{"href":"https:\/\/sandzakpress.net\/arhiva\/wp-json\/wp\/v2\/media?parent=15338"}],"wp:term":[{"taxonomy":"category","embeddable":true,"href":"https:\/\/sandzakpress.net\/arhiva\/wp-json\/wp\/v2\/categories?post=15338"},{"taxonomy":"post_tag","embeddable":true,"href":"https:\/\/sandzakpress.net\/arhiva\/wp-json\/wp\/v2\/tags?post=15338"}],"curies":[{"name":"wp","href":"https:\/\/api.w.org\/{rel}","templated":true}]}}