{"id":153359,"date":"2016-01-29T14:07:15","date_gmt":"2016-01-29T13:07:15","guid":{"rendered":"https:\/\/sandzakpress.net\/arhiva\/?p=153359"},"modified":"2016-01-29T14:12:06","modified_gmt":"2016-01-29T13:12:06","slug":"ugljanin-pozvao-bdz-na-formiranje-predizborne-koalicije","status":"publish","type":"post","link":"https:\/\/sandzakpress.net\/arhiva\/ugljanin-pozvao-bdz-na-formiranje-predizborne-koalicije\/","title":{"rendered":"Ugljanin pozvao BDZ na formiranje predizborne koalicije"},"content":{"rendered":"<p><a href=\"http:\/\/radiostoplus.com\/images\/clanci\/LICNOSTI\/ugljanin_proglas.jpg\" rel=\"lightbox-gallery\"><img decoding=\"async\" src=\"http:\/\/radiostoplus.com\/images\/clanci\/LICNOSTI\/ugljanin_proglas.jpg\" alt=\"\" \/><\/a><\/p>\n<p><b>Sand\u017eak &#8211; Bo\u0161nja\u010dko nacionalno ve\u0107e (BNV) izdalo je danas proglas kojim je pozvalo sve bo\u0161nja\u010dke politi\u010dke stranke, institucije i organizacije da formiraju \u201cbo\u0161nja\u010dki blok\u201d i zajedno nastupe na predstoje\u0107im parlamentarnim i lokalnim izborima.<\/b><\/p>\n<div class=\"desc_holder mb15\">\n<p>Predsednik BNV Sulejman Ugljanin rekao je na konferenciji za novinare da je su\u0161tina proglasa \u201cobezbje\u0111ivanje bo\u0161nja\u010dkog jedinstva, uvo\u0111enje kulture dijaloga i izbacivanja govora mr\u017enje kroz zajedni\u010dki nastup bo\u0161nja\u010dkih partija na predstoje\u0107im izborima\u201d.<\/p>\n<p>\u201cMoja poruka gra\u0111anima je da \u0107e oni na izborima donijeti presudu ko \u0107e zastupati njihove interese. Zato ih pozivam da glasaju za jedinstvenu bo\u0161nja\u010dku listu kako ne bismo pravili gre\u0161ke kao ranije i rasipali glasove. Glasanjem za \u2018bo\u0161nja\u010dki blok\u2019 dobit \u0107emo poslani\u010dku grupu u Narodnoj skup\u0161tini koja \u0107e biti zna\u010dajan faktor na politi\u010dkoj sceni Srbije\u201d, izjavio je Ugljanin.<\/p>\n<p>BDZ Sand\u017eaka, pored SDA Sand\u017eaka koja \u010dini vlast u Tutinu i Sjenici je jedina\u00a0opoziciona stranka u Sand\u017eaku.<\/p>\n<p>Izvor: <a href=\"http:\/\/radiostoplus.com\/item\/18206\">Radio100+<\/a>, SP<\/p>\n<p>&nbsp;<\/p>\n<\/div>\n","protected":false},"excerpt":{"rendered":"<p>Sand\u017eak &#8211; Bo\u0161nja\u010dko nacionalno ve\u0107e (BNV) izdalo je danas proglas kojim je pozvalo sve bo\u0161nja\u010dke politi\u010dke stranke, institucije i organizacije da formiraju \u201cbo\u0161nja\u010dki blok\u201d i zajedno nastupe na predstoje\u0107im parlamentarnim i lokalnim izborima. Predsednik BNV Sulejman Ugljanin rekao je na konferenciji za novinare da je su\u0161tina proglasa \u201cobezbje\u0111ivanje bo\u0161nja\u010dkog jedinstva, uvo\u0111enje kulture dijaloga i izbacivanja [&hellip;]<\/p>\n","protected":false},"author":83,"featured_media":153360,"comment_status":"open","ping_status":"open","sticky":false,"template":"","format":"standard","meta":{"footnotes":""},"categories":[72,1,52,327,392,393,394,8957],"tags":[10223,10255],"class_list":{"0":"post-153359","1":"post","2":"type-post","3":"status-publish","4":"format-standard","5":"has-post-thumbnail","7":"category-novi-pazar","8":"category-politika","9":"category-sjenica","10":"category-tutin","11":"category-prijepolje_","12":"category-priboj","13":"category-nova-varos","14":"category-vijesti-dana","15":"tag-bdz","16":"tag-sda"},"yoast_head":"<!-- This site is optimized with the Yoast SEO Premium plugin v23.1 (Yoast SEO v24.9) - https:\/\/yoast.com\/wordpress\/plugins\/seo\/ -->\n<title>Ugljanin pozvao BDZ na formiranje predizborne koalicije<\/title>\n<meta name=\"robots\" content=\"index, follow, max-snippet:-1, max-image-preview:large, max-video-preview:-1\" \/>\n<link rel=\"canonical\" href=\"https:\/\/sandzakpress.net\/arhiva\/ugljanin-pozvao-bdz-na-formiranje-predizborne-koalicije\/\" \/>\n<meta property=\"og:locale\" content=\"bs_BA\" \/>\n<meta property=\"og:type\" content=\"article\" \/>\n<meta property=\"og:title\" content=\"Ugljanin pozvao BDZ na formiranje predizborne koalicije\" \/>\n<meta property=\"og:description\" content=\"Sand\u017eak &#8211; Bo\u0161nja\u010dko nacionalno ve\u0107e (BNV) izdalo je danas proglas kojim je pozvalo sve bo\u0161nja\u010dke politi\u010dke stranke, institucije i organizacije da formiraju \u201cbo\u0161nja\u010dki blok\u201d i zajedno nastupe na predstoje\u0107im parlamentarnim i lokalnim izborima. Predsednik BNV Sulejman Ugljanin rekao je na konferenciji za novinare da je su\u0161tina proglasa \u201cobezbje\u0111ivanje bo\u0161nja\u010dkog jedinstva, uvo\u0111enje kulture dijaloga i izbacivanja [&hellip;]\" \/>\n<meta property=\"og:url\" content=\"https:\/\/sandzakpress.net\/arhiva\/ugljanin-pozvao-bdz-na-formiranje-predizborne-koalicije\/\" \/>\n<meta property=\"og:site_name\" content=\"Sand\u017eak PRESS\" \/>\n<meta property=\"article:published_time\" content=\"2016-01-29T13:07:15+00:00\" \/>\n<meta property=\"article:modified_time\" content=\"2016-01-29T13:12:06+00:00\" \/>\n<meta property=\"og:image\" content=\"https:\/\/sandzakpress.net\/arhiva\/wp-content\/uploads\/2016\/01\/ugljanin_proglas.jpg\" \/>\n\t<meta property=\"og:image:width\" content=\"697\" \/>\n\t<meta property=\"og:image:height\" content=\"495\" \/>\n\t<meta property=\"og:image:type\" content=\"image\/jpeg\" \/>\n<meta name=\"author\" content=\"bosniak\" \/>\n<meta name=\"twitter:card\" content=\"summary_large_image\" \/>\n<meta name=\"twitter:label1\" content=\"Written by\" \/>\n\t<meta name=\"twitter:data1\" content=\"bosniak\" \/>\n\t<meta name=\"twitter:label2\" content=\"Est. reading time\" \/>\n\t<meta name=\"twitter:data2\" content=\"1 minuta\" \/>\n<script type=\"application\/ld+json\" class=\"yoast-schema-graph\">{\"@context\":\"https:\/\/schema.org\",\"@graph\":[{\"@type\":\"Article\",\"@id\":\"https:\/\/sandzakpress.net\/arhiva\/ugljanin-pozvao-bdz-na-formiranje-predizborne-koalicije\/#article\",\"isPartOf\":{\"@id\":\"https:\/\/sandzakpress.net\/arhiva\/ugljanin-pozvao-bdz-na-formiranje-predizborne-koalicije\/\"},\"author\":{\"name\":\"bosniak\",\"@id\":\"https:\/\/sandzakpress.net\/arhiva\/#\/schema\/person\/c8baee722073534b583ea7bdb2e36c02\"},\"headline\":\"Ugljanin pozvao BDZ na formiranje predizborne koalicije\",\"datePublished\":\"2016-01-29T13:07:15+00:00\",\"dateModified\":\"2016-01-29T13:12:06+00:00\",\"mainEntityOfPage\":{\"@id\":\"https:\/\/sandzakpress.net\/arhiva\/ugljanin-pozvao-bdz-na-formiranje-predizborne-koalicije\/\"},\"wordCount\":185,\"commentCount\":51,\"publisher\":{\"@id\":\"https:\/\/sandzakpress.net\/arhiva\/#\/schema\/person\/6e72b67d6e51910a1117b3b483ba20bd\"},\"image\":{\"@id\":\"https:\/\/sandzakpress.net\/arhiva\/ugljanin-pozvao-bdz-na-formiranje-predizborne-koalicije\/#primaryimage\"},\"thumbnailUrl\":\"https:\/\/sandzakpress.net\/arhiva\/wp-content\/uploads\/2016\/01\/ugljanin_proglas.jpg\",\"keywords\":[\"BDZ\",\"SDA\"],\"articleSection\":[\"Novi Pazar\",\"Politika\",\"Sjenica\",\"Tutin\",\"Prijepolje\",\"Priboj\",\"Nova Varo\u0161\",\"VIJESTI DANA\"],\"inLanguage\":\"bs-BA\",\"potentialAction\":[{\"@type\":\"CommentAction\",\"name\":\"Comment\",\"target\":[\"https:\/\/sandzakpress.net\/arhiva\/ugljanin-pozvao-bdz-na-formiranje-predizborne-koalicije\/#respond\"]}]},{\"@type\":\"WebPage\",\"@id\":\"https:\/\/sandzakpress.net\/arhiva\/ugljanin-pozvao-bdz-na-formiranje-predizborne-koalicije\/\",\"url\":\"https:\/\/sandzakpress.net\/arhiva\/ugljanin-pozvao-bdz-na-formiranje-predizborne-koalicije\/\",\"name\":\"Ugljanin pozvao BDZ na formiranje predizborne koalicije\",\"isPartOf\":{\"@id\":\"https:\/\/sandzakpress.net\/arhiva\/#website\"},\"primaryImageOfPage\":{\"@id\":\"https:\/\/sandzakpress.net\/arhiva\/ugljanin-pozvao-bdz-na-formiranje-predizborne-koalicije\/#primaryimage\"},\"image\":{\"@id\":\"https:\/\/sandzakpress.net\/arhiva\/ugljanin-pozvao-bdz-na-formiranje-predizborne-koalicije\/#primaryimage\"},\"thumbnailUrl\":\"https:\/\/sandzakpress.net\/arhiva\/wp-content\/uploads\/2016\/01\/ugljanin_proglas.jpg\",\"datePublished\":\"2016-01-29T13:07:15+00:00\",\"dateModified\":\"2016-01-29T13:12:06+00:00\",\"breadcrumb\":{\"@id\":\"https:\/\/sandzakpress.net\/arhiva\/ugljanin-pozvao-bdz-na-formiranje-predizborne-koalicije\/#breadcrumb\"},\"inLanguage\":\"bs-BA\",\"potentialAction\":[{\"@type\":\"ReadAction\",\"target\":[\"https:\/\/sandzakpress.net\/arhiva\/ugljanin-pozvao-bdz-na-formiranje-predizborne-koalicije\/\"]}]},{\"@type\":\"ImageObject\",\"inLanguage\":\"bs-BA\",\"@id\":\"https:\/\/sandzakpress.net\/arhiva\/ugljanin-pozvao-bdz-na-formiranje-predizborne-koalicije\/#primaryimage\",\"url\":\"https:\/\/sandzakpress.net\/arhiva\/wp-content\/uploads\/2016\/01\/ugljanin_proglas.jpg\",\"contentUrl\":\"https:\/\/sandzakpress.net\/arhiva\/wp-content\/uploads\/2016\/01\/ugljanin_proglas.jpg\",\"width\":697,\"height\":495},{\"@type\":\"BreadcrumbList\",\"@id\":\"https:\/\/sandzakpress.net\/arhiva\/ugljanin-pozvao-bdz-na-formiranje-predizborne-koalicije\/#breadcrumb\",\"itemListElement\":[{\"@type\":\"ListItem\",\"position\":1,\"name\":\"Home\",\"item\":\"https:\/\/sandzakpress.net\/arhiva\/\"},{\"@type\":\"ListItem\",\"position\":2,\"name\":\"Ugljanin pozvao BDZ na formiranje predizborne koalicije\"}]},{\"@type\":\"WebSite\",\"@id\":\"https:\/\/sandzakpress.net\/arhiva\/#website\",\"url\":\"https:\/\/sandzakpress.net\/arhiva\/\",\"name\":\"Sand\u017eak PRESS\",\"description\":\"Prve elektronske novine u Sand\u017eaku\",\"publisher\":{\"@id\":\"https:\/\/sandzakpress.net\/arhiva\/#\/schema\/person\/6e72b67d6e51910a1117b3b483ba20bd\"},\"potentialAction\":[{\"@type\":\"SearchAction\",\"target\":{\"@type\":\"EntryPoint\",\"urlTemplate\":\"https:\/\/sandzakpress.net\/arhiva\/?s={search_term_string}\"},\"query-input\":{\"@type\":\"PropertyValueSpecification\",\"valueRequired\":true,\"valueName\":\"search_term_string\"}}],\"inLanguage\":\"bs-BA\"},{\"@type\":[\"Person\",\"Organization\"],\"@id\":\"https:\/\/sandzakpress.net\/arhiva\/#\/schema\/person\/6e72b67d6e51910a1117b3b483ba20bd\",\"name\":\"Kul\",\"image\":{\"@type\":\"ImageObject\",\"inLanguage\":\"bs-BA\",\"@id\":\"https:\/\/sandzakpress.net\/arhiva\/#\/schema\/person\/image\/\",\"url\":\"https:\/\/secure.gravatar.com\/avatar\/42263f39aa27ac04c43cab85c280eb2e?s=96&d=mm&r=pg\",\"contentUrl\":\"https:\/\/secure.gravatar.com\/avatar\/42263f39aa27ac04c43cab85c280eb2e?s=96&d=mm&r=pg\",\"caption\":\"Kul\"},\"logo\":{\"@id\":\"https:\/\/sandzakpress.net\/arhiva\/#\/schema\/person\/image\/\"}},{\"@type\":\"Person\",\"@id\":\"https:\/\/sandzakpress.net\/arhiva\/#\/schema\/person\/c8baee722073534b583ea7bdb2e36c02\",\"name\":\"bosniak\",\"image\":{\"@type\":\"ImageObject\",\"inLanguage\":\"bs-BA\",\"@id\":\"https:\/\/sandzakpress.net\/arhiva\/#\/schema\/person\/image\/\",\"url\":\"https:\/\/secure.gravatar.com\/avatar\/a04fd330bfe3a36a72a0ad4a6d89fca7?s=96&d=mm&r=pg\",\"contentUrl\":\"https:\/\/secure.gravatar.com\/avatar\/a04fd330bfe3a36a72a0ad4a6d89fca7?s=96&d=mm&r=pg\",\"caption\":\"bosniak\"},\"url\":\"https:\/\/sandzakpress.net\/arhiva\/author\/bosniak\/\"}]}<\/script>\n<!-- \/ Yoast SEO Premium plugin. -->","yoast_head_json":{"title":"Ugljanin pozvao BDZ na formiranje predizborne koalicije","robots":{"index":"index","follow":"follow","max-snippet":"max-snippet:-1","max-image-preview":"max-image-preview:large","max-video-preview":"max-video-preview:-1"},"canonical":"https:\/\/sandzakpress.net\/arhiva\/ugljanin-pozvao-bdz-na-formiranje-predizborne-koalicije\/","og_locale":"bs_BA","og_type":"article","og_title":"Ugljanin pozvao BDZ na formiranje predizborne koalicije","og_description":"Sand\u017eak &#8211; Bo\u0161nja\u010dko nacionalno ve\u0107e (BNV) izdalo je danas proglas kojim je pozvalo sve bo\u0161nja\u010dke politi\u010dke stranke, institucije i organizacije da formiraju \u201cbo\u0161nja\u010dki blok\u201d i zajedno nastupe na predstoje\u0107im parlamentarnim i lokalnim izborima. Predsednik BNV Sulejman Ugljanin rekao je na konferenciji za novinare da je su\u0161tina proglasa \u201cobezbje\u0111ivanje bo\u0161nja\u010dkog jedinstva, uvo\u0111enje kulture dijaloga i izbacivanja [&hellip;]","og_url":"https:\/\/sandzakpress.net\/arhiva\/ugljanin-pozvao-bdz-na-formiranje-predizborne-koalicije\/","og_site_name":"Sand\u017eak PRESS","article_published_time":"2016-01-29T13:07:15+00:00","article_modified_time":"2016-01-29T13:12:06+00:00","og_image":[{"width":697,"height":495,"url":"https:\/\/sandzakpress.net\/arhiva\/wp-content\/uploads\/2016\/01\/ugljanin_proglas.jpg","type":"image\/jpeg"}],"author":"bosniak","twitter_card":"summary_large_image","twitter_misc":{"Written by":"bosniak","Est. reading time":"1 minuta"},"schema":{"@context":"https:\/\/schema.org","@graph":[{"@type":"Article","@id":"https:\/\/sandzakpress.net\/arhiva\/ugljanin-pozvao-bdz-na-formiranje-predizborne-koalicije\/#article","isPartOf":{"@id":"https:\/\/sandzakpress.net\/arhiva\/ugljanin-pozvao-bdz-na-formiranje-predizborne-koalicije\/"},"author":{"name":"bosniak","@id":"https:\/\/sandzakpress.net\/arhiva\/#\/schema\/person\/c8baee722073534b583ea7bdb2e36c02"},"headline":"Ugljanin pozvao BDZ na formiranje predizborne koalicije","datePublished":"2016-01-29T13:07:15+00:00","dateModified":"2016-01-29T13:12:06+00:00","mainEntityOfPage":{"@id":"https:\/\/sandzakpress.net\/arhiva\/ugljanin-pozvao-bdz-na-formiranje-predizborne-koalicije\/"},"wordCount":185,"commentCount":51,"publisher":{"@id":"https:\/\/sandzakpress.net\/arhiva\/#\/schema\/person\/6e72b67d6e51910a1117b3b483ba20bd"},"image":{"@id":"https:\/\/sandzakpress.net\/arhiva\/ugljanin-pozvao-bdz-na-formiranje-predizborne-koalicije\/#primaryimage"},"thumbnailUrl":"https:\/\/sandzakpress.net\/arhiva\/wp-content\/uploads\/2016\/01\/ugljanin_proglas.jpg","keywords":["BDZ","SDA"],"articleSection":["Novi Pazar","Politika","Sjenica","Tutin","Prijepolje","Priboj","Nova Varo\u0161","VIJESTI DANA"],"inLanguage":"bs-BA","potentialAction":[{"@type":"CommentAction","name":"Comment","target":["https:\/\/sandzakpress.net\/arhiva\/ugljanin-pozvao-bdz-na-formiranje-predizborne-koalicije\/#respond"]}]},{"@type":"WebPage","@id":"https:\/\/sandzakpress.net\/arhiva\/ugljanin-pozvao-bdz-na-formiranje-predizborne-koalicije\/","url":"https:\/\/sandzakpress.net\/arhiva\/ugljanin-pozvao-bdz-na-formiranje-predizborne-koalicije\/","name":"Ugljanin pozvao BDZ na formiranje predizborne koalicije","isPartOf":{"@id":"https:\/\/sandzakpress.net\/arhiva\/#website"},"primaryImageOfPage":{"@id":"https:\/\/sandzakpress.net\/arhiva\/ugljanin-pozvao-bdz-na-formiranje-predizborne-koalicije\/#primaryimage"},"image":{"@id":"https:\/\/sandzakpress.net\/arhiva\/ugljanin-pozvao-bdz-na-formiranje-predizborne-koalicije\/#primaryimage"},"thumbnailUrl":"https:\/\/sandzakpress.net\/arhiva\/wp-content\/uploads\/2016\/01\/ugljanin_proglas.jpg","datePublished":"2016-01-29T13:07:15+00:00","dateModified":"2016-01-29T13:12:06+00:00","breadcrumb":{"@id":"https:\/\/sandzakpress.net\/arhiva\/ugljanin-pozvao-bdz-na-formiranje-predizborne-koalicije\/#breadcrumb"},"inLanguage":"bs-BA","potentialAction":[{"@type":"ReadAction","target":["https:\/\/sandzakpress.net\/arhiva\/ugljanin-pozvao-bdz-na-formiranje-predizborne-koalicije\/"]}]},{"@type":"ImageObject","inLanguage":"bs-BA","@id":"https:\/\/sandzakpress.net\/arhiva\/ugljanin-pozvao-bdz-na-formiranje-predizborne-koalicije\/#primaryimage","url":"https:\/\/sandzakpress.net\/arhiva\/wp-content\/uploads\/2016\/01\/ugljanin_proglas.jpg","contentUrl":"https:\/\/sandzakpress.net\/arhiva\/wp-content\/uploads\/2016\/01\/ugljanin_proglas.jpg","width":697,"height":495},{"@type":"BreadcrumbList","@id":"https:\/\/sandzakpress.net\/arhiva\/ugljanin-pozvao-bdz-na-formiranje-predizborne-koalicije\/#breadcrumb","itemListElement":[{"@type":"ListItem","position":1,"name":"Home","item":"https:\/\/sandzakpress.net\/arhiva\/"},{"@type":"ListItem","position":2,"name":"Ugljanin pozvao BDZ na formiranje predizborne koalicije"}]},{"@type":"WebSite","@id":"https:\/\/sandzakpress.net\/arhiva\/#website","url":"https:\/\/sandzakpress.net\/arhiva\/","name":"Sand\u017eak PRESS","description":"Prve elektronske novine u Sand\u017eaku","publisher":{"@id":"https:\/\/sandzakpress.net\/arhiva\/#\/schema\/person\/6e72b67d6e51910a1117b3b483ba20bd"},"potentialAction":[{"@type":"SearchAction","target":{"@type":"EntryPoint","urlTemplate":"https:\/\/sandzakpress.net\/arhiva\/?s={search_term_string}"},"query-input":{"@type":"PropertyValueSpecification","valueRequired":true,"valueName":"search_term_string"}}],"inLanguage":"bs-BA"},{"@type":["Person","Organization"],"@id":"https:\/\/sandzakpress.net\/arhiva\/#\/schema\/person\/6e72b67d6e51910a1117b3b483ba20bd","name":"Kul","image":{"@type":"ImageObject","inLanguage":"bs-BA","@id":"https:\/\/sandzakpress.net\/arhiva\/#\/schema\/person\/image\/","url":"https:\/\/secure.gravatar.com\/avatar\/42263f39aa27ac04c43cab85c280eb2e?s=96&d=mm&r=pg","contentUrl":"https:\/\/secure.gravatar.com\/avatar\/42263f39aa27ac04c43cab85c280eb2e?s=96&d=mm&r=pg","caption":"Kul"},"logo":{"@id":"https:\/\/sandzakpress.net\/arhiva\/#\/schema\/person\/image\/"}},{"@type":"Person","@id":"https:\/\/sandzakpress.net\/arhiva\/#\/schema\/person\/c8baee722073534b583ea7bdb2e36c02","name":"bosniak","image":{"@type":"ImageObject","inLanguage":"bs-BA","@id":"https:\/\/sandzakpress.net\/arhiva\/#\/schema\/person\/image\/","url":"https:\/\/secure.gravatar.com\/avatar\/a04fd330bfe3a36a72a0ad4a6d89fca7?s=96&d=mm&r=pg","contentUrl":"https:\/\/secure.gravatar.com\/avatar\/a04fd330bfe3a36a72a0ad4a6d89fca7?s=96&d=mm&r=pg","caption":"bosniak"},"url":"https:\/\/sandzakpress.net\/arhiva\/author\/bosniak\/"}]}},"_links":{"self":[{"href":"https:\/\/sandzakpress.net\/arhiva\/wp-json\/wp\/v2\/posts\/153359"}],"collection":[{"href":"https:\/\/sandzakpress.net\/arhiva\/wp-json\/wp\/v2\/posts"}],"about":[{"href":"https:\/\/sandzakpress.net\/arhiva\/wp-json\/wp\/v2\/types\/post"}],"author":[{"embeddable":true,"href":"https:\/\/sandzakpress.net\/arhiva\/wp-json\/wp\/v2\/users\/83"}],"replies":[{"embeddable":true,"href":"https:\/\/sandzakpress.net\/arhiva\/wp-json\/wp\/v2\/comments?post=153359"}],"version-history":[{"count":0,"href":"https:\/\/sandzakpress.net\/arhiva\/wp-json\/wp\/v2\/posts\/153359\/revisions"}],"wp:featuredmedia":[{"embeddable":true,"href":"https:\/\/sandzakpress.net\/arhiva\/wp-json\/wp\/v2\/media\/153360"}],"wp:attachment":[{"href":"https:\/\/sandzakpress.net\/arhiva\/wp-json\/wp\/v2\/media?parent=153359"}],"wp:term":[{"taxonomy":"category","embeddable":true,"href":"https:\/\/sandzakpress.net\/arhiva\/wp-json\/wp\/v2\/categories?post=153359"},{"taxonomy":"post_tag","embeddable":true,"href":"https:\/\/sandzakpress.net\/arhiva\/wp-json\/wp\/v2\/tags?post=153359"}],"curies":[{"name":"wp","href":"https:\/\/api.w.org\/{rel}","templated":true}]}}