{"id":15328,"date":"2011-04-25T22:00:26","date_gmt":"2011-04-25T20:00:26","guid":{"rendered":"https:\/\/sandzakpress.net\/arhiva\/?p=15328"},"modified":"2011-04-25T22:01:39","modified_gmt":"2011-04-25T20:01:39","slug":"husovic-podrzan-za-predsjednika-bosnjacke-stranke","status":"publish","type":"post","link":"https:\/\/sandzakpress.net\/arhiva\/husovic-podrzan-za-predsjednika-bosnjacke-stranke\/","title":{"rendered":"Husovi\u0107 podr\u017ean za predsjednika Bo\u0161nja\u010dke stranke"},"content":{"rendered":"<p><strong><a href=\"https:\/\/sandzakpress.net\/arhiva\/wp-content\/uploads\/2011\/04\/W5N1234-246x300.jpg\"><img loading=\"lazy\" decoding=\"async\" class=\"alignleft size-full wp-image-15329\" src=\"https:\/\/sandzakpress.net\/arhiva\/wp-content\/uploads\/2011\/04\/W5N1234-246x300.jpg\" alt=\"\" width=\"246\" height=\"300\" \/><\/a>Ju\u017eni Sand\u017eak &#8211; Ro\u017eajski odbor je na izbornoj skup\u0107ini jednoglasno podr\u017eao Rafeta  Husovi\u0107a za novog \u2013 starog predsjednika Bo\u0161nja\u010dke stranke (BS).<\/strong><\/p>\n<p>Kona\u010dna odluka zna\u0107e se polovinom juna kada \u0107e se odr\u017eati Kongres te partije.<\/p>\n<p>Na Skup\u0107ini su predlo\u017eeni kandidati za Glavni odbor BS, a izabrani su i organi na lokalnom nivou.<\/p>\n<p>Za predsjednika Op\u0107inskog odbora BS jednoglasno je reimenovan Ervin  Ibrahimovi\u0107. On je istakao da \u0107e mu prioritet u radu biti o\u010duvanje i  ja\u010danje nacionalnih interesa Bo\u0161njaka, te smjena aktuelne lokalne  vlasti.<\/p>\n<p>Obe\u0107ao je da \u0107e raditi i na rje\u0161avanju statusa Sand\u017eaka kao  prekograni\u010dne regije, kao i na povezivanju i saradnji sa partijama iz  okru\u017eenja koje se bore za interes bo\u0161nja\u010dkog naroda.<\/p>\n<p>Izvor:<strong> Bicent.com<\/strong><\/p>\n","protected":false},"excerpt":{"rendered":"<p>Ju\u017eni Sand\u017eak &#8211; Ro\u017eajski odbor je na izbornoj skup\u0107ini jednoglasno podr\u017eao Rafeta Husovi\u0107a za novog \u2013 starog predsjednika Bo\u0161nja\u010dke stranke (BS). Kona\u010dna odluka zna\u0107e se polovinom juna kada \u0107e se odr\u017eati Kongres te partije. Na Skup\u0107ini su predlo\u017eeni kandidati za Glavni odbor BS, a izabrani su i organi na lokalnom nivou. Za predsjednika Op\u0107inskog odbora [&hellip;]<\/p>\n","protected":false},"author":13,"featured_media":15329,"comment_status":"open","ping_status":"open","sticky":false,"template":"","format":"standard","meta":{"footnotes":""},"categories":[398,397,396,395,399],"tags":[],"class_list":{"0":"post-15328","1":"post","2":"type-post","3":"status-publish","4":"format-standard","5":"has-post-thumbnail","7":"category-rozaje","8":"category-berane","9":"category-bijelo_polje","10":"category-pljevlja_","11":"category-plav_"},"yoast_head":"<!-- This site is optimized with the Yoast SEO Premium plugin v23.1 (Yoast SEO v24.9) - https:\/\/yoast.com\/wordpress\/plugins\/seo\/ -->\n<title>Husovi\u0107 podr\u017ean za predsjednika Bo\u0161nja\u010dke stranke<\/title>\n<meta name=\"robots\" content=\"index, follow, max-snippet:-1, max-image-preview:large, max-video-preview:-1\" \/>\n<link rel=\"canonical\" href=\"https:\/\/sandzakpress.net\/arhiva\/husovic-podrzan-za-predsjednika-bosnjacke-stranke\/\" \/>\n<meta property=\"og:locale\" content=\"bs_BA\" \/>\n<meta property=\"og:type\" content=\"article\" \/>\n<meta property=\"og:title\" content=\"Husovi\u0107 podr\u017ean za predsjednika Bo\u0161nja\u010dke stranke\" \/>\n<meta property=\"og:description\" content=\"Ju\u017eni Sand\u017eak &#8211; Ro\u017eajski odbor je na izbornoj skup\u0107ini jednoglasno podr\u017eao Rafeta Husovi\u0107a za novog \u2013 starog predsjednika Bo\u0161nja\u010dke stranke (BS). Kona\u010dna odluka zna\u0107e se polovinom juna kada \u0107e se odr\u017eati Kongres te partije. Na Skup\u0107ini su predlo\u017eeni kandidati za Glavni odbor BS, a izabrani su i organi na lokalnom nivou. Za predsjednika Op\u0107inskog odbora [&hellip;]\" \/>\n<meta property=\"og:url\" content=\"https:\/\/sandzakpress.net\/arhiva\/husovic-podrzan-za-predsjednika-bosnjacke-stranke\/\" \/>\n<meta property=\"og:site_name\" content=\"Sand\u017eak PRESS\" \/>\n<meta property=\"article:published_time\" content=\"2011-04-25T20:00:26+00:00\" \/>\n<meta property=\"article:modified_time\" content=\"2011-04-25T20:01:39+00:00\" \/>\n<meta property=\"og:image\" content=\"https:\/\/sandzakpress.net\/arhiva\/wp-content\/uploads\/2011\/04\/W5N1234-246x300.jpg\" \/>\n\t<meta property=\"og:image:width\" content=\"246\" \/>\n\t<meta property=\"og:image:height\" content=\"300\" \/>\n\t<meta property=\"og:image:type\" content=\"image\/jpeg\" \/>\n<meta name=\"twitter:card\" content=\"summary_large_image\" \/>\n<meta name=\"twitter:label1\" content=\"Written by\" \/>\n\t<meta name=\"twitter:data1\" content=\"\" \/>\n\t<meta name=\"twitter:label2\" content=\"Est. reading time\" \/>\n\t<meta name=\"twitter:data2\" content=\"1 minuta\" \/>\n<script type=\"application\/ld+json\" class=\"yoast-schema-graph\">{\"@context\":\"https:\/\/schema.org\",\"@graph\":[{\"@type\":\"Article\",\"@id\":\"https:\/\/sandzakpress.net\/arhiva\/husovic-podrzan-za-predsjednika-bosnjacke-stranke\/#article\",\"isPartOf\":{\"@id\":\"https:\/\/sandzakpress.net\/arhiva\/husovic-podrzan-za-predsjednika-bosnjacke-stranke\/\"},\"author\":{\"name\":\"\",\"@id\":\"\"},\"headline\":\"Husovi\u0107 podr\u017ean za predsjednika Bo\u0161nja\u010dke stranke\",\"datePublished\":\"2011-04-25T20:00:26+00:00\",\"dateModified\":\"2011-04-25T20:01:39+00:00\",\"mainEntityOfPage\":{\"@id\":\"https:\/\/sandzakpress.net\/arhiva\/husovic-podrzan-za-predsjednika-bosnjacke-stranke\/\"},\"wordCount\":147,\"commentCount\":1,\"publisher\":{\"@id\":\"https:\/\/sandzakpress.net\/arhiva\/#\/schema\/person\/6e72b67d6e51910a1117b3b483ba20bd\"},\"image\":{\"@id\":\"https:\/\/sandzakpress.net\/arhiva\/husovic-podrzan-za-predsjednika-bosnjacke-stranke\/#primaryimage\"},\"thumbnailUrl\":\"https:\/\/sandzakpress.net\/arhiva\/wp-content\/uploads\/2011\/04\/W5N1234-246x300.jpg\",\"articleSection\":[\"Ro\u017eaje\",\"Berane\",\"Bijelo Polje\",\"Pljevlja\",\"Plav\"],\"inLanguage\":\"bs-BA\",\"potentialAction\":[{\"@type\":\"CommentAction\",\"name\":\"Comment\",\"target\":[\"https:\/\/sandzakpress.net\/arhiva\/husovic-podrzan-za-predsjednika-bosnjacke-stranke\/#respond\"]}]},{\"@type\":\"WebPage\",\"@id\":\"https:\/\/sandzakpress.net\/arhiva\/husovic-podrzan-za-predsjednika-bosnjacke-stranke\/\",\"url\":\"https:\/\/sandzakpress.net\/arhiva\/husovic-podrzan-za-predsjednika-bosnjacke-stranke\/\",\"name\":\"Husovi\u0107 podr\u017ean za predsjednika Bo\u0161nja\u010dke stranke\",\"isPartOf\":{\"@id\":\"https:\/\/sandzakpress.net\/arhiva\/#website\"},\"primaryImageOfPage\":{\"@id\":\"https:\/\/sandzakpress.net\/arhiva\/husovic-podrzan-za-predsjednika-bosnjacke-stranke\/#primaryimage\"},\"image\":{\"@id\":\"https:\/\/sandzakpress.net\/arhiva\/husovic-podrzan-za-predsjednika-bosnjacke-stranke\/#primaryimage\"},\"thumbnailUrl\":\"https:\/\/sandzakpress.net\/arhiva\/wp-content\/uploads\/2011\/04\/W5N1234-246x300.jpg\",\"datePublished\":\"2011-04-25T20:00:26+00:00\",\"dateModified\":\"2011-04-25T20:01:39+00:00\",\"breadcrumb\":{\"@id\":\"https:\/\/sandzakpress.net\/arhiva\/husovic-podrzan-za-predsjednika-bosnjacke-stranke\/#breadcrumb\"},\"inLanguage\":\"bs-BA\",\"potentialAction\":[{\"@type\":\"ReadAction\",\"target\":[\"https:\/\/sandzakpress.net\/arhiva\/husovic-podrzan-za-predsjednika-bosnjacke-stranke\/\"]}]},{\"@type\":\"ImageObject\",\"inLanguage\":\"bs-BA\",\"@id\":\"https:\/\/sandzakpress.net\/arhiva\/husovic-podrzan-za-predsjednika-bosnjacke-stranke\/#primaryimage\",\"url\":\"https:\/\/sandzakpress.net\/arhiva\/wp-content\/uploads\/2011\/04\/W5N1234-246x300.jpg\",\"contentUrl\":\"https:\/\/sandzakpress.net\/arhiva\/wp-content\/uploads\/2011\/04\/W5N1234-246x300.jpg\",\"width\":246,\"height\":300},{\"@type\":\"BreadcrumbList\",\"@id\":\"https:\/\/sandzakpress.net\/arhiva\/husovic-podrzan-za-predsjednika-bosnjacke-stranke\/#breadcrumb\",\"itemListElement\":[{\"@type\":\"ListItem\",\"position\":1,\"name\":\"Home\",\"item\":\"https:\/\/sandzakpress.net\/arhiva\/\"},{\"@type\":\"ListItem\",\"position\":2,\"name\":\"Husovi\u0107 podr\u017ean za predsjednika Bo\u0161nja\u010dke stranke\"}]},{\"@type\":\"WebSite\",\"@id\":\"https:\/\/sandzakpress.net\/arhiva\/#website\",\"url\":\"https:\/\/sandzakpress.net\/arhiva\/\",\"name\":\"Sand\u017eak PRESS\",\"description\":\"Prve elektronske novine u Sand\u017eaku\",\"publisher\":{\"@id\":\"https:\/\/sandzakpress.net\/arhiva\/#\/schema\/person\/6e72b67d6e51910a1117b3b483ba20bd\"},\"potentialAction\":[{\"@type\":\"SearchAction\",\"target\":{\"@type\":\"EntryPoint\",\"urlTemplate\":\"https:\/\/sandzakpress.net\/arhiva\/?s={search_term_string}\"},\"query-input\":{\"@type\":\"PropertyValueSpecification\",\"valueRequired\":true,\"valueName\":\"search_term_string\"}}],\"inLanguage\":\"bs-BA\"},{\"@type\":[\"Person\",\"Organization\"],\"@id\":\"https:\/\/sandzakpress.net\/arhiva\/#\/schema\/person\/6e72b67d6e51910a1117b3b483ba20bd\",\"name\":\"Kul\",\"image\":{\"@type\":\"ImageObject\",\"inLanguage\":\"bs-BA\",\"@id\":\"https:\/\/sandzakpress.net\/arhiva\/#\/schema\/person\/image\/\",\"url\":\"https:\/\/secure.gravatar.com\/avatar\/42263f39aa27ac04c43cab85c280eb2e?s=96&d=mm&r=pg\",\"contentUrl\":\"https:\/\/secure.gravatar.com\/avatar\/42263f39aa27ac04c43cab85c280eb2e?s=96&d=mm&r=pg\",\"caption\":\"Kul\"},\"logo\":{\"@id\":\"https:\/\/sandzakpress.net\/arhiva\/#\/schema\/person\/image\/\"}},{\"@type\":\"Person\",\"@id\":\"\",\"url\":\"https:\/\/sandzakpress.net\/arhiva\/author\/\"}]}<\/script>\n<!-- \/ Yoast SEO Premium plugin. -->","yoast_head_json":{"title":"Husovi\u0107 podr\u017ean za predsjednika Bo\u0161nja\u010dke stranke","robots":{"index":"index","follow":"follow","max-snippet":"max-snippet:-1","max-image-preview":"max-image-preview:large","max-video-preview":"max-video-preview:-1"},"canonical":"https:\/\/sandzakpress.net\/arhiva\/husovic-podrzan-za-predsjednika-bosnjacke-stranke\/","og_locale":"bs_BA","og_type":"article","og_title":"Husovi\u0107 podr\u017ean za predsjednika Bo\u0161nja\u010dke stranke","og_description":"Ju\u017eni Sand\u017eak &#8211; Ro\u017eajski odbor je na izbornoj skup\u0107ini jednoglasno podr\u017eao Rafeta Husovi\u0107a za novog \u2013 starog predsjednika Bo\u0161nja\u010dke stranke (BS). Kona\u010dna odluka zna\u0107e se polovinom juna kada \u0107e se odr\u017eati Kongres te partije. Na Skup\u0107ini su predlo\u017eeni kandidati za Glavni odbor BS, a izabrani su i organi na lokalnom nivou. Za predsjednika Op\u0107inskog odbora [&hellip;]","og_url":"https:\/\/sandzakpress.net\/arhiva\/husovic-podrzan-za-predsjednika-bosnjacke-stranke\/","og_site_name":"Sand\u017eak PRESS","article_published_time":"2011-04-25T20:00:26+00:00","article_modified_time":"2011-04-25T20:01:39+00:00","og_image":[{"width":246,"height":300,"url":"https:\/\/sandzakpress.net\/arhiva\/wp-content\/uploads\/2011\/04\/W5N1234-246x300.jpg","type":"image\/jpeg"}],"twitter_card":"summary_large_image","twitter_misc":{"Written by":"","Est. reading time":"1 minuta"},"schema":{"@context":"https:\/\/schema.org","@graph":[{"@type":"Article","@id":"https:\/\/sandzakpress.net\/arhiva\/husovic-podrzan-za-predsjednika-bosnjacke-stranke\/#article","isPartOf":{"@id":"https:\/\/sandzakpress.net\/arhiva\/husovic-podrzan-za-predsjednika-bosnjacke-stranke\/"},"author":{"name":"","@id":""},"headline":"Husovi\u0107 podr\u017ean za predsjednika Bo\u0161nja\u010dke stranke","datePublished":"2011-04-25T20:00:26+00:00","dateModified":"2011-04-25T20:01:39+00:00","mainEntityOfPage":{"@id":"https:\/\/sandzakpress.net\/arhiva\/husovic-podrzan-za-predsjednika-bosnjacke-stranke\/"},"wordCount":147,"commentCount":1,"publisher":{"@id":"https:\/\/sandzakpress.net\/arhiva\/#\/schema\/person\/6e72b67d6e51910a1117b3b483ba20bd"},"image":{"@id":"https:\/\/sandzakpress.net\/arhiva\/husovic-podrzan-za-predsjednika-bosnjacke-stranke\/#primaryimage"},"thumbnailUrl":"https:\/\/sandzakpress.net\/arhiva\/wp-content\/uploads\/2011\/04\/W5N1234-246x300.jpg","articleSection":["Ro\u017eaje","Berane","Bijelo Polje","Pljevlja","Plav"],"inLanguage":"bs-BA","potentialAction":[{"@type":"CommentAction","name":"Comment","target":["https:\/\/sandzakpress.net\/arhiva\/husovic-podrzan-za-predsjednika-bosnjacke-stranke\/#respond"]}]},{"@type":"WebPage","@id":"https:\/\/sandzakpress.net\/arhiva\/husovic-podrzan-za-predsjednika-bosnjacke-stranke\/","url":"https:\/\/sandzakpress.net\/arhiva\/husovic-podrzan-za-predsjednika-bosnjacke-stranke\/","name":"Husovi\u0107 podr\u017ean za predsjednika Bo\u0161nja\u010dke stranke","isPartOf":{"@id":"https:\/\/sandzakpress.net\/arhiva\/#website"},"primaryImageOfPage":{"@id":"https:\/\/sandzakpress.net\/arhiva\/husovic-podrzan-za-predsjednika-bosnjacke-stranke\/#primaryimage"},"image":{"@id":"https:\/\/sandzakpress.net\/arhiva\/husovic-podrzan-za-predsjednika-bosnjacke-stranke\/#primaryimage"},"thumbnailUrl":"https:\/\/sandzakpress.net\/arhiva\/wp-content\/uploads\/2011\/04\/W5N1234-246x300.jpg","datePublished":"2011-04-25T20:00:26+00:00","dateModified":"2011-04-25T20:01:39+00:00","breadcrumb":{"@id":"https:\/\/sandzakpress.net\/arhiva\/husovic-podrzan-za-predsjednika-bosnjacke-stranke\/#breadcrumb"},"inLanguage":"bs-BA","potentialAction":[{"@type":"ReadAction","target":["https:\/\/sandzakpress.net\/arhiva\/husovic-podrzan-za-predsjednika-bosnjacke-stranke\/"]}]},{"@type":"ImageObject","inLanguage":"bs-BA","@id":"https:\/\/sandzakpress.net\/arhiva\/husovic-podrzan-za-predsjednika-bosnjacke-stranke\/#primaryimage","url":"https:\/\/sandzakpress.net\/arhiva\/wp-content\/uploads\/2011\/04\/W5N1234-246x300.jpg","contentUrl":"https:\/\/sandzakpress.net\/arhiva\/wp-content\/uploads\/2011\/04\/W5N1234-246x300.jpg","width":246,"height":300},{"@type":"BreadcrumbList","@id":"https:\/\/sandzakpress.net\/arhiva\/husovic-podrzan-za-predsjednika-bosnjacke-stranke\/#breadcrumb","itemListElement":[{"@type":"ListItem","position":1,"name":"Home","item":"https:\/\/sandzakpress.net\/arhiva\/"},{"@type":"ListItem","position":2,"name":"Husovi\u0107 podr\u017ean za predsjednika Bo\u0161nja\u010dke stranke"}]},{"@type":"WebSite","@id":"https:\/\/sandzakpress.net\/arhiva\/#website","url":"https:\/\/sandzakpress.net\/arhiva\/","name":"Sand\u017eak PRESS","description":"Prve elektronske novine u Sand\u017eaku","publisher":{"@id":"https:\/\/sandzakpress.net\/arhiva\/#\/schema\/person\/6e72b67d6e51910a1117b3b483ba20bd"},"potentialAction":[{"@type":"SearchAction","target":{"@type":"EntryPoint","urlTemplate":"https:\/\/sandzakpress.net\/arhiva\/?s={search_term_string}"},"query-input":{"@type":"PropertyValueSpecification","valueRequired":true,"valueName":"search_term_string"}}],"inLanguage":"bs-BA"},{"@type":["Person","Organization"],"@id":"https:\/\/sandzakpress.net\/arhiva\/#\/schema\/person\/6e72b67d6e51910a1117b3b483ba20bd","name":"Kul","image":{"@type":"ImageObject","inLanguage":"bs-BA","@id":"https:\/\/sandzakpress.net\/arhiva\/#\/schema\/person\/image\/","url":"https:\/\/secure.gravatar.com\/avatar\/42263f39aa27ac04c43cab85c280eb2e?s=96&d=mm&r=pg","contentUrl":"https:\/\/secure.gravatar.com\/avatar\/42263f39aa27ac04c43cab85c280eb2e?s=96&d=mm&r=pg","caption":"Kul"},"logo":{"@id":"https:\/\/sandzakpress.net\/arhiva\/#\/schema\/person\/image\/"}},{"@type":"Person","@id":"","url":"https:\/\/sandzakpress.net\/arhiva\/author\/"}]}},"_links":{"self":[{"href":"https:\/\/sandzakpress.net\/arhiva\/wp-json\/wp\/v2\/posts\/15328"}],"collection":[{"href":"https:\/\/sandzakpress.net\/arhiva\/wp-json\/wp\/v2\/posts"}],"about":[{"href":"https:\/\/sandzakpress.net\/arhiva\/wp-json\/wp\/v2\/types\/post"}],"author":[{"embeddable":true,"href":"https:\/\/sandzakpress.net\/arhiva\/wp-json\/wp\/v2\/users\/13"}],"replies":[{"embeddable":true,"href":"https:\/\/sandzakpress.net\/arhiva\/wp-json\/wp\/v2\/comments?post=15328"}],"version-history":[{"count":0,"href":"https:\/\/sandzakpress.net\/arhiva\/wp-json\/wp\/v2\/posts\/15328\/revisions"}],"wp:featuredmedia":[{"embeddable":true,"href":"https:\/\/sandzakpress.net\/arhiva\/wp-json\/wp\/v2\/media\/15329"}],"wp:attachment":[{"href":"https:\/\/sandzakpress.net\/arhiva\/wp-json\/wp\/v2\/media?parent=15328"}],"wp:term":[{"taxonomy":"category","embeddable":true,"href":"https:\/\/sandzakpress.net\/arhiva\/wp-json\/wp\/v2\/categories?post=15328"},{"taxonomy":"post_tag","embeddable":true,"href":"https:\/\/sandzakpress.net\/arhiva\/wp-json\/wp\/v2\/tags?post=15328"}],"curies":[{"name":"wp","href":"https:\/\/api.w.org\/{rel}","templated":true}]}}