{"id":15312,"date":"2011-04-25T21:39:50","date_gmt":"2011-04-25T19:39:50","guid":{"rendered":"https:\/\/sandzakpress.net\/arhiva\/?p=15312"},"modified":"2011-04-25T21:43:10","modified_gmt":"2011-04-25T19:43:10","slug":"sandzaklije-su-veseo-vrijedan-i-radan-narod","status":"publish","type":"post","link":"https:\/\/sandzakpress.net\/arhiva\/sandzaklije-su-veseo-vrijedan-i-radan-narod\/","title":{"rendered":"Sand\u017eaklije su veseo, vrijedan i radan narod"},"content":{"rendered":"<p><strong><a href=\"https:\/\/sandzakpress.net\/arhiva\/wp-content\/uploads\/2011\/04\/kasumovic-300x221.jpg\"><img loading=\"lazy\" decoding=\"async\" class=\"alignleft size-full wp-image-15313\" src=\"https:\/\/sandzakpress.net\/arhiva\/wp-content\/uploads\/2011\/04\/kasumovic-300x221.jpg\" alt=\"\" width=\"300\" height=\"221\" \/><\/a>Ju\u017eni Sand\u017eak &#8211; Moamer Kasumovi\u0107 ima tek 29 godina, a iza njega je ve\u0107  nekoliko uloga u bh. filmovima i jedna glavna u slovena\u010dkom filmu  \u201ePiran-Pirano\u201c. Jedan je od protagonista pozori\u0161ne predstave \u201e\u017daba\u201c koja  osvaja biv\u0161i YU-prostor.<\/strong><\/p>\n<p>Kasumovi\u0107  glumi i u seriji \u201eLud, zbunjen, normalan\u201c koja tako\u0111er obara rekorde  gledanosti u regiji. Uz sve ovo, mladi glumac Moamer Kasumovi\u0107 je i  stranac. Stranac sa paso\u0161em Crne Gore i svim \u0161to taj status nosi. U  Sarajevo je do\u0161ao iz Bijelog Polja gdje mu jo\u0161 uvijek \u017eive roditelji, a  sje\u0107a se i datuma. \u201eBilo je to 26. avgusta, 1996. godine, dakle, odmah  poslije rata. Imao sam samo 14 godina. Dok je trajao rat u BiH, moja  porodica je u Bijelom Polju imala neprilika i moj otac je odlu\u010dio da  prvo po\u0161alje mene u Sarajevo, a zatim su stigle i moje sestre. Ovdje smo  imali rodbinu kod koje sam se ja prvo smjestio, ali kad smo se svi  okupili, mislim pri tome na djecu, otac je kupio stan na Grbavici gdje  sada mi Kasumovi\u0107i \u017eivimo zajedno. U Bijelom Polju su ostali otac i  majka i ne misle napu\u0161tati Crnu Goru\u201c, ka\u017ee Moamer i dodaje da Sarajevo  do\u017eivljava kao svoj grad, uprkos svim papirima koji govore da je  stranac. \u201eZnate kako kod nas ljudi ka\u017eu, \u2018sna\u0161ao se\u2019. E, ja sam se ovdje  sna\u0161ao. Ja bih se sna\u0161ao i u Srbiji, Njema\u010dkoj, bilo gdje\u2026 Kako me god  baci\u0161, ja se do\u010dekam na noge, ja sam od te vrste\u201c, ka\u017ee Moamer  Kasumovi\u0107.<\/p>\n<p>Izvor: <strong>Bicent.com<\/strong><\/p>\n","protected":false},"excerpt":{"rendered":"<p>Ju\u017eni Sand\u017eak &#8211; Moamer Kasumovi\u0107 ima tek 29 godina, a iza njega je ve\u0107 nekoliko uloga u bh. filmovima i jedna glavna u slovena\u010dkom filmu \u201ePiran-Pirano\u201c. Jedan je od protagonista pozori\u0161ne predstave \u201e\u017daba\u201c koja osvaja biv\u0161i YU-prostor. Kasumovi\u0107 glumi i u seriji \u201eLud, zbunjen, normalan\u201c koja tako\u0111er obara rekorde gledanosti u regiji. Uz sve ovo, [&hellip;]<\/p>\n","protected":false},"author":13,"featured_media":15313,"comment_status":"open","ping_status":"open","sticky":false,"template":"","format":"standard","meta":{"footnotes":""},"categories":[398,397,396,395,399],"tags":[],"class_list":{"0":"post-15312","1":"post","2":"type-post","3":"status-publish","4":"format-standard","5":"has-post-thumbnail","7":"category-rozaje","8":"category-berane","9":"category-bijelo_polje","10":"category-pljevlja_","11":"category-plav_"},"yoast_head":"<!-- This site is optimized with the Yoast SEO Premium plugin v23.1 (Yoast SEO v24.9) - https:\/\/yoast.com\/wordpress\/plugins\/seo\/ -->\n<title>Sand\u017eaklije su veseo, vrijedan i radan narod<\/title>\n<meta name=\"robots\" content=\"index, follow, max-snippet:-1, max-image-preview:large, max-video-preview:-1\" \/>\n<link rel=\"canonical\" href=\"https:\/\/sandzakpress.net\/arhiva\/sandzaklije-su-veseo-vrijedan-i-radan-narod\/\" \/>\n<meta property=\"og:locale\" content=\"bs_BA\" \/>\n<meta property=\"og:type\" content=\"article\" \/>\n<meta property=\"og:title\" content=\"Sand\u017eaklije su veseo, vrijedan i radan narod\" \/>\n<meta property=\"og:description\" content=\"Ju\u017eni Sand\u017eak &#8211; Moamer Kasumovi\u0107 ima tek 29 godina, a iza njega je ve\u0107 nekoliko uloga u bh. filmovima i jedna glavna u slovena\u010dkom filmu \u201ePiran-Pirano\u201c. Jedan je od protagonista pozori\u0161ne predstave \u201e\u017daba\u201c koja osvaja biv\u0161i YU-prostor. Kasumovi\u0107 glumi i u seriji \u201eLud, zbunjen, normalan\u201c koja tako\u0111er obara rekorde gledanosti u regiji. Uz sve ovo, [&hellip;]\" \/>\n<meta property=\"og:url\" content=\"https:\/\/sandzakpress.net\/arhiva\/sandzaklije-su-veseo-vrijedan-i-radan-narod\/\" \/>\n<meta property=\"og:site_name\" content=\"Sand\u017eak PRESS\" \/>\n<meta property=\"article:published_time\" content=\"2011-04-25T19:39:50+00:00\" \/>\n<meta property=\"article:modified_time\" content=\"2011-04-25T19:43:10+00:00\" \/>\n<meta property=\"og:image\" content=\"https:\/\/sandzakpress.net\/arhiva\/wp-content\/uploads\/2011\/04\/kasumovic-300x221.jpg\" \/>\n\t<meta property=\"og:image:width\" content=\"300\" \/>\n\t<meta property=\"og:image:height\" content=\"221\" \/>\n\t<meta property=\"og:image:type\" content=\"image\/jpeg\" \/>\n<meta name=\"twitter:card\" content=\"summary_large_image\" \/>\n<meta name=\"twitter:label1\" content=\"Written by\" \/>\n\t<meta name=\"twitter:data1\" content=\"\" \/>\n\t<meta name=\"twitter:label2\" content=\"Est. reading time\" \/>\n\t<meta name=\"twitter:data2\" content=\"1 minuta\" \/>\n<script type=\"application\/ld+json\" class=\"yoast-schema-graph\">{\"@context\":\"https:\/\/schema.org\",\"@graph\":[{\"@type\":\"Article\",\"@id\":\"https:\/\/sandzakpress.net\/arhiva\/sandzaklije-su-veseo-vrijedan-i-radan-narod\/#article\",\"isPartOf\":{\"@id\":\"https:\/\/sandzakpress.net\/arhiva\/sandzaklije-su-veseo-vrijedan-i-radan-narod\/\"},\"author\":{\"name\":\"\",\"@id\":\"\"},\"headline\":\"Sand\u017eaklije su veseo, vrijedan i radan narod\",\"datePublished\":\"2011-04-25T19:39:50+00:00\",\"dateModified\":\"2011-04-25T19:43:10+00:00\",\"mainEntityOfPage\":{\"@id\":\"https:\/\/sandzakpress.net\/arhiva\/sandzaklije-su-veseo-vrijedan-i-radan-narod\/\"},\"wordCount\":275,\"commentCount\":1,\"publisher\":{\"@id\":\"https:\/\/sandzakpress.net\/arhiva\/#\/schema\/person\/6e72b67d6e51910a1117b3b483ba20bd\"},\"image\":{\"@id\":\"https:\/\/sandzakpress.net\/arhiva\/sandzaklije-su-veseo-vrijedan-i-radan-narod\/#primaryimage\"},\"thumbnailUrl\":\"https:\/\/sandzakpress.net\/arhiva\/wp-content\/uploads\/2011\/04\/kasumovic-300x221.jpg\",\"articleSection\":[\"Ro\u017eaje\",\"Berane\",\"Bijelo Polje\",\"Pljevlja\",\"Plav\"],\"inLanguage\":\"bs-BA\",\"potentialAction\":[{\"@type\":\"CommentAction\",\"name\":\"Comment\",\"target\":[\"https:\/\/sandzakpress.net\/arhiva\/sandzaklije-su-veseo-vrijedan-i-radan-narod\/#respond\"]}]},{\"@type\":\"WebPage\",\"@id\":\"https:\/\/sandzakpress.net\/arhiva\/sandzaklije-su-veseo-vrijedan-i-radan-narod\/\",\"url\":\"https:\/\/sandzakpress.net\/arhiva\/sandzaklije-su-veseo-vrijedan-i-radan-narod\/\",\"name\":\"Sand\u017eaklije su veseo, vrijedan i radan narod\",\"isPartOf\":{\"@id\":\"https:\/\/sandzakpress.net\/arhiva\/#website\"},\"primaryImageOfPage\":{\"@id\":\"https:\/\/sandzakpress.net\/arhiva\/sandzaklije-su-veseo-vrijedan-i-radan-narod\/#primaryimage\"},\"image\":{\"@id\":\"https:\/\/sandzakpress.net\/arhiva\/sandzaklije-su-veseo-vrijedan-i-radan-narod\/#primaryimage\"},\"thumbnailUrl\":\"https:\/\/sandzakpress.net\/arhiva\/wp-content\/uploads\/2011\/04\/kasumovic-300x221.jpg\",\"datePublished\":\"2011-04-25T19:39:50+00:00\",\"dateModified\":\"2011-04-25T19:43:10+00:00\",\"breadcrumb\":{\"@id\":\"https:\/\/sandzakpress.net\/arhiva\/sandzaklije-su-veseo-vrijedan-i-radan-narod\/#breadcrumb\"},\"inLanguage\":\"bs-BA\",\"potentialAction\":[{\"@type\":\"ReadAction\",\"target\":[\"https:\/\/sandzakpress.net\/arhiva\/sandzaklije-su-veseo-vrijedan-i-radan-narod\/\"]}]},{\"@type\":\"ImageObject\",\"inLanguage\":\"bs-BA\",\"@id\":\"https:\/\/sandzakpress.net\/arhiva\/sandzaklije-su-veseo-vrijedan-i-radan-narod\/#primaryimage\",\"url\":\"https:\/\/sandzakpress.net\/arhiva\/wp-content\/uploads\/2011\/04\/kasumovic-300x221.jpg\",\"contentUrl\":\"https:\/\/sandzakpress.net\/arhiva\/wp-content\/uploads\/2011\/04\/kasumovic-300x221.jpg\",\"width\":300,\"height\":221},{\"@type\":\"BreadcrumbList\",\"@id\":\"https:\/\/sandzakpress.net\/arhiva\/sandzaklije-su-veseo-vrijedan-i-radan-narod\/#breadcrumb\",\"itemListElement\":[{\"@type\":\"ListItem\",\"position\":1,\"name\":\"Home\",\"item\":\"https:\/\/sandzakpress.net\/arhiva\/\"},{\"@type\":\"ListItem\",\"position\":2,\"name\":\"Sand\u017eaklije su veseo, vrijedan i radan narod\"}]},{\"@type\":\"WebSite\",\"@id\":\"https:\/\/sandzakpress.net\/arhiva\/#website\",\"url\":\"https:\/\/sandzakpress.net\/arhiva\/\",\"name\":\"Sand\u017eak PRESS\",\"description\":\"Prve elektronske novine u Sand\u017eaku\",\"publisher\":{\"@id\":\"https:\/\/sandzakpress.net\/arhiva\/#\/schema\/person\/6e72b67d6e51910a1117b3b483ba20bd\"},\"potentialAction\":[{\"@type\":\"SearchAction\",\"target\":{\"@type\":\"EntryPoint\",\"urlTemplate\":\"https:\/\/sandzakpress.net\/arhiva\/?s={search_term_string}\"},\"query-input\":{\"@type\":\"PropertyValueSpecification\",\"valueRequired\":true,\"valueName\":\"search_term_string\"}}],\"inLanguage\":\"bs-BA\"},{\"@type\":[\"Person\",\"Organization\"],\"@id\":\"https:\/\/sandzakpress.net\/arhiva\/#\/schema\/person\/6e72b67d6e51910a1117b3b483ba20bd\",\"name\":\"Kul\",\"image\":{\"@type\":\"ImageObject\",\"inLanguage\":\"bs-BA\",\"@id\":\"https:\/\/sandzakpress.net\/arhiva\/#\/schema\/person\/image\/\",\"url\":\"https:\/\/secure.gravatar.com\/avatar\/42263f39aa27ac04c43cab85c280eb2e?s=96&d=mm&r=pg\",\"contentUrl\":\"https:\/\/secure.gravatar.com\/avatar\/42263f39aa27ac04c43cab85c280eb2e?s=96&d=mm&r=pg\",\"caption\":\"Kul\"},\"logo\":{\"@id\":\"https:\/\/sandzakpress.net\/arhiva\/#\/schema\/person\/image\/\"}},{\"@type\":\"Person\",\"@id\":\"\",\"url\":\"https:\/\/sandzakpress.net\/arhiva\/author\/\"}]}<\/script>\n<!-- \/ Yoast SEO Premium plugin. -->","yoast_head_json":{"title":"Sand\u017eaklije su veseo, vrijedan i radan narod","robots":{"index":"index","follow":"follow","max-snippet":"max-snippet:-1","max-image-preview":"max-image-preview:large","max-video-preview":"max-video-preview:-1"},"canonical":"https:\/\/sandzakpress.net\/arhiva\/sandzaklije-su-veseo-vrijedan-i-radan-narod\/","og_locale":"bs_BA","og_type":"article","og_title":"Sand\u017eaklije su veseo, vrijedan i radan narod","og_description":"Ju\u017eni Sand\u017eak &#8211; Moamer Kasumovi\u0107 ima tek 29 godina, a iza njega je ve\u0107 nekoliko uloga u bh. filmovima i jedna glavna u slovena\u010dkom filmu \u201ePiran-Pirano\u201c. Jedan je od protagonista pozori\u0161ne predstave \u201e\u017daba\u201c koja osvaja biv\u0161i YU-prostor. Kasumovi\u0107 glumi i u seriji \u201eLud, zbunjen, normalan\u201c koja tako\u0111er obara rekorde gledanosti u regiji. Uz sve ovo, [&hellip;]","og_url":"https:\/\/sandzakpress.net\/arhiva\/sandzaklije-su-veseo-vrijedan-i-radan-narod\/","og_site_name":"Sand\u017eak PRESS","article_published_time":"2011-04-25T19:39:50+00:00","article_modified_time":"2011-04-25T19:43:10+00:00","og_image":[{"width":300,"height":221,"url":"https:\/\/sandzakpress.net\/arhiva\/wp-content\/uploads\/2011\/04\/kasumovic-300x221.jpg","type":"image\/jpeg"}],"twitter_card":"summary_large_image","twitter_misc":{"Written by":"","Est. reading time":"1 minuta"},"schema":{"@context":"https:\/\/schema.org","@graph":[{"@type":"Article","@id":"https:\/\/sandzakpress.net\/arhiva\/sandzaklije-su-veseo-vrijedan-i-radan-narod\/#article","isPartOf":{"@id":"https:\/\/sandzakpress.net\/arhiva\/sandzaklije-su-veseo-vrijedan-i-radan-narod\/"},"author":{"name":"","@id":""},"headline":"Sand\u017eaklije su veseo, vrijedan i radan narod","datePublished":"2011-04-25T19:39:50+00:00","dateModified":"2011-04-25T19:43:10+00:00","mainEntityOfPage":{"@id":"https:\/\/sandzakpress.net\/arhiva\/sandzaklije-su-veseo-vrijedan-i-radan-narod\/"},"wordCount":275,"commentCount":1,"publisher":{"@id":"https:\/\/sandzakpress.net\/arhiva\/#\/schema\/person\/6e72b67d6e51910a1117b3b483ba20bd"},"image":{"@id":"https:\/\/sandzakpress.net\/arhiva\/sandzaklije-su-veseo-vrijedan-i-radan-narod\/#primaryimage"},"thumbnailUrl":"https:\/\/sandzakpress.net\/arhiva\/wp-content\/uploads\/2011\/04\/kasumovic-300x221.jpg","articleSection":["Ro\u017eaje","Berane","Bijelo Polje","Pljevlja","Plav"],"inLanguage":"bs-BA","potentialAction":[{"@type":"CommentAction","name":"Comment","target":["https:\/\/sandzakpress.net\/arhiva\/sandzaklije-su-veseo-vrijedan-i-radan-narod\/#respond"]}]},{"@type":"WebPage","@id":"https:\/\/sandzakpress.net\/arhiva\/sandzaklije-su-veseo-vrijedan-i-radan-narod\/","url":"https:\/\/sandzakpress.net\/arhiva\/sandzaklije-su-veseo-vrijedan-i-radan-narod\/","name":"Sand\u017eaklije su veseo, vrijedan i radan narod","isPartOf":{"@id":"https:\/\/sandzakpress.net\/arhiva\/#website"},"primaryImageOfPage":{"@id":"https:\/\/sandzakpress.net\/arhiva\/sandzaklije-su-veseo-vrijedan-i-radan-narod\/#primaryimage"},"image":{"@id":"https:\/\/sandzakpress.net\/arhiva\/sandzaklije-su-veseo-vrijedan-i-radan-narod\/#primaryimage"},"thumbnailUrl":"https:\/\/sandzakpress.net\/arhiva\/wp-content\/uploads\/2011\/04\/kasumovic-300x221.jpg","datePublished":"2011-04-25T19:39:50+00:00","dateModified":"2011-04-25T19:43:10+00:00","breadcrumb":{"@id":"https:\/\/sandzakpress.net\/arhiva\/sandzaklije-su-veseo-vrijedan-i-radan-narod\/#breadcrumb"},"inLanguage":"bs-BA","potentialAction":[{"@type":"ReadAction","target":["https:\/\/sandzakpress.net\/arhiva\/sandzaklije-su-veseo-vrijedan-i-radan-narod\/"]}]},{"@type":"ImageObject","inLanguage":"bs-BA","@id":"https:\/\/sandzakpress.net\/arhiva\/sandzaklije-su-veseo-vrijedan-i-radan-narod\/#primaryimage","url":"https:\/\/sandzakpress.net\/arhiva\/wp-content\/uploads\/2011\/04\/kasumovic-300x221.jpg","contentUrl":"https:\/\/sandzakpress.net\/arhiva\/wp-content\/uploads\/2011\/04\/kasumovic-300x221.jpg","width":300,"height":221},{"@type":"BreadcrumbList","@id":"https:\/\/sandzakpress.net\/arhiva\/sandzaklije-su-veseo-vrijedan-i-radan-narod\/#breadcrumb","itemListElement":[{"@type":"ListItem","position":1,"name":"Home","item":"https:\/\/sandzakpress.net\/arhiva\/"},{"@type":"ListItem","position":2,"name":"Sand\u017eaklije su veseo, vrijedan i radan narod"}]},{"@type":"WebSite","@id":"https:\/\/sandzakpress.net\/arhiva\/#website","url":"https:\/\/sandzakpress.net\/arhiva\/","name":"Sand\u017eak PRESS","description":"Prve elektronske novine u Sand\u017eaku","publisher":{"@id":"https:\/\/sandzakpress.net\/arhiva\/#\/schema\/person\/6e72b67d6e51910a1117b3b483ba20bd"},"potentialAction":[{"@type":"SearchAction","target":{"@type":"EntryPoint","urlTemplate":"https:\/\/sandzakpress.net\/arhiva\/?s={search_term_string}"},"query-input":{"@type":"PropertyValueSpecification","valueRequired":true,"valueName":"search_term_string"}}],"inLanguage":"bs-BA"},{"@type":["Person","Organization"],"@id":"https:\/\/sandzakpress.net\/arhiva\/#\/schema\/person\/6e72b67d6e51910a1117b3b483ba20bd","name":"Kul","image":{"@type":"ImageObject","inLanguage":"bs-BA","@id":"https:\/\/sandzakpress.net\/arhiva\/#\/schema\/person\/image\/","url":"https:\/\/secure.gravatar.com\/avatar\/42263f39aa27ac04c43cab85c280eb2e?s=96&d=mm&r=pg","contentUrl":"https:\/\/secure.gravatar.com\/avatar\/42263f39aa27ac04c43cab85c280eb2e?s=96&d=mm&r=pg","caption":"Kul"},"logo":{"@id":"https:\/\/sandzakpress.net\/arhiva\/#\/schema\/person\/image\/"}},{"@type":"Person","@id":"","url":"https:\/\/sandzakpress.net\/arhiva\/author\/"}]}},"_links":{"self":[{"href":"https:\/\/sandzakpress.net\/arhiva\/wp-json\/wp\/v2\/posts\/15312"}],"collection":[{"href":"https:\/\/sandzakpress.net\/arhiva\/wp-json\/wp\/v2\/posts"}],"about":[{"href":"https:\/\/sandzakpress.net\/arhiva\/wp-json\/wp\/v2\/types\/post"}],"author":[{"embeddable":true,"href":"https:\/\/sandzakpress.net\/arhiva\/wp-json\/wp\/v2\/users\/13"}],"replies":[{"embeddable":true,"href":"https:\/\/sandzakpress.net\/arhiva\/wp-json\/wp\/v2\/comments?post=15312"}],"version-history":[{"count":0,"href":"https:\/\/sandzakpress.net\/arhiva\/wp-json\/wp\/v2\/posts\/15312\/revisions"}],"wp:featuredmedia":[{"embeddable":true,"href":"https:\/\/sandzakpress.net\/arhiva\/wp-json\/wp\/v2\/media\/15313"}],"wp:attachment":[{"href":"https:\/\/sandzakpress.net\/arhiva\/wp-json\/wp\/v2\/media?parent=15312"}],"wp:term":[{"taxonomy":"category","embeddable":true,"href":"https:\/\/sandzakpress.net\/arhiva\/wp-json\/wp\/v2\/categories?post=15312"},{"taxonomy":"post_tag","embeddable":true,"href":"https:\/\/sandzakpress.net\/arhiva\/wp-json\/wp\/v2\/tags?post=15312"}],"curies":[{"name":"wp","href":"https:\/\/api.w.org\/{rel}","templated":true}]}}