{"id":152509,"date":"2016-01-17T17:28:22","date_gmt":"2016-01-17T16:28:22","guid":{"rendered":"https:\/\/sandzakpress.net\/arhiva\/?p=152509"},"modified":"2016-01-17T17:32:55","modified_gmt":"2016-01-17T16:32:55","slug":"odrzan-protestni-skup-pravda-za-sandzak","status":"publish","type":"post","link":"https:\/\/sandzakpress.net\/arhiva\/odrzan-protestni-skup-pravda-za-sandzak\/","title":{"rendered":"Odr\u017ean protestni skup &#8216;Pravda za Sand\u017eak&#8217;"},"content":{"rendered":"<p><img loading=\"lazy\" decoding=\"async\" class=\"aligncenter size-full wp-image-152518\" src=\"https:\/\/sandzakpress.net\/arhiva\/wp-content\/uploads\/2016\/01\/12400520_918979171531014_8903715831714238124_n.jpg\" alt=\"12400520_918979171531014_8903715831714238124_n\" width=\"960\" height=\"540\" srcset=\"https:\/\/sandzakpress.net\/arhiva\/wp-content\/uploads\/2016\/01\/12400520_918979171531014_8903715831714238124_n.jpg 960w, https:\/\/sandzakpress.net\/arhiva\/wp-content\/uploads\/2016\/01\/12400520_918979171531014_8903715831714238124_n-768x432.jpg 768w, https:\/\/sandzakpress.net\/arhiva\/wp-content\/uploads\/2016\/01\/12400520_918979171531014_8903715831714238124_n-616x347.jpg 616w\" sizes=\"(max-width: 960px) 100vw, 960px\" \/><\/p>\n<p><strong>Sand\u017eak\u00a0&#8211; Na Gradskom \u0161etali\u0161tu kod Sebilja u Novom Pazaru, Stranka demokratske akcije Sand\u017eaka organizovala je protestni skup povodom obilje\u017eavanja 7 godina od upada u prostorije SDA Sand\u017eaka, te poku\u0161aja lin\u010da predsjednika i njegovih funkcionera, gdje je tom prilikom vatrenim oru\u017ejem povrije\u0111ena jedna osoba. <\/strong><\/p>\n<p>Skup je bio pod nazivom \u201ePravda za Sand\u017eak\u201c. Prvi me\u0111u govornicima se obratio Fuad Ba\u0107i\u0107anin, koji je ovom prilikom istakao da je kod nas bezbjednost na najni\u017eem nivou, zato \u0161to predstavnici dr\u017eave i grada Novog Pazara ne rade svoj posao onako kako bi trebali.<\/p>\n<p>U znak podr\u0161ke u borbi protiv nasilja, predstavnici BDZ Sand\u017eaka prisustvovali su dana\u0161njem protestnom skupu. Prisutnima se obratio prof. dr. Admir Muratovi\u0107, koji je naglasio da su ovo stvari iznad dnevne politike, te da se, kada je ovo u pitanju, moraju na jednom mjestu okupiti svi ljudi koji \u017eele dobro svom gradu i svojoj djeci. \u201eNa ovom mjestu iznova potvr\u0111ujemo svoju spremnost na nacionalno jedinstvo u borbi za bezbjedan \u017eivot u svom domu i na svom topraku, u borbi protiv korupcije, sprege kriminala i politike, koja je u Novom Pazaru i drugim sand\u017ea\u010dkim gradovima dostigla svoj vrhunac\u201c, dodaje dr. Muratovi\u0107.<\/p>\n<p>Prisutnima se obratio i predsjednik op\u0161tine Tutin, \u0160emsudin Ku\u010devi\u0107 je ovom prilikom rekao da nikada ne\u0107e uspijeti ukloniti Bo\u0161njake iz Sand\u017eaka. \u201eJedan premijer srpski je posjetio op\u0161tinu Tutin. Rekao sam mu tom prilikom da svi re\u017eimi u Srbiji poku\u0161avaju da na svaki na\u010din uklone tu \u0161aku Bo\u0161njaka iz Sand\u017eaka, ali sam mu rekao da im to nikada uspijeti ne\u0107e\u201c, zaklju\u010dio je Ku\u010devi\u0107.<\/p>\n<p>Narodni poslanik Enis Imamovi\u0107 u svom obra\u0107anju govorio je o mnogim nepravdama i zlo\u010dinima koji ni do dan danas nisu rasvijetljeni, tra\u017ee\u0107i pritom od dr\u017eave da odgovori na ova pitanja. \u201e Tra\u017eimo odgovor od dr\u017eave, suda i tu\u017eila\u0161tva ko su ti banditi koji su do zuba naoru\u017eani u sitnim ve\u010dernjim satima upali u na\u0161u stranku, pucali u na\u0161eg predsjednika i rukovodstvo, te ko su ti banditi koji su im naredili i ko su ti banditi koji se danas bezbjedno \u0161etaju gradom, bez obzira na kriminal koji svakodnevno rade?\u201c, upitao je Imamovi\u0107.<\/p>\n<p>Predsjednik SDA Sand\u017eaka Sulejman Ugljanin obratio se na samom kraju skupa. On je naveo da su gotovo sve sfere do\u017eivjele stepen korumpiranosti. On je dodao da vlast primora privrednike da im se u\u010dlane u njihove redove preko svojih ljudi zadu\u017eenih za otimanje kapitala. \u201eimate odre\u0111ene ljude slabog karaktera, policajce, tu\u017eioce i sudije koji po kratkom postupku zgaze dostojanstvo svakom \u010dovjeku, a onda mu ka\u017eu &#8216;brani se na sudu, tra\u017ei pravo&#8217;. Mora\u0107emo za u\u0161i da ih povu\u010demo, ne mo\u017ee vi\u0161e to tako!\u201c, naglasio je Ugljanin.<\/p>\n<p>\u201e\u017delim vam svako dobro i vidimo se u autonomiji, ako Bog da\u201c, za sami kraj poru\u010dio je Ugljanin svim prisutnima.<\/p>\n<p><img loading=\"lazy\" decoding=\"async\" class=\"aligncenter size-full wp-image-152516\" src=\"https:\/\/sandzakpress.net\/arhiva\/wp-content\/uploads\/2016\/01\/4-1.jpg\" alt=\"4\" width=\"1280\" height=\"960\" srcset=\"https:\/\/sandzakpress.net\/arhiva\/wp-content\/uploads\/2016\/01\/4-1.jpg 1280w, https:\/\/sandzakpress.net\/arhiva\/wp-content\/uploads\/2016\/01\/4-1-768x576.jpg 768w, https:\/\/sandzakpress.net\/arhiva\/wp-content\/uploads\/2016\/01\/4-1-616x462.jpg 616w\" sizes=\"(max-width: 1280px) 100vw, 1280px\" \/><img loading=\"lazy\" decoding=\"async\" class=\"aligncenter size-full wp-image-152512\" src=\"https:\/\/sandzakpress.net\/arhiva\/wp-content\/uploads\/2016\/01\/1-7.jpg\" alt=\"1\" width=\"549\" height=\"449\" srcset=\"https:\/\/sandzakpress.net\/arhiva\/wp-content\/uploads\/2016\/01\/1-7.jpg 549w, https:\/\/sandzakpress.net\/arhiva\/wp-content\/uploads\/2016\/01\/1-7-220x180.jpg 220w\" sizes=\"(max-width: 549px) 100vw, 549px\" \/> <img loading=\"lazy\" decoding=\"async\" class=\"aligncenter size-full wp-image-152514\" src=\"https:\/\/sandzakpress.net\/arhiva\/wp-content\/uploads\/2016\/01\/2-6.jpg\" alt=\"2\" width=\"1280\" height=\"960\" srcset=\"https:\/\/sandzakpress.net\/arhiva\/wp-content\/uploads\/2016\/01\/2-6.jpg 1280w, https:\/\/sandzakpress.net\/arhiva\/wp-content\/uploads\/2016\/01\/2-6-768x576.jpg 768w, https:\/\/sandzakpress.net\/arhiva\/wp-content\/uploads\/2016\/01\/2-6-616x462.jpg 616w\" sizes=\"(max-width: 1280px) 100vw, 1280px\" \/> <img loading=\"lazy\" decoding=\"async\" class=\"aligncenter size-full wp-image-152515\" src=\"https:\/\/sandzakpress.net\/arhiva\/wp-content\/uploads\/2016\/01\/3-2.jpg\" alt=\"3\" width=\"1280\" height=\"960\" srcset=\"https:\/\/sandzakpress.net\/arhiva\/wp-content\/uploads\/2016\/01\/3-2.jpg 1280w, https:\/\/sandzakpress.net\/arhiva\/wp-content\/uploads\/2016\/01\/3-2-768x576.jpg 768w, https:\/\/sandzakpress.net\/arhiva\/wp-content\/uploads\/2016\/01\/3-2-616x462.jpg 616w\" sizes=\"(max-width: 1280px) 100vw, 1280px\" \/> <br \/> <img loading=\"lazy\" decoding=\"async\" class=\"aligncenter size-full wp-image-152504\" src=\"https:\/\/sandzakpress.net\/arhiva\/wp-content\/uploads\/2016\/01\/6e6ee73cc22d3c0535913658cd3943aafcecaa04430ce2943a5fcc885ee3c9ea.jpg\" alt=\"6e6ee73cc22d3c0535913658cd3943aafcecaa04430ce2943a5fcc885ee3c9ea\" width=\"1280\" height=\"960\" srcset=\"https:\/\/sandzakpress.net\/arhiva\/wp-content\/uploads\/2016\/01\/6e6ee73cc22d3c0535913658cd3943aafcecaa04430ce2943a5fcc885ee3c9ea.jpg 1280w, https:\/\/sandzakpress.net\/arhiva\/wp-content\/uploads\/2016\/01\/6e6ee73cc22d3c0535913658cd3943aafcecaa04430ce2943a5fcc885ee3c9ea-768x576.jpg 768w, https:\/\/sandzakpress.net\/arhiva\/wp-content\/uploads\/2016\/01\/6e6ee73cc22d3c0535913658cd3943aafcecaa04430ce2943a5fcc885ee3c9ea-616x462.jpg 616w\" sizes=\"(max-width: 1280px) 100vw, 1280px\" \/><\/p>\n<p><img loading=\"lazy\" decoding=\"async\" class=\"aligncenter size-full wp-image-152503\" src=\"https:\/\/sandzakpress.net\/arhiva\/wp-content\/uploads\/2016\/01\/1ea70da4992639b60563155ab672a21c9b80bb7b7dcfbf9febc06fac5400ead5.jpg\" alt=\"1ea70da4992639b60563155ab672a21c9b80bb7b7dcfbf9febc06fac5400ead5\" width=\"1280\" height=\"960\" srcset=\"https:\/\/sandzakpress.net\/arhiva\/wp-content\/uploads\/2016\/01\/1ea70da4992639b60563155ab672a21c9b80bb7b7dcfbf9febc06fac5400ead5.jpg 1280w, https:\/\/sandzakpress.net\/arhiva\/wp-content\/uploads\/2016\/01\/1ea70da4992639b60563155ab672a21c9b80bb7b7dcfbf9febc06fac5400ead5-768x576.jpg 768w, https:\/\/sandzakpress.net\/arhiva\/wp-content\/uploads\/2016\/01\/1ea70da4992639b60563155ab672a21c9b80bb7b7dcfbf9febc06fac5400ead5-616x462.jpg 616w\" sizes=\"(max-width: 1280px) 100vw, 1280px\" \/><\/p>\n<p>SANA &#8211; Hamza \u0160krijelj<\/p>\n","protected":false},"excerpt":{"rendered":"<p>Sand\u017eak\u00a0&#8211; Na Gradskom \u0161etali\u0161tu kod Sebilja u Novom Pazaru, Stranka demokratske akcije Sand\u017eaka organizovala je protestni skup povodom obilje\u017eavanja 7 godina od upada u prostorije SDA Sand\u017eaka, te poku\u0161aja lin\u010da predsjednika i njegovih funkcionera, gdje je tom prilikom vatrenim oru\u017ejem povrije\u0111ena jedna osoba. Skup je bio pod nazivom \u201ePravda za Sand\u017eak\u201c. Prvi me\u0111u govornicima se [&hellip;]<\/p>\n","protected":false},"author":83,"featured_media":152518,"comment_status":"open","ping_status":"open","sticky":false,"template":"","format":"standard","meta":{"footnotes":""},"categories":[72,1,52,327,392,393,394,8957,16],"tags":[10288],"class_list":{"0":"post-152509","1":"post","2":"type-post","3":"status-publish","4":"format-standard","5":"has-post-thumbnail","7":"category-novi-pazar","8":"category-politika","9":"category-sjenica","10":"category-tutin","11":"category-prijepolje_","12":"category-priboj","13":"category-nova-varos","14":"category-vijesti-dana","15":"category-novine","16":"tag-autonomija-sandzaka"},"yoast_head":"<!-- This site is optimized with the Yoast SEO Premium plugin v23.1 (Yoast SEO v24.9) - https:\/\/yoast.com\/wordpress\/plugins\/seo\/ -->\n<title>Odr\u017ean protestni skup &#039;Pravda za Sand\u017eak&#039;<\/title>\n<meta name=\"robots\" content=\"index, follow, max-snippet:-1, max-image-preview:large, max-video-preview:-1\" \/>\n<link rel=\"canonical\" href=\"https:\/\/sandzakpress.net\/arhiva\/odrzan-protestni-skup-pravda-za-sandzak\/\" \/>\n<meta property=\"og:locale\" content=\"bs_BA\" \/>\n<meta property=\"og:type\" content=\"article\" \/>\n<meta property=\"og:title\" content=\"Odr\u017ean protestni skup &#039;Pravda za Sand\u017eak&#039;\" \/>\n<meta property=\"og:description\" content=\"Sand\u017eak\u00a0&#8211; Na Gradskom \u0161etali\u0161tu kod Sebilja u Novom Pazaru, Stranka demokratske akcije Sand\u017eaka organizovala je protestni skup povodom obilje\u017eavanja 7 godina od upada u prostorije SDA Sand\u017eaka, te poku\u0161aja lin\u010da predsjednika i njegovih funkcionera, gdje je tom prilikom vatrenim oru\u017ejem povrije\u0111ena jedna osoba. Skup je bio pod nazivom \u201ePravda za Sand\u017eak\u201c. Prvi me\u0111u govornicima se [&hellip;]\" \/>\n<meta property=\"og:url\" content=\"https:\/\/sandzakpress.net\/arhiva\/odrzan-protestni-skup-pravda-za-sandzak\/\" \/>\n<meta property=\"og:site_name\" content=\"Sand\u017eak PRESS\" \/>\n<meta property=\"article:published_time\" content=\"2016-01-17T16:28:22+00:00\" \/>\n<meta property=\"article:modified_time\" content=\"2016-01-17T16:32:55+00:00\" \/>\n<meta property=\"og:image\" content=\"https:\/\/sandzakpress.net\/arhiva\/wp-content\/uploads\/2016\/01\/12400520_918979171531014_8903715831714238124_n.jpg\" \/>\n\t<meta property=\"og:image:width\" content=\"960\" \/>\n\t<meta property=\"og:image:height\" content=\"540\" \/>\n\t<meta property=\"og:image:type\" content=\"image\/jpeg\" \/>\n<meta name=\"author\" content=\"bosniak\" \/>\n<meta name=\"twitter:card\" content=\"summary_large_image\" \/>\n<meta name=\"twitter:label1\" content=\"Written by\" \/>\n\t<meta name=\"twitter:data1\" content=\"bosniak\" \/>\n\t<meta name=\"twitter:label2\" content=\"Est. reading time\" \/>\n\t<meta name=\"twitter:data2\" content=\"3 minute\" \/>\n<script type=\"application\/ld+json\" class=\"yoast-schema-graph\">{\"@context\":\"https:\/\/schema.org\",\"@graph\":[{\"@type\":\"Article\",\"@id\":\"https:\/\/sandzakpress.net\/arhiva\/odrzan-protestni-skup-pravda-za-sandzak\/#article\",\"isPartOf\":{\"@id\":\"https:\/\/sandzakpress.net\/arhiva\/odrzan-protestni-skup-pravda-za-sandzak\/\"},\"author\":{\"name\":\"bosniak\",\"@id\":\"https:\/\/sandzakpress.net\/arhiva\/#\/schema\/person\/c8baee722073534b583ea7bdb2e36c02\"},\"headline\":\"Odr\u017ean protestni skup &#8216;Pravda za Sand\u017eak&#8217;\",\"datePublished\":\"2016-01-17T16:28:22+00:00\",\"dateModified\":\"2016-01-17T16:32:55+00:00\",\"mainEntityOfPage\":{\"@id\":\"https:\/\/sandzakpress.net\/arhiva\/odrzan-protestni-skup-pravda-za-sandzak\/\"},\"wordCount\":517,\"commentCount\":71,\"publisher\":{\"@id\":\"https:\/\/sandzakpress.net\/arhiva\/#\/schema\/person\/6e72b67d6e51910a1117b3b483ba20bd\"},\"image\":{\"@id\":\"https:\/\/sandzakpress.net\/arhiva\/odrzan-protestni-skup-pravda-za-sandzak\/#primaryimage\"},\"thumbnailUrl\":\"https:\/\/sandzakpress.net\/arhiva\/wp-content\/uploads\/2016\/01\/12400520_918979171531014_8903715831714238124_n.jpg\",\"keywords\":[\"Autonomija Sand\u017eaka\"],\"articleSection\":[\"Novi Pazar\",\"Politika\",\"Sjenica\",\"Tutin\",\"Prijepolje\",\"Priboj\",\"Nova Varo\u0161\",\"VIJESTI DANA\",\"Novine\"],\"inLanguage\":\"bs-BA\",\"potentialAction\":[{\"@type\":\"CommentAction\",\"name\":\"Comment\",\"target\":[\"https:\/\/sandzakpress.net\/arhiva\/odrzan-protestni-skup-pravda-za-sandzak\/#respond\"]}]},{\"@type\":\"WebPage\",\"@id\":\"https:\/\/sandzakpress.net\/arhiva\/odrzan-protestni-skup-pravda-za-sandzak\/\",\"url\":\"https:\/\/sandzakpress.net\/arhiva\/odrzan-protestni-skup-pravda-za-sandzak\/\",\"name\":\"Odr\u017ean protestni skup 'Pravda za Sand\u017eak'\",\"isPartOf\":{\"@id\":\"https:\/\/sandzakpress.net\/arhiva\/#website\"},\"primaryImageOfPage\":{\"@id\":\"https:\/\/sandzakpress.net\/arhiva\/odrzan-protestni-skup-pravda-za-sandzak\/#primaryimage\"},\"image\":{\"@id\":\"https:\/\/sandzakpress.net\/arhiva\/odrzan-protestni-skup-pravda-za-sandzak\/#primaryimage\"},\"thumbnailUrl\":\"https:\/\/sandzakpress.net\/arhiva\/wp-content\/uploads\/2016\/01\/12400520_918979171531014_8903715831714238124_n.jpg\",\"datePublished\":\"2016-01-17T16:28:22+00:00\",\"dateModified\":\"2016-01-17T16:32:55+00:00\",\"breadcrumb\":{\"@id\":\"https:\/\/sandzakpress.net\/arhiva\/odrzan-protestni-skup-pravda-za-sandzak\/#breadcrumb\"},\"inLanguage\":\"bs-BA\",\"potentialAction\":[{\"@type\":\"ReadAction\",\"target\":[\"https:\/\/sandzakpress.net\/arhiva\/odrzan-protestni-skup-pravda-za-sandzak\/\"]}]},{\"@type\":\"ImageObject\",\"inLanguage\":\"bs-BA\",\"@id\":\"https:\/\/sandzakpress.net\/arhiva\/odrzan-protestni-skup-pravda-za-sandzak\/#primaryimage\",\"url\":\"https:\/\/sandzakpress.net\/arhiva\/wp-content\/uploads\/2016\/01\/12400520_918979171531014_8903715831714238124_n.jpg\",\"contentUrl\":\"https:\/\/sandzakpress.net\/arhiva\/wp-content\/uploads\/2016\/01\/12400520_918979171531014_8903715831714238124_n.jpg\",\"width\":960,\"height\":540},{\"@type\":\"BreadcrumbList\",\"@id\":\"https:\/\/sandzakpress.net\/arhiva\/odrzan-protestni-skup-pravda-za-sandzak\/#breadcrumb\",\"itemListElement\":[{\"@type\":\"ListItem\",\"position\":1,\"name\":\"Home\",\"item\":\"https:\/\/sandzakpress.net\/arhiva\/\"},{\"@type\":\"ListItem\",\"position\":2,\"name\":\"Odr\u017ean protestni skup &#8216;Pravda za Sand\u017eak&#8217;\"}]},{\"@type\":\"WebSite\",\"@id\":\"https:\/\/sandzakpress.net\/arhiva\/#website\",\"url\":\"https:\/\/sandzakpress.net\/arhiva\/\",\"name\":\"Sand\u017eak PRESS\",\"description\":\"Prve elektronske novine u Sand\u017eaku\",\"publisher\":{\"@id\":\"https:\/\/sandzakpress.net\/arhiva\/#\/schema\/person\/6e72b67d6e51910a1117b3b483ba20bd\"},\"potentialAction\":[{\"@type\":\"SearchAction\",\"target\":{\"@type\":\"EntryPoint\",\"urlTemplate\":\"https:\/\/sandzakpress.net\/arhiva\/?s={search_term_string}\"},\"query-input\":{\"@type\":\"PropertyValueSpecification\",\"valueRequired\":true,\"valueName\":\"search_term_string\"}}],\"inLanguage\":\"bs-BA\"},{\"@type\":[\"Person\",\"Organization\"],\"@id\":\"https:\/\/sandzakpress.net\/arhiva\/#\/schema\/person\/6e72b67d6e51910a1117b3b483ba20bd\",\"name\":\"Kul\",\"image\":{\"@type\":\"ImageObject\",\"inLanguage\":\"bs-BA\",\"@id\":\"https:\/\/sandzakpress.net\/arhiva\/#\/schema\/person\/image\/\",\"url\":\"https:\/\/secure.gravatar.com\/avatar\/42263f39aa27ac04c43cab85c280eb2e?s=96&d=mm&r=pg\",\"contentUrl\":\"https:\/\/secure.gravatar.com\/avatar\/42263f39aa27ac04c43cab85c280eb2e?s=96&d=mm&r=pg\",\"caption\":\"Kul\"},\"logo\":{\"@id\":\"https:\/\/sandzakpress.net\/arhiva\/#\/schema\/person\/image\/\"}},{\"@type\":\"Person\",\"@id\":\"https:\/\/sandzakpress.net\/arhiva\/#\/schema\/person\/c8baee722073534b583ea7bdb2e36c02\",\"name\":\"bosniak\",\"image\":{\"@type\":\"ImageObject\",\"inLanguage\":\"bs-BA\",\"@id\":\"https:\/\/sandzakpress.net\/arhiva\/#\/schema\/person\/image\/\",\"url\":\"https:\/\/secure.gravatar.com\/avatar\/a04fd330bfe3a36a72a0ad4a6d89fca7?s=96&d=mm&r=pg\",\"contentUrl\":\"https:\/\/secure.gravatar.com\/avatar\/a04fd330bfe3a36a72a0ad4a6d89fca7?s=96&d=mm&r=pg\",\"caption\":\"bosniak\"},\"url\":\"https:\/\/sandzakpress.net\/arhiva\/author\/bosniak\/\"}]}<\/script>\n<!-- \/ Yoast SEO Premium plugin. -->","yoast_head_json":{"title":"Odr\u017ean protestni skup 'Pravda za Sand\u017eak'","robots":{"index":"index","follow":"follow","max-snippet":"max-snippet:-1","max-image-preview":"max-image-preview:large","max-video-preview":"max-video-preview:-1"},"canonical":"https:\/\/sandzakpress.net\/arhiva\/odrzan-protestni-skup-pravda-za-sandzak\/","og_locale":"bs_BA","og_type":"article","og_title":"Odr\u017ean protestni skup 'Pravda za Sand\u017eak'","og_description":"Sand\u017eak\u00a0&#8211; Na Gradskom \u0161etali\u0161tu kod Sebilja u Novom Pazaru, Stranka demokratske akcije Sand\u017eaka organizovala je protestni skup povodom obilje\u017eavanja 7 godina od upada u prostorije SDA Sand\u017eaka, te poku\u0161aja lin\u010da predsjednika i njegovih funkcionera, gdje je tom prilikom vatrenim oru\u017ejem povrije\u0111ena jedna osoba. Skup je bio pod nazivom \u201ePravda za Sand\u017eak\u201c. Prvi me\u0111u govornicima se [&hellip;]","og_url":"https:\/\/sandzakpress.net\/arhiva\/odrzan-protestni-skup-pravda-za-sandzak\/","og_site_name":"Sand\u017eak PRESS","article_published_time":"2016-01-17T16:28:22+00:00","article_modified_time":"2016-01-17T16:32:55+00:00","og_image":[{"width":960,"height":540,"url":"https:\/\/sandzakpress.net\/arhiva\/wp-content\/uploads\/2016\/01\/12400520_918979171531014_8903715831714238124_n.jpg","type":"image\/jpeg"}],"author":"bosniak","twitter_card":"summary_large_image","twitter_misc":{"Written by":"bosniak","Est. reading time":"3 minute"},"schema":{"@context":"https:\/\/schema.org","@graph":[{"@type":"Article","@id":"https:\/\/sandzakpress.net\/arhiva\/odrzan-protestni-skup-pravda-za-sandzak\/#article","isPartOf":{"@id":"https:\/\/sandzakpress.net\/arhiva\/odrzan-protestni-skup-pravda-za-sandzak\/"},"author":{"name":"bosniak","@id":"https:\/\/sandzakpress.net\/arhiva\/#\/schema\/person\/c8baee722073534b583ea7bdb2e36c02"},"headline":"Odr\u017ean protestni skup &#8216;Pravda za Sand\u017eak&#8217;","datePublished":"2016-01-17T16:28:22+00:00","dateModified":"2016-01-17T16:32:55+00:00","mainEntityOfPage":{"@id":"https:\/\/sandzakpress.net\/arhiva\/odrzan-protestni-skup-pravda-za-sandzak\/"},"wordCount":517,"commentCount":71,"publisher":{"@id":"https:\/\/sandzakpress.net\/arhiva\/#\/schema\/person\/6e72b67d6e51910a1117b3b483ba20bd"},"image":{"@id":"https:\/\/sandzakpress.net\/arhiva\/odrzan-protestni-skup-pravda-za-sandzak\/#primaryimage"},"thumbnailUrl":"https:\/\/sandzakpress.net\/arhiva\/wp-content\/uploads\/2016\/01\/12400520_918979171531014_8903715831714238124_n.jpg","keywords":["Autonomija Sand\u017eaka"],"articleSection":["Novi Pazar","Politika","Sjenica","Tutin","Prijepolje","Priboj","Nova Varo\u0161","VIJESTI DANA","Novine"],"inLanguage":"bs-BA","potentialAction":[{"@type":"CommentAction","name":"Comment","target":["https:\/\/sandzakpress.net\/arhiva\/odrzan-protestni-skup-pravda-za-sandzak\/#respond"]}]},{"@type":"WebPage","@id":"https:\/\/sandzakpress.net\/arhiva\/odrzan-protestni-skup-pravda-za-sandzak\/","url":"https:\/\/sandzakpress.net\/arhiva\/odrzan-protestni-skup-pravda-za-sandzak\/","name":"Odr\u017ean protestni skup 'Pravda za Sand\u017eak'","isPartOf":{"@id":"https:\/\/sandzakpress.net\/arhiva\/#website"},"primaryImageOfPage":{"@id":"https:\/\/sandzakpress.net\/arhiva\/odrzan-protestni-skup-pravda-za-sandzak\/#primaryimage"},"image":{"@id":"https:\/\/sandzakpress.net\/arhiva\/odrzan-protestni-skup-pravda-za-sandzak\/#primaryimage"},"thumbnailUrl":"https:\/\/sandzakpress.net\/arhiva\/wp-content\/uploads\/2016\/01\/12400520_918979171531014_8903715831714238124_n.jpg","datePublished":"2016-01-17T16:28:22+00:00","dateModified":"2016-01-17T16:32:55+00:00","breadcrumb":{"@id":"https:\/\/sandzakpress.net\/arhiva\/odrzan-protestni-skup-pravda-za-sandzak\/#breadcrumb"},"inLanguage":"bs-BA","potentialAction":[{"@type":"ReadAction","target":["https:\/\/sandzakpress.net\/arhiva\/odrzan-protestni-skup-pravda-za-sandzak\/"]}]},{"@type":"ImageObject","inLanguage":"bs-BA","@id":"https:\/\/sandzakpress.net\/arhiva\/odrzan-protestni-skup-pravda-za-sandzak\/#primaryimage","url":"https:\/\/sandzakpress.net\/arhiva\/wp-content\/uploads\/2016\/01\/12400520_918979171531014_8903715831714238124_n.jpg","contentUrl":"https:\/\/sandzakpress.net\/arhiva\/wp-content\/uploads\/2016\/01\/12400520_918979171531014_8903715831714238124_n.jpg","width":960,"height":540},{"@type":"BreadcrumbList","@id":"https:\/\/sandzakpress.net\/arhiva\/odrzan-protestni-skup-pravda-za-sandzak\/#breadcrumb","itemListElement":[{"@type":"ListItem","position":1,"name":"Home","item":"https:\/\/sandzakpress.net\/arhiva\/"},{"@type":"ListItem","position":2,"name":"Odr\u017ean protestni skup &#8216;Pravda za Sand\u017eak&#8217;"}]},{"@type":"WebSite","@id":"https:\/\/sandzakpress.net\/arhiva\/#website","url":"https:\/\/sandzakpress.net\/arhiva\/","name":"Sand\u017eak PRESS","description":"Prve elektronske novine u Sand\u017eaku","publisher":{"@id":"https:\/\/sandzakpress.net\/arhiva\/#\/schema\/person\/6e72b67d6e51910a1117b3b483ba20bd"},"potentialAction":[{"@type":"SearchAction","target":{"@type":"EntryPoint","urlTemplate":"https:\/\/sandzakpress.net\/arhiva\/?s={search_term_string}"},"query-input":{"@type":"PropertyValueSpecification","valueRequired":true,"valueName":"search_term_string"}}],"inLanguage":"bs-BA"},{"@type":["Person","Organization"],"@id":"https:\/\/sandzakpress.net\/arhiva\/#\/schema\/person\/6e72b67d6e51910a1117b3b483ba20bd","name":"Kul","image":{"@type":"ImageObject","inLanguage":"bs-BA","@id":"https:\/\/sandzakpress.net\/arhiva\/#\/schema\/person\/image\/","url":"https:\/\/secure.gravatar.com\/avatar\/42263f39aa27ac04c43cab85c280eb2e?s=96&d=mm&r=pg","contentUrl":"https:\/\/secure.gravatar.com\/avatar\/42263f39aa27ac04c43cab85c280eb2e?s=96&d=mm&r=pg","caption":"Kul"},"logo":{"@id":"https:\/\/sandzakpress.net\/arhiva\/#\/schema\/person\/image\/"}},{"@type":"Person","@id":"https:\/\/sandzakpress.net\/arhiva\/#\/schema\/person\/c8baee722073534b583ea7bdb2e36c02","name":"bosniak","image":{"@type":"ImageObject","inLanguage":"bs-BA","@id":"https:\/\/sandzakpress.net\/arhiva\/#\/schema\/person\/image\/","url":"https:\/\/secure.gravatar.com\/avatar\/a04fd330bfe3a36a72a0ad4a6d89fca7?s=96&d=mm&r=pg","contentUrl":"https:\/\/secure.gravatar.com\/avatar\/a04fd330bfe3a36a72a0ad4a6d89fca7?s=96&d=mm&r=pg","caption":"bosniak"},"url":"https:\/\/sandzakpress.net\/arhiva\/author\/bosniak\/"}]}},"_links":{"self":[{"href":"https:\/\/sandzakpress.net\/arhiva\/wp-json\/wp\/v2\/posts\/152509"}],"collection":[{"href":"https:\/\/sandzakpress.net\/arhiva\/wp-json\/wp\/v2\/posts"}],"about":[{"href":"https:\/\/sandzakpress.net\/arhiva\/wp-json\/wp\/v2\/types\/post"}],"author":[{"embeddable":true,"href":"https:\/\/sandzakpress.net\/arhiva\/wp-json\/wp\/v2\/users\/83"}],"replies":[{"embeddable":true,"href":"https:\/\/sandzakpress.net\/arhiva\/wp-json\/wp\/v2\/comments?post=152509"}],"version-history":[{"count":0,"href":"https:\/\/sandzakpress.net\/arhiva\/wp-json\/wp\/v2\/posts\/152509\/revisions"}],"wp:featuredmedia":[{"embeddable":true,"href":"https:\/\/sandzakpress.net\/arhiva\/wp-json\/wp\/v2\/media\/152518"}],"wp:attachment":[{"href":"https:\/\/sandzakpress.net\/arhiva\/wp-json\/wp\/v2\/media?parent=152509"}],"wp:term":[{"taxonomy":"category","embeddable":true,"href":"https:\/\/sandzakpress.net\/arhiva\/wp-json\/wp\/v2\/categories?post=152509"},{"taxonomy":"post_tag","embeddable":true,"href":"https:\/\/sandzakpress.net\/arhiva\/wp-json\/wp\/v2\/tags?post=152509"}],"curies":[{"name":"wp","href":"https:\/\/api.w.org\/{rel}","templated":true}]}}