{"id":152346,"date":"2016-01-15T15:22:15","date_gmt":"2016-01-15T14:22:15","guid":{"rendered":"https:\/\/sandzakpress.net\/arhiva\/ivanic-politika-dodika-vodi-ka-sukobima-medu-srbima-ali-i-sa-drugim-narodima"},"modified":"2016-01-15T15:22:15","modified_gmt":"2016-01-15T14:22:15","slug":"ivanic-politika-dodika-vodi-ka-sukobima-medu-srbima-ali-i-sa-drugim-narodima","status":"publish","type":"post","link":"https:\/\/sandzakpress.net\/arhiva\/ivanic-politika-dodika-vodi-ka-sukobima-medu-srbima-ali-i-sa-drugim-narodima\/","title":{"rendered":"Ivani\u0107: Politika Dodika vodi ka sukobima me\u0111u Srbima, ali i sa drugim narodima"},"content":{"rendered":"<div class=\"single\">\n<img decoding=\"async\" class=\"featured-img\" src=\"http:\/\/cdn.trt.net.tr\/images\/large\/rectangle\/bosna\/haberler\/detay\/mladen-ivani-o-incidentu-u-potoarima-bonjaki-_trt-bosanski-48280.jpg\" alt=\"\" width=\"620\" \/><\/p>\n<p><strong>Banja Luka \u2013 \u010clan Predsjedni\u0161tva BiH Mladen Ivani\u0107 naveo je da je jasno da Dodik osje\u0107a da je pro\u0161lost i da nema \u0161ta da ka\u017ee o budu\u0107em putu RS-a i zato se slu\u017ei samo uvredama i naglasio da nema namjeru da se takmi\u010di sa Dodikom \u201cu primitivizmu\u201d<\/strong><\/p>\n<\/div>\n<div class=\"formatted\">\n<p>\u010clan Predsjedni\u0161tva Bosne i Hercegovine Mladen Ivani\u0107 izjavio je danas da o\u010dekuje da \u0107e aplikacija za \u010dlanstvo BiH u EU biti predata do kraja ovog mjeseca, eventualno po\u010detkom februara, javlja Anadolu Agency (AA).<\/p>\n<p>\u201cNe vidim neki poseban razlog da se to odga\u0111a. Relano govore\u0107i ima dosta zemalja koje nisu za to, koje zbog svojih unutra\u0161njih prilika i ambijanta nisu za dalju pri\u010du o pro\u0161irenju, ali nikada mi ne mo\u017eemo do\u010dekati da svi budu za nas. Meni je zna\u010dajno \u0161to je lider Evropske narodne partije rekao da podr\u017eava aplikaciju\u201d, kazao je Ivani\u0107 navode\u0107i da je optimista.<\/p>\n<p>Govore\u0107i o neispunjenim uslovima u Banjaluci, Ivani\u0107 je rekao da je uslov koji je vjerovatno najspecifi\u010dniji \u2013 prilago\u017eavanje sporazuma o trgovini.<\/p>\n<p>\u201cPregovara\u010di u tome moraju poku\u0161ati maksimalno sa\u010duvati interese BiH odnosno poljoprivrede u BiH. Tu postoje \u010detiri grupe proizvoda koje se moraju u maksimalnom smislu za\u0161tititi. To mora i\u0107i ili du\u017ei vremenski period u kome \u0107e se tr\u017ei\u0161te na\u0161e otvoriti pa da to ne bude preko no\u0107i, nego par godina, dok ne dobijemo priliku da imamo i fondove kojima \u0107emo da pomognemo na\u0161oj poljoprivredi. Bez obzira na cijenu mi o\u010dekujemo razumjevanje od evropskih institucija i o\u010dekujemo da to prilago\u0111avanje bude postepeno\u201d, kazao je Ivani\u0107.<\/p>\n<p>Kada je u pitanju mehanizam koordinacije objasnio je da \u201ctu ostaje da se partneri iz FBiH dogovore, a najve\u0107i problem jeste pitanje uloge kantona\u201d.<\/p>\n<p>\u201cMoje mi\u0161ljenje je da to mogu uraditi na dva na\u010dina ili da unutar FBiH dogovore jedan stav pa onda nastupaju ili da na\u0111u na\u010dina kako \u0107e se mehanizam od dono\u0161enja prilagoditi realnom, da ne mora 150 ljudi da u\u010destvuje u dono\u0161enju odluke. Mislim da su vrlo blizu i da \u0107e brzo da se dogovore jer je to interes svih nas\u201d, kazao je Ivani\u0107 i dodao da RS kada je u pitanju mehanizam koordinacije nema apsolutno nikakav problem.<\/p>\n<p>Komentari\u0161u\u0107i istupe Milorada Dodika, predsjednika RS, Ivani\u0107 je rekao da \u201csamo nekulturan i nevaspitan \u010dovjek mo\u017ee Srbe dijeliti na dane Bo\u017ei\u0107a i na Dan Republike Srpske\u201d.<\/p>\n<p>\u201cTe\u0161ko to pada, posebno kada dolazi od predsjednika RS koji bi trebao da radi potpuno druga\u010dije stvari, da narodu pru\u017ea osje\u0107aj prosperiteta, stabilnosti sigurnosti, a ne da narod uvodi u sva\u0111e i sukobe\u201d, kazao je Ivani\u0107.<\/p>\n<p>Navode\u0107i da je jasno da Dodik osje\u0107a da je pro\u0161lost i da nema \u0161ta da ka\u017ee o budu\u0107em putu RS-a i zato se slu\u017ei samo uvredama.<\/p>\n<p>\u010clan Predsjedni\u0161tva BiH naglasio je da nema namjeru da se takmi\u010di sa Dodikom \u201cu primitivizmu\u201d.<\/p>\n<p>\u201cRijaliti \u0161ou, neka vrsta politi\u010dke farme, politi\u010dkih parova, koje Dodik pravi je ne\u0161to u \u010demu ne\u0107u da u\u010destvujem. Imam puno ozbiljnijeg posla. Pred nama se nalazi nekoliko vrlo ozbiljnih stvari koje u ovoj godini moramo uraditi, a prva je treba da apliciramo za \u010dlanstvo u EU\u201d, kazao je Ivani\u0107.<\/p>\n<p>Rekao je da je njihova obaveza da narodu otvore perspektivu, prostor i mogu\u0107nost da do\u0111e do razvoja i da se rije\u010di okrenu u drugom pravcu.<\/p>\n<p>\u201cTreba da se umjesto sva\u0111a, primitivizma, sukoba, okrenemo razvoju\u201d , rekao je Ivani\u0107.<\/p>\n<p>Istakao je da ne\u0107e u\u010destvovati u podjeli srpskog naroda, jer je interes naroda mir, a politika Dodika vodi ka sukobima me\u0111u Srbima, a i sa drugim narodima.<\/p>\n<p>\u201cObaveza nam je da podr\u017eimo pravosudne institucije u borbi protiv kriminala i korupcije, kako ko to do\u017eivljava to je njegovo pitanje. Treba da stvaramo politi\u010dki ambijent da pravosudne institucije rade svoj posao do kraja. Ko je nevin ne treba da se sikira\u201d, dodao je Ivani\u0107.<\/p>\n<p>Dodao je da je poku\u0161avao i poku\u0161ava\u0107e i ubudu\u0107e da sara\u0111uje sa institucijama RS, ali da \u0107e \u010duvati vlastito dostojanstvo i nikome ne\u0107e dozvoliti vrije\u0111anje \u201cpa taman se on zvao i Milorad Dodik\u201d.<\/p>\n<p>(Trt)<\/p>\n<\/div>\n<p>Pogledajte vijest na izvornom sajtu:<\/p>\n<p><a href=\"http:\/\/bosnapress.net\/ivanic-politika-dodika-vodi-ka-sukobima-medu-srbima-ali-i-sa-drugim-narodima\/\" target=\"_blank\">Ivani\u0107: Politika Dodika vodi ka sukobima me\u0111u Srbima, ali i sa drugim narodima<\/a><\/p>\n","protected":false},"excerpt":{"rendered":"<p>Banja Luka \u2013 \u010clan Predsjedni\u0161tva BiH Mladen Ivani\u0107 naveo je da je jasno da Dodik osje\u0107a da je pro\u0161lost i da nema \u0161ta da ka\u017ee o budu\u0107em putu RS-a i zato se slu\u017ei samo uvredama i naglasio da nema namjeru da se takmi\u010di sa Dodikom \u201cu primitivizmu\u201d \u010clan Predsjedni\u0161tva Bosne i Hercegovine Mladen Ivani\u0107 izjavio [&hellip;]<\/p>\n","protected":false},"author":83,"featured_media":152348,"comment_status":"open","ping_status":"open","sticky":false,"template":"","format":"standard","meta":{"footnotes":""},"categories":[10513],"tags":[10466],"class_list":{"0":"post-152346","1":"post","2":"type-post","3":"status-publish","4":"format-standard","5":"has-post-thumbnail","7":"category-bosna-press","8":"tag-bosna-i-hercegovina"},"yoast_head":"<!-- This site is optimized with the Yoast SEO Premium plugin v23.1 (Yoast SEO v24.9) - https:\/\/yoast.com\/wordpress\/plugins\/seo\/ -->\n<title>Ivani\u0107: Politika Dodika vodi ka sukobima me\u0111u Srbima, ali i sa drugim narodima<\/title>\n<meta name=\"robots\" content=\"index, follow, max-snippet:-1, max-image-preview:large, max-video-preview:-1\" \/>\n<link rel=\"canonical\" href=\"https:\/\/sandzakpress.net\/arhiva\/ivanic-politika-dodika-vodi-ka-sukobima-medu-srbima-ali-i-sa-drugim-narodima\/\" \/>\n<meta property=\"og:locale\" content=\"bs_BA\" \/>\n<meta property=\"og:type\" content=\"article\" \/>\n<meta property=\"og:title\" content=\"Ivani\u0107: Politika Dodika vodi ka sukobima me\u0111u Srbima, ali i sa drugim narodima\" \/>\n<meta property=\"og:description\" content=\"Banja Luka \u2013 \u010clan Predsjedni\u0161tva BiH Mladen Ivani\u0107 naveo je da je jasno da Dodik osje\u0107a da je pro\u0161lost i da nema \u0161ta da ka\u017ee o budu\u0107em putu RS-a i zato se slu\u017ei samo uvredama i naglasio da nema namjeru da se takmi\u010di sa Dodikom \u201cu primitivizmu\u201d \u010clan Predsjedni\u0161tva Bosne i Hercegovine Mladen Ivani\u0107 izjavio [&hellip;]\" \/>\n<meta property=\"og:url\" content=\"https:\/\/sandzakpress.net\/arhiva\/ivanic-politika-dodika-vodi-ka-sukobima-medu-srbima-ali-i-sa-drugim-narodima\/\" \/>\n<meta property=\"og:site_name\" content=\"Sand\u017eak PRESS\" \/>\n<meta property=\"article:published_time\" content=\"2016-01-15T14:22:15+00:00\" \/>\n<meta property=\"og:image\" content=\"https:\/\/sandzakpress.net\/arhiva\/wp-content\/uploads\/2016\/01\/mladen-ivani-o-incidentu-u-potoarima-bonjaki-_trt-bosanski-48280-1.jpg\" \/>\n\t<meta property=\"og:image:width\" content=\"610\" \/>\n\t<meta property=\"og:image:height\" content=\"343\" \/>\n\t<meta property=\"og:image:type\" content=\"image\/jpeg\" \/>\n<meta name=\"author\" content=\"bosniak\" \/>\n<meta name=\"twitter:card\" content=\"summary_large_image\" \/>\n<meta name=\"twitter:label1\" content=\"Written by\" \/>\n\t<meta name=\"twitter:data1\" content=\"bosniak\" \/>\n\t<meta name=\"twitter:label2\" content=\"Est. reading time\" \/>\n\t<meta name=\"twitter:data2\" content=\"4 minute\" \/>\n<script type=\"application\/ld+json\" class=\"yoast-schema-graph\">{\"@context\":\"https:\/\/schema.org\",\"@graph\":[{\"@type\":\"Article\",\"@id\":\"https:\/\/sandzakpress.net\/arhiva\/ivanic-politika-dodika-vodi-ka-sukobima-medu-srbima-ali-i-sa-drugim-narodima\/#article\",\"isPartOf\":{\"@id\":\"https:\/\/sandzakpress.net\/arhiva\/ivanic-politika-dodika-vodi-ka-sukobima-medu-srbima-ali-i-sa-drugim-narodima\/\"},\"author\":{\"name\":\"bosniak\",\"@id\":\"https:\/\/sandzakpress.net\/arhiva\/#\/schema\/person\/c8baee722073534b583ea7bdb2e36c02\"},\"headline\":\"Ivani\u0107: Politika Dodika vodi ka sukobima me\u0111u Srbima, ali i sa drugim narodima\",\"datePublished\":\"2016-01-15T14:22:15+00:00\",\"mainEntityOfPage\":{\"@id\":\"https:\/\/sandzakpress.net\/arhiva\/ivanic-politika-dodika-vodi-ka-sukobima-medu-srbima-ali-i-sa-drugim-narodima\/\"},\"wordCount\":757,\"commentCount\":0,\"publisher\":{\"@id\":\"https:\/\/sandzakpress.net\/arhiva\/#\/schema\/person\/6e72b67d6e51910a1117b3b483ba20bd\"},\"image\":{\"@id\":\"https:\/\/sandzakpress.net\/arhiva\/ivanic-politika-dodika-vodi-ka-sukobima-medu-srbima-ali-i-sa-drugim-narodima\/#primaryimage\"},\"thumbnailUrl\":\"https:\/\/sandzakpress.net\/arhiva\/wp-content\/uploads\/2016\/01\/mladen-ivani-o-incidentu-u-potoarima-bonjaki-_trt-bosanski-48280-1.jpg\",\"keywords\":[\"Bosna i Hercegovina\"],\"articleSection\":[\"Bosna PRESS\"],\"inLanguage\":\"bs-BA\",\"potentialAction\":[{\"@type\":\"CommentAction\",\"name\":\"Comment\",\"target\":[\"https:\/\/sandzakpress.net\/arhiva\/ivanic-politika-dodika-vodi-ka-sukobima-medu-srbima-ali-i-sa-drugim-narodima\/#respond\"]}]},{\"@type\":\"WebPage\",\"@id\":\"https:\/\/sandzakpress.net\/arhiva\/ivanic-politika-dodika-vodi-ka-sukobima-medu-srbima-ali-i-sa-drugim-narodima\/\",\"url\":\"https:\/\/sandzakpress.net\/arhiva\/ivanic-politika-dodika-vodi-ka-sukobima-medu-srbima-ali-i-sa-drugim-narodima\/\",\"name\":\"Ivani\u0107: Politika Dodika vodi ka sukobima me\u0111u Srbima, ali i sa drugim narodima\",\"isPartOf\":{\"@id\":\"https:\/\/sandzakpress.net\/arhiva\/#website\"},\"primaryImageOfPage\":{\"@id\":\"https:\/\/sandzakpress.net\/arhiva\/ivanic-politika-dodika-vodi-ka-sukobima-medu-srbima-ali-i-sa-drugim-narodima\/#primaryimage\"},\"image\":{\"@id\":\"https:\/\/sandzakpress.net\/arhiva\/ivanic-politika-dodika-vodi-ka-sukobima-medu-srbima-ali-i-sa-drugim-narodima\/#primaryimage\"},\"thumbnailUrl\":\"https:\/\/sandzakpress.net\/arhiva\/wp-content\/uploads\/2016\/01\/mladen-ivani-o-incidentu-u-potoarima-bonjaki-_trt-bosanski-48280-1.jpg\",\"datePublished\":\"2016-01-15T14:22:15+00:00\",\"breadcrumb\":{\"@id\":\"https:\/\/sandzakpress.net\/arhiva\/ivanic-politika-dodika-vodi-ka-sukobima-medu-srbima-ali-i-sa-drugim-narodima\/#breadcrumb\"},\"inLanguage\":\"bs-BA\",\"potentialAction\":[{\"@type\":\"ReadAction\",\"target\":[\"https:\/\/sandzakpress.net\/arhiva\/ivanic-politika-dodika-vodi-ka-sukobima-medu-srbima-ali-i-sa-drugim-narodima\/\"]}]},{\"@type\":\"ImageObject\",\"inLanguage\":\"bs-BA\",\"@id\":\"https:\/\/sandzakpress.net\/arhiva\/ivanic-politika-dodika-vodi-ka-sukobima-medu-srbima-ali-i-sa-drugim-narodima\/#primaryimage\",\"url\":\"https:\/\/sandzakpress.net\/arhiva\/wp-content\/uploads\/2016\/01\/mladen-ivani-o-incidentu-u-potoarima-bonjaki-_trt-bosanski-48280-1.jpg\",\"contentUrl\":\"https:\/\/sandzakpress.net\/arhiva\/wp-content\/uploads\/2016\/01\/mladen-ivani-o-incidentu-u-potoarima-bonjaki-_trt-bosanski-48280-1.jpg\",\"width\":610,\"height\":343},{\"@type\":\"BreadcrumbList\",\"@id\":\"https:\/\/sandzakpress.net\/arhiva\/ivanic-politika-dodika-vodi-ka-sukobima-medu-srbima-ali-i-sa-drugim-narodima\/#breadcrumb\",\"itemListElement\":[{\"@type\":\"ListItem\",\"position\":1,\"name\":\"Home\",\"item\":\"https:\/\/sandzakpress.net\/arhiva\/\"},{\"@type\":\"ListItem\",\"position\":2,\"name\":\"Ivani\u0107: Politika Dodika vodi ka sukobima me\u0111u Srbima, ali i sa drugim narodima\"}]},{\"@type\":\"WebSite\",\"@id\":\"https:\/\/sandzakpress.net\/arhiva\/#website\",\"url\":\"https:\/\/sandzakpress.net\/arhiva\/\",\"name\":\"Sand\u017eak PRESS\",\"description\":\"Prve elektronske novine u Sand\u017eaku\",\"publisher\":{\"@id\":\"https:\/\/sandzakpress.net\/arhiva\/#\/schema\/person\/6e72b67d6e51910a1117b3b483ba20bd\"},\"potentialAction\":[{\"@type\":\"SearchAction\",\"target\":{\"@type\":\"EntryPoint\",\"urlTemplate\":\"https:\/\/sandzakpress.net\/arhiva\/?s={search_term_string}\"},\"query-input\":{\"@type\":\"PropertyValueSpecification\",\"valueRequired\":true,\"valueName\":\"search_term_string\"}}],\"inLanguage\":\"bs-BA\"},{\"@type\":[\"Person\",\"Organization\"],\"@id\":\"https:\/\/sandzakpress.net\/arhiva\/#\/schema\/person\/6e72b67d6e51910a1117b3b483ba20bd\",\"name\":\"Kul\",\"image\":{\"@type\":\"ImageObject\",\"inLanguage\":\"bs-BA\",\"@id\":\"https:\/\/sandzakpress.net\/arhiva\/#\/schema\/person\/image\/\",\"url\":\"https:\/\/secure.gravatar.com\/avatar\/42263f39aa27ac04c43cab85c280eb2e?s=96&d=mm&r=pg\",\"contentUrl\":\"https:\/\/secure.gravatar.com\/avatar\/42263f39aa27ac04c43cab85c280eb2e?s=96&d=mm&r=pg\",\"caption\":\"Kul\"},\"logo\":{\"@id\":\"https:\/\/sandzakpress.net\/arhiva\/#\/schema\/person\/image\/\"}},{\"@type\":\"Person\",\"@id\":\"https:\/\/sandzakpress.net\/arhiva\/#\/schema\/person\/c8baee722073534b583ea7bdb2e36c02\",\"name\":\"bosniak\",\"image\":{\"@type\":\"ImageObject\",\"inLanguage\":\"bs-BA\",\"@id\":\"https:\/\/sandzakpress.net\/arhiva\/#\/schema\/person\/image\/\",\"url\":\"https:\/\/secure.gravatar.com\/avatar\/a04fd330bfe3a36a72a0ad4a6d89fca7?s=96&d=mm&r=pg\",\"contentUrl\":\"https:\/\/secure.gravatar.com\/avatar\/a04fd330bfe3a36a72a0ad4a6d89fca7?s=96&d=mm&r=pg\",\"caption\":\"bosniak\"},\"url\":\"https:\/\/sandzakpress.net\/arhiva\/author\/bosniak\/\"}]}<\/script>\n<!-- \/ Yoast SEO Premium plugin. -->","yoast_head_json":{"title":"Ivani\u0107: Politika Dodika vodi ka sukobima me\u0111u Srbima, ali i sa drugim narodima","robots":{"index":"index","follow":"follow","max-snippet":"max-snippet:-1","max-image-preview":"max-image-preview:large","max-video-preview":"max-video-preview:-1"},"canonical":"https:\/\/sandzakpress.net\/arhiva\/ivanic-politika-dodika-vodi-ka-sukobima-medu-srbima-ali-i-sa-drugim-narodima\/","og_locale":"bs_BA","og_type":"article","og_title":"Ivani\u0107: Politika Dodika vodi ka sukobima me\u0111u Srbima, ali i sa drugim narodima","og_description":"Banja Luka \u2013 \u010clan Predsjedni\u0161tva BiH Mladen Ivani\u0107 naveo je da je jasno da Dodik osje\u0107a da je pro\u0161lost i da nema \u0161ta da ka\u017ee o budu\u0107em putu RS-a i zato se slu\u017ei samo uvredama i naglasio da nema namjeru da se takmi\u010di sa Dodikom \u201cu primitivizmu\u201d \u010clan Predsjedni\u0161tva Bosne i Hercegovine Mladen Ivani\u0107 izjavio [&hellip;]","og_url":"https:\/\/sandzakpress.net\/arhiva\/ivanic-politika-dodika-vodi-ka-sukobima-medu-srbima-ali-i-sa-drugim-narodima\/","og_site_name":"Sand\u017eak PRESS","article_published_time":"2016-01-15T14:22:15+00:00","og_image":[{"width":610,"height":343,"url":"https:\/\/sandzakpress.net\/arhiva\/wp-content\/uploads\/2016\/01\/mladen-ivani-o-incidentu-u-potoarima-bonjaki-_trt-bosanski-48280-1.jpg","type":"image\/jpeg"}],"author":"bosniak","twitter_card":"summary_large_image","twitter_misc":{"Written by":"bosniak","Est. reading time":"4 minute"},"schema":{"@context":"https:\/\/schema.org","@graph":[{"@type":"Article","@id":"https:\/\/sandzakpress.net\/arhiva\/ivanic-politika-dodika-vodi-ka-sukobima-medu-srbima-ali-i-sa-drugim-narodima\/#article","isPartOf":{"@id":"https:\/\/sandzakpress.net\/arhiva\/ivanic-politika-dodika-vodi-ka-sukobima-medu-srbima-ali-i-sa-drugim-narodima\/"},"author":{"name":"bosniak","@id":"https:\/\/sandzakpress.net\/arhiva\/#\/schema\/person\/c8baee722073534b583ea7bdb2e36c02"},"headline":"Ivani\u0107: Politika Dodika vodi ka sukobima me\u0111u Srbima, ali i sa drugim narodima","datePublished":"2016-01-15T14:22:15+00:00","mainEntityOfPage":{"@id":"https:\/\/sandzakpress.net\/arhiva\/ivanic-politika-dodika-vodi-ka-sukobima-medu-srbima-ali-i-sa-drugim-narodima\/"},"wordCount":757,"commentCount":0,"publisher":{"@id":"https:\/\/sandzakpress.net\/arhiva\/#\/schema\/person\/6e72b67d6e51910a1117b3b483ba20bd"},"image":{"@id":"https:\/\/sandzakpress.net\/arhiva\/ivanic-politika-dodika-vodi-ka-sukobima-medu-srbima-ali-i-sa-drugim-narodima\/#primaryimage"},"thumbnailUrl":"https:\/\/sandzakpress.net\/arhiva\/wp-content\/uploads\/2016\/01\/mladen-ivani-o-incidentu-u-potoarima-bonjaki-_trt-bosanski-48280-1.jpg","keywords":["Bosna i Hercegovina"],"articleSection":["Bosna PRESS"],"inLanguage":"bs-BA","potentialAction":[{"@type":"CommentAction","name":"Comment","target":["https:\/\/sandzakpress.net\/arhiva\/ivanic-politika-dodika-vodi-ka-sukobima-medu-srbima-ali-i-sa-drugim-narodima\/#respond"]}]},{"@type":"WebPage","@id":"https:\/\/sandzakpress.net\/arhiva\/ivanic-politika-dodika-vodi-ka-sukobima-medu-srbima-ali-i-sa-drugim-narodima\/","url":"https:\/\/sandzakpress.net\/arhiva\/ivanic-politika-dodika-vodi-ka-sukobima-medu-srbima-ali-i-sa-drugim-narodima\/","name":"Ivani\u0107: Politika Dodika vodi ka sukobima me\u0111u Srbima, ali i sa drugim narodima","isPartOf":{"@id":"https:\/\/sandzakpress.net\/arhiva\/#website"},"primaryImageOfPage":{"@id":"https:\/\/sandzakpress.net\/arhiva\/ivanic-politika-dodika-vodi-ka-sukobima-medu-srbima-ali-i-sa-drugim-narodima\/#primaryimage"},"image":{"@id":"https:\/\/sandzakpress.net\/arhiva\/ivanic-politika-dodika-vodi-ka-sukobima-medu-srbima-ali-i-sa-drugim-narodima\/#primaryimage"},"thumbnailUrl":"https:\/\/sandzakpress.net\/arhiva\/wp-content\/uploads\/2016\/01\/mladen-ivani-o-incidentu-u-potoarima-bonjaki-_trt-bosanski-48280-1.jpg","datePublished":"2016-01-15T14:22:15+00:00","breadcrumb":{"@id":"https:\/\/sandzakpress.net\/arhiva\/ivanic-politika-dodika-vodi-ka-sukobima-medu-srbima-ali-i-sa-drugim-narodima\/#breadcrumb"},"inLanguage":"bs-BA","potentialAction":[{"@type":"ReadAction","target":["https:\/\/sandzakpress.net\/arhiva\/ivanic-politika-dodika-vodi-ka-sukobima-medu-srbima-ali-i-sa-drugim-narodima\/"]}]},{"@type":"ImageObject","inLanguage":"bs-BA","@id":"https:\/\/sandzakpress.net\/arhiva\/ivanic-politika-dodika-vodi-ka-sukobima-medu-srbima-ali-i-sa-drugim-narodima\/#primaryimage","url":"https:\/\/sandzakpress.net\/arhiva\/wp-content\/uploads\/2016\/01\/mladen-ivani-o-incidentu-u-potoarima-bonjaki-_trt-bosanski-48280-1.jpg","contentUrl":"https:\/\/sandzakpress.net\/arhiva\/wp-content\/uploads\/2016\/01\/mladen-ivani-o-incidentu-u-potoarima-bonjaki-_trt-bosanski-48280-1.jpg","width":610,"height":343},{"@type":"BreadcrumbList","@id":"https:\/\/sandzakpress.net\/arhiva\/ivanic-politika-dodika-vodi-ka-sukobima-medu-srbima-ali-i-sa-drugim-narodima\/#breadcrumb","itemListElement":[{"@type":"ListItem","position":1,"name":"Home","item":"https:\/\/sandzakpress.net\/arhiva\/"},{"@type":"ListItem","position":2,"name":"Ivani\u0107: Politika Dodika vodi ka sukobima me\u0111u Srbima, ali i sa drugim narodima"}]},{"@type":"WebSite","@id":"https:\/\/sandzakpress.net\/arhiva\/#website","url":"https:\/\/sandzakpress.net\/arhiva\/","name":"Sand\u017eak PRESS","description":"Prve elektronske novine u Sand\u017eaku","publisher":{"@id":"https:\/\/sandzakpress.net\/arhiva\/#\/schema\/person\/6e72b67d6e51910a1117b3b483ba20bd"},"potentialAction":[{"@type":"SearchAction","target":{"@type":"EntryPoint","urlTemplate":"https:\/\/sandzakpress.net\/arhiva\/?s={search_term_string}"},"query-input":{"@type":"PropertyValueSpecification","valueRequired":true,"valueName":"search_term_string"}}],"inLanguage":"bs-BA"},{"@type":["Person","Organization"],"@id":"https:\/\/sandzakpress.net\/arhiva\/#\/schema\/person\/6e72b67d6e51910a1117b3b483ba20bd","name":"Kul","image":{"@type":"ImageObject","inLanguage":"bs-BA","@id":"https:\/\/sandzakpress.net\/arhiva\/#\/schema\/person\/image\/","url":"https:\/\/secure.gravatar.com\/avatar\/42263f39aa27ac04c43cab85c280eb2e?s=96&d=mm&r=pg","contentUrl":"https:\/\/secure.gravatar.com\/avatar\/42263f39aa27ac04c43cab85c280eb2e?s=96&d=mm&r=pg","caption":"Kul"},"logo":{"@id":"https:\/\/sandzakpress.net\/arhiva\/#\/schema\/person\/image\/"}},{"@type":"Person","@id":"https:\/\/sandzakpress.net\/arhiva\/#\/schema\/person\/c8baee722073534b583ea7bdb2e36c02","name":"bosniak","image":{"@type":"ImageObject","inLanguage":"bs-BA","@id":"https:\/\/sandzakpress.net\/arhiva\/#\/schema\/person\/image\/","url":"https:\/\/secure.gravatar.com\/avatar\/a04fd330bfe3a36a72a0ad4a6d89fca7?s=96&d=mm&r=pg","contentUrl":"https:\/\/secure.gravatar.com\/avatar\/a04fd330bfe3a36a72a0ad4a6d89fca7?s=96&d=mm&r=pg","caption":"bosniak"},"url":"https:\/\/sandzakpress.net\/arhiva\/author\/bosniak\/"}]}},"_links":{"self":[{"href":"https:\/\/sandzakpress.net\/arhiva\/wp-json\/wp\/v2\/posts\/152346"}],"collection":[{"href":"https:\/\/sandzakpress.net\/arhiva\/wp-json\/wp\/v2\/posts"}],"about":[{"href":"https:\/\/sandzakpress.net\/arhiva\/wp-json\/wp\/v2\/types\/post"}],"author":[{"embeddable":true,"href":"https:\/\/sandzakpress.net\/arhiva\/wp-json\/wp\/v2\/users\/83"}],"replies":[{"embeddable":true,"href":"https:\/\/sandzakpress.net\/arhiva\/wp-json\/wp\/v2\/comments?post=152346"}],"version-history":[{"count":0,"href":"https:\/\/sandzakpress.net\/arhiva\/wp-json\/wp\/v2\/posts\/152346\/revisions"}],"wp:featuredmedia":[{"embeddable":true,"href":"https:\/\/sandzakpress.net\/arhiva\/wp-json\/wp\/v2\/media\/152348"}],"wp:attachment":[{"href":"https:\/\/sandzakpress.net\/arhiva\/wp-json\/wp\/v2\/media?parent=152346"}],"wp:term":[{"taxonomy":"category","embeddable":true,"href":"https:\/\/sandzakpress.net\/arhiva\/wp-json\/wp\/v2\/categories?post=152346"},{"taxonomy":"post_tag","embeddable":true,"href":"https:\/\/sandzakpress.net\/arhiva\/wp-json\/wp\/v2\/tags?post=152346"}],"curies":[{"name":"wp","href":"https:\/\/api.w.org\/{rel}","templated":true}]}}