{"id":152035,"date":"2016-01-12T23:26:06","date_gmt":"2016-01-12T22:26:06","guid":{"rendered":"https:\/\/sandzakpress.net\/arhiva\/?p=152035"},"modified":"2016-01-12T23:33:44","modified_gmt":"2016-01-12T22:33:44","slug":"saobracajna-nesreca-autobus-iz-priboja-sudario-se-sa-autom-jedna-osoba-stradala","status":"publish","type":"post","link":"https:\/\/sandzakpress.net\/arhiva\/saobracajna-nesreca-autobus-iz-priboja-sudario-se-sa-autom-jedna-osoba-stradala\/","title":{"rendered":"Saobra\u0107ajna nesre\u0107a &#8211; Autobus iz Priboja sudario se sa autom, jedna osoba stradala"},"content":{"rendered":"<p><img loading=\"lazy\" decoding=\"async\" class=\"alignnone  wp-image-152038\" src=\"https:\/\/sandzakpress.net\/arhiva\/wp-content\/uploads\/2016\/01\/03.png\" alt=\"03\" width=\"600\" height=\"384\" srcset=\"https:\/\/sandzakpress.net\/arhiva\/wp-content\/uploads\/2016\/01\/03.png 724w, https:\/\/sandzakpress.net\/arhiva\/wp-content\/uploads\/2016\/01\/03-616x394.png 616w\" sizes=\"(max-width: 600px) 100vw, 600px\" \/><\/p>\n<p><strong>Srbija &#8211; Voza\u010d \u201cmazde\u201d, jagodinskih registarskih oznaka, B.R. (34) poginuo je ve\u010deras na putu Jagodina \u2013 Kragujevac u sudaru sa autobusom PP &#8220;Janju\u0161evi\u0107\u201d, pribojskih tablica, a dva putnika u \u201cmazdi\u201d su zadobila lak\u0161e povrede<\/strong><\/p>\n<p>U autobusu nije bilo povrije\u0111enih.<\/p>\n<p>Do nesre\u0107e je prema privim informacijama do\u0161lo kada je \u201cmazda\u201d, iz za sada ne utvr\u0111enih razloga, pre\u0161la na suprotnu stranu kolovoza i udarila u autobus.<\/p>\n<p>(sandzaklive.rs)<\/p>\n<p>&nbsp;<\/p>\n","protected":false},"excerpt":{"rendered":"<p>Srbija &#8211; Voza\u010d \u201cmazde\u201d, jagodinskih registarskih oznaka, B.R. (34) poginuo je ve\u010deras na putu Jagodina \u2013 Kragujevac u sudaru sa autobusom PP &#8220;Janju\u0161evi\u0107\u201d, pribojskih tablica, a dva putnika u \u201cmazdi\u201d su zadobila lak\u0161e povrede U autobusu nije bilo povrije\u0111enih. Do nesre\u0107e je prema privim informacijama do\u0161lo kada je \u201cmazda\u201d, iz za sada ne utvr\u0111enih razloga, [&hellip;]<\/p>\n","protected":false},"author":509,"featured_media":152038,"comment_status":"open","ping_status":"open","sticky":false,"template":"","format":"standard","meta":{"footnotes":""},"categories":[10307,393,801,798,10429],"tags":[],"class_list":{"0":"post-152035","1":"post","2":"type-post","3":"status-publish","4":"format-standard","5":"has-post-thumbnail","7":"category-srbija","8":"category-priboj","9":"category-crna_hronika","10":"category-teme","11":"category-vazno"},"yoast_head":"<!-- This site is optimized with the Yoast SEO Premium plugin v23.1 (Yoast SEO v24.9) - https:\/\/yoast.com\/wordpress\/plugins\/seo\/ -->\n<title>Saobra\u0107ajna nesre\u0107a - Autobus iz Priboja sudario se sa autom, jedna osoba stradala<\/title>\n<meta name=\"robots\" content=\"index, follow, max-snippet:-1, max-image-preview:large, max-video-preview:-1\" \/>\n<link rel=\"canonical\" href=\"https:\/\/sandzakpress.net\/arhiva\/saobracajna-nesreca-autobus-iz-priboja-sudario-se-sa-autom-jedna-osoba-stradala\/\" \/>\n<meta property=\"og:locale\" content=\"bs_BA\" \/>\n<meta property=\"og:type\" content=\"article\" \/>\n<meta property=\"og:title\" content=\"Saobra\u0107ajna nesre\u0107a - Autobus iz Priboja sudario se sa autom, jedna osoba stradala\" \/>\n<meta property=\"og:description\" content=\"Srbija &#8211; Voza\u010d \u201cmazde\u201d, jagodinskih registarskih oznaka, B.R. (34) poginuo je ve\u010deras na putu Jagodina \u2013 Kragujevac u sudaru sa autobusom PP &#8220;Janju\u0161evi\u0107\u201d, pribojskih tablica, a dva putnika u \u201cmazdi\u201d su zadobila lak\u0161e povrede U autobusu nije bilo povrije\u0111enih. Do nesre\u0107e je prema privim informacijama do\u0161lo kada je \u201cmazda\u201d, iz za sada ne utvr\u0111enih razloga, [&hellip;]\" \/>\n<meta property=\"og:url\" content=\"https:\/\/sandzakpress.net\/arhiva\/saobracajna-nesreca-autobus-iz-priboja-sudario-se-sa-autom-jedna-osoba-stradala\/\" \/>\n<meta property=\"og:site_name\" content=\"Sand\u017eak PRESS\" \/>\n<meta property=\"article:published_time\" content=\"2016-01-12T22:26:06+00:00\" \/>\n<meta property=\"article:modified_time\" content=\"2016-01-12T22:33:44+00:00\" \/>\n<meta property=\"og:image\" content=\"https:\/\/sandzakpress.net\/arhiva\/wp-content\/uploads\/2016\/01\/03.png\" \/>\n\t<meta property=\"og:image:width\" content=\"724\" \/>\n\t<meta property=\"og:image:height\" content=\"463\" \/>\n\t<meta property=\"og:image:type\" content=\"image\/png\" \/>\n<meta name=\"author\" content=\"Agencija\" \/>\n<meta name=\"twitter:card\" content=\"summary_large_image\" \/>\n<meta name=\"twitter:label1\" content=\"Written by\" \/>\n\t<meta name=\"twitter:data1\" content=\"Agencija\" \/>\n<script type=\"application\/ld+json\" class=\"yoast-schema-graph\">{\"@context\":\"https:\/\/schema.org\",\"@graph\":[{\"@type\":\"Article\",\"@id\":\"https:\/\/sandzakpress.net\/arhiva\/saobracajna-nesreca-autobus-iz-priboja-sudario-se-sa-autom-jedna-osoba-stradala\/#article\",\"isPartOf\":{\"@id\":\"https:\/\/sandzakpress.net\/arhiva\/saobracajna-nesreca-autobus-iz-priboja-sudario-se-sa-autom-jedna-osoba-stradala\/\"},\"author\":{\"name\":\"Agencija\",\"@id\":\"https:\/\/sandzakpress.net\/arhiva\/#\/schema\/person\/cb59d7e3ab91ab90dd680ad0305a6185\"},\"headline\":\"Saobra\u0107ajna nesre\u0107a &#8211; Autobus iz Priboja sudario se sa autom, jedna osoba stradala\",\"datePublished\":\"2016-01-12T22:26:06+00:00\",\"dateModified\":\"2016-01-12T22:33:44+00:00\",\"mainEntityOfPage\":{\"@id\":\"https:\/\/sandzakpress.net\/arhiva\/saobracajna-nesreca-autobus-iz-priboja-sudario-se-sa-autom-jedna-osoba-stradala\/\"},\"wordCount\":89,\"commentCount\":4,\"publisher\":{\"@id\":\"https:\/\/sandzakpress.net\/arhiva\/#\/schema\/person\/6e72b67d6e51910a1117b3b483ba20bd\"},\"image\":{\"@id\":\"https:\/\/sandzakpress.net\/arhiva\/saobracajna-nesreca-autobus-iz-priboja-sudario-se-sa-autom-jedna-osoba-stradala\/#primaryimage\"},\"thumbnailUrl\":\"https:\/\/sandzakpress.net\/arhiva\/wp-content\/uploads\/2016\/01\/03.png\",\"articleSection\":[\"Srbija\",\"Priboj\",\"Hronika\",\"NAJNOVIJE\",\"VA\u017dNO!\"],\"inLanguage\":\"bs-BA\",\"potentialAction\":[{\"@type\":\"CommentAction\",\"name\":\"Comment\",\"target\":[\"https:\/\/sandzakpress.net\/arhiva\/saobracajna-nesreca-autobus-iz-priboja-sudario-se-sa-autom-jedna-osoba-stradala\/#respond\"]}]},{\"@type\":\"WebPage\",\"@id\":\"https:\/\/sandzakpress.net\/arhiva\/saobracajna-nesreca-autobus-iz-priboja-sudario-se-sa-autom-jedna-osoba-stradala\/\",\"url\":\"https:\/\/sandzakpress.net\/arhiva\/saobracajna-nesreca-autobus-iz-priboja-sudario-se-sa-autom-jedna-osoba-stradala\/\",\"name\":\"Saobra\u0107ajna nesre\u0107a - Autobus iz Priboja sudario se sa autom, jedna osoba stradala\",\"isPartOf\":{\"@id\":\"https:\/\/sandzakpress.net\/arhiva\/#website\"},\"primaryImageOfPage\":{\"@id\":\"https:\/\/sandzakpress.net\/arhiva\/saobracajna-nesreca-autobus-iz-priboja-sudario-se-sa-autom-jedna-osoba-stradala\/#primaryimage\"},\"image\":{\"@id\":\"https:\/\/sandzakpress.net\/arhiva\/saobracajna-nesreca-autobus-iz-priboja-sudario-se-sa-autom-jedna-osoba-stradala\/#primaryimage\"},\"thumbnailUrl\":\"https:\/\/sandzakpress.net\/arhiva\/wp-content\/uploads\/2016\/01\/03.png\",\"datePublished\":\"2016-01-12T22:26:06+00:00\",\"dateModified\":\"2016-01-12T22:33:44+00:00\",\"breadcrumb\":{\"@id\":\"https:\/\/sandzakpress.net\/arhiva\/saobracajna-nesreca-autobus-iz-priboja-sudario-se-sa-autom-jedna-osoba-stradala\/#breadcrumb\"},\"inLanguage\":\"bs-BA\",\"potentialAction\":[{\"@type\":\"ReadAction\",\"target\":[\"https:\/\/sandzakpress.net\/arhiva\/saobracajna-nesreca-autobus-iz-priboja-sudario-se-sa-autom-jedna-osoba-stradala\/\"]}]},{\"@type\":\"ImageObject\",\"inLanguage\":\"bs-BA\",\"@id\":\"https:\/\/sandzakpress.net\/arhiva\/saobracajna-nesreca-autobus-iz-priboja-sudario-se-sa-autom-jedna-osoba-stradala\/#primaryimage\",\"url\":\"https:\/\/sandzakpress.net\/arhiva\/wp-content\/uploads\/2016\/01\/03.png\",\"contentUrl\":\"https:\/\/sandzakpress.net\/arhiva\/wp-content\/uploads\/2016\/01\/03.png\",\"width\":724,\"height\":463},{\"@type\":\"BreadcrumbList\",\"@id\":\"https:\/\/sandzakpress.net\/arhiva\/saobracajna-nesreca-autobus-iz-priboja-sudario-se-sa-autom-jedna-osoba-stradala\/#breadcrumb\",\"itemListElement\":[{\"@type\":\"ListItem\",\"position\":1,\"name\":\"Home\",\"item\":\"https:\/\/sandzakpress.net\/arhiva\/\"},{\"@type\":\"ListItem\",\"position\":2,\"name\":\"Saobra\u0107ajna nesre\u0107a &#8211; Autobus iz Priboja sudario se sa autom, jedna osoba stradala\"}]},{\"@type\":\"WebSite\",\"@id\":\"https:\/\/sandzakpress.net\/arhiva\/#website\",\"url\":\"https:\/\/sandzakpress.net\/arhiva\/\",\"name\":\"Sand\u017eak PRESS\",\"description\":\"Prve elektronske novine u Sand\u017eaku\",\"publisher\":{\"@id\":\"https:\/\/sandzakpress.net\/arhiva\/#\/schema\/person\/6e72b67d6e51910a1117b3b483ba20bd\"},\"potentialAction\":[{\"@type\":\"SearchAction\",\"target\":{\"@type\":\"EntryPoint\",\"urlTemplate\":\"https:\/\/sandzakpress.net\/arhiva\/?s={search_term_string}\"},\"query-input\":{\"@type\":\"PropertyValueSpecification\",\"valueRequired\":true,\"valueName\":\"search_term_string\"}}],\"inLanguage\":\"bs-BA\"},{\"@type\":[\"Person\",\"Organization\"],\"@id\":\"https:\/\/sandzakpress.net\/arhiva\/#\/schema\/person\/6e72b67d6e51910a1117b3b483ba20bd\",\"name\":\"Kul\",\"image\":{\"@type\":\"ImageObject\",\"inLanguage\":\"bs-BA\",\"@id\":\"https:\/\/sandzakpress.net\/arhiva\/#\/schema\/person\/image\/\",\"url\":\"https:\/\/secure.gravatar.com\/avatar\/42263f39aa27ac04c43cab85c280eb2e?s=96&d=mm&r=pg\",\"contentUrl\":\"https:\/\/secure.gravatar.com\/avatar\/42263f39aa27ac04c43cab85c280eb2e?s=96&d=mm&r=pg\",\"caption\":\"Kul\"},\"logo\":{\"@id\":\"https:\/\/sandzakpress.net\/arhiva\/#\/schema\/person\/image\/\"}},{\"@type\":\"Person\",\"@id\":\"https:\/\/sandzakpress.net\/arhiva\/#\/schema\/person\/cb59d7e3ab91ab90dd680ad0305a6185\",\"name\":\"Agencija\",\"image\":{\"@type\":\"ImageObject\",\"inLanguage\":\"bs-BA\",\"@id\":\"https:\/\/sandzakpress.net\/arhiva\/#\/schema\/person\/image\/\",\"url\":\"https:\/\/secure.gravatar.com\/avatar\/4b7fafa80a22f0c2afe23966b3961fe0?s=96&d=mm&r=pg\",\"contentUrl\":\"https:\/\/secure.gravatar.com\/avatar\/4b7fafa80a22f0c2afe23966b3961fe0?s=96&d=mm&r=pg\",\"caption\":\"Agencija\"},\"url\":\"https:\/\/sandzakpress.net\/arhiva\/author\/agencija\/\"}]}<\/script>\n<!-- \/ Yoast SEO Premium plugin. -->","yoast_head_json":{"title":"Saobra\u0107ajna nesre\u0107a - Autobus iz Priboja sudario se sa autom, jedna osoba stradala","robots":{"index":"index","follow":"follow","max-snippet":"max-snippet:-1","max-image-preview":"max-image-preview:large","max-video-preview":"max-video-preview:-1"},"canonical":"https:\/\/sandzakpress.net\/arhiva\/saobracajna-nesreca-autobus-iz-priboja-sudario-se-sa-autom-jedna-osoba-stradala\/","og_locale":"bs_BA","og_type":"article","og_title":"Saobra\u0107ajna nesre\u0107a - Autobus iz Priboja sudario se sa autom, jedna osoba stradala","og_description":"Srbija &#8211; Voza\u010d \u201cmazde\u201d, jagodinskih registarskih oznaka, B.R. (34) poginuo je ve\u010deras na putu Jagodina \u2013 Kragujevac u sudaru sa autobusom PP &#8220;Janju\u0161evi\u0107\u201d, pribojskih tablica, a dva putnika u \u201cmazdi\u201d su zadobila lak\u0161e povrede U autobusu nije bilo povrije\u0111enih. Do nesre\u0107e je prema privim informacijama do\u0161lo kada je \u201cmazda\u201d, iz za sada ne utvr\u0111enih razloga, [&hellip;]","og_url":"https:\/\/sandzakpress.net\/arhiva\/saobracajna-nesreca-autobus-iz-priboja-sudario-se-sa-autom-jedna-osoba-stradala\/","og_site_name":"Sand\u017eak PRESS","article_published_time":"2016-01-12T22:26:06+00:00","article_modified_time":"2016-01-12T22:33:44+00:00","og_image":[{"width":724,"height":463,"url":"https:\/\/sandzakpress.net\/arhiva\/wp-content\/uploads\/2016\/01\/03.png","type":"image\/png"}],"author":"Agencija","twitter_card":"summary_large_image","twitter_misc":{"Written by":"Agencija"},"schema":{"@context":"https:\/\/schema.org","@graph":[{"@type":"Article","@id":"https:\/\/sandzakpress.net\/arhiva\/saobracajna-nesreca-autobus-iz-priboja-sudario-se-sa-autom-jedna-osoba-stradala\/#article","isPartOf":{"@id":"https:\/\/sandzakpress.net\/arhiva\/saobracajna-nesreca-autobus-iz-priboja-sudario-se-sa-autom-jedna-osoba-stradala\/"},"author":{"name":"Agencija","@id":"https:\/\/sandzakpress.net\/arhiva\/#\/schema\/person\/cb59d7e3ab91ab90dd680ad0305a6185"},"headline":"Saobra\u0107ajna nesre\u0107a &#8211; Autobus iz Priboja sudario se sa autom, jedna osoba stradala","datePublished":"2016-01-12T22:26:06+00:00","dateModified":"2016-01-12T22:33:44+00:00","mainEntityOfPage":{"@id":"https:\/\/sandzakpress.net\/arhiva\/saobracajna-nesreca-autobus-iz-priboja-sudario-se-sa-autom-jedna-osoba-stradala\/"},"wordCount":89,"commentCount":4,"publisher":{"@id":"https:\/\/sandzakpress.net\/arhiva\/#\/schema\/person\/6e72b67d6e51910a1117b3b483ba20bd"},"image":{"@id":"https:\/\/sandzakpress.net\/arhiva\/saobracajna-nesreca-autobus-iz-priboja-sudario-se-sa-autom-jedna-osoba-stradala\/#primaryimage"},"thumbnailUrl":"https:\/\/sandzakpress.net\/arhiva\/wp-content\/uploads\/2016\/01\/03.png","articleSection":["Srbija","Priboj","Hronika","NAJNOVIJE","VA\u017dNO!"],"inLanguage":"bs-BA","potentialAction":[{"@type":"CommentAction","name":"Comment","target":["https:\/\/sandzakpress.net\/arhiva\/saobracajna-nesreca-autobus-iz-priboja-sudario-se-sa-autom-jedna-osoba-stradala\/#respond"]}]},{"@type":"WebPage","@id":"https:\/\/sandzakpress.net\/arhiva\/saobracajna-nesreca-autobus-iz-priboja-sudario-se-sa-autom-jedna-osoba-stradala\/","url":"https:\/\/sandzakpress.net\/arhiva\/saobracajna-nesreca-autobus-iz-priboja-sudario-se-sa-autom-jedna-osoba-stradala\/","name":"Saobra\u0107ajna nesre\u0107a - Autobus iz Priboja sudario se sa autom, jedna osoba stradala","isPartOf":{"@id":"https:\/\/sandzakpress.net\/arhiva\/#website"},"primaryImageOfPage":{"@id":"https:\/\/sandzakpress.net\/arhiva\/saobracajna-nesreca-autobus-iz-priboja-sudario-se-sa-autom-jedna-osoba-stradala\/#primaryimage"},"image":{"@id":"https:\/\/sandzakpress.net\/arhiva\/saobracajna-nesreca-autobus-iz-priboja-sudario-se-sa-autom-jedna-osoba-stradala\/#primaryimage"},"thumbnailUrl":"https:\/\/sandzakpress.net\/arhiva\/wp-content\/uploads\/2016\/01\/03.png","datePublished":"2016-01-12T22:26:06+00:00","dateModified":"2016-01-12T22:33:44+00:00","breadcrumb":{"@id":"https:\/\/sandzakpress.net\/arhiva\/saobracajna-nesreca-autobus-iz-priboja-sudario-se-sa-autom-jedna-osoba-stradala\/#breadcrumb"},"inLanguage":"bs-BA","potentialAction":[{"@type":"ReadAction","target":["https:\/\/sandzakpress.net\/arhiva\/saobracajna-nesreca-autobus-iz-priboja-sudario-se-sa-autom-jedna-osoba-stradala\/"]}]},{"@type":"ImageObject","inLanguage":"bs-BA","@id":"https:\/\/sandzakpress.net\/arhiva\/saobracajna-nesreca-autobus-iz-priboja-sudario-se-sa-autom-jedna-osoba-stradala\/#primaryimage","url":"https:\/\/sandzakpress.net\/arhiva\/wp-content\/uploads\/2016\/01\/03.png","contentUrl":"https:\/\/sandzakpress.net\/arhiva\/wp-content\/uploads\/2016\/01\/03.png","width":724,"height":463},{"@type":"BreadcrumbList","@id":"https:\/\/sandzakpress.net\/arhiva\/saobracajna-nesreca-autobus-iz-priboja-sudario-se-sa-autom-jedna-osoba-stradala\/#breadcrumb","itemListElement":[{"@type":"ListItem","position":1,"name":"Home","item":"https:\/\/sandzakpress.net\/arhiva\/"},{"@type":"ListItem","position":2,"name":"Saobra\u0107ajna nesre\u0107a &#8211; Autobus iz Priboja sudario se sa autom, jedna osoba stradala"}]},{"@type":"WebSite","@id":"https:\/\/sandzakpress.net\/arhiva\/#website","url":"https:\/\/sandzakpress.net\/arhiva\/","name":"Sand\u017eak PRESS","description":"Prve elektronske novine u Sand\u017eaku","publisher":{"@id":"https:\/\/sandzakpress.net\/arhiva\/#\/schema\/person\/6e72b67d6e51910a1117b3b483ba20bd"},"potentialAction":[{"@type":"SearchAction","target":{"@type":"EntryPoint","urlTemplate":"https:\/\/sandzakpress.net\/arhiva\/?s={search_term_string}"},"query-input":{"@type":"PropertyValueSpecification","valueRequired":true,"valueName":"search_term_string"}}],"inLanguage":"bs-BA"},{"@type":["Person","Organization"],"@id":"https:\/\/sandzakpress.net\/arhiva\/#\/schema\/person\/6e72b67d6e51910a1117b3b483ba20bd","name":"Kul","image":{"@type":"ImageObject","inLanguage":"bs-BA","@id":"https:\/\/sandzakpress.net\/arhiva\/#\/schema\/person\/image\/","url":"https:\/\/secure.gravatar.com\/avatar\/42263f39aa27ac04c43cab85c280eb2e?s=96&d=mm&r=pg","contentUrl":"https:\/\/secure.gravatar.com\/avatar\/42263f39aa27ac04c43cab85c280eb2e?s=96&d=mm&r=pg","caption":"Kul"},"logo":{"@id":"https:\/\/sandzakpress.net\/arhiva\/#\/schema\/person\/image\/"}},{"@type":"Person","@id":"https:\/\/sandzakpress.net\/arhiva\/#\/schema\/person\/cb59d7e3ab91ab90dd680ad0305a6185","name":"Agencija","image":{"@type":"ImageObject","inLanguage":"bs-BA","@id":"https:\/\/sandzakpress.net\/arhiva\/#\/schema\/person\/image\/","url":"https:\/\/secure.gravatar.com\/avatar\/4b7fafa80a22f0c2afe23966b3961fe0?s=96&d=mm&r=pg","contentUrl":"https:\/\/secure.gravatar.com\/avatar\/4b7fafa80a22f0c2afe23966b3961fe0?s=96&d=mm&r=pg","caption":"Agencija"},"url":"https:\/\/sandzakpress.net\/arhiva\/author\/agencija\/"}]}},"_links":{"self":[{"href":"https:\/\/sandzakpress.net\/arhiva\/wp-json\/wp\/v2\/posts\/152035"}],"collection":[{"href":"https:\/\/sandzakpress.net\/arhiva\/wp-json\/wp\/v2\/posts"}],"about":[{"href":"https:\/\/sandzakpress.net\/arhiva\/wp-json\/wp\/v2\/types\/post"}],"author":[{"embeddable":true,"href":"https:\/\/sandzakpress.net\/arhiva\/wp-json\/wp\/v2\/users\/509"}],"replies":[{"embeddable":true,"href":"https:\/\/sandzakpress.net\/arhiva\/wp-json\/wp\/v2\/comments?post=152035"}],"version-history":[{"count":0,"href":"https:\/\/sandzakpress.net\/arhiva\/wp-json\/wp\/v2\/posts\/152035\/revisions"}],"wp:featuredmedia":[{"embeddable":true,"href":"https:\/\/sandzakpress.net\/arhiva\/wp-json\/wp\/v2\/media\/152038"}],"wp:attachment":[{"href":"https:\/\/sandzakpress.net\/arhiva\/wp-json\/wp\/v2\/media?parent=152035"}],"wp:term":[{"taxonomy":"category","embeddable":true,"href":"https:\/\/sandzakpress.net\/arhiva\/wp-json\/wp\/v2\/categories?post=152035"},{"taxonomy":"post_tag","embeddable":true,"href":"https:\/\/sandzakpress.net\/arhiva\/wp-json\/wp\/v2\/tags?post=152035"}],"curies":[{"name":"wp","href":"https:\/\/api.w.org\/{rel}","templated":true}]}}