{"id":152011,"date":"2016-01-12T20:43:19","date_gmt":"2016-01-12T19:43:19","guid":{"rendered":"https:\/\/sandzakpress.net\/arhiva\/?p=152011"},"modified":"2016-01-12T23:12:16","modified_gmt":"2016-01-12T22:12:16","slug":"predstavnici-sest-turskih-fondacija-zijaretili-skolu-kurana-casnog","status":"publish","type":"post","link":"https:\/\/sandzakpress.net\/arhiva\/predstavnici-sest-turskih-fondacija-zijaretili-skolu-kurana-casnog\/","title":{"rendered":"Predstavnici \u0161est turskih fondacija zijaretili  \u0160kolu Kur'ana \u010casnog"},"content":{"rendered":"<p><img loading=\"lazy\" decoding=\"async\" class=\"\" src=\"http:\/\/mesihat.org\/wp-content\/uploads\/2016\/01\/DSC_3274-422x300.jpg\" alt=\"DSC_3274\" width=\"601\" height=\"427\" \/><\/p>\n<p><strong>Novi Pazar, Turska &#8211; Dana, 12.01.2016.godine, direktor \u0160kole Kur'ana \u010casnog \u00a0hafiz Irfan ef. Mali\u0107 primio je predstavnike \u0161est najpoznatijih turskih fondacija.<\/strong><span id=\"more-30196\"><\/span><\/p>\n<p>Musafiri su uz doru\u010dak i prijatnu atmosferu bili upoznati sa dosada\u0161njim rezultatima i budu\u0107im planovima \u0160kole Kur'ana \u010casnog .<\/p>\n<p>Oni su izrazili svoje zadovoljstvo onim \u0161to su \u010duli i vidjeli, tom prilikom su obe\u0107ali nastavak saradnje sa na\u0161om \u0160kolom Kur\u2019ana.<\/p>\n<p>Direktor \u0160kole \u00a0ih je takodjer upoznao sa aktivnostima i aktuelnim projektima koje realizira Islamska zajednica u Srbiji, kao i sa svim njenim ustanovama i institucijama, za \u0161ta su gosti imali posebno interesovanje.<\/p>\n<p>Gosti iz Turske su obi\u0161li prostorije i tom prilikom upoznali predava\u010de i polaznike \u0160kole.<\/p>\n<p>Molimo Allaha d\u017e.\u0161 da ih nagradi svakim dobrom za trud koji su ulo\u017eili da posjete \u0160kolu Kura'na \u010casnog i ostale Bo\u0161njake u Sand\u017eaku.<\/p>\n<p><em>\u0160kola Kur'ana \u010casnog\u00a0<\/em><\/p>\n<p>(mesihat.org)<\/p>\n<p><img loading=\"lazy\" decoding=\"async\" class=\"alignleft  wp-image-30198\" src=\"http:\/\/mesihat.org\/wp-content\/uploads\/2016\/01\/DSC_3260.jpg\" sizes=\"(max-width: 1920px) 100vw, 1920px\" srcset=\"http:\/\/mesihat.org\/wp-content\/uploads\/2016\/01\/DSC_3260-453x300.jpg 453w, http:\/\/mesihat.org\/wp-content\/uploads\/2016\/01\/DSC_3260-768x508.jpg 768w, http:\/\/mesihat.org\/wp-content\/uploads\/2016\/01\/DSC_3260-906x600.jpg 906w, http:\/\/mesihat.org\/wp-content\/uploads\/2016\/01\/DSC_3260.jpg 1920w\" alt=\"DSC_3260\" width=\"600\" height=\"397\" \/><br \/><img loading=\"lazy\" decoding=\"async\" class=\"alignleft  wp-image-30199\" src=\"http:\/\/mesihat.org\/wp-content\/uploads\/2016\/01\/DSC_3263.jpg\" sizes=\"(max-width: 1300px) 100vw, 1300px\" srcset=\"http:\/\/mesihat.org\/wp-content\/uploads\/2016\/01\/DSC_3263-309x300.jpg 309w, http:\/\/mesihat.org\/wp-content\/uploads\/2016\/01\/DSC_3263-768x745.jpg 768w, http:\/\/mesihat.org\/wp-content\/uploads\/2016\/01\/DSC_3263-619x600.jpg 619w, http:\/\/mesihat.org\/wp-content\/uploads\/2016\/01\/DSC_3263.jpg 1300w\" alt=\"DSC_3263\" width=\"600\" height=\"582\" \/><img loading=\"lazy\" decoding=\"async\" class=\"alignleft  wp-image-30201\" src=\"http:\/\/mesihat.org\/wp-content\/uploads\/2016\/01\/DSC_3281.jpg\" sizes=\"(max-width: 1381px) 100vw, 1381px\" srcset=\"http:\/\/mesihat.org\/wp-content\/uploads\/2016\/01\/DSC_3281-326x300.jpg 326w, http:\/\/mesihat.org\/wp-content\/uploads\/2016\/01\/DSC_3281-768x707.jpg 768w, http:\/\/mesihat.org\/wp-content\/uploads\/2016\/01\/DSC_3281-652x600.jpg 652w, http:\/\/mesihat.org\/wp-content\/uploads\/2016\/01\/DSC_3281.jpg 1381w\" alt=\"DSC_3281\" width=\"601\" height=\"553\" \/><img loading=\"lazy\" decoding=\"async\" class=\"alignleft  wp-image-30202\" src=\"http:\/\/mesihat.org\/wp-content\/uploads\/2016\/01\/DSC_3286.jpg\" sizes=\"(max-width: 1920px) 100vw, 1920px\" srcset=\"http:\/\/mesihat.org\/wp-content\/uploads\/2016\/01\/DSC_3286-453x300.jpg 453w, http:\/\/mesihat.org\/wp-content\/uploads\/2016\/01\/DSC_3286-768x508.jpg 768w, http:\/\/mesihat.org\/wp-content\/uploads\/2016\/01\/DSC_3286-906x600.jpg 906w, http:\/\/mesihat.org\/wp-content\/uploads\/2016\/01\/DSC_3286.jpg 1920w\" alt=\"DSC_3286\" width=\"601\" height=\"398\" \/><img loading=\"lazy\" decoding=\"async\" class=\"alignleft  wp-image-30203\" src=\"http:\/\/mesihat.org\/wp-content\/uploads\/2016\/01\/DSC_3301.jpg\" sizes=\"(max-width: 1792px) 100vw, 1792px\" srcset=\"http:\/\/mesihat.org\/wp-content\/uploads\/2016\/01\/DSC_3301-423x300.jpg 423w, http:\/\/mesihat.org\/wp-content\/uploads\/2016\/01\/DSC_3301-768x545.jpg 768w, http:\/\/mesihat.org\/wp-content\/uploads\/2016\/01\/DSC_3301-846x600.jpg 846w, http:\/\/mesihat.org\/wp-content\/uploads\/2016\/01\/DSC_3301.jpg 1792w\" alt=\"DSC_3301\" width=\"601\" height=\"427\" \/><img loading=\"lazy\" decoding=\"async\" class=\"alignleft  wp-image-30204\" src=\"http:\/\/mesihat.org\/wp-content\/uploads\/2016\/01\/DSC_3305.jpg\" sizes=\"(max-width: 1920px) 100vw, 1920px\" srcset=\"http:\/\/mesihat.org\/wp-content\/uploads\/2016\/01\/DSC_3305-453x300.jpg 453w, http:\/\/mesihat.org\/wp-content\/uploads\/2016\/01\/DSC_3305-768x508.jpg 768w, http:\/\/mesihat.org\/wp-content\/uploads\/2016\/01\/DSC_3305-906x600.jpg 906w, http:\/\/mesihat.org\/wp-content\/uploads\/2016\/01\/DSC_3305.jpg 1920w\" alt=\"DSC_3305\" width=\"600\" height=\"397\" \/><img loading=\"lazy\" decoding=\"async\" class=\"alignleft  wp-image-30205\" src=\"http:\/\/mesihat.org\/wp-content\/uploads\/2016\/01\/DSC_3308.jpg\" sizes=\"(max-width: 923px) 100vw, 923px\" srcset=\"http:\/\/mesihat.org\/wp-content\/uploads\/2016\/01\/DSC_3308-218x300.jpg 218w, http:\/\/mesihat.org\/wp-content\/uploads\/2016\/01\/DSC_3308-768x1058.jpg 768w, http:\/\/mesihat.org\/wp-content\/uploads\/2016\/01\/DSC_3308-436x600.jpg 436w, http:\/\/mesihat.org\/wp-content\/uploads\/2016\/01\/DSC_3308.jpg 923w\" alt=\"DSC_3308\" width=\"602\" height=\"829\" \/><\/p>\n","protected":false},"excerpt":{"rendered":"<p>Novi Pazar, Turska &#8211; Dana, 12.01.2016.godine, direktor \u0160kole Kur'ana \u010casnog \u00a0hafiz Irfan ef. Mali\u0107 primio je predstavnike \u0161est najpoznatijih turskih fondacija. Musafiri su uz doru\u010dak i prijatnu atmosferu bili upoznati sa dosada\u0161njim rezultatima i budu\u0107im planovima \u0160kole Kur'ana \u010casnog . Oni su izrazili svoje zadovoljstvo onim \u0161to su \u010duli i vidjeli, tom prilikom su obe\u0107ali [&hellip;]<\/p>\n","protected":false},"author":509,"featured_media":152012,"comment_status":"open","ping_status":"open","sticky":false,"template":"","format":"standard","meta":{"footnotes":""},"categories":[72,802,798,2692],"tags":[],"class_list":{"0":"post-152011","1":"post","2":"type-post","3":"status-publish","4":"format-standard","5":"has-post-thumbnail","7":"category-novi-pazar","8":"category-islamska_zajednica","9":"category-teme","10":"category-turska-gradovi"},"yoast_head":"<!-- This site is optimized with the Yoast SEO Premium plugin v23.1 (Yoast SEO v24.9) - https:\/\/yoast.com\/wordpress\/plugins\/seo\/ -->\n<title>Predstavnici \u0161est turskih fondacija zijaretili \u0160kolu Kur&#039;ana \u010casnog<\/title>\n<meta name=\"robots\" content=\"index, follow, max-snippet:-1, max-image-preview:large, max-video-preview:-1\" \/>\n<link rel=\"canonical\" href=\"https:\/\/sandzakpress.net\/arhiva\/predstavnici-sest-turskih-fondacija-zijaretili-skolu-kurana-casnog\/\" \/>\n<meta property=\"og:locale\" content=\"bs_BA\" \/>\n<meta property=\"og:type\" content=\"article\" \/>\n<meta property=\"og:title\" content=\"Predstavnici \u0161est turskih fondacija zijaretili \u0160kolu Kur&#039;ana \u010casnog\" \/>\n<meta property=\"og:description\" content=\"Novi Pazar, Turska &#8211; Dana, 12.01.2016.godine, direktor \u0160kole Kur&#039;ana \u010casnog \u00a0hafiz Irfan ef. Mali\u0107 primio je predstavnike \u0161est najpoznatijih turskih fondacija. Musafiri su uz doru\u010dak i prijatnu atmosferu bili upoznati sa dosada\u0161njim rezultatima i budu\u0107im planovima \u0160kole Kur&#039;ana \u010casnog . Oni su izrazili svoje zadovoljstvo onim \u0161to su \u010duli i vidjeli, tom prilikom su obe\u0107ali [&hellip;]\" \/>\n<meta property=\"og:url\" content=\"https:\/\/sandzakpress.net\/arhiva\/predstavnici-sest-turskih-fondacija-zijaretili-skolu-kurana-casnog\/\" \/>\n<meta property=\"og:site_name\" content=\"Sand\u017eak PRESS\" \/>\n<meta property=\"article:published_time\" content=\"2016-01-12T19:43:19+00:00\" \/>\n<meta property=\"article:modified_time\" content=\"2016-01-12T22:12:16+00:00\" \/>\n<meta property=\"og:image\" content=\"https:\/\/sandzakpress.net\/arhiva\/wp-content\/uploads\/2016\/01\/DSC_3274-422x300.jpg\" \/>\n\t<meta property=\"og:image:width\" content=\"422\" \/>\n\t<meta property=\"og:image:height\" content=\"300\" \/>\n\t<meta property=\"og:image:type\" content=\"image\/jpeg\" \/>\n<meta name=\"author\" content=\"Agencija\" \/>\n<meta name=\"twitter:card\" content=\"summary_large_image\" \/>\n<meta name=\"twitter:label1\" content=\"Written by\" \/>\n\t<meta name=\"twitter:data1\" content=\"Agencija\" \/>\n\t<meta name=\"twitter:label2\" content=\"Est. reading time\" \/>\n\t<meta name=\"twitter:data2\" content=\"1 minuta\" \/>\n<script type=\"application\/ld+json\" class=\"yoast-schema-graph\">{\"@context\":\"https:\/\/schema.org\",\"@graph\":[{\"@type\":\"Article\",\"@id\":\"https:\/\/sandzakpress.net\/arhiva\/predstavnici-sest-turskih-fondacija-zijaretili-skolu-kurana-casnog\/#article\",\"isPartOf\":{\"@id\":\"https:\/\/sandzakpress.net\/arhiva\/predstavnici-sest-turskih-fondacija-zijaretili-skolu-kurana-casnog\/\"},\"author\":{\"name\":\"Agencija\",\"@id\":\"https:\/\/sandzakpress.net\/arhiva\/#\/schema\/person\/cb59d7e3ab91ab90dd680ad0305a6185\"},\"headline\":\"Predstavnici \u0161est turskih fondacija zijaretili \u0160kolu Kur'ana \u010casnog\",\"datePublished\":\"2016-01-12T19:43:19+00:00\",\"dateModified\":\"2016-01-12T22:12:16+00:00\",\"mainEntityOfPage\":{\"@id\":\"https:\/\/sandzakpress.net\/arhiva\/predstavnici-sest-turskih-fondacija-zijaretili-skolu-kurana-casnog\/\"},\"wordCount\":158,\"commentCount\":7,\"publisher\":{\"@id\":\"https:\/\/sandzakpress.net\/arhiva\/#\/schema\/person\/6e72b67d6e51910a1117b3b483ba20bd\"},\"image\":{\"@id\":\"https:\/\/sandzakpress.net\/arhiva\/predstavnici-sest-turskih-fondacija-zijaretili-skolu-kurana-casnog\/#primaryimage\"},\"thumbnailUrl\":\"https:\/\/sandzakpress.net\/arhiva\/wp-content\/uploads\/2016\/01\/DSC_3274-422x300.jpg\",\"articleSection\":[\"Novi Pazar\",\"Islamska zajednica\",\"NAJNOVIJE\",\"Turska\"],\"inLanguage\":\"bs-BA\",\"potentialAction\":[{\"@type\":\"CommentAction\",\"name\":\"Comment\",\"target\":[\"https:\/\/sandzakpress.net\/arhiva\/predstavnici-sest-turskih-fondacija-zijaretili-skolu-kurana-casnog\/#respond\"]}]},{\"@type\":\"WebPage\",\"@id\":\"https:\/\/sandzakpress.net\/arhiva\/predstavnici-sest-turskih-fondacija-zijaretili-skolu-kurana-casnog\/\",\"url\":\"https:\/\/sandzakpress.net\/arhiva\/predstavnici-sest-turskih-fondacija-zijaretili-skolu-kurana-casnog\/\",\"name\":\"Predstavnici \u0161est turskih fondacija zijaretili \u0160kolu Kur'ana \u010casnog\",\"isPartOf\":{\"@id\":\"https:\/\/sandzakpress.net\/arhiva\/#website\"},\"primaryImageOfPage\":{\"@id\":\"https:\/\/sandzakpress.net\/arhiva\/predstavnici-sest-turskih-fondacija-zijaretili-skolu-kurana-casnog\/#primaryimage\"},\"image\":{\"@id\":\"https:\/\/sandzakpress.net\/arhiva\/predstavnici-sest-turskih-fondacija-zijaretili-skolu-kurana-casnog\/#primaryimage\"},\"thumbnailUrl\":\"https:\/\/sandzakpress.net\/arhiva\/wp-content\/uploads\/2016\/01\/DSC_3274-422x300.jpg\",\"datePublished\":\"2016-01-12T19:43:19+00:00\",\"dateModified\":\"2016-01-12T22:12:16+00:00\",\"breadcrumb\":{\"@id\":\"https:\/\/sandzakpress.net\/arhiva\/predstavnici-sest-turskih-fondacija-zijaretili-skolu-kurana-casnog\/#breadcrumb\"},\"inLanguage\":\"bs-BA\",\"potentialAction\":[{\"@type\":\"ReadAction\",\"target\":[\"https:\/\/sandzakpress.net\/arhiva\/predstavnici-sest-turskih-fondacija-zijaretili-skolu-kurana-casnog\/\"]}]},{\"@type\":\"ImageObject\",\"inLanguage\":\"bs-BA\",\"@id\":\"https:\/\/sandzakpress.net\/arhiva\/predstavnici-sest-turskih-fondacija-zijaretili-skolu-kurana-casnog\/#primaryimage\",\"url\":\"https:\/\/sandzakpress.net\/arhiva\/wp-content\/uploads\/2016\/01\/DSC_3274-422x300.jpg\",\"contentUrl\":\"https:\/\/sandzakpress.net\/arhiva\/wp-content\/uploads\/2016\/01\/DSC_3274-422x300.jpg\",\"width\":422,\"height\":300},{\"@type\":\"BreadcrumbList\",\"@id\":\"https:\/\/sandzakpress.net\/arhiva\/predstavnici-sest-turskih-fondacija-zijaretili-skolu-kurana-casnog\/#breadcrumb\",\"itemListElement\":[{\"@type\":\"ListItem\",\"position\":1,\"name\":\"Home\",\"item\":\"https:\/\/sandzakpress.net\/arhiva\/\"},{\"@type\":\"ListItem\",\"position\":2,\"name\":\"Predstavnici \u0161est turskih fondacija zijaretili \u0160kolu Kur'ana \u010casnog\"}]},{\"@type\":\"WebSite\",\"@id\":\"https:\/\/sandzakpress.net\/arhiva\/#website\",\"url\":\"https:\/\/sandzakpress.net\/arhiva\/\",\"name\":\"Sand\u017eak PRESS\",\"description\":\"Prve elektronske novine u Sand\u017eaku\",\"publisher\":{\"@id\":\"https:\/\/sandzakpress.net\/arhiva\/#\/schema\/person\/6e72b67d6e51910a1117b3b483ba20bd\"},\"potentialAction\":[{\"@type\":\"SearchAction\",\"target\":{\"@type\":\"EntryPoint\",\"urlTemplate\":\"https:\/\/sandzakpress.net\/arhiva\/?s={search_term_string}\"},\"query-input\":{\"@type\":\"PropertyValueSpecification\",\"valueRequired\":true,\"valueName\":\"search_term_string\"}}],\"inLanguage\":\"bs-BA\"},{\"@type\":[\"Person\",\"Organization\"],\"@id\":\"https:\/\/sandzakpress.net\/arhiva\/#\/schema\/person\/6e72b67d6e51910a1117b3b483ba20bd\",\"name\":\"Kul\",\"image\":{\"@type\":\"ImageObject\",\"inLanguage\":\"bs-BA\",\"@id\":\"https:\/\/sandzakpress.net\/arhiva\/#\/schema\/person\/image\/\",\"url\":\"https:\/\/secure.gravatar.com\/avatar\/42263f39aa27ac04c43cab85c280eb2e?s=96&d=mm&r=pg\",\"contentUrl\":\"https:\/\/secure.gravatar.com\/avatar\/42263f39aa27ac04c43cab85c280eb2e?s=96&d=mm&r=pg\",\"caption\":\"Kul\"},\"logo\":{\"@id\":\"https:\/\/sandzakpress.net\/arhiva\/#\/schema\/person\/image\/\"}},{\"@type\":\"Person\",\"@id\":\"https:\/\/sandzakpress.net\/arhiva\/#\/schema\/person\/cb59d7e3ab91ab90dd680ad0305a6185\",\"name\":\"Agencija\",\"image\":{\"@type\":\"ImageObject\",\"inLanguage\":\"bs-BA\",\"@id\":\"https:\/\/sandzakpress.net\/arhiva\/#\/schema\/person\/image\/\",\"url\":\"https:\/\/secure.gravatar.com\/avatar\/4b7fafa80a22f0c2afe23966b3961fe0?s=96&d=mm&r=pg\",\"contentUrl\":\"https:\/\/secure.gravatar.com\/avatar\/4b7fafa80a22f0c2afe23966b3961fe0?s=96&d=mm&r=pg\",\"caption\":\"Agencija\"},\"url\":\"https:\/\/sandzakpress.net\/arhiva\/author\/agencija\/\"}]}<\/script>\n<!-- \/ Yoast SEO Premium plugin. -->","yoast_head_json":{"title":"Predstavnici \u0161est turskih fondacija zijaretili \u0160kolu Kur'ana \u010casnog","robots":{"index":"index","follow":"follow","max-snippet":"max-snippet:-1","max-image-preview":"max-image-preview:large","max-video-preview":"max-video-preview:-1"},"canonical":"https:\/\/sandzakpress.net\/arhiva\/predstavnici-sest-turskih-fondacija-zijaretili-skolu-kurana-casnog\/","og_locale":"bs_BA","og_type":"article","og_title":"Predstavnici \u0161est turskih fondacija zijaretili \u0160kolu Kur'ana \u010casnog","og_description":"Novi Pazar, Turska &#8211; Dana, 12.01.2016.godine, direktor \u0160kole Kur'ana \u010casnog \u00a0hafiz Irfan ef. Mali\u0107 primio je predstavnike \u0161est najpoznatijih turskih fondacija. Musafiri su uz doru\u010dak i prijatnu atmosferu bili upoznati sa dosada\u0161njim rezultatima i budu\u0107im planovima \u0160kole Kur'ana \u010casnog . Oni su izrazili svoje zadovoljstvo onim \u0161to su \u010duli i vidjeli, tom prilikom su obe\u0107ali [&hellip;]","og_url":"https:\/\/sandzakpress.net\/arhiva\/predstavnici-sest-turskih-fondacija-zijaretili-skolu-kurana-casnog\/","og_site_name":"Sand\u017eak PRESS","article_published_time":"2016-01-12T19:43:19+00:00","article_modified_time":"2016-01-12T22:12:16+00:00","og_image":[{"width":422,"height":300,"url":"https:\/\/sandzakpress.net\/arhiva\/wp-content\/uploads\/2016\/01\/DSC_3274-422x300.jpg","type":"image\/jpeg"}],"author":"Agencija","twitter_card":"summary_large_image","twitter_misc":{"Written by":"Agencija","Est. reading time":"1 minuta"},"schema":{"@context":"https:\/\/schema.org","@graph":[{"@type":"Article","@id":"https:\/\/sandzakpress.net\/arhiva\/predstavnici-sest-turskih-fondacija-zijaretili-skolu-kurana-casnog\/#article","isPartOf":{"@id":"https:\/\/sandzakpress.net\/arhiva\/predstavnici-sest-turskih-fondacija-zijaretili-skolu-kurana-casnog\/"},"author":{"name":"Agencija","@id":"https:\/\/sandzakpress.net\/arhiva\/#\/schema\/person\/cb59d7e3ab91ab90dd680ad0305a6185"},"headline":"Predstavnici \u0161est turskih fondacija zijaretili \u0160kolu Kur'ana \u010casnog","datePublished":"2016-01-12T19:43:19+00:00","dateModified":"2016-01-12T22:12:16+00:00","mainEntityOfPage":{"@id":"https:\/\/sandzakpress.net\/arhiva\/predstavnici-sest-turskih-fondacija-zijaretili-skolu-kurana-casnog\/"},"wordCount":158,"commentCount":7,"publisher":{"@id":"https:\/\/sandzakpress.net\/arhiva\/#\/schema\/person\/6e72b67d6e51910a1117b3b483ba20bd"},"image":{"@id":"https:\/\/sandzakpress.net\/arhiva\/predstavnici-sest-turskih-fondacija-zijaretili-skolu-kurana-casnog\/#primaryimage"},"thumbnailUrl":"https:\/\/sandzakpress.net\/arhiva\/wp-content\/uploads\/2016\/01\/DSC_3274-422x300.jpg","articleSection":["Novi Pazar","Islamska zajednica","NAJNOVIJE","Turska"],"inLanguage":"bs-BA","potentialAction":[{"@type":"CommentAction","name":"Comment","target":["https:\/\/sandzakpress.net\/arhiva\/predstavnici-sest-turskih-fondacija-zijaretili-skolu-kurana-casnog\/#respond"]}]},{"@type":"WebPage","@id":"https:\/\/sandzakpress.net\/arhiva\/predstavnici-sest-turskih-fondacija-zijaretili-skolu-kurana-casnog\/","url":"https:\/\/sandzakpress.net\/arhiva\/predstavnici-sest-turskih-fondacija-zijaretili-skolu-kurana-casnog\/","name":"Predstavnici \u0161est turskih fondacija zijaretili \u0160kolu Kur'ana \u010casnog","isPartOf":{"@id":"https:\/\/sandzakpress.net\/arhiva\/#website"},"primaryImageOfPage":{"@id":"https:\/\/sandzakpress.net\/arhiva\/predstavnici-sest-turskih-fondacija-zijaretili-skolu-kurana-casnog\/#primaryimage"},"image":{"@id":"https:\/\/sandzakpress.net\/arhiva\/predstavnici-sest-turskih-fondacija-zijaretili-skolu-kurana-casnog\/#primaryimage"},"thumbnailUrl":"https:\/\/sandzakpress.net\/arhiva\/wp-content\/uploads\/2016\/01\/DSC_3274-422x300.jpg","datePublished":"2016-01-12T19:43:19+00:00","dateModified":"2016-01-12T22:12:16+00:00","breadcrumb":{"@id":"https:\/\/sandzakpress.net\/arhiva\/predstavnici-sest-turskih-fondacija-zijaretili-skolu-kurana-casnog\/#breadcrumb"},"inLanguage":"bs-BA","potentialAction":[{"@type":"ReadAction","target":["https:\/\/sandzakpress.net\/arhiva\/predstavnici-sest-turskih-fondacija-zijaretili-skolu-kurana-casnog\/"]}]},{"@type":"ImageObject","inLanguage":"bs-BA","@id":"https:\/\/sandzakpress.net\/arhiva\/predstavnici-sest-turskih-fondacija-zijaretili-skolu-kurana-casnog\/#primaryimage","url":"https:\/\/sandzakpress.net\/arhiva\/wp-content\/uploads\/2016\/01\/DSC_3274-422x300.jpg","contentUrl":"https:\/\/sandzakpress.net\/arhiva\/wp-content\/uploads\/2016\/01\/DSC_3274-422x300.jpg","width":422,"height":300},{"@type":"BreadcrumbList","@id":"https:\/\/sandzakpress.net\/arhiva\/predstavnici-sest-turskih-fondacija-zijaretili-skolu-kurana-casnog\/#breadcrumb","itemListElement":[{"@type":"ListItem","position":1,"name":"Home","item":"https:\/\/sandzakpress.net\/arhiva\/"},{"@type":"ListItem","position":2,"name":"Predstavnici \u0161est turskih fondacija zijaretili \u0160kolu Kur'ana \u010casnog"}]},{"@type":"WebSite","@id":"https:\/\/sandzakpress.net\/arhiva\/#website","url":"https:\/\/sandzakpress.net\/arhiva\/","name":"Sand\u017eak PRESS","description":"Prve elektronske novine u Sand\u017eaku","publisher":{"@id":"https:\/\/sandzakpress.net\/arhiva\/#\/schema\/person\/6e72b67d6e51910a1117b3b483ba20bd"},"potentialAction":[{"@type":"SearchAction","target":{"@type":"EntryPoint","urlTemplate":"https:\/\/sandzakpress.net\/arhiva\/?s={search_term_string}"},"query-input":{"@type":"PropertyValueSpecification","valueRequired":true,"valueName":"search_term_string"}}],"inLanguage":"bs-BA"},{"@type":["Person","Organization"],"@id":"https:\/\/sandzakpress.net\/arhiva\/#\/schema\/person\/6e72b67d6e51910a1117b3b483ba20bd","name":"Kul","image":{"@type":"ImageObject","inLanguage":"bs-BA","@id":"https:\/\/sandzakpress.net\/arhiva\/#\/schema\/person\/image\/","url":"https:\/\/secure.gravatar.com\/avatar\/42263f39aa27ac04c43cab85c280eb2e?s=96&d=mm&r=pg","contentUrl":"https:\/\/secure.gravatar.com\/avatar\/42263f39aa27ac04c43cab85c280eb2e?s=96&d=mm&r=pg","caption":"Kul"},"logo":{"@id":"https:\/\/sandzakpress.net\/arhiva\/#\/schema\/person\/image\/"}},{"@type":"Person","@id":"https:\/\/sandzakpress.net\/arhiva\/#\/schema\/person\/cb59d7e3ab91ab90dd680ad0305a6185","name":"Agencija","image":{"@type":"ImageObject","inLanguage":"bs-BA","@id":"https:\/\/sandzakpress.net\/arhiva\/#\/schema\/person\/image\/","url":"https:\/\/secure.gravatar.com\/avatar\/4b7fafa80a22f0c2afe23966b3961fe0?s=96&d=mm&r=pg","contentUrl":"https:\/\/secure.gravatar.com\/avatar\/4b7fafa80a22f0c2afe23966b3961fe0?s=96&d=mm&r=pg","caption":"Agencija"},"url":"https:\/\/sandzakpress.net\/arhiva\/author\/agencija\/"}]}},"_links":{"self":[{"href":"https:\/\/sandzakpress.net\/arhiva\/wp-json\/wp\/v2\/posts\/152011"}],"collection":[{"href":"https:\/\/sandzakpress.net\/arhiva\/wp-json\/wp\/v2\/posts"}],"about":[{"href":"https:\/\/sandzakpress.net\/arhiva\/wp-json\/wp\/v2\/types\/post"}],"author":[{"embeddable":true,"href":"https:\/\/sandzakpress.net\/arhiva\/wp-json\/wp\/v2\/users\/509"}],"replies":[{"embeddable":true,"href":"https:\/\/sandzakpress.net\/arhiva\/wp-json\/wp\/v2\/comments?post=152011"}],"version-history":[{"count":0,"href":"https:\/\/sandzakpress.net\/arhiva\/wp-json\/wp\/v2\/posts\/152011\/revisions"}],"wp:featuredmedia":[{"embeddable":true,"href":"https:\/\/sandzakpress.net\/arhiva\/wp-json\/wp\/v2\/media\/152012"}],"wp:attachment":[{"href":"https:\/\/sandzakpress.net\/arhiva\/wp-json\/wp\/v2\/media?parent=152011"}],"wp:term":[{"taxonomy":"category","embeddable":true,"href":"https:\/\/sandzakpress.net\/arhiva\/wp-json\/wp\/v2\/categories?post=152011"},{"taxonomy":"post_tag","embeddable":true,"href":"https:\/\/sandzakpress.net\/arhiva\/wp-json\/wp\/v2\/tags?post=152011"}],"curies":[{"name":"wp","href":"https:\/\/api.w.org\/{rel}","templated":true}]}}