{"id":151795,"date":"2016-01-11T10:10:04","date_gmt":"2016-01-11T09:10:04","guid":{"rendered":"https:\/\/sandzakpress.net\/arhiva\/borovac-u-odbrani-lgbt-populacije-parada-ponosa-u-bih-je-zagarantovana-ustavom"},"modified":"2016-01-11T10:10:04","modified_gmt":"2016-01-11T09:10:04","slug":"borovac-u-odbrani-lgbt-populacije-parada-ponosa-u-bih-je-zagarantovana-ustavom","status":"publish","type":"post","link":"https:\/\/sandzakpress.net\/arhiva\/borovac-u-odbrani-lgbt-populacije-parada-ponosa-u-bih-je-zagarantovana-ustavom\/","title":{"rendered":"Borovac u odbrani LGBT populacije: Parada ponosa u BiH je zagarantovana Ustavom"},"content":{"rendered":"<p style=\"text-align: justify\"><strong><a href=\"http:\/\/bosnapress.net\/wp-content\/uploads\/2016\/01\/b_151228058.jpg\"><img loading=\"lazy\" decoding=\"async\" class=\"alignnone size-large wp-image-167617\" src=\"http:\/\/bosnapress.net\/wp-content\/uploads\/2016\/01\/b_151228058-616x327.jpg\" alt=\"b_151228058\" width=\"600\" height=\"319\" \/><\/a>Sarajevo \u2013 Pripadnici LGBT zajednice trebaju imati prava kao i svi ostali gra\u0111ani Bosne i Hercegovine, kazala je u razgovoru za Klix.ba ministrica za ljudska prava i izbjeglice Semiha Borovac. S ministricom Borovac razgovarali smo o pravima i ugro\u017eenosti LBGT populacije u BiH, ali i Paradi ponosa u na\u0161oj dr\u017eavi.<\/strong><\/p>\n<p style=\"text-align: justify\"><b>\u0160ta konkretno planirate uraditi na pobolja\u0161avanju prava LGBT populacije<\/b><\/p>\n<p>Ustavima u BiH i me\u0111unarodnim dokumentima kojih je BiH potpisnica utvr\u0111ena je zabrana diskriminacije, a dono\u0161enjem Zakona o zabrani diskriminacije i Zakona o ravnopravnosti spolova u BiH, definisani su i njeni oblici, utvr\u0111ena zabrana diskriminacije u svim podru\u010djima \u017eivota i mehanizmi za za\u0161titu od diskriminacije. Ministarstvo za ljudska prava i izbjeglice BiH zavr\u0161ilo je Izmjene i dopune Zakona o zabrani diskriminacije u kojem stoji da je zabranjena diskriminacija na osnovu seksualne orijentacije, rodnog identiteta i spolnih karakteristika. Ove odredbe \u0161tite od diskriminacije homoseksualce, lezbejke, biseksualce, transrodne osobe ali i interspolne osobe u Bosni i Hercegovini. Izmjene i dopune Zakona usvojene su na sjednici Vije\u0107a ministara odr\u017eanoj 23. decembra 2015. godine i upu\u0107en je na usvajanje Parlamentarnoj skup\u0161tini Bosne i Hercegovine.<\/p>\n<p><b>Koliko je ova populacija ugro\u017eena u BiH?<\/b><\/p>\n<p>U BiH nema zvani\u010dnih statisti\u010dkih podataka o diskriminaciji na osnovu seksualne orijentacije i rodnog identiteta. Zakonom o zabrani diskriminacije BiH uspostavljen je okvir za ostvarivanje istih prava i mogu\u0107nosti svim osobama u BiH, ali dr\u017eavne strukture za za\u0161titu ljudskih prava i promociju jednakosti nisu zaprimile pritu\u017ebe na diskriminaciju po osnovu seksualne orijentacije, odnosno rodnog identiteta.<\/p>\n<p>U Agenciji za ravnopravnost spolova koja provodi ispitivanje kr\u0161enja odredbi Zakona o ravnopravnosti spolova u BiH na zahtjev pojedinaca, grupa gra\u0111ana ili na vlastitu inicijativu, nema zaprimljenih predmeta koji se odnose na diskriminaciju osoba na osnovu seksualne orijentacije. U okviru Ministarstva za ljudska prava i izbjeglice BiH tako\u0111er nema zaprimljenih predmeta koji se odnose na diskriminaciju osoba na osnovu seksualne orijentacije.<\/p>\n<p><b>Kakav je Va\u0161 stav, trebaju li pripadnici LGBT populacije imati prava kao i svi ostali gra\u0111ani BiH?<\/b><\/p>\n<p>Da. U BiH je diskriminacija na osnovu seksualne orijentacije i rodnog identiteta zabranjena. Diskriminacijom u Zakonu o zabrani diskriminacije smatra se svako razli\u010dito postupanje, uklju\u010duju\u0107i svako isklju\u010divanje, ograni\u010davanje ili davanje prednosti utemeljeno na stvarnim ili pretpostavljenim osnovama prema bilo kojoj osobi ili grupi osoba na temelju seksualne orijentacije, rodnog identiteta i spolnih karakteristika, kao i svaka druga okolnost koja ima za svrhu ili posljedicu da bilo kojoj osobi onemogu\u0107i ili ugro\u017eava priznavanje, u\u017eivanje ili ostvarivanje na ravnopravnoj osnovi, prava i sloboda u svim podru\u010djima javnog \u017eivota.<\/p>\n<p>Zakon propisuje da svaka osoba koja smatra da je diskriminirana mo\u017ee tra\u017eiti za\u0161titu svojih prava u sudskim i upravnim postupcima. U svom normativnom dijelu, u \u010dlanu 2. Ustava BiH navodi se op\u0107i princip nediskriminacije koji podrazumijeva osiguranje u\u017eivanja prava navedenih u tekstu bez obzira na spol, rasu, jezik, vjeru, politi\u010dko i drugo mi\u0161ljenje, nacionalno ili socijalno porijeklo, povezanost s nacionalnom manjinom, imovinom, ro\u0111enjem ili drugim statusom. U\u017eivanje prava osigurano je na cijeloj teritoriji dr\u017eave, a sve vlade, administrativni organi i sudovi u BiH du\u017eni su primjenjivati standarde o za\u0161titi ljudskih prava.<\/p>\n<p>Parlamentarna skup\u0161tina BiH je 2003. donijela Zakon o ravnopravnosti spolova koji je prvi zakonski akt koji direktno navodi zabranu diskriminacije na osnovu seksualne orijentacije i indirektno za rodni identitet. Diskriminacija se zabranjuje i u javnoj i u privatnoj sferi. Radi pra\u0107enja primjene ovog zakona formirana je Agencija za ravnopravnost spolova BiH.<\/p>\n<p><b>Da li biste, li\u010dno, podr\u017eali Paradu ponosa u BiH? <\/b><\/p>\n<p>Sloboda okupljanja zagarantirana je Ustavom BiH i nije pitanje bilo \u010dije li\u010dne podr\u0161ke.<\/p>\n<p style=\"text-align: justify\">(Klix)<\/p>\n<p>Pogledajte vijest na izvornom sajtu:<\/p>\n<p><a href=\"http:\/\/bosnapress.net\/borovac-u-odbrani-lgbt-populacije-parada-ponosa-u-bih-je-zagarantovana-ustavom\/\" target=\"_blank\">Borovac u odbrani LGBT populacije: Parada ponosa u BiH je zagarantovana Ustavom<\/a><\/p>\n","protected":false},"excerpt":{"rendered":"<p>Sarajevo \u2013 Pripadnici LGBT zajednice trebaju imati prava kao i svi ostali gra\u0111ani Bosne i Hercegovine, kazala je u razgovoru za Klix.ba ministrica za ljudska prava i izbjeglice Semiha Borovac. S ministricom Borovac razgovarali smo o pravima i ugro\u017eenosti LBGT populacije u BiH, ali i Paradi ponosa u na\u0161oj dr\u017eavi. \u0160ta konkretno planirate uraditi na [&hellip;]<\/p>\n","protected":false},"author":83,"featured_media":151797,"comment_status":"open","ping_status":"open","sticky":false,"template":"","format":"standard","meta":{"footnotes":""},"categories":[10513],"tags":[10466],"class_list":{"0":"post-151795","1":"post","2":"type-post","3":"status-publish","4":"format-standard","5":"has-post-thumbnail","7":"category-bosna-press","8":"tag-bosna-i-hercegovina"},"yoast_head":"<!-- This site is optimized with the Yoast SEO Premium plugin v23.1 (Yoast SEO v24.9) - https:\/\/yoast.com\/wordpress\/plugins\/seo\/ -->\n<title>Borovac u odbrani LGBT populacije: Parada ponosa u BiH je zagarantovana Ustavom<\/title>\n<meta name=\"robots\" content=\"index, follow, max-snippet:-1, max-image-preview:large, max-video-preview:-1\" \/>\n<link rel=\"canonical\" href=\"https:\/\/sandzakpress.net\/arhiva\/borovac-u-odbrani-lgbt-populacije-parada-ponosa-u-bih-je-zagarantovana-ustavom\/\" \/>\n<meta property=\"og:locale\" content=\"bs_BA\" \/>\n<meta property=\"og:type\" content=\"article\" \/>\n<meta property=\"og:title\" content=\"Borovac u odbrani LGBT populacije: Parada ponosa u BiH je zagarantovana Ustavom\" \/>\n<meta property=\"og:description\" content=\"Sarajevo \u2013 Pripadnici LGBT zajednice trebaju imati prava kao i svi ostali gra\u0111ani Bosne i Hercegovine, kazala je u razgovoru za Klix.ba ministrica za ljudska prava i izbjeglice Semiha Borovac. S ministricom Borovac razgovarali smo o pravima i ugro\u017eenosti LBGT populacije u BiH, ali i Paradi ponosa u na\u0161oj dr\u017eavi. \u0160ta konkretno planirate uraditi na [&hellip;]\" \/>\n<meta property=\"og:url\" content=\"https:\/\/sandzakpress.net\/arhiva\/borovac-u-odbrani-lgbt-populacije-parada-ponosa-u-bih-je-zagarantovana-ustavom\/\" \/>\n<meta property=\"og:site_name\" content=\"Sand\u017eak PRESS\" \/>\n<meta property=\"article:published_time\" content=\"2016-01-11T09:10:04+00:00\" \/>\n<meta property=\"og:image\" content=\"https:\/\/sandzakpress.net\/arhiva\/wp-content\/uploads\/2016\/01\/b_151228058-616x327-1.jpg\" \/>\n\t<meta property=\"og:image:width\" content=\"616\" \/>\n\t<meta property=\"og:image:height\" content=\"327\" \/>\n\t<meta property=\"og:image:type\" content=\"image\/jpeg\" \/>\n<meta name=\"author\" content=\"bosniak\" \/>\n<meta name=\"twitter:card\" content=\"summary_large_image\" \/>\n<meta name=\"twitter:label1\" content=\"Written by\" \/>\n\t<meta name=\"twitter:data1\" content=\"bosniak\" \/>\n\t<meta name=\"twitter:label2\" content=\"Est. reading time\" \/>\n\t<meta name=\"twitter:data2\" content=\"3 minute\" \/>\n<script type=\"application\/ld+json\" class=\"yoast-schema-graph\">{\"@context\":\"https:\/\/schema.org\",\"@graph\":[{\"@type\":\"Article\",\"@id\":\"https:\/\/sandzakpress.net\/arhiva\/borovac-u-odbrani-lgbt-populacije-parada-ponosa-u-bih-je-zagarantovana-ustavom\/#article\",\"isPartOf\":{\"@id\":\"https:\/\/sandzakpress.net\/arhiva\/borovac-u-odbrani-lgbt-populacije-parada-ponosa-u-bih-je-zagarantovana-ustavom\/\"},\"author\":{\"name\":\"bosniak\",\"@id\":\"https:\/\/sandzakpress.net\/arhiva\/#\/schema\/person\/c8baee722073534b583ea7bdb2e36c02\"},\"headline\":\"Borovac u odbrani LGBT populacije: Parada ponosa u BiH je zagarantovana Ustavom\",\"datePublished\":\"2016-01-11T09:10:04+00:00\",\"mainEntityOfPage\":{\"@id\":\"https:\/\/sandzakpress.net\/arhiva\/borovac-u-odbrani-lgbt-populacije-parada-ponosa-u-bih-je-zagarantovana-ustavom\/\"},\"wordCount\":649,\"commentCount\":0,\"publisher\":{\"@id\":\"https:\/\/sandzakpress.net\/arhiva\/#\/schema\/person\/6e72b67d6e51910a1117b3b483ba20bd\"},\"image\":{\"@id\":\"https:\/\/sandzakpress.net\/arhiva\/borovac-u-odbrani-lgbt-populacije-parada-ponosa-u-bih-je-zagarantovana-ustavom\/#primaryimage\"},\"thumbnailUrl\":\"https:\/\/sandzakpress.net\/arhiva\/wp-content\/uploads\/2016\/01\/b_151228058-616x327-1.jpg\",\"keywords\":[\"Bosna i Hercegovina\"],\"articleSection\":[\"Bosna PRESS\"],\"inLanguage\":\"bs-BA\",\"potentialAction\":[{\"@type\":\"CommentAction\",\"name\":\"Comment\",\"target\":[\"https:\/\/sandzakpress.net\/arhiva\/borovac-u-odbrani-lgbt-populacije-parada-ponosa-u-bih-je-zagarantovana-ustavom\/#respond\"]}]},{\"@type\":\"WebPage\",\"@id\":\"https:\/\/sandzakpress.net\/arhiva\/borovac-u-odbrani-lgbt-populacije-parada-ponosa-u-bih-je-zagarantovana-ustavom\/\",\"url\":\"https:\/\/sandzakpress.net\/arhiva\/borovac-u-odbrani-lgbt-populacije-parada-ponosa-u-bih-je-zagarantovana-ustavom\/\",\"name\":\"Borovac u odbrani LGBT populacije: Parada ponosa u BiH je zagarantovana Ustavom\",\"isPartOf\":{\"@id\":\"https:\/\/sandzakpress.net\/arhiva\/#website\"},\"primaryImageOfPage\":{\"@id\":\"https:\/\/sandzakpress.net\/arhiva\/borovac-u-odbrani-lgbt-populacije-parada-ponosa-u-bih-je-zagarantovana-ustavom\/#primaryimage\"},\"image\":{\"@id\":\"https:\/\/sandzakpress.net\/arhiva\/borovac-u-odbrani-lgbt-populacije-parada-ponosa-u-bih-je-zagarantovana-ustavom\/#primaryimage\"},\"thumbnailUrl\":\"https:\/\/sandzakpress.net\/arhiva\/wp-content\/uploads\/2016\/01\/b_151228058-616x327-1.jpg\",\"datePublished\":\"2016-01-11T09:10:04+00:00\",\"breadcrumb\":{\"@id\":\"https:\/\/sandzakpress.net\/arhiva\/borovac-u-odbrani-lgbt-populacije-parada-ponosa-u-bih-je-zagarantovana-ustavom\/#breadcrumb\"},\"inLanguage\":\"bs-BA\",\"potentialAction\":[{\"@type\":\"ReadAction\",\"target\":[\"https:\/\/sandzakpress.net\/arhiva\/borovac-u-odbrani-lgbt-populacije-parada-ponosa-u-bih-je-zagarantovana-ustavom\/\"]}]},{\"@type\":\"ImageObject\",\"inLanguage\":\"bs-BA\",\"@id\":\"https:\/\/sandzakpress.net\/arhiva\/borovac-u-odbrani-lgbt-populacije-parada-ponosa-u-bih-je-zagarantovana-ustavom\/#primaryimage\",\"url\":\"https:\/\/sandzakpress.net\/arhiva\/wp-content\/uploads\/2016\/01\/b_151228058-616x327-1.jpg\",\"contentUrl\":\"https:\/\/sandzakpress.net\/arhiva\/wp-content\/uploads\/2016\/01\/b_151228058-616x327-1.jpg\",\"width\":616,\"height\":327},{\"@type\":\"BreadcrumbList\",\"@id\":\"https:\/\/sandzakpress.net\/arhiva\/borovac-u-odbrani-lgbt-populacije-parada-ponosa-u-bih-je-zagarantovana-ustavom\/#breadcrumb\",\"itemListElement\":[{\"@type\":\"ListItem\",\"position\":1,\"name\":\"Home\",\"item\":\"https:\/\/sandzakpress.net\/arhiva\/\"},{\"@type\":\"ListItem\",\"position\":2,\"name\":\"Borovac u odbrani LGBT populacije: Parada ponosa u BiH je zagarantovana Ustavom\"}]},{\"@type\":\"WebSite\",\"@id\":\"https:\/\/sandzakpress.net\/arhiva\/#website\",\"url\":\"https:\/\/sandzakpress.net\/arhiva\/\",\"name\":\"Sand\u017eak PRESS\",\"description\":\"Prve elektronske novine u Sand\u017eaku\",\"publisher\":{\"@id\":\"https:\/\/sandzakpress.net\/arhiva\/#\/schema\/person\/6e72b67d6e51910a1117b3b483ba20bd\"},\"potentialAction\":[{\"@type\":\"SearchAction\",\"target\":{\"@type\":\"EntryPoint\",\"urlTemplate\":\"https:\/\/sandzakpress.net\/arhiva\/?s={search_term_string}\"},\"query-input\":{\"@type\":\"PropertyValueSpecification\",\"valueRequired\":true,\"valueName\":\"search_term_string\"}}],\"inLanguage\":\"bs-BA\"},{\"@type\":[\"Person\",\"Organization\"],\"@id\":\"https:\/\/sandzakpress.net\/arhiva\/#\/schema\/person\/6e72b67d6e51910a1117b3b483ba20bd\",\"name\":\"Kul\",\"image\":{\"@type\":\"ImageObject\",\"inLanguage\":\"bs-BA\",\"@id\":\"https:\/\/sandzakpress.net\/arhiva\/#\/schema\/person\/image\/\",\"url\":\"https:\/\/secure.gravatar.com\/avatar\/42263f39aa27ac04c43cab85c280eb2e?s=96&d=mm&r=pg\",\"contentUrl\":\"https:\/\/secure.gravatar.com\/avatar\/42263f39aa27ac04c43cab85c280eb2e?s=96&d=mm&r=pg\",\"caption\":\"Kul\"},\"logo\":{\"@id\":\"https:\/\/sandzakpress.net\/arhiva\/#\/schema\/person\/image\/\"}},{\"@type\":\"Person\",\"@id\":\"https:\/\/sandzakpress.net\/arhiva\/#\/schema\/person\/c8baee722073534b583ea7bdb2e36c02\",\"name\":\"bosniak\",\"image\":{\"@type\":\"ImageObject\",\"inLanguage\":\"bs-BA\",\"@id\":\"https:\/\/sandzakpress.net\/arhiva\/#\/schema\/person\/image\/\",\"url\":\"https:\/\/secure.gravatar.com\/avatar\/a04fd330bfe3a36a72a0ad4a6d89fca7?s=96&d=mm&r=pg\",\"contentUrl\":\"https:\/\/secure.gravatar.com\/avatar\/a04fd330bfe3a36a72a0ad4a6d89fca7?s=96&d=mm&r=pg\",\"caption\":\"bosniak\"},\"url\":\"https:\/\/sandzakpress.net\/arhiva\/author\/bosniak\/\"}]}<\/script>\n<!-- \/ Yoast SEO Premium plugin. -->","yoast_head_json":{"title":"Borovac u odbrani LGBT populacije: Parada ponosa u BiH je zagarantovana Ustavom","robots":{"index":"index","follow":"follow","max-snippet":"max-snippet:-1","max-image-preview":"max-image-preview:large","max-video-preview":"max-video-preview:-1"},"canonical":"https:\/\/sandzakpress.net\/arhiva\/borovac-u-odbrani-lgbt-populacije-parada-ponosa-u-bih-je-zagarantovana-ustavom\/","og_locale":"bs_BA","og_type":"article","og_title":"Borovac u odbrani LGBT populacije: Parada ponosa u BiH je zagarantovana Ustavom","og_description":"Sarajevo \u2013 Pripadnici LGBT zajednice trebaju imati prava kao i svi ostali gra\u0111ani Bosne i Hercegovine, kazala je u razgovoru za Klix.ba ministrica za ljudska prava i izbjeglice Semiha Borovac. S ministricom Borovac razgovarali smo o pravima i ugro\u017eenosti LBGT populacije u BiH, ali i Paradi ponosa u na\u0161oj dr\u017eavi. \u0160ta konkretno planirate uraditi na [&hellip;]","og_url":"https:\/\/sandzakpress.net\/arhiva\/borovac-u-odbrani-lgbt-populacije-parada-ponosa-u-bih-je-zagarantovana-ustavom\/","og_site_name":"Sand\u017eak PRESS","article_published_time":"2016-01-11T09:10:04+00:00","og_image":[{"width":616,"height":327,"url":"https:\/\/sandzakpress.net\/arhiva\/wp-content\/uploads\/2016\/01\/b_151228058-616x327-1.jpg","type":"image\/jpeg"}],"author":"bosniak","twitter_card":"summary_large_image","twitter_misc":{"Written by":"bosniak","Est. reading time":"3 minute"},"schema":{"@context":"https:\/\/schema.org","@graph":[{"@type":"Article","@id":"https:\/\/sandzakpress.net\/arhiva\/borovac-u-odbrani-lgbt-populacije-parada-ponosa-u-bih-je-zagarantovana-ustavom\/#article","isPartOf":{"@id":"https:\/\/sandzakpress.net\/arhiva\/borovac-u-odbrani-lgbt-populacije-parada-ponosa-u-bih-je-zagarantovana-ustavom\/"},"author":{"name":"bosniak","@id":"https:\/\/sandzakpress.net\/arhiva\/#\/schema\/person\/c8baee722073534b583ea7bdb2e36c02"},"headline":"Borovac u odbrani LGBT populacije: Parada ponosa u BiH je zagarantovana Ustavom","datePublished":"2016-01-11T09:10:04+00:00","mainEntityOfPage":{"@id":"https:\/\/sandzakpress.net\/arhiva\/borovac-u-odbrani-lgbt-populacije-parada-ponosa-u-bih-je-zagarantovana-ustavom\/"},"wordCount":649,"commentCount":0,"publisher":{"@id":"https:\/\/sandzakpress.net\/arhiva\/#\/schema\/person\/6e72b67d6e51910a1117b3b483ba20bd"},"image":{"@id":"https:\/\/sandzakpress.net\/arhiva\/borovac-u-odbrani-lgbt-populacije-parada-ponosa-u-bih-je-zagarantovana-ustavom\/#primaryimage"},"thumbnailUrl":"https:\/\/sandzakpress.net\/arhiva\/wp-content\/uploads\/2016\/01\/b_151228058-616x327-1.jpg","keywords":["Bosna i Hercegovina"],"articleSection":["Bosna PRESS"],"inLanguage":"bs-BA","potentialAction":[{"@type":"CommentAction","name":"Comment","target":["https:\/\/sandzakpress.net\/arhiva\/borovac-u-odbrani-lgbt-populacije-parada-ponosa-u-bih-je-zagarantovana-ustavom\/#respond"]}]},{"@type":"WebPage","@id":"https:\/\/sandzakpress.net\/arhiva\/borovac-u-odbrani-lgbt-populacije-parada-ponosa-u-bih-je-zagarantovana-ustavom\/","url":"https:\/\/sandzakpress.net\/arhiva\/borovac-u-odbrani-lgbt-populacije-parada-ponosa-u-bih-je-zagarantovana-ustavom\/","name":"Borovac u odbrani LGBT populacije: Parada ponosa u BiH je zagarantovana Ustavom","isPartOf":{"@id":"https:\/\/sandzakpress.net\/arhiva\/#website"},"primaryImageOfPage":{"@id":"https:\/\/sandzakpress.net\/arhiva\/borovac-u-odbrani-lgbt-populacije-parada-ponosa-u-bih-je-zagarantovana-ustavom\/#primaryimage"},"image":{"@id":"https:\/\/sandzakpress.net\/arhiva\/borovac-u-odbrani-lgbt-populacije-parada-ponosa-u-bih-je-zagarantovana-ustavom\/#primaryimage"},"thumbnailUrl":"https:\/\/sandzakpress.net\/arhiva\/wp-content\/uploads\/2016\/01\/b_151228058-616x327-1.jpg","datePublished":"2016-01-11T09:10:04+00:00","breadcrumb":{"@id":"https:\/\/sandzakpress.net\/arhiva\/borovac-u-odbrani-lgbt-populacije-parada-ponosa-u-bih-je-zagarantovana-ustavom\/#breadcrumb"},"inLanguage":"bs-BA","potentialAction":[{"@type":"ReadAction","target":["https:\/\/sandzakpress.net\/arhiva\/borovac-u-odbrani-lgbt-populacije-parada-ponosa-u-bih-je-zagarantovana-ustavom\/"]}]},{"@type":"ImageObject","inLanguage":"bs-BA","@id":"https:\/\/sandzakpress.net\/arhiva\/borovac-u-odbrani-lgbt-populacije-parada-ponosa-u-bih-je-zagarantovana-ustavom\/#primaryimage","url":"https:\/\/sandzakpress.net\/arhiva\/wp-content\/uploads\/2016\/01\/b_151228058-616x327-1.jpg","contentUrl":"https:\/\/sandzakpress.net\/arhiva\/wp-content\/uploads\/2016\/01\/b_151228058-616x327-1.jpg","width":616,"height":327},{"@type":"BreadcrumbList","@id":"https:\/\/sandzakpress.net\/arhiva\/borovac-u-odbrani-lgbt-populacije-parada-ponosa-u-bih-je-zagarantovana-ustavom\/#breadcrumb","itemListElement":[{"@type":"ListItem","position":1,"name":"Home","item":"https:\/\/sandzakpress.net\/arhiva\/"},{"@type":"ListItem","position":2,"name":"Borovac u odbrani LGBT populacije: Parada ponosa u BiH je zagarantovana Ustavom"}]},{"@type":"WebSite","@id":"https:\/\/sandzakpress.net\/arhiva\/#website","url":"https:\/\/sandzakpress.net\/arhiva\/","name":"Sand\u017eak PRESS","description":"Prve elektronske novine u Sand\u017eaku","publisher":{"@id":"https:\/\/sandzakpress.net\/arhiva\/#\/schema\/person\/6e72b67d6e51910a1117b3b483ba20bd"},"potentialAction":[{"@type":"SearchAction","target":{"@type":"EntryPoint","urlTemplate":"https:\/\/sandzakpress.net\/arhiva\/?s={search_term_string}"},"query-input":{"@type":"PropertyValueSpecification","valueRequired":true,"valueName":"search_term_string"}}],"inLanguage":"bs-BA"},{"@type":["Person","Organization"],"@id":"https:\/\/sandzakpress.net\/arhiva\/#\/schema\/person\/6e72b67d6e51910a1117b3b483ba20bd","name":"Kul","image":{"@type":"ImageObject","inLanguage":"bs-BA","@id":"https:\/\/sandzakpress.net\/arhiva\/#\/schema\/person\/image\/","url":"https:\/\/secure.gravatar.com\/avatar\/42263f39aa27ac04c43cab85c280eb2e?s=96&d=mm&r=pg","contentUrl":"https:\/\/secure.gravatar.com\/avatar\/42263f39aa27ac04c43cab85c280eb2e?s=96&d=mm&r=pg","caption":"Kul"},"logo":{"@id":"https:\/\/sandzakpress.net\/arhiva\/#\/schema\/person\/image\/"}},{"@type":"Person","@id":"https:\/\/sandzakpress.net\/arhiva\/#\/schema\/person\/c8baee722073534b583ea7bdb2e36c02","name":"bosniak","image":{"@type":"ImageObject","inLanguage":"bs-BA","@id":"https:\/\/sandzakpress.net\/arhiva\/#\/schema\/person\/image\/","url":"https:\/\/secure.gravatar.com\/avatar\/a04fd330bfe3a36a72a0ad4a6d89fca7?s=96&d=mm&r=pg","contentUrl":"https:\/\/secure.gravatar.com\/avatar\/a04fd330bfe3a36a72a0ad4a6d89fca7?s=96&d=mm&r=pg","caption":"bosniak"},"url":"https:\/\/sandzakpress.net\/arhiva\/author\/bosniak\/"}]}},"_links":{"self":[{"href":"https:\/\/sandzakpress.net\/arhiva\/wp-json\/wp\/v2\/posts\/151795"}],"collection":[{"href":"https:\/\/sandzakpress.net\/arhiva\/wp-json\/wp\/v2\/posts"}],"about":[{"href":"https:\/\/sandzakpress.net\/arhiva\/wp-json\/wp\/v2\/types\/post"}],"author":[{"embeddable":true,"href":"https:\/\/sandzakpress.net\/arhiva\/wp-json\/wp\/v2\/users\/83"}],"replies":[{"embeddable":true,"href":"https:\/\/sandzakpress.net\/arhiva\/wp-json\/wp\/v2\/comments?post=151795"}],"version-history":[{"count":0,"href":"https:\/\/sandzakpress.net\/arhiva\/wp-json\/wp\/v2\/posts\/151795\/revisions"}],"wp:featuredmedia":[{"embeddable":true,"href":"https:\/\/sandzakpress.net\/arhiva\/wp-json\/wp\/v2\/media\/151797"}],"wp:attachment":[{"href":"https:\/\/sandzakpress.net\/arhiva\/wp-json\/wp\/v2\/media?parent=151795"}],"wp:term":[{"taxonomy":"category","embeddable":true,"href":"https:\/\/sandzakpress.net\/arhiva\/wp-json\/wp\/v2\/categories?post=151795"},{"taxonomy":"post_tag","embeddable":true,"href":"https:\/\/sandzakpress.net\/arhiva\/wp-json\/wp\/v2\/tags?post=151795"}],"curies":[{"name":"wp","href":"https:\/\/api.w.org\/{rel}","templated":true}]}}