{"id":151522,"date":"2016-01-08T15:41:10","date_gmt":"2016-01-08T14:41:10","guid":{"rendered":"https:\/\/sandzakpress.net\/arhiva\/?p=151522"},"modified":"2016-01-08T15:41:10","modified_gmt":"2016-01-08T14:41:10","slug":"srbija-proslu-godinu-zavrsila-sa-najnizom-prosjecnom-placom-u-regiji","status":"publish","type":"post","link":"https:\/\/sandzakpress.net\/arhiva\/srbija-proslu-godinu-zavrsila-sa-najnizom-prosjecnom-placom-u-regiji\/","title":{"rendered":"Srbija pro\u0161lu godinu zavr\u0161ila sa najni\u017eom prosje\u010dnom pla\u0107om u regiji"},"content":{"rendered":"<p><img decoding=\"async\" src=\"http:\/\/cdn.trt.net.tr\/images\/large\/rectangle\/bosna\/haberler\/detay\/parlamentarci-u-bih-najbolje-placeni-u-regionu-odnosu-na-svoje-gradane_trt-bosanski-21852.jpg\" alt=\"\" \/><\/p>\n<p><strong>Balkan &#8211; Republika Slovenija do\u010dekala je kraj pro\u0161le godine sa najve\u0107om prosje\u0107nom pla\u0107om na prostoru biv\u0161e Jugoslavije koja je iznosila 1.004,34 eura, dok je najmanja ispla\u0107na prosje\u010dna pla\u0107a iako je najvi\u0161e rasla lani ona u Republici Srbiji i iznosi svega 361,25 eura pokazuje analiza Anadolu Agency (AA).<\/strong><\/p>\n<p>Prosje\u0107na pla\u0107a u Republici Hrvatskoj prema posljednjim statisti\u010dkim podacima za novembar 2015. godine iznosila je 747,90 eura, Crnoj Gori 482 eura, a Bosni i Hercegovini 422,33 eura i Republici Makedoniji 365,17 eura. Prosje\u010dna pla\u0107a za BiH i Makedoniju utvr\u0111ena je prema posljednjim statisti\u010dkim podacima objavljenim za oktobar 2015. godine.<\/p>\n<p>Prosje\u010dna pla\u0107a u Republici Sloveniji ponovno se nakon vi\u0161e mjeseci vratila iznad magi\u010dne cifre od 1.000 eura i \u010dak je prema posljednjim statisti\u010dkim podacima evidentiranim za oktobar 2015. bila za 1,49 eura ve\u0107a nego u januaru pro\u0161le godine. Prosje\u010dna pla\u0107a u Sloveniji u januarau 2015. iznosila je 1.002,85 eura. Primjerice prosje\u010dna pla\u0107a u Sloveniji u augustu je iznosila 995,85 eura.<\/p>\n<p>Prosje\u010dna pla\u0107a u Republici Hrvatskoj prema posljednjim podacima ve\u0107a je za 5,44 eura nego je bila na po\u010detku godine, odnosno u januaru 2015. godine. Prosje\u010dna pla\u0107a u novembru 2015. iznosila je 5.720 hrvatskih kuna (747,90 eura) u odnosu na januarsku koja je u protuvrijednosti iznosila 742,46 eura.<\/p>\n<p>Interesantno je da je prosje\u010dna pla\u0107a u Crnoj Gori uspjela da se vrati na onu s po\u010detka godine i iznosila je 482 eura, dok je u ranijim mjesecima bila za nekoliko eura ni\u017ea i kretala se izme\u0111u 477 i 478 eura.<\/p>\n<p>Zanimljivo je tako\u0111er, da je jedino u Bosni i Hercegovini na prostoru biv\u0161e Jugoslavije prosje\u0107na pla\u0107a prema posljednjim statisti\u010dkim podacima u 2015. godini manja za 1,02 eura nego na po\u010detku godine.<\/p>\n<p>Naime, prosje\u010dna pla\u0107a u BiH u oktobru 2015. iznosila je 826 konvertibilnih maraka (422,33 eura) dok je u januaru iznosila u protuvrijednosti 423,35 eura.<\/p>\n<p>Prosje\u010dna pla\u0107a u Republici Makedoniji za posljednji statisti\u010dki pregled u 2015. godini iz oktobra bila je za 7,35 eura ve\u0107a nego na po\u010detku godine. Tako je prosje\u010dna pla\u0107a u Republici Makedoniji u oktobru bila 22.213 makedonskih denara (365,17 eura) za razliku od januarske koja je u protuvrijednosti iznosila 357,82 eura.<\/p>\n<p>Republika Srbija je na posljednjem mjestu u regiji sa prosje\u0107nom pla\u0107om koja je u novembru 2015. iznosila 44.166 srbijanskih dinara (361,25 eura). Srbiji nije pomoglo ni \u0161to je u toku 2015. godine prosje\u0107na pla\u0107a narasla za \u010dak 34,77 eura jer je janurska prosje\u010dna pla\u0107a u protuvrijednosti bila svega 326,42 eura.<\/p>\n<p>(Trt)<\/p>\n","protected":false},"excerpt":{"rendered":"<p>Balkan &#8211; Republika Slovenija do\u010dekala je kraj pro\u0161le godine sa najve\u0107om prosje\u0107nom pla\u0107om na prostoru biv\u0161e Jugoslavije koja je iznosila 1.004,34 eura, dok je najmanja ispla\u0107na prosje\u010dna pla\u0107a iako je najvi\u0161e rasla lani ona u Republici Srbiji i iznosi svega 361,25 eura pokazuje analiza Anadolu Agency (AA). Prosje\u0107na pla\u0107a u Republici Hrvatskoj prema posljednjim statisti\u010dkim [&hellip;]<\/p>\n","protected":false},"author":83,"featured_media":151531,"comment_status":"open","ping_status":"open","sticky":false,"template":"","format":"standard","meta":{"footnotes":""},"categories":[2860,10307,3,10308,2691,10306,10305,10429],"tags":[],"class_list":{"0":"post-151522","1":"post","2":"type-post","3":"status-publish","4":"format-standard","5":"has-post-thumbnail","7":"category-bosna-i-hercegovina-gradovi","8":"category-srbija","9":"category-privreda","10":"category-crna-gora","11":"category-makedonija","12":"category-hrvatska","13":"category-slovenija","14":"category-vazno"},"yoast_head":"<!-- This site is optimized with the Yoast SEO Premium plugin v23.1 (Yoast SEO v24.9) - https:\/\/yoast.com\/wordpress\/plugins\/seo\/ -->\n<title>Srbija pro\u0161lu godinu zavr\u0161ila sa najni\u017eom prosje\u010dnom pla\u0107om u regiji<\/title>\n<meta name=\"robots\" content=\"index, follow, max-snippet:-1, max-image-preview:large, max-video-preview:-1\" \/>\n<link rel=\"canonical\" href=\"https:\/\/sandzakpress.net\/arhiva\/srbija-proslu-godinu-zavrsila-sa-najnizom-prosjecnom-placom-u-regiji\/\" \/>\n<meta property=\"og:locale\" content=\"bs_BA\" \/>\n<meta property=\"og:type\" content=\"article\" \/>\n<meta property=\"og:title\" content=\"Srbija pro\u0161lu godinu zavr\u0161ila sa najni\u017eom prosje\u010dnom pla\u0107om u regiji\" \/>\n<meta property=\"og:description\" content=\"Balkan &#8211; Republika Slovenija do\u010dekala je kraj pro\u0161le godine sa najve\u0107om prosje\u0107nom pla\u0107om na prostoru biv\u0161e Jugoslavije koja je iznosila 1.004,34 eura, dok je najmanja ispla\u0107na prosje\u010dna pla\u0107a iako je najvi\u0161e rasla lani ona u Republici Srbiji i iznosi svega 361,25 eura pokazuje analiza Anadolu Agency (AA). Prosje\u0107na pla\u0107a u Republici Hrvatskoj prema posljednjim statisti\u010dkim [&hellip;]\" \/>\n<meta property=\"og:url\" content=\"https:\/\/sandzakpress.net\/arhiva\/srbija-proslu-godinu-zavrsila-sa-najnizom-prosjecnom-placom-u-regiji\/\" \/>\n<meta property=\"og:site_name\" content=\"Sand\u017eak PRESS\" \/>\n<meta property=\"article:published_time\" content=\"2016-01-08T14:41:10+00:00\" \/>\n<meta property=\"og:image\" content=\"https:\/\/sandzakpress.net\/arhiva\/wp-content\/uploads\/2016\/01\/parlamentarci-u-bih-najbolje-placeni-u-regionu-odnosu-na-svoje-gradane_trt-bosanski-21852.jpg\" \/>\n\t<meta property=\"og:image:width\" content=\"610\" \/>\n\t<meta property=\"og:image:height\" content=\"343\" \/>\n\t<meta property=\"og:image:type\" content=\"image\/jpeg\" \/>\n<meta name=\"author\" content=\"bosniak\" \/>\n<meta name=\"twitter:card\" content=\"summary_large_image\" \/>\n<meta name=\"twitter:label1\" content=\"Written by\" \/>\n\t<meta name=\"twitter:data1\" content=\"bosniak\" \/>\n\t<meta name=\"twitter:label2\" content=\"Est. reading time\" \/>\n\t<meta name=\"twitter:data2\" content=\"2 minute\" \/>\n<script type=\"application\/ld+json\" class=\"yoast-schema-graph\">{\"@context\":\"https:\/\/schema.org\",\"@graph\":[{\"@type\":\"Article\",\"@id\":\"https:\/\/sandzakpress.net\/arhiva\/srbija-proslu-godinu-zavrsila-sa-najnizom-prosjecnom-placom-u-regiji\/#article\",\"isPartOf\":{\"@id\":\"https:\/\/sandzakpress.net\/arhiva\/srbija-proslu-godinu-zavrsila-sa-najnizom-prosjecnom-placom-u-regiji\/\"},\"author\":{\"name\":\"bosniak\",\"@id\":\"https:\/\/sandzakpress.net\/arhiva\/#\/schema\/person\/c8baee722073534b583ea7bdb2e36c02\"},\"headline\":\"Srbija pro\u0161lu godinu zavr\u0161ila sa najni\u017eom prosje\u010dnom pla\u0107om u regiji\",\"datePublished\":\"2016-01-08T14:41:10+00:00\",\"mainEntityOfPage\":{\"@id\":\"https:\/\/sandzakpress.net\/arhiva\/srbija-proslu-godinu-zavrsila-sa-najnizom-prosjecnom-placom-u-regiji\/\"},\"wordCount\":435,\"commentCount\":11,\"publisher\":{\"@id\":\"https:\/\/sandzakpress.net\/arhiva\/#\/schema\/person\/6e72b67d6e51910a1117b3b483ba20bd\"},\"image\":{\"@id\":\"https:\/\/sandzakpress.net\/arhiva\/srbija-proslu-godinu-zavrsila-sa-najnizom-prosjecnom-placom-u-regiji\/#primaryimage\"},\"thumbnailUrl\":\"https:\/\/sandzakpress.net\/arhiva\/wp-content\/uploads\/2016\/01\/parlamentarci-u-bih-najbolje-placeni-u-regionu-odnosu-na-svoje-gradane_trt-bosanski-21852.jpg\",\"articleSection\":[\"Bosna i Hercegovina\",\"Srbija\",\"Privreda\",\"Crna Gora\",\"Makedonija\",\"Hrvatska\",\"Slovenija\",\"VA\u017dNO!\"],\"inLanguage\":\"bs-BA\",\"potentialAction\":[{\"@type\":\"CommentAction\",\"name\":\"Comment\",\"target\":[\"https:\/\/sandzakpress.net\/arhiva\/srbija-proslu-godinu-zavrsila-sa-najnizom-prosjecnom-placom-u-regiji\/#respond\"]}]},{\"@type\":\"WebPage\",\"@id\":\"https:\/\/sandzakpress.net\/arhiva\/srbija-proslu-godinu-zavrsila-sa-najnizom-prosjecnom-placom-u-regiji\/\",\"url\":\"https:\/\/sandzakpress.net\/arhiva\/srbija-proslu-godinu-zavrsila-sa-najnizom-prosjecnom-placom-u-regiji\/\",\"name\":\"Srbija pro\u0161lu godinu zavr\u0161ila sa najni\u017eom prosje\u010dnom pla\u0107om u regiji\",\"isPartOf\":{\"@id\":\"https:\/\/sandzakpress.net\/arhiva\/#website\"},\"primaryImageOfPage\":{\"@id\":\"https:\/\/sandzakpress.net\/arhiva\/srbija-proslu-godinu-zavrsila-sa-najnizom-prosjecnom-placom-u-regiji\/#primaryimage\"},\"image\":{\"@id\":\"https:\/\/sandzakpress.net\/arhiva\/srbija-proslu-godinu-zavrsila-sa-najnizom-prosjecnom-placom-u-regiji\/#primaryimage\"},\"thumbnailUrl\":\"https:\/\/sandzakpress.net\/arhiva\/wp-content\/uploads\/2016\/01\/parlamentarci-u-bih-najbolje-placeni-u-regionu-odnosu-na-svoje-gradane_trt-bosanski-21852.jpg\",\"datePublished\":\"2016-01-08T14:41:10+00:00\",\"breadcrumb\":{\"@id\":\"https:\/\/sandzakpress.net\/arhiva\/srbija-proslu-godinu-zavrsila-sa-najnizom-prosjecnom-placom-u-regiji\/#breadcrumb\"},\"inLanguage\":\"bs-BA\",\"potentialAction\":[{\"@type\":\"ReadAction\",\"target\":[\"https:\/\/sandzakpress.net\/arhiva\/srbija-proslu-godinu-zavrsila-sa-najnizom-prosjecnom-placom-u-regiji\/\"]}]},{\"@type\":\"ImageObject\",\"inLanguage\":\"bs-BA\",\"@id\":\"https:\/\/sandzakpress.net\/arhiva\/srbija-proslu-godinu-zavrsila-sa-najnizom-prosjecnom-placom-u-regiji\/#primaryimage\",\"url\":\"https:\/\/sandzakpress.net\/arhiva\/wp-content\/uploads\/2016\/01\/parlamentarci-u-bih-najbolje-placeni-u-regionu-odnosu-na-svoje-gradane_trt-bosanski-21852.jpg\",\"contentUrl\":\"https:\/\/sandzakpress.net\/arhiva\/wp-content\/uploads\/2016\/01\/parlamentarci-u-bih-najbolje-placeni-u-regionu-odnosu-na-svoje-gradane_trt-bosanski-21852.jpg\",\"width\":610,\"height\":343},{\"@type\":\"BreadcrumbList\",\"@id\":\"https:\/\/sandzakpress.net\/arhiva\/srbija-proslu-godinu-zavrsila-sa-najnizom-prosjecnom-placom-u-regiji\/#breadcrumb\",\"itemListElement\":[{\"@type\":\"ListItem\",\"position\":1,\"name\":\"Home\",\"item\":\"https:\/\/sandzakpress.net\/arhiva\/\"},{\"@type\":\"ListItem\",\"position\":2,\"name\":\"Srbija pro\u0161lu godinu zavr\u0161ila sa najni\u017eom prosje\u010dnom pla\u0107om u regiji\"}]},{\"@type\":\"WebSite\",\"@id\":\"https:\/\/sandzakpress.net\/arhiva\/#website\",\"url\":\"https:\/\/sandzakpress.net\/arhiva\/\",\"name\":\"Sand\u017eak PRESS\",\"description\":\"Prve elektronske novine u Sand\u017eaku\",\"publisher\":{\"@id\":\"https:\/\/sandzakpress.net\/arhiva\/#\/schema\/person\/6e72b67d6e51910a1117b3b483ba20bd\"},\"potentialAction\":[{\"@type\":\"SearchAction\",\"target\":{\"@type\":\"EntryPoint\",\"urlTemplate\":\"https:\/\/sandzakpress.net\/arhiva\/?s={search_term_string}\"},\"query-input\":{\"@type\":\"PropertyValueSpecification\",\"valueRequired\":true,\"valueName\":\"search_term_string\"}}],\"inLanguage\":\"bs-BA\"},{\"@type\":[\"Person\",\"Organization\"],\"@id\":\"https:\/\/sandzakpress.net\/arhiva\/#\/schema\/person\/6e72b67d6e51910a1117b3b483ba20bd\",\"name\":\"Kul\",\"image\":{\"@type\":\"ImageObject\",\"inLanguage\":\"bs-BA\",\"@id\":\"https:\/\/sandzakpress.net\/arhiva\/#\/schema\/person\/image\/\",\"url\":\"https:\/\/secure.gravatar.com\/avatar\/42263f39aa27ac04c43cab85c280eb2e?s=96&d=mm&r=pg\",\"contentUrl\":\"https:\/\/secure.gravatar.com\/avatar\/42263f39aa27ac04c43cab85c280eb2e?s=96&d=mm&r=pg\",\"caption\":\"Kul\"},\"logo\":{\"@id\":\"https:\/\/sandzakpress.net\/arhiva\/#\/schema\/person\/image\/\"}},{\"@type\":\"Person\",\"@id\":\"https:\/\/sandzakpress.net\/arhiva\/#\/schema\/person\/c8baee722073534b583ea7bdb2e36c02\",\"name\":\"bosniak\",\"image\":{\"@type\":\"ImageObject\",\"inLanguage\":\"bs-BA\",\"@id\":\"https:\/\/sandzakpress.net\/arhiva\/#\/schema\/person\/image\/\",\"url\":\"https:\/\/secure.gravatar.com\/avatar\/a04fd330bfe3a36a72a0ad4a6d89fca7?s=96&d=mm&r=pg\",\"contentUrl\":\"https:\/\/secure.gravatar.com\/avatar\/a04fd330bfe3a36a72a0ad4a6d89fca7?s=96&d=mm&r=pg\",\"caption\":\"bosniak\"},\"url\":\"https:\/\/sandzakpress.net\/arhiva\/author\/bosniak\/\"}]}<\/script>\n<!-- \/ Yoast SEO Premium plugin. -->","yoast_head_json":{"title":"Srbija pro\u0161lu godinu zavr\u0161ila sa najni\u017eom prosje\u010dnom pla\u0107om u regiji","robots":{"index":"index","follow":"follow","max-snippet":"max-snippet:-1","max-image-preview":"max-image-preview:large","max-video-preview":"max-video-preview:-1"},"canonical":"https:\/\/sandzakpress.net\/arhiva\/srbija-proslu-godinu-zavrsila-sa-najnizom-prosjecnom-placom-u-regiji\/","og_locale":"bs_BA","og_type":"article","og_title":"Srbija pro\u0161lu godinu zavr\u0161ila sa najni\u017eom prosje\u010dnom pla\u0107om u regiji","og_description":"Balkan &#8211; Republika Slovenija do\u010dekala je kraj pro\u0161le godine sa najve\u0107om prosje\u0107nom pla\u0107om na prostoru biv\u0161e Jugoslavije koja je iznosila 1.004,34 eura, dok je najmanja ispla\u0107na prosje\u010dna pla\u0107a iako je najvi\u0161e rasla lani ona u Republici Srbiji i iznosi svega 361,25 eura pokazuje analiza Anadolu Agency (AA). Prosje\u0107na pla\u0107a u Republici Hrvatskoj prema posljednjim statisti\u010dkim [&hellip;]","og_url":"https:\/\/sandzakpress.net\/arhiva\/srbija-proslu-godinu-zavrsila-sa-najnizom-prosjecnom-placom-u-regiji\/","og_site_name":"Sand\u017eak PRESS","article_published_time":"2016-01-08T14:41:10+00:00","og_image":[{"width":610,"height":343,"url":"https:\/\/sandzakpress.net\/arhiva\/wp-content\/uploads\/2016\/01\/parlamentarci-u-bih-najbolje-placeni-u-regionu-odnosu-na-svoje-gradane_trt-bosanski-21852.jpg","type":"image\/jpeg"}],"author":"bosniak","twitter_card":"summary_large_image","twitter_misc":{"Written by":"bosniak","Est. reading time":"2 minute"},"schema":{"@context":"https:\/\/schema.org","@graph":[{"@type":"Article","@id":"https:\/\/sandzakpress.net\/arhiva\/srbija-proslu-godinu-zavrsila-sa-najnizom-prosjecnom-placom-u-regiji\/#article","isPartOf":{"@id":"https:\/\/sandzakpress.net\/arhiva\/srbija-proslu-godinu-zavrsila-sa-najnizom-prosjecnom-placom-u-regiji\/"},"author":{"name":"bosniak","@id":"https:\/\/sandzakpress.net\/arhiva\/#\/schema\/person\/c8baee722073534b583ea7bdb2e36c02"},"headline":"Srbija pro\u0161lu godinu zavr\u0161ila sa najni\u017eom prosje\u010dnom pla\u0107om u regiji","datePublished":"2016-01-08T14:41:10+00:00","mainEntityOfPage":{"@id":"https:\/\/sandzakpress.net\/arhiva\/srbija-proslu-godinu-zavrsila-sa-najnizom-prosjecnom-placom-u-regiji\/"},"wordCount":435,"commentCount":11,"publisher":{"@id":"https:\/\/sandzakpress.net\/arhiva\/#\/schema\/person\/6e72b67d6e51910a1117b3b483ba20bd"},"image":{"@id":"https:\/\/sandzakpress.net\/arhiva\/srbija-proslu-godinu-zavrsila-sa-najnizom-prosjecnom-placom-u-regiji\/#primaryimage"},"thumbnailUrl":"https:\/\/sandzakpress.net\/arhiva\/wp-content\/uploads\/2016\/01\/parlamentarci-u-bih-najbolje-placeni-u-regionu-odnosu-na-svoje-gradane_trt-bosanski-21852.jpg","articleSection":["Bosna i Hercegovina","Srbija","Privreda","Crna Gora","Makedonija","Hrvatska","Slovenija","VA\u017dNO!"],"inLanguage":"bs-BA","potentialAction":[{"@type":"CommentAction","name":"Comment","target":["https:\/\/sandzakpress.net\/arhiva\/srbija-proslu-godinu-zavrsila-sa-najnizom-prosjecnom-placom-u-regiji\/#respond"]}]},{"@type":"WebPage","@id":"https:\/\/sandzakpress.net\/arhiva\/srbija-proslu-godinu-zavrsila-sa-najnizom-prosjecnom-placom-u-regiji\/","url":"https:\/\/sandzakpress.net\/arhiva\/srbija-proslu-godinu-zavrsila-sa-najnizom-prosjecnom-placom-u-regiji\/","name":"Srbija pro\u0161lu godinu zavr\u0161ila sa najni\u017eom prosje\u010dnom pla\u0107om u regiji","isPartOf":{"@id":"https:\/\/sandzakpress.net\/arhiva\/#website"},"primaryImageOfPage":{"@id":"https:\/\/sandzakpress.net\/arhiva\/srbija-proslu-godinu-zavrsila-sa-najnizom-prosjecnom-placom-u-regiji\/#primaryimage"},"image":{"@id":"https:\/\/sandzakpress.net\/arhiva\/srbija-proslu-godinu-zavrsila-sa-najnizom-prosjecnom-placom-u-regiji\/#primaryimage"},"thumbnailUrl":"https:\/\/sandzakpress.net\/arhiva\/wp-content\/uploads\/2016\/01\/parlamentarci-u-bih-najbolje-placeni-u-regionu-odnosu-na-svoje-gradane_trt-bosanski-21852.jpg","datePublished":"2016-01-08T14:41:10+00:00","breadcrumb":{"@id":"https:\/\/sandzakpress.net\/arhiva\/srbija-proslu-godinu-zavrsila-sa-najnizom-prosjecnom-placom-u-regiji\/#breadcrumb"},"inLanguage":"bs-BA","potentialAction":[{"@type":"ReadAction","target":["https:\/\/sandzakpress.net\/arhiva\/srbija-proslu-godinu-zavrsila-sa-najnizom-prosjecnom-placom-u-regiji\/"]}]},{"@type":"ImageObject","inLanguage":"bs-BA","@id":"https:\/\/sandzakpress.net\/arhiva\/srbija-proslu-godinu-zavrsila-sa-najnizom-prosjecnom-placom-u-regiji\/#primaryimage","url":"https:\/\/sandzakpress.net\/arhiva\/wp-content\/uploads\/2016\/01\/parlamentarci-u-bih-najbolje-placeni-u-regionu-odnosu-na-svoje-gradane_trt-bosanski-21852.jpg","contentUrl":"https:\/\/sandzakpress.net\/arhiva\/wp-content\/uploads\/2016\/01\/parlamentarci-u-bih-najbolje-placeni-u-regionu-odnosu-na-svoje-gradane_trt-bosanski-21852.jpg","width":610,"height":343},{"@type":"BreadcrumbList","@id":"https:\/\/sandzakpress.net\/arhiva\/srbija-proslu-godinu-zavrsila-sa-najnizom-prosjecnom-placom-u-regiji\/#breadcrumb","itemListElement":[{"@type":"ListItem","position":1,"name":"Home","item":"https:\/\/sandzakpress.net\/arhiva\/"},{"@type":"ListItem","position":2,"name":"Srbija pro\u0161lu godinu zavr\u0161ila sa najni\u017eom prosje\u010dnom pla\u0107om u regiji"}]},{"@type":"WebSite","@id":"https:\/\/sandzakpress.net\/arhiva\/#website","url":"https:\/\/sandzakpress.net\/arhiva\/","name":"Sand\u017eak PRESS","description":"Prve elektronske novine u Sand\u017eaku","publisher":{"@id":"https:\/\/sandzakpress.net\/arhiva\/#\/schema\/person\/6e72b67d6e51910a1117b3b483ba20bd"},"potentialAction":[{"@type":"SearchAction","target":{"@type":"EntryPoint","urlTemplate":"https:\/\/sandzakpress.net\/arhiva\/?s={search_term_string}"},"query-input":{"@type":"PropertyValueSpecification","valueRequired":true,"valueName":"search_term_string"}}],"inLanguage":"bs-BA"},{"@type":["Person","Organization"],"@id":"https:\/\/sandzakpress.net\/arhiva\/#\/schema\/person\/6e72b67d6e51910a1117b3b483ba20bd","name":"Kul","image":{"@type":"ImageObject","inLanguage":"bs-BA","@id":"https:\/\/sandzakpress.net\/arhiva\/#\/schema\/person\/image\/","url":"https:\/\/secure.gravatar.com\/avatar\/42263f39aa27ac04c43cab85c280eb2e?s=96&d=mm&r=pg","contentUrl":"https:\/\/secure.gravatar.com\/avatar\/42263f39aa27ac04c43cab85c280eb2e?s=96&d=mm&r=pg","caption":"Kul"},"logo":{"@id":"https:\/\/sandzakpress.net\/arhiva\/#\/schema\/person\/image\/"}},{"@type":"Person","@id":"https:\/\/sandzakpress.net\/arhiva\/#\/schema\/person\/c8baee722073534b583ea7bdb2e36c02","name":"bosniak","image":{"@type":"ImageObject","inLanguage":"bs-BA","@id":"https:\/\/sandzakpress.net\/arhiva\/#\/schema\/person\/image\/","url":"https:\/\/secure.gravatar.com\/avatar\/a04fd330bfe3a36a72a0ad4a6d89fca7?s=96&d=mm&r=pg","contentUrl":"https:\/\/secure.gravatar.com\/avatar\/a04fd330bfe3a36a72a0ad4a6d89fca7?s=96&d=mm&r=pg","caption":"bosniak"},"url":"https:\/\/sandzakpress.net\/arhiva\/author\/bosniak\/"}]}},"_links":{"self":[{"href":"https:\/\/sandzakpress.net\/arhiva\/wp-json\/wp\/v2\/posts\/151522"}],"collection":[{"href":"https:\/\/sandzakpress.net\/arhiva\/wp-json\/wp\/v2\/posts"}],"about":[{"href":"https:\/\/sandzakpress.net\/arhiva\/wp-json\/wp\/v2\/types\/post"}],"author":[{"embeddable":true,"href":"https:\/\/sandzakpress.net\/arhiva\/wp-json\/wp\/v2\/users\/83"}],"replies":[{"embeddable":true,"href":"https:\/\/sandzakpress.net\/arhiva\/wp-json\/wp\/v2\/comments?post=151522"}],"version-history":[{"count":0,"href":"https:\/\/sandzakpress.net\/arhiva\/wp-json\/wp\/v2\/posts\/151522\/revisions"}],"wp:featuredmedia":[{"embeddable":true,"href":"https:\/\/sandzakpress.net\/arhiva\/wp-json\/wp\/v2\/media\/151531"}],"wp:attachment":[{"href":"https:\/\/sandzakpress.net\/arhiva\/wp-json\/wp\/v2\/media?parent=151522"}],"wp:term":[{"taxonomy":"category","embeddable":true,"href":"https:\/\/sandzakpress.net\/arhiva\/wp-json\/wp\/v2\/categories?post=151522"},{"taxonomy":"post_tag","embeddable":true,"href":"https:\/\/sandzakpress.net\/arhiva\/wp-json\/wp\/v2\/tags?post=151522"}],"curies":[{"name":"wp","href":"https:\/\/api.w.org\/{rel}","templated":true}]}}