{"id":151387,"date":"2016-01-06T18:00:18","date_gmt":"2016-01-06T17:00:18","guid":{"rendered":"https:\/\/sandzakpress.net\/arhiva\/?p=151387"},"modified":"2016-01-06T21:26:02","modified_gmt":"2016-01-06T20:26:02","slug":"nepokrivena-autobuska-stajalista-problem-kojeg-vlasti-ignorisu","status":"publish","type":"post","link":"https:\/\/sandzakpress.net\/arhiva\/nepokrivena-autobuska-stajalista-problem-kojeg-vlasti-ignorisu\/","title":{"rendered":"Nepokrivena autobuska stajali\u0161ta &#8211; problem kojeg vlasti ignori\u0161u"},"content":{"rendered":"<p><strong><img loading=\"lazy\" decoding=\"async\" class=\"aligncenter size-full wp-image-151388\" src=\"https:\/\/sandzakpress.net\/arhiva\/wp-content\/uploads\/2016\/01\/Untitled-3.jpg\" alt=\"Untitled\" width=\"539\" height=\"344\" \/><\/strong><\/p>\n<p><strong>Novi Pazar &#8211;\u00a0Na autobuskim stajali\u0161tima na linijama gradskog i prigradskog saobra\u0107aja, du\u017e saobra\u0107ajnica u gradu i okolini nema nijedne nadstre\u0161nice ispod koje bi se putnici mogli za\u0161titi od ki\u0161e ili sunca.<\/strong><\/p>\n<p>Nadstre\u0161nica nema \u010dak ni na najprometnijim stanicama . \u010cak ni sve lokacije, autobuskih stajali\u0161ta\u00a0 nijesu na propisan na\u010din obilje\u017eene ali ni pro\u0161irenja gdje bi se zaustavljali autobusi. Najte\u017ee je starijim sugra\u0111anima, posebno u ovim hladnim i ki\u0161ovitim danima.<\/p>\n<p>I ako se u Gradskoj Skup\u0161tini mogao \u010duti prijedlog opozicije da se u raspravu uvrsti ta\u010dka o postavljanju nadstre\u0161nica na autobuskim stajali\u0161tima u gradu, nije se nai\u0161lo na odobravanje lokalne vlasti, koji su ranije najavili da \u0107e prihvatiti svaki konstruktivan prijedlog opozicije.<\/p>\n<p>Prijedlog postavljanja nadstre\u0161nica na autobuskim stajali\u0161tima, na sjednici Skup\u0161tine grada Novog Pazara iznio je odbornik BDZ Sand\u017eaka mr. Enver Bi\u0161evac, koji je predlagao da se kao dopunska ta\u010dka uvrsti u dnevni red i ovaj problem , ali nije nai\u0161lo na podr\u0161ku vladaju\u0107e koalicije u ovom gradu okupljene oko SDP-a, Rasima Ljaji\u0107a.<\/p>\n<div class=\"youtube-embed\" data-video_id=\"k_3bmBe7mPI\"><iframe loading=\"lazy\" title=\"Autobuska stajali\u0161ta bez nadstre\u0161nica\" width=\"696\" height=\"522\" src=\"https:\/\/www.youtube.com\/embed\/k_3bmBe7mPI?feature=oembed&#038;enablejsapi=1\" frameborder=\"0\" allow=\"accelerometer; autoplay; encrypted-media; gyroscope; picture-in-picture\" allowfullscreen><\/iframe><\/div>\n<p>Ljudi gotovo svakodnevno negoduju, kako oni u u\u017eem dijelu grada, tako i u \u0161irem centru Novog Pazara, postavljanje pokrivenih stajali\u0161ta, barem na najprometnijim stanicama gradskog prevoza, bilo od velike va\u017enosti.<\/p>\n<p>Ogor\u010deni su i korisnici gradskog prevoza sa kojima smo razgovarali.<\/p>\n<p>\u00a0\u201cRedovno \u010dekam autobus na ovom mjestu i svaki put zavisim od vremenskih prilika. Jo\u0161 je i lak\u0161e kada je lijepo vrijeme, tad se nekako I sklonomo sa vru\u0107ine, ali problem je kada je ki\u0161a, mogli bi postaviti neku klupu i to natkriti. \u2013 isti\u010de jedan od putnika<\/p>\n<p>Na samo nekoliko metara od autobuskog stajali\u0161ta nalaze se kontejneri koji su dobili svoje nadstre\u0161nice, a korisnici gradskog prevoza pri\u010deka\u0107e, bar jo\u0161 neko vrijeme, jer o ovom problemu, nadlje\u017eni nijesu bili spremni ni raspravljati na Skup\u0161tinskom zasijedanju.<\/p>\n<p>SANA<\/p>\n","protected":false},"excerpt":{"rendered":"<p>Novi Pazar &#8211;\u00a0Na autobuskim stajali\u0161tima na linijama gradskog i prigradskog saobra\u0107aja, du\u017e saobra\u0107ajnica u gradu i okolini nema nijedne nadstre\u0161nice ispod koje bi se putnici mogli za\u0161titi od ki\u0161e ili sunca. Nadstre\u0161nica nema \u010dak ni na najprometnijim stanicama . \u010cak ni sve lokacije, autobuskih stajali\u0161ta\u00a0 nijesu na propisan na\u010din obilje\u017eene ali ni pro\u0161irenja gdje bi [&hellip;]<\/p>\n","protected":false},"author":83,"featured_media":151388,"comment_status":"open","ping_status":"open","sticky":false,"template":"","format":"standard","meta":{"footnotes":""},"categories":[72,1,8957],"tags":[],"class_list":{"0":"post-151387","1":"post","2":"type-post","3":"status-publish","4":"format-standard","5":"has-post-thumbnail","7":"category-novi-pazar","8":"category-politika","9":"category-vijesti-dana"},"yoast_head":"<!-- This site is optimized with the Yoast SEO Premium plugin v23.1 (Yoast SEO v24.9) - https:\/\/yoast.com\/wordpress\/plugins\/seo\/ -->\n<title>Nepokrivena autobuska stajali\u0161ta - problem kojeg vlasti ignori\u0161u<\/title>\n<meta name=\"robots\" content=\"index, follow, max-snippet:-1, max-image-preview:large, max-video-preview:-1\" \/>\n<link rel=\"canonical\" href=\"https:\/\/sandzakpress.net\/arhiva\/nepokrivena-autobuska-stajalista-problem-kojeg-vlasti-ignorisu\/\" \/>\n<meta property=\"og:locale\" content=\"bs_BA\" \/>\n<meta property=\"og:type\" content=\"article\" \/>\n<meta property=\"og:title\" content=\"Nepokrivena autobuska stajali\u0161ta - problem kojeg vlasti ignori\u0161u\" \/>\n<meta property=\"og:description\" content=\"Novi Pazar &#8211;\u00a0Na autobuskim stajali\u0161tima na linijama gradskog i prigradskog saobra\u0107aja, du\u017e saobra\u0107ajnica u gradu i okolini nema nijedne nadstre\u0161nice ispod koje bi se putnici mogli za\u0161titi od ki\u0161e ili sunca. Nadstre\u0161nica nema \u010dak ni na najprometnijim stanicama . \u010cak ni sve lokacije, autobuskih stajali\u0161ta\u00a0 nijesu na propisan na\u010din obilje\u017eene ali ni pro\u0161irenja gdje bi [&hellip;]\" \/>\n<meta property=\"og:url\" content=\"https:\/\/sandzakpress.net\/arhiva\/nepokrivena-autobuska-stajalista-problem-kojeg-vlasti-ignorisu\/\" \/>\n<meta property=\"og:site_name\" content=\"Sand\u017eak PRESS\" \/>\n<meta property=\"article:published_time\" content=\"2016-01-06T17:00:18+00:00\" \/>\n<meta property=\"article:modified_time\" content=\"2016-01-06T20:26:02+00:00\" \/>\n<meta property=\"og:image\" content=\"https:\/\/sandzakpress.net\/arhiva\/wp-content\/uploads\/2016\/01\/Untitled-3.jpg\" \/>\n\t<meta property=\"og:image:width\" content=\"539\" \/>\n\t<meta property=\"og:image:height\" content=\"344\" \/>\n\t<meta property=\"og:image:type\" content=\"image\/jpeg\" \/>\n<meta name=\"author\" content=\"bosniak\" \/>\n<meta name=\"twitter:card\" content=\"summary_large_image\" \/>\n<meta name=\"twitter:label1\" content=\"Written by\" \/>\n\t<meta name=\"twitter:data1\" content=\"bosniak\" \/>\n\t<meta name=\"twitter:label2\" content=\"Est. reading time\" \/>\n\t<meta name=\"twitter:data2\" content=\"2 minute\" \/>\n<script type=\"application\/ld+json\" class=\"yoast-schema-graph\">{\"@context\":\"https:\/\/schema.org\",\"@graph\":[{\"@type\":\"Article\",\"@id\":\"https:\/\/sandzakpress.net\/arhiva\/nepokrivena-autobuska-stajalista-problem-kojeg-vlasti-ignorisu\/#article\",\"isPartOf\":{\"@id\":\"https:\/\/sandzakpress.net\/arhiva\/nepokrivena-autobuska-stajalista-problem-kojeg-vlasti-ignorisu\/\"},\"author\":{\"name\":\"bosniak\",\"@id\":\"https:\/\/sandzakpress.net\/arhiva\/#\/schema\/person\/c8baee722073534b583ea7bdb2e36c02\"},\"headline\":\"Nepokrivena autobuska stajali\u0161ta &#8211; problem kojeg vlasti ignori\u0161u\",\"datePublished\":\"2016-01-06T17:00:18+00:00\",\"dateModified\":\"2016-01-06T20:26:02+00:00\",\"mainEntityOfPage\":{\"@id\":\"https:\/\/sandzakpress.net\/arhiva\/nepokrivena-autobuska-stajalista-problem-kojeg-vlasti-ignorisu\/\"},\"wordCount\":347,\"commentCount\":2,\"publisher\":{\"@id\":\"https:\/\/sandzakpress.net\/arhiva\/#\/schema\/person\/6e72b67d6e51910a1117b3b483ba20bd\"},\"image\":{\"@id\":\"https:\/\/sandzakpress.net\/arhiva\/nepokrivena-autobuska-stajalista-problem-kojeg-vlasti-ignorisu\/#primaryimage\"},\"thumbnailUrl\":\"https:\/\/sandzakpress.net\/arhiva\/wp-content\/uploads\/2016\/01\/Untitled-3.jpg\",\"articleSection\":[\"Novi Pazar\",\"Politika\",\"VIJESTI DANA\"],\"inLanguage\":\"bs-BA\",\"potentialAction\":[{\"@type\":\"CommentAction\",\"name\":\"Comment\",\"target\":[\"https:\/\/sandzakpress.net\/arhiva\/nepokrivena-autobuska-stajalista-problem-kojeg-vlasti-ignorisu\/#respond\"]}]},{\"@type\":\"WebPage\",\"@id\":\"https:\/\/sandzakpress.net\/arhiva\/nepokrivena-autobuska-stajalista-problem-kojeg-vlasti-ignorisu\/\",\"url\":\"https:\/\/sandzakpress.net\/arhiva\/nepokrivena-autobuska-stajalista-problem-kojeg-vlasti-ignorisu\/\",\"name\":\"Nepokrivena autobuska stajali\u0161ta - problem kojeg vlasti ignori\u0161u\",\"isPartOf\":{\"@id\":\"https:\/\/sandzakpress.net\/arhiva\/#website\"},\"primaryImageOfPage\":{\"@id\":\"https:\/\/sandzakpress.net\/arhiva\/nepokrivena-autobuska-stajalista-problem-kojeg-vlasti-ignorisu\/#primaryimage\"},\"image\":{\"@id\":\"https:\/\/sandzakpress.net\/arhiva\/nepokrivena-autobuska-stajalista-problem-kojeg-vlasti-ignorisu\/#primaryimage\"},\"thumbnailUrl\":\"https:\/\/sandzakpress.net\/arhiva\/wp-content\/uploads\/2016\/01\/Untitled-3.jpg\",\"datePublished\":\"2016-01-06T17:00:18+00:00\",\"dateModified\":\"2016-01-06T20:26:02+00:00\",\"breadcrumb\":{\"@id\":\"https:\/\/sandzakpress.net\/arhiva\/nepokrivena-autobuska-stajalista-problem-kojeg-vlasti-ignorisu\/#breadcrumb\"},\"inLanguage\":\"bs-BA\",\"potentialAction\":[{\"@type\":\"ReadAction\",\"target\":[\"https:\/\/sandzakpress.net\/arhiva\/nepokrivena-autobuska-stajalista-problem-kojeg-vlasti-ignorisu\/\"]}]},{\"@type\":\"ImageObject\",\"inLanguage\":\"bs-BA\",\"@id\":\"https:\/\/sandzakpress.net\/arhiva\/nepokrivena-autobuska-stajalista-problem-kojeg-vlasti-ignorisu\/#primaryimage\",\"url\":\"https:\/\/sandzakpress.net\/arhiva\/wp-content\/uploads\/2016\/01\/Untitled-3.jpg\",\"contentUrl\":\"https:\/\/sandzakpress.net\/arhiva\/wp-content\/uploads\/2016\/01\/Untitled-3.jpg\",\"width\":539,\"height\":344},{\"@type\":\"BreadcrumbList\",\"@id\":\"https:\/\/sandzakpress.net\/arhiva\/nepokrivena-autobuska-stajalista-problem-kojeg-vlasti-ignorisu\/#breadcrumb\",\"itemListElement\":[{\"@type\":\"ListItem\",\"position\":1,\"name\":\"Home\",\"item\":\"https:\/\/sandzakpress.net\/arhiva\/\"},{\"@type\":\"ListItem\",\"position\":2,\"name\":\"Nepokrivena autobuska stajali\u0161ta &#8211; problem kojeg vlasti ignori\u0161u\"}]},{\"@type\":\"WebSite\",\"@id\":\"https:\/\/sandzakpress.net\/arhiva\/#website\",\"url\":\"https:\/\/sandzakpress.net\/arhiva\/\",\"name\":\"Sand\u017eak PRESS\",\"description\":\"Prve elektronske novine u Sand\u017eaku\",\"publisher\":{\"@id\":\"https:\/\/sandzakpress.net\/arhiva\/#\/schema\/person\/6e72b67d6e51910a1117b3b483ba20bd\"},\"potentialAction\":[{\"@type\":\"SearchAction\",\"target\":{\"@type\":\"EntryPoint\",\"urlTemplate\":\"https:\/\/sandzakpress.net\/arhiva\/?s={search_term_string}\"},\"query-input\":{\"@type\":\"PropertyValueSpecification\",\"valueRequired\":true,\"valueName\":\"search_term_string\"}}],\"inLanguage\":\"bs-BA\"},{\"@type\":[\"Person\",\"Organization\"],\"@id\":\"https:\/\/sandzakpress.net\/arhiva\/#\/schema\/person\/6e72b67d6e51910a1117b3b483ba20bd\",\"name\":\"Kul\",\"image\":{\"@type\":\"ImageObject\",\"inLanguage\":\"bs-BA\",\"@id\":\"https:\/\/sandzakpress.net\/arhiva\/#\/schema\/person\/image\/\",\"url\":\"https:\/\/secure.gravatar.com\/avatar\/42263f39aa27ac04c43cab85c280eb2e?s=96&d=mm&r=pg\",\"contentUrl\":\"https:\/\/secure.gravatar.com\/avatar\/42263f39aa27ac04c43cab85c280eb2e?s=96&d=mm&r=pg\",\"caption\":\"Kul\"},\"logo\":{\"@id\":\"https:\/\/sandzakpress.net\/arhiva\/#\/schema\/person\/image\/\"}},{\"@type\":\"Person\",\"@id\":\"https:\/\/sandzakpress.net\/arhiva\/#\/schema\/person\/c8baee722073534b583ea7bdb2e36c02\",\"name\":\"bosniak\",\"image\":{\"@type\":\"ImageObject\",\"inLanguage\":\"bs-BA\",\"@id\":\"https:\/\/sandzakpress.net\/arhiva\/#\/schema\/person\/image\/\",\"url\":\"https:\/\/secure.gravatar.com\/avatar\/a04fd330bfe3a36a72a0ad4a6d89fca7?s=96&d=mm&r=pg\",\"contentUrl\":\"https:\/\/secure.gravatar.com\/avatar\/a04fd330bfe3a36a72a0ad4a6d89fca7?s=96&d=mm&r=pg\",\"caption\":\"bosniak\"},\"url\":\"https:\/\/sandzakpress.net\/arhiva\/author\/bosniak\/\"}]}<\/script>\n<!-- \/ Yoast SEO Premium plugin. -->","yoast_head_json":{"title":"Nepokrivena autobuska stajali\u0161ta - problem kojeg vlasti ignori\u0161u","robots":{"index":"index","follow":"follow","max-snippet":"max-snippet:-1","max-image-preview":"max-image-preview:large","max-video-preview":"max-video-preview:-1"},"canonical":"https:\/\/sandzakpress.net\/arhiva\/nepokrivena-autobuska-stajalista-problem-kojeg-vlasti-ignorisu\/","og_locale":"bs_BA","og_type":"article","og_title":"Nepokrivena autobuska stajali\u0161ta - problem kojeg vlasti ignori\u0161u","og_description":"Novi Pazar &#8211;\u00a0Na autobuskim stajali\u0161tima na linijama gradskog i prigradskog saobra\u0107aja, du\u017e saobra\u0107ajnica u gradu i okolini nema nijedne nadstre\u0161nice ispod koje bi se putnici mogli za\u0161titi od ki\u0161e ili sunca. Nadstre\u0161nica nema \u010dak ni na najprometnijim stanicama . \u010cak ni sve lokacije, autobuskih stajali\u0161ta\u00a0 nijesu na propisan na\u010din obilje\u017eene ali ni pro\u0161irenja gdje bi [&hellip;]","og_url":"https:\/\/sandzakpress.net\/arhiva\/nepokrivena-autobuska-stajalista-problem-kojeg-vlasti-ignorisu\/","og_site_name":"Sand\u017eak PRESS","article_published_time":"2016-01-06T17:00:18+00:00","article_modified_time":"2016-01-06T20:26:02+00:00","og_image":[{"width":539,"height":344,"url":"https:\/\/sandzakpress.net\/arhiva\/wp-content\/uploads\/2016\/01\/Untitled-3.jpg","type":"image\/jpeg"}],"author":"bosniak","twitter_card":"summary_large_image","twitter_misc":{"Written by":"bosniak","Est. reading time":"2 minute"},"schema":{"@context":"https:\/\/schema.org","@graph":[{"@type":"Article","@id":"https:\/\/sandzakpress.net\/arhiva\/nepokrivena-autobuska-stajalista-problem-kojeg-vlasti-ignorisu\/#article","isPartOf":{"@id":"https:\/\/sandzakpress.net\/arhiva\/nepokrivena-autobuska-stajalista-problem-kojeg-vlasti-ignorisu\/"},"author":{"name":"bosniak","@id":"https:\/\/sandzakpress.net\/arhiva\/#\/schema\/person\/c8baee722073534b583ea7bdb2e36c02"},"headline":"Nepokrivena autobuska stajali\u0161ta &#8211; problem kojeg vlasti ignori\u0161u","datePublished":"2016-01-06T17:00:18+00:00","dateModified":"2016-01-06T20:26:02+00:00","mainEntityOfPage":{"@id":"https:\/\/sandzakpress.net\/arhiva\/nepokrivena-autobuska-stajalista-problem-kojeg-vlasti-ignorisu\/"},"wordCount":347,"commentCount":2,"publisher":{"@id":"https:\/\/sandzakpress.net\/arhiva\/#\/schema\/person\/6e72b67d6e51910a1117b3b483ba20bd"},"image":{"@id":"https:\/\/sandzakpress.net\/arhiva\/nepokrivena-autobuska-stajalista-problem-kojeg-vlasti-ignorisu\/#primaryimage"},"thumbnailUrl":"https:\/\/sandzakpress.net\/arhiva\/wp-content\/uploads\/2016\/01\/Untitled-3.jpg","articleSection":["Novi Pazar","Politika","VIJESTI DANA"],"inLanguage":"bs-BA","potentialAction":[{"@type":"CommentAction","name":"Comment","target":["https:\/\/sandzakpress.net\/arhiva\/nepokrivena-autobuska-stajalista-problem-kojeg-vlasti-ignorisu\/#respond"]}]},{"@type":"WebPage","@id":"https:\/\/sandzakpress.net\/arhiva\/nepokrivena-autobuska-stajalista-problem-kojeg-vlasti-ignorisu\/","url":"https:\/\/sandzakpress.net\/arhiva\/nepokrivena-autobuska-stajalista-problem-kojeg-vlasti-ignorisu\/","name":"Nepokrivena autobuska stajali\u0161ta - problem kojeg vlasti ignori\u0161u","isPartOf":{"@id":"https:\/\/sandzakpress.net\/arhiva\/#website"},"primaryImageOfPage":{"@id":"https:\/\/sandzakpress.net\/arhiva\/nepokrivena-autobuska-stajalista-problem-kojeg-vlasti-ignorisu\/#primaryimage"},"image":{"@id":"https:\/\/sandzakpress.net\/arhiva\/nepokrivena-autobuska-stajalista-problem-kojeg-vlasti-ignorisu\/#primaryimage"},"thumbnailUrl":"https:\/\/sandzakpress.net\/arhiva\/wp-content\/uploads\/2016\/01\/Untitled-3.jpg","datePublished":"2016-01-06T17:00:18+00:00","dateModified":"2016-01-06T20:26:02+00:00","breadcrumb":{"@id":"https:\/\/sandzakpress.net\/arhiva\/nepokrivena-autobuska-stajalista-problem-kojeg-vlasti-ignorisu\/#breadcrumb"},"inLanguage":"bs-BA","potentialAction":[{"@type":"ReadAction","target":["https:\/\/sandzakpress.net\/arhiva\/nepokrivena-autobuska-stajalista-problem-kojeg-vlasti-ignorisu\/"]}]},{"@type":"ImageObject","inLanguage":"bs-BA","@id":"https:\/\/sandzakpress.net\/arhiva\/nepokrivena-autobuska-stajalista-problem-kojeg-vlasti-ignorisu\/#primaryimage","url":"https:\/\/sandzakpress.net\/arhiva\/wp-content\/uploads\/2016\/01\/Untitled-3.jpg","contentUrl":"https:\/\/sandzakpress.net\/arhiva\/wp-content\/uploads\/2016\/01\/Untitled-3.jpg","width":539,"height":344},{"@type":"BreadcrumbList","@id":"https:\/\/sandzakpress.net\/arhiva\/nepokrivena-autobuska-stajalista-problem-kojeg-vlasti-ignorisu\/#breadcrumb","itemListElement":[{"@type":"ListItem","position":1,"name":"Home","item":"https:\/\/sandzakpress.net\/arhiva\/"},{"@type":"ListItem","position":2,"name":"Nepokrivena autobuska stajali\u0161ta &#8211; problem kojeg vlasti ignori\u0161u"}]},{"@type":"WebSite","@id":"https:\/\/sandzakpress.net\/arhiva\/#website","url":"https:\/\/sandzakpress.net\/arhiva\/","name":"Sand\u017eak PRESS","description":"Prve elektronske novine u Sand\u017eaku","publisher":{"@id":"https:\/\/sandzakpress.net\/arhiva\/#\/schema\/person\/6e72b67d6e51910a1117b3b483ba20bd"},"potentialAction":[{"@type":"SearchAction","target":{"@type":"EntryPoint","urlTemplate":"https:\/\/sandzakpress.net\/arhiva\/?s={search_term_string}"},"query-input":{"@type":"PropertyValueSpecification","valueRequired":true,"valueName":"search_term_string"}}],"inLanguage":"bs-BA"},{"@type":["Person","Organization"],"@id":"https:\/\/sandzakpress.net\/arhiva\/#\/schema\/person\/6e72b67d6e51910a1117b3b483ba20bd","name":"Kul","image":{"@type":"ImageObject","inLanguage":"bs-BA","@id":"https:\/\/sandzakpress.net\/arhiva\/#\/schema\/person\/image\/","url":"https:\/\/secure.gravatar.com\/avatar\/42263f39aa27ac04c43cab85c280eb2e?s=96&d=mm&r=pg","contentUrl":"https:\/\/secure.gravatar.com\/avatar\/42263f39aa27ac04c43cab85c280eb2e?s=96&d=mm&r=pg","caption":"Kul"},"logo":{"@id":"https:\/\/sandzakpress.net\/arhiva\/#\/schema\/person\/image\/"}},{"@type":"Person","@id":"https:\/\/sandzakpress.net\/arhiva\/#\/schema\/person\/c8baee722073534b583ea7bdb2e36c02","name":"bosniak","image":{"@type":"ImageObject","inLanguage":"bs-BA","@id":"https:\/\/sandzakpress.net\/arhiva\/#\/schema\/person\/image\/","url":"https:\/\/secure.gravatar.com\/avatar\/a04fd330bfe3a36a72a0ad4a6d89fca7?s=96&d=mm&r=pg","contentUrl":"https:\/\/secure.gravatar.com\/avatar\/a04fd330bfe3a36a72a0ad4a6d89fca7?s=96&d=mm&r=pg","caption":"bosniak"},"url":"https:\/\/sandzakpress.net\/arhiva\/author\/bosniak\/"}]}},"_links":{"self":[{"href":"https:\/\/sandzakpress.net\/arhiva\/wp-json\/wp\/v2\/posts\/151387"}],"collection":[{"href":"https:\/\/sandzakpress.net\/arhiva\/wp-json\/wp\/v2\/posts"}],"about":[{"href":"https:\/\/sandzakpress.net\/arhiva\/wp-json\/wp\/v2\/types\/post"}],"author":[{"embeddable":true,"href":"https:\/\/sandzakpress.net\/arhiva\/wp-json\/wp\/v2\/users\/83"}],"replies":[{"embeddable":true,"href":"https:\/\/sandzakpress.net\/arhiva\/wp-json\/wp\/v2\/comments?post=151387"}],"version-history":[{"count":0,"href":"https:\/\/sandzakpress.net\/arhiva\/wp-json\/wp\/v2\/posts\/151387\/revisions"}],"wp:featuredmedia":[{"embeddable":true,"href":"https:\/\/sandzakpress.net\/arhiva\/wp-json\/wp\/v2\/media\/151388"}],"wp:attachment":[{"href":"https:\/\/sandzakpress.net\/arhiva\/wp-json\/wp\/v2\/media?parent=151387"}],"wp:term":[{"taxonomy":"category","embeddable":true,"href":"https:\/\/sandzakpress.net\/arhiva\/wp-json\/wp\/v2\/categories?post=151387"},{"taxonomy":"post_tag","embeddable":true,"href":"https:\/\/sandzakpress.net\/arhiva\/wp-json\/wp\/v2\/tags?post=151387"}],"curies":[{"name":"wp","href":"https:\/\/api.w.org\/{rel}","templated":true}]}}