{"id":151137,"date":"2016-01-04T12:32:36","date_gmt":"2016-01-04T11:32:36","guid":{"rendered":"https:\/\/sandzakpress.net\/arhiva\/nakon-izjave-faktoru-bilalu-dervisicu-prijete-smrcu"},"modified":"2016-01-04T12:32:36","modified_gmt":"2016-01-04T11:32:36","slug":"nakon-izjave-faktoru-bilalu-dervisicu-prijete-smrcu","status":"publish","type":"post","link":"https:\/\/sandzakpress.net\/arhiva\/nakon-izjave-faktoru-bilalu-dervisicu-prijete-smrcu\/","title":{"rendered":"Nakon izjave Faktoru: Bilalu Dervi\u0161i\u0107u prijete smr\u0107u"},"content":{"rendered":"<p><img decoding=\"async\" src=\"http:\/\/faktor.ba\/wp-content\/uploads\/2016\/01\/bilal-dervisevic-28122015-MZ-24-658x439.jpg\" alt=\"bilal-dervisevic-28122015-MZ (24)\" \/><\/p>\n<p><strong>Sarajevo \u2013 Ne\u0107emo imati milosti prema vama, ubijat \u0107emo vas kao va\u0161u bra\u0107u \u010detnike. Vi to vidite dalekim, a mi to vidimo blizu.<\/strong><\/p>\n<p>Hafizu Bilalu Dervi\u0161i\u0107u, nosiocu Zlatnog ljiljana, najve\u0107eg vojni\u010dkog priznanja Armije RBiH, uhap\u0161enom pa pu\u0161tenom na slobodu nakon akcije Rez u kojoj je pritvoreno 11 osoba osumnji\u010denih za terorizam, nakon razgovora za Faktor, po\u010dele su stizati prijetnje.<\/p>\n<p>-Ooo, bradate d\u017eehmije, munafici, otpadnici, neprijatelji Allahove vjere! Do\u0107i \u0107e \u0161amski muvehidi o Ezheru, Semire, Bilalu i ostali vrlo uskoro i u Bosnu. Allaha mi, ne\u0107emo imati milosti prema vama, ubijat \u0107emo vas kao va\u0161u bra\u0107u \u010detnike. Vi to vidite dalekim, a mi to vidimo blizu. Pa \u010dekajte, a \u010dekat \u0107emo i mi \u2013 poru\u010dio je izvjesni El Bera Bosni.<\/p>\n<p>Ne prijeti se, dakle, samo Dervi\u0161i\u0107u o ovoj poruci, no i Ezheru Beganovi\u0107u, glavnom i odgovornom uredniku Saffa, te Semiru Imamovi\u0107u, novinaru. Beganovi\u0107u su prve prijetnje po\u010dele stizati augusta pro\u0161le godine. Ekstremisti koji stoje iza portala Vijesti ummeta poru\u010dili su glavnom i odgovornom uredniku Saffa da \u0107e mu \u201cuskoro glava biti odrubljena\u201c. Beganovi\u0107ev je grijeh \u0161to je Vijesti ummeta nazvao zlo\u010dina\u010dkim! A posumnjao je i da iza ovog portala zla stoje obavje\u0161tajne slu\u017ebe zemalja kojima odgovara destabilizacija BiH.<\/p>\n<p>Prijetnje i reisu<\/p>\n<p>-O Ezhere\u2026zaista si pogrije\u0161io kad si spomenuo da su ovo prijetnje \u201cobavje\u0161tajnih slu\u017ebi\u201d, zaista poku\u0161ava\u0161 da se sakrije\u0161 i da ne podi\u017ee\u0161 alarmantnost situacije, a zna\u0161 da si pod nadzorom i zna\u0161 da \u0107e\u0161 uskoro da osvane\u0161 sa glavom na le\u0111ima\u2026 Zaista su uspavane \u0107elije u Bosni, a i na Balkanu spremne i zaista se jo\u0161 samo na naredbu \u010deka\u2026zaprijetile su Vijesti ummeta Beganovi\u0107u.<\/p>\n<p>Podsjetimo, kada je osu\u0111uju\u0107i terorizam i ideologiju koja ga inspirira, Husein efendija Kavazovi\u0107, reisu-l-ulema Islamske zajednice BiH, poru\u010dio da je \u201cpotrebno da svi ustanemo i da ne dozvolimo da nas zlo pobijedi i da strah ovlada na\u0161im \u010dulima\u201d, i njemu su stigle prijetnje.<\/p>\n<p>(A. B.\/Faktor.ba\/Foto: M. \u017divojevi\u0107)<\/p>\n<p>Pogledajte vijest na izvornom sajtu:<\/p>\n<p><a href=\"http:\/\/bosnapress.net\/nakon-izjave-faktoru-bilalu-dervisicu-prijete-smrcu\/\" target=\"_blank\">Nakon izjave Faktoru: Bilalu Dervi\u0161i\u0107u prijete smr\u0107u<\/a><\/p>\n","protected":false},"excerpt":{"rendered":"<p>Sarajevo \u2013 Ne\u0107emo imati milosti prema vama, ubijat \u0107emo vas kao va\u0161u bra\u0107u \u010detnike. Vi to vidite dalekim, a mi to vidimo blizu. Hafizu Bilalu Dervi\u0161i\u0107u, nosiocu Zlatnog ljiljana, najve\u0107eg vojni\u010dkog priznanja Armije RBiH, uhap\u0161enom pa pu\u0161tenom na slobodu nakon akcije Rez u kojoj je pritvoreno 11 osoba osumnji\u010denih za terorizam, nakon razgovora za Faktor, [&hellip;]<\/p>\n","protected":false},"author":83,"featured_media":151139,"comment_status":"open","ping_status":"open","sticky":false,"template":"","format":"standard","meta":{"footnotes":""},"categories":[10513],"tags":[10466],"class_list":{"0":"post-151137","1":"post","2":"type-post","3":"status-publish","4":"format-standard","5":"has-post-thumbnail","7":"category-bosna-press","8":"tag-bosna-i-hercegovina"},"yoast_head":"<!-- This site is optimized with the Yoast SEO Premium plugin v23.1 (Yoast SEO v24.9) - https:\/\/yoast.com\/wordpress\/plugins\/seo\/ -->\n<title>Nakon izjave Faktoru: Bilalu Dervi\u0161i\u0107u prijete smr\u0107u<\/title>\n<meta name=\"robots\" content=\"index, follow, max-snippet:-1, max-image-preview:large, max-video-preview:-1\" \/>\n<link rel=\"canonical\" href=\"https:\/\/sandzakpress.net\/arhiva\/nakon-izjave-faktoru-bilalu-dervisicu-prijete-smrcu\/\" \/>\n<meta property=\"og:locale\" content=\"bs_BA\" \/>\n<meta property=\"og:type\" content=\"article\" \/>\n<meta property=\"og:title\" content=\"Nakon izjave Faktoru: Bilalu Dervi\u0161i\u0107u prijete smr\u0107u\" \/>\n<meta property=\"og:description\" content=\"Sarajevo \u2013 Ne\u0107emo imati milosti prema vama, ubijat \u0107emo vas kao va\u0161u bra\u0107u \u010detnike. Vi to vidite dalekim, a mi to vidimo blizu. Hafizu Bilalu Dervi\u0161i\u0107u, nosiocu Zlatnog ljiljana, najve\u0107eg vojni\u010dkog priznanja Armije RBiH, uhap\u0161enom pa pu\u0161tenom na slobodu nakon akcije Rez u kojoj je pritvoreno 11 osoba osumnji\u010denih za terorizam, nakon razgovora za Faktor, [&hellip;]\" \/>\n<meta property=\"og:url\" content=\"https:\/\/sandzakpress.net\/arhiva\/nakon-izjave-faktoru-bilalu-dervisicu-prijete-smrcu\/\" \/>\n<meta property=\"og:site_name\" content=\"Sand\u017eak PRESS\" \/>\n<meta property=\"article:published_time\" content=\"2016-01-04T11:32:36+00:00\" \/>\n<meta property=\"og:image\" content=\"https:\/\/sandzakpress.net\/arhiva\/wp-content\/uploads\/2016\/01\/bilal-dervisevic-28122015-MZ-24-658x439-1.jpg\" \/>\n\t<meta property=\"og:image:width\" content=\"658\" \/>\n\t<meta property=\"og:image:height\" content=\"439\" \/>\n\t<meta property=\"og:image:type\" content=\"image\/jpeg\" \/>\n<meta name=\"author\" content=\"bosniak\" \/>\n<meta name=\"twitter:card\" content=\"summary_large_image\" \/>\n<meta name=\"twitter:label1\" content=\"Written by\" \/>\n\t<meta name=\"twitter:data1\" content=\"bosniak\" \/>\n\t<meta name=\"twitter:label2\" content=\"Est. reading time\" \/>\n\t<meta name=\"twitter:data2\" content=\"2 minute\" \/>\n<script type=\"application\/ld+json\" class=\"yoast-schema-graph\">{\"@context\":\"https:\/\/schema.org\",\"@graph\":[{\"@type\":\"Article\",\"@id\":\"https:\/\/sandzakpress.net\/arhiva\/nakon-izjave-faktoru-bilalu-dervisicu-prijete-smrcu\/#article\",\"isPartOf\":{\"@id\":\"https:\/\/sandzakpress.net\/arhiva\/nakon-izjave-faktoru-bilalu-dervisicu-prijete-smrcu\/\"},\"author\":{\"name\":\"bosniak\",\"@id\":\"https:\/\/sandzakpress.net\/arhiva\/#\/schema\/person\/c8baee722073534b583ea7bdb2e36c02\"},\"headline\":\"Nakon izjave Faktoru: Bilalu Dervi\u0161i\u0107u prijete smr\u0107u\",\"datePublished\":\"2016-01-04T11:32:36+00:00\",\"mainEntityOfPage\":{\"@id\":\"https:\/\/sandzakpress.net\/arhiva\/nakon-izjave-faktoru-bilalu-dervisicu-prijete-smrcu\/\"},\"wordCount\":379,\"commentCount\":1,\"publisher\":{\"@id\":\"https:\/\/sandzakpress.net\/arhiva\/#\/schema\/person\/6e72b67d6e51910a1117b3b483ba20bd\"},\"image\":{\"@id\":\"https:\/\/sandzakpress.net\/arhiva\/nakon-izjave-faktoru-bilalu-dervisicu-prijete-smrcu\/#primaryimage\"},\"thumbnailUrl\":\"https:\/\/sandzakpress.net\/arhiva\/wp-content\/uploads\/2016\/01\/bilal-dervisevic-28122015-MZ-24-658x439-1.jpg\",\"keywords\":[\"Bosna i Hercegovina\"],\"articleSection\":[\"Bosna PRESS\"],\"inLanguage\":\"bs-BA\",\"potentialAction\":[{\"@type\":\"CommentAction\",\"name\":\"Comment\",\"target\":[\"https:\/\/sandzakpress.net\/arhiva\/nakon-izjave-faktoru-bilalu-dervisicu-prijete-smrcu\/#respond\"]}]},{\"@type\":\"WebPage\",\"@id\":\"https:\/\/sandzakpress.net\/arhiva\/nakon-izjave-faktoru-bilalu-dervisicu-prijete-smrcu\/\",\"url\":\"https:\/\/sandzakpress.net\/arhiva\/nakon-izjave-faktoru-bilalu-dervisicu-prijete-smrcu\/\",\"name\":\"Nakon izjave Faktoru: Bilalu Dervi\u0161i\u0107u prijete smr\u0107u\",\"isPartOf\":{\"@id\":\"https:\/\/sandzakpress.net\/arhiva\/#website\"},\"primaryImageOfPage\":{\"@id\":\"https:\/\/sandzakpress.net\/arhiva\/nakon-izjave-faktoru-bilalu-dervisicu-prijete-smrcu\/#primaryimage\"},\"image\":{\"@id\":\"https:\/\/sandzakpress.net\/arhiva\/nakon-izjave-faktoru-bilalu-dervisicu-prijete-smrcu\/#primaryimage\"},\"thumbnailUrl\":\"https:\/\/sandzakpress.net\/arhiva\/wp-content\/uploads\/2016\/01\/bilal-dervisevic-28122015-MZ-24-658x439-1.jpg\",\"datePublished\":\"2016-01-04T11:32:36+00:00\",\"breadcrumb\":{\"@id\":\"https:\/\/sandzakpress.net\/arhiva\/nakon-izjave-faktoru-bilalu-dervisicu-prijete-smrcu\/#breadcrumb\"},\"inLanguage\":\"bs-BA\",\"potentialAction\":[{\"@type\":\"ReadAction\",\"target\":[\"https:\/\/sandzakpress.net\/arhiva\/nakon-izjave-faktoru-bilalu-dervisicu-prijete-smrcu\/\"]}]},{\"@type\":\"ImageObject\",\"inLanguage\":\"bs-BA\",\"@id\":\"https:\/\/sandzakpress.net\/arhiva\/nakon-izjave-faktoru-bilalu-dervisicu-prijete-smrcu\/#primaryimage\",\"url\":\"https:\/\/sandzakpress.net\/arhiva\/wp-content\/uploads\/2016\/01\/bilal-dervisevic-28122015-MZ-24-658x439-1.jpg\",\"contentUrl\":\"https:\/\/sandzakpress.net\/arhiva\/wp-content\/uploads\/2016\/01\/bilal-dervisevic-28122015-MZ-24-658x439-1.jpg\",\"width\":658,\"height\":439},{\"@type\":\"BreadcrumbList\",\"@id\":\"https:\/\/sandzakpress.net\/arhiva\/nakon-izjave-faktoru-bilalu-dervisicu-prijete-smrcu\/#breadcrumb\",\"itemListElement\":[{\"@type\":\"ListItem\",\"position\":1,\"name\":\"Home\",\"item\":\"https:\/\/sandzakpress.net\/arhiva\/\"},{\"@type\":\"ListItem\",\"position\":2,\"name\":\"Nakon izjave Faktoru: Bilalu Dervi\u0161i\u0107u prijete smr\u0107u\"}]},{\"@type\":\"WebSite\",\"@id\":\"https:\/\/sandzakpress.net\/arhiva\/#website\",\"url\":\"https:\/\/sandzakpress.net\/arhiva\/\",\"name\":\"Sand\u017eak PRESS\",\"description\":\"Prve elektronske novine u Sand\u017eaku\",\"publisher\":{\"@id\":\"https:\/\/sandzakpress.net\/arhiva\/#\/schema\/person\/6e72b67d6e51910a1117b3b483ba20bd\"},\"potentialAction\":[{\"@type\":\"SearchAction\",\"target\":{\"@type\":\"EntryPoint\",\"urlTemplate\":\"https:\/\/sandzakpress.net\/arhiva\/?s={search_term_string}\"},\"query-input\":{\"@type\":\"PropertyValueSpecification\",\"valueRequired\":true,\"valueName\":\"search_term_string\"}}],\"inLanguage\":\"bs-BA\"},{\"@type\":[\"Person\",\"Organization\"],\"@id\":\"https:\/\/sandzakpress.net\/arhiva\/#\/schema\/person\/6e72b67d6e51910a1117b3b483ba20bd\",\"name\":\"Kul\",\"image\":{\"@type\":\"ImageObject\",\"inLanguage\":\"bs-BA\",\"@id\":\"https:\/\/sandzakpress.net\/arhiva\/#\/schema\/person\/image\/\",\"url\":\"https:\/\/secure.gravatar.com\/avatar\/42263f39aa27ac04c43cab85c280eb2e?s=96&d=mm&r=pg\",\"contentUrl\":\"https:\/\/secure.gravatar.com\/avatar\/42263f39aa27ac04c43cab85c280eb2e?s=96&d=mm&r=pg\",\"caption\":\"Kul\"},\"logo\":{\"@id\":\"https:\/\/sandzakpress.net\/arhiva\/#\/schema\/person\/image\/\"}},{\"@type\":\"Person\",\"@id\":\"https:\/\/sandzakpress.net\/arhiva\/#\/schema\/person\/c8baee722073534b583ea7bdb2e36c02\",\"name\":\"bosniak\",\"image\":{\"@type\":\"ImageObject\",\"inLanguage\":\"bs-BA\",\"@id\":\"https:\/\/sandzakpress.net\/arhiva\/#\/schema\/person\/image\/\",\"url\":\"https:\/\/secure.gravatar.com\/avatar\/a04fd330bfe3a36a72a0ad4a6d89fca7?s=96&d=mm&r=pg\",\"contentUrl\":\"https:\/\/secure.gravatar.com\/avatar\/a04fd330bfe3a36a72a0ad4a6d89fca7?s=96&d=mm&r=pg\",\"caption\":\"bosniak\"},\"url\":\"https:\/\/sandzakpress.net\/arhiva\/author\/bosniak\/\"}]}<\/script>\n<!-- \/ Yoast SEO Premium plugin. -->","yoast_head_json":{"title":"Nakon izjave Faktoru: Bilalu Dervi\u0161i\u0107u prijete smr\u0107u","robots":{"index":"index","follow":"follow","max-snippet":"max-snippet:-1","max-image-preview":"max-image-preview:large","max-video-preview":"max-video-preview:-1"},"canonical":"https:\/\/sandzakpress.net\/arhiva\/nakon-izjave-faktoru-bilalu-dervisicu-prijete-smrcu\/","og_locale":"bs_BA","og_type":"article","og_title":"Nakon izjave Faktoru: Bilalu Dervi\u0161i\u0107u prijete smr\u0107u","og_description":"Sarajevo \u2013 Ne\u0107emo imati milosti prema vama, ubijat \u0107emo vas kao va\u0161u bra\u0107u \u010detnike. Vi to vidite dalekim, a mi to vidimo blizu. Hafizu Bilalu Dervi\u0161i\u0107u, nosiocu Zlatnog ljiljana, najve\u0107eg vojni\u010dkog priznanja Armije RBiH, uhap\u0161enom pa pu\u0161tenom na slobodu nakon akcije Rez u kojoj je pritvoreno 11 osoba osumnji\u010denih za terorizam, nakon razgovora za Faktor, [&hellip;]","og_url":"https:\/\/sandzakpress.net\/arhiva\/nakon-izjave-faktoru-bilalu-dervisicu-prijete-smrcu\/","og_site_name":"Sand\u017eak PRESS","article_published_time":"2016-01-04T11:32:36+00:00","og_image":[{"width":658,"height":439,"url":"https:\/\/sandzakpress.net\/arhiva\/wp-content\/uploads\/2016\/01\/bilal-dervisevic-28122015-MZ-24-658x439-1.jpg","type":"image\/jpeg"}],"author":"bosniak","twitter_card":"summary_large_image","twitter_misc":{"Written by":"bosniak","Est. reading time":"2 minute"},"schema":{"@context":"https:\/\/schema.org","@graph":[{"@type":"Article","@id":"https:\/\/sandzakpress.net\/arhiva\/nakon-izjave-faktoru-bilalu-dervisicu-prijete-smrcu\/#article","isPartOf":{"@id":"https:\/\/sandzakpress.net\/arhiva\/nakon-izjave-faktoru-bilalu-dervisicu-prijete-smrcu\/"},"author":{"name":"bosniak","@id":"https:\/\/sandzakpress.net\/arhiva\/#\/schema\/person\/c8baee722073534b583ea7bdb2e36c02"},"headline":"Nakon izjave Faktoru: Bilalu Dervi\u0161i\u0107u prijete smr\u0107u","datePublished":"2016-01-04T11:32:36+00:00","mainEntityOfPage":{"@id":"https:\/\/sandzakpress.net\/arhiva\/nakon-izjave-faktoru-bilalu-dervisicu-prijete-smrcu\/"},"wordCount":379,"commentCount":1,"publisher":{"@id":"https:\/\/sandzakpress.net\/arhiva\/#\/schema\/person\/6e72b67d6e51910a1117b3b483ba20bd"},"image":{"@id":"https:\/\/sandzakpress.net\/arhiva\/nakon-izjave-faktoru-bilalu-dervisicu-prijete-smrcu\/#primaryimage"},"thumbnailUrl":"https:\/\/sandzakpress.net\/arhiva\/wp-content\/uploads\/2016\/01\/bilal-dervisevic-28122015-MZ-24-658x439-1.jpg","keywords":["Bosna i Hercegovina"],"articleSection":["Bosna PRESS"],"inLanguage":"bs-BA","potentialAction":[{"@type":"CommentAction","name":"Comment","target":["https:\/\/sandzakpress.net\/arhiva\/nakon-izjave-faktoru-bilalu-dervisicu-prijete-smrcu\/#respond"]}]},{"@type":"WebPage","@id":"https:\/\/sandzakpress.net\/arhiva\/nakon-izjave-faktoru-bilalu-dervisicu-prijete-smrcu\/","url":"https:\/\/sandzakpress.net\/arhiva\/nakon-izjave-faktoru-bilalu-dervisicu-prijete-smrcu\/","name":"Nakon izjave Faktoru: Bilalu Dervi\u0161i\u0107u prijete smr\u0107u","isPartOf":{"@id":"https:\/\/sandzakpress.net\/arhiva\/#website"},"primaryImageOfPage":{"@id":"https:\/\/sandzakpress.net\/arhiva\/nakon-izjave-faktoru-bilalu-dervisicu-prijete-smrcu\/#primaryimage"},"image":{"@id":"https:\/\/sandzakpress.net\/arhiva\/nakon-izjave-faktoru-bilalu-dervisicu-prijete-smrcu\/#primaryimage"},"thumbnailUrl":"https:\/\/sandzakpress.net\/arhiva\/wp-content\/uploads\/2016\/01\/bilal-dervisevic-28122015-MZ-24-658x439-1.jpg","datePublished":"2016-01-04T11:32:36+00:00","breadcrumb":{"@id":"https:\/\/sandzakpress.net\/arhiva\/nakon-izjave-faktoru-bilalu-dervisicu-prijete-smrcu\/#breadcrumb"},"inLanguage":"bs-BA","potentialAction":[{"@type":"ReadAction","target":["https:\/\/sandzakpress.net\/arhiva\/nakon-izjave-faktoru-bilalu-dervisicu-prijete-smrcu\/"]}]},{"@type":"ImageObject","inLanguage":"bs-BA","@id":"https:\/\/sandzakpress.net\/arhiva\/nakon-izjave-faktoru-bilalu-dervisicu-prijete-smrcu\/#primaryimage","url":"https:\/\/sandzakpress.net\/arhiva\/wp-content\/uploads\/2016\/01\/bilal-dervisevic-28122015-MZ-24-658x439-1.jpg","contentUrl":"https:\/\/sandzakpress.net\/arhiva\/wp-content\/uploads\/2016\/01\/bilal-dervisevic-28122015-MZ-24-658x439-1.jpg","width":658,"height":439},{"@type":"BreadcrumbList","@id":"https:\/\/sandzakpress.net\/arhiva\/nakon-izjave-faktoru-bilalu-dervisicu-prijete-smrcu\/#breadcrumb","itemListElement":[{"@type":"ListItem","position":1,"name":"Home","item":"https:\/\/sandzakpress.net\/arhiva\/"},{"@type":"ListItem","position":2,"name":"Nakon izjave Faktoru: Bilalu Dervi\u0161i\u0107u prijete smr\u0107u"}]},{"@type":"WebSite","@id":"https:\/\/sandzakpress.net\/arhiva\/#website","url":"https:\/\/sandzakpress.net\/arhiva\/","name":"Sand\u017eak PRESS","description":"Prve elektronske novine u Sand\u017eaku","publisher":{"@id":"https:\/\/sandzakpress.net\/arhiva\/#\/schema\/person\/6e72b67d6e51910a1117b3b483ba20bd"},"potentialAction":[{"@type":"SearchAction","target":{"@type":"EntryPoint","urlTemplate":"https:\/\/sandzakpress.net\/arhiva\/?s={search_term_string}"},"query-input":{"@type":"PropertyValueSpecification","valueRequired":true,"valueName":"search_term_string"}}],"inLanguage":"bs-BA"},{"@type":["Person","Organization"],"@id":"https:\/\/sandzakpress.net\/arhiva\/#\/schema\/person\/6e72b67d6e51910a1117b3b483ba20bd","name":"Kul","image":{"@type":"ImageObject","inLanguage":"bs-BA","@id":"https:\/\/sandzakpress.net\/arhiva\/#\/schema\/person\/image\/","url":"https:\/\/secure.gravatar.com\/avatar\/42263f39aa27ac04c43cab85c280eb2e?s=96&d=mm&r=pg","contentUrl":"https:\/\/secure.gravatar.com\/avatar\/42263f39aa27ac04c43cab85c280eb2e?s=96&d=mm&r=pg","caption":"Kul"},"logo":{"@id":"https:\/\/sandzakpress.net\/arhiva\/#\/schema\/person\/image\/"}},{"@type":"Person","@id":"https:\/\/sandzakpress.net\/arhiva\/#\/schema\/person\/c8baee722073534b583ea7bdb2e36c02","name":"bosniak","image":{"@type":"ImageObject","inLanguage":"bs-BA","@id":"https:\/\/sandzakpress.net\/arhiva\/#\/schema\/person\/image\/","url":"https:\/\/secure.gravatar.com\/avatar\/a04fd330bfe3a36a72a0ad4a6d89fca7?s=96&d=mm&r=pg","contentUrl":"https:\/\/secure.gravatar.com\/avatar\/a04fd330bfe3a36a72a0ad4a6d89fca7?s=96&d=mm&r=pg","caption":"bosniak"},"url":"https:\/\/sandzakpress.net\/arhiva\/author\/bosniak\/"}]}},"_links":{"self":[{"href":"https:\/\/sandzakpress.net\/arhiva\/wp-json\/wp\/v2\/posts\/151137"}],"collection":[{"href":"https:\/\/sandzakpress.net\/arhiva\/wp-json\/wp\/v2\/posts"}],"about":[{"href":"https:\/\/sandzakpress.net\/arhiva\/wp-json\/wp\/v2\/types\/post"}],"author":[{"embeddable":true,"href":"https:\/\/sandzakpress.net\/arhiva\/wp-json\/wp\/v2\/users\/83"}],"replies":[{"embeddable":true,"href":"https:\/\/sandzakpress.net\/arhiva\/wp-json\/wp\/v2\/comments?post=151137"}],"version-history":[{"count":0,"href":"https:\/\/sandzakpress.net\/arhiva\/wp-json\/wp\/v2\/posts\/151137\/revisions"}],"wp:featuredmedia":[{"embeddable":true,"href":"https:\/\/sandzakpress.net\/arhiva\/wp-json\/wp\/v2\/media\/151139"}],"wp:attachment":[{"href":"https:\/\/sandzakpress.net\/arhiva\/wp-json\/wp\/v2\/media?parent=151137"}],"wp:term":[{"taxonomy":"category","embeddable":true,"href":"https:\/\/sandzakpress.net\/arhiva\/wp-json\/wp\/v2\/categories?post=151137"},{"taxonomy":"post_tag","embeddable":true,"href":"https:\/\/sandzakpress.net\/arhiva\/wp-json\/wp\/v2\/tags?post=151137"}],"curies":[{"name":"wp","href":"https:\/\/api.w.org\/{rel}","templated":true}]}}