{"id":151053,"date":"2016-01-03T19:31:10","date_gmt":"2016-01-03T18:31:10","guid":{"rendered":"https:\/\/sandzakpress.net\/arhiva\/?p=151053"},"modified":"2016-01-03T19:31:41","modified_gmt":"2016-01-03T18:31:41","slug":"ljajicev-sdp-u-velikom-strahu-u-slucaju-da-se-pomire-bdz-i-sda","status":"publish","type":"post","link":"https:\/\/sandzakpress.net\/arhiva\/ljajicev-sdp-u-velikom-strahu-u-slucaju-da-se-pomire-bdz-i-sda\/","title":{"rendered":"Ljaji\u0107ev SDP &#8211; U velikom strahu od pomirenja BDZ i SDA"},"content":{"rendered":"<p><img loading=\"lazy\" decoding=\"async\" class=\"aligncenter size-large wp-image-151054\" src=\"https:\/\/sandzakpress.net\/arhiva\/wp-content\/uploads\/2016\/01\/SDP-SANDZAK-616x363.jpg\" alt=\"SDP-SANDZAK\" width=\"600\" height=\"354\" srcset=\"https:\/\/sandzakpress.net\/arhiva\/wp-content\/uploads\/2016\/01\/SDP-SANDZAK-616x363.jpg 616w, https:\/\/sandzakpress.net\/arhiva\/wp-content\/uploads\/2016\/01\/SDP-SANDZAK-768x452.jpg 768w, https:\/\/sandzakpress.net\/arhiva\/wp-content\/uploads\/2016\/01\/SDP-SANDZAK-1400x825.jpg 1400w, https:\/\/sandzakpress.net\/arhiva\/wp-content\/uploads\/2016\/01\/SDP-SANDZAK.jpg 1660w\" sizes=\"(max-width: 600px) 100vw, 600px\" \/><\/p>\n<p><strong>Sand\u017eak &#8211; Direktor doma kulture i funkcioner SDP-a Husejn Memi\u0107 je izjavio da BDZ i SDA\u00a0jedinu slamku spasa vide u ujedinjenju.<\/strong><\/p>\n<p>&#8220;Sulejman Ugljanin koristi d\u017eamije kada <span class=\"text_exposed_show\">treba da sa mimbera pozove da se glasa za njega, to je radio na pro\u0161lim izborima u Bor d\u017eamiji, a i u drugim pod njegovom kontrolom. Da je ovo ta\u010dno vidi se i u gradskoj skup\u0161tini gdje ove dvije politi\u010dke opcije odli\u010dno sara\u0111uju, ostavljaju\u0107i po strani sve nesuglasice i podjele zbog kojih su godinama unazad izazivali sva\u0111e i dijelili ljude i d\u017eemate. <\/span><\/p>\n<p><span class=\"text_exposed_show\">\u010cak i kada bi po prirodi stvari u njihovom me\u0111usobnom odnosu trebali jedni druge napasti, oni to odrade uz dogovor i kontrolisani izre\u017eirani napor da uvjere ljude da je sve stvarno i istinski. Sulejman Ugljanin vidi da mu se osipa \u010dlanstvo dok Zukorli\u0107a napu\u0161taju najugledniji imami koji ne \u017eele da trpe torturu i ucjene&#8221; &#8211; isti\u010de Memi\u0107.<\/span><\/p>\n<p>Za vakufske objekte u okviru kompleksa d\u017eamije u Raj\u010dinovi\u0107u, Ljaji\u0107ev SDP tvrdi da se radi o &#8220;Zukorli\u0107evim privatnim vilama&#8221;<\/p>\n<p><span class=\"text_exposed_show\">&#8220;Dok to stagnira Zukorli\u0107 podi\u017ae svoje privatno carstvo i gradi vile i stanove po Novom Pazaru i Bosni. Dokaz je i ogromna vila nad grobljem u Raj\u010dinovi\u0107u koju je Zukorli\u0107 podigao.&#8221;<\/span><\/p>\n<p>Na sli\u010dan na\u010din je Ljaji\u0107ev SDP iznio la\u017enu optu\u017ebu na d\u017eamiju El D\u017einan, kada su tvrdili da &#8220;Zukorli\u0107 gradi privatnu stambeno poslovnu zgradu&#8221; oduzimaju\u0107i odzvolu za gradnju d\u017eamije, koje je prijethodno bila data.<\/p>\n<p><span class=\"text_exposed_show\">On dalje isti\u010de: &#8220;\u0160to se ti\u010de Ugljanina i njegove IZ tu o\u010digledno postoji ogromno mimoila\u017eenje sa d\u017eematlijama i imamima. Dok Ugljanin \u010dvrsto ube\u0111uje Zilki\u0107a da nije u dilu sa Zukorli\u0107em, ve\u0107ina imama i d\u017eematlija bliskih paralelnoj islamskoj zajednici\u00a0\u017eeli da se distancira od Ugljanina jer ne\u0107e nikakvu bliskost i saradnju sa Zukorli\u0107em.&#8221;<\/span><\/p>\n<p>Na ovaj na\u010din Ljaji\u0107 \u0161alje poruku da je u velikom strahu od mogu\u0107eg pomirenja me\u0111u nacionalno orjentisanim strankama u Sand\u017eaku &#8211; izme\u0111u BDZ i SDA.<\/p>\n","protected":false},"excerpt":{"rendered":"<p>Sand\u017eak &#8211; Direktor doma kulture i funkcioner SDP-a Husejn Memi\u0107 je izjavio da BDZ i SDA\u00a0jedinu slamku spasa vide u ujedinjenju. &#8220;Sulejman Ugljanin koristi d\u017eamije kada treba da sa mimbera pozove da se glasa za njega, to je radio na pro\u0161lim izborima u Bor d\u017eamiji, a i u drugim pod njegovom kontrolom. Da je ovo [&hellip;]<\/p>\n","protected":false},"author":83,"featured_media":151055,"comment_status":"open","ping_status":"open","sticky":false,"template":"","format":"standard","meta":{"footnotes":""},"categories":[72,52,1,327,392,393,8957],"tags":[],"class_list":{"0":"post-151053","1":"post","2":"type-post","3":"status-publish","4":"format-standard","5":"has-post-thumbnail","7":"category-novi-pazar","8":"category-sjenica","9":"category-politika","10":"category-tutin","11":"category-prijepolje_","12":"category-priboj","13":"category-vijesti-dana"},"yoast_head":"<!-- This site is optimized with the Yoast SEO Premium plugin v23.1 (Yoast SEO v24.9) - https:\/\/yoast.com\/wordpress\/plugins\/seo\/ -->\n<title>Ljaji\u0107ev SDP - U velikom strahu od pomirenja BDZ i SDA<\/title>\n<meta name=\"robots\" content=\"index, follow, max-snippet:-1, max-image-preview:large, max-video-preview:-1\" \/>\n<link rel=\"canonical\" href=\"https:\/\/sandzakpress.net\/arhiva\/ljajicev-sdp-u-velikom-strahu-u-slucaju-da-se-pomire-bdz-i-sda\/\" \/>\n<meta property=\"og:locale\" content=\"bs_BA\" \/>\n<meta property=\"og:type\" content=\"article\" \/>\n<meta property=\"og:title\" content=\"Ljaji\u0107ev SDP - U velikom strahu od pomirenja BDZ i SDA\" \/>\n<meta property=\"og:description\" content=\"Sand\u017eak &#8211; Direktor doma kulture i funkcioner SDP-a Husejn Memi\u0107 je izjavio da BDZ i SDA\u00a0jedinu slamku spasa vide u ujedinjenju. &#8220;Sulejman Ugljanin koristi d\u017eamije kada treba da sa mimbera pozove da se glasa za njega, to je radio na pro\u0161lim izborima u Bor d\u017eamiji, a i u drugim pod njegovom kontrolom. Da je ovo [&hellip;]\" \/>\n<meta property=\"og:url\" content=\"https:\/\/sandzakpress.net\/arhiva\/ljajicev-sdp-u-velikom-strahu-u-slucaju-da-se-pomire-bdz-i-sda\/\" \/>\n<meta property=\"og:site_name\" content=\"Sand\u017eak PRESS\" \/>\n<meta property=\"article:published_time\" content=\"2016-01-03T18:31:10+00:00\" \/>\n<meta property=\"article:modified_time\" content=\"2016-01-03T18:31:41+00:00\" \/>\n<meta property=\"og:image\" content=\"https:\/\/sandzakpress.net\/arhiva\/wp-content\/uploads\/2016\/01\/SDP-SANDZAK-616x363-1.jpg\" \/>\n\t<meta property=\"og:image:width\" content=\"616\" \/>\n\t<meta property=\"og:image:height\" content=\"363\" \/>\n\t<meta property=\"og:image:type\" content=\"image\/jpeg\" \/>\n<meta name=\"author\" content=\"bosniak\" \/>\n<meta name=\"twitter:card\" content=\"summary_large_image\" \/>\n<meta name=\"twitter:label1\" content=\"Written by\" \/>\n\t<meta name=\"twitter:data1\" content=\"bosniak\" \/>\n\t<meta name=\"twitter:label2\" content=\"Est. reading time\" \/>\n\t<meta name=\"twitter:data2\" content=\"2 minute\" \/>\n<script type=\"application\/ld+json\" class=\"yoast-schema-graph\">{\"@context\":\"https:\/\/schema.org\",\"@graph\":[{\"@type\":\"Article\",\"@id\":\"https:\/\/sandzakpress.net\/arhiva\/ljajicev-sdp-u-velikom-strahu-u-slucaju-da-se-pomire-bdz-i-sda\/#article\",\"isPartOf\":{\"@id\":\"https:\/\/sandzakpress.net\/arhiva\/ljajicev-sdp-u-velikom-strahu-u-slucaju-da-se-pomire-bdz-i-sda\/\"},\"author\":{\"name\":\"bosniak\",\"@id\":\"https:\/\/sandzakpress.net\/arhiva\/#\/schema\/person\/c8baee722073534b583ea7bdb2e36c02\"},\"headline\":\"Ljaji\u0107ev SDP &#8211; U velikom strahu od pomirenja BDZ i SDA\",\"datePublished\":\"2016-01-03T18:31:10+00:00\",\"dateModified\":\"2016-01-03T18:31:41+00:00\",\"mainEntityOfPage\":{\"@id\":\"https:\/\/sandzakpress.net\/arhiva\/ljajicev-sdp-u-velikom-strahu-u-slucaju-da-se-pomire-bdz-i-sda\/\"},\"wordCount\":369,\"commentCount\":53,\"publisher\":{\"@id\":\"https:\/\/sandzakpress.net\/arhiva\/#\/schema\/person\/6e72b67d6e51910a1117b3b483ba20bd\"},\"image\":{\"@id\":\"https:\/\/sandzakpress.net\/arhiva\/ljajicev-sdp-u-velikom-strahu-u-slucaju-da-se-pomire-bdz-i-sda\/#primaryimage\"},\"thumbnailUrl\":\"https:\/\/sandzakpress.net\/arhiva\/wp-content\/uploads\/2016\/01\/SDP-SANDZAK-616x363-1.jpg\",\"articleSection\":[\"Novi Pazar\",\"Sjenica\",\"Politika\",\"Tutin\",\"Prijepolje\",\"Priboj\",\"VIJESTI DANA\"],\"inLanguage\":\"bs-BA\",\"potentialAction\":[{\"@type\":\"CommentAction\",\"name\":\"Comment\",\"target\":[\"https:\/\/sandzakpress.net\/arhiva\/ljajicev-sdp-u-velikom-strahu-u-slucaju-da-se-pomire-bdz-i-sda\/#respond\"]}]},{\"@type\":\"WebPage\",\"@id\":\"https:\/\/sandzakpress.net\/arhiva\/ljajicev-sdp-u-velikom-strahu-u-slucaju-da-se-pomire-bdz-i-sda\/\",\"url\":\"https:\/\/sandzakpress.net\/arhiva\/ljajicev-sdp-u-velikom-strahu-u-slucaju-da-se-pomire-bdz-i-sda\/\",\"name\":\"Ljaji\u0107ev SDP - U velikom strahu od pomirenja BDZ i SDA\",\"isPartOf\":{\"@id\":\"https:\/\/sandzakpress.net\/arhiva\/#website\"},\"primaryImageOfPage\":{\"@id\":\"https:\/\/sandzakpress.net\/arhiva\/ljajicev-sdp-u-velikom-strahu-u-slucaju-da-se-pomire-bdz-i-sda\/#primaryimage\"},\"image\":{\"@id\":\"https:\/\/sandzakpress.net\/arhiva\/ljajicev-sdp-u-velikom-strahu-u-slucaju-da-se-pomire-bdz-i-sda\/#primaryimage\"},\"thumbnailUrl\":\"https:\/\/sandzakpress.net\/arhiva\/wp-content\/uploads\/2016\/01\/SDP-SANDZAK-616x363-1.jpg\",\"datePublished\":\"2016-01-03T18:31:10+00:00\",\"dateModified\":\"2016-01-03T18:31:41+00:00\",\"breadcrumb\":{\"@id\":\"https:\/\/sandzakpress.net\/arhiva\/ljajicev-sdp-u-velikom-strahu-u-slucaju-da-se-pomire-bdz-i-sda\/#breadcrumb\"},\"inLanguage\":\"bs-BA\",\"potentialAction\":[{\"@type\":\"ReadAction\",\"target\":[\"https:\/\/sandzakpress.net\/arhiva\/ljajicev-sdp-u-velikom-strahu-u-slucaju-da-se-pomire-bdz-i-sda\/\"]}]},{\"@type\":\"ImageObject\",\"inLanguage\":\"bs-BA\",\"@id\":\"https:\/\/sandzakpress.net\/arhiva\/ljajicev-sdp-u-velikom-strahu-u-slucaju-da-se-pomire-bdz-i-sda\/#primaryimage\",\"url\":\"https:\/\/sandzakpress.net\/arhiva\/wp-content\/uploads\/2016\/01\/SDP-SANDZAK-616x363-1.jpg\",\"contentUrl\":\"https:\/\/sandzakpress.net\/arhiva\/wp-content\/uploads\/2016\/01\/SDP-SANDZAK-616x363-1.jpg\",\"width\":616,\"height\":363},{\"@type\":\"BreadcrumbList\",\"@id\":\"https:\/\/sandzakpress.net\/arhiva\/ljajicev-sdp-u-velikom-strahu-u-slucaju-da-se-pomire-bdz-i-sda\/#breadcrumb\",\"itemListElement\":[{\"@type\":\"ListItem\",\"position\":1,\"name\":\"Home\",\"item\":\"https:\/\/sandzakpress.net\/arhiva\/\"},{\"@type\":\"ListItem\",\"position\":2,\"name\":\"Ljaji\u0107ev SDP &#8211; U velikom strahu od pomirenja BDZ i SDA\"}]},{\"@type\":\"WebSite\",\"@id\":\"https:\/\/sandzakpress.net\/arhiva\/#website\",\"url\":\"https:\/\/sandzakpress.net\/arhiva\/\",\"name\":\"Sand\u017eak PRESS\",\"description\":\"Prve elektronske novine u Sand\u017eaku\",\"publisher\":{\"@id\":\"https:\/\/sandzakpress.net\/arhiva\/#\/schema\/person\/6e72b67d6e51910a1117b3b483ba20bd\"},\"potentialAction\":[{\"@type\":\"SearchAction\",\"target\":{\"@type\":\"EntryPoint\",\"urlTemplate\":\"https:\/\/sandzakpress.net\/arhiva\/?s={search_term_string}\"},\"query-input\":{\"@type\":\"PropertyValueSpecification\",\"valueRequired\":true,\"valueName\":\"search_term_string\"}}],\"inLanguage\":\"bs-BA\"},{\"@type\":[\"Person\",\"Organization\"],\"@id\":\"https:\/\/sandzakpress.net\/arhiva\/#\/schema\/person\/6e72b67d6e51910a1117b3b483ba20bd\",\"name\":\"Kul\",\"image\":{\"@type\":\"ImageObject\",\"inLanguage\":\"bs-BA\",\"@id\":\"https:\/\/sandzakpress.net\/arhiva\/#\/schema\/person\/image\/\",\"url\":\"https:\/\/secure.gravatar.com\/avatar\/42263f39aa27ac04c43cab85c280eb2e?s=96&d=mm&r=pg\",\"contentUrl\":\"https:\/\/secure.gravatar.com\/avatar\/42263f39aa27ac04c43cab85c280eb2e?s=96&d=mm&r=pg\",\"caption\":\"Kul\"},\"logo\":{\"@id\":\"https:\/\/sandzakpress.net\/arhiva\/#\/schema\/person\/image\/\"}},{\"@type\":\"Person\",\"@id\":\"https:\/\/sandzakpress.net\/arhiva\/#\/schema\/person\/c8baee722073534b583ea7bdb2e36c02\",\"name\":\"bosniak\",\"image\":{\"@type\":\"ImageObject\",\"inLanguage\":\"bs-BA\",\"@id\":\"https:\/\/sandzakpress.net\/arhiva\/#\/schema\/person\/image\/\",\"url\":\"https:\/\/secure.gravatar.com\/avatar\/a04fd330bfe3a36a72a0ad4a6d89fca7?s=96&d=mm&r=pg\",\"contentUrl\":\"https:\/\/secure.gravatar.com\/avatar\/a04fd330bfe3a36a72a0ad4a6d89fca7?s=96&d=mm&r=pg\",\"caption\":\"bosniak\"},\"url\":\"https:\/\/sandzakpress.net\/arhiva\/author\/bosniak\/\"}]}<\/script>\n<!-- \/ Yoast SEO Premium plugin. -->","yoast_head_json":{"title":"Ljaji\u0107ev SDP - U velikom strahu od pomirenja BDZ i SDA","robots":{"index":"index","follow":"follow","max-snippet":"max-snippet:-1","max-image-preview":"max-image-preview:large","max-video-preview":"max-video-preview:-1"},"canonical":"https:\/\/sandzakpress.net\/arhiva\/ljajicev-sdp-u-velikom-strahu-u-slucaju-da-se-pomire-bdz-i-sda\/","og_locale":"bs_BA","og_type":"article","og_title":"Ljaji\u0107ev SDP - U velikom strahu od pomirenja BDZ i SDA","og_description":"Sand\u017eak &#8211; Direktor doma kulture i funkcioner SDP-a Husejn Memi\u0107 je izjavio da BDZ i SDA\u00a0jedinu slamku spasa vide u ujedinjenju. &#8220;Sulejman Ugljanin koristi d\u017eamije kada treba da sa mimbera pozove da se glasa za njega, to je radio na pro\u0161lim izborima u Bor d\u017eamiji, a i u drugim pod njegovom kontrolom. Da je ovo [&hellip;]","og_url":"https:\/\/sandzakpress.net\/arhiva\/ljajicev-sdp-u-velikom-strahu-u-slucaju-da-se-pomire-bdz-i-sda\/","og_site_name":"Sand\u017eak PRESS","article_published_time":"2016-01-03T18:31:10+00:00","article_modified_time":"2016-01-03T18:31:41+00:00","og_image":[{"width":616,"height":363,"url":"https:\/\/sandzakpress.net\/arhiva\/wp-content\/uploads\/2016\/01\/SDP-SANDZAK-616x363-1.jpg","type":"image\/jpeg"}],"author":"bosniak","twitter_card":"summary_large_image","twitter_misc":{"Written by":"bosniak","Est. reading time":"2 minute"},"schema":{"@context":"https:\/\/schema.org","@graph":[{"@type":"Article","@id":"https:\/\/sandzakpress.net\/arhiva\/ljajicev-sdp-u-velikom-strahu-u-slucaju-da-se-pomire-bdz-i-sda\/#article","isPartOf":{"@id":"https:\/\/sandzakpress.net\/arhiva\/ljajicev-sdp-u-velikom-strahu-u-slucaju-da-se-pomire-bdz-i-sda\/"},"author":{"name":"bosniak","@id":"https:\/\/sandzakpress.net\/arhiva\/#\/schema\/person\/c8baee722073534b583ea7bdb2e36c02"},"headline":"Ljaji\u0107ev SDP &#8211; U velikom strahu od pomirenja BDZ i SDA","datePublished":"2016-01-03T18:31:10+00:00","dateModified":"2016-01-03T18:31:41+00:00","mainEntityOfPage":{"@id":"https:\/\/sandzakpress.net\/arhiva\/ljajicev-sdp-u-velikom-strahu-u-slucaju-da-se-pomire-bdz-i-sda\/"},"wordCount":369,"commentCount":53,"publisher":{"@id":"https:\/\/sandzakpress.net\/arhiva\/#\/schema\/person\/6e72b67d6e51910a1117b3b483ba20bd"},"image":{"@id":"https:\/\/sandzakpress.net\/arhiva\/ljajicev-sdp-u-velikom-strahu-u-slucaju-da-se-pomire-bdz-i-sda\/#primaryimage"},"thumbnailUrl":"https:\/\/sandzakpress.net\/arhiva\/wp-content\/uploads\/2016\/01\/SDP-SANDZAK-616x363-1.jpg","articleSection":["Novi Pazar","Sjenica","Politika","Tutin","Prijepolje","Priboj","VIJESTI DANA"],"inLanguage":"bs-BA","potentialAction":[{"@type":"CommentAction","name":"Comment","target":["https:\/\/sandzakpress.net\/arhiva\/ljajicev-sdp-u-velikom-strahu-u-slucaju-da-se-pomire-bdz-i-sda\/#respond"]}]},{"@type":"WebPage","@id":"https:\/\/sandzakpress.net\/arhiva\/ljajicev-sdp-u-velikom-strahu-u-slucaju-da-se-pomire-bdz-i-sda\/","url":"https:\/\/sandzakpress.net\/arhiva\/ljajicev-sdp-u-velikom-strahu-u-slucaju-da-se-pomire-bdz-i-sda\/","name":"Ljaji\u0107ev SDP - U velikom strahu od pomirenja BDZ i SDA","isPartOf":{"@id":"https:\/\/sandzakpress.net\/arhiva\/#website"},"primaryImageOfPage":{"@id":"https:\/\/sandzakpress.net\/arhiva\/ljajicev-sdp-u-velikom-strahu-u-slucaju-da-se-pomire-bdz-i-sda\/#primaryimage"},"image":{"@id":"https:\/\/sandzakpress.net\/arhiva\/ljajicev-sdp-u-velikom-strahu-u-slucaju-da-se-pomire-bdz-i-sda\/#primaryimage"},"thumbnailUrl":"https:\/\/sandzakpress.net\/arhiva\/wp-content\/uploads\/2016\/01\/SDP-SANDZAK-616x363-1.jpg","datePublished":"2016-01-03T18:31:10+00:00","dateModified":"2016-01-03T18:31:41+00:00","breadcrumb":{"@id":"https:\/\/sandzakpress.net\/arhiva\/ljajicev-sdp-u-velikom-strahu-u-slucaju-da-se-pomire-bdz-i-sda\/#breadcrumb"},"inLanguage":"bs-BA","potentialAction":[{"@type":"ReadAction","target":["https:\/\/sandzakpress.net\/arhiva\/ljajicev-sdp-u-velikom-strahu-u-slucaju-da-se-pomire-bdz-i-sda\/"]}]},{"@type":"ImageObject","inLanguage":"bs-BA","@id":"https:\/\/sandzakpress.net\/arhiva\/ljajicev-sdp-u-velikom-strahu-u-slucaju-da-se-pomire-bdz-i-sda\/#primaryimage","url":"https:\/\/sandzakpress.net\/arhiva\/wp-content\/uploads\/2016\/01\/SDP-SANDZAK-616x363-1.jpg","contentUrl":"https:\/\/sandzakpress.net\/arhiva\/wp-content\/uploads\/2016\/01\/SDP-SANDZAK-616x363-1.jpg","width":616,"height":363},{"@type":"BreadcrumbList","@id":"https:\/\/sandzakpress.net\/arhiva\/ljajicev-sdp-u-velikom-strahu-u-slucaju-da-se-pomire-bdz-i-sda\/#breadcrumb","itemListElement":[{"@type":"ListItem","position":1,"name":"Home","item":"https:\/\/sandzakpress.net\/arhiva\/"},{"@type":"ListItem","position":2,"name":"Ljaji\u0107ev SDP &#8211; U velikom strahu od pomirenja BDZ i SDA"}]},{"@type":"WebSite","@id":"https:\/\/sandzakpress.net\/arhiva\/#website","url":"https:\/\/sandzakpress.net\/arhiva\/","name":"Sand\u017eak PRESS","description":"Prve elektronske novine u Sand\u017eaku","publisher":{"@id":"https:\/\/sandzakpress.net\/arhiva\/#\/schema\/person\/6e72b67d6e51910a1117b3b483ba20bd"},"potentialAction":[{"@type":"SearchAction","target":{"@type":"EntryPoint","urlTemplate":"https:\/\/sandzakpress.net\/arhiva\/?s={search_term_string}"},"query-input":{"@type":"PropertyValueSpecification","valueRequired":true,"valueName":"search_term_string"}}],"inLanguage":"bs-BA"},{"@type":["Person","Organization"],"@id":"https:\/\/sandzakpress.net\/arhiva\/#\/schema\/person\/6e72b67d6e51910a1117b3b483ba20bd","name":"Kul","image":{"@type":"ImageObject","inLanguage":"bs-BA","@id":"https:\/\/sandzakpress.net\/arhiva\/#\/schema\/person\/image\/","url":"https:\/\/secure.gravatar.com\/avatar\/42263f39aa27ac04c43cab85c280eb2e?s=96&d=mm&r=pg","contentUrl":"https:\/\/secure.gravatar.com\/avatar\/42263f39aa27ac04c43cab85c280eb2e?s=96&d=mm&r=pg","caption":"Kul"},"logo":{"@id":"https:\/\/sandzakpress.net\/arhiva\/#\/schema\/person\/image\/"}},{"@type":"Person","@id":"https:\/\/sandzakpress.net\/arhiva\/#\/schema\/person\/c8baee722073534b583ea7bdb2e36c02","name":"bosniak","image":{"@type":"ImageObject","inLanguage":"bs-BA","@id":"https:\/\/sandzakpress.net\/arhiva\/#\/schema\/person\/image\/","url":"https:\/\/secure.gravatar.com\/avatar\/a04fd330bfe3a36a72a0ad4a6d89fca7?s=96&d=mm&r=pg","contentUrl":"https:\/\/secure.gravatar.com\/avatar\/a04fd330bfe3a36a72a0ad4a6d89fca7?s=96&d=mm&r=pg","caption":"bosniak"},"url":"https:\/\/sandzakpress.net\/arhiva\/author\/bosniak\/"}]}},"_links":{"self":[{"href":"https:\/\/sandzakpress.net\/arhiva\/wp-json\/wp\/v2\/posts\/151053"}],"collection":[{"href":"https:\/\/sandzakpress.net\/arhiva\/wp-json\/wp\/v2\/posts"}],"about":[{"href":"https:\/\/sandzakpress.net\/arhiva\/wp-json\/wp\/v2\/types\/post"}],"author":[{"embeddable":true,"href":"https:\/\/sandzakpress.net\/arhiva\/wp-json\/wp\/v2\/users\/83"}],"replies":[{"embeddable":true,"href":"https:\/\/sandzakpress.net\/arhiva\/wp-json\/wp\/v2\/comments?post=151053"}],"version-history":[{"count":0,"href":"https:\/\/sandzakpress.net\/arhiva\/wp-json\/wp\/v2\/posts\/151053\/revisions"}],"wp:featuredmedia":[{"embeddable":true,"href":"https:\/\/sandzakpress.net\/arhiva\/wp-json\/wp\/v2\/media\/151055"}],"wp:attachment":[{"href":"https:\/\/sandzakpress.net\/arhiva\/wp-json\/wp\/v2\/media?parent=151053"}],"wp:term":[{"taxonomy":"category","embeddable":true,"href":"https:\/\/sandzakpress.net\/arhiva\/wp-json\/wp\/v2\/categories?post=151053"},{"taxonomy":"post_tag","embeddable":true,"href":"https:\/\/sandzakpress.net\/arhiva\/wp-json\/wp\/v2\/tags?post=151053"}],"curies":[{"name":"wp","href":"https:\/\/api.w.org\/{rel}","templated":true}]}}