{"id":15083,"date":"2011-04-18T07:14:50","date_gmt":"2011-04-18T05:14:50","guid":{"rendered":"https:\/\/sandzakpress.net\/arhiva\/?p=15083"},"modified":"2011-04-18T07:14:50","modified_gmt":"2011-04-18T05:14:50","slug":"sandzak-i-vojvodina-hoce-svoju-autonomiju","status":"publish","type":"post","link":"https:\/\/sandzakpress.net\/arhiva\/sandzak-i-vojvodina-hoce-svoju-autonomiju\/","title":{"rendered":"Sand\u017eak i Vojvodina ho\u0107e svoju autonomiju"},"content":{"rendered":"<p><strong><a href=\"https:\/\/sandzakpress.net\/arhiva\/wp-content\/uploads\/2011\/04\/Cedomir-Jovanovic.jpg\"><img loading=\"lazy\" decoding=\"async\" class=\"alignleft size-medium wp-image-15084\" title=\"Cedomir Jovanovic\" src=\"https:\/\/sandzakpress.net\/arhiva\/wp-content\/uploads\/2011\/04\/Cedomir-Jovanovic-300x225.jpg\" alt=\"\" width=\"300\" height=\"225\" \/><\/a>Sjeverni Sand\u017eak &#8211; Lider LDP-a \u010cedomir Jovanovi\u0107 poru\u010dio je Bo\u0161njacima u Sand\u017eaku da na predstoje\u0107im izborima ne glasaju za one za koje su godinama glasali.<\/strong><\/p>\n<p>Prema rije\u010dima Jovanovi\u0107a, oni te glasove ne zaslu\u017euju.<\/p>\n<p>\u201cAko je postojala me\u0111u vama potreba da svoju lojalnost i pripadnost narodu iz koga poti\u010dete dokazujete glasanjem za partije koje predstavljaju va\u0161 narod, onda ti predstavnici vi\u0161e ne zaslu\u017euju va\u0161u pa\u017enju\u2026&#8221;, poru\u010dio je Jovanovi\u0107 na Skup\u0161tini Gradskog odbora te stranke u Novom Pazaru.<\/p>\n<p>&#8220;Ne\u0107u vam re\u0107i da glasate za LDP, ali ni (Rasim) Ljaji\u0107 ni (Sulejman) Ugljanin ne zaslu\u017euju va\u0161u pa\u017enju\u201d, rekao je on.<\/p>\n<p>Lider LDP-a je naveo da je ta stranka jedina koja djeluje u cijeloj zemlji dok su drugi, kako ka\u017ee, digli ruke od Sand\u017eaka, &#8220;prepustili ga agama i begovima i srednjem vijeku&#8221;.<\/p>\n<p>Porede\u0107i Bo\u0161njake sa Vojvo\u0111anima, kako je rekao, autonoma\u0161ima, Jovanovi\u0107 je kazao da prema jednim i drugima u Beogradu postoji animozitet, kao \u0161to je postojao i postoji prema Albancima.<\/p>\n<p>\u201c\u010cak i pomen bo\u0161nja\u010dkog i vojvo\u0111anskog interesa se momentalno do\u017eivljava kao osporavanje interesa srpskog naroda. To je taj otrov koji su nam ubrizgali u \u017eivote\u201d, naveo je Jovanovi\u0107 dodav\u0161i da \u201csa tim ne treba da se mirimo, ali ni da prepoznajemo neku korist za sebe\u201d.<\/p>\n<p>On je Bo\u0161njacima poru\u010dio da ako \u017eele sre\u0107an Sand\u017eak, ovog puta moraju pomo\u0107i Srbiji da postane, kako je rekao, sre\u0107na zemlja, jer u suprotnom \u201cu nesre\u0107noj Srbiji nikada svoju sre\u0107u ne\u0107ete na\u0107i, koliko god da ste vi dobri\u201d.<\/p>\n<p>\u201cTo je na\u0161a poruka Vojvodini, Sand\u017eaku i jugu Srbije, gdje su Albanci\u201d, kazao je Jovanovi\u0107.<\/p>\n<p>Izvor: <strong>B92.net, SandzakPRESS.net<\/strong><\/p>\n","protected":false},"excerpt":{"rendered":"<p>Sjeverni Sand\u017eak &#8211; Lider LDP-a \u010cedomir Jovanovi\u0107 poru\u010dio je Bo\u0161njacima u Sand\u017eaku da na predstoje\u0107im izborima ne glasaju za one za koje su godinama glasali. Prema rije\u010dima Jovanovi\u0107a, oni te glasove ne zaslu\u017euju. \u201cAko je postojala me\u0111u vama potreba da svoju lojalnost i pripadnost narodu iz koga poti\u010dete dokazujete glasanjem za partije koje predstavljaju va\u0161 [&hellip;]<\/p>\n","protected":false},"author":83,"featured_media":15084,"comment_status":"open","ping_status":"open","sticky":false,"template":"","format":"standard","meta":{"footnotes":""},"categories":[72,1,52,327,392,393,394],"tags":[],"class_list":{"0":"post-15083","1":"post","2":"type-post","3":"status-publish","4":"format-standard","5":"has-post-thumbnail","7":"category-novi-pazar","8":"category-politika","9":"category-sjenica","10":"category-tutin","11":"category-prijepolje_","12":"category-priboj","13":"category-nova-varos"},"yoast_head":"<!-- This site is optimized with the Yoast SEO Premium plugin v23.1 (Yoast SEO v24.9) - https:\/\/yoast.com\/wordpress\/plugins\/seo\/ -->\n<title>Sand\u017eak i Vojvodina ho\u0107e svoju autonomiju<\/title>\n<meta name=\"robots\" content=\"index, follow, max-snippet:-1, max-image-preview:large, max-video-preview:-1\" \/>\n<link rel=\"canonical\" href=\"https:\/\/sandzakpress.net\/arhiva\/sandzak-i-vojvodina-hoce-svoju-autonomiju\/\" \/>\n<meta property=\"og:locale\" content=\"bs_BA\" \/>\n<meta property=\"og:type\" content=\"article\" \/>\n<meta property=\"og:title\" content=\"Sand\u017eak i Vojvodina ho\u0107e svoju autonomiju\" \/>\n<meta property=\"og:description\" content=\"Sjeverni Sand\u017eak &#8211; Lider LDP-a \u010cedomir Jovanovi\u0107 poru\u010dio je Bo\u0161njacima u Sand\u017eaku da na predstoje\u0107im izborima ne glasaju za one za koje su godinama glasali. Prema rije\u010dima Jovanovi\u0107a, oni te glasove ne zaslu\u017euju. \u201cAko je postojala me\u0111u vama potreba da svoju lojalnost i pripadnost narodu iz koga poti\u010dete dokazujete glasanjem za partije koje predstavljaju va\u0161 [&hellip;]\" \/>\n<meta property=\"og:url\" content=\"https:\/\/sandzakpress.net\/arhiva\/sandzak-i-vojvodina-hoce-svoju-autonomiju\/\" \/>\n<meta property=\"og:site_name\" content=\"Sand\u017eak PRESS\" \/>\n<meta property=\"article:published_time\" content=\"2011-04-18T05:14:50+00:00\" \/>\n<meta property=\"og:image\" content=\"https:\/\/sandzakpress.net\/arhiva\/wp-content\/uploads\/2011\/04\/Cedomir-Jovanovic.jpg\" \/>\n\t<meta property=\"og:image:width\" content=\"400\" \/>\n\t<meta property=\"og:image:height\" content=\"300\" \/>\n\t<meta property=\"og:image:type\" content=\"image\/jpeg\" \/>\n<meta name=\"author\" content=\"bosniak\" \/>\n<meta name=\"twitter:card\" content=\"summary_large_image\" \/>\n<meta name=\"twitter:label1\" content=\"Written by\" \/>\n\t<meta name=\"twitter:data1\" content=\"bosniak\" \/>\n\t<meta name=\"twitter:label2\" content=\"Est. reading time\" \/>\n\t<meta name=\"twitter:data2\" content=\"2 minute\" \/>\n<script type=\"application\/ld+json\" class=\"yoast-schema-graph\">{\"@context\":\"https:\/\/schema.org\",\"@graph\":[{\"@type\":\"Article\",\"@id\":\"https:\/\/sandzakpress.net\/arhiva\/sandzak-i-vojvodina-hoce-svoju-autonomiju\/#article\",\"isPartOf\":{\"@id\":\"https:\/\/sandzakpress.net\/arhiva\/sandzak-i-vojvodina-hoce-svoju-autonomiju\/\"},\"author\":{\"name\":\"bosniak\",\"@id\":\"https:\/\/sandzakpress.net\/arhiva\/#\/schema\/person\/c8baee722073534b583ea7bdb2e36c02\"},\"headline\":\"Sand\u017eak i Vojvodina ho\u0107e svoju autonomiju\",\"datePublished\":\"2011-04-18T05:14:50+00:00\",\"mainEntityOfPage\":{\"@id\":\"https:\/\/sandzakpress.net\/arhiva\/sandzak-i-vojvodina-hoce-svoju-autonomiju\/\"},\"wordCount\":311,\"commentCount\":38,\"publisher\":{\"@id\":\"https:\/\/sandzakpress.net\/arhiva\/#\/schema\/person\/6e72b67d6e51910a1117b3b483ba20bd\"},\"image\":{\"@id\":\"https:\/\/sandzakpress.net\/arhiva\/sandzak-i-vojvodina-hoce-svoju-autonomiju\/#primaryimage\"},\"thumbnailUrl\":\"https:\/\/sandzakpress.net\/arhiva\/wp-content\/uploads\/2011\/04\/Cedomir-Jovanovic.jpg\",\"articleSection\":[\"Novi Pazar\",\"Politika\",\"Sjenica\",\"Tutin\",\"Prijepolje\",\"Priboj\",\"Nova Varo\u0161\"],\"inLanguage\":\"bs-BA\",\"potentialAction\":[{\"@type\":\"CommentAction\",\"name\":\"Comment\",\"target\":[\"https:\/\/sandzakpress.net\/arhiva\/sandzak-i-vojvodina-hoce-svoju-autonomiju\/#respond\"]}]},{\"@type\":\"WebPage\",\"@id\":\"https:\/\/sandzakpress.net\/arhiva\/sandzak-i-vojvodina-hoce-svoju-autonomiju\/\",\"url\":\"https:\/\/sandzakpress.net\/arhiva\/sandzak-i-vojvodina-hoce-svoju-autonomiju\/\",\"name\":\"Sand\u017eak i Vojvodina ho\u0107e svoju autonomiju\",\"isPartOf\":{\"@id\":\"https:\/\/sandzakpress.net\/arhiva\/#website\"},\"primaryImageOfPage\":{\"@id\":\"https:\/\/sandzakpress.net\/arhiva\/sandzak-i-vojvodina-hoce-svoju-autonomiju\/#primaryimage\"},\"image\":{\"@id\":\"https:\/\/sandzakpress.net\/arhiva\/sandzak-i-vojvodina-hoce-svoju-autonomiju\/#primaryimage\"},\"thumbnailUrl\":\"https:\/\/sandzakpress.net\/arhiva\/wp-content\/uploads\/2011\/04\/Cedomir-Jovanovic.jpg\",\"datePublished\":\"2011-04-18T05:14:50+00:00\",\"breadcrumb\":{\"@id\":\"https:\/\/sandzakpress.net\/arhiva\/sandzak-i-vojvodina-hoce-svoju-autonomiju\/#breadcrumb\"},\"inLanguage\":\"bs-BA\",\"potentialAction\":[{\"@type\":\"ReadAction\",\"target\":[\"https:\/\/sandzakpress.net\/arhiva\/sandzak-i-vojvodina-hoce-svoju-autonomiju\/\"]}]},{\"@type\":\"ImageObject\",\"inLanguage\":\"bs-BA\",\"@id\":\"https:\/\/sandzakpress.net\/arhiva\/sandzak-i-vojvodina-hoce-svoju-autonomiju\/#primaryimage\",\"url\":\"https:\/\/sandzakpress.net\/arhiva\/wp-content\/uploads\/2011\/04\/Cedomir-Jovanovic.jpg\",\"contentUrl\":\"https:\/\/sandzakpress.net\/arhiva\/wp-content\/uploads\/2011\/04\/Cedomir-Jovanovic.jpg\",\"width\":400,\"height\":300},{\"@type\":\"BreadcrumbList\",\"@id\":\"https:\/\/sandzakpress.net\/arhiva\/sandzak-i-vojvodina-hoce-svoju-autonomiju\/#breadcrumb\",\"itemListElement\":[{\"@type\":\"ListItem\",\"position\":1,\"name\":\"Home\",\"item\":\"https:\/\/sandzakpress.net\/arhiva\/\"},{\"@type\":\"ListItem\",\"position\":2,\"name\":\"Sand\u017eak i Vojvodina ho\u0107e svoju autonomiju\"}]},{\"@type\":\"WebSite\",\"@id\":\"https:\/\/sandzakpress.net\/arhiva\/#website\",\"url\":\"https:\/\/sandzakpress.net\/arhiva\/\",\"name\":\"Sand\u017eak PRESS\",\"description\":\"Prve elektronske novine u Sand\u017eaku\",\"publisher\":{\"@id\":\"https:\/\/sandzakpress.net\/arhiva\/#\/schema\/person\/6e72b67d6e51910a1117b3b483ba20bd\"},\"potentialAction\":[{\"@type\":\"SearchAction\",\"target\":{\"@type\":\"EntryPoint\",\"urlTemplate\":\"https:\/\/sandzakpress.net\/arhiva\/?s={search_term_string}\"},\"query-input\":{\"@type\":\"PropertyValueSpecification\",\"valueRequired\":true,\"valueName\":\"search_term_string\"}}],\"inLanguage\":\"bs-BA\"},{\"@type\":[\"Person\",\"Organization\"],\"@id\":\"https:\/\/sandzakpress.net\/arhiva\/#\/schema\/person\/6e72b67d6e51910a1117b3b483ba20bd\",\"name\":\"Kul\",\"image\":{\"@type\":\"ImageObject\",\"inLanguage\":\"bs-BA\",\"@id\":\"https:\/\/sandzakpress.net\/arhiva\/#\/schema\/person\/image\/\",\"url\":\"https:\/\/secure.gravatar.com\/avatar\/42263f39aa27ac04c43cab85c280eb2e?s=96&d=mm&r=pg\",\"contentUrl\":\"https:\/\/secure.gravatar.com\/avatar\/42263f39aa27ac04c43cab85c280eb2e?s=96&d=mm&r=pg\",\"caption\":\"Kul\"},\"logo\":{\"@id\":\"https:\/\/sandzakpress.net\/arhiva\/#\/schema\/person\/image\/\"}},{\"@type\":\"Person\",\"@id\":\"https:\/\/sandzakpress.net\/arhiva\/#\/schema\/person\/c8baee722073534b583ea7bdb2e36c02\",\"name\":\"bosniak\",\"image\":{\"@type\":\"ImageObject\",\"inLanguage\":\"bs-BA\",\"@id\":\"https:\/\/sandzakpress.net\/arhiva\/#\/schema\/person\/image\/\",\"url\":\"https:\/\/secure.gravatar.com\/avatar\/a04fd330bfe3a36a72a0ad4a6d89fca7?s=96&d=mm&r=pg\",\"contentUrl\":\"https:\/\/secure.gravatar.com\/avatar\/a04fd330bfe3a36a72a0ad4a6d89fca7?s=96&d=mm&r=pg\",\"caption\":\"bosniak\"},\"url\":\"https:\/\/sandzakpress.net\/arhiva\/author\/bosniak\/\"}]}<\/script>\n<!-- \/ Yoast SEO Premium plugin. -->","yoast_head_json":{"title":"Sand\u017eak i Vojvodina ho\u0107e svoju autonomiju","robots":{"index":"index","follow":"follow","max-snippet":"max-snippet:-1","max-image-preview":"max-image-preview:large","max-video-preview":"max-video-preview:-1"},"canonical":"https:\/\/sandzakpress.net\/arhiva\/sandzak-i-vojvodina-hoce-svoju-autonomiju\/","og_locale":"bs_BA","og_type":"article","og_title":"Sand\u017eak i Vojvodina ho\u0107e svoju autonomiju","og_description":"Sjeverni Sand\u017eak &#8211; Lider LDP-a \u010cedomir Jovanovi\u0107 poru\u010dio je Bo\u0161njacima u Sand\u017eaku da na predstoje\u0107im izborima ne glasaju za one za koje su godinama glasali. Prema rije\u010dima Jovanovi\u0107a, oni te glasove ne zaslu\u017euju. \u201cAko je postojala me\u0111u vama potreba da svoju lojalnost i pripadnost narodu iz koga poti\u010dete dokazujete glasanjem za partije koje predstavljaju va\u0161 [&hellip;]","og_url":"https:\/\/sandzakpress.net\/arhiva\/sandzak-i-vojvodina-hoce-svoju-autonomiju\/","og_site_name":"Sand\u017eak PRESS","article_published_time":"2011-04-18T05:14:50+00:00","og_image":[{"width":400,"height":300,"url":"https:\/\/sandzakpress.net\/arhiva\/wp-content\/uploads\/2011\/04\/Cedomir-Jovanovic.jpg","type":"image\/jpeg"}],"author":"bosniak","twitter_card":"summary_large_image","twitter_misc":{"Written by":"bosniak","Est. reading time":"2 minute"},"schema":{"@context":"https:\/\/schema.org","@graph":[{"@type":"Article","@id":"https:\/\/sandzakpress.net\/arhiva\/sandzak-i-vojvodina-hoce-svoju-autonomiju\/#article","isPartOf":{"@id":"https:\/\/sandzakpress.net\/arhiva\/sandzak-i-vojvodina-hoce-svoju-autonomiju\/"},"author":{"name":"bosniak","@id":"https:\/\/sandzakpress.net\/arhiva\/#\/schema\/person\/c8baee722073534b583ea7bdb2e36c02"},"headline":"Sand\u017eak i Vojvodina ho\u0107e svoju autonomiju","datePublished":"2011-04-18T05:14:50+00:00","mainEntityOfPage":{"@id":"https:\/\/sandzakpress.net\/arhiva\/sandzak-i-vojvodina-hoce-svoju-autonomiju\/"},"wordCount":311,"commentCount":38,"publisher":{"@id":"https:\/\/sandzakpress.net\/arhiva\/#\/schema\/person\/6e72b67d6e51910a1117b3b483ba20bd"},"image":{"@id":"https:\/\/sandzakpress.net\/arhiva\/sandzak-i-vojvodina-hoce-svoju-autonomiju\/#primaryimage"},"thumbnailUrl":"https:\/\/sandzakpress.net\/arhiva\/wp-content\/uploads\/2011\/04\/Cedomir-Jovanovic.jpg","articleSection":["Novi Pazar","Politika","Sjenica","Tutin","Prijepolje","Priboj","Nova Varo\u0161"],"inLanguage":"bs-BA","potentialAction":[{"@type":"CommentAction","name":"Comment","target":["https:\/\/sandzakpress.net\/arhiva\/sandzak-i-vojvodina-hoce-svoju-autonomiju\/#respond"]}]},{"@type":"WebPage","@id":"https:\/\/sandzakpress.net\/arhiva\/sandzak-i-vojvodina-hoce-svoju-autonomiju\/","url":"https:\/\/sandzakpress.net\/arhiva\/sandzak-i-vojvodina-hoce-svoju-autonomiju\/","name":"Sand\u017eak i Vojvodina ho\u0107e svoju autonomiju","isPartOf":{"@id":"https:\/\/sandzakpress.net\/arhiva\/#website"},"primaryImageOfPage":{"@id":"https:\/\/sandzakpress.net\/arhiva\/sandzak-i-vojvodina-hoce-svoju-autonomiju\/#primaryimage"},"image":{"@id":"https:\/\/sandzakpress.net\/arhiva\/sandzak-i-vojvodina-hoce-svoju-autonomiju\/#primaryimage"},"thumbnailUrl":"https:\/\/sandzakpress.net\/arhiva\/wp-content\/uploads\/2011\/04\/Cedomir-Jovanovic.jpg","datePublished":"2011-04-18T05:14:50+00:00","breadcrumb":{"@id":"https:\/\/sandzakpress.net\/arhiva\/sandzak-i-vojvodina-hoce-svoju-autonomiju\/#breadcrumb"},"inLanguage":"bs-BA","potentialAction":[{"@type":"ReadAction","target":["https:\/\/sandzakpress.net\/arhiva\/sandzak-i-vojvodina-hoce-svoju-autonomiju\/"]}]},{"@type":"ImageObject","inLanguage":"bs-BA","@id":"https:\/\/sandzakpress.net\/arhiva\/sandzak-i-vojvodina-hoce-svoju-autonomiju\/#primaryimage","url":"https:\/\/sandzakpress.net\/arhiva\/wp-content\/uploads\/2011\/04\/Cedomir-Jovanovic.jpg","contentUrl":"https:\/\/sandzakpress.net\/arhiva\/wp-content\/uploads\/2011\/04\/Cedomir-Jovanovic.jpg","width":400,"height":300},{"@type":"BreadcrumbList","@id":"https:\/\/sandzakpress.net\/arhiva\/sandzak-i-vojvodina-hoce-svoju-autonomiju\/#breadcrumb","itemListElement":[{"@type":"ListItem","position":1,"name":"Home","item":"https:\/\/sandzakpress.net\/arhiva\/"},{"@type":"ListItem","position":2,"name":"Sand\u017eak i Vojvodina ho\u0107e svoju autonomiju"}]},{"@type":"WebSite","@id":"https:\/\/sandzakpress.net\/arhiva\/#website","url":"https:\/\/sandzakpress.net\/arhiva\/","name":"Sand\u017eak PRESS","description":"Prve elektronske novine u Sand\u017eaku","publisher":{"@id":"https:\/\/sandzakpress.net\/arhiva\/#\/schema\/person\/6e72b67d6e51910a1117b3b483ba20bd"},"potentialAction":[{"@type":"SearchAction","target":{"@type":"EntryPoint","urlTemplate":"https:\/\/sandzakpress.net\/arhiva\/?s={search_term_string}"},"query-input":{"@type":"PropertyValueSpecification","valueRequired":true,"valueName":"search_term_string"}}],"inLanguage":"bs-BA"},{"@type":["Person","Organization"],"@id":"https:\/\/sandzakpress.net\/arhiva\/#\/schema\/person\/6e72b67d6e51910a1117b3b483ba20bd","name":"Kul","image":{"@type":"ImageObject","inLanguage":"bs-BA","@id":"https:\/\/sandzakpress.net\/arhiva\/#\/schema\/person\/image\/","url":"https:\/\/secure.gravatar.com\/avatar\/42263f39aa27ac04c43cab85c280eb2e?s=96&d=mm&r=pg","contentUrl":"https:\/\/secure.gravatar.com\/avatar\/42263f39aa27ac04c43cab85c280eb2e?s=96&d=mm&r=pg","caption":"Kul"},"logo":{"@id":"https:\/\/sandzakpress.net\/arhiva\/#\/schema\/person\/image\/"}},{"@type":"Person","@id":"https:\/\/sandzakpress.net\/arhiva\/#\/schema\/person\/c8baee722073534b583ea7bdb2e36c02","name":"bosniak","image":{"@type":"ImageObject","inLanguage":"bs-BA","@id":"https:\/\/sandzakpress.net\/arhiva\/#\/schema\/person\/image\/","url":"https:\/\/secure.gravatar.com\/avatar\/a04fd330bfe3a36a72a0ad4a6d89fca7?s=96&d=mm&r=pg","contentUrl":"https:\/\/secure.gravatar.com\/avatar\/a04fd330bfe3a36a72a0ad4a6d89fca7?s=96&d=mm&r=pg","caption":"bosniak"},"url":"https:\/\/sandzakpress.net\/arhiva\/author\/bosniak\/"}]}},"_links":{"self":[{"href":"https:\/\/sandzakpress.net\/arhiva\/wp-json\/wp\/v2\/posts\/15083"}],"collection":[{"href":"https:\/\/sandzakpress.net\/arhiva\/wp-json\/wp\/v2\/posts"}],"about":[{"href":"https:\/\/sandzakpress.net\/arhiva\/wp-json\/wp\/v2\/types\/post"}],"author":[{"embeddable":true,"href":"https:\/\/sandzakpress.net\/arhiva\/wp-json\/wp\/v2\/users\/83"}],"replies":[{"embeddable":true,"href":"https:\/\/sandzakpress.net\/arhiva\/wp-json\/wp\/v2\/comments?post=15083"}],"version-history":[{"count":0,"href":"https:\/\/sandzakpress.net\/arhiva\/wp-json\/wp\/v2\/posts\/15083\/revisions"}],"wp:featuredmedia":[{"embeddable":true,"href":"https:\/\/sandzakpress.net\/arhiva\/wp-json\/wp\/v2\/media\/15084"}],"wp:attachment":[{"href":"https:\/\/sandzakpress.net\/arhiva\/wp-json\/wp\/v2\/media?parent=15083"}],"wp:term":[{"taxonomy":"category","embeddable":true,"href":"https:\/\/sandzakpress.net\/arhiva\/wp-json\/wp\/v2\/categories?post=15083"},{"taxonomy":"post_tag","embeddable":true,"href":"https:\/\/sandzakpress.net\/arhiva\/wp-json\/wp\/v2\/tags?post=15083"}],"curies":[{"name":"wp","href":"https:\/\/api.w.org\/{rel}","templated":true}]}}