{"id":150545,"date":"2015-12-26T12:44:59","date_gmt":"2015-12-26T11:44:59","guid":{"rendered":"https:\/\/sandzakpress.net\/arhiva\/dr-ceric-povlaci-potpis-sa-zajednicke-izjave-o-ekstremizmu-ako-se-nastavi-lov-na-muslimane"},"modified":"2015-12-26T12:44:59","modified_gmt":"2015-12-26T11:44:59","slug":"dr-ceric-povlaci-potpis-sa-zajednicke-izjave-o-ekstremizmu-ako-se-nastavi-lov-na-muslimane","status":"publish","type":"post","link":"https:\/\/sandzakpress.net\/arhiva\/dr-ceric-povlaci-potpis-sa-zajednicke-izjave-o-ekstremizmu-ako-se-nastavi-lov-na-muslimane\/","title":{"rendered":"Dr. Ceri\u0107 povla\u010di potpis sa \u201cZajedni\u010dke izjave\u201d o ekstremizmu ako se nastavi lov na muslimane"},"content":{"rendered":"<p><img decoding=\"async\" src=\"http:\/\/saff.ba\/wp-content\/uploads\/2015\/12\/Screenshot_163-650x371.jpg\" alt=\"Dr. Ceri\u0107 povla\u010di potpis sa \u201cZajedni\u010dke izjave\u201d o ekstremizmu ako se nastavi lov na muslimane\" \/><\/p>\n<p><strong>Sarajevo \u2013 Dr. Mustafa Ceri\u0107 objavio je na svom Facebook profilu komentar o posljednjim de\u0161avanjima u Bosni i Hercegovini, odnosno o sve u\u010destalijim hap\u0161enjima i sumnji\u010denjima Bo\u0161njaka za terorizam. U tom komentaru dr. Ceri\u0107 upozorava Islamsku zajednicu da ne podlije\u017ee pritiscima pojedinih bo\u0161nja\u010dkih politi\u010dara, prije svega SDA, te da ne dozvoli bilo kakvu manipulaciju. <\/strong><\/p>\n<p>On o\u0161tro upozorava da \u0107e povu\u0107i svoj potpis sa \u201cZajedni\u010dke izjave\u201d ako se dopusti da se ta izjava iskoristi kao dozvola za otvoreni lov na muslimane. U nastavku prenosimo spomenuti dio komentara dr. Mustafe Ceri\u0107a.<\/p>\n<p><em>\u201cBez oklijevanja prihvatio sam poziv da potpi\u0161em \u201cZjedni\u010dku izjavu\u201d o osudi ekstremizma, radikalizma i terorizma, koju su nedavno predlo\u017eili predsjedavaju\u0107i Predsjedni\u0161tva dr\u017eave Bosne i Hercegovine Bakir Izetbegovi\u0107 i reisul-l-ulema Islamske zajednice u Bosni i Hercegovini Husein Kavazovi\u0107. To je bila moja podr\u0161ka reisu-l-ulemi Kavazovi\u0107u, jer sam osjetio da je to samo nastavak duge principijelne tradicije Islamske zajednice u osudi nasilja, posebno nasilja u ime vjere. Ova \u201cZajedni\u010daka izjava\u201d je zaslu\u017eeno dobro primjljena u javnosti. Ali, nisu dovoljne izjave. Va\u017enije je da Islamska zajednica ima preventivni odgojni i vaspitni plan i program, kojeg se mo\u017ee razmatrati hladne glave, a ne u gr\u010du u trenutku kad se ne\u0161to stra\u0161no dogodi. Islamska zajednica mo\u017ee i treba da ima svoj autenti\u010dni stav o svim pitanjima bez uplitanja politike. Politika mo\u017ee u\u010diti od moralnih stavova Islamske zajednice. Stoga, imam potrebu da naglasim da \u201cZajedni\u010dka izjava\u201d ne smije biti ni na koji na\u010din licentia capturi, dozvola za otvoreni lov na musliamne. Ako se poka\u017ee da ona to jeste, bit \u0107u prisiljen da povu\u010dem svoj potpis. Ovo su slo\u017eena vremena za sve nas i zato svi moramo biti krajnje savjesni i odgovorni, pojedina\u010dno i kolektivno\u201c.<\/em><\/p>\n<p>Ovdje mo\u017eete pro\u010ditati kompletan <a href=\"https:\/\/www.facebook.com\/DrMustafaCeric.Official\/posts\/1676656089279303\" target=\"_blank\">komentar dr. Mustafe Ceri\u0107a<\/a>.<\/p>\n<div>\n<div class=\"one_half\">\n<div id=\"gpt_unit_6485410\/adxp_Saff_300x250_3_ad_container\">\n<div id=\"beacon_705cf697cb\"><img loading=\"lazy\" decoding=\"async\" src=\"http:\/\/cat.fr.eu.criteo.com\/delivery\/lg.php?cppv=1&amp;cpp=bwAhVHxsZitMMXdUa0w3dmYzWGRkSEN0WVdYRFRoZGRPUFlSRS80ZVkrTDJPV1lUL2MwTk1zTktWSjJJQm5tNlNNb0k5S0l3cHhSYzY1dTN2MDg5OG5YMWpoemovZlVYaTdmcDhlN2tWZ2Fmczd2dElvcFlDNk5TZzBVVERoM0JsWUJNb0I5cXg0K2xJd0pTYTluSzZGQmVIZmNuNFdSR2wzdm1lbEgwWXlkc2lmUkRlTUNsY3k4cXdRRUppVnE0Vi9MZzViWXl1d3BsUlRRckZXWTd0S215QTRPOTQxNVlNWEM4ckhyb01lUjRpandnPXw%3D\" alt=\"\" width=\"0\" height=\"0\" \/>(Saff)<\/div>\n<\/div>\n<\/div>\n<\/div>\n<p>Pogledajte vijest na izvornom sajtu:<\/p>\n<p><a href=\"http:\/\/bosnapress.net\/dr-ceric-povlaci-potpis-sa-zajednicke-izjave-o-ekstremizmu-ako-se-nastavi-lov-na-muslimane\/\" target=\"_blank\">Dr. Ceri\u0107 povla\u010di potpis sa \u201cZajedni\u010dke izjave\u201d o ekstremizmu ako se nastavi lov na muslimane<\/a><\/p>\n","protected":false},"excerpt":{"rendered":"<p>Sarajevo \u2013 Dr. Mustafa Ceri\u0107 objavio je na svom Facebook profilu komentar o posljednjim de\u0161avanjima u Bosni i Hercegovini, odnosno o sve u\u010destalijim hap\u0161enjima i sumnji\u010denjima Bo\u0161njaka za terorizam. U tom komentaru dr. Ceri\u0107 upozorava Islamsku zajednicu da ne podlije\u017ee pritiscima pojedinih bo\u0161nja\u010dkih politi\u010dara, prije svega SDA, te da ne dozvoli bilo kakvu manipulaciju. On [&hellip;]<\/p>\n","protected":false},"author":83,"featured_media":150547,"comment_status":"open","ping_status":"open","sticky":false,"template":"","format":"standard","meta":{"footnotes":""},"categories":[10513],"tags":[10466],"class_list":{"0":"post-150545","1":"post","2":"type-post","3":"status-publish","4":"format-standard","5":"has-post-thumbnail","7":"category-bosna-press","8":"tag-bosna-i-hercegovina"},"yoast_head":"<!-- This site is optimized with the Yoast SEO Premium plugin v23.1 (Yoast SEO v24.9) - https:\/\/yoast.com\/wordpress\/plugins\/seo\/ -->\n<title>Dr. Ceri\u0107 povla\u010di potpis sa \u201cZajedni\u010dke izjave\u201d o ekstremizmu ako se nastavi lov na muslimane<\/title>\n<meta name=\"robots\" content=\"index, follow, max-snippet:-1, max-image-preview:large, max-video-preview:-1\" \/>\n<link rel=\"canonical\" href=\"https:\/\/sandzakpress.net\/arhiva\/dr-ceric-povlaci-potpis-sa-zajednicke-izjave-o-ekstremizmu-ako-se-nastavi-lov-na-muslimane\/\" \/>\n<meta property=\"og:locale\" content=\"bs_BA\" \/>\n<meta property=\"og:type\" content=\"article\" \/>\n<meta property=\"og:title\" content=\"Dr. Ceri\u0107 povla\u010di potpis sa \u201cZajedni\u010dke izjave\u201d o ekstremizmu ako se nastavi lov na muslimane\" \/>\n<meta property=\"og:description\" content=\"Sarajevo \u2013 Dr. Mustafa Ceri\u0107 objavio je na svom Facebook profilu komentar o posljednjim de\u0161avanjima u Bosni i Hercegovini, odnosno o sve u\u010destalijim hap\u0161enjima i sumnji\u010denjima Bo\u0161njaka za terorizam. U tom komentaru dr. Ceri\u0107 upozorava Islamsku zajednicu da ne podlije\u017ee pritiscima pojedinih bo\u0161nja\u010dkih politi\u010dara, prije svega SDA, te da ne dozvoli bilo kakvu manipulaciju. On [&hellip;]\" \/>\n<meta property=\"og:url\" content=\"https:\/\/sandzakpress.net\/arhiva\/dr-ceric-povlaci-potpis-sa-zajednicke-izjave-o-ekstremizmu-ako-se-nastavi-lov-na-muslimane\/\" \/>\n<meta property=\"og:site_name\" content=\"Sand\u017eak PRESS\" \/>\n<meta property=\"article:published_time\" content=\"2015-12-26T11:44:59+00:00\" \/>\n<meta property=\"og:image\" content=\"https:\/\/sandzakpress.net\/arhiva\/wp-content\/uploads\/2015\/12\/Screenshot_163-650x371-1.jpg\" \/>\n\t<meta property=\"og:image:width\" content=\"650\" \/>\n\t<meta property=\"og:image:height\" content=\"371\" \/>\n\t<meta property=\"og:image:type\" content=\"image\/jpeg\" \/>\n<meta name=\"author\" content=\"bosniak\" \/>\n<meta name=\"twitter:card\" content=\"summary_large_image\" \/>\n<meta name=\"twitter:label1\" content=\"Written by\" \/>\n\t<meta name=\"twitter:data1\" content=\"bosniak\" \/>\n\t<meta name=\"twitter:label2\" content=\"Est. reading time\" \/>\n\t<meta name=\"twitter:data2\" content=\"2 minute\" \/>\n<script type=\"application\/ld+json\" class=\"yoast-schema-graph\">{\"@context\":\"https:\/\/schema.org\",\"@graph\":[{\"@type\":\"Article\",\"@id\":\"https:\/\/sandzakpress.net\/arhiva\/dr-ceric-povlaci-potpis-sa-zajednicke-izjave-o-ekstremizmu-ako-se-nastavi-lov-na-muslimane\/#article\",\"isPartOf\":{\"@id\":\"https:\/\/sandzakpress.net\/arhiva\/dr-ceric-povlaci-potpis-sa-zajednicke-izjave-o-ekstremizmu-ako-se-nastavi-lov-na-muslimane\/\"},\"author\":{\"name\":\"bosniak\",\"@id\":\"https:\/\/sandzakpress.net\/arhiva\/#\/schema\/person\/c8baee722073534b583ea7bdb2e36c02\"},\"headline\":\"Dr. Ceri\u0107 povla\u010di potpis sa \u201cZajedni\u010dke izjave\u201d o ekstremizmu ako se nastavi lov na muslimane\",\"datePublished\":\"2015-12-26T11:44:59+00:00\",\"mainEntityOfPage\":{\"@id\":\"https:\/\/sandzakpress.net\/arhiva\/dr-ceric-povlaci-potpis-sa-zajednicke-izjave-o-ekstremizmu-ako-se-nastavi-lov-na-muslimane\/\"},\"wordCount\":365,\"commentCount\":1,\"publisher\":{\"@id\":\"https:\/\/sandzakpress.net\/arhiva\/#\/schema\/person\/6e72b67d6e51910a1117b3b483ba20bd\"},\"image\":{\"@id\":\"https:\/\/sandzakpress.net\/arhiva\/dr-ceric-povlaci-potpis-sa-zajednicke-izjave-o-ekstremizmu-ako-se-nastavi-lov-na-muslimane\/#primaryimage\"},\"thumbnailUrl\":\"https:\/\/sandzakpress.net\/arhiva\/wp-content\/uploads\/2015\/12\/Screenshot_163-650x371-1.jpg\",\"keywords\":[\"Bosna i Hercegovina\"],\"articleSection\":[\"Bosna PRESS\"],\"inLanguage\":\"bs-BA\",\"potentialAction\":[{\"@type\":\"CommentAction\",\"name\":\"Comment\",\"target\":[\"https:\/\/sandzakpress.net\/arhiva\/dr-ceric-povlaci-potpis-sa-zajednicke-izjave-o-ekstremizmu-ako-se-nastavi-lov-na-muslimane\/#respond\"]}]},{\"@type\":\"WebPage\",\"@id\":\"https:\/\/sandzakpress.net\/arhiva\/dr-ceric-povlaci-potpis-sa-zajednicke-izjave-o-ekstremizmu-ako-se-nastavi-lov-na-muslimane\/\",\"url\":\"https:\/\/sandzakpress.net\/arhiva\/dr-ceric-povlaci-potpis-sa-zajednicke-izjave-o-ekstremizmu-ako-se-nastavi-lov-na-muslimane\/\",\"name\":\"Dr. Ceri\u0107 povla\u010di potpis sa \u201cZajedni\u010dke izjave\u201d o ekstremizmu ako se nastavi lov na muslimane\",\"isPartOf\":{\"@id\":\"https:\/\/sandzakpress.net\/arhiva\/#website\"},\"primaryImageOfPage\":{\"@id\":\"https:\/\/sandzakpress.net\/arhiva\/dr-ceric-povlaci-potpis-sa-zajednicke-izjave-o-ekstremizmu-ako-se-nastavi-lov-na-muslimane\/#primaryimage\"},\"image\":{\"@id\":\"https:\/\/sandzakpress.net\/arhiva\/dr-ceric-povlaci-potpis-sa-zajednicke-izjave-o-ekstremizmu-ako-se-nastavi-lov-na-muslimane\/#primaryimage\"},\"thumbnailUrl\":\"https:\/\/sandzakpress.net\/arhiva\/wp-content\/uploads\/2015\/12\/Screenshot_163-650x371-1.jpg\",\"datePublished\":\"2015-12-26T11:44:59+00:00\",\"breadcrumb\":{\"@id\":\"https:\/\/sandzakpress.net\/arhiva\/dr-ceric-povlaci-potpis-sa-zajednicke-izjave-o-ekstremizmu-ako-se-nastavi-lov-na-muslimane\/#breadcrumb\"},\"inLanguage\":\"bs-BA\",\"potentialAction\":[{\"@type\":\"ReadAction\",\"target\":[\"https:\/\/sandzakpress.net\/arhiva\/dr-ceric-povlaci-potpis-sa-zajednicke-izjave-o-ekstremizmu-ako-se-nastavi-lov-na-muslimane\/\"]}]},{\"@type\":\"ImageObject\",\"inLanguage\":\"bs-BA\",\"@id\":\"https:\/\/sandzakpress.net\/arhiva\/dr-ceric-povlaci-potpis-sa-zajednicke-izjave-o-ekstremizmu-ako-se-nastavi-lov-na-muslimane\/#primaryimage\",\"url\":\"https:\/\/sandzakpress.net\/arhiva\/wp-content\/uploads\/2015\/12\/Screenshot_163-650x371-1.jpg\",\"contentUrl\":\"https:\/\/sandzakpress.net\/arhiva\/wp-content\/uploads\/2015\/12\/Screenshot_163-650x371-1.jpg\",\"width\":650,\"height\":371},{\"@type\":\"BreadcrumbList\",\"@id\":\"https:\/\/sandzakpress.net\/arhiva\/dr-ceric-povlaci-potpis-sa-zajednicke-izjave-o-ekstremizmu-ako-se-nastavi-lov-na-muslimane\/#breadcrumb\",\"itemListElement\":[{\"@type\":\"ListItem\",\"position\":1,\"name\":\"Home\",\"item\":\"https:\/\/sandzakpress.net\/arhiva\/\"},{\"@type\":\"ListItem\",\"position\":2,\"name\":\"Dr. Ceri\u0107 povla\u010di potpis sa \u201cZajedni\u010dke izjave\u201d o ekstremizmu ako se nastavi lov na muslimane\"}]},{\"@type\":\"WebSite\",\"@id\":\"https:\/\/sandzakpress.net\/arhiva\/#website\",\"url\":\"https:\/\/sandzakpress.net\/arhiva\/\",\"name\":\"Sand\u017eak PRESS\",\"description\":\"Prve elektronske novine u Sand\u017eaku\",\"publisher\":{\"@id\":\"https:\/\/sandzakpress.net\/arhiva\/#\/schema\/person\/6e72b67d6e51910a1117b3b483ba20bd\"},\"potentialAction\":[{\"@type\":\"SearchAction\",\"target\":{\"@type\":\"EntryPoint\",\"urlTemplate\":\"https:\/\/sandzakpress.net\/arhiva\/?s={search_term_string}\"},\"query-input\":{\"@type\":\"PropertyValueSpecification\",\"valueRequired\":true,\"valueName\":\"search_term_string\"}}],\"inLanguage\":\"bs-BA\"},{\"@type\":[\"Person\",\"Organization\"],\"@id\":\"https:\/\/sandzakpress.net\/arhiva\/#\/schema\/person\/6e72b67d6e51910a1117b3b483ba20bd\",\"name\":\"Kul\",\"image\":{\"@type\":\"ImageObject\",\"inLanguage\":\"bs-BA\",\"@id\":\"https:\/\/sandzakpress.net\/arhiva\/#\/schema\/person\/image\/\",\"url\":\"https:\/\/secure.gravatar.com\/avatar\/42263f39aa27ac04c43cab85c280eb2e?s=96&d=mm&r=pg\",\"contentUrl\":\"https:\/\/secure.gravatar.com\/avatar\/42263f39aa27ac04c43cab85c280eb2e?s=96&d=mm&r=pg\",\"caption\":\"Kul\"},\"logo\":{\"@id\":\"https:\/\/sandzakpress.net\/arhiva\/#\/schema\/person\/image\/\"}},{\"@type\":\"Person\",\"@id\":\"https:\/\/sandzakpress.net\/arhiva\/#\/schema\/person\/c8baee722073534b583ea7bdb2e36c02\",\"name\":\"bosniak\",\"image\":{\"@type\":\"ImageObject\",\"inLanguage\":\"bs-BA\",\"@id\":\"https:\/\/sandzakpress.net\/arhiva\/#\/schema\/person\/image\/\",\"url\":\"https:\/\/secure.gravatar.com\/avatar\/a04fd330bfe3a36a72a0ad4a6d89fca7?s=96&d=mm&r=pg\",\"contentUrl\":\"https:\/\/secure.gravatar.com\/avatar\/a04fd330bfe3a36a72a0ad4a6d89fca7?s=96&d=mm&r=pg\",\"caption\":\"bosniak\"},\"url\":\"https:\/\/sandzakpress.net\/arhiva\/author\/bosniak\/\"}]}<\/script>\n<!-- \/ Yoast SEO Premium plugin. -->","yoast_head_json":{"title":"Dr. Ceri\u0107 povla\u010di potpis sa \u201cZajedni\u010dke izjave\u201d o ekstremizmu ako se nastavi lov na muslimane","robots":{"index":"index","follow":"follow","max-snippet":"max-snippet:-1","max-image-preview":"max-image-preview:large","max-video-preview":"max-video-preview:-1"},"canonical":"https:\/\/sandzakpress.net\/arhiva\/dr-ceric-povlaci-potpis-sa-zajednicke-izjave-o-ekstremizmu-ako-se-nastavi-lov-na-muslimane\/","og_locale":"bs_BA","og_type":"article","og_title":"Dr. Ceri\u0107 povla\u010di potpis sa \u201cZajedni\u010dke izjave\u201d o ekstremizmu ako se nastavi lov na muslimane","og_description":"Sarajevo \u2013 Dr. Mustafa Ceri\u0107 objavio je na svom Facebook profilu komentar o posljednjim de\u0161avanjima u Bosni i Hercegovini, odnosno o sve u\u010destalijim hap\u0161enjima i sumnji\u010denjima Bo\u0161njaka za terorizam. U tom komentaru dr. Ceri\u0107 upozorava Islamsku zajednicu da ne podlije\u017ee pritiscima pojedinih bo\u0161nja\u010dkih politi\u010dara, prije svega SDA, te da ne dozvoli bilo kakvu manipulaciju. On [&hellip;]","og_url":"https:\/\/sandzakpress.net\/arhiva\/dr-ceric-povlaci-potpis-sa-zajednicke-izjave-o-ekstremizmu-ako-se-nastavi-lov-na-muslimane\/","og_site_name":"Sand\u017eak PRESS","article_published_time":"2015-12-26T11:44:59+00:00","og_image":[{"width":650,"height":371,"url":"https:\/\/sandzakpress.net\/arhiva\/wp-content\/uploads\/2015\/12\/Screenshot_163-650x371-1.jpg","type":"image\/jpeg"}],"author":"bosniak","twitter_card":"summary_large_image","twitter_misc":{"Written by":"bosniak","Est. reading time":"2 minute"},"schema":{"@context":"https:\/\/schema.org","@graph":[{"@type":"Article","@id":"https:\/\/sandzakpress.net\/arhiva\/dr-ceric-povlaci-potpis-sa-zajednicke-izjave-o-ekstremizmu-ako-se-nastavi-lov-na-muslimane\/#article","isPartOf":{"@id":"https:\/\/sandzakpress.net\/arhiva\/dr-ceric-povlaci-potpis-sa-zajednicke-izjave-o-ekstremizmu-ako-se-nastavi-lov-na-muslimane\/"},"author":{"name":"bosniak","@id":"https:\/\/sandzakpress.net\/arhiva\/#\/schema\/person\/c8baee722073534b583ea7bdb2e36c02"},"headline":"Dr. Ceri\u0107 povla\u010di potpis sa \u201cZajedni\u010dke izjave\u201d o ekstremizmu ako se nastavi lov na muslimane","datePublished":"2015-12-26T11:44:59+00:00","mainEntityOfPage":{"@id":"https:\/\/sandzakpress.net\/arhiva\/dr-ceric-povlaci-potpis-sa-zajednicke-izjave-o-ekstremizmu-ako-se-nastavi-lov-na-muslimane\/"},"wordCount":365,"commentCount":1,"publisher":{"@id":"https:\/\/sandzakpress.net\/arhiva\/#\/schema\/person\/6e72b67d6e51910a1117b3b483ba20bd"},"image":{"@id":"https:\/\/sandzakpress.net\/arhiva\/dr-ceric-povlaci-potpis-sa-zajednicke-izjave-o-ekstremizmu-ako-se-nastavi-lov-na-muslimane\/#primaryimage"},"thumbnailUrl":"https:\/\/sandzakpress.net\/arhiva\/wp-content\/uploads\/2015\/12\/Screenshot_163-650x371-1.jpg","keywords":["Bosna i Hercegovina"],"articleSection":["Bosna PRESS"],"inLanguage":"bs-BA","potentialAction":[{"@type":"CommentAction","name":"Comment","target":["https:\/\/sandzakpress.net\/arhiva\/dr-ceric-povlaci-potpis-sa-zajednicke-izjave-o-ekstremizmu-ako-se-nastavi-lov-na-muslimane\/#respond"]}]},{"@type":"WebPage","@id":"https:\/\/sandzakpress.net\/arhiva\/dr-ceric-povlaci-potpis-sa-zajednicke-izjave-o-ekstremizmu-ako-se-nastavi-lov-na-muslimane\/","url":"https:\/\/sandzakpress.net\/arhiva\/dr-ceric-povlaci-potpis-sa-zajednicke-izjave-o-ekstremizmu-ako-se-nastavi-lov-na-muslimane\/","name":"Dr. Ceri\u0107 povla\u010di potpis sa \u201cZajedni\u010dke izjave\u201d o ekstremizmu ako se nastavi lov na muslimane","isPartOf":{"@id":"https:\/\/sandzakpress.net\/arhiva\/#website"},"primaryImageOfPage":{"@id":"https:\/\/sandzakpress.net\/arhiva\/dr-ceric-povlaci-potpis-sa-zajednicke-izjave-o-ekstremizmu-ako-se-nastavi-lov-na-muslimane\/#primaryimage"},"image":{"@id":"https:\/\/sandzakpress.net\/arhiva\/dr-ceric-povlaci-potpis-sa-zajednicke-izjave-o-ekstremizmu-ako-se-nastavi-lov-na-muslimane\/#primaryimage"},"thumbnailUrl":"https:\/\/sandzakpress.net\/arhiva\/wp-content\/uploads\/2015\/12\/Screenshot_163-650x371-1.jpg","datePublished":"2015-12-26T11:44:59+00:00","breadcrumb":{"@id":"https:\/\/sandzakpress.net\/arhiva\/dr-ceric-povlaci-potpis-sa-zajednicke-izjave-o-ekstremizmu-ako-se-nastavi-lov-na-muslimane\/#breadcrumb"},"inLanguage":"bs-BA","potentialAction":[{"@type":"ReadAction","target":["https:\/\/sandzakpress.net\/arhiva\/dr-ceric-povlaci-potpis-sa-zajednicke-izjave-o-ekstremizmu-ako-se-nastavi-lov-na-muslimane\/"]}]},{"@type":"ImageObject","inLanguage":"bs-BA","@id":"https:\/\/sandzakpress.net\/arhiva\/dr-ceric-povlaci-potpis-sa-zajednicke-izjave-o-ekstremizmu-ako-se-nastavi-lov-na-muslimane\/#primaryimage","url":"https:\/\/sandzakpress.net\/arhiva\/wp-content\/uploads\/2015\/12\/Screenshot_163-650x371-1.jpg","contentUrl":"https:\/\/sandzakpress.net\/arhiva\/wp-content\/uploads\/2015\/12\/Screenshot_163-650x371-1.jpg","width":650,"height":371},{"@type":"BreadcrumbList","@id":"https:\/\/sandzakpress.net\/arhiva\/dr-ceric-povlaci-potpis-sa-zajednicke-izjave-o-ekstremizmu-ako-se-nastavi-lov-na-muslimane\/#breadcrumb","itemListElement":[{"@type":"ListItem","position":1,"name":"Home","item":"https:\/\/sandzakpress.net\/arhiva\/"},{"@type":"ListItem","position":2,"name":"Dr. Ceri\u0107 povla\u010di potpis sa \u201cZajedni\u010dke izjave\u201d o ekstremizmu ako se nastavi lov na muslimane"}]},{"@type":"WebSite","@id":"https:\/\/sandzakpress.net\/arhiva\/#website","url":"https:\/\/sandzakpress.net\/arhiva\/","name":"Sand\u017eak PRESS","description":"Prve elektronske novine u Sand\u017eaku","publisher":{"@id":"https:\/\/sandzakpress.net\/arhiva\/#\/schema\/person\/6e72b67d6e51910a1117b3b483ba20bd"},"potentialAction":[{"@type":"SearchAction","target":{"@type":"EntryPoint","urlTemplate":"https:\/\/sandzakpress.net\/arhiva\/?s={search_term_string}"},"query-input":{"@type":"PropertyValueSpecification","valueRequired":true,"valueName":"search_term_string"}}],"inLanguage":"bs-BA"},{"@type":["Person","Organization"],"@id":"https:\/\/sandzakpress.net\/arhiva\/#\/schema\/person\/6e72b67d6e51910a1117b3b483ba20bd","name":"Kul","image":{"@type":"ImageObject","inLanguage":"bs-BA","@id":"https:\/\/sandzakpress.net\/arhiva\/#\/schema\/person\/image\/","url":"https:\/\/secure.gravatar.com\/avatar\/42263f39aa27ac04c43cab85c280eb2e?s=96&d=mm&r=pg","contentUrl":"https:\/\/secure.gravatar.com\/avatar\/42263f39aa27ac04c43cab85c280eb2e?s=96&d=mm&r=pg","caption":"Kul"},"logo":{"@id":"https:\/\/sandzakpress.net\/arhiva\/#\/schema\/person\/image\/"}},{"@type":"Person","@id":"https:\/\/sandzakpress.net\/arhiva\/#\/schema\/person\/c8baee722073534b583ea7bdb2e36c02","name":"bosniak","image":{"@type":"ImageObject","inLanguage":"bs-BA","@id":"https:\/\/sandzakpress.net\/arhiva\/#\/schema\/person\/image\/","url":"https:\/\/secure.gravatar.com\/avatar\/a04fd330bfe3a36a72a0ad4a6d89fca7?s=96&d=mm&r=pg","contentUrl":"https:\/\/secure.gravatar.com\/avatar\/a04fd330bfe3a36a72a0ad4a6d89fca7?s=96&d=mm&r=pg","caption":"bosniak"},"url":"https:\/\/sandzakpress.net\/arhiva\/author\/bosniak\/"}]}},"_links":{"self":[{"href":"https:\/\/sandzakpress.net\/arhiva\/wp-json\/wp\/v2\/posts\/150545"}],"collection":[{"href":"https:\/\/sandzakpress.net\/arhiva\/wp-json\/wp\/v2\/posts"}],"about":[{"href":"https:\/\/sandzakpress.net\/arhiva\/wp-json\/wp\/v2\/types\/post"}],"author":[{"embeddable":true,"href":"https:\/\/sandzakpress.net\/arhiva\/wp-json\/wp\/v2\/users\/83"}],"replies":[{"embeddable":true,"href":"https:\/\/sandzakpress.net\/arhiva\/wp-json\/wp\/v2\/comments?post=150545"}],"version-history":[{"count":0,"href":"https:\/\/sandzakpress.net\/arhiva\/wp-json\/wp\/v2\/posts\/150545\/revisions"}],"wp:featuredmedia":[{"embeddable":true,"href":"https:\/\/sandzakpress.net\/arhiva\/wp-json\/wp\/v2\/media\/150547"}],"wp:attachment":[{"href":"https:\/\/sandzakpress.net\/arhiva\/wp-json\/wp\/v2\/media?parent=150545"}],"wp:term":[{"taxonomy":"category","embeddable":true,"href":"https:\/\/sandzakpress.net\/arhiva\/wp-json\/wp\/v2\/categories?post=150545"},{"taxonomy":"post_tag","embeddable":true,"href":"https:\/\/sandzakpress.net\/arhiva\/wp-json\/wp\/v2\/tags?post=150545"}],"curies":[{"name":"wp","href":"https:\/\/api.w.org\/{rel}","templated":true}]}}