{"id":150419,"date":"2015-12-25T10:55:39","date_gmt":"2015-12-25T09:55:39","guid":{"rendered":"https:\/\/sandzakpress.net\/arhiva\/?p=150419"},"modified":"2015-12-25T11:49:55","modified_gmt":"2015-12-25T10:49:55","slug":"pogledajte-iz-visine-vazduh-u-novom-pazaru-postao-jako-zagaden","status":"publish","type":"post","link":"https:\/\/sandzakpress.net\/arhiva\/pogledajte-iz-visine-vazduh-u-novom-pazaru-postao-jako-zagaden\/","title":{"rendered":"POGLEDAJTE IZ VISINE &#8211;  Vazduh u Novom Pazaru postao jako zaga\u0111en!"},"content":{"rendered":"<p><img loading=\"lazy\" decoding=\"async\" class=\"aligncenter size-large wp-image-150420\" src=\"https:\/\/sandzakpress.net\/arhiva\/wp-content\/uploads\/2015\/12\/IMG_5791-e1451036743289-616x390.jpg\" alt=\"IMG_5791\" width=\"600\" height=\"380\" srcset=\"https:\/\/sandzakpress.net\/arhiva\/wp-content\/uploads\/2015\/12\/IMG_5791-e1451036743289-616x390.jpg 616w, https:\/\/sandzakpress.net\/arhiva\/wp-content\/uploads\/2015\/12\/IMG_5791-e1451036743289-768x486.jpg 768w, https:\/\/sandzakpress.net\/arhiva\/wp-content\/uploads\/2015\/12\/IMG_5791-e1451036743289-1400x885.jpg 1400w\" sizes=\"(max-width: 600px) 100vw, 600px\" \/><\/p>\n<p><strong>Novi Pazar \u2013 Zelena ekolo\u0161ka partija iz Novog Pazara zatra\u017eila je danas od lokalne samouprave da hitno po\u010dne mjerenje zaga\u0111enja vazduha na teritoriji grada.<\/strong><\/p>\n<p>Partija je u strana\u010dkom saop\u0161tenju navela da je problem zaga\u0111jenja vazduha u tom gradu naro\u010dito izra\u017een u jutarnjim i ve\u010dernjim \u010dasovima, kada se veliki broj gra\u0111ana \u017eali na smetnje u disanju.<\/p>\n<p>\u201cDa Novi Pazar uskoro ne bi do\u017eivio sudbinu Sarajeva ili Pekinga, nadle\u017enima predla\u017eemo da hitno preduzmu inicijative za smanjenje emisije \u0161tetnih gasova i objavljivanje rezultata mjerenja u sredstvima javnog informisanja\u201d, navodi se u saop\u0161tenju ZEP.<\/p>\n<p>Novi Pazar je smje\u0161ten u kotlini rijeka Ra\u0161ke i Jo\u0161anice, Gradska toplana na mazut nalazi se u naju\u017eem centru grada, u posljednjih nekoliko godina ni\u010du vi\u0161espratnice sa sopstvenim eta\u017enim grijanjem na \u010dvrsta goriva, a zbog nerije\u0161enog protoka saobra\u0107aja ulice su zakr\u010dene automobilima.<\/p>\n<p>Izvor:<a href=\"http:\/\/www.radiostoplus.com\/item\/17917\"> Radio100+<\/a><\/p>\n<p style=\"text-align: center;\"><span style=\"text-decoration: underline; color: #ff0000;\"><strong>Na skupu otvaranja \u0161kole na Dohovi\u0107u, d\u017eamiju Ljaji\u0107\u00a0jedva vidio od zaga\u0111enosti vazduha<\/strong><\/span><\/p>\n<p><img loading=\"lazy\" decoding=\"async\" class=\"aligncenter size-full wp-image-150426\" src=\"https:\/\/sandzakpress.net\/arhiva\/wp-content\/uploads\/2015\/12\/6023_10153950485048394_703731648107983596_n-1.jpg\" alt=\"6023_10153950485048394_703731648107983596_n\" width=\"609\" height=\"303\" \/><img decoding=\"async\" src=\"http:\/\/sandzakonline.com\/wp-content\/uploads\/2015\/12\/12436536_10207318141505396_320930677_o.jpg\" alt=\"\" \/><\/p>\n","protected":false},"excerpt":{"rendered":"<p>Novi Pazar \u2013 Zelena ekolo\u0161ka partija iz Novog Pazara zatra\u017eila je danas od lokalne samouprave da hitno po\u010dne mjerenje zaga\u0111enja vazduha na teritoriji grada. Partija je u strana\u010dkom saop\u0161tenju navela da je problem zaga\u0111jenja vazduha u tom gradu naro\u010dito izra\u017een u jutarnjim i ve\u010dernjim \u010dasovima, kada se veliki broj gra\u0111ana \u017eali na smetnje u disanju. [&hellip;]<\/p>\n","protected":false},"author":83,"featured_media":150427,"comment_status":"open","ping_status":"open","sticky":false,"template":"","format":"standard","meta":{"footnotes":""},"categories":[72,3,8957],"tags":[10517],"class_list":{"0":"post-150419","1":"post","2":"type-post","3":"status-publish","4":"format-standard","5":"has-post-thumbnail","7":"category-novi-pazar","8":"category-privreda","9":"category-vijesti-dana","10":"tag-nepravde-rasima-ljajica"},"yoast_head":"<!-- This site is optimized with the Yoast SEO Premium plugin v23.1 (Yoast SEO v24.9) - https:\/\/yoast.com\/wordpress\/plugins\/seo\/ -->\n<title>POGLEDAJTE IZ VISINE - Vazduh u Novom Pazaru postao jako zaga\u0111en!<\/title>\n<meta name=\"robots\" content=\"index, follow, max-snippet:-1, max-image-preview:large, max-video-preview:-1\" \/>\n<link rel=\"canonical\" href=\"https:\/\/sandzakpress.net\/arhiva\/pogledajte-iz-visine-vazduh-u-novom-pazaru-postao-jako-zagaden\/\" \/>\n<meta property=\"og:locale\" content=\"bs_BA\" \/>\n<meta property=\"og:type\" content=\"article\" \/>\n<meta property=\"og:title\" content=\"POGLEDAJTE IZ VISINE - Vazduh u Novom Pazaru postao jako zaga\u0111en!\" \/>\n<meta property=\"og:description\" content=\"Novi Pazar \u2013 Zelena ekolo\u0161ka partija iz Novog Pazara zatra\u017eila je danas od lokalne samouprave da hitno po\u010dne mjerenje zaga\u0111enja vazduha na teritoriji grada. Partija je u strana\u010dkom saop\u0161tenju navela da je problem zaga\u0111jenja vazduha u tom gradu naro\u010dito izra\u017een u jutarnjim i ve\u010dernjim \u010dasovima, kada se veliki broj gra\u0111ana \u017eali na smetnje u disanju. [&hellip;]\" \/>\n<meta property=\"og:url\" content=\"https:\/\/sandzakpress.net\/arhiva\/pogledajte-iz-visine-vazduh-u-novom-pazaru-postao-jako-zagaden\/\" \/>\n<meta property=\"og:site_name\" content=\"Sand\u017eak PRESS\" \/>\n<meta property=\"article:published_time\" content=\"2015-12-25T09:55:39+00:00\" \/>\n<meta property=\"article:modified_time\" content=\"2015-12-25T10:49:55+00:00\" \/>\n<meta property=\"og:image\" content=\"https:\/\/sandzakpress.net\/arhiva\/wp-content\/uploads\/2015\/12\/IMG_5791-e1451036743289-616x390-1.jpg\" \/>\n\t<meta property=\"og:image:width\" content=\"616\" \/>\n\t<meta property=\"og:image:height\" content=\"390\" \/>\n\t<meta property=\"og:image:type\" content=\"image\/jpeg\" \/>\n<meta name=\"author\" content=\"bosniak\" \/>\n<meta name=\"twitter:card\" content=\"summary_large_image\" \/>\n<meta name=\"twitter:label1\" content=\"Written by\" \/>\n\t<meta name=\"twitter:data1\" content=\"bosniak\" \/>\n\t<meta name=\"twitter:label2\" content=\"Est. reading time\" \/>\n\t<meta name=\"twitter:data2\" content=\"1 minuta\" \/>\n<script type=\"application\/ld+json\" class=\"yoast-schema-graph\">{\"@context\":\"https:\/\/schema.org\",\"@graph\":[{\"@type\":\"Article\",\"@id\":\"https:\/\/sandzakpress.net\/arhiva\/pogledajte-iz-visine-vazduh-u-novom-pazaru-postao-jako-zagaden\/#article\",\"isPartOf\":{\"@id\":\"https:\/\/sandzakpress.net\/arhiva\/pogledajte-iz-visine-vazduh-u-novom-pazaru-postao-jako-zagaden\/\"},\"author\":{\"name\":\"bosniak\",\"@id\":\"https:\/\/sandzakpress.net\/arhiva\/#\/schema\/person\/c8baee722073534b583ea7bdb2e36c02\"},\"headline\":\"POGLEDAJTE IZ VISINE &#8211; Vazduh u Novom Pazaru postao jako zaga\u0111en!\",\"datePublished\":\"2015-12-25T09:55:39+00:00\",\"dateModified\":\"2015-12-25T10:49:55+00:00\",\"mainEntityOfPage\":{\"@id\":\"https:\/\/sandzakpress.net\/arhiva\/pogledajte-iz-visine-vazduh-u-novom-pazaru-postao-jako-zagaden\/\"},\"wordCount\":186,\"commentCount\":2,\"publisher\":{\"@id\":\"https:\/\/sandzakpress.net\/arhiva\/#\/schema\/person\/6e72b67d6e51910a1117b3b483ba20bd\"},\"image\":{\"@id\":\"https:\/\/sandzakpress.net\/arhiva\/pogledajte-iz-visine-vazduh-u-novom-pazaru-postao-jako-zagaden\/#primaryimage\"},\"thumbnailUrl\":\"https:\/\/sandzakpress.net\/arhiva\/wp-content\/uploads\/2015\/12\/IMG_5791-e1451036743289-616x390-1.jpg\",\"keywords\":[\"nepravde Rasima Ljaji\u0107a\"],\"articleSection\":[\"Novi Pazar\",\"Privreda\",\"VIJESTI DANA\"],\"inLanguage\":\"bs-BA\",\"potentialAction\":[{\"@type\":\"CommentAction\",\"name\":\"Comment\",\"target\":[\"https:\/\/sandzakpress.net\/arhiva\/pogledajte-iz-visine-vazduh-u-novom-pazaru-postao-jako-zagaden\/#respond\"]}]},{\"@type\":\"WebPage\",\"@id\":\"https:\/\/sandzakpress.net\/arhiva\/pogledajte-iz-visine-vazduh-u-novom-pazaru-postao-jako-zagaden\/\",\"url\":\"https:\/\/sandzakpress.net\/arhiva\/pogledajte-iz-visine-vazduh-u-novom-pazaru-postao-jako-zagaden\/\",\"name\":\"POGLEDAJTE IZ VISINE - Vazduh u Novom Pazaru postao jako zaga\u0111en!\",\"isPartOf\":{\"@id\":\"https:\/\/sandzakpress.net\/arhiva\/#website\"},\"primaryImageOfPage\":{\"@id\":\"https:\/\/sandzakpress.net\/arhiva\/pogledajte-iz-visine-vazduh-u-novom-pazaru-postao-jako-zagaden\/#primaryimage\"},\"image\":{\"@id\":\"https:\/\/sandzakpress.net\/arhiva\/pogledajte-iz-visine-vazduh-u-novom-pazaru-postao-jako-zagaden\/#primaryimage\"},\"thumbnailUrl\":\"https:\/\/sandzakpress.net\/arhiva\/wp-content\/uploads\/2015\/12\/IMG_5791-e1451036743289-616x390-1.jpg\",\"datePublished\":\"2015-12-25T09:55:39+00:00\",\"dateModified\":\"2015-12-25T10:49:55+00:00\",\"breadcrumb\":{\"@id\":\"https:\/\/sandzakpress.net\/arhiva\/pogledajte-iz-visine-vazduh-u-novom-pazaru-postao-jako-zagaden\/#breadcrumb\"},\"inLanguage\":\"bs-BA\",\"potentialAction\":[{\"@type\":\"ReadAction\",\"target\":[\"https:\/\/sandzakpress.net\/arhiva\/pogledajte-iz-visine-vazduh-u-novom-pazaru-postao-jako-zagaden\/\"]}]},{\"@type\":\"ImageObject\",\"inLanguage\":\"bs-BA\",\"@id\":\"https:\/\/sandzakpress.net\/arhiva\/pogledajte-iz-visine-vazduh-u-novom-pazaru-postao-jako-zagaden\/#primaryimage\",\"url\":\"https:\/\/sandzakpress.net\/arhiva\/wp-content\/uploads\/2015\/12\/IMG_5791-e1451036743289-616x390-1.jpg\",\"contentUrl\":\"https:\/\/sandzakpress.net\/arhiva\/wp-content\/uploads\/2015\/12\/IMG_5791-e1451036743289-616x390-1.jpg\",\"width\":616,\"height\":390},{\"@type\":\"BreadcrumbList\",\"@id\":\"https:\/\/sandzakpress.net\/arhiva\/pogledajte-iz-visine-vazduh-u-novom-pazaru-postao-jako-zagaden\/#breadcrumb\",\"itemListElement\":[{\"@type\":\"ListItem\",\"position\":1,\"name\":\"Home\",\"item\":\"https:\/\/sandzakpress.net\/arhiva\/\"},{\"@type\":\"ListItem\",\"position\":2,\"name\":\"POGLEDAJTE IZ VISINE &#8211; Vazduh u Novom Pazaru postao jako zaga\u0111en!\"}]},{\"@type\":\"WebSite\",\"@id\":\"https:\/\/sandzakpress.net\/arhiva\/#website\",\"url\":\"https:\/\/sandzakpress.net\/arhiva\/\",\"name\":\"Sand\u017eak PRESS\",\"description\":\"Prve elektronske novine u Sand\u017eaku\",\"publisher\":{\"@id\":\"https:\/\/sandzakpress.net\/arhiva\/#\/schema\/person\/6e72b67d6e51910a1117b3b483ba20bd\"},\"potentialAction\":[{\"@type\":\"SearchAction\",\"target\":{\"@type\":\"EntryPoint\",\"urlTemplate\":\"https:\/\/sandzakpress.net\/arhiva\/?s={search_term_string}\"},\"query-input\":{\"@type\":\"PropertyValueSpecification\",\"valueRequired\":true,\"valueName\":\"search_term_string\"}}],\"inLanguage\":\"bs-BA\"},{\"@type\":[\"Person\",\"Organization\"],\"@id\":\"https:\/\/sandzakpress.net\/arhiva\/#\/schema\/person\/6e72b67d6e51910a1117b3b483ba20bd\",\"name\":\"Kul\",\"image\":{\"@type\":\"ImageObject\",\"inLanguage\":\"bs-BA\",\"@id\":\"https:\/\/sandzakpress.net\/arhiva\/#\/schema\/person\/image\/\",\"url\":\"https:\/\/secure.gravatar.com\/avatar\/42263f39aa27ac04c43cab85c280eb2e?s=96&d=mm&r=pg\",\"contentUrl\":\"https:\/\/secure.gravatar.com\/avatar\/42263f39aa27ac04c43cab85c280eb2e?s=96&d=mm&r=pg\",\"caption\":\"Kul\"},\"logo\":{\"@id\":\"https:\/\/sandzakpress.net\/arhiva\/#\/schema\/person\/image\/\"}},{\"@type\":\"Person\",\"@id\":\"https:\/\/sandzakpress.net\/arhiva\/#\/schema\/person\/c8baee722073534b583ea7bdb2e36c02\",\"name\":\"bosniak\",\"image\":{\"@type\":\"ImageObject\",\"inLanguage\":\"bs-BA\",\"@id\":\"https:\/\/sandzakpress.net\/arhiva\/#\/schema\/person\/image\/\",\"url\":\"https:\/\/secure.gravatar.com\/avatar\/a04fd330bfe3a36a72a0ad4a6d89fca7?s=96&d=mm&r=pg\",\"contentUrl\":\"https:\/\/secure.gravatar.com\/avatar\/a04fd330bfe3a36a72a0ad4a6d89fca7?s=96&d=mm&r=pg\",\"caption\":\"bosniak\"},\"url\":\"https:\/\/sandzakpress.net\/arhiva\/author\/bosniak\/\"}]}<\/script>\n<!-- \/ Yoast SEO Premium plugin. -->","yoast_head_json":{"title":"POGLEDAJTE IZ VISINE - Vazduh u Novom Pazaru postao jako zaga\u0111en!","robots":{"index":"index","follow":"follow","max-snippet":"max-snippet:-1","max-image-preview":"max-image-preview:large","max-video-preview":"max-video-preview:-1"},"canonical":"https:\/\/sandzakpress.net\/arhiva\/pogledajte-iz-visine-vazduh-u-novom-pazaru-postao-jako-zagaden\/","og_locale":"bs_BA","og_type":"article","og_title":"POGLEDAJTE IZ VISINE - Vazduh u Novom Pazaru postao jako zaga\u0111en!","og_description":"Novi Pazar \u2013 Zelena ekolo\u0161ka partija iz Novog Pazara zatra\u017eila je danas od lokalne samouprave da hitno po\u010dne mjerenje zaga\u0111enja vazduha na teritoriji grada. Partija je u strana\u010dkom saop\u0161tenju navela da je problem zaga\u0111jenja vazduha u tom gradu naro\u010dito izra\u017een u jutarnjim i ve\u010dernjim \u010dasovima, kada se veliki broj gra\u0111ana \u017eali na smetnje u disanju. [&hellip;]","og_url":"https:\/\/sandzakpress.net\/arhiva\/pogledajte-iz-visine-vazduh-u-novom-pazaru-postao-jako-zagaden\/","og_site_name":"Sand\u017eak PRESS","article_published_time":"2015-12-25T09:55:39+00:00","article_modified_time":"2015-12-25T10:49:55+00:00","og_image":[{"width":616,"height":390,"url":"https:\/\/sandzakpress.net\/arhiva\/wp-content\/uploads\/2015\/12\/IMG_5791-e1451036743289-616x390-1.jpg","type":"image\/jpeg"}],"author":"bosniak","twitter_card":"summary_large_image","twitter_misc":{"Written by":"bosniak","Est. reading time":"1 minuta"},"schema":{"@context":"https:\/\/schema.org","@graph":[{"@type":"Article","@id":"https:\/\/sandzakpress.net\/arhiva\/pogledajte-iz-visine-vazduh-u-novom-pazaru-postao-jako-zagaden\/#article","isPartOf":{"@id":"https:\/\/sandzakpress.net\/arhiva\/pogledajte-iz-visine-vazduh-u-novom-pazaru-postao-jako-zagaden\/"},"author":{"name":"bosniak","@id":"https:\/\/sandzakpress.net\/arhiva\/#\/schema\/person\/c8baee722073534b583ea7bdb2e36c02"},"headline":"POGLEDAJTE IZ VISINE &#8211; Vazduh u Novom Pazaru postao jako zaga\u0111en!","datePublished":"2015-12-25T09:55:39+00:00","dateModified":"2015-12-25T10:49:55+00:00","mainEntityOfPage":{"@id":"https:\/\/sandzakpress.net\/arhiva\/pogledajte-iz-visine-vazduh-u-novom-pazaru-postao-jako-zagaden\/"},"wordCount":186,"commentCount":2,"publisher":{"@id":"https:\/\/sandzakpress.net\/arhiva\/#\/schema\/person\/6e72b67d6e51910a1117b3b483ba20bd"},"image":{"@id":"https:\/\/sandzakpress.net\/arhiva\/pogledajte-iz-visine-vazduh-u-novom-pazaru-postao-jako-zagaden\/#primaryimage"},"thumbnailUrl":"https:\/\/sandzakpress.net\/arhiva\/wp-content\/uploads\/2015\/12\/IMG_5791-e1451036743289-616x390-1.jpg","keywords":["nepravde Rasima Ljaji\u0107a"],"articleSection":["Novi Pazar","Privreda","VIJESTI DANA"],"inLanguage":"bs-BA","potentialAction":[{"@type":"CommentAction","name":"Comment","target":["https:\/\/sandzakpress.net\/arhiva\/pogledajte-iz-visine-vazduh-u-novom-pazaru-postao-jako-zagaden\/#respond"]}]},{"@type":"WebPage","@id":"https:\/\/sandzakpress.net\/arhiva\/pogledajte-iz-visine-vazduh-u-novom-pazaru-postao-jako-zagaden\/","url":"https:\/\/sandzakpress.net\/arhiva\/pogledajte-iz-visine-vazduh-u-novom-pazaru-postao-jako-zagaden\/","name":"POGLEDAJTE IZ VISINE - Vazduh u Novom Pazaru postao jako zaga\u0111en!","isPartOf":{"@id":"https:\/\/sandzakpress.net\/arhiva\/#website"},"primaryImageOfPage":{"@id":"https:\/\/sandzakpress.net\/arhiva\/pogledajte-iz-visine-vazduh-u-novom-pazaru-postao-jako-zagaden\/#primaryimage"},"image":{"@id":"https:\/\/sandzakpress.net\/arhiva\/pogledajte-iz-visine-vazduh-u-novom-pazaru-postao-jako-zagaden\/#primaryimage"},"thumbnailUrl":"https:\/\/sandzakpress.net\/arhiva\/wp-content\/uploads\/2015\/12\/IMG_5791-e1451036743289-616x390-1.jpg","datePublished":"2015-12-25T09:55:39+00:00","dateModified":"2015-12-25T10:49:55+00:00","breadcrumb":{"@id":"https:\/\/sandzakpress.net\/arhiva\/pogledajte-iz-visine-vazduh-u-novom-pazaru-postao-jako-zagaden\/#breadcrumb"},"inLanguage":"bs-BA","potentialAction":[{"@type":"ReadAction","target":["https:\/\/sandzakpress.net\/arhiva\/pogledajte-iz-visine-vazduh-u-novom-pazaru-postao-jako-zagaden\/"]}]},{"@type":"ImageObject","inLanguage":"bs-BA","@id":"https:\/\/sandzakpress.net\/arhiva\/pogledajte-iz-visine-vazduh-u-novom-pazaru-postao-jako-zagaden\/#primaryimage","url":"https:\/\/sandzakpress.net\/arhiva\/wp-content\/uploads\/2015\/12\/IMG_5791-e1451036743289-616x390-1.jpg","contentUrl":"https:\/\/sandzakpress.net\/arhiva\/wp-content\/uploads\/2015\/12\/IMG_5791-e1451036743289-616x390-1.jpg","width":616,"height":390},{"@type":"BreadcrumbList","@id":"https:\/\/sandzakpress.net\/arhiva\/pogledajte-iz-visine-vazduh-u-novom-pazaru-postao-jako-zagaden\/#breadcrumb","itemListElement":[{"@type":"ListItem","position":1,"name":"Home","item":"https:\/\/sandzakpress.net\/arhiva\/"},{"@type":"ListItem","position":2,"name":"POGLEDAJTE IZ VISINE &#8211; Vazduh u Novom Pazaru postao jako zaga\u0111en!"}]},{"@type":"WebSite","@id":"https:\/\/sandzakpress.net\/arhiva\/#website","url":"https:\/\/sandzakpress.net\/arhiva\/","name":"Sand\u017eak PRESS","description":"Prve elektronske novine u Sand\u017eaku","publisher":{"@id":"https:\/\/sandzakpress.net\/arhiva\/#\/schema\/person\/6e72b67d6e51910a1117b3b483ba20bd"},"potentialAction":[{"@type":"SearchAction","target":{"@type":"EntryPoint","urlTemplate":"https:\/\/sandzakpress.net\/arhiva\/?s={search_term_string}"},"query-input":{"@type":"PropertyValueSpecification","valueRequired":true,"valueName":"search_term_string"}}],"inLanguage":"bs-BA"},{"@type":["Person","Organization"],"@id":"https:\/\/sandzakpress.net\/arhiva\/#\/schema\/person\/6e72b67d6e51910a1117b3b483ba20bd","name":"Kul","image":{"@type":"ImageObject","inLanguage":"bs-BA","@id":"https:\/\/sandzakpress.net\/arhiva\/#\/schema\/person\/image\/","url":"https:\/\/secure.gravatar.com\/avatar\/42263f39aa27ac04c43cab85c280eb2e?s=96&d=mm&r=pg","contentUrl":"https:\/\/secure.gravatar.com\/avatar\/42263f39aa27ac04c43cab85c280eb2e?s=96&d=mm&r=pg","caption":"Kul"},"logo":{"@id":"https:\/\/sandzakpress.net\/arhiva\/#\/schema\/person\/image\/"}},{"@type":"Person","@id":"https:\/\/sandzakpress.net\/arhiva\/#\/schema\/person\/c8baee722073534b583ea7bdb2e36c02","name":"bosniak","image":{"@type":"ImageObject","inLanguage":"bs-BA","@id":"https:\/\/sandzakpress.net\/arhiva\/#\/schema\/person\/image\/","url":"https:\/\/secure.gravatar.com\/avatar\/a04fd330bfe3a36a72a0ad4a6d89fca7?s=96&d=mm&r=pg","contentUrl":"https:\/\/secure.gravatar.com\/avatar\/a04fd330bfe3a36a72a0ad4a6d89fca7?s=96&d=mm&r=pg","caption":"bosniak"},"url":"https:\/\/sandzakpress.net\/arhiva\/author\/bosniak\/"}]}},"_links":{"self":[{"href":"https:\/\/sandzakpress.net\/arhiva\/wp-json\/wp\/v2\/posts\/150419"}],"collection":[{"href":"https:\/\/sandzakpress.net\/arhiva\/wp-json\/wp\/v2\/posts"}],"about":[{"href":"https:\/\/sandzakpress.net\/arhiva\/wp-json\/wp\/v2\/types\/post"}],"author":[{"embeddable":true,"href":"https:\/\/sandzakpress.net\/arhiva\/wp-json\/wp\/v2\/users\/83"}],"replies":[{"embeddable":true,"href":"https:\/\/sandzakpress.net\/arhiva\/wp-json\/wp\/v2\/comments?post=150419"}],"version-history":[{"count":0,"href":"https:\/\/sandzakpress.net\/arhiva\/wp-json\/wp\/v2\/posts\/150419\/revisions"}],"wp:featuredmedia":[{"embeddable":true,"href":"https:\/\/sandzakpress.net\/arhiva\/wp-json\/wp\/v2\/media\/150427"}],"wp:attachment":[{"href":"https:\/\/sandzakpress.net\/arhiva\/wp-json\/wp\/v2\/media?parent=150419"}],"wp:term":[{"taxonomy":"category","embeddable":true,"href":"https:\/\/sandzakpress.net\/arhiva\/wp-json\/wp\/v2\/categories?post=150419"},{"taxonomy":"post_tag","embeddable":true,"href":"https:\/\/sandzakpress.net\/arhiva\/wp-json\/wp\/v2\/tags?post=150419"}],"curies":[{"name":"wp","href":"https:\/\/api.w.org\/{rel}","templated":true}]}}