{"id":150408,"date":"2015-12-25T12:51:23","date_gmt":"2015-12-25T11:51:23","guid":{"rendered":"https:\/\/sandzakpress.net\/arhiva\/?p=150408"},"modified":"2015-12-25T12:51:34","modified_gmt":"2015-12-25T11:51:34","slug":"novi-pazar-vucic-posjetio-crkvu-u-izgradnji-i-obecao-finansijsku-pomoc","status":"publish","type":"post","link":"https:\/\/sandzakpress.net\/arhiva\/novi-pazar-vucic-posjetio-crkvu-u-izgradnji-i-obecao-finansijsku-pomoc\/","title":{"rendered":"Novi Pazar &#8211; Vu\u010di\u0107 posjetio crkvu u izgradnji i obe\u0107ao finansijsku pomo\u0107"},"content":{"rendered":"<p><img loading=\"lazy\" decoding=\"async\" class=\"size-large wp-image-150410\" src=\"https:\/\/sandzakpress.net\/arhiva\/wp-content\/uploads\/2015\/12\/Tan2015-12-24_141033667_0-616x410.jpg\" alt=\"Novi Pazar, 24. decembra 2015. - Premijer Aleksandar Vucic celiva ruku svesteniku tokom posete crkvi Svetog Save u naselju Dezeva u Novom Pazaru. Vucic boravi danas u Novom Pazaru gde je obisao Dijagnosticki centar u krugu Gradske bolnice, nakon toga novoizgradjeno obdaniste, kao i novoizgradjenu zgradu OSS &quot;Rastko Nemanjic Sava&quot; u naselju Dojevice. FOTO TANJUG\/ TANJA VALIC\/ bk\" width=\"600\" height=\"399\" srcset=\"https:\/\/sandzakpress.net\/arhiva\/wp-content\/uploads\/2015\/12\/Tan2015-12-24_141033667_0-616x410.jpg 616w, https:\/\/sandzakpress.net\/arhiva\/wp-content\/uploads\/2015\/12\/Tan2015-12-24_141033667_0.jpg 640w\" sizes=\"(max-width: 600px) 100vw, 600px\" \/><\/p>\n<p><strong>Novi Pazar &#8211; Premijer Aleksandar Vu\u010di\u0107 obi\u0161ao je danas Crkvu Sveti Sava u mjestu De\u017eeva kod Novog Pazara i obe\u0107ao da \u0107e Vlada Srbije izdvojiti sredstva za pokrivanje crkve koja je u izgradnji.<\/strong><\/p>\n<p>&#8220;Ovu crkvu koja se gradi ne\u0107emo da \u010dekamo dugo. Ve\u0107 naredne nedjelje paroh ili vladika ima\u0107e novac da je pokriju&#8221;, najavio je Vu\u010di\u0107, obra\u0107aju\u0107i se okupljenim mje\u0161tanima Mi\u0161cevi\u0107a, sela u De\u017eevskoj dolini, u kojem je ro\u0111en Sava Memanji\u0107.<\/p>\n<p>Radovi na hramu su po\u010deli 1. oktobra 2012.godine, rekao je Vu\u010di\u0107, \u00a0podsjetiv\u0161i da se crkva nalazi u dolini u kojoj je ro\u0111en Sveti Sava i u kojoj su bili dvori Nemanji\u0107a.<\/p>\n<p>Prema njegovim rije\u010dima, crkva i narod su iscrpili svoje mogu\u0107nosti i potrebna je pomo\u0107 za dalju izgradnju hrama, koji ne\u0107e biti samo mjesto vjerskih, ve\u0107 i kulturnih de\u0161avanja.<\/p>\n<p>On je nagasio da je planirano da se u idu\u0107oj godini pokrije crkva i ukazao da je \u017ealosno \u0161to nema hrama Svetom Savi u kraju u kojem je ro\u0111en prvi srpski prosvjetitelj.<\/p>\n<p>Premijer je u razgovoru sa gra\u0111anima De\u017eevske doline kod Novog Pazara istakao da \u0107e sve \u0161to godinama i decenijema nije moglo da se uradi i izgradi biti zavr\u0161eno, ali da je za to potrebno jo\u0161 nekoliko godina dinami\u010dnog rasta.<\/p>\n<p>Vu\u010di\u0107 je izrazio zadovoljstvo \u0161to su mnogi putevi u ovom dijelu Srbije nedavno izgra\u0111eni i najavio da \u0107e se rije\u0161iti rekonstrukcija i izgradnja preostalih puteva.<\/p>\n<p>Gra\u0111ani vi\u0161e mjesta u okolini Novog Pazara zamoli su premijera za izgradnju infrastrukturnih projekata u svojim mjestima, na \u0161ta je on odgovarao da \u0107e da u\u010dini \u0161ta mo\u017ee, ne \u017eele\u0107i da daje obe\u0107anja za projekte koje ne mo\u017ee da garantuje da \u0107e biti realizovani u skorijoj budu\u0107nosti.<\/p>\n<p>&nbsp;<\/p>\n<p>Vu\u010di\u0107 je kazao da radi na dovo\u0111enju jedne mini fabrike drvne industrije u Ra\u0161ku, te najavio da \u0107e sa arapskim prijateljima razgovarati da takvu fabriku, u kojoj bi zaposlili mlade, otvore, kako bi se gra\u0111anima dala mogu\u0107nost da ostanu i imaju budu\u0107nost.<\/p>\n<p>Za mjesto Vranovina, za koje su gra\u0111ani rekli da ima napu\u0161tenu fabriku, obe\u0107ao je da \u0107e nastojati da dovede investitora, kako bi ponovo pokrenuli proizvodnju konfekcije.<\/p>\n<p>On je rekao da je u Krupanj doveo jednog investitora iz Turske koji je obe\u0107ao otvaranje 100 radnih mesta, a zaposlio je 250 ljudi, te da od toga sada \u017eivi cijelo mjesto.<\/p>\n<p>Vu\u010di\u0107 je naglasio da \u0107e poslati ljude iz Ministarstva privrede da se upoznaju sa napu\u0161tenim postrojenjem, kako bi se moglo ponuditi nekome.<\/p>\n<p>(Tanjug)<\/p>\n<p><span style=\"color: #ff0000;\"><strong>&#8212; &#8220;Vu\u010di\u0107 je kazao &#8211; Jednako brinem o Srbima i Bo\u0161njacima&#8221; <\/strong><\/span><\/p>\n<p><span style=\"color: #ff0000;\"><strong>&#8212; Da li \u0107e postupiti u skladu sa obe\u0107anjem i, na primjer, posjetiti Islamsku zajednicu i uru\u010diti finansijsku pomo\u0107 za izgradnju d\u017eamije? <\/strong><\/span><\/p>\n<p><span style=\"color: #ff0000;\"><strong>&#8212; Da li \u0107e, na primjer, odbraniti jedinstvo Islamske zajednice, koje su ugrozile dr\u017eavne strukture, kao \u0161to brani jedinstvo Pravoslavne crkve? <\/strong><\/span><\/p>\n<p><span style=\"color: #ff0000;\"><strong>&#8212; Da li \u0107e, na primjer, biti otklonjena nepravda prema vjerou\u010diteljima i da li \u0107e\u00a0vjeronauka biti vra\u0107ena pod nadle\u017enost\u00a0Islamske zajednice?<\/strong><\/span><\/p>\n<p><img loading=\"lazy\" decoding=\"async\" class=\"size-large wp-image-150409\" src=\"https:\/\/sandzakpress.net\/arhiva\/wp-content\/uploads\/2015\/12\/Tan2015-12-24_1494687_0-616x411.jpg\" alt=\"Novi Pazar, 24. decembra 2015. - Premijer Aleksandar Vucic obraca se okupljenima tokom posete crkvi Svetog Save u naselju Dezeva u Novom Pazaru. Vucic boravi danas u Novom Pazaru gde je obisao Dijagnosticki centar u krugu Gradske bolnice, nakon toga novoizgradjeno obdaniste, kao i novoizgradjenu zgradu OSS &quot;Rastko Nemanjic Sava&quot; u naselju Dojevice. FOTO TANJUG\/ TANJA VALIC\/ bk\" width=\"600\" height=\"400\" srcset=\"https:\/\/sandzakpress.net\/arhiva\/wp-content\/uploads\/2015\/12\/Tan2015-12-24_1494687_0-616x411.jpg 616w, https:\/\/sandzakpress.net\/arhiva\/wp-content\/uploads\/2015\/12\/Tan2015-12-24_1494687_0.jpg 640w\" sizes=\"(max-width: 600px) 100vw, 600px\" \/><\/p>\n<p><img loading=\"lazy\" decoding=\"async\" class=\"size-large wp-image-150411\" src=\"https:\/\/sandzakpress.net\/arhiva\/wp-content\/uploads\/2015\/12\/Tan2015-12-24_141046233_0-616x449.jpg\" alt=\"Novi Pazar, 24. decembra 2015. - Premijer Aleksandar Vucic  tokom posete crkvi Svetog Save u naselju Dezeva u Novom Pazaru. Vucic boravi danas u Novom Pazaru gde je obisao Dijagnosticki centar u krugu Gradske bolnice, nakon toga novoizgradjeno obdaniste, kao i novoizgradjenu zgradu OSS &quot;Rastko Nemanjic Sava&quot; u naselju Dojevice. FOTO TANJUG\/ TANJA VALIC\/ bk\" width=\"600\" height=\"437\" srcset=\"https:\/\/sandzakpress.net\/arhiva\/wp-content\/uploads\/2015\/12\/Tan2015-12-24_141046233_0-616x449.jpg 616w, https:\/\/sandzakpress.net\/arhiva\/wp-content\/uploads\/2015\/12\/Tan2015-12-24_141046233_0-300x220.jpg 300w, https:\/\/sandzakpress.net\/arhiva\/wp-content\/uploads\/2015\/12\/Tan2015-12-24_141046233_0.jpg 640w\" sizes=\"(max-width: 600px) 100vw, 600px\" \/><\/p>\n<p><img loading=\"lazy\" decoding=\"async\" class=\"size-large wp-image-150412\" src=\"https:\/\/sandzakpress.net\/arhiva\/wp-content\/uploads\/2015\/12\/Tan2015-12-24_141545105_0-616x420.jpg\" alt=\"Novi Pazar, 24. decembra 2015. - Premijer Aleksandar Vucic otokom posete crkvi Svetog Save u naselju Dezeva u Novom Pazaru. Vucic boravi danas u Novom Pazaru gde je obisao Dijagnosticki centar u krugu Gradske bolnice, nakon toga novoizgradjeno obdaniste, kao i novoizgradjenu zgradu OSS &quot;Rastko Nemanjic Sava&quot; u naselju Dojevice. FOTO TANJUG\/ TANJA VALIC\/ bk\" width=\"600\" height=\"409\" srcset=\"https:\/\/sandzakpress.net\/arhiva\/wp-content\/uploads\/2015\/12\/Tan2015-12-24_141545105_0-616x420.jpg 616w, https:\/\/sandzakpress.net\/arhiva\/wp-content\/uploads\/2015\/12\/Tan2015-12-24_141545105_0.jpg 640w\" sizes=\"(max-width: 600px) 100vw, 600px\" \/><\/p>\n","protected":false},"excerpt":{"rendered":"<p>Novi Pazar &#8211; Premijer Aleksandar Vu\u010di\u0107 obi\u0161ao je danas Crkvu Sveti Sava u mjestu De\u017eeva kod Novog Pazara i obe\u0107ao da \u0107e Vlada Srbije izdvojiti sredstva za pokrivanje crkve koja je u izgradnji. &#8220;Ovu crkvu koja se gradi ne\u0107emo da \u010dekamo dugo. Ve\u0107 naredne nedjelje paroh ili vladika ima\u0107e novac da je pokriju&#8221;, najavio je [&hellip;]<\/p>\n","protected":false},"author":83,"featured_media":150429,"comment_status":"open","ping_status":"open","sticky":false,"template":"","format":"standard","meta":{"footnotes":""},"categories":[72,1,8957],"tags":[10217],"class_list":{"0":"post-150408","1":"post","2":"type-post","3":"status-publish","4":"format-standard","5":"has-post-thumbnail","7":"category-novi-pazar","8":"category-politika","9":"category-vijesti-dana","10":"tag-nepravde-srpske-vlasti"},"yoast_head":"<!-- This site is optimized with the Yoast SEO Premium plugin v23.1 (Yoast SEO v24.9) - https:\/\/yoast.com\/wordpress\/plugins\/seo\/ -->\n<title>Novi Pazar - Vu\u010di\u0107 posjetio crkvu u izgradnji i obe\u0107ao finansijsku pomo\u0107<\/title>\n<meta name=\"robots\" content=\"index, follow, max-snippet:-1, max-image-preview:large, max-video-preview:-1\" \/>\n<link rel=\"canonical\" href=\"https:\/\/sandzakpress.net\/arhiva\/novi-pazar-vucic-posjetio-crkvu-u-izgradnji-i-obecao-finansijsku-pomoc\/\" \/>\n<meta property=\"og:locale\" content=\"bs_BA\" \/>\n<meta property=\"og:type\" content=\"article\" \/>\n<meta property=\"og:title\" content=\"Novi Pazar - Vu\u010di\u0107 posjetio crkvu u izgradnji i obe\u0107ao finansijsku pomo\u0107\" \/>\n<meta property=\"og:description\" content=\"Novi Pazar &#8211; Premijer Aleksandar Vu\u010di\u0107 obi\u0161ao je danas Crkvu Sveti Sava u mjestu De\u017eeva kod Novog Pazara i obe\u0107ao da \u0107e Vlada Srbije izdvojiti sredstva za pokrivanje crkve koja je u izgradnji. &#8220;Ovu crkvu koja se gradi ne\u0107emo da \u010dekamo dugo. Ve\u0107 naredne nedjelje paroh ili vladika ima\u0107e novac da je pokriju&#8221;, najavio je [&hellip;]\" \/>\n<meta property=\"og:url\" content=\"https:\/\/sandzakpress.net\/arhiva\/novi-pazar-vucic-posjetio-crkvu-u-izgradnji-i-obecao-finansijsku-pomoc\/\" \/>\n<meta property=\"og:site_name\" content=\"Sand\u017eak PRESS\" \/>\n<meta property=\"article:published_time\" content=\"2015-12-25T11:51:23+00:00\" \/>\n<meta property=\"article:modified_time\" content=\"2015-12-25T11:51:34+00:00\" \/>\n<meta property=\"og:image\" content=\"https:\/\/sandzakpress.net\/arhiva\/wp-content\/uploads\/2015\/12\/Tan2015-12-24_141033667_0-616x410-1.jpg\" \/>\n\t<meta property=\"og:image:width\" content=\"616\" \/>\n\t<meta property=\"og:image:height\" content=\"410\" \/>\n\t<meta property=\"og:image:type\" content=\"image\/jpeg\" \/>\n<meta name=\"author\" content=\"bosniak\" \/>\n<meta name=\"twitter:card\" content=\"summary_large_image\" \/>\n<meta name=\"twitter:label1\" content=\"Written by\" \/>\n\t<meta name=\"twitter:data1\" content=\"bosniak\" \/>\n\t<meta name=\"twitter:label2\" content=\"Est. reading time\" \/>\n\t<meta name=\"twitter:data2\" content=\"3 minute\" \/>\n<script type=\"application\/ld+json\" class=\"yoast-schema-graph\">{\"@context\":\"https:\/\/schema.org\",\"@graph\":[{\"@type\":\"Article\",\"@id\":\"https:\/\/sandzakpress.net\/arhiva\/novi-pazar-vucic-posjetio-crkvu-u-izgradnji-i-obecao-finansijsku-pomoc\/#article\",\"isPartOf\":{\"@id\":\"https:\/\/sandzakpress.net\/arhiva\/novi-pazar-vucic-posjetio-crkvu-u-izgradnji-i-obecao-finansijsku-pomoc\/\"},\"author\":{\"name\":\"bosniak\",\"@id\":\"https:\/\/sandzakpress.net\/arhiva\/#\/schema\/person\/c8baee722073534b583ea7bdb2e36c02\"},\"headline\":\"Novi Pazar &#8211; Vu\u010di\u0107 posjetio crkvu u izgradnji i obe\u0107ao finansijsku pomo\u0107\",\"datePublished\":\"2015-12-25T11:51:23+00:00\",\"dateModified\":\"2015-12-25T11:51:34+00:00\",\"mainEntityOfPage\":{\"@id\":\"https:\/\/sandzakpress.net\/arhiva\/novi-pazar-vucic-posjetio-crkvu-u-izgradnji-i-obecao-finansijsku-pomoc\/\"},\"wordCount\":545,\"commentCount\":11,\"publisher\":{\"@id\":\"https:\/\/sandzakpress.net\/arhiva\/#\/schema\/person\/6e72b67d6e51910a1117b3b483ba20bd\"},\"image\":{\"@id\":\"https:\/\/sandzakpress.net\/arhiva\/novi-pazar-vucic-posjetio-crkvu-u-izgradnji-i-obecao-finansijsku-pomoc\/#primaryimage\"},\"thumbnailUrl\":\"https:\/\/sandzakpress.net\/arhiva\/wp-content\/uploads\/2015\/12\/Tan2015-12-24_141033667_0-616x410-1.jpg\",\"keywords\":[\"nepravde srpske vlasti\"],\"articleSection\":[\"Novi Pazar\",\"Politika\",\"VIJESTI DANA\"],\"inLanguage\":\"bs-BA\",\"potentialAction\":[{\"@type\":\"CommentAction\",\"name\":\"Comment\",\"target\":[\"https:\/\/sandzakpress.net\/arhiva\/novi-pazar-vucic-posjetio-crkvu-u-izgradnji-i-obecao-finansijsku-pomoc\/#respond\"]}]},{\"@type\":\"WebPage\",\"@id\":\"https:\/\/sandzakpress.net\/arhiva\/novi-pazar-vucic-posjetio-crkvu-u-izgradnji-i-obecao-finansijsku-pomoc\/\",\"url\":\"https:\/\/sandzakpress.net\/arhiva\/novi-pazar-vucic-posjetio-crkvu-u-izgradnji-i-obecao-finansijsku-pomoc\/\",\"name\":\"Novi Pazar - Vu\u010di\u0107 posjetio crkvu u izgradnji i obe\u0107ao finansijsku pomo\u0107\",\"isPartOf\":{\"@id\":\"https:\/\/sandzakpress.net\/arhiva\/#website\"},\"primaryImageOfPage\":{\"@id\":\"https:\/\/sandzakpress.net\/arhiva\/novi-pazar-vucic-posjetio-crkvu-u-izgradnji-i-obecao-finansijsku-pomoc\/#primaryimage\"},\"image\":{\"@id\":\"https:\/\/sandzakpress.net\/arhiva\/novi-pazar-vucic-posjetio-crkvu-u-izgradnji-i-obecao-finansijsku-pomoc\/#primaryimage\"},\"thumbnailUrl\":\"https:\/\/sandzakpress.net\/arhiva\/wp-content\/uploads\/2015\/12\/Tan2015-12-24_141033667_0-616x410-1.jpg\",\"datePublished\":\"2015-12-25T11:51:23+00:00\",\"dateModified\":\"2015-12-25T11:51:34+00:00\",\"breadcrumb\":{\"@id\":\"https:\/\/sandzakpress.net\/arhiva\/novi-pazar-vucic-posjetio-crkvu-u-izgradnji-i-obecao-finansijsku-pomoc\/#breadcrumb\"},\"inLanguage\":\"bs-BA\",\"potentialAction\":[{\"@type\":\"ReadAction\",\"target\":[\"https:\/\/sandzakpress.net\/arhiva\/novi-pazar-vucic-posjetio-crkvu-u-izgradnji-i-obecao-finansijsku-pomoc\/\"]}]},{\"@type\":\"ImageObject\",\"inLanguage\":\"bs-BA\",\"@id\":\"https:\/\/sandzakpress.net\/arhiva\/novi-pazar-vucic-posjetio-crkvu-u-izgradnji-i-obecao-finansijsku-pomoc\/#primaryimage\",\"url\":\"https:\/\/sandzakpress.net\/arhiva\/wp-content\/uploads\/2015\/12\/Tan2015-12-24_141033667_0-616x410-1.jpg\",\"contentUrl\":\"https:\/\/sandzakpress.net\/arhiva\/wp-content\/uploads\/2015\/12\/Tan2015-12-24_141033667_0-616x410-1.jpg\",\"width\":616,\"height\":410},{\"@type\":\"BreadcrumbList\",\"@id\":\"https:\/\/sandzakpress.net\/arhiva\/novi-pazar-vucic-posjetio-crkvu-u-izgradnji-i-obecao-finansijsku-pomoc\/#breadcrumb\",\"itemListElement\":[{\"@type\":\"ListItem\",\"position\":1,\"name\":\"Home\",\"item\":\"https:\/\/sandzakpress.net\/arhiva\/\"},{\"@type\":\"ListItem\",\"position\":2,\"name\":\"Novi Pazar &#8211; Vu\u010di\u0107 posjetio crkvu u izgradnji i obe\u0107ao finansijsku pomo\u0107\"}]},{\"@type\":\"WebSite\",\"@id\":\"https:\/\/sandzakpress.net\/arhiva\/#website\",\"url\":\"https:\/\/sandzakpress.net\/arhiva\/\",\"name\":\"Sand\u017eak PRESS\",\"description\":\"Prve elektronske novine u Sand\u017eaku\",\"publisher\":{\"@id\":\"https:\/\/sandzakpress.net\/arhiva\/#\/schema\/person\/6e72b67d6e51910a1117b3b483ba20bd\"},\"potentialAction\":[{\"@type\":\"SearchAction\",\"target\":{\"@type\":\"EntryPoint\",\"urlTemplate\":\"https:\/\/sandzakpress.net\/arhiva\/?s={search_term_string}\"},\"query-input\":{\"@type\":\"PropertyValueSpecification\",\"valueRequired\":true,\"valueName\":\"search_term_string\"}}],\"inLanguage\":\"bs-BA\"},{\"@type\":[\"Person\",\"Organization\"],\"@id\":\"https:\/\/sandzakpress.net\/arhiva\/#\/schema\/person\/6e72b67d6e51910a1117b3b483ba20bd\",\"name\":\"Kul\",\"image\":{\"@type\":\"ImageObject\",\"inLanguage\":\"bs-BA\",\"@id\":\"https:\/\/sandzakpress.net\/arhiva\/#\/schema\/person\/image\/\",\"url\":\"https:\/\/secure.gravatar.com\/avatar\/42263f39aa27ac04c43cab85c280eb2e?s=96&d=mm&r=pg\",\"contentUrl\":\"https:\/\/secure.gravatar.com\/avatar\/42263f39aa27ac04c43cab85c280eb2e?s=96&d=mm&r=pg\",\"caption\":\"Kul\"},\"logo\":{\"@id\":\"https:\/\/sandzakpress.net\/arhiva\/#\/schema\/person\/image\/\"}},{\"@type\":\"Person\",\"@id\":\"https:\/\/sandzakpress.net\/arhiva\/#\/schema\/person\/c8baee722073534b583ea7bdb2e36c02\",\"name\":\"bosniak\",\"image\":{\"@type\":\"ImageObject\",\"inLanguage\":\"bs-BA\",\"@id\":\"https:\/\/sandzakpress.net\/arhiva\/#\/schema\/person\/image\/\",\"url\":\"https:\/\/secure.gravatar.com\/avatar\/a04fd330bfe3a36a72a0ad4a6d89fca7?s=96&d=mm&r=pg\",\"contentUrl\":\"https:\/\/secure.gravatar.com\/avatar\/a04fd330bfe3a36a72a0ad4a6d89fca7?s=96&d=mm&r=pg\",\"caption\":\"bosniak\"},\"url\":\"https:\/\/sandzakpress.net\/arhiva\/author\/bosniak\/\"}]}<\/script>\n<!-- \/ Yoast SEO Premium plugin. -->","yoast_head_json":{"title":"Novi Pazar - Vu\u010di\u0107 posjetio crkvu u izgradnji i obe\u0107ao finansijsku pomo\u0107","robots":{"index":"index","follow":"follow","max-snippet":"max-snippet:-1","max-image-preview":"max-image-preview:large","max-video-preview":"max-video-preview:-1"},"canonical":"https:\/\/sandzakpress.net\/arhiva\/novi-pazar-vucic-posjetio-crkvu-u-izgradnji-i-obecao-finansijsku-pomoc\/","og_locale":"bs_BA","og_type":"article","og_title":"Novi Pazar - Vu\u010di\u0107 posjetio crkvu u izgradnji i obe\u0107ao finansijsku pomo\u0107","og_description":"Novi Pazar &#8211; Premijer Aleksandar Vu\u010di\u0107 obi\u0161ao je danas Crkvu Sveti Sava u mjestu De\u017eeva kod Novog Pazara i obe\u0107ao da \u0107e Vlada Srbije izdvojiti sredstva za pokrivanje crkve koja je u izgradnji. &#8220;Ovu crkvu koja se gradi ne\u0107emo da \u010dekamo dugo. Ve\u0107 naredne nedjelje paroh ili vladika ima\u0107e novac da je pokriju&#8221;, najavio je [&hellip;]","og_url":"https:\/\/sandzakpress.net\/arhiva\/novi-pazar-vucic-posjetio-crkvu-u-izgradnji-i-obecao-finansijsku-pomoc\/","og_site_name":"Sand\u017eak PRESS","article_published_time":"2015-12-25T11:51:23+00:00","article_modified_time":"2015-12-25T11:51:34+00:00","og_image":[{"width":616,"height":410,"url":"https:\/\/sandzakpress.net\/arhiva\/wp-content\/uploads\/2015\/12\/Tan2015-12-24_141033667_0-616x410-1.jpg","type":"image\/jpeg"}],"author":"bosniak","twitter_card":"summary_large_image","twitter_misc":{"Written by":"bosniak","Est. reading time":"3 minute"},"schema":{"@context":"https:\/\/schema.org","@graph":[{"@type":"Article","@id":"https:\/\/sandzakpress.net\/arhiva\/novi-pazar-vucic-posjetio-crkvu-u-izgradnji-i-obecao-finansijsku-pomoc\/#article","isPartOf":{"@id":"https:\/\/sandzakpress.net\/arhiva\/novi-pazar-vucic-posjetio-crkvu-u-izgradnji-i-obecao-finansijsku-pomoc\/"},"author":{"name":"bosniak","@id":"https:\/\/sandzakpress.net\/arhiva\/#\/schema\/person\/c8baee722073534b583ea7bdb2e36c02"},"headline":"Novi Pazar &#8211; Vu\u010di\u0107 posjetio crkvu u izgradnji i obe\u0107ao finansijsku pomo\u0107","datePublished":"2015-12-25T11:51:23+00:00","dateModified":"2015-12-25T11:51:34+00:00","mainEntityOfPage":{"@id":"https:\/\/sandzakpress.net\/arhiva\/novi-pazar-vucic-posjetio-crkvu-u-izgradnji-i-obecao-finansijsku-pomoc\/"},"wordCount":545,"commentCount":11,"publisher":{"@id":"https:\/\/sandzakpress.net\/arhiva\/#\/schema\/person\/6e72b67d6e51910a1117b3b483ba20bd"},"image":{"@id":"https:\/\/sandzakpress.net\/arhiva\/novi-pazar-vucic-posjetio-crkvu-u-izgradnji-i-obecao-finansijsku-pomoc\/#primaryimage"},"thumbnailUrl":"https:\/\/sandzakpress.net\/arhiva\/wp-content\/uploads\/2015\/12\/Tan2015-12-24_141033667_0-616x410-1.jpg","keywords":["nepravde srpske vlasti"],"articleSection":["Novi Pazar","Politika","VIJESTI DANA"],"inLanguage":"bs-BA","potentialAction":[{"@type":"CommentAction","name":"Comment","target":["https:\/\/sandzakpress.net\/arhiva\/novi-pazar-vucic-posjetio-crkvu-u-izgradnji-i-obecao-finansijsku-pomoc\/#respond"]}]},{"@type":"WebPage","@id":"https:\/\/sandzakpress.net\/arhiva\/novi-pazar-vucic-posjetio-crkvu-u-izgradnji-i-obecao-finansijsku-pomoc\/","url":"https:\/\/sandzakpress.net\/arhiva\/novi-pazar-vucic-posjetio-crkvu-u-izgradnji-i-obecao-finansijsku-pomoc\/","name":"Novi Pazar - Vu\u010di\u0107 posjetio crkvu u izgradnji i obe\u0107ao finansijsku pomo\u0107","isPartOf":{"@id":"https:\/\/sandzakpress.net\/arhiva\/#website"},"primaryImageOfPage":{"@id":"https:\/\/sandzakpress.net\/arhiva\/novi-pazar-vucic-posjetio-crkvu-u-izgradnji-i-obecao-finansijsku-pomoc\/#primaryimage"},"image":{"@id":"https:\/\/sandzakpress.net\/arhiva\/novi-pazar-vucic-posjetio-crkvu-u-izgradnji-i-obecao-finansijsku-pomoc\/#primaryimage"},"thumbnailUrl":"https:\/\/sandzakpress.net\/arhiva\/wp-content\/uploads\/2015\/12\/Tan2015-12-24_141033667_0-616x410-1.jpg","datePublished":"2015-12-25T11:51:23+00:00","dateModified":"2015-12-25T11:51:34+00:00","breadcrumb":{"@id":"https:\/\/sandzakpress.net\/arhiva\/novi-pazar-vucic-posjetio-crkvu-u-izgradnji-i-obecao-finansijsku-pomoc\/#breadcrumb"},"inLanguage":"bs-BA","potentialAction":[{"@type":"ReadAction","target":["https:\/\/sandzakpress.net\/arhiva\/novi-pazar-vucic-posjetio-crkvu-u-izgradnji-i-obecao-finansijsku-pomoc\/"]}]},{"@type":"ImageObject","inLanguage":"bs-BA","@id":"https:\/\/sandzakpress.net\/arhiva\/novi-pazar-vucic-posjetio-crkvu-u-izgradnji-i-obecao-finansijsku-pomoc\/#primaryimage","url":"https:\/\/sandzakpress.net\/arhiva\/wp-content\/uploads\/2015\/12\/Tan2015-12-24_141033667_0-616x410-1.jpg","contentUrl":"https:\/\/sandzakpress.net\/arhiva\/wp-content\/uploads\/2015\/12\/Tan2015-12-24_141033667_0-616x410-1.jpg","width":616,"height":410},{"@type":"BreadcrumbList","@id":"https:\/\/sandzakpress.net\/arhiva\/novi-pazar-vucic-posjetio-crkvu-u-izgradnji-i-obecao-finansijsku-pomoc\/#breadcrumb","itemListElement":[{"@type":"ListItem","position":1,"name":"Home","item":"https:\/\/sandzakpress.net\/arhiva\/"},{"@type":"ListItem","position":2,"name":"Novi Pazar &#8211; Vu\u010di\u0107 posjetio crkvu u izgradnji i obe\u0107ao finansijsku pomo\u0107"}]},{"@type":"WebSite","@id":"https:\/\/sandzakpress.net\/arhiva\/#website","url":"https:\/\/sandzakpress.net\/arhiva\/","name":"Sand\u017eak PRESS","description":"Prve elektronske novine u Sand\u017eaku","publisher":{"@id":"https:\/\/sandzakpress.net\/arhiva\/#\/schema\/person\/6e72b67d6e51910a1117b3b483ba20bd"},"potentialAction":[{"@type":"SearchAction","target":{"@type":"EntryPoint","urlTemplate":"https:\/\/sandzakpress.net\/arhiva\/?s={search_term_string}"},"query-input":{"@type":"PropertyValueSpecification","valueRequired":true,"valueName":"search_term_string"}}],"inLanguage":"bs-BA"},{"@type":["Person","Organization"],"@id":"https:\/\/sandzakpress.net\/arhiva\/#\/schema\/person\/6e72b67d6e51910a1117b3b483ba20bd","name":"Kul","image":{"@type":"ImageObject","inLanguage":"bs-BA","@id":"https:\/\/sandzakpress.net\/arhiva\/#\/schema\/person\/image\/","url":"https:\/\/secure.gravatar.com\/avatar\/42263f39aa27ac04c43cab85c280eb2e?s=96&d=mm&r=pg","contentUrl":"https:\/\/secure.gravatar.com\/avatar\/42263f39aa27ac04c43cab85c280eb2e?s=96&d=mm&r=pg","caption":"Kul"},"logo":{"@id":"https:\/\/sandzakpress.net\/arhiva\/#\/schema\/person\/image\/"}},{"@type":"Person","@id":"https:\/\/sandzakpress.net\/arhiva\/#\/schema\/person\/c8baee722073534b583ea7bdb2e36c02","name":"bosniak","image":{"@type":"ImageObject","inLanguage":"bs-BA","@id":"https:\/\/sandzakpress.net\/arhiva\/#\/schema\/person\/image\/","url":"https:\/\/secure.gravatar.com\/avatar\/a04fd330bfe3a36a72a0ad4a6d89fca7?s=96&d=mm&r=pg","contentUrl":"https:\/\/secure.gravatar.com\/avatar\/a04fd330bfe3a36a72a0ad4a6d89fca7?s=96&d=mm&r=pg","caption":"bosniak"},"url":"https:\/\/sandzakpress.net\/arhiva\/author\/bosniak\/"}]}},"_links":{"self":[{"href":"https:\/\/sandzakpress.net\/arhiva\/wp-json\/wp\/v2\/posts\/150408"}],"collection":[{"href":"https:\/\/sandzakpress.net\/arhiva\/wp-json\/wp\/v2\/posts"}],"about":[{"href":"https:\/\/sandzakpress.net\/arhiva\/wp-json\/wp\/v2\/types\/post"}],"author":[{"embeddable":true,"href":"https:\/\/sandzakpress.net\/arhiva\/wp-json\/wp\/v2\/users\/83"}],"replies":[{"embeddable":true,"href":"https:\/\/sandzakpress.net\/arhiva\/wp-json\/wp\/v2\/comments?post=150408"}],"version-history":[{"count":0,"href":"https:\/\/sandzakpress.net\/arhiva\/wp-json\/wp\/v2\/posts\/150408\/revisions"}],"wp:featuredmedia":[{"embeddable":true,"href":"https:\/\/sandzakpress.net\/arhiva\/wp-json\/wp\/v2\/media\/150429"}],"wp:attachment":[{"href":"https:\/\/sandzakpress.net\/arhiva\/wp-json\/wp\/v2\/media?parent=150408"}],"wp:term":[{"taxonomy":"category","embeddable":true,"href":"https:\/\/sandzakpress.net\/arhiva\/wp-json\/wp\/v2\/categories?post=150408"},{"taxonomy":"post_tag","embeddable":true,"href":"https:\/\/sandzakpress.net\/arhiva\/wp-json\/wp\/v2\/tags?post=150408"}],"curies":[{"name":"wp","href":"https:\/\/api.w.org\/{rel}","templated":true}]}}