{"id":150332,"date":"2015-12-24T14:25:20","date_gmt":"2015-12-24T13:25:20","guid":{"rendered":"https:\/\/sandzakpress.net\/arhiva\/?p=150332"},"modified":"2015-12-24T14:25:20","modified_gmt":"2015-12-24T13:25:20","slug":"uhapsen-pljackas-menjacnice-u-novoj-varosi","status":"publish","type":"post","link":"https:\/\/sandzakpress.net\/arhiva\/uhapsen-pljackas-menjacnice-u-novoj-varosi\/","title":{"rendered":"Uhap\u0161en plja\u010dka\u0161 menja\u010dnice u Novoj Varo\u0161i"},"content":{"rendered":"<p><img decoding=\"async\" src=\"http:\/\/www.radiostoplus.com\/images\/clanci\/DRUSTVO\/lopov.jpg\" alt=\"\" \/><\/p>\n<p><strong>Nova Varo\u0161 &#8211; Policija u Novoj Varo\u0161i uhapsila je mu\u0161karca koji je danas, oko 15 sati, oplja\u010dkao menja\u010dnicu u centru tog mjesta.<\/strong><\/p>\n<p>Uhap\u0161en je B.D. (29) iz Prijepolja kojem je po nalogu Osnovnog javnog tu\u017eila\u0161tva odredjen pritvor do 48 sati zbog razbojni\u0161tva.<\/p>\n<p>On je, ne\u0161to prije 15 \u010dasova, u\u0161ao u menja\u010dnicu i uz prijetnju pi\u0161toljem od radnice oteo oko 4.000 evra i 150.000 dinara.<\/p>\n<p>Potom je zaustavio taksi i zatra\u017eio od voza\u010da da ga vozi do Zlatibora.<\/p>\n<p>Radnica je pozvala kom\u0161ije u pomo\u0107, a vrlo brzo o svemu je obavije\u0161tena i policija, koja ga je uhapsila.<\/p>\n<p>(Beta)<\/p>\n","protected":false},"excerpt":{"rendered":"<p>Nova Varo\u0161 &#8211; Policija u Novoj Varo\u0161i uhapsila je mu\u0161karca koji je danas, oko 15 sati, oplja\u010dkao menja\u010dnicu u centru tog mjesta. Uhap\u0161en je B.D. (29) iz Prijepolja kojem je po nalogu Osnovnog javnog tu\u017eila\u0161tva odredjen pritvor do 48 sati zbog razbojni\u0161tva. On je, ne\u0161to prije 15 \u010dasova, u\u0161ao u menja\u010dnicu i uz prijetnju pi\u0161toljem [&hellip;]<\/p>\n","protected":false},"author":83,"featured_media":150341,"comment_status":"open","ping_status":"open","sticky":false,"template":"","format":"standard","meta":{"footnotes":""},"categories":[394,801],"tags":[],"class_list":{"0":"post-150332","1":"post","2":"type-post","3":"status-publish","4":"format-standard","5":"has-post-thumbnail","7":"category-nova-varos","8":"category-crna_hronika"},"yoast_head":"<!-- This site is optimized with the Yoast SEO Premium plugin v23.1 (Yoast SEO v24.9) - https:\/\/yoast.com\/wordpress\/plugins\/seo\/ -->\n<title>Uhap\u0161en plja\u010dka\u0161 menja\u010dnice u Novoj Varo\u0161i<\/title>\n<meta name=\"robots\" content=\"index, follow, max-snippet:-1, max-image-preview:large, max-video-preview:-1\" \/>\n<link rel=\"canonical\" href=\"https:\/\/sandzakpress.net\/arhiva\/uhapsen-pljackas-menjacnice-u-novoj-varosi\/\" \/>\n<meta property=\"og:locale\" content=\"bs_BA\" \/>\n<meta property=\"og:type\" content=\"article\" \/>\n<meta property=\"og:title\" content=\"Uhap\u0161en plja\u010dka\u0161 menja\u010dnice u Novoj Varo\u0161i\" \/>\n<meta property=\"og:description\" content=\"Nova Varo\u0161 &#8211; Policija u Novoj Varo\u0161i uhapsila je mu\u0161karca koji je danas, oko 15 sati, oplja\u010dkao menja\u010dnicu u centru tog mjesta. Uhap\u0161en je B.D. (29) iz Prijepolja kojem je po nalogu Osnovnog javnog tu\u017eila\u0161tva odredjen pritvor do 48 sati zbog razbojni\u0161tva. On je, ne\u0161to prije 15 \u010dasova, u\u0161ao u menja\u010dnicu i uz prijetnju pi\u0161toljem [&hellip;]\" \/>\n<meta property=\"og:url\" content=\"https:\/\/sandzakpress.net\/arhiva\/uhapsen-pljackas-menjacnice-u-novoj-varosi\/\" \/>\n<meta property=\"og:site_name\" content=\"Sand\u017eak PRESS\" \/>\n<meta property=\"article:published_time\" content=\"2015-12-24T13:25:20+00:00\" \/>\n<meta property=\"og:image\" content=\"https:\/\/sandzakpress.net\/arhiva\/wp-content\/uploads\/2015\/12\/lopov.jpg\" \/>\n\t<meta property=\"og:image:width\" content=\"480\" \/>\n\t<meta property=\"og:image:height\" content=\"270\" \/>\n\t<meta property=\"og:image:type\" content=\"image\/jpeg\" \/>\n<meta name=\"author\" content=\"bosniak\" \/>\n<meta name=\"twitter:card\" content=\"summary_large_image\" \/>\n<meta name=\"twitter:label1\" content=\"Written by\" \/>\n\t<meta name=\"twitter:data1\" content=\"bosniak\" \/>\n\t<meta name=\"twitter:label2\" content=\"Est. reading time\" \/>\n\t<meta name=\"twitter:data2\" content=\"1 minuta\" \/>\n<script type=\"application\/ld+json\" class=\"yoast-schema-graph\">{\"@context\":\"https:\/\/schema.org\",\"@graph\":[{\"@type\":\"Article\",\"@id\":\"https:\/\/sandzakpress.net\/arhiva\/uhapsen-pljackas-menjacnice-u-novoj-varosi\/#article\",\"isPartOf\":{\"@id\":\"https:\/\/sandzakpress.net\/arhiva\/uhapsen-pljackas-menjacnice-u-novoj-varosi\/\"},\"author\":{\"name\":\"bosniak\",\"@id\":\"https:\/\/sandzakpress.net\/arhiva\/#\/schema\/person\/c8baee722073534b583ea7bdb2e36c02\"},\"headline\":\"Uhap\u0161en plja\u010dka\u0161 menja\u010dnice u Novoj Varo\u0161i\",\"datePublished\":\"2015-12-24T13:25:20+00:00\",\"mainEntityOfPage\":{\"@id\":\"https:\/\/sandzakpress.net\/arhiva\/uhapsen-pljackas-menjacnice-u-novoj-varosi\/\"},\"wordCount\":118,\"commentCount\":1,\"publisher\":{\"@id\":\"https:\/\/sandzakpress.net\/arhiva\/#\/schema\/person\/6e72b67d6e51910a1117b3b483ba20bd\"},\"image\":{\"@id\":\"https:\/\/sandzakpress.net\/arhiva\/uhapsen-pljackas-menjacnice-u-novoj-varosi\/#primaryimage\"},\"thumbnailUrl\":\"https:\/\/sandzakpress.net\/arhiva\/wp-content\/uploads\/2015\/12\/lopov.jpg\",\"articleSection\":[\"Nova Varo\u0161\",\"Hronika\"],\"inLanguage\":\"bs-BA\",\"potentialAction\":[{\"@type\":\"CommentAction\",\"name\":\"Comment\",\"target\":[\"https:\/\/sandzakpress.net\/arhiva\/uhapsen-pljackas-menjacnice-u-novoj-varosi\/#respond\"]}]},{\"@type\":\"WebPage\",\"@id\":\"https:\/\/sandzakpress.net\/arhiva\/uhapsen-pljackas-menjacnice-u-novoj-varosi\/\",\"url\":\"https:\/\/sandzakpress.net\/arhiva\/uhapsen-pljackas-menjacnice-u-novoj-varosi\/\",\"name\":\"Uhap\u0161en plja\u010dka\u0161 menja\u010dnice u Novoj Varo\u0161i\",\"isPartOf\":{\"@id\":\"https:\/\/sandzakpress.net\/arhiva\/#website\"},\"primaryImageOfPage\":{\"@id\":\"https:\/\/sandzakpress.net\/arhiva\/uhapsen-pljackas-menjacnice-u-novoj-varosi\/#primaryimage\"},\"image\":{\"@id\":\"https:\/\/sandzakpress.net\/arhiva\/uhapsen-pljackas-menjacnice-u-novoj-varosi\/#primaryimage\"},\"thumbnailUrl\":\"https:\/\/sandzakpress.net\/arhiva\/wp-content\/uploads\/2015\/12\/lopov.jpg\",\"datePublished\":\"2015-12-24T13:25:20+00:00\",\"breadcrumb\":{\"@id\":\"https:\/\/sandzakpress.net\/arhiva\/uhapsen-pljackas-menjacnice-u-novoj-varosi\/#breadcrumb\"},\"inLanguage\":\"bs-BA\",\"potentialAction\":[{\"@type\":\"ReadAction\",\"target\":[\"https:\/\/sandzakpress.net\/arhiva\/uhapsen-pljackas-menjacnice-u-novoj-varosi\/\"]}]},{\"@type\":\"ImageObject\",\"inLanguage\":\"bs-BA\",\"@id\":\"https:\/\/sandzakpress.net\/arhiva\/uhapsen-pljackas-menjacnice-u-novoj-varosi\/#primaryimage\",\"url\":\"https:\/\/sandzakpress.net\/arhiva\/wp-content\/uploads\/2015\/12\/lopov.jpg\",\"contentUrl\":\"https:\/\/sandzakpress.net\/arhiva\/wp-content\/uploads\/2015\/12\/lopov.jpg\",\"width\":480,\"height\":270},{\"@type\":\"BreadcrumbList\",\"@id\":\"https:\/\/sandzakpress.net\/arhiva\/uhapsen-pljackas-menjacnice-u-novoj-varosi\/#breadcrumb\",\"itemListElement\":[{\"@type\":\"ListItem\",\"position\":1,\"name\":\"Home\",\"item\":\"https:\/\/sandzakpress.net\/arhiva\/\"},{\"@type\":\"ListItem\",\"position\":2,\"name\":\"Uhap\u0161en plja\u010dka\u0161 menja\u010dnice u Novoj Varo\u0161i\"}]},{\"@type\":\"WebSite\",\"@id\":\"https:\/\/sandzakpress.net\/arhiva\/#website\",\"url\":\"https:\/\/sandzakpress.net\/arhiva\/\",\"name\":\"Sand\u017eak PRESS\",\"description\":\"Prve elektronske novine u Sand\u017eaku\",\"publisher\":{\"@id\":\"https:\/\/sandzakpress.net\/arhiva\/#\/schema\/person\/6e72b67d6e51910a1117b3b483ba20bd\"},\"potentialAction\":[{\"@type\":\"SearchAction\",\"target\":{\"@type\":\"EntryPoint\",\"urlTemplate\":\"https:\/\/sandzakpress.net\/arhiva\/?s={search_term_string}\"},\"query-input\":{\"@type\":\"PropertyValueSpecification\",\"valueRequired\":true,\"valueName\":\"search_term_string\"}}],\"inLanguage\":\"bs-BA\"},{\"@type\":[\"Person\",\"Organization\"],\"@id\":\"https:\/\/sandzakpress.net\/arhiva\/#\/schema\/person\/6e72b67d6e51910a1117b3b483ba20bd\",\"name\":\"Kul\",\"image\":{\"@type\":\"ImageObject\",\"inLanguage\":\"bs-BA\",\"@id\":\"https:\/\/sandzakpress.net\/arhiva\/#\/schema\/person\/image\/\",\"url\":\"https:\/\/secure.gravatar.com\/avatar\/42263f39aa27ac04c43cab85c280eb2e?s=96&d=mm&r=pg\",\"contentUrl\":\"https:\/\/secure.gravatar.com\/avatar\/42263f39aa27ac04c43cab85c280eb2e?s=96&d=mm&r=pg\",\"caption\":\"Kul\"},\"logo\":{\"@id\":\"https:\/\/sandzakpress.net\/arhiva\/#\/schema\/person\/image\/\"}},{\"@type\":\"Person\",\"@id\":\"https:\/\/sandzakpress.net\/arhiva\/#\/schema\/person\/c8baee722073534b583ea7bdb2e36c02\",\"name\":\"bosniak\",\"image\":{\"@type\":\"ImageObject\",\"inLanguage\":\"bs-BA\",\"@id\":\"https:\/\/sandzakpress.net\/arhiva\/#\/schema\/person\/image\/\",\"url\":\"https:\/\/secure.gravatar.com\/avatar\/a04fd330bfe3a36a72a0ad4a6d89fca7?s=96&d=mm&r=pg\",\"contentUrl\":\"https:\/\/secure.gravatar.com\/avatar\/a04fd330bfe3a36a72a0ad4a6d89fca7?s=96&d=mm&r=pg\",\"caption\":\"bosniak\"},\"url\":\"https:\/\/sandzakpress.net\/arhiva\/author\/bosniak\/\"}]}<\/script>\n<!-- \/ Yoast SEO Premium plugin. -->","yoast_head_json":{"title":"Uhap\u0161en plja\u010dka\u0161 menja\u010dnice u Novoj Varo\u0161i","robots":{"index":"index","follow":"follow","max-snippet":"max-snippet:-1","max-image-preview":"max-image-preview:large","max-video-preview":"max-video-preview:-1"},"canonical":"https:\/\/sandzakpress.net\/arhiva\/uhapsen-pljackas-menjacnice-u-novoj-varosi\/","og_locale":"bs_BA","og_type":"article","og_title":"Uhap\u0161en plja\u010dka\u0161 menja\u010dnice u Novoj Varo\u0161i","og_description":"Nova Varo\u0161 &#8211; Policija u Novoj Varo\u0161i uhapsila je mu\u0161karca koji je danas, oko 15 sati, oplja\u010dkao menja\u010dnicu u centru tog mjesta. Uhap\u0161en je B.D. (29) iz Prijepolja kojem je po nalogu Osnovnog javnog tu\u017eila\u0161tva odredjen pritvor do 48 sati zbog razbojni\u0161tva. On je, ne\u0161to prije 15 \u010dasova, u\u0161ao u menja\u010dnicu i uz prijetnju pi\u0161toljem [&hellip;]","og_url":"https:\/\/sandzakpress.net\/arhiva\/uhapsen-pljackas-menjacnice-u-novoj-varosi\/","og_site_name":"Sand\u017eak PRESS","article_published_time":"2015-12-24T13:25:20+00:00","og_image":[{"width":480,"height":270,"url":"https:\/\/sandzakpress.net\/arhiva\/wp-content\/uploads\/2015\/12\/lopov.jpg","type":"image\/jpeg"}],"author":"bosniak","twitter_card":"summary_large_image","twitter_misc":{"Written by":"bosniak","Est. reading time":"1 minuta"},"schema":{"@context":"https:\/\/schema.org","@graph":[{"@type":"Article","@id":"https:\/\/sandzakpress.net\/arhiva\/uhapsen-pljackas-menjacnice-u-novoj-varosi\/#article","isPartOf":{"@id":"https:\/\/sandzakpress.net\/arhiva\/uhapsen-pljackas-menjacnice-u-novoj-varosi\/"},"author":{"name":"bosniak","@id":"https:\/\/sandzakpress.net\/arhiva\/#\/schema\/person\/c8baee722073534b583ea7bdb2e36c02"},"headline":"Uhap\u0161en plja\u010dka\u0161 menja\u010dnice u Novoj Varo\u0161i","datePublished":"2015-12-24T13:25:20+00:00","mainEntityOfPage":{"@id":"https:\/\/sandzakpress.net\/arhiva\/uhapsen-pljackas-menjacnice-u-novoj-varosi\/"},"wordCount":118,"commentCount":1,"publisher":{"@id":"https:\/\/sandzakpress.net\/arhiva\/#\/schema\/person\/6e72b67d6e51910a1117b3b483ba20bd"},"image":{"@id":"https:\/\/sandzakpress.net\/arhiva\/uhapsen-pljackas-menjacnice-u-novoj-varosi\/#primaryimage"},"thumbnailUrl":"https:\/\/sandzakpress.net\/arhiva\/wp-content\/uploads\/2015\/12\/lopov.jpg","articleSection":["Nova Varo\u0161","Hronika"],"inLanguage":"bs-BA","potentialAction":[{"@type":"CommentAction","name":"Comment","target":["https:\/\/sandzakpress.net\/arhiva\/uhapsen-pljackas-menjacnice-u-novoj-varosi\/#respond"]}]},{"@type":"WebPage","@id":"https:\/\/sandzakpress.net\/arhiva\/uhapsen-pljackas-menjacnice-u-novoj-varosi\/","url":"https:\/\/sandzakpress.net\/arhiva\/uhapsen-pljackas-menjacnice-u-novoj-varosi\/","name":"Uhap\u0161en plja\u010dka\u0161 menja\u010dnice u Novoj Varo\u0161i","isPartOf":{"@id":"https:\/\/sandzakpress.net\/arhiva\/#website"},"primaryImageOfPage":{"@id":"https:\/\/sandzakpress.net\/arhiva\/uhapsen-pljackas-menjacnice-u-novoj-varosi\/#primaryimage"},"image":{"@id":"https:\/\/sandzakpress.net\/arhiva\/uhapsen-pljackas-menjacnice-u-novoj-varosi\/#primaryimage"},"thumbnailUrl":"https:\/\/sandzakpress.net\/arhiva\/wp-content\/uploads\/2015\/12\/lopov.jpg","datePublished":"2015-12-24T13:25:20+00:00","breadcrumb":{"@id":"https:\/\/sandzakpress.net\/arhiva\/uhapsen-pljackas-menjacnice-u-novoj-varosi\/#breadcrumb"},"inLanguage":"bs-BA","potentialAction":[{"@type":"ReadAction","target":["https:\/\/sandzakpress.net\/arhiva\/uhapsen-pljackas-menjacnice-u-novoj-varosi\/"]}]},{"@type":"ImageObject","inLanguage":"bs-BA","@id":"https:\/\/sandzakpress.net\/arhiva\/uhapsen-pljackas-menjacnice-u-novoj-varosi\/#primaryimage","url":"https:\/\/sandzakpress.net\/arhiva\/wp-content\/uploads\/2015\/12\/lopov.jpg","contentUrl":"https:\/\/sandzakpress.net\/arhiva\/wp-content\/uploads\/2015\/12\/lopov.jpg","width":480,"height":270},{"@type":"BreadcrumbList","@id":"https:\/\/sandzakpress.net\/arhiva\/uhapsen-pljackas-menjacnice-u-novoj-varosi\/#breadcrumb","itemListElement":[{"@type":"ListItem","position":1,"name":"Home","item":"https:\/\/sandzakpress.net\/arhiva\/"},{"@type":"ListItem","position":2,"name":"Uhap\u0161en plja\u010dka\u0161 menja\u010dnice u Novoj Varo\u0161i"}]},{"@type":"WebSite","@id":"https:\/\/sandzakpress.net\/arhiva\/#website","url":"https:\/\/sandzakpress.net\/arhiva\/","name":"Sand\u017eak PRESS","description":"Prve elektronske novine u Sand\u017eaku","publisher":{"@id":"https:\/\/sandzakpress.net\/arhiva\/#\/schema\/person\/6e72b67d6e51910a1117b3b483ba20bd"},"potentialAction":[{"@type":"SearchAction","target":{"@type":"EntryPoint","urlTemplate":"https:\/\/sandzakpress.net\/arhiva\/?s={search_term_string}"},"query-input":{"@type":"PropertyValueSpecification","valueRequired":true,"valueName":"search_term_string"}}],"inLanguage":"bs-BA"},{"@type":["Person","Organization"],"@id":"https:\/\/sandzakpress.net\/arhiva\/#\/schema\/person\/6e72b67d6e51910a1117b3b483ba20bd","name":"Kul","image":{"@type":"ImageObject","inLanguage":"bs-BA","@id":"https:\/\/sandzakpress.net\/arhiva\/#\/schema\/person\/image\/","url":"https:\/\/secure.gravatar.com\/avatar\/42263f39aa27ac04c43cab85c280eb2e?s=96&d=mm&r=pg","contentUrl":"https:\/\/secure.gravatar.com\/avatar\/42263f39aa27ac04c43cab85c280eb2e?s=96&d=mm&r=pg","caption":"Kul"},"logo":{"@id":"https:\/\/sandzakpress.net\/arhiva\/#\/schema\/person\/image\/"}},{"@type":"Person","@id":"https:\/\/sandzakpress.net\/arhiva\/#\/schema\/person\/c8baee722073534b583ea7bdb2e36c02","name":"bosniak","image":{"@type":"ImageObject","inLanguage":"bs-BA","@id":"https:\/\/sandzakpress.net\/arhiva\/#\/schema\/person\/image\/","url":"https:\/\/secure.gravatar.com\/avatar\/a04fd330bfe3a36a72a0ad4a6d89fca7?s=96&d=mm&r=pg","contentUrl":"https:\/\/secure.gravatar.com\/avatar\/a04fd330bfe3a36a72a0ad4a6d89fca7?s=96&d=mm&r=pg","caption":"bosniak"},"url":"https:\/\/sandzakpress.net\/arhiva\/author\/bosniak\/"}]}},"_links":{"self":[{"href":"https:\/\/sandzakpress.net\/arhiva\/wp-json\/wp\/v2\/posts\/150332"}],"collection":[{"href":"https:\/\/sandzakpress.net\/arhiva\/wp-json\/wp\/v2\/posts"}],"about":[{"href":"https:\/\/sandzakpress.net\/arhiva\/wp-json\/wp\/v2\/types\/post"}],"author":[{"embeddable":true,"href":"https:\/\/sandzakpress.net\/arhiva\/wp-json\/wp\/v2\/users\/83"}],"replies":[{"embeddable":true,"href":"https:\/\/sandzakpress.net\/arhiva\/wp-json\/wp\/v2\/comments?post=150332"}],"version-history":[{"count":0,"href":"https:\/\/sandzakpress.net\/arhiva\/wp-json\/wp\/v2\/posts\/150332\/revisions"}],"wp:featuredmedia":[{"embeddable":true,"href":"https:\/\/sandzakpress.net\/arhiva\/wp-json\/wp\/v2\/media\/150341"}],"wp:attachment":[{"href":"https:\/\/sandzakpress.net\/arhiva\/wp-json\/wp\/v2\/media?parent=150332"}],"wp:term":[{"taxonomy":"category","embeddable":true,"href":"https:\/\/sandzakpress.net\/arhiva\/wp-json\/wp\/v2\/categories?post=150332"},{"taxonomy":"post_tag","embeddable":true,"href":"https:\/\/sandzakpress.net\/arhiva\/wp-json\/wp\/v2\/tags?post=150332"}],"curies":[{"name":"wp","href":"https:\/\/api.w.org\/{rel}","templated":true}]}}