{"id":15023,"date":"2011-04-14T12:41:55","date_gmt":"2011-04-14T10:41:55","guid":{"rendered":"https:\/\/sandzakpress.net\/arhiva\/?p=15023"},"modified":"2011-04-14T12:41:55","modified_gmt":"2011-04-14T10:41:55","slug":"na-ahiret-preselio-najstariji-dzematlija-iz-sela-potkrajci-kod-bijelog-polja","status":"publish","type":"post","link":"https:\/\/sandzakpress.net\/arhiva\/na-ahiret-preselio-najstariji-dzematlija-iz-sela-potkrajci-kod-bijelog-polja\/","title":{"rendered":"Na Ahiret preselio najstariji d\u017eematlija iz sela Potkrajci kod Bijelog Polja"},"content":{"rendered":"<p><strong><a href=\"https:\/\/sandzakpress.net\/arhiva\/wp-content\/uploads\/2011\/04\/resizer_n.php_.jpg\"><img loading=\"lazy\" decoding=\"async\" class=\"alignleft size-full wp-image-15024\" src=\"https:\/\/sandzakpress.net\/arhiva\/wp-content\/uploads\/2011\/04\/resizer_n.php_.jpg\" alt=\"\" width=\"150\" height=\"113\" \/><\/a><\/strong><strong>Bijelo Polje<\/strong><strong> \u2013 Dana 11. aprila 2011. godine, na Ahiret je preselio rahmetli <\/strong><strong>Harun\u2013Hako Salkovi\u0107<\/strong> iz sela Potkrajci kod Bijelog Polja. A\u017eo-Hako, kako su ga svi zvali u  Bijelom Polju, ro\u0111en je 1914. godine, i bio je najstariji d\u017eematlija na  podru\u010dju Odbora Islamske zajednice Bijelo Polje. D\u017eenaza namaz ispred  gradske gasulhane u Bijelom Polju je predvodio glavni imam u Bijelom  Polju <strong>Enis ef. Burd\u017eovi\u0107<\/strong>.<\/p>\n<p>Nakon d\u017eenaze, koju je klanjao  veliki broj d\u017eematlija iz svih bjelopoljskih d\u017eematlija, Enis ef.  Burd\u017eovi\u0107 je naglasio: \u201eDanas na Ahiret ispra\u0107amo jednog tihog \u010dovjeka,  koji je nosio veliku blagodat od Gospodara. Mislimo da je blagodat dugo  \u017eivjeti, ali kao muslimani svjesni smo da ovoj tvrdnji fali jo\u0161 ne\u0161to \u2013  kome Allah da dug \u017eivot, potpuna je blagodat ako ga uputi da u dugom  \u017eivotu \u010dini dobra djela. Allah je rahmetli Ad\u017eo-Haku darivao dug \u017eivot,  ali i dobra djela, po kojima je svima nama bio poznat. Ro\u0111en u Osmanskom  hilafetu, pre\u017eivio je i njegov pad, zatim smjene raznih vlasti i  re\u017eima, ali to Haka nije pokolebalo da ostane vjeran vlasti Gospodara  svih svjetova! Ostao je vjeran Gospodaru svih svjetova, kome se danas  vra\u0107a. Islamska zajednica i muslimani mu duguju ogromnu zahvalnost, jer  je u te\u0161kim vremenima, kada su drugi birali partiju, on odabrao d\u017eamiju.  U te\u0161kim vremenima je klanjao me\u0111u zidinama sru\u0161ene sutivanske d\u017eamije,  nakon toga radio na njenom podizanju, dugo godina bio mujezin. Ostavio  nam je prazno mjesto u prvom safu pored mimbera ove d\u017eamije, i te\u0161ko da  \u0107e do\u0107i \u010dovjek koji \u0107e nadomjestiti prazninu koja ostaje za njim. Niko  nikada nije zapamtio da se on nekom po\u017ealio, uvijek je bio zadovoljan  onim \u0161to mu je Allah propisao. Tim zadovoljstvom, zaslu\u017eio je da i Allah  Uzvi\u0161eni njime bude zadovoljan, i uvede ga u prostranstvo d\u017eennetskih  ljepota.\u201c<\/p>\n<p>Nakon toga, u rodnim potkrajcima, zbog velikog broja d\u017eematlija koji su  tu pristigli, jo\u0161 jednom je klanjana d\u017eenaza, a potom je njegov tabut, s  ruke na ruku, u duga dva reda prene\u0161en do mezara, gdje je pokopan.  Molimo Uzvi\u0161enog Allaha da ga obaspe svojom beskrajnom milo\u0161\u0107u i uvede u  d\u017eennetske ljepote!<\/p>\n<p>Izvor:<strong> MonteIslam.com<\/strong><\/p>\n","protected":false},"excerpt":{"rendered":"<p>Bijelo Polje \u2013 Dana 11. aprila 2011. godine, na Ahiret je preselio rahmetli Harun\u2013Hako Salkovi\u0107 iz sela Potkrajci kod Bijelog Polja. A\u017eo-Hako, kako su ga svi zvali u Bijelom Polju, ro\u0111en je 1914. godine, i bio je najstariji d\u017eematlija na podru\u010dju Odbora Islamske zajednice Bijelo Polje. D\u017eenaza namaz ispred gradske gasulhane u Bijelom Polju je [&hellip;]<\/p>\n","protected":false},"author":13,"featured_media":15024,"comment_status":"open","ping_status":"open","sticky":false,"template":"","format":"standard","meta":{"footnotes":""},"categories":[396],"tags":[],"class_list":{"0":"post-15023","1":"post","2":"type-post","3":"status-publish","4":"format-standard","5":"has-post-thumbnail","7":"category-bijelo_polje"},"yoast_head":"<!-- This site is optimized with the Yoast SEO Premium plugin v23.1 (Yoast SEO v24.9) - https:\/\/yoast.com\/wordpress\/plugins\/seo\/ -->\n<title>Na Ahiret preselio najstariji d\u017eematlija iz sela Potkrajci kod Bijelog Polja<\/title>\n<meta name=\"robots\" content=\"index, follow, max-snippet:-1, max-image-preview:large, max-video-preview:-1\" \/>\n<link rel=\"canonical\" href=\"https:\/\/sandzakpress.net\/arhiva\/na-ahiret-preselio-najstariji-dzematlija-iz-sela-potkrajci-kod-bijelog-polja\/\" \/>\n<meta property=\"og:locale\" content=\"bs_BA\" \/>\n<meta property=\"og:type\" content=\"article\" \/>\n<meta property=\"og:title\" content=\"Na Ahiret preselio najstariji d\u017eematlija iz sela Potkrajci kod Bijelog Polja\" \/>\n<meta property=\"og:description\" content=\"Bijelo Polje \u2013 Dana 11. aprila 2011. godine, na Ahiret je preselio rahmetli Harun\u2013Hako Salkovi\u0107 iz sela Potkrajci kod Bijelog Polja. A\u017eo-Hako, kako su ga svi zvali u Bijelom Polju, ro\u0111en je 1914. godine, i bio je najstariji d\u017eematlija na podru\u010dju Odbora Islamske zajednice Bijelo Polje. D\u017eenaza namaz ispred gradske gasulhane u Bijelom Polju je [&hellip;]\" \/>\n<meta property=\"og:url\" content=\"https:\/\/sandzakpress.net\/arhiva\/na-ahiret-preselio-najstariji-dzematlija-iz-sela-potkrajci-kod-bijelog-polja\/\" \/>\n<meta property=\"og:site_name\" content=\"Sand\u017eak PRESS\" \/>\n<meta property=\"article:published_time\" content=\"2011-04-14T10:41:55+00:00\" \/>\n<meta property=\"og:image\" content=\"https:\/\/sandzakpress.net\/arhiva\/wp-content\/uploads\/2011\/04\/resizer_n.php_.jpg\" \/>\n\t<meta property=\"og:image:width\" content=\"150\" \/>\n\t<meta property=\"og:image:height\" content=\"113\" \/>\n\t<meta property=\"og:image:type\" content=\"image\/jpeg\" \/>\n<meta name=\"twitter:card\" content=\"summary_large_image\" \/>\n<meta name=\"twitter:label1\" content=\"Written by\" \/>\n\t<meta name=\"twitter:data1\" content=\"\" \/>\n\t<meta name=\"twitter:label2\" content=\"Est. reading time\" \/>\n\t<meta name=\"twitter:data2\" content=\"2 minute\" \/>\n<script type=\"application\/ld+json\" class=\"yoast-schema-graph\">{\"@context\":\"https:\/\/schema.org\",\"@graph\":[{\"@type\":\"Article\",\"@id\":\"https:\/\/sandzakpress.net\/arhiva\/na-ahiret-preselio-najstariji-dzematlija-iz-sela-potkrajci-kod-bijelog-polja\/#article\",\"isPartOf\":{\"@id\":\"https:\/\/sandzakpress.net\/arhiva\/na-ahiret-preselio-najstariji-dzematlija-iz-sela-potkrajci-kod-bijelog-polja\/\"},\"author\":{\"name\":\"\",\"@id\":\"\"},\"headline\":\"Na Ahiret preselio najstariji d\u017eematlija iz sela Potkrajci kod Bijelog Polja\",\"datePublished\":\"2011-04-14T10:41:55+00:00\",\"mainEntityOfPage\":{\"@id\":\"https:\/\/sandzakpress.net\/arhiva\/na-ahiret-preselio-najstariji-dzematlija-iz-sela-potkrajci-kod-bijelog-polja\/\"},\"wordCount\":388,\"commentCount\":0,\"publisher\":{\"@id\":\"https:\/\/sandzakpress.net\/arhiva\/#\/schema\/person\/6e72b67d6e51910a1117b3b483ba20bd\"},\"image\":{\"@id\":\"https:\/\/sandzakpress.net\/arhiva\/na-ahiret-preselio-najstariji-dzematlija-iz-sela-potkrajci-kod-bijelog-polja\/#primaryimage\"},\"thumbnailUrl\":\"https:\/\/sandzakpress.net\/arhiva\/wp-content\/uploads\/2011\/04\/resizer_n.php_.jpg\",\"articleSection\":[\"Bijelo Polje\"],\"inLanguage\":\"bs-BA\",\"potentialAction\":[{\"@type\":\"CommentAction\",\"name\":\"Comment\",\"target\":[\"https:\/\/sandzakpress.net\/arhiva\/na-ahiret-preselio-najstariji-dzematlija-iz-sela-potkrajci-kod-bijelog-polja\/#respond\"]}]},{\"@type\":\"WebPage\",\"@id\":\"https:\/\/sandzakpress.net\/arhiva\/na-ahiret-preselio-najstariji-dzematlija-iz-sela-potkrajci-kod-bijelog-polja\/\",\"url\":\"https:\/\/sandzakpress.net\/arhiva\/na-ahiret-preselio-najstariji-dzematlija-iz-sela-potkrajci-kod-bijelog-polja\/\",\"name\":\"Na Ahiret preselio najstariji d\u017eematlija iz sela Potkrajci kod Bijelog Polja\",\"isPartOf\":{\"@id\":\"https:\/\/sandzakpress.net\/arhiva\/#website\"},\"primaryImageOfPage\":{\"@id\":\"https:\/\/sandzakpress.net\/arhiva\/na-ahiret-preselio-najstariji-dzematlija-iz-sela-potkrajci-kod-bijelog-polja\/#primaryimage\"},\"image\":{\"@id\":\"https:\/\/sandzakpress.net\/arhiva\/na-ahiret-preselio-najstariji-dzematlija-iz-sela-potkrajci-kod-bijelog-polja\/#primaryimage\"},\"thumbnailUrl\":\"https:\/\/sandzakpress.net\/arhiva\/wp-content\/uploads\/2011\/04\/resizer_n.php_.jpg\",\"datePublished\":\"2011-04-14T10:41:55+00:00\",\"breadcrumb\":{\"@id\":\"https:\/\/sandzakpress.net\/arhiva\/na-ahiret-preselio-najstariji-dzematlija-iz-sela-potkrajci-kod-bijelog-polja\/#breadcrumb\"},\"inLanguage\":\"bs-BA\",\"potentialAction\":[{\"@type\":\"ReadAction\",\"target\":[\"https:\/\/sandzakpress.net\/arhiva\/na-ahiret-preselio-najstariji-dzematlija-iz-sela-potkrajci-kod-bijelog-polja\/\"]}]},{\"@type\":\"ImageObject\",\"inLanguage\":\"bs-BA\",\"@id\":\"https:\/\/sandzakpress.net\/arhiva\/na-ahiret-preselio-najstariji-dzematlija-iz-sela-potkrajci-kod-bijelog-polja\/#primaryimage\",\"url\":\"https:\/\/sandzakpress.net\/arhiva\/wp-content\/uploads\/2011\/04\/resizer_n.php_.jpg\",\"contentUrl\":\"https:\/\/sandzakpress.net\/arhiva\/wp-content\/uploads\/2011\/04\/resizer_n.php_.jpg\",\"width\":150,\"height\":113},{\"@type\":\"BreadcrumbList\",\"@id\":\"https:\/\/sandzakpress.net\/arhiva\/na-ahiret-preselio-najstariji-dzematlija-iz-sela-potkrajci-kod-bijelog-polja\/#breadcrumb\",\"itemListElement\":[{\"@type\":\"ListItem\",\"position\":1,\"name\":\"Home\",\"item\":\"https:\/\/sandzakpress.net\/arhiva\/\"},{\"@type\":\"ListItem\",\"position\":2,\"name\":\"Na Ahiret preselio najstariji d\u017eematlija iz sela Potkrajci kod Bijelog Polja\"}]},{\"@type\":\"WebSite\",\"@id\":\"https:\/\/sandzakpress.net\/arhiva\/#website\",\"url\":\"https:\/\/sandzakpress.net\/arhiva\/\",\"name\":\"Sand\u017eak PRESS\",\"description\":\"Prve elektronske novine u Sand\u017eaku\",\"publisher\":{\"@id\":\"https:\/\/sandzakpress.net\/arhiva\/#\/schema\/person\/6e72b67d6e51910a1117b3b483ba20bd\"},\"potentialAction\":[{\"@type\":\"SearchAction\",\"target\":{\"@type\":\"EntryPoint\",\"urlTemplate\":\"https:\/\/sandzakpress.net\/arhiva\/?s={search_term_string}\"},\"query-input\":{\"@type\":\"PropertyValueSpecification\",\"valueRequired\":true,\"valueName\":\"search_term_string\"}}],\"inLanguage\":\"bs-BA\"},{\"@type\":[\"Person\",\"Organization\"],\"@id\":\"https:\/\/sandzakpress.net\/arhiva\/#\/schema\/person\/6e72b67d6e51910a1117b3b483ba20bd\",\"name\":\"Kul\",\"image\":{\"@type\":\"ImageObject\",\"inLanguage\":\"bs-BA\",\"@id\":\"https:\/\/sandzakpress.net\/arhiva\/#\/schema\/person\/image\/\",\"url\":\"https:\/\/secure.gravatar.com\/avatar\/42263f39aa27ac04c43cab85c280eb2e?s=96&d=mm&r=pg\",\"contentUrl\":\"https:\/\/secure.gravatar.com\/avatar\/42263f39aa27ac04c43cab85c280eb2e?s=96&d=mm&r=pg\",\"caption\":\"Kul\"},\"logo\":{\"@id\":\"https:\/\/sandzakpress.net\/arhiva\/#\/schema\/person\/image\/\"}},{\"@type\":\"Person\",\"@id\":\"\",\"url\":\"https:\/\/sandzakpress.net\/arhiva\/author\/\"}]}<\/script>\n<!-- \/ Yoast SEO Premium plugin. -->","yoast_head_json":{"title":"Na Ahiret preselio najstariji d\u017eematlija iz sela Potkrajci kod Bijelog Polja","robots":{"index":"index","follow":"follow","max-snippet":"max-snippet:-1","max-image-preview":"max-image-preview:large","max-video-preview":"max-video-preview:-1"},"canonical":"https:\/\/sandzakpress.net\/arhiva\/na-ahiret-preselio-najstariji-dzematlija-iz-sela-potkrajci-kod-bijelog-polja\/","og_locale":"bs_BA","og_type":"article","og_title":"Na Ahiret preselio najstariji d\u017eematlija iz sela Potkrajci kod Bijelog Polja","og_description":"Bijelo Polje \u2013 Dana 11. aprila 2011. godine, na Ahiret je preselio rahmetli Harun\u2013Hako Salkovi\u0107 iz sela Potkrajci kod Bijelog Polja. A\u017eo-Hako, kako su ga svi zvali u Bijelom Polju, ro\u0111en je 1914. godine, i bio je najstariji d\u017eematlija na podru\u010dju Odbora Islamske zajednice Bijelo Polje. D\u017eenaza namaz ispred gradske gasulhane u Bijelom Polju je [&hellip;]","og_url":"https:\/\/sandzakpress.net\/arhiva\/na-ahiret-preselio-najstariji-dzematlija-iz-sela-potkrajci-kod-bijelog-polja\/","og_site_name":"Sand\u017eak PRESS","article_published_time":"2011-04-14T10:41:55+00:00","og_image":[{"width":150,"height":113,"url":"https:\/\/sandzakpress.net\/arhiva\/wp-content\/uploads\/2011\/04\/resizer_n.php_.jpg","type":"image\/jpeg"}],"twitter_card":"summary_large_image","twitter_misc":{"Written by":"","Est. reading time":"2 minute"},"schema":{"@context":"https:\/\/schema.org","@graph":[{"@type":"Article","@id":"https:\/\/sandzakpress.net\/arhiva\/na-ahiret-preselio-najstariji-dzematlija-iz-sela-potkrajci-kod-bijelog-polja\/#article","isPartOf":{"@id":"https:\/\/sandzakpress.net\/arhiva\/na-ahiret-preselio-najstariji-dzematlija-iz-sela-potkrajci-kod-bijelog-polja\/"},"author":{"name":"","@id":""},"headline":"Na Ahiret preselio najstariji d\u017eematlija iz sela Potkrajci kod Bijelog Polja","datePublished":"2011-04-14T10:41:55+00:00","mainEntityOfPage":{"@id":"https:\/\/sandzakpress.net\/arhiva\/na-ahiret-preselio-najstariji-dzematlija-iz-sela-potkrajci-kod-bijelog-polja\/"},"wordCount":388,"commentCount":0,"publisher":{"@id":"https:\/\/sandzakpress.net\/arhiva\/#\/schema\/person\/6e72b67d6e51910a1117b3b483ba20bd"},"image":{"@id":"https:\/\/sandzakpress.net\/arhiva\/na-ahiret-preselio-najstariji-dzematlija-iz-sela-potkrajci-kod-bijelog-polja\/#primaryimage"},"thumbnailUrl":"https:\/\/sandzakpress.net\/arhiva\/wp-content\/uploads\/2011\/04\/resizer_n.php_.jpg","articleSection":["Bijelo Polje"],"inLanguage":"bs-BA","potentialAction":[{"@type":"CommentAction","name":"Comment","target":["https:\/\/sandzakpress.net\/arhiva\/na-ahiret-preselio-najstariji-dzematlija-iz-sela-potkrajci-kod-bijelog-polja\/#respond"]}]},{"@type":"WebPage","@id":"https:\/\/sandzakpress.net\/arhiva\/na-ahiret-preselio-najstariji-dzematlija-iz-sela-potkrajci-kod-bijelog-polja\/","url":"https:\/\/sandzakpress.net\/arhiva\/na-ahiret-preselio-najstariji-dzematlija-iz-sela-potkrajci-kod-bijelog-polja\/","name":"Na Ahiret preselio najstariji d\u017eematlija iz sela Potkrajci kod Bijelog Polja","isPartOf":{"@id":"https:\/\/sandzakpress.net\/arhiva\/#website"},"primaryImageOfPage":{"@id":"https:\/\/sandzakpress.net\/arhiva\/na-ahiret-preselio-najstariji-dzematlija-iz-sela-potkrajci-kod-bijelog-polja\/#primaryimage"},"image":{"@id":"https:\/\/sandzakpress.net\/arhiva\/na-ahiret-preselio-najstariji-dzematlija-iz-sela-potkrajci-kod-bijelog-polja\/#primaryimage"},"thumbnailUrl":"https:\/\/sandzakpress.net\/arhiva\/wp-content\/uploads\/2011\/04\/resizer_n.php_.jpg","datePublished":"2011-04-14T10:41:55+00:00","breadcrumb":{"@id":"https:\/\/sandzakpress.net\/arhiva\/na-ahiret-preselio-najstariji-dzematlija-iz-sela-potkrajci-kod-bijelog-polja\/#breadcrumb"},"inLanguage":"bs-BA","potentialAction":[{"@type":"ReadAction","target":["https:\/\/sandzakpress.net\/arhiva\/na-ahiret-preselio-najstariji-dzematlija-iz-sela-potkrajci-kod-bijelog-polja\/"]}]},{"@type":"ImageObject","inLanguage":"bs-BA","@id":"https:\/\/sandzakpress.net\/arhiva\/na-ahiret-preselio-najstariji-dzematlija-iz-sela-potkrajci-kod-bijelog-polja\/#primaryimage","url":"https:\/\/sandzakpress.net\/arhiva\/wp-content\/uploads\/2011\/04\/resizer_n.php_.jpg","contentUrl":"https:\/\/sandzakpress.net\/arhiva\/wp-content\/uploads\/2011\/04\/resizer_n.php_.jpg","width":150,"height":113},{"@type":"BreadcrumbList","@id":"https:\/\/sandzakpress.net\/arhiva\/na-ahiret-preselio-najstariji-dzematlija-iz-sela-potkrajci-kod-bijelog-polja\/#breadcrumb","itemListElement":[{"@type":"ListItem","position":1,"name":"Home","item":"https:\/\/sandzakpress.net\/arhiva\/"},{"@type":"ListItem","position":2,"name":"Na Ahiret preselio najstariji d\u017eematlija iz sela Potkrajci kod Bijelog Polja"}]},{"@type":"WebSite","@id":"https:\/\/sandzakpress.net\/arhiva\/#website","url":"https:\/\/sandzakpress.net\/arhiva\/","name":"Sand\u017eak PRESS","description":"Prve elektronske novine u Sand\u017eaku","publisher":{"@id":"https:\/\/sandzakpress.net\/arhiva\/#\/schema\/person\/6e72b67d6e51910a1117b3b483ba20bd"},"potentialAction":[{"@type":"SearchAction","target":{"@type":"EntryPoint","urlTemplate":"https:\/\/sandzakpress.net\/arhiva\/?s={search_term_string}"},"query-input":{"@type":"PropertyValueSpecification","valueRequired":true,"valueName":"search_term_string"}}],"inLanguage":"bs-BA"},{"@type":["Person","Organization"],"@id":"https:\/\/sandzakpress.net\/arhiva\/#\/schema\/person\/6e72b67d6e51910a1117b3b483ba20bd","name":"Kul","image":{"@type":"ImageObject","inLanguage":"bs-BA","@id":"https:\/\/sandzakpress.net\/arhiva\/#\/schema\/person\/image\/","url":"https:\/\/secure.gravatar.com\/avatar\/42263f39aa27ac04c43cab85c280eb2e?s=96&d=mm&r=pg","contentUrl":"https:\/\/secure.gravatar.com\/avatar\/42263f39aa27ac04c43cab85c280eb2e?s=96&d=mm&r=pg","caption":"Kul"},"logo":{"@id":"https:\/\/sandzakpress.net\/arhiva\/#\/schema\/person\/image\/"}},{"@type":"Person","@id":"","url":"https:\/\/sandzakpress.net\/arhiva\/author\/"}]}},"_links":{"self":[{"href":"https:\/\/sandzakpress.net\/arhiva\/wp-json\/wp\/v2\/posts\/15023"}],"collection":[{"href":"https:\/\/sandzakpress.net\/arhiva\/wp-json\/wp\/v2\/posts"}],"about":[{"href":"https:\/\/sandzakpress.net\/arhiva\/wp-json\/wp\/v2\/types\/post"}],"author":[{"embeddable":true,"href":"https:\/\/sandzakpress.net\/arhiva\/wp-json\/wp\/v2\/users\/13"}],"replies":[{"embeddable":true,"href":"https:\/\/sandzakpress.net\/arhiva\/wp-json\/wp\/v2\/comments?post=15023"}],"version-history":[{"count":0,"href":"https:\/\/sandzakpress.net\/arhiva\/wp-json\/wp\/v2\/posts\/15023\/revisions"}],"wp:featuredmedia":[{"embeddable":true,"href":"https:\/\/sandzakpress.net\/arhiva\/wp-json\/wp\/v2\/media\/15024"}],"wp:attachment":[{"href":"https:\/\/sandzakpress.net\/arhiva\/wp-json\/wp\/v2\/media?parent=15023"}],"wp:term":[{"taxonomy":"category","embeddable":true,"href":"https:\/\/sandzakpress.net\/arhiva\/wp-json\/wp\/v2\/categories?post=15023"},{"taxonomy":"post_tag","embeddable":true,"href":"https:\/\/sandzakpress.net\/arhiva\/wp-json\/wp\/v2\/tags?post=15023"}],"curies":[{"name":"wp","href":"https:\/\/api.w.org\/{rel}","templated":true}]}}