{"id":150149,"date":"2015-12-22T14:11:27","date_gmt":"2015-12-22T13:11:27","guid":{"rendered":"https:\/\/sandzakpress.net\/arhiva\/?p=150149"},"modified":"2015-12-22T14:11:27","modified_gmt":"2015-12-22T13:11:27","slug":"pogibija-medugorca-smaja","status":"publish","type":"post","link":"https:\/\/sandzakpress.net\/arhiva\/pogibija-medugorca-smaja\/","title":{"rendered":"Pogibija Me\u0111ugorca Smaja"},"content":{"rendered":"<p><img loading=\"lazy\" decoding=\"async\" class=\"aligncenter\" src=\"http:\/\/sjenica.rs\/wp-content\/uploads\/Panorama-Sjenice.jpg\" alt=\"\" width=\"606\" height=\"213\" \/><\/p>\n<p>Zahvali se junak Ili-Petro:<br \/>\u201eSakupi\u0107u do trista drugova,<br \/>Pa \u0107u pro\u0107i pro Pe\u0161teri ravne,<br \/>pro pe\u0161teri u Zemlju Srbiju,<br \/>biju\u0107\u2019 momke, robe\u0107u \u0111evojke,<br \/>plijene\u0107i ovce i jaganjce;<span id=\"more-93\"><\/span><br \/>Iz Srbije zemlje kad se vratim,<br \/>pa kad po\u0111em zemlji crnogorskoj,<br \/>krvavu \u0107u d\u017eadu na\u010dinjeti.<br \/>Kuda pro\u0111em sa ljutom dru\u017einom.\u201c<br \/>Svadba bila usred \u0110erekara,<br \/>a na svadbi Me\u0111ugorac Smajo,<br \/>vino pije kad nevolje nije,<br \/>a rakije da je veselije,<br \/>ostavio doma zamjenika,<br \/>zamjenika Salka Ri\u0161ljanina,<br \/>da mu \u010duva ku\u0107u od hajduka!<br \/>Tad udari junak Ili-Petro,<br \/>od Giljeve, od gole planine,<br \/>a na Rasno, na selo pitomo,<br \/>tu je mnoga majka zakukala,<br \/>i nevjesta udov'com ostala;<br \/>kud po\u0111o\u0111e, ognju predado\u0161e,<br \/>plijeni\u0161e ovce i jaganjce.<br \/>Klikovala me\u0111ugorska vila,<br \/>sa homora vi\u0161e \u0110erekara,<br \/>s krivoga bora, prema Suhodolu,<br \/>a proklinje Me\u0111ugora Smaja:<br \/>\u201e\u0110e si, Smajo, Bogom pobratime,<br \/>kad si taki sestri ne \u017eivio!<br \/>I ne pro\u0161lo ni ne\u0111elju dana,<br \/>a za tobom zakukala nana,<br \/>i crnom se zemljom pripokrio!<br \/>Ti si danas obraz izgubio,<br \/>jer si caru besu u\u010dinio,<br \/>turskom caru u Stambolu gradu,<br \/>da mu \u010duva\u0161 \u0107enar i granice,<br \/>duge d\u017eade, uske raskrsnice,<br \/>da tu \u010dete prolaziti nete,<br \/>da ne gaze na\u0161eg sibjana,<br \/>da ne pale ku\u0107e ni vatana!<br \/>Car je tebe pa\u0161om postavio,<br \/>i dobru ti pla\u0107u odrezao,<br \/>sve na danak po dukati\u0107 zlatan;<br \/>dao tebi svijetlo oru\u017eje,<br \/>izabrao trideset junaka,<br \/>sve po struci i juna\u010dkoj ruci,<br \/>koji druga ostaviti ne\u0107e!<br \/>U noj kre\u0107e, prepanut se ne\u0107e!<br \/>I nima je daro'vo oru\u017eje,<br \/>i dobru im platu odrezao:<br \/>sve na danak po jedan srebrenjak.<br \/>Rek'o jesim al\u2019 \u010duv'o nijesi,<br \/>ju\u010der su ti \u010dete prolazile,<br \/>i pred njima junak Ili-Petro,<br \/>od br\u0111anske zemlje ponosite,<br \/>duge d\u017eade, uske raskrnsice,<br \/>preko tvoje pod besom granice,<br \/>kad je pro\u0161ao, tvrdu rije\u010d dao,<br \/>da \u0107e Smaju na sramotu pro\u0107i,<br \/>bi\u0107e momke, ljubi\u0107e \u0111evojke,<br \/>razdvaja\u0107e malo od vel'koga,<br \/>razdvaja\u0107e milo od dragoga,<br \/>razdvaja\u0107e majke od sinova,<br \/>mile sestre od ro\u0111ene bra\u0107e,<br \/>na tvoje \u0107e kule dolaziti,<br \/>plijeniti roblje i imanje,<br \/>bijele ti kule razoriti,<br \/>\u0161to ne mogne ognjem zapaliti!<br \/>Sveje bilo kako je rekao,<br \/>dok ti pije\u0161 po jabani vino,<br \/>zlo ti vino, a te\u017ea rakija,<br \/>pjesma ti se u grlu sledila,<br \/>od zuluma \u0161to si do\u010dekao!\u201c<br \/>\u201eI te bit ti jade oprostila:<br \/>pa udri\u0161e potom na Sjenicu,<br \/>na Sjenicu, malu varo\u0161icu,<br \/>i tu grdne jade po\u010dine\u0161e,<br \/>od Sjenice do ravne Kladnice,<br \/>od Kladnice do srpske granice,<br \/>u Srbiju stoku po\u0107era\u0161e,<br \/>i za zalto stoku prodado\u0161e,<br \/>golem \u0161i\u0107ar oni \u0161i\u0107ari\u0161e,<br \/>svakom drugu hise u\u010dine\u0161e,<br \/>najgoremu kao najboljemu!<br \/>Kad se vrate, opet \u0107e da svrate,<br \/>Ne daj, Smajo, crn ti obraz bio,<br \/>kupi du\u0161tvo, pofataj puteve,<br \/>nemoj dati da ti nardo pati!\u201c<br \/>Kad je Smajo vilu razabrao,<br \/>povikao, na noge sko\u010dio:<br \/>\u201ekuku mene odsad do vijeka,<br \/>kud ta sre\u0107a da sam poginuo,<br \/>da nijesam ovo do\u010dekao!<br \/>odista sam caru besu dao<br \/>da mi \u010dete prolaziti nete,<br \/>ro Kladnice i \u0161eher Sjencice,<br \/>pro Javora, preko Suhodola,<br \/>pro Pe\u0161tera i Nova Pazara!<br \/>Rek'o jesam, odr\u017eao nijesam!\u201c<br \/>\u010cim sko\u010dio, pu\u0161ku ugrabio,<br \/>pojahao konja od mejdana,<br \/>pa pote\u017ee pletenu kand\u017eiju,<br \/>konja bije da stigne \u0161to prije,<br \/>kud je i\u0161'o, u Me\u0111ugor si\u0161'o,<br \/>pa on gradi svoje arzuhale,<br \/>br\u017ee zove trideset junaka,<br \/>\u0161to je njemu care poklonio.<br \/>Smajo njima \u2018vako govorio:<br \/>\u201eBra\u0107o moja i dru\u017eino vjerna,<br \/>br\u017e\u2019 na noge prite\u017e'te opanke<br \/>a u ruke lake d\u017eeferdare,<br \/>da svetimo na\u0161ega sibjana<br \/>da svetimo, \u017ealosna nam majka,<br \/>da vra\u0107amo zajam na sramotu,<br \/>\u0161to je nama kaur po\u010dinio!\u201c<br \/>Svi sko\u010di\u0161e, naprijed jurnu\u0161e,<br \/>sve pro\u0111o\u0161e, u Rasno do\u0111o\u0161e.<br \/>I tu ima jedna \u010deta mala,<br \/>\u010deta jaka trideset junaka,<br \/>pred njima je carski buljuba\u0161a,<br \/>po imenu Ra\u0161ljanine Salko.<br \/>Pa je Smajo Salku govorio:<br \/>\u201eKupi, Salko, od boja junake,<br \/>da fatamo staze i bogaze,<br \/>da fatamo klance i rukavce,<br \/>kad se vrate, kud \u0107e prolaziti!<br \/>Ili \u0107u Petra ufatiti \u017eiva,<br \/>il\u2019 mu skinut sa ramena glavu,<br \/>ili svoju dati za njegovu!\u201c<br \/>A u Salka ne bi pogovora<br \/>grlom vika trideset junaka<br \/>poteko\u0161e gorom i planinom.<br \/>Sela gaze, a \u010duda nalaze:<br \/>krvava se d\u017eada otvorila,<br \/>kud je pro\u0161o silan Ili-Petro,<br \/>pro granice u zemlju Srbiju.<br \/>Sve pro\u0111o\u0161e Giljevi do\u0111o\u0161e.<br \/>A kakva je giljeva planina,<br \/>sve je na njoj mramor do mramora,<br \/>ne zna joj se kraja ni imena,<br \/>gdje dan svi\u0107e, oklen no\u0107ca svi\u0107e.<br \/>\u201eFataj Salko, gore i vrhove,<br \/>prekini mu staze i bogaze,<br \/>tjesne klance, jo\u0161 te\u0161nje rukavce,<br \/>da preko njih tica ne proleti,<br \/>a kamoli pijana katana,<br \/>i sa njome tri stotine druga,<br \/>\u0161to zuluma \u010dini carevini,<br \/>na granici, na na\u0161oj zemljici!\u201c<br \/>Pofata\u0161e gore i vrhove,<br \/>prekinu\u0161e staze i bogaze,<br \/>tijesne klance, i jo\u0161 te\u0161nje rukavce,<br \/>al\u2019 je Petro prije prohodio,<br \/>prohodio dru\u017eini zborio:<br \/>\u201ePoskidajte kape bugarije,<br \/>svaki kapu na mramor stavite,<br \/>nek se kape vide na mramorju,<br \/>tako \u0107emo Turke prevariti;<br \/>na kape \u0107e oganj otvoriti!<br \/>Vi ga\u0111ajte svaki po jednoga,<br \/>ja \u0107u ga\u0111at\u2019 Me\u0111ugorca Smaja,<br \/>od nas jedan mora umrijeti,<br \/>Jer se oba falit ne mo\u017eemo.\u201c<br \/>Dru\u017eina ga odmah poslu\u0161ala,<br \/>po kamenju kape poturala.<br \/>No kad Smajo \u010dudo ugledao,<br \/>u brzini u kojoj bija\u0161e,<br \/>na glavu mu kape nalica\u0161e,<br \/>namah svome dru\u0161tvu besjedio:<br \/>\u201ePrinesite pu\u0161ke na obraze,<br \/>ga\u0111ajte im \u010dela pod kapama!\u201c<br \/>Svaki ga\u0111a i kape poga\u0111a,<br \/>pomili\u0161e da ih sve pobi\u0161e,<br \/>pa naprijed zagon u\u010dini\u0161e.<br \/>Al\u2019 da vidi\u0161 \u010duda iznenada,<br \/>prolomi se kamena pusija,<br \/>od pu\u0161aka, trides\u2019 d\u017eeferdara,<br \/>od njegovih trides\u2019 bajraktara,<br \/>mrtvo pade trideset junaka,<br \/>me\u0111u njima Me\u0111ugorac Smajo,<br \/>sal\u2019 ostade jedno mom\u010de mlado,<br \/>to je mom\u010de bilo Dugopolj\u010de,<br \/>\u0161to je seiz Me\u0111ugorca Smaja,<br \/>i on vodi konja Smailovoga.<br \/>Na prst ga je Petro prizvao,<br \/>da mu preda ata Smajovoga.<br \/>Kad je mom\u010de konja privodilo,<br \/>mirno stade da mu ata dade,<br \/>al\u2019 da vidi\u0161 serdar Ili-Petra,<br \/>ne\u0107e ata, za glavu ga fata.<br \/>I \u0161\u0107a\u0161e mu ukinuti glavu,<br \/>da se ne zna \u0161ta je u\u010dinio.<br \/>No je svakom \u017eao umrijeti,<br \/>kod momka su dvije pu\u0161ke male,<br \/>obje male na zubove pale,<br \/>hitar seiz pu\u0161ke izmetnuo,<br \/>na zlo ga je mjesto pogodio,<br \/>pade Petro u travu naglavu,<br \/>mom\u010de sko\u010di atu na ramena,<br \/>ple\u0107a dade pa bje\u017eat stade,<br \/>ga\u0111a\u0161e ga al\u2019 ga ne strefi\u0161e,<br \/>na mrtvima ijed iskali\u0161e,<br \/>pa na truske le\u0161e kidisa\u0161e,<br \/>i trideset isjeko\u0161e glava,<br \/>svak po jednu u zobnicu baci,<br \/>tu i glavu Me\u0111ugorca Smaja,<br \/>ljutog, brate, sa \u0107enara zmaja!<br \/>Kada Salku kara haber do\u0111e,<br \/>dru\u017eini je svojoj govorio:<br \/>\u201eHa, di\u017e'te se, moja bra\u0107o draga,<br \/>ho\u0107u \u0107erat \u010detu od Br\u0111ana:<br \/>il\u2019 \u0107u Smaja osvetiti mlada,<br \/>i povratit odsje\u010dene glave,<br \/>da se oni njima ne pofale,<br \/>da ne kljuju orli i gavrani,<br \/>il\u2019 \u0107u svoju ostaviti glavu,<br \/>pa nek nose moju i njegovu!\u201c<br \/>To rekao, puta ufatio,<br \/>sve i\u0111a\u0161e, u Crfsko do\u0111o\u0161e,<br \/>i u Crfskom haber ufati\u0161e,<br \/>da je \u010deta Crfskom silazila,<br \/>tridese\u2019 turskih glava pronijeli,<br \/>tu ru\u010dala, hljeba ponijela.<br \/>Tu ih jedna baba sjetovala,<br \/>naopakim putem obrnula,<br \/>u guduru kamenu klisuru,<br \/>oklen niko iza\u0161ao nije,<br \/>ko joj ne zna staze i bogaze,<br \/>tajne pute od sre\u0107nija vrata,<br \/>koga nije posre\u0107ila majka,<br \/>u sre\u0107nome \u010dasu ro\u0111enome,<br \/>il\u2019 ga zvijezda sa nebesa \u010duva,<br \/>i ne da mu ludo poginuti,<br \/>ko \u0161to ginu tu\u017eni i nesre\u0107ni.<br \/>Salko babu lijepo darivao:<br \/>\u201e\u017diva bila, ostarjela bako,<br \/>evo tebi dva dukata zlatna,<br \/>\u0161to si mene na put uputila.<br \/>Bogami se povratiti ne\u0107u,<br \/>ba\u0161 da znadem da \u0107u poginuti!<br \/>Bolje mi je mu\u0161kom poginuti,<br \/>no prijekoru sva\u010diju nositi,<br \/>da sam trides\u2019 izgubio druga,<br \/>me\u0161u njima najboljeg junaka,<br \/>takvog skoro ne\u0107e ra\u0111at majka.<br \/>K'o junaka Me\u0111ugorac Smaja!\u201c<br \/>Boga viknu, u klisuru za\u0111e.<br \/>u klisuru ni\u0111e puta nema,<br \/>ne prolaze konji ni junaci,<br \/>sal\u2019 hajduci kao gorski vuci,<br \/>\u010dim vidio, u jad govorio:<br \/>\u201eRek'o jesam, a da la\u017eem ne\u0107u,<br \/>ja sam svoju izgubio sre\u0107u,<br \/>ja se natrag povratiti ne\u0107u!\u201c<br \/>Br\u0111ani se tome i nadali,<br \/>ufatili kamenu klisuru,<br \/>svaki sebi mjesto izabrao,<br \/>da \u010dekaju Ra\u0161ljanina Salka,<br \/>\u0161to j\u2019 za njima digao po\u0107eru.<br \/>Ne zna Salko iznenada jada:<br \/>prolomi se nebo nad klisurom,<br \/>k'o da u nju gromovi padaju,<br \/>mrtvih pade trideset turaka,<br \/>mrtav pade Ra\u0161ljanine Salko,<br \/>pade Salko, \u017ealosna mu majka!<br \/>I tu se je borba zavr\u0161ila,<br \/>\u010deta se je antrag povratila,<br \/>sal\u2019 serdara svoga izgubila.<br \/>Koji ne bi pjesmi vjerovao,<br \/>nek otide Giljevi planini,<br \/>na livadu velju Voluja\u010du,<br \/>a kod groba serdar Ili-Petra,<br \/>to se mjesto ba\u0161 po njemu zove,<br \/>a na ime: grobak Ili-Petrov;<br \/>i nek za\u0111e dolje u klisuru,<br \/>u kamenu mora\u010dku vilicu.<br \/>Tu je plo\u010da Ra\u0161ljanine Salka,<br \/>pod njom Salko mrtvim sankom spava!<\/p>\n<p>*Objavljeno u: <strong>Enciklopedija sand\u017ea\u010dkobo\u0161nja\u010dker knji\u017eevnosti<\/strong>, Tom II, El-Kelimeh, SBK, Novi Pazar 2014., str. 483.491.<br \/>Balada <em>Pogibija Me\u0111ugorca Smaja<\/em>\u00a0jedna je od najljep\u0161ih bo\u0161nja\u010dkih i ju\u017enoslavenskih balada, iako do sada skoro neppoznata \u0161iroj javnosti. Prvi puta je objavio akademik Husin Ba\u0161i\u0107 u svojom hrestomatiji<em>Usmena knji\u017eevnost Bo\u0161njak Srbije i Crne Gore<\/em>.<\/p>\n<p><strong><a href=\"http:\/\/sandzackaknjizevnost.com\/\">sandzackaknjizevnost.com<\/a><\/strong><\/p>\n","protected":false},"excerpt":{"rendered":"<p>Balada<\/p>\n","protected":false},"author":125,"featured_media":150150,"comment_status":"open","ping_status":"open","sticky":false,"template":"","format":"standard","meta":{"footnotes":""},"categories":[52,10196],"tags":[],"class_list":{"0":"post-150149","1":"post","2":"type-post","3":"status-publish","4":"format-standard","5":"has-post-thumbnail","7":"category-sjenica","8":"category-iz-pera-nasih-autora"},"yoast_head":"<!-- This site is optimized with the Yoast SEO Premium plugin v23.1 (Yoast SEO v24.9) - https:\/\/yoast.com\/wordpress\/plugins\/seo\/ -->\n<title>Pogibija Me\u0111ugorca Smaja<\/title>\n<meta name=\"robots\" content=\"index, follow, max-snippet:-1, max-image-preview:large, max-video-preview:-1\" \/>\n<link rel=\"canonical\" href=\"https:\/\/sandzakpress.net\/arhiva\/pogibija-medugorca-smaja\/\" \/>\n<meta property=\"og:locale\" content=\"bs_BA\" \/>\n<meta property=\"og:type\" content=\"article\" \/>\n<meta property=\"og:title\" content=\"Pogibija Me\u0111ugorca Smaja\" \/>\n<meta property=\"og:description\" content=\"Balada\" \/>\n<meta property=\"og:url\" content=\"https:\/\/sandzakpress.net\/arhiva\/pogibija-medugorca-smaja\/\" \/>\n<meta property=\"og:site_name\" content=\"Sand\u017eak PRESS\" \/>\n<meta property=\"article:published_time\" content=\"2015-12-22T13:11:27+00:00\" \/>\n<meta property=\"og:image\" content=\"https:\/\/sandzakpress.net\/arhiva\/wp-content\/uploads\/2015\/12\/Panorama-Sjenice.jpg\" \/>\n\t<meta property=\"og:image:width\" content=\"1920\" \/>\n\t<meta property=\"og:image:height\" content=\"674\" \/>\n\t<meta property=\"og:image:type\" content=\"image\/jpeg\" \/>\n<meta name=\"author\" content=\"Korektor\" \/>\n<meta name=\"twitter:card\" content=\"summary_large_image\" \/>\n<meta name=\"twitter:label1\" content=\"Written by\" \/>\n\t<meta name=\"twitter:data1\" content=\"Korektor\" \/>\n\t<meta name=\"twitter:label2\" content=\"Est. reading time\" \/>\n\t<meta name=\"twitter:data2\" content=\"8 minuta\" \/>\n<script type=\"application\/ld+json\" class=\"yoast-schema-graph\">{\"@context\":\"https:\/\/schema.org\",\"@graph\":[{\"@type\":\"Article\",\"@id\":\"https:\/\/sandzakpress.net\/arhiva\/pogibija-medugorca-smaja\/#article\",\"isPartOf\":{\"@id\":\"https:\/\/sandzakpress.net\/arhiva\/pogibija-medugorca-smaja\/\"},\"author\":{\"name\":\"Korektor\",\"@id\":\"https:\/\/sandzakpress.net\/arhiva\/#\/schema\/person\/b71f9565a8a6ce38c0200f1cf59c368c\"},\"headline\":\"Pogibija Me\u0111ugorca Smaja\",\"datePublished\":\"2015-12-22T13:11:27+00:00\",\"mainEntityOfPage\":{\"@id\":\"https:\/\/sandzakpress.net\/arhiva\/pogibija-medugorca-smaja\/\"},\"wordCount\":1622,\"commentCount\":0,\"publisher\":{\"@id\":\"https:\/\/sandzakpress.net\/arhiva\/#\/schema\/person\/6e72b67d6e51910a1117b3b483ba20bd\"},\"image\":{\"@id\":\"https:\/\/sandzakpress.net\/arhiva\/pogibija-medugorca-smaja\/#primaryimage\"},\"thumbnailUrl\":\"https:\/\/sandzakpress.net\/arhiva\/wp-content\/uploads\/2015\/12\/Panorama-Sjenice.jpg\",\"articleSection\":[\"Sjenica\",\"Iz pera na\u0161ih autora\"],\"inLanguage\":\"bs-BA\",\"potentialAction\":[{\"@type\":\"CommentAction\",\"name\":\"Comment\",\"target\":[\"https:\/\/sandzakpress.net\/arhiva\/pogibija-medugorca-smaja\/#respond\"]}]},{\"@type\":\"WebPage\",\"@id\":\"https:\/\/sandzakpress.net\/arhiva\/pogibija-medugorca-smaja\/\",\"url\":\"https:\/\/sandzakpress.net\/arhiva\/pogibija-medugorca-smaja\/\",\"name\":\"Pogibija Me\u0111ugorca Smaja\",\"isPartOf\":{\"@id\":\"https:\/\/sandzakpress.net\/arhiva\/#website\"},\"primaryImageOfPage\":{\"@id\":\"https:\/\/sandzakpress.net\/arhiva\/pogibija-medugorca-smaja\/#primaryimage\"},\"image\":{\"@id\":\"https:\/\/sandzakpress.net\/arhiva\/pogibija-medugorca-smaja\/#primaryimage\"},\"thumbnailUrl\":\"https:\/\/sandzakpress.net\/arhiva\/wp-content\/uploads\/2015\/12\/Panorama-Sjenice.jpg\",\"datePublished\":\"2015-12-22T13:11:27+00:00\",\"breadcrumb\":{\"@id\":\"https:\/\/sandzakpress.net\/arhiva\/pogibija-medugorca-smaja\/#breadcrumb\"},\"inLanguage\":\"bs-BA\",\"potentialAction\":[{\"@type\":\"ReadAction\",\"target\":[\"https:\/\/sandzakpress.net\/arhiva\/pogibija-medugorca-smaja\/\"]}]},{\"@type\":\"ImageObject\",\"inLanguage\":\"bs-BA\",\"@id\":\"https:\/\/sandzakpress.net\/arhiva\/pogibija-medugorca-smaja\/#primaryimage\",\"url\":\"https:\/\/sandzakpress.net\/arhiva\/wp-content\/uploads\/2015\/12\/Panorama-Sjenice.jpg\",\"contentUrl\":\"https:\/\/sandzakpress.net\/arhiva\/wp-content\/uploads\/2015\/12\/Panorama-Sjenice.jpg\",\"width\":1920,\"height\":674},{\"@type\":\"BreadcrumbList\",\"@id\":\"https:\/\/sandzakpress.net\/arhiva\/pogibija-medugorca-smaja\/#breadcrumb\",\"itemListElement\":[{\"@type\":\"ListItem\",\"position\":1,\"name\":\"Home\",\"item\":\"https:\/\/sandzakpress.net\/arhiva\/\"},{\"@type\":\"ListItem\",\"position\":2,\"name\":\"Pogibija Me\u0111ugorca Smaja\"}]},{\"@type\":\"WebSite\",\"@id\":\"https:\/\/sandzakpress.net\/arhiva\/#website\",\"url\":\"https:\/\/sandzakpress.net\/arhiva\/\",\"name\":\"Sand\u017eak PRESS\",\"description\":\"Prve elektronske novine u Sand\u017eaku\",\"publisher\":{\"@id\":\"https:\/\/sandzakpress.net\/arhiva\/#\/schema\/person\/6e72b67d6e51910a1117b3b483ba20bd\"},\"potentialAction\":[{\"@type\":\"SearchAction\",\"target\":{\"@type\":\"EntryPoint\",\"urlTemplate\":\"https:\/\/sandzakpress.net\/arhiva\/?s={search_term_string}\"},\"query-input\":{\"@type\":\"PropertyValueSpecification\",\"valueRequired\":true,\"valueName\":\"search_term_string\"}}],\"inLanguage\":\"bs-BA\"},{\"@type\":[\"Person\",\"Organization\"],\"@id\":\"https:\/\/sandzakpress.net\/arhiva\/#\/schema\/person\/6e72b67d6e51910a1117b3b483ba20bd\",\"name\":\"Kul\",\"image\":{\"@type\":\"ImageObject\",\"inLanguage\":\"bs-BA\",\"@id\":\"https:\/\/sandzakpress.net\/arhiva\/#\/schema\/person\/image\/\",\"url\":\"https:\/\/secure.gravatar.com\/avatar\/42263f39aa27ac04c43cab85c280eb2e?s=96&d=mm&r=pg\",\"contentUrl\":\"https:\/\/secure.gravatar.com\/avatar\/42263f39aa27ac04c43cab85c280eb2e?s=96&d=mm&r=pg\",\"caption\":\"Kul\"},\"logo\":{\"@id\":\"https:\/\/sandzakpress.net\/arhiva\/#\/schema\/person\/image\/\"}},{\"@type\":\"Person\",\"@id\":\"https:\/\/sandzakpress.net\/arhiva\/#\/schema\/person\/b71f9565a8a6ce38c0200f1cf59c368c\",\"name\":\"Korektor\",\"image\":{\"@type\":\"ImageObject\",\"inLanguage\":\"bs-BA\",\"@id\":\"https:\/\/sandzakpress.net\/arhiva\/#\/schema\/person\/image\/\",\"url\":\"https:\/\/secure.gravatar.com\/avatar\/ae3388ff9b8eb74e0751a069466905f6?s=96&d=mm&r=pg\",\"contentUrl\":\"https:\/\/secure.gravatar.com\/avatar\/ae3388ff9b8eb74e0751a069466905f6?s=96&d=mm&r=pg\",\"caption\":\"Korektor\"},\"url\":\"https:\/\/sandzakpress.net\/arhiva\/author\/korektor\/\"}]}<\/script>\n<!-- \/ Yoast SEO Premium plugin. -->","yoast_head_json":{"title":"Pogibija Me\u0111ugorca Smaja","robots":{"index":"index","follow":"follow","max-snippet":"max-snippet:-1","max-image-preview":"max-image-preview:large","max-video-preview":"max-video-preview:-1"},"canonical":"https:\/\/sandzakpress.net\/arhiva\/pogibija-medugorca-smaja\/","og_locale":"bs_BA","og_type":"article","og_title":"Pogibija Me\u0111ugorca Smaja","og_description":"Balada","og_url":"https:\/\/sandzakpress.net\/arhiva\/pogibija-medugorca-smaja\/","og_site_name":"Sand\u017eak PRESS","article_published_time":"2015-12-22T13:11:27+00:00","og_image":[{"width":1920,"height":674,"url":"https:\/\/sandzakpress.net\/arhiva\/wp-content\/uploads\/2015\/12\/Panorama-Sjenice.jpg","type":"image\/jpeg"}],"author":"Korektor","twitter_card":"summary_large_image","twitter_misc":{"Written by":"Korektor","Est. reading time":"8 minuta"},"schema":{"@context":"https:\/\/schema.org","@graph":[{"@type":"Article","@id":"https:\/\/sandzakpress.net\/arhiva\/pogibija-medugorca-smaja\/#article","isPartOf":{"@id":"https:\/\/sandzakpress.net\/arhiva\/pogibija-medugorca-smaja\/"},"author":{"name":"Korektor","@id":"https:\/\/sandzakpress.net\/arhiva\/#\/schema\/person\/b71f9565a8a6ce38c0200f1cf59c368c"},"headline":"Pogibija Me\u0111ugorca Smaja","datePublished":"2015-12-22T13:11:27+00:00","mainEntityOfPage":{"@id":"https:\/\/sandzakpress.net\/arhiva\/pogibija-medugorca-smaja\/"},"wordCount":1622,"commentCount":0,"publisher":{"@id":"https:\/\/sandzakpress.net\/arhiva\/#\/schema\/person\/6e72b67d6e51910a1117b3b483ba20bd"},"image":{"@id":"https:\/\/sandzakpress.net\/arhiva\/pogibija-medugorca-smaja\/#primaryimage"},"thumbnailUrl":"https:\/\/sandzakpress.net\/arhiva\/wp-content\/uploads\/2015\/12\/Panorama-Sjenice.jpg","articleSection":["Sjenica","Iz pera na\u0161ih autora"],"inLanguage":"bs-BA","potentialAction":[{"@type":"CommentAction","name":"Comment","target":["https:\/\/sandzakpress.net\/arhiva\/pogibija-medugorca-smaja\/#respond"]}]},{"@type":"WebPage","@id":"https:\/\/sandzakpress.net\/arhiva\/pogibija-medugorca-smaja\/","url":"https:\/\/sandzakpress.net\/arhiva\/pogibija-medugorca-smaja\/","name":"Pogibija Me\u0111ugorca Smaja","isPartOf":{"@id":"https:\/\/sandzakpress.net\/arhiva\/#website"},"primaryImageOfPage":{"@id":"https:\/\/sandzakpress.net\/arhiva\/pogibija-medugorca-smaja\/#primaryimage"},"image":{"@id":"https:\/\/sandzakpress.net\/arhiva\/pogibija-medugorca-smaja\/#primaryimage"},"thumbnailUrl":"https:\/\/sandzakpress.net\/arhiva\/wp-content\/uploads\/2015\/12\/Panorama-Sjenice.jpg","datePublished":"2015-12-22T13:11:27+00:00","breadcrumb":{"@id":"https:\/\/sandzakpress.net\/arhiva\/pogibija-medugorca-smaja\/#breadcrumb"},"inLanguage":"bs-BA","potentialAction":[{"@type":"ReadAction","target":["https:\/\/sandzakpress.net\/arhiva\/pogibija-medugorca-smaja\/"]}]},{"@type":"ImageObject","inLanguage":"bs-BA","@id":"https:\/\/sandzakpress.net\/arhiva\/pogibija-medugorca-smaja\/#primaryimage","url":"https:\/\/sandzakpress.net\/arhiva\/wp-content\/uploads\/2015\/12\/Panorama-Sjenice.jpg","contentUrl":"https:\/\/sandzakpress.net\/arhiva\/wp-content\/uploads\/2015\/12\/Panorama-Sjenice.jpg","width":1920,"height":674},{"@type":"BreadcrumbList","@id":"https:\/\/sandzakpress.net\/arhiva\/pogibija-medugorca-smaja\/#breadcrumb","itemListElement":[{"@type":"ListItem","position":1,"name":"Home","item":"https:\/\/sandzakpress.net\/arhiva\/"},{"@type":"ListItem","position":2,"name":"Pogibija Me\u0111ugorca Smaja"}]},{"@type":"WebSite","@id":"https:\/\/sandzakpress.net\/arhiva\/#website","url":"https:\/\/sandzakpress.net\/arhiva\/","name":"Sand\u017eak PRESS","description":"Prve elektronske novine u Sand\u017eaku","publisher":{"@id":"https:\/\/sandzakpress.net\/arhiva\/#\/schema\/person\/6e72b67d6e51910a1117b3b483ba20bd"},"potentialAction":[{"@type":"SearchAction","target":{"@type":"EntryPoint","urlTemplate":"https:\/\/sandzakpress.net\/arhiva\/?s={search_term_string}"},"query-input":{"@type":"PropertyValueSpecification","valueRequired":true,"valueName":"search_term_string"}}],"inLanguage":"bs-BA"},{"@type":["Person","Organization"],"@id":"https:\/\/sandzakpress.net\/arhiva\/#\/schema\/person\/6e72b67d6e51910a1117b3b483ba20bd","name":"Kul","image":{"@type":"ImageObject","inLanguage":"bs-BA","@id":"https:\/\/sandzakpress.net\/arhiva\/#\/schema\/person\/image\/","url":"https:\/\/secure.gravatar.com\/avatar\/42263f39aa27ac04c43cab85c280eb2e?s=96&d=mm&r=pg","contentUrl":"https:\/\/secure.gravatar.com\/avatar\/42263f39aa27ac04c43cab85c280eb2e?s=96&d=mm&r=pg","caption":"Kul"},"logo":{"@id":"https:\/\/sandzakpress.net\/arhiva\/#\/schema\/person\/image\/"}},{"@type":"Person","@id":"https:\/\/sandzakpress.net\/arhiva\/#\/schema\/person\/b71f9565a8a6ce38c0200f1cf59c368c","name":"Korektor","image":{"@type":"ImageObject","inLanguage":"bs-BA","@id":"https:\/\/sandzakpress.net\/arhiva\/#\/schema\/person\/image\/","url":"https:\/\/secure.gravatar.com\/avatar\/ae3388ff9b8eb74e0751a069466905f6?s=96&d=mm&r=pg","contentUrl":"https:\/\/secure.gravatar.com\/avatar\/ae3388ff9b8eb74e0751a069466905f6?s=96&d=mm&r=pg","caption":"Korektor"},"url":"https:\/\/sandzakpress.net\/arhiva\/author\/korektor\/"}]}},"_links":{"self":[{"href":"https:\/\/sandzakpress.net\/arhiva\/wp-json\/wp\/v2\/posts\/150149"}],"collection":[{"href":"https:\/\/sandzakpress.net\/arhiva\/wp-json\/wp\/v2\/posts"}],"about":[{"href":"https:\/\/sandzakpress.net\/arhiva\/wp-json\/wp\/v2\/types\/post"}],"author":[{"embeddable":true,"href":"https:\/\/sandzakpress.net\/arhiva\/wp-json\/wp\/v2\/users\/125"}],"replies":[{"embeddable":true,"href":"https:\/\/sandzakpress.net\/arhiva\/wp-json\/wp\/v2\/comments?post=150149"}],"version-history":[{"count":0,"href":"https:\/\/sandzakpress.net\/arhiva\/wp-json\/wp\/v2\/posts\/150149\/revisions"}],"wp:featuredmedia":[{"embeddable":true,"href":"https:\/\/sandzakpress.net\/arhiva\/wp-json\/wp\/v2\/media\/150150"}],"wp:attachment":[{"href":"https:\/\/sandzakpress.net\/arhiva\/wp-json\/wp\/v2\/media?parent=150149"}],"wp:term":[{"taxonomy":"category","embeddable":true,"href":"https:\/\/sandzakpress.net\/arhiva\/wp-json\/wp\/v2\/categories?post=150149"},{"taxonomy":"post_tag","embeddable":true,"href":"https:\/\/sandzakpress.net\/arhiva\/wp-json\/wp\/v2\/tags?post=150149"}],"curies":[{"name":"wp","href":"https:\/\/api.w.org\/{rel}","templated":true}]}}