{"id":15012,"date":"2011-04-14T11:59:05","date_gmt":"2011-04-14T09:59:05","guid":{"rendered":"https:\/\/sandzakpress.net\/arhiva\/?p=15012"},"modified":"2011-04-14T11:59:05","modified_gmt":"2011-04-14T09:59:05","slug":"state-department-kritikuje-zabranu-nikaba-u-francuskoj","status":"publish","type":"post","link":"https:\/\/sandzakpress.net\/arhiva\/state-department-kritikuje-zabranu-nikaba-u-francuskoj\/","title":{"rendered":"State Department kritikuje zabranu nikaba u Francuskoj"},"content":{"rendered":"<p><strong><a href=\"https:\/\/sandzakpress.net\/arhiva\/wp-content\/uploads\/2011\/04\/h.jpg\"><img loading=\"lazy\" decoding=\"async\" class=\"alignleft size-full wp-image-15013\" src=\"https:\/\/sandzakpress.net\/arhiva\/wp-content\/uploads\/2011\/04\/h.jpg\" alt=\"\" width=\"194\" height=\"259\" \/><\/a>SAD, Francuska &#8211; Sjedinjene Dr\u017eave smatraju da je no\u0161enje  vjerske odje\u0107e dio vjerske slobode i slobode izra\u017eavanja, istakao je State Department komentari\u0161u\u0107i pitanje o francuskoj zabrani no\u0161enja islamskog vela na javnim mjestima. <\/strong><\/p>\n<p>Glasnogovornik ameri\u010dkog State Departmenta Mark Toner je rekao da SAD podr\u017eavaju pravo izra\u017eavanja vlastitih uvjerenja no\u0161enjem vjerske odje\u0107e, prenosi Hina.<\/p>\n<p>Glasnogovornik je naglasio da se Francuska, koja je vrlo bliska saveznica Sjedinjenih Dr\u017eava, dugo zala\u017ee za demokratske vrijednosti.<\/p>\n<p>Washington je redovito izra\u017eavao neslaganje sa stajali\u0161tem francuske vlade po tom pitanju.<\/p>\n<p>Na konferenciji o odnosima izme\u0111u SAD-a i muslimanskog svijeta u Washingtonu, glavni tajnik Organizacije islamske konferencija (OIC) Ekmeledin Ishanoglu kritikovao je dono\u0161enje francuskog zakona i naglasio da su \u017eene koje nose burku u Evropi i zapadnim zemljama u manjini, te da ne razumije za\u0161to je done\u0161en taj zakon.<\/p>\n<p>Izvor: <strong>IslamskaZajednica.com<\/strong><\/p>\n","protected":false},"excerpt":{"rendered":"<p>SAD, Francuska &#8211; Sjedinjene Dr\u017eave smatraju da je no\u0161enje vjerske odje\u0107e dio vjerske slobode i slobode izra\u017eavanja, istakao je State Department komentari\u0161u\u0107i pitanje o francuskoj zabrani no\u0161enja islamskog vela na javnim mjestima. Glasnogovornik ameri\u010dkog State Departmenta Mark Toner je rekao da SAD podr\u017eavaju pravo izra\u017eavanja vlastitih uvjerenja no\u0161enjem vjerske odje\u0107e, prenosi Hina. Glasnogovornik je naglasio [&hellip;]<\/p>\n","protected":false},"author":13,"featured_media":15013,"comment_status":"open","ping_status":"open","sticky":false,"template":"","format":"standard","meta":{"footnotes":""},"categories":[9],"tags":[],"class_list":{"0":"post-15012","1":"post","2":"type-post","3":"status-publish","4":"format-standard","5":"has-post-thumbnail","7":"category-svijet"},"yoast_head":"<!-- This site is optimized with the Yoast SEO Premium plugin v23.1 (Yoast SEO v24.9) - https:\/\/yoast.com\/wordpress\/plugins\/seo\/ -->\n<title>State Department kritikuje zabranu nikaba u Francuskoj<\/title>\n<meta name=\"robots\" content=\"index, follow, max-snippet:-1, max-image-preview:large, max-video-preview:-1\" \/>\n<link rel=\"canonical\" href=\"https:\/\/sandzakpress.net\/arhiva\/state-department-kritikuje-zabranu-nikaba-u-francuskoj\/\" \/>\n<meta property=\"og:locale\" content=\"bs_BA\" \/>\n<meta property=\"og:type\" content=\"article\" \/>\n<meta property=\"og:title\" content=\"State Department kritikuje zabranu nikaba u Francuskoj\" \/>\n<meta property=\"og:description\" content=\"SAD, Francuska &#8211; Sjedinjene Dr\u017eave smatraju da je no\u0161enje vjerske odje\u0107e dio vjerske slobode i slobode izra\u017eavanja, istakao je State Department komentari\u0161u\u0107i pitanje o francuskoj zabrani no\u0161enja islamskog vela na javnim mjestima. Glasnogovornik ameri\u010dkog State Departmenta Mark Toner je rekao da SAD podr\u017eavaju pravo izra\u017eavanja vlastitih uvjerenja no\u0161enjem vjerske odje\u0107e, prenosi Hina. Glasnogovornik je naglasio [&hellip;]\" \/>\n<meta property=\"og:url\" content=\"https:\/\/sandzakpress.net\/arhiva\/state-department-kritikuje-zabranu-nikaba-u-francuskoj\/\" \/>\n<meta property=\"og:site_name\" content=\"Sand\u017eak PRESS\" \/>\n<meta property=\"article:published_time\" content=\"2011-04-14T09:59:05+00:00\" \/>\n<meta property=\"og:image\" content=\"https:\/\/sandzakpress.net\/arhiva\/wp-content\/uploads\/2011\/04\/h.jpg\" \/>\n\t<meta property=\"og:image:width\" content=\"194\" \/>\n\t<meta property=\"og:image:height\" content=\"259\" \/>\n\t<meta property=\"og:image:type\" content=\"image\/jpeg\" \/>\n<meta name=\"twitter:card\" content=\"summary_large_image\" \/>\n<meta name=\"twitter:label1\" content=\"Written by\" \/>\n\t<meta name=\"twitter:data1\" content=\"\" \/>\n\t<meta name=\"twitter:label2\" content=\"Est. reading time\" \/>\n\t<meta name=\"twitter:data2\" content=\"1 minuta\" \/>\n<script type=\"application\/ld+json\" class=\"yoast-schema-graph\">{\"@context\":\"https:\/\/schema.org\",\"@graph\":[{\"@type\":\"Article\",\"@id\":\"https:\/\/sandzakpress.net\/arhiva\/state-department-kritikuje-zabranu-nikaba-u-francuskoj\/#article\",\"isPartOf\":{\"@id\":\"https:\/\/sandzakpress.net\/arhiva\/state-department-kritikuje-zabranu-nikaba-u-francuskoj\/\"},\"author\":{\"name\":\"\",\"@id\":\"\"},\"headline\":\"State Department kritikuje zabranu nikaba u Francuskoj\",\"datePublished\":\"2011-04-14T09:59:05+00:00\",\"mainEntityOfPage\":{\"@id\":\"https:\/\/sandzakpress.net\/arhiva\/state-department-kritikuje-zabranu-nikaba-u-francuskoj\/\"},\"wordCount\":160,\"commentCount\":0,\"publisher\":{\"@id\":\"https:\/\/sandzakpress.net\/arhiva\/#\/schema\/person\/6e72b67d6e51910a1117b3b483ba20bd\"},\"image\":{\"@id\":\"https:\/\/sandzakpress.net\/arhiva\/state-department-kritikuje-zabranu-nikaba-u-francuskoj\/#primaryimage\"},\"thumbnailUrl\":\"https:\/\/sandzakpress.net\/arhiva\/wp-content\/uploads\/2011\/04\/h.jpg\",\"articleSection\":[\"Svijet\"],\"inLanguage\":\"bs-BA\",\"potentialAction\":[{\"@type\":\"CommentAction\",\"name\":\"Comment\",\"target\":[\"https:\/\/sandzakpress.net\/arhiva\/state-department-kritikuje-zabranu-nikaba-u-francuskoj\/#respond\"]}]},{\"@type\":\"WebPage\",\"@id\":\"https:\/\/sandzakpress.net\/arhiva\/state-department-kritikuje-zabranu-nikaba-u-francuskoj\/\",\"url\":\"https:\/\/sandzakpress.net\/arhiva\/state-department-kritikuje-zabranu-nikaba-u-francuskoj\/\",\"name\":\"State Department kritikuje zabranu nikaba u Francuskoj\",\"isPartOf\":{\"@id\":\"https:\/\/sandzakpress.net\/arhiva\/#website\"},\"primaryImageOfPage\":{\"@id\":\"https:\/\/sandzakpress.net\/arhiva\/state-department-kritikuje-zabranu-nikaba-u-francuskoj\/#primaryimage\"},\"image\":{\"@id\":\"https:\/\/sandzakpress.net\/arhiva\/state-department-kritikuje-zabranu-nikaba-u-francuskoj\/#primaryimage\"},\"thumbnailUrl\":\"https:\/\/sandzakpress.net\/arhiva\/wp-content\/uploads\/2011\/04\/h.jpg\",\"datePublished\":\"2011-04-14T09:59:05+00:00\",\"breadcrumb\":{\"@id\":\"https:\/\/sandzakpress.net\/arhiva\/state-department-kritikuje-zabranu-nikaba-u-francuskoj\/#breadcrumb\"},\"inLanguage\":\"bs-BA\",\"potentialAction\":[{\"@type\":\"ReadAction\",\"target\":[\"https:\/\/sandzakpress.net\/arhiva\/state-department-kritikuje-zabranu-nikaba-u-francuskoj\/\"]}]},{\"@type\":\"ImageObject\",\"inLanguage\":\"bs-BA\",\"@id\":\"https:\/\/sandzakpress.net\/arhiva\/state-department-kritikuje-zabranu-nikaba-u-francuskoj\/#primaryimage\",\"url\":\"https:\/\/sandzakpress.net\/arhiva\/wp-content\/uploads\/2011\/04\/h.jpg\",\"contentUrl\":\"https:\/\/sandzakpress.net\/arhiva\/wp-content\/uploads\/2011\/04\/h.jpg\",\"width\":194,\"height\":259},{\"@type\":\"BreadcrumbList\",\"@id\":\"https:\/\/sandzakpress.net\/arhiva\/state-department-kritikuje-zabranu-nikaba-u-francuskoj\/#breadcrumb\",\"itemListElement\":[{\"@type\":\"ListItem\",\"position\":1,\"name\":\"Home\",\"item\":\"https:\/\/sandzakpress.net\/arhiva\/\"},{\"@type\":\"ListItem\",\"position\":2,\"name\":\"State Department kritikuje zabranu nikaba u Francuskoj\"}]},{\"@type\":\"WebSite\",\"@id\":\"https:\/\/sandzakpress.net\/arhiva\/#website\",\"url\":\"https:\/\/sandzakpress.net\/arhiva\/\",\"name\":\"Sand\u017eak PRESS\",\"description\":\"Prve elektronske novine u Sand\u017eaku\",\"publisher\":{\"@id\":\"https:\/\/sandzakpress.net\/arhiva\/#\/schema\/person\/6e72b67d6e51910a1117b3b483ba20bd\"},\"potentialAction\":[{\"@type\":\"SearchAction\",\"target\":{\"@type\":\"EntryPoint\",\"urlTemplate\":\"https:\/\/sandzakpress.net\/arhiva\/?s={search_term_string}\"},\"query-input\":{\"@type\":\"PropertyValueSpecification\",\"valueRequired\":true,\"valueName\":\"search_term_string\"}}],\"inLanguage\":\"bs-BA\"},{\"@type\":[\"Person\",\"Organization\"],\"@id\":\"https:\/\/sandzakpress.net\/arhiva\/#\/schema\/person\/6e72b67d6e51910a1117b3b483ba20bd\",\"name\":\"Kul\",\"image\":{\"@type\":\"ImageObject\",\"inLanguage\":\"bs-BA\",\"@id\":\"https:\/\/sandzakpress.net\/arhiva\/#\/schema\/person\/image\/\",\"url\":\"https:\/\/secure.gravatar.com\/avatar\/42263f39aa27ac04c43cab85c280eb2e?s=96&d=mm&r=pg\",\"contentUrl\":\"https:\/\/secure.gravatar.com\/avatar\/42263f39aa27ac04c43cab85c280eb2e?s=96&d=mm&r=pg\",\"caption\":\"Kul\"},\"logo\":{\"@id\":\"https:\/\/sandzakpress.net\/arhiva\/#\/schema\/person\/image\/\"}},{\"@type\":\"Person\",\"@id\":\"\",\"url\":\"https:\/\/sandzakpress.net\/arhiva\/author\/\"}]}<\/script>\n<!-- \/ Yoast SEO Premium plugin. -->","yoast_head_json":{"title":"State Department kritikuje zabranu nikaba u Francuskoj","robots":{"index":"index","follow":"follow","max-snippet":"max-snippet:-1","max-image-preview":"max-image-preview:large","max-video-preview":"max-video-preview:-1"},"canonical":"https:\/\/sandzakpress.net\/arhiva\/state-department-kritikuje-zabranu-nikaba-u-francuskoj\/","og_locale":"bs_BA","og_type":"article","og_title":"State Department kritikuje zabranu nikaba u Francuskoj","og_description":"SAD, Francuska &#8211; Sjedinjene Dr\u017eave smatraju da je no\u0161enje vjerske odje\u0107e dio vjerske slobode i slobode izra\u017eavanja, istakao je State Department komentari\u0161u\u0107i pitanje o francuskoj zabrani no\u0161enja islamskog vela na javnim mjestima. Glasnogovornik ameri\u010dkog State Departmenta Mark Toner je rekao da SAD podr\u017eavaju pravo izra\u017eavanja vlastitih uvjerenja no\u0161enjem vjerske odje\u0107e, prenosi Hina. Glasnogovornik je naglasio [&hellip;]","og_url":"https:\/\/sandzakpress.net\/arhiva\/state-department-kritikuje-zabranu-nikaba-u-francuskoj\/","og_site_name":"Sand\u017eak PRESS","article_published_time":"2011-04-14T09:59:05+00:00","og_image":[{"width":194,"height":259,"url":"https:\/\/sandzakpress.net\/arhiva\/wp-content\/uploads\/2011\/04\/h.jpg","type":"image\/jpeg"}],"twitter_card":"summary_large_image","twitter_misc":{"Written by":"","Est. reading time":"1 minuta"},"schema":{"@context":"https:\/\/schema.org","@graph":[{"@type":"Article","@id":"https:\/\/sandzakpress.net\/arhiva\/state-department-kritikuje-zabranu-nikaba-u-francuskoj\/#article","isPartOf":{"@id":"https:\/\/sandzakpress.net\/arhiva\/state-department-kritikuje-zabranu-nikaba-u-francuskoj\/"},"author":{"name":"","@id":""},"headline":"State Department kritikuje zabranu nikaba u Francuskoj","datePublished":"2011-04-14T09:59:05+00:00","mainEntityOfPage":{"@id":"https:\/\/sandzakpress.net\/arhiva\/state-department-kritikuje-zabranu-nikaba-u-francuskoj\/"},"wordCount":160,"commentCount":0,"publisher":{"@id":"https:\/\/sandzakpress.net\/arhiva\/#\/schema\/person\/6e72b67d6e51910a1117b3b483ba20bd"},"image":{"@id":"https:\/\/sandzakpress.net\/arhiva\/state-department-kritikuje-zabranu-nikaba-u-francuskoj\/#primaryimage"},"thumbnailUrl":"https:\/\/sandzakpress.net\/arhiva\/wp-content\/uploads\/2011\/04\/h.jpg","articleSection":["Svijet"],"inLanguage":"bs-BA","potentialAction":[{"@type":"CommentAction","name":"Comment","target":["https:\/\/sandzakpress.net\/arhiva\/state-department-kritikuje-zabranu-nikaba-u-francuskoj\/#respond"]}]},{"@type":"WebPage","@id":"https:\/\/sandzakpress.net\/arhiva\/state-department-kritikuje-zabranu-nikaba-u-francuskoj\/","url":"https:\/\/sandzakpress.net\/arhiva\/state-department-kritikuje-zabranu-nikaba-u-francuskoj\/","name":"State Department kritikuje zabranu nikaba u Francuskoj","isPartOf":{"@id":"https:\/\/sandzakpress.net\/arhiva\/#website"},"primaryImageOfPage":{"@id":"https:\/\/sandzakpress.net\/arhiva\/state-department-kritikuje-zabranu-nikaba-u-francuskoj\/#primaryimage"},"image":{"@id":"https:\/\/sandzakpress.net\/arhiva\/state-department-kritikuje-zabranu-nikaba-u-francuskoj\/#primaryimage"},"thumbnailUrl":"https:\/\/sandzakpress.net\/arhiva\/wp-content\/uploads\/2011\/04\/h.jpg","datePublished":"2011-04-14T09:59:05+00:00","breadcrumb":{"@id":"https:\/\/sandzakpress.net\/arhiva\/state-department-kritikuje-zabranu-nikaba-u-francuskoj\/#breadcrumb"},"inLanguage":"bs-BA","potentialAction":[{"@type":"ReadAction","target":["https:\/\/sandzakpress.net\/arhiva\/state-department-kritikuje-zabranu-nikaba-u-francuskoj\/"]}]},{"@type":"ImageObject","inLanguage":"bs-BA","@id":"https:\/\/sandzakpress.net\/arhiva\/state-department-kritikuje-zabranu-nikaba-u-francuskoj\/#primaryimage","url":"https:\/\/sandzakpress.net\/arhiva\/wp-content\/uploads\/2011\/04\/h.jpg","contentUrl":"https:\/\/sandzakpress.net\/arhiva\/wp-content\/uploads\/2011\/04\/h.jpg","width":194,"height":259},{"@type":"BreadcrumbList","@id":"https:\/\/sandzakpress.net\/arhiva\/state-department-kritikuje-zabranu-nikaba-u-francuskoj\/#breadcrumb","itemListElement":[{"@type":"ListItem","position":1,"name":"Home","item":"https:\/\/sandzakpress.net\/arhiva\/"},{"@type":"ListItem","position":2,"name":"State Department kritikuje zabranu nikaba u Francuskoj"}]},{"@type":"WebSite","@id":"https:\/\/sandzakpress.net\/arhiva\/#website","url":"https:\/\/sandzakpress.net\/arhiva\/","name":"Sand\u017eak PRESS","description":"Prve elektronske novine u Sand\u017eaku","publisher":{"@id":"https:\/\/sandzakpress.net\/arhiva\/#\/schema\/person\/6e72b67d6e51910a1117b3b483ba20bd"},"potentialAction":[{"@type":"SearchAction","target":{"@type":"EntryPoint","urlTemplate":"https:\/\/sandzakpress.net\/arhiva\/?s={search_term_string}"},"query-input":{"@type":"PropertyValueSpecification","valueRequired":true,"valueName":"search_term_string"}}],"inLanguage":"bs-BA"},{"@type":["Person","Organization"],"@id":"https:\/\/sandzakpress.net\/arhiva\/#\/schema\/person\/6e72b67d6e51910a1117b3b483ba20bd","name":"Kul","image":{"@type":"ImageObject","inLanguage":"bs-BA","@id":"https:\/\/sandzakpress.net\/arhiva\/#\/schema\/person\/image\/","url":"https:\/\/secure.gravatar.com\/avatar\/42263f39aa27ac04c43cab85c280eb2e?s=96&d=mm&r=pg","contentUrl":"https:\/\/secure.gravatar.com\/avatar\/42263f39aa27ac04c43cab85c280eb2e?s=96&d=mm&r=pg","caption":"Kul"},"logo":{"@id":"https:\/\/sandzakpress.net\/arhiva\/#\/schema\/person\/image\/"}},{"@type":"Person","@id":"","url":"https:\/\/sandzakpress.net\/arhiva\/author\/"}]}},"_links":{"self":[{"href":"https:\/\/sandzakpress.net\/arhiva\/wp-json\/wp\/v2\/posts\/15012"}],"collection":[{"href":"https:\/\/sandzakpress.net\/arhiva\/wp-json\/wp\/v2\/posts"}],"about":[{"href":"https:\/\/sandzakpress.net\/arhiva\/wp-json\/wp\/v2\/types\/post"}],"author":[{"embeddable":true,"href":"https:\/\/sandzakpress.net\/arhiva\/wp-json\/wp\/v2\/users\/13"}],"replies":[{"embeddable":true,"href":"https:\/\/sandzakpress.net\/arhiva\/wp-json\/wp\/v2\/comments?post=15012"}],"version-history":[{"count":0,"href":"https:\/\/sandzakpress.net\/arhiva\/wp-json\/wp\/v2\/posts\/15012\/revisions"}],"wp:featuredmedia":[{"embeddable":true,"href":"https:\/\/sandzakpress.net\/arhiva\/wp-json\/wp\/v2\/media\/15013"}],"wp:attachment":[{"href":"https:\/\/sandzakpress.net\/arhiva\/wp-json\/wp\/v2\/media?parent=15012"}],"wp:term":[{"taxonomy":"category","embeddable":true,"href":"https:\/\/sandzakpress.net\/arhiva\/wp-json\/wp\/v2\/categories?post=15012"},{"taxonomy":"post_tag","embeddable":true,"href":"https:\/\/sandzakpress.net\/arhiva\/wp-json\/wp\/v2\/tags?post=15012"}],"curies":[{"name":"wp","href":"https:\/\/api.w.org\/{rel}","templated":true}]}}