{"id":150076,"date":"2015-12-21T13:39:03","date_gmt":"2015-12-21T12:39:03","guid":{"rendered":"https:\/\/sandzakpress.net\/arhiva\/?p=150076"},"modified":"2015-12-21T18:08:15","modified_gmt":"2015-12-21T17:08:15","slug":"muftija-zukorlic-autonomija-sandzaka-nece-ugroroziti-srbiju-i-crnu-goru","status":"publish","type":"post","link":"https:\/\/sandzakpress.net\/arhiva\/muftija-zukorlic-autonomija-sandzaka-nece-ugroroziti-srbiju-i-crnu-goru\/","title":{"rendered":"Muftija Zukorli\u0107: \u017delimo autonomiju Sand\u017eaka bez ugro\u017eavanja Srbije i CG"},"content":{"rendered":"<p><img decoding=\"async\" src=\"http:\/\/www.novosti.rs\/upload\/thumbs\/images\/2015\/\/12\/21\/zukorlic_620x0.jpg\" alt=\" Muftija Muamer Zukorli\u0107\" \/><\/p>\n<p><strong>Sand\u017eak \u2013 Sand\u017eak je historijska regija sa veoma izra\u017eenim posebnostima i kao takva uspjela je, ipak, da pre\u017eivi sve izazove iako je tokom nekoliko decenija unazad bila izbrisana sa svih geografskih i geopoliti\u010dkih karata. No, s obzirom na ambicije eurointegracija i Crne Gore i Srbije i afirmaciju principa regionalizacije Evrope, razvojne perspektive Sand\u017eaka su nesporne i potpuno izvjesne, rekao je Muamer efendija Zukorli\u0107, muftija sand\u017ea\u010dki i jedan od nesumnjivo najautoritativnijih muslimanskih lidera na Balkanu.<\/strong><\/p>\n<p>Odgovaraju\u0107i na pitanje gdje je u njegovom \u201esand\u017ea\u010dkom konceptu\u201c Crna Gora, kao dr\u017eava \u010dijem se obnavljanju nezavisnosti javno protivio on je rekao Pobjedi, da principijelno, nije mogao niti mo\u017ee podr\u017eati bilo koji politi\u010dki projekat koji cijepa bilo koje par\u010de zemlje na kojem \u017eivi njegov narod.<\/p>\n<p>\u201eNo, uprkos svemu, tokom predreferendumske kampanje, nisam bio ni aktivno protiv. Nu\u017eno, prihvatam \u010dinjenicu da je Crna Gora samostalna, ali se moj princip o Sand\u017eaku kao regiji i nedjeljivoj cjelini ne mijenja\u2026\u201c, istakao je muftija Zukorli\u0107.<\/p>\n<p>Prema njegovim rije\u010dima \u017eeli da Sand\u017eaku budu priznate one osobenosti koje mu pripadaju historijski, kulturolo\u0161ki, geografski i ekonomski.<\/p>\n<p>\u201eDrugo na\u010delo je da status Sand\u017eaka bude rje\u0161avan kroz dijalog koji \u0107e dovesti do dogovora, bez jednostranih akata ili ne daj Bo\u017ee nekih drugih, radikalnih na\u010dina nametanja jednostranih rje\u0161enja. Tre\u0107e na\u010delo je da regionalnu autonomiju ne \u017eelimo da ostvarujemo ugro\u017eavanjem teritorijalnog suvereniteta i integriteta niti Srbije niti Crne Gore. Imaju\u0107i sve to u vidu, prete\u017eni politi\u010dki, medijski i op\u0107edru\u0161tveni stavovi koji se formiraju prema meni su neosnovani i poku\u0161aj su zastra\u0161ivanja gra\u0111ana Crne Gore, predstavljaju\u0107i me kao opasnost po tu dr\u017eavu\u201c. Istakao je on.<\/p>\n<p>Muftija Zukorli\u0107 ka\u017ee da danas u cijelom svijetu, a posebno u postkomunisti\u010dkom periodu na Balkanu, postoje dva koncepta pristupu organizaciji vjere, odnosno organiziranja islamskih zajednica.<\/p>\n<p>\u201eTendencija je da se zadr\u017ei praksa antiteisti\u010dkog socijalizma gdje bi islamske zajednice bile organizacije koje samo simboli\u010dki postoje i predstavljaju muslimane, ne vode\u0107i ra\u010duna o njihovim stvarnim pravima, pa \u010dak ni onima koja su zagarantirana ustavima zemalja u kojima \u017eive. Tu prije svega mislim na pravo na autonomnost i ravnopravnost sa drugim crkvama i vjerskim zajednicama. Drugi koncept, kome ja pripadam, ima kao cilj da muslimani kroz svoje islamske zajednice imaju pravo na puno dostojanstvo, bez politi\u010dkih mentora i tutora. U tome je su\u0161tinska razlika izme\u0111u nas i aktuelnih predvodnika IZ u Crnoj Gori. Mi smo se ovdje, uz te\u0161ke muke, odricanja i uz visoke cijene izborili za slobodnu rije\u010d, za slobodnu Islamsku zajednicu u ime koje slobodno govorimo, bez ikakve potrebe i \u017eelje da za to tra\u017eimo bilo \u010diju dozvolu iz Beograda, Podgorice, Ankare ili Sarajeva\u201c, dodao je on.<\/p>\n<p>Me\u0111utim, muftija Zukorli\u0107 smatra da Islamska zajednica u Crnoj Gori radi druk\u010dije.<\/p>\n<p>\u201eNa\u0161a bra\u0107a u Crnoj Gori su, na\u017ealost, pristala na politi\u010dko mentorstvo i tutorstvo i svoje djelovanje prilago\u0111avaju vladaju\u0107oj politici, a povremeno i nekim drugim politikama izvan Crne Gore. To je za nas neprihvatljivo\u201c, rekao je on.<\/p>\n<p>Zukorli\u0107 tvrdi da je gotovo svakodnevno izlo\u017een neosnovanim optu\u017ebama, te\u0161kim rije\u010dima i raznim uvredama, ali sve to govori o potpunoj nesigurnosti i neslobodi adresa sa kojih mu se sve to skupa i pojedina\u010dno upu\u0107uje.<\/p>\n<p>\u201eJa znam da meni javnost te\u0161ko opra\u0161ta odlu\u010dnost u zastupanju sopstvenih stavova, jer se u ovakvim vremenima i fenomen slobode smatra privilegijom mo\u0107nih i velikih. Za nas male, sa balkanskih vrleti, sloboda se o\u010dito smatra luksuzom. E, ja na to ne pristajem i borim se koliko mogu, ali ponavljam ni u toj borbi nikada od mene ne\u0107eti \u010duti ni jednu uvredljivu rije\u010d, a o nekakvom mom mentorstvu i tutorstvu govore isklju\u010divo neslobodni i nesigurni ljudi koji zavise upravo od mentorstva i tutorstva\u201c, ocijenio je on.<\/p>\n<p>(Cdm)<\/p>\n","protected":false},"excerpt":{"rendered":"<p>Sand\u017eak \u2013 Sand\u017eak je historijska regija sa veoma izra\u017eenim posebnostima i kao takva uspjela je, ipak, da pre\u017eivi sve izazove iako je tokom nekoliko decenija unazad bila izbrisana sa svih geografskih i geopoliti\u010dkih karata. No, s obzirom na ambicije eurointegracija i Crne Gore i Srbije i afirmaciju principa regionalizacije Evrope, razvojne perspektive Sand\u017eaka su nesporne [&hellip;]<\/p>\n","protected":false},"author":83,"featured_media":150081,"comment_status":"open","ping_status":"open","sticky":false,"template":"","format":"standard","meta":{"footnotes":""},"categories":[398,800,72,397,52,10174,327,392,396,393,395,399,394,10173,8957],"tags":[10204,10288],"class_list":{"0":"post-150076","1":"post","2":"type-post","3":"status-publish","4":"format-standard","5":"has-post-thumbnail","7":"category-rozaje","8":"category-nacija","9":"category-novi-pazar","10":"category-berane","11":"category-sjenica","12":"category-petnjica-vase-vijesti","13":"category-tutin","14":"category-prijepolje_","15":"category-bijelo_polje","16":"category-priboj","17":"category-pljevlja_","18":"category-plav_","19":"category-nova-varos","20":"category-gusinje-vase-vijesti","21":"category-vijesti-dana","22":"tag-muftija-muamer-zukorlic","23":"tag-autonomija-sandzaka"},"yoast_head":"<!-- This site is optimized with the Yoast SEO Premium plugin v23.1 (Yoast SEO v24.9) - https:\/\/yoast.com\/wordpress\/plugins\/seo\/ -->\n<title>Muftija Zukorli\u0107: \u017delimo autonomiju Sand\u017eaka bez ugro\u017eavanja Srbije i CG<\/title>\n<meta name=\"robots\" content=\"index, follow, max-snippet:-1, max-image-preview:large, max-video-preview:-1\" \/>\n<link rel=\"canonical\" href=\"https:\/\/sandzakpress.net\/arhiva\/muftija-zukorlic-autonomija-sandzaka-nece-ugroroziti-srbiju-i-crnu-goru\/\" \/>\n<meta property=\"og:locale\" content=\"bs_BA\" \/>\n<meta property=\"og:type\" content=\"article\" \/>\n<meta property=\"og:title\" content=\"Muftija Zukorli\u0107: \u017delimo autonomiju Sand\u017eaka bez ugro\u017eavanja Srbije i CG\" \/>\n<meta property=\"og:description\" content=\"Sand\u017eak \u2013 Sand\u017eak je historijska regija sa veoma izra\u017eenim posebnostima i kao takva uspjela je, ipak, da pre\u017eivi sve izazove iako je tokom nekoliko decenija unazad bila izbrisana sa svih geografskih i geopoliti\u010dkih karata. No, s obzirom na ambicije eurointegracija i Crne Gore i Srbije i afirmaciju principa regionalizacije Evrope, razvojne perspektive Sand\u017eaka su nesporne [&hellip;]\" \/>\n<meta property=\"og:url\" content=\"https:\/\/sandzakpress.net\/arhiva\/muftija-zukorlic-autonomija-sandzaka-nece-ugroroziti-srbiju-i-crnu-goru\/\" \/>\n<meta property=\"og:site_name\" content=\"Sand\u017eak PRESS\" \/>\n<meta property=\"article:published_time\" content=\"2015-12-21T12:39:03+00:00\" \/>\n<meta property=\"article:modified_time\" content=\"2015-12-21T17:08:15+00:00\" \/>\n<meta property=\"og:image\" content=\"https:\/\/sandzakpress.net\/arhiva\/wp-content\/uploads\/2015\/12\/zukorlic_620x0.jpg\" \/>\n\t<meta property=\"og:image:width\" content=\"620\" \/>\n\t<meta property=\"og:image:height\" content=\"413\" \/>\n\t<meta property=\"og:image:type\" content=\"image\/jpeg\" \/>\n<meta name=\"author\" content=\"bosniak\" \/>\n<meta name=\"twitter:card\" content=\"summary_large_image\" \/>\n<meta name=\"twitter:label1\" content=\"Written by\" \/>\n\t<meta name=\"twitter:data1\" content=\"bosniak\" \/>\n\t<meta name=\"twitter:label2\" content=\"Est. reading time\" \/>\n\t<meta name=\"twitter:data2\" content=\"3 minute\" \/>\n<script type=\"application\/ld+json\" class=\"yoast-schema-graph\">{\"@context\":\"https:\/\/schema.org\",\"@graph\":[{\"@type\":\"Article\",\"@id\":\"https:\/\/sandzakpress.net\/arhiva\/muftija-zukorlic-autonomija-sandzaka-nece-ugroroziti-srbiju-i-crnu-goru\/#article\",\"isPartOf\":{\"@id\":\"https:\/\/sandzakpress.net\/arhiva\/muftija-zukorlic-autonomija-sandzaka-nece-ugroroziti-srbiju-i-crnu-goru\/\"},\"author\":{\"name\":\"bosniak\",\"@id\":\"https:\/\/sandzakpress.net\/arhiva\/#\/schema\/person\/c8baee722073534b583ea7bdb2e36c02\"},\"headline\":\"Muftija Zukorli\u0107: \u017delimo autonomiju Sand\u017eaka bez ugro\u017eavanja Srbije i CG\",\"datePublished\":\"2015-12-21T12:39:03+00:00\",\"dateModified\":\"2015-12-21T17:08:15+00:00\",\"mainEntityOfPage\":{\"@id\":\"https:\/\/sandzakpress.net\/arhiva\/muftija-zukorlic-autonomija-sandzaka-nece-ugroroziti-srbiju-i-crnu-goru\/\"},\"wordCount\":674,\"commentCount\":115,\"publisher\":{\"@id\":\"https:\/\/sandzakpress.net\/arhiva\/#\/schema\/person\/6e72b67d6e51910a1117b3b483ba20bd\"},\"image\":{\"@id\":\"https:\/\/sandzakpress.net\/arhiva\/muftija-zukorlic-autonomija-sandzaka-nece-ugroroziti-srbiju-i-crnu-goru\/#primaryimage\"},\"thumbnailUrl\":\"https:\/\/sandzakpress.net\/arhiva\/wp-content\/uploads\/2015\/12\/zukorlic_620x0.jpg\",\"keywords\":[\"muftija Muamer Zukorli\u0107\",\"Autonomija Sand\u017eaka\"],\"articleSection\":[\"Ro\u017eaje\",\"Nacija\",\"Novi Pazar\",\"Berane\",\"Sjenica\",\"Petnjica\",\"Tutin\",\"Prijepolje\",\"Bijelo Polje\",\"Priboj\",\"Pljevlja\",\"Plav\",\"Nova Varo\u0161\",\"Gusinje\",\"VIJESTI DANA\"],\"inLanguage\":\"bs-BA\",\"potentialAction\":[{\"@type\":\"CommentAction\",\"name\":\"Comment\",\"target\":[\"https:\/\/sandzakpress.net\/arhiva\/muftija-zukorlic-autonomija-sandzaka-nece-ugroroziti-srbiju-i-crnu-goru\/#respond\"]}]},{\"@type\":\"WebPage\",\"@id\":\"https:\/\/sandzakpress.net\/arhiva\/muftija-zukorlic-autonomija-sandzaka-nece-ugroroziti-srbiju-i-crnu-goru\/\",\"url\":\"https:\/\/sandzakpress.net\/arhiva\/muftija-zukorlic-autonomija-sandzaka-nece-ugroroziti-srbiju-i-crnu-goru\/\",\"name\":\"Muftija Zukorli\u0107: \u017delimo autonomiju Sand\u017eaka bez ugro\u017eavanja Srbije i CG\",\"isPartOf\":{\"@id\":\"https:\/\/sandzakpress.net\/arhiva\/#website\"},\"primaryImageOfPage\":{\"@id\":\"https:\/\/sandzakpress.net\/arhiva\/muftija-zukorlic-autonomija-sandzaka-nece-ugroroziti-srbiju-i-crnu-goru\/#primaryimage\"},\"image\":{\"@id\":\"https:\/\/sandzakpress.net\/arhiva\/muftija-zukorlic-autonomija-sandzaka-nece-ugroroziti-srbiju-i-crnu-goru\/#primaryimage\"},\"thumbnailUrl\":\"https:\/\/sandzakpress.net\/arhiva\/wp-content\/uploads\/2015\/12\/zukorlic_620x0.jpg\",\"datePublished\":\"2015-12-21T12:39:03+00:00\",\"dateModified\":\"2015-12-21T17:08:15+00:00\",\"breadcrumb\":{\"@id\":\"https:\/\/sandzakpress.net\/arhiva\/muftija-zukorlic-autonomija-sandzaka-nece-ugroroziti-srbiju-i-crnu-goru\/#breadcrumb\"},\"inLanguage\":\"bs-BA\",\"potentialAction\":[{\"@type\":\"ReadAction\",\"target\":[\"https:\/\/sandzakpress.net\/arhiva\/muftija-zukorlic-autonomija-sandzaka-nece-ugroroziti-srbiju-i-crnu-goru\/\"]}]},{\"@type\":\"ImageObject\",\"inLanguage\":\"bs-BA\",\"@id\":\"https:\/\/sandzakpress.net\/arhiva\/muftija-zukorlic-autonomija-sandzaka-nece-ugroroziti-srbiju-i-crnu-goru\/#primaryimage\",\"url\":\"https:\/\/sandzakpress.net\/arhiva\/wp-content\/uploads\/2015\/12\/zukorlic_620x0.jpg\",\"contentUrl\":\"https:\/\/sandzakpress.net\/arhiva\/wp-content\/uploads\/2015\/12\/zukorlic_620x0.jpg\",\"width\":620,\"height\":413},{\"@type\":\"BreadcrumbList\",\"@id\":\"https:\/\/sandzakpress.net\/arhiva\/muftija-zukorlic-autonomija-sandzaka-nece-ugroroziti-srbiju-i-crnu-goru\/#breadcrumb\",\"itemListElement\":[{\"@type\":\"ListItem\",\"position\":1,\"name\":\"Home\",\"item\":\"https:\/\/sandzakpress.net\/arhiva\/\"},{\"@type\":\"ListItem\",\"position\":2,\"name\":\"Muftija Zukorli\u0107: \u017delimo autonomiju Sand\u017eaka bez ugro\u017eavanja Srbije i CG\"}]},{\"@type\":\"WebSite\",\"@id\":\"https:\/\/sandzakpress.net\/arhiva\/#website\",\"url\":\"https:\/\/sandzakpress.net\/arhiva\/\",\"name\":\"Sand\u017eak PRESS\",\"description\":\"Prve elektronske novine u Sand\u017eaku\",\"publisher\":{\"@id\":\"https:\/\/sandzakpress.net\/arhiva\/#\/schema\/person\/6e72b67d6e51910a1117b3b483ba20bd\"},\"potentialAction\":[{\"@type\":\"SearchAction\",\"target\":{\"@type\":\"EntryPoint\",\"urlTemplate\":\"https:\/\/sandzakpress.net\/arhiva\/?s={search_term_string}\"},\"query-input\":{\"@type\":\"PropertyValueSpecification\",\"valueRequired\":true,\"valueName\":\"search_term_string\"}}],\"inLanguage\":\"bs-BA\"},{\"@type\":[\"Person\",\"Organization\"],\"@id\":\"https:\/\/sandzakpress.net\/arhiva\/#\/schema\/person\/6e72b67d6e51910a1117b3b483ba20bd\",\"name\":\"Kul\",\"image\":{\"@type\":\"ImageObject\",\"inLanguage\":\"bs-BA\",\"@id\":\"https:\/\/sandzakpress.net\/arhiva\/#\/schema\/person\/image\/\",\"url\":\"https:\/\/secure.gravatar.com\/avatar\/42263f39aa27ac04c43cab85c280eb2e?s=96&d=mm&r=pg\",\"contentUrl\":\"https:\/\/secure.gravatar.com\/avatar\/42263f39aa27ac04c43cab85c280eb2e?s=96&d=mm&r=pg\",\"caption\":\"Kul\"},\"logo\":{\"@id\":\"https:\/\/sandzakpress.net\/arhiva\/#\/schema\/person\/image\/\"}},{\"@type\":\"Person\",\"@id\":\"https:\/\/sandzakpress.net\/arhiva\/#\/schema\/person\/c8baee722073534b583ea7bdb2e36c02\",\"name\":\"bosniak\",\"image\":{\"@type\":\"ImageObject\",\"inLanguage\":\"bs-BA\",\"@id\":\"https:\/\/sandzakpress.net\/arhiva\/#\/schema\/person\/image\/\",\"url\":\"https:\/\/secure.gravatar.com\/avatar\/a04fd330bfe3a36a72a0ad4a6d89fca7?s=96&d=mm&r=pg\",\"contentUrl\":\"https:\/\/secure.gravatar.com\/avatar\/a04fd330bfe3a36a72a0ad4a6d89fca7?s=96&d=mm&r=pg\",\"caption\":\"bosniak\"},\"url\":\"https:\/\/sandzakpress.net\/arhiva\/author\/bosniak\/\"}]}<\/script>\n<!-- \/ Yoast SEO Premium plugin. -->","yoast_head_json":{"title":"Muftija Zukorli\u0107: \u017delimo autonomiju Sand\u017eaka bez ugro\u017eavanja Srbije i CG","robots":{"index":"index","follow":"follow","max-snippet":"max-snippet:-1","max-image-preview":"max-image-preview:large","max-video-preview":"max-video-preview:-1"},"canonical":"https:\/\/sandzakpress.net\/arhiva\/muftija-zukorlic-autonomija-sandzaka-nece-ugroroziti-srbiju-i-crnu-goru\/","og_locale":"bs_BA","og_type":"article","og_title":"Muftija Zukorli\u0107: \u017delimo autonomiju Sand\u017eaka bez ugro\u017eavanja Srbije i CG","og_description":"Sand\u017eak \u2013 Sand\u017eak je historijska regija sa veoma izra\u017eenim posebnostima i kao takva uspjela je, ipak, da pre\u017eivi sve izazove iako je tokom nekoliko decenija unazad bila izbrisana sa svih geografskih i geopoliti\u010dkih karata. No, s obzirom na ambicije eurointegracija i Crne Gore i Srbije i afirmaciju principa regionalizacije Evrope, razvojne perspektive Sand\u017eaka su nesporne [&hellip;]","og_url":"https:\/\/sandzakpress.net\/arhiva\/muftija-zukorlic-autonomija-sandzaka-nece-ugroroziti-srbiju-i-crnu-goru\/","og_site_name":"Sand\u017eak PRESS","article_published_time":"2015-12-21T12:39:03+00:00","article_modified_time":"2015-12-21T17:08:15+00:00","og_image":[{"width":620,"height":413,"url":"https:\/\/sandzakpress.net\/arhiva\/wp-content\/uploads\/2015\/12\/zukorlic_620x0.jpg","type":"image\/jpeg"}],"author":"bosniak","twitter_card":"summary_large_image","twitter_misc":{"Written by":"bosniak","Est. reading time":"3 minute"},"schema":{"@context":"https:\/\/schema.org","@graph":[{"@type":"Article","@id":"https:\/\/sandzakpress.net\/arhiva\/muftija-zukorlic-autonomija-sandzaka-nece-ugroroziti-srbiju-i-crnu-goru\/#article","isPartOf":{"@id":"https:\/\/sandzakpress.net\/arhiva\/muftija-zukorlic-autonomija-sandzaka-nece-ugroroziti-srbiju-i-crnu-goru\/"},"author":{"name":"bosniak","@id":"https:\/\/sandzakpress.net\/arhiva\/#\/schema\/person\/c8baee722073534b583ea7bdb2e36c02"},"headline":"Muftija Zukorli\u0107: \u017delimo autonomiju Sand\u017eaka bez ugro\u017eavanja Srbije i CG","datePublished":"2015-12-21T12:39:03+00:00","dateModified":"2015-12-21T17:08:15+00:00","mainEntityOfPage":{"@id":"https:\/\/sandzakpress.net\/arhiva\/muftija-zukorlic-autonomija-sandzaka-nece-ugroroziti-srbiju-i-crnu-goru\/"},"wordCount":674,"commentCount":115,"publisher":{"@id":"https:\/\/sandzakpress.net\/arhiva\/#\/schema\/person\/6e72b67d6e51910a1117b3b483ba20bd"},"image":{"@id":"https:\/\/sandzakpress.net\/arhiva\/muftija-zukorlic-autonomija-sandzaka-nece-ugroroziti-srbiju-i-crnu-goru\/#primaryimage"},"thumbnailUrl":"https:\/\/sandzakpress.net\/arhiva\/wp-content\/uploads\/2015\/12\/zukorlic_620x0.jpg","keywords":["muftija Muamer Zukorli\u0107","Autonomija Sand\u017eaka"],"articleSection":["Ro\u017eaje","Nacija","Novi Pazar","Berane","Sjenica","Petnjica","Tutin","Prijepolje","Bijelo Polje","Priboj","Pljevlja","Plav","Nova Varo\u0161","Gusinje","VIJESTI DANA"],"inLanguage":"bs-BA","potentialAction":[{"@type":"CommentAction","name":"Comment","target":["https:\/\/sandzakpress.net\/arhiva\/muftija-zukorlic-autonomija-sandzaka-nece-ugroroziti-srbiju-i-crnu-goru\/#respond"]}]},{"@type":"WebPage","@id":"https:\/\/sandzakpress.net\/arhiva\/muftija-zukorlic-autonomija-sandzaka-nece-ugroroziti-srbiju-i-crnu-goru\/","url":"https:\/\/sandzakpress.net\/arhiva\/muftija-zukorlic-autonomija-sandzaka-nece-ugroroziti-srbiju-i-crnu-goru\/","name":"Muftija Zukorli\u0107: \u017delimo autonomiju Sand\u017eaka bez ugro\u017eavanja Srbije i CG","isPartOf":{"@id":"https:\/\/sandzakpress.net\/arhiva\/#website"},"primaryImageOfPage":{"@id":"https:\/\/sandzakpress.net\/arhiva\/muftija-zukorlic-autonomija-sandzaka-nece-ugroroziti-srbiju-i-crnu-goru\/#primaryimage"},"image":{"@id":"https:\/\/sandzakpress.net\/arhiva\/muftija-zukorlic-autonomija-sandzaka-nece-ugroroziti-srbiju-i-crnu-goru\/#primaryimage"},"thumbnailUrl":"https:\/\/sandzakpress.net\/arhiva\/wp-content\/uploads\/2015\/12\/zukorlic_620x0.jpg","datePublished":"2015-12-21T12:39:03+00:00","dateModified":"2015-12-21T17:08:15+00:00","breadcrumb":{"@id":"https:\/\/sandzakpress.net\/arhiva\/muftija-zukorlic-autonomija-sandzaka-nece-ugroroziti-srbiju-i-crnu-goru\/#breadcrumb"},"inLanguage":"bs-BA","potentialAction":[{"@type":"ReadAction","target":["https:\/\/sandzakpress.net\/arhiva\/muftija-zukorlic-autonomija-sandzaka-nece-ugroroziti-srbiju-i-crnu-goru\/"]}]},{"@type":"ImageObject","inLanguage":"bs-BA","@id":"https:\/\/sandzakpress.net\/arhiva\/muftija-zukorlic-autonomija-sandzaka-nece-ugroroziti-srbiju-i-crnu-goru\/#primaryimage","url":"https:\/\/sandzakpress.net\/arhiva\/wp-content\/uploads\/2015\/12\/zukorlic_620x0.jpg","contentUrl":"https:\/\/sandzakpress.net\/arhiva\/wp-content\/uploads\/2015\/12\/zukorlic_620x0.jpg","width":620,"height":413},{"@type":"BreadcrumbList","@id":"https:\/\/sandzakpress.net\/arhiva\/muftija-zukorlic-autonomija-sandzaka-nece-ugroroziti-srbiju-i-crnu-goru\/#breadcrumb","itemListElement":[{"@type":"ListItem","position":1,"name":"Home","item":"https:\/\/sandzakpress.net\/arhiva\/"},{"@type":"ListItem","position":2,"name":"Muftija Zukorli\u0107: \u017delimo autonomiju Sand\u017eaka bez ugro\u017eavanja Srbije i CG"}]},{"@type":"WebSite","@id":"https:\/\/sandzakpress.net\/arhiva\/#website","url":"https:\/\/sandzakpress.net\/arhiva\/","name":"Sand\u017eak PRESS","description":"Prve elektronske novine u Sand\u017eaku","publisher":{"@id":"https:\/\/sandzakpress.net\/arhiva\/#\/schema\/person\/6e72b67d6e51910a1117b3b483ba20bd"},"potentialAction":[{"@type":"SearchAction","target":{"@type":"EntryPoint","urlTemplate":"https:\/\/sandzakpress.net\/arhiva\/?s={search_term_string}"},"query-input":{"@type":"PropertyValueSpecification","valueRequired":true,"valueName":"search_term_string"}}],"inLanguage":"bs-BA"},{"@type":["Person","Organization"],"@id":"https:\/\/sandzakpress.net\/arhiva\/#\/schema\/person\/6e72b67d6e51910a1117b3b483ba20bd","name":"Kul","image":{"@type":"ImageObject","inLanguage":"bs-BA","@id":"https:\/\/sandzakpress.net\/arhiva\/#\/schema\/person\/image\/","url":"https:\/\/secure.gravatar.com\/avatar\/42263f39aa27ac04c43cab85c280eb2e?s=96&d=mm&r=pg","contentUrl":"https:\/\/secure.gravatar.com\/avatar\/42263f39aa27ac04c43cab85c280eb2e?s=96&d=mm&r=pg","caption":"Kul"},"logo":{"@id":"https:\/\/sandzakpress.net\/arhiva\/#\/schema\/person\/image\/"}},{"@type":"Person","@id":"https:\/\/sandzakpress.net\/arhiva\/#\/schema\/person\/c8baee722073534b583ea7bdb2e36c02","name":"bosniak","image":{"@type":"ImageObject","inLanguage":"bs-BA","@id":"https:\/\/sandzakpress.net\/arhiva\/#\/schema\/person\/image\/","url":"https:\/\/secure.gravatar.com\/avatar\/a04fd330bfe3a36a72a0ad4a6d89fca7?s=96&d=mm&r=pg","contentUrl":"https:\/\/secure.gravatar.com\/avatar\/a04fd330bfe3a36a72a0ad4a6d89fca7?s=96&d=mm&r=pg","caption":"bosniak"},"url":"https:\/\/sandzakpress.net\/arhiva\/author\/bosniak\/"}]}},"_links":{"self":[{"href":"https:\/\/sandzakpress.net\/arhiva\/wp-json\/wp\/v2\/posts\/150076"}],"collection":[{"href":"https:\/\/sandzakpress.net\/arhiva\/wp-json\/wp\/v2\/posts"}],"about":[{"href":"https:\/\/sandzakpress.net\/arhiva\/wp-json\/wp\/v2\/types\/post"}],"author":[{"embeddable":true,"href":"https:\/\/sandzakpress.net\/arhiva\/wp-json\/wp\/v2\/users\/83"}],"replies":[{"embeddable":true,"href":"https:\/\/sandzakpress.net\/arhiva\/wp-json\/wp\/v2\/comments?post=150076"}],"version-history":[{"count":0,"href":"https:\/\/sandzakpress.net\/arhiva\/wp-json\/wp\/v2\/posts\/150076\/revisions"}],"wp:featuredmedia":[{"embeddable":true,"href":"https:\/\/sandzakpress.net\/arhiva\/wp-json\/wp\/v2\/media\/150081"}],"wp:attachment":[{"href":"https:\/\/sandzakpress.net\/arhiva\/wp-json\/wp\/v2\/media?parent=150076"}],"wp:term":[{"taxonomy":"category","embeddable":true,"href":"https:\/\/sandzakpress.net\/arhiva\/wp-json\/wp\/v2\/categories?post=150076"},{"taxonomy":"post_tag","embeddable":true,"href":"https:\/\/sandzakpress.net\/arhiva\/wp-json\/wp\/v2\/tags?post=150076"}],"curies":[{"name":"wp","href":"https:\/\/api.w.org\/{rel}","templated":true}]}}