{"id":150015,"date":"2015-12-20T16:16:24","date_gmt":"2015-12-20T15:16:24","guid":{"rendered":"https:\/\/sandzakpress.net\/arhiva\/?p=150015"},"modified":"2015-12-21T11:47:40","modified_gmt":"2015-12-21T10:47:40","slug":"sda-optuzuje-ljajic-i-omerovic-su-glasali-za-izbacivanje-bosnjaka-iz-tuzilastva","status":"publish","type":"post","link":"https:\/\/sandzakpress.net\/arhiva\/sda-optuzuje-ljajic-i-omerovic-su-glasali-za-izbacivanje-bosnjaka-iz-tuzilastva\/","title":{"rendered":"SDA optu\u017euje &#8211; Ljaji\u0107 i Omerovi\u0107 su glasali za izbacivanje Bo\u0161njaka iz Tu\u017eila\u0161tva!"},"content":{"rendered":"<p>&nbsp;<\/p>\n<p><strong>Novi Pazar &#8211; &#8220;Dok jedno pri\u010daju u Sand\u017eaku, u Beogradu glasaju druga\u010dije.\u00a0Najprije je Rasim Ljaji\u0107 na sjednici Vlade podr\u017eao listu tu\u017eilaca sa koje su izba\u010deni Bo\u0161njaci. To potvr\u0111uje prijedlog Vlade koji je JEDNOGLASNO usvojen. Rasim glasao ZA, nije bilo uzdr\u017eanih niti glasova protiv.<\/strong><\/p>\n<p>Jutros na Sjednici skup\u0161tinskog odbora za pravosu\u0111e, na ovaj prijedlog Vlade, MEHO OMEROVI\u0106 \u010dlan odbora ispred SDP-a, takodje glasao ZA listu, na kojoj je za kandidata za javnog tu\u017eioca u Novom Pazaru izabrana Milena Mrvi\u0107.\u00a0\u0160ta je sa Mi\u0161kom Jusufovi\u0107em, Mehom i ekipom? \u0160ta ka\u017ee Djerlek?&#8221; &#8211; pita se Imamovi\u0107.<\/p>\n<p><strong><a href=\"https:\/\/sandzakpress.net\/arhiva\/pogledajte-zajednicko-pismo-koje-su-beogradu-uputile-sve-stranke-iz-sandzaka\">Pogledajte zajedni\u010dko pismo koje su Beogradu uputile sve stranke iz Sand\u017eaka<\/a><\/strong><\/p>\n<p><img loading=\"lazy\" decoding=\"async\" class=\"aligncenter size-large wp-image-150016\" src=\"https:\/\/sandzakpress.net\/arhiva\/wp-content\/uploads\/2015\/12\/12369189_10153782988594800_613638401191496080_n-616x341.jpg\" alt=\"12369189_10153782988594800_613638401191496080_n\" width=\"600\" height=\"332\" srcset=\"https:\/\/sandzakpress.net\/arhiva\/wp-content\/uploads\/2015\/12\/12369189_10153782988594800_613638401191496080_n-616x341.jpg 616w, https:\/\/sandzakpress.net\/arhiva\/wp-content\/uploads\/2015\/12\/12369189_10153782988594800_613638401191496080_n.jpg 960w\" sizes=\"(max-width: 600px) 100vw, 600px\" \/><\/p>\n<p><img loading=\"lazy\" decoding=\"async\" class=\"aligncenter size-full wp-image-150017\" src=\"https:\/\/sandzakpress.net\/arhiva\/wp-content\/uploads\/2015\/12\/1927579_10153782988589800_8418065874595995926_n.jpg\" alt=\"1927579_10153782988589800_8418065874595995926_n\" width=\"540\" height=\"960\" \/><\/p>\n","protected":false},"excerpt":{"rendered":"<p>&nbsp; Novi Pazar &#8211; &#8220;Dok jedno pri\u010daju u Sand\u017eaku, u Beogradu glasaju druga\u010dije.\u00a0Najprije je Rasim Ljaji\u0107 na sjednici Vlade podr\u017eao listu tu\u017eilaca sa koje su izba\u010deni Bo\u0161njaci. To potvr\u0111uje prijedlog Vlade koji je JEDNOGLASNO usvojen. Rasim glasao ZA, nije bilo uzdr\u017eanih niti glasova protiv. Jutros na Sjednici skup\u0161tinskog odbora za pravosu\u0111e, na ovaj prijedlog Vlade, [&hellip;]<\/p>\n","protected":false},"author":83,"featured_media":150035,"comment_status":"open","ping_status":"open","sticky":false,"template":"","format":"standard","meta":{"footnotes":""},"categories":[72,1,8957],"tags":[10517],"class_list":{"0":"post-150015","1":"post","2":"type-post","3":"status-publish","4":"format-standard","5":"has-post-thumbnail","7":"category-novi-pazar","8":"category-politika","9":"category-vijesti-dana","10":"tag-nepravde-rasima-ljajica"},"yoast_head":"<!-- This site is optimized with the Yoast SEO Premium plugin v23.1 (Yoast SEO v24.9) - https:\/\/yoast.com\/wordpress\/plugins\/seo\/ -->\n<title>SDA optu\u017euje - Ljaji\u0107 i Omerovi\u0107 su glasali za izbacivanje Bo\u0161njaka iz Tu\u017eila\u0161tva!<\/title>\n<meta name=\"robots\" content=\"index, follow, max-snippet:-1, max-image-preview:large, max-video-preview:-1\" \/>\n<link rel=\"canonical\" href=\"https:\/\/sandzakpress.net\/arhiva\/sda-optuzuje-ljajic-i-omerovic-su-glasali-za-izbacivanje-bosnjaka-iz-tuzilastva\/\" \/>\n<meta property=\"og:locale\" content=\"bs_BA\" \/>\n<meta property=\"og:type\" content=\"article\" \/>\n<meta property=\"og:title\" content=\"SDA optu\u017euje - Ljaji\u0107 i Omerovi\u0107 su glasali za izbacivanje Bo\u0161njaka iz Tu\u017eila\u0161tva!\" \/>\n<meta property=\"og:description\" content=\"&nbsp; Novi Pazar &#8211; &#8220;Dok jedno pri\u010daju u Sand\u017eaku, u Beogradu glasaju druga\u010dije.\u00a0Najprije je Rasim Ljaji\u0107 na sjednici Vlade podr\u017eao listu tu\u017eilaca sa koje su izba\u010deni Bo\u0161njaci. To potvr\u0111uje prijedlog Vlade koji je JEDNOGLASNO usvojen. Rasim glasao ZA, nije bilo uzdr\u017eanih niti glasova protiv. Jutros na Sjednici skup\u0161tinskog odbora za pravosu\u0111e, na ovaj prijedlog Vlade, [&hellip;]\" \/>\n<meta property=\"og:url\" content=\"https:\/\/sandzakpress.net\/arhiva\/sda-optuzuje-ljajic-i-omerovic-su-glasali-za-izbacivanje-bosnjaka-iz-tuzilastva\/\" \/>\n<meta property=\"og:site_name\" content=\"Sand\u017eak PRESS\" \/>\n<meta property=\"article:published_time\" content=\"2015-12-20T15:16:24+00:00\" \/>\n<meta property=\"article:modified_time\" content=\"2015-12-21T10:47:40+00:00\" \/>\n<meta property=\"og:image\" content=\"https:\/\/sandzakpress.net\/arhiva\/wp-content\/uploads\/2015\/12\/12369189_10153782988594800_613638401191496080_n-616x3411.jpg\" \/>\n\t<meta property=\"og:image:width\" content=\"616\" \/>\n\t<meta property=\"og:image:height\" content=\"341\" \/>\n\t<meta property=\"og:image:type\" content=\"image\/jpeg\" \/>\n<meta name=\"author\" content=\"bosniak\" \/>\n<meta name=\"twitter:card\" content=\"summary_large_image\" \/>\n<meta name=\"twitter:label1\" content=\"Written by\" \/>\n\t<meta name=\"twitter:data1\" content=\"bosniak\" \/>\n\t<meta name=\"twitter:label2\" content=\"Est. reading time\" \/>\n\t<meta name=\"twitter:data2\" content=\"1 minuta\" \/>\n<script type=\"application\/ld+json\" class=\"yoast-schema-graph\">{\"@context\":\"https:\/\/schema.org\",\"@graph\":[{\"@type\":\"Article\",\"@id\":\"https:\/\/sandzakpress.net\/arhiva\/sda-optuzuje-ljajic-i-omerovic-su-glasali-za-izbacivanje-bosnjaka-iz-tuzilastva\/#article\",\"isPartOf\":{\"@id\":\"https:\/\/sandzakpress.net\/arhiva\/sda-optuzuje-ljajic-i-omerovic-su-glasali-za-izbacivanje-bosnjaka-iz-tuzilastva\/\"},\"author\":{\"name\":\"bosniak\",\"@id\":\"https:\/\/sandzakpress.net\/arhiva\/#\/schema\/person\/c8baee722073534b583ea7bdb2e36c02\"},\"headline\":\"SDA optu\u017euje &#8211; Ljaji\u0107 i Omerovi\u0107 su glasali za izbacivanje Bo\u0161njaka iz Tu\u017eila\u0161tva!\",\"datePublished\":\"2015-12-20T15:16:24+00:00\",\"dateModified\":\"2015-12-21T10:47:40+00:00\",\"mainEntityOfPage\":{\"@id\":\"https:\/\/sandzakpress.net\/arhiva\/sda-optuzuje-ljajic-i-omerovic-su-glasali-za-izbacivanje-bosnjaka-iz-tuzilastva\/\"},\"wordCount\":140,\"commentCount\":9,\"publisher\":{\"@id\":\"https:\/\/sandzakpress.net\/arhiva\/#\/schema\/person\/6e72b67d6e51910a1117b3b483ba20bd\"},\"image\":{\"@id\":\"https:\/\/sandzakpress.net\/arhiva\/sda-optuzuje-ljajic-i-omerovic-su-glasali-za-izbacivanje-bosnjaka-iz-tuzilastva\/#primaryimage\"},\"thumbnailUrl\":\"https:\/\/sandzakpress.net\/arhiva\/wp-content\/uploads\/2015\/12\/12369189_10153782988594800_613638401191496080_n-616x3411.jpg\",\"keywords\":[\"nepravde Rasima Ljaji\u0107a\"],\"articleSection\":[\"Novi Pazar\",\"Politika\",\"VIJESTI DANA\"],\"inLanguage\":\"bs-BA\",\"potentialAction\":[{\"@type\":\"CommentAction\",\"name\":\"Comment\",\"target\":[\"https:\/\/sandzakpress.net\/arhiva\/sda-optuzuje-ljajic-i-omerovic-su-glasali-za-izbacivanje-bosnjaka-iz-tuzilastva\/#respond\"]}]},{\"@type\":\"WebPage\",\"@id\":\"https:\/\/sandzakpress.net\/arhiva\/sda-optuzuje-ljajic-i-omerovic-su-glasali-za-izbacivanje-bosnjaka-iz-tuzilastva\/\",\"url\":\"https:\/\/sandzakpress.net\/arhiva\/sda-optuzuje-ljajic-i-omerovic-su-glasali-za-izbacivanje-bosnjaka-iz-tuzilastva\/\",\"name\":\"SDA optu\u017euje - Ljaji\u0107 i Omerovi\u0107 su glasali za izbacivanje Bo\u0161njaka iz Tu\u017eila\u0161tva!\",\"isPartOf\":{\"@id\":\"https:\/\/sandzakpress.net\/arhiva\/#website\"},\"primaryImageOfPage\":{\"@id\":\"https:\/\/sandzakpress.net\/arhiva\/sda-optuzuje-ljajic-i-omerovic-su-glasali-za-izbacivanje-bosnjaka-iz-tuzilastva\/#primaryimage\"},\"image\":{\"@id\":\"https:\/\/sandzakpress.net\/arhiva\/sda-optuzuje-ljajic-i-omerovic-su-glasali-za-izbacivanje-bosnjaka-iz-tuzilastva\/#primaryimage\"},\"thumbnailUrl\":\"https:\/\/sandzakpress.net\/arhiva\/wp-content\/uploads\/2015\/12\/12369189_10153782988594800_613638401191496080_n-616x3411.jpg\",\"datePublished\":\"2015-12-20T15:16:24+00:00\",\"dateModified\":\"2015-12-21T10:47:40+00:00\",\"breadcrumb\":{\"@id\":\"https:\/\/sandzakpress.net\/arhiva\/sda-optuzuje-ljajic-i-omerovic-su-glasali-za-izbacivanje-bosnjaka-iz-tuzilastva\/#breadcrumb\"},\"inLanguage\":\"bs-BA\",\"potentialAction\":[{\"@type\":\"ReadAction\",\"target\":[\"https:\/\/sandzakpress.net\/arhiva\/sda-optuzuje-ljajic-i-omerovic-su-glasali-za-izbacivanje-bosnjaka-iz-tuzilastva\/\"]}]},{\"@type\":\"ImageObject\",\"inLanguage\":\"bs-BA\",\"@id\":\"https:\/\/sandzakpress.net\/arhiva\/sda-optuzuje-ljajic-i-omerovic-su-glasali-za-izbacivanje-bosnjaka-iz-tuzilastva\/#primaryimage\",\"url\":\"https:\/\/sandzakpress.net\/arhiva\/wp-content\/uploads\/2015\/12\/12369189_10153782988594800_613638401191496080_n-616x3411.jpg\",\"contentUrl\":\"https:\/\/sandzakpress.net\/arhiva\/wp-content\/uploads\/2015\/12\/12369189_10153782988594800_613638401191496080_n-616x3411.jpg\",\"width\":616,\"height\":341},{\"@type\":\"BreadcrumbList\",\"@id\":\"https:\/\/sandzakpress.net\/arhiva\/sda-optuzuje-ljajic-i-omerovic-su-glasali-za-izbacivanje-bosnjaka-iz-tuzilastva\/#breadcrumb\",\"itemListElement\":[{\"@type\":\"ListItem\",\"position\":1,\"name\":\"Home\",\"item\":\"https:\/\/sandzakpress.net\/arhiva\/\"},{\"@type\":\"ListItem\",\"position\":2,\"name\":\"SDA optu\u017euje &#8211; Ljaji\u0107 i Omerovi\u0107 su glasali za izbacivanje Bo\u0161njaka iz Tu\u017eila\u0161tva!\"}]},{\"@type\":\"WebSite\",\"@id\":\"https:\/\/sandzakpress.net\/arhiva\/#website\",\"url\":\"https:\/\/sandzakpress.net\/arhiva\/\",\"name\":\"Sand\u017eak PRESS\",\"description\":\"Prve elektronske novine u Sand\u017eaku\",\"publisher\":{\"@id\":\"https:\/\/sandzakpress.net\/arhiva\/#\/schema\/person\/6e72b67d6e51910a1117b3b483ba20bd\"},\"potentialAction\":[{\"@type\":\"SearchAction\",\"target\":{\"@type\":\"EntryPoint\",\"urlTemplate\":\"https:\/\/sandzakpress.net\/arhiva\/?s={search_term_string}\"},\"query-input\":{\"@type\":\"PropertyValueSpecification\",\"valueRequired\":true,\"valueName\":\"search_term_string\"}}],\"inLanguage\":\"bs-BA\"},{\"@type\":[\"Person\",\"Organization\"],\"@id\":\"https:\/\/sandzakpress.net\/arhiva\/#\/schema\/person\/6e72b67d6e51910a1117b3b483ba20bd\",\"name\":\"Kul\",\"image\":{\"@type\":\"ImageObject\",\"inLanguage\":\"bs-BA\",\"@id\":\"https:\/\/sandzakpress.net\/arhiva\/#\/schema\/person\/image\/\",\"url\":\"https:\/\/secure.gravatar.com\/avatar\/42263f39aa27ac04c43cab85c280eb2e?s=96&d=mm&r=pg\",\"contentUrl\":\"https:\/\/secure.gravatar.com\/avatar\/42263f39aa27ac04c43cab85c280eb2e?s=96&d=mm&r=pg\",\"caption\":\"Kul\"},\"logo\":{\"@id\":\"https:\/\/sandzakpress.net\/arhiva\/#\/schema\/person\/image\/\"}},{\"@type\":\"Person\",\"@id\":\"https:\/\/sandzakpress.net\/arhiva\/#\/schema\/person\/c8baee722073534b583ea7bdb2e36c02\",\"name\":\"bosniak\",\"image\":{\"@type\":\"ImageObject\",\"inLanguage\":\"bs-BA\",\"@id\":\"https:\/\/sandzakpress.net\/arhiva\/#\/schema\/person\/image\/\",\"url\":\"https:\/\/secure.gravatar.com\/avatar\/a04fd330bfe3a36a72a0ad4a6d89fca7?s=96&d=mm&r=pg\",\"contentUrl\":\"https:\/\/secure.gravatar.com\/avatar\/a04fd330bfe3a36a72a0ad4a6d89fca7?s=96&d=mm&r=pg\",\"caption\":\"bosniak\"},\"url\":\"https:\/\/sandzakpress.net\/arhiva\/author\/bosniak\/\"}]}<\/script>\n<!-- \/ Yoast SEO Premium plugin. -->","yoast_head_json":{"title":"SDA optu\u017euje - Ljaji\u0107 i Omerovi\u0107 su glasali za izbacivanje Bo\u0161njaka iz Tu\u017eila\u0161tva!","robots":{"index":"index","follow":"follow","max-snippet":"max-snippet:-1","max-image-preview":"max-image-preview:large","max-video-preview":"max-video-preview:-1"},"canonical":"https:\/\/sandzakpress.net\/arhiva\/sda-optuzuje-ljajic-i-omerovic-su-glasali-za-izbacivanje-bosnjaka-iz-tuzilastva\/","og_locale":"bs_BA","og_type":"article","og_title":"SDA optu\u017euje - Ljaji\u0107 i Omerovi\u0107 su glasali za izbacivanje Bo\u0161njaka iz Tu\u017eila\u0161tva!","og_description":"&nbsp; Novi Pazar &#8211; &#8220;Dok jedno pri\u010daju u Sand\u017eaku, u Beogradu glasaju druga\u010dije.\u00a0Najprije je Rasim Ljaji\u0107 na sjednici Vlade podr\u017eao listu tu\u017eilaca sa koje su izba\u010deni Bo\u0161njaci. To potvr\u0111uje prijedlog Vlade koji je JEDNOGLASNO usvojen. Rasim glasao ZA, nije bilo uzdr\u017eanih niti glasova protiv. Jutros na Sjednici skup\u0161tinskog odbora za pravosu\u0111e, na ovaj prijedlog Vlade, [&hellip;]","og_url":"https:\/\/sandzakpress.net\/arhiva\/sda-optuzuje-ljajic-i-omerovic-su-glasali-za-izbacivanje-bosnjaka-iz-tuzilastva\/","og_site_name":"Sand\u017eak PRESS","article_published_time":"2015-12-20T15:16:24+00:00","article_modified_time":"2015-12-21T10:47:40+00:00","og_image":[{"width":616,"height":341,"url":"https:\/\/sandzakpress.net\/arhiva\/wp-content\/uploads\/2015\/12\/12369189_10153782988594800_613638401191496080_n-616x3411.jpg","type":"image\/jpeg"}],"author":"bosniak","twitter_card":"summary_large_image","twitter_misc":{"Written by":"bosniak","Est. reading time":"1 minuta"},"schema":{"@context":"https:\/\/schema.org","@graph":[{"@type":"Article","@id":"https:\/\/sandzakpress.net\/arhiva\/sda-optuzuje-ljajic-i-omerovic-su-glasali-za-izbacivanje-bosnjaka-iz-tuzilastva\/#article","isPartOf":{"@id":"https:\/\/sandzakpress.net\/arhiva\/sda-optuzuje-ljajic-i-omerovic-su-glasali-za-izbacivanje-bosnjaka-iz-tuzilastva\/"},"author":{"name":"bosniak","@id":"https:\/\/sandzakpress.net\/arhiva\/#\/schema\/person\/c8baee722073534b583ea7bdb2e36c02"},"headline":"SDA optu\u017euje &#8211; Ljaji\u0107 i Omerovi\u0107 su glasali za izbacivanje Bo\u0161njaka iz Tu\u017eila\u0161tva!","datePublished":"2015-12-20T15:16:24+00:00","dateModified":"2015-12-21T10:47:40+00:00","mainEntityOfPage":{"@id":"https:\/\/sandzakpress.net\/arhiva\/sda-optuzuje-ljajic-i-omerovic-su-glasali-za-izbacivanje-bosnjaka-iz-tuzilastva\/"},"wordCount":140,"commentCount":9,"publisher":{"@id":"https:\/\/sandzakpress.net\/arhiva\/#\/schema\/person\/6e72b67d6e51910a1117b3b483ba20bd"},"image":{"@id":"https:\/\/sandzakpress.net\/arhiva\/sda-optuzuje-ljajic-i-omerovic-su-glasali-za-izbacivanje-bosnjaka-iz-tuzilastva\/#primaryimage"},"thumbnailUrl":"https:\/\/sandzakpress.net\/arhiva\/wp-content\/uploads\/2015\/12\/12369189_10153782988594800_613638401191496080_n-616x3411.jpg","keywords":["nepravde Rasima Ljaji\u0107a"],"articleSection":["Novi Pazar","Politika","VIJESTI DANA"],"inLanguage":"bs-BA","potentialAction":[{"@type":"CommentAction","name":"Comment","target":["https:\/\/sandzakpress.net\/arhiva\/sda-optuzuje-ljajic-i-omerovic-su-glasali-za-izbacivanje-bosnjaka-iz-tuzilastva\/#respond"]}]},{"@type":"WebPage","@id":"https:\/\/sandzakpress.net\/arhiva\/sda-optuzuje-ljajic-i-omerovic-su-glasali-za-izbacivanje-bosnjaka-iz-tuzilastva\/","url":"https:\/\/sandzakpress.net\/arhiva\/sda-optuzuje-ljajic-i-omerovic-su-glasali-za-izbacivanje-bosnjaka-iz-tuzilastva\/","name":"SDA optu\u017euje - Ljaji\u0107 i Omerovi\u0107 su glasali za izbacivanje Bo\u0161njaka iz Tu\u017eila\u0161tva!","isPartOf":{"@id":"https:\/\/sandzakpress.net\/arhiva\/#website"},"primaryImageOfPage":{"@id":"https:\/\/sandzakpress.net\/arhiva\/sda-optuzuje-ljajic-i-omerovic-su-glasali-za-izbacivanje-bosnjaka-iz-tuzilastva\/#primaryimage"},"image":{"@id":"https:\/\/sandzakpress.net\/arhiva\/sda-optuzuje-ljajic-i-omerovic-su-glasali-za-izbacivanje-bosnjaka-iz-tuzilastva\/#primaryimage"},"thumbnailUrl":"https:\/\/sandzakpress.net\/arhiva\/wp-content\/uploads\/2015\/12\/12369189_10153782988594800_613638401191496080_n-616x3411.jpg","datePublished":"2015-12-20T15:16:24+00:00","dateModified":"2015-12-21T10:47:40+00:00","breadcrumb":{"@id":"https:\/\/sandzakpress.net\/arhiva\/sda-optuzuje-ljajic-i-omerovic-su-glasali-za-izbacivanje-bosnjaka-iz-tuzilastva\/#breadcrumb"},"inLanguage":"bs-BA","potentialAction":[{"@type":"ReadAction","target":["https:\/\/sandzakpress.net\/arhiva\/sda-optuzuje-ljajic-i-omerovic-su-glasali-za-izbacivanje-bosnjaka-iz-tuzilastva\/"]}]},{"@type":"ImageObject","inLanguage":"bs-BA","@id":"https:\/\/sandzakpress.net\/arhiva\/sda-optuzuje-ljajic-i-omerovic-su-glasali-za-izbacivanje-bosnjaka-iz-tuzilastva\/#primaryimage","url":"https:\/\/sandzakpress.net\/arhiva\/wp-content\/uploads\/2015\/12\/12369189_10153782988594800_613638401191496080_n-616x3411.jpg","contentUrl":"https:\/\/sandzakpress.net\/arhiva\/wp-content\/uploads\/2015\/12\/12369189_10153782988594800_613638401191496080_n-616x3411.jpg","width":616,"height":341},{"@type":"BreadcrumbList","@id":"https:\/\/sandzakpress.net\/arhiva\/sda-optuzuje-ljajic-i-omerovic-su-glasali-za-izbacivanje-bosnjaka-iz-tuzilastva\/#breadcrumb","itemListElement":[{"@type":"ListItem","position":1,"name":"Home","item":"https:\/\/sandzakpress.net\/arhiva\/"},{"@type":"ListItem","position":2,"name":"SDA optu\u017euje &#8211; Ljaji\u0107 i Omerovi\u0107 su glasali za izbacivanje Bo\u0161njaka iz Tu\u017eila\u0161tva!"}]},{"@type":"WebSite","@id":"https:\/\/sandzakpress.net\/arhiva\/#website","url":"https:\/\/sandzakpress.net\/arhiva\/","name":"Sand\u017eak PRESS","description":"Prve elektronske novine u Sand\u017eaku","publisher":{"@id":"https:\/\/sandzakpress.net\/arhiva\/#\/schema\/person\/6e72b67d6e51910a1117b3b483ba20bd"},"potentialAction":[{"@type":"SearchAction","target":{"@type":"EntryPoint","urlTemplate":"https:\/\/sandzakpress.net\/arhiva\/?s={search_term_string}"},"query-input":{"@type":"PropertyValueSpecification","valueRequired":true,"valueName":"search_term_string"}}],"inLanguage":"bs-BA"},{"@type":["Person","Organization"],"@id":"https:\/\/sandzakpress.net\/arhiva\/#\/schema\/person\/6e72b67d6e51910a1117b3b483ba20bd","name":"Kul","image":{"@type":"ImageObject","inLanguage":"bs-BA","@id":"https:\/\/sandzakpress.net\/arhiva\/#\/schema\/person\/image\/","url":"https:\/\/secure.gravatar.com\/avatar\/42263f39aa27ac04c43cab85c280eb2e?s=96&d=mm&r=pg","contentUrl":"https:\/\/secure.gravatar.com\/avatar\/42263f39aa27ac04c43cab85c280eb2e?s=96&d=mm&r=pg","caption":"Kul"},"logo":{"@id":"https:\/\/sandzakpress.net\/arhiva\/#\/schema\/person\/image\/"}},{"@type":"Person","@id":"https:\/\/sandzakpress.net\/arhiva\/#\/schema\/person\/c8baee722073534b583ea7bdb2e36c02","name":"bosniak","image":{"@type":"ImageObject","inLanguage":"bs-BA","@id":"https:\/\/sandzakpress.net\/arhiva\/#\/schema\/person\/image\/","url":"https:\/\/secure.gravatar.com\/avatar\/a04fd330bfe3a36a72a0ad4a6d89fca7?s=96&d=mm&r=pg","contentUrl":"https:\/\/secure.gravatar.com\/avatar\/a04fd330bfe3a36a72a0ad4a6d89fca7?s=96&d=mm&r=pg","caption":"bosniak"},"url":"https:\/\/sandzakpress.net\/arhiva\/author\/bosniak\/"}]}},"_links":{"self":[{"href":"https:\/\/sandzakpress.net\/arhiva\/wp-json\/wp\/v2\/posts\/150015"}],"collection":[{"href":"https:\/\/sandzakpress.net\/arhiva\/wp-json\/wp\/v2\/posts"}],"about":[{"href":"https:\/\/sandzakpress.net\/arhiva\/wp-json\/wp\/v2\/types\/post"}],"author":[{"embeddable":true,"href":"https:\/\/sandzakpress.net\/arhiva\/wp-json\/wp\/v2\/users\/83"}],"replies":[{"embeddable":true,"href":"https:\/\/sandzakpress.net\/arhiva\/wp-json\/wp\/v2\/comments?post=150015"}],"version-history":[{"count":0,"href":"https:\/\/sandzakpress.net\/arhiva\/wp-json\/wp\/v2\/posts\/150015\/revisions"}],"wp:featuredmedia":[{"embeddable":true,"href":"https:\/\/sandzakpress.net\/arhiva\/wp-json\/wp\/v2\/media\/150035"}],"wp:attachment":[{"href":"https:\/\/sandzakpress.net\/arhiva\/wp-json\/wp\/v2\/media?parent=150015"}],"wp:term":[{"taxonomy":"category","embeddable":true,"href":"https:\/\/sandzakpress.net\/arhiva\/wp-json\/wp\/v2\/categories?post=150015"},{"taxonomy":"post_tag","embeddable":true,"href":"https:\/\/sandzakpress.net\/arhiva\/wp-json\/wp\/v2\/tags?post=150015"}],"curies":[{"name":"wp","href":"https:\/\/api.w.org\/{rel}","templated":true}]}}