{"id":149967,"date":"2015-12-19T16:00:32","date_gmt":"2015-12-19T15:00:32","guid":{"rendered":"https:\/\/sandzakpress.net\/arhiva\/koji-su-prvi-a-koji-zadnji-predznaci-sudnjeg-dana"},"modified":"2015-12-19T16:00:32","modified_gmt":"2015-12-19T15:00:32","slug":"koji-su-prvi-a-koji-zadnji-predznaci-sudnjeg-dana","status":"publish","type":"post","link":"https:\/\/sandzakpress.net\/arhiva\/koji-su-prvi-a-koji-zadnji-predznaci-sudnjeg-dana\/","title":{"rendered":"Koji su prvi, a koji zadnji predznaci Sudnjeg dana"},"content":{"rendered":"<p><strong><img loading=\"lazy\" decoding=\"async\" class=\"aligncenter\" src=\"http:\/\/www.akos.ba\/media\/k2\/items\/cache\/7a4d2d679ce854d75f12c417087d7bba_XL.jpg\" alt=\"Koji su prvi, a koji zadnji predznaci Sudnjeg dana\" width=\"621\" height=\"228\" \/><\/strong><\/p>\n<p><strong>U knjigama hadisa, u dijelovima pod nazivom \u201c<em>Fitne<\/em>\u201c i \u201c<em>Predznaci Smaka svijeta<\/em>\u201c, prenosi se veoma mnogo hadisa koji govore o ovoj temi. Islamski u\u010denjaci, prou\u010div\u0161i i analiziraju\u0107i ove hadise, utvrdili su da su kao prvi predznaci Smaka svijeta navedeni u tekstu ispod spomenuti doga\u0111aji.<\/strong><\/p>\n<p><strong>PRVI PREDZNACI:<\/strong><\/p>\n<p>Prvi i najve\u0107i predznak Smaka svijeta je to \u0161to je Allah, d\u017e.\u0161., Svog miljenika Muhammeda, a.s., uzeo s ovog svijeta (njegova smrt).<\/p>\n<p>Slijede\u0107i su:<\/p>\n<ol>\n<li>smanjivanje znanja, i \u0161irenje neznanja;<\/li>\n<li>natjecanje ljudi koji su bili siromasi, nakon nekog vremena, u gradnji visokih zgrada;<\/li>\n<li>\u0161irenje smutnje; umno\u017eavanje smrtnih slu\u010dajeva; uve\u0107avanje anarhije, nereda i nemira;<\/li>\n<li>javno \u010dinjenje bluda, preljube i najru\u017enijih djela; pove\u0107anje konzumiranja opojnih pi\u0107a; smatranje privla\u010dnim zabave i razvrata; neznanje porijekla (oca) ro\u0111enog djeteta;<\/li>\n<li>smanjenje broja mu\u0161karaca, a pove\u0107anje broja \u017eena;<\/li>\n<li>me\u0111usobno sukobljavanje muslimana;<\/li>\n<li>dolazak na \u010delo zajednice ljudi koji su na niskom nivou, primitivci, izdajnici i zalimi s lo\u0161om naravi; davanje emaneta, posla i uprave onima koji nisu za to stru\u010dni;<\/li>\n<li>u\u010destalost prirodnih nepogoda poput zemljotresa, poplava i po\u017eara;<\/li>\n<li>rijetko postojanje u zajednici lijepog pona\u0161anja; preziranje \u010dasnih i \u010destitih ljudi; klanjanje dunjalu\u010dkim imecima; a musliman nesretan unutar takvog pokvarenog okru\u017eenja pri dolasku do kabura zavidjet \u0107e onome koji je u njemu i \u017eeljet \u0107e smrt;<\/li>\n<li>pojavljivanje la\u017eova, la\u017enih pejgambera<\/li>\n<li>ostavljanje d\u017eamija usamljenima; ostavljanje Kur<sup>,<\/sup>ana na\u00a0zidovima, a znatno smanjivanje broja onih koji ga u\u010de i djeluju\u00a0\u00a0po njemu;<\/li>\n<li>pojave da \u010dovjek iz ku\u0107e ujutro izlazi kao mu<sup>,<\/sup>min, a uve\u010der se\u00a0vra\u0107a kao kafir; ili no\u0107 do\u010deka kao mu<sup>,<\/sup>min, a osvane kao kafir;\u00a0iman se gubi zbog onog \u0161to se uradi ili izgovori, a da se to ni ne\u00a0zna.<\/li>\n<\/ol>\n<p>Kod koje osobe, ku\u0107e ili zajednice se na\u0111u ova opisana stanja, zna\u010di da se kod iste pokvario poredak, ustrojstvo i naru\u0161io mir, te da je pred nastupanjem Smaka svijeta.<\/p>\n<p><strong>POSLJEDNJI PREDZNACI:<\/strong><\/p>\n<p>U vjerodostojnim hadisima navodi se jedan dio velikh predznaka Sudnjeg dana. Tako\u0111er, prenosi se da Sudnji dan ne\u0107e nastupiti prije nego se oni dese.<\/p>\n<p>Za njih saznajemo iz sljede\u0107eg hadisa: Huzejfe b. Usejd el-Gifari, r.a., prenosi: \u201cSjedili smo i razgovarali o nekim temama. U tom trenutku Resulullah, a.s., nas je po\u010dastio svojim dolaskom. Upitao je: \u201c<em>O \u010demu razgovarate?\u201c<\/em> A mi smo odgovorili: \u201cPri\u010dali smo o Smaku svijeta.\u201c Tada je Poslanik, a.s., rekao: \u201cSmak svijeta ne\u0107e nastupiti dok se ne desi ovih deset doga\u0111aja:<\/p>\n<ol>\n<li>pojava velikog gustog dima koji \u0107e okru\u017eiti ljude;<\/li>\n<li>pojava Ded\u017ed\u017eala koji \u0107e me\u0111u ljude ubaciti veliku sumnju i vjernicima \u010diniti veliko nasilje;<\/li>\n<li>pojava \u017eivotinje zvane Dabbetu<sup>,<\/sup>l-erd, koja \u0107e govoriti s ljudima i kazivat \u0107e im jesu li mu<sup>,<\/sup>min ili kafir;<\/li>\n<li>izlazak sunca sa zapada;<\/li>\n<li>silazak na zemlju Isaa, sina Merjeminog;<\/li>\n<li>pojava plemena Je<sup>,<\/sup>d\u017eud\u017e i Me<sup>,<\/sup>d\u017eud\u017e, te njihova ra\u0161irenost po krajevima;<\/li>\n<li>potonu\u0107e u zemlju jedne oblasti na zapadnoj strani;<\/li>\n<li>potonu\u0107e u zemlju jedne oblasti na isto\u010dnoj strani<\/li>\n<li>potonu\u0107e u zemlju jedne oblasti na Arapskom poluostrvu i<\/li>\n<li>pojava vatre od strane Adena koja \u0107e ljude tjerati do mjesta Su\u0111enja.\u201c\u201c<\/li>\n<\/ol>\n<p>Pored toga, iz ummeta \u0107e se pojaviti i hazreti Mehdi. Hazreti Mehdi je dobri Allahov rob koji dolazi iz Poslanikove porodice. Alim je, arif i osoba izuzetnih osobina. Njegovo ime \u0107e se podudarati s imenom Pejgambera, a.s., i od ehl-i bejta je.<\/p>\n<p>Hazreti Mehdi \u0107e u ahir-zemanu (posljednjem vremenu) pravedno upravljati ummetom. Njegova vladavina \u0107e trajati sedam godina. On \u0107e biti imam ummeta, srest \u0107e se s Isaom, a.s., koji \u0107e mjesto imama u namazu prepustiti Mehdiju. Hazreti Mehdi \u0107e biti Isaov, a.s., pomo\u0107nik u ubijanju Ded\u017ed\u017eala, najve\u0107eg smutljivca na zemlji. Nakon toga \u0107e preseliti na ahiret.<\/p>\n<p>Sve dok na zemlji ima vjernika koji govore \u201cAllah, Allah\u201c, dunjaluk ne\u0107e biti uni\u0161ten. Allahovi dobri robovi su, ustvari, stubovi i sigurnost ovog svijeta. Nakon \u0161to oni napuste dunjaluk, ne\u0107e vi\u0161e biti smisla niti razloga da ovaj svijet postoji.<\/p>\n<p>Poslije preseljenja na ahiret Isaa, a.s., i hazreti Mehdija, zemlja \u0107e ponovo biti izlo\u017eena invaziji kafira, grje\u0161nika, zalutalih zalima. Allah, d\u017e.\u0161., \u0107e od strane Jemena poslati prijatni vjetar koji \u0107e uzeti du\u0161e vjernika. Nakon toga, nastupit \u0107e Kijametski dan sa svim svojim strahotama i u\u017easima koje \u0107e se realizirati nad nevjernicima i zlim ljudima.<\/p>\n<p>Knjiga \u201dAKAID \u2013 Islamsko vjerovanje\u201d<\/p>\n<p><strong>Za Akos.ba pripremila: Medina Kanli\u0107<\/strong><\/p>\n<p>Izvor: <strong>akos.ba<\/strong><\/p>\n<p>Pogledajte vijest na izvornom sajtu:<\/p>\n<p><a href=\"http:\/\/islampress.net\/dijeli\/koji-su-prvi-a-koji-zadnji-predznaci-sudnjeg-dana\" target=\"_blank\">Koji su prvi, a koji zadnji predznaci Sudnjeg dana<\/a><\/p>\n","protected":false},"excerpt":{"rendered":"<p>U knjigama hadisa, u dijelovima pod nazivom \u201cFitne\u201c i \u201cPredznaci Smaka svijeta\u201c, prenosi se veoma mnogo hadisa koji govore o ovoj temi. Islamski u\u010denjaci, prou\u010div\u0161i i analiziraju\u0107i ove hadise, utvrdili su da su kao prvi predznaci Smaka svijeta navedeni u tekstu ispod spomenuti doga\u0111aji. PRVI PREDZNACI: Prvi i najve\u0107i predznak Smaka svijeta je to \u0161to [&hellip;]<\/p>\n","protected":false},"author":83,"featured_media":149969,"comment_status":"open","ping_status":"open","sticky":false,"template":"","format":"standard","meta":{"footnotes":""},"categories":[10514],"tags":[10516],"class_list":{"0":"post-149967","1":"post","2":"type-post","3":"status-publish","4":"format-standard","5":"has-post-thumbnail","7":"category-islam-press","8":"tag-islam"},"yoast_head":"<!-- This site is optimized with the Yoast SEO Premium plugin v23.1 (Yoast SEO v24.9) - https:\/\/yoast.com\/wordpress\/plugins\/seo\/ -->\n<title>Koji su prvi, a koji zadnji predznaci Sudnjeg dana<\/title>\n<meta name=\"robots\" content=\"index, follow, max-snippet:-1, max-image-preview:large, max-video-preview:-1\" \/>\n<link rel=\"canonical\" href=\"https:\/\/sandzakpress.net\/arhiva\/koji-su-prvi-a-koji-zadnji-predznaci-sudnjeg-dana\/\" \/>\n<meta property=\"og:locale\" content=\"bs_BA\" \/>\n<meta property=\"og:type\" content=\"article\" \/>\n<meta property=\"og:title\" content=\"Koji su prvi, a koji zadnji predznaci Sudnjeg dana\" \/>\n<meta property=\"og:description\" content=\"U knjigama hadisa, u dijelovima pod nazivom \u201cFitne\u201c i \u201cPredznaci Smaka svijeta\u201c, prenosi se veoma mnogo hadisa koji govore o ovoj temi. Islamski u\u010denjaci, prou\u010div\u0161i i analiziraju\u0107i ove hadise, utvrdili su da su kao prvi predznaci Smaka svijeta navedeni u tekstu ispod spomenuti doga\u0111aji. PRVI PREDZNACI: Prvi i najve\u0107i predznak Smaka svijeta je to \u0161to [&hellip;]\" \/>\n<meta property=\"og:url\" content=\"https:\/\/sandzakpress.net\/arhiva\/koji-su-prvi-a-koji-zadnji-predznaci-sudnjeg-dana\/\" \/>\n<meta property=\"og:site_name\" content=\"Sand\u017eak PRESS\" \/>\n<meta property=\"article:published_time\" content=\"2015-12-19T15:00:32+00:00\" \/>\n<meta property=\"og:image\" content=\"https:\/\/sandzakpress.net\/arhiva\/wp-content\/uploads\/2015\/12\/7a4d2d679ce854d75f12c417087d7bba_XL1.jpg\" \/>\n\t<meta property=\"og:image:width\" content=\"900\" \/>\n\t<meta property=\"og:image:height\" content=\"331\" \/>\n\t<meta property=\"og:image:type\" content=\"image\/jpeg\" \/>\n<meta name=\"author\" content=\"bosniak\" \/>\n<meta name=\"twitter:card\" content=\"summary_large_image\" \/>\n<meta name=\"twitter:label1\" content=\"Written by\" \/>\n\t<meta name=\"twitter:data1\" content=\"bosniak\" \/>\n\t<meta name=\"twitter:label2\" content=\"Est. reading time\" \/>\n\t<meta name=\"twitter:data2\" content=\"4 minute\" \/>\n<script type=\"application\/ld+json\" class=\"yoast-schema-graph\">{\"@context\":\"https:\/\/schema.org\",\"@graph\":[{\"@type\":\"Article\",\"@id\":\"https:\/\/sandzakpress.net\/arhiva\/koji-su-prvi-a-koji-zadnji-predznaci-sudnjeg-dana\/#article\",\"isPartOf\":{\"@id\":\"https:\/\/sandzakpress.net\/arhiva\/koji-su-prvi-a-koji-zadnji-predznaci-sudnjeg-dana\/\"},\"author\":{\"name\":\"bosniak\",\"@id\":\"https:\/\/sandzakpress.net\/arhiva\/#\/schema\/person\/c8baee722073534b583ea7bdb2e36c02\"},\"headline\":\"Koji su prvi, a koji zadnji predznaci Sudnjeg dana\",\"datePublished\":\"2015-12-19T15:00:32+00:00\",\"mainEntityOfPage\":{\"@id\":\"https:\/\/sandzakpress.net\/arhiva\/koji-su-prvi-a-koji-zadnji-predznaci-sudnjeg-dana\/\"},\"wordCount\":785,\"commentCount\":1,\"publisher\":{\"@id\":\"https:\/\/sandzakpress.net\/arhiva\/#\/schema\/person\/6e72b67d6e51910a1117b3b483ba20bd\"},\"image\":{\"@id\":\"https:\/\/sandzakpress.net\/arhiva\/koji-su-prvi-a-koji-zadnji-predznaci-sudnjeg-dana\/#primaryimage\"},\"thumbnailUrl\":\"https:\/\/sandzakpress.net\/arhiva\/wp-content\/uploads\/2015\/12\/7a4d2d679ce854d75f12c417087d7bba_XL1.jpg\",\"keywords\":[\"Islam\"],\"articleSection\":[\"Islam PRESS\"],\"inLanguage\":\"bs-BA\",\"potentialAction\":[{\"@type\":\"CommentAction\",\"name\":\"Comment\",\"target\":[\"https:\/\/sandzakpress.net\/arhiva\/koji-su-prvi-a-koji-zadnji-predznaci-sudnjeg-dana\/#respond\"]}]},{\"@type\":\"WebPage\",\"@id\":\"https:\/\/sandzakpress.net\/arhiva\/koji-su-prvi-a-koji-zadnji-predznaci-sudnjeg-dana\/\",\"url\":\"https:\/\/sandzakpress.net\/arhiva\/koji-su-prvi-a-koji-zadnji-predznaci-sudnjeg-dana\/\",\"name\":\"Koji su prvi, a koji zadnji predznaci Sudnjeg dana\",\"isPartOf\":{\"@id\":\"https:\/\/sandzakpress.net\/arhiva\/#website\"},\"primaryImageOfPage\":{\"@id\":\"https:\/\/sandzakpress.net\/arhiva\/koji-su-prvi-a-koji-zadnji-predznaci-sudnjeg-dana\/#primaryimage\"},\"image\":{\"@id\":\"https:\/\/sandzakpress.net\/arhiva\/koji-su-prvi-a-koji-zadnji-predznaci-sudnjeg-dana\/#primaryimage\"},\"thumbnailUrl\":\"https:\/\/sandzakpress.net\/arhiva\/wp-content\/uploads\/2015\/12\/7a4d2d679ce854d75f12c417087d7bba_XL1.jpg\",\"datePublished\":\"2015-12-19T15:00:32+00:00\",\"breadcrumb\":{\"@id\":\"https:\/\/sandzakpress.net\/arhiva\/koji-su-prvi-a-koji-zadnji-predznaci-sudnjeg-dana\/#breadcrumb\"},\"inLanguage\":\"bs-BA\",\"potentialAction\":[{\"@type\":\"ReadAction\",\"target\":[\"https:\/\/sandzakpress.net\/arhiva\/koji-su-prvi-a-koji-zadnji-predznaci-sudnjeg-dana\/\"]}]},{\"@type\":\"ImageObject\",\"inLanguage\":\"bs-BA\",\"@id\":\"https:\/\/sandzakpress.net\/arhiva\/koji-su-prvi-a-koji-zadnji-predznaci-sudnjeg-dana\/#primaryimage\",\"url\":\"https:\/\/sandzakpress.net\/arhiva\/wp-content\/uploads\/2015\/12\/7a4d2d679ce854d75f12c417087d7bba_XL1.jpg\",\"contentUrl\":\"https:\/\/sandzakpress.net\/arhiva\/wp-content\/uploads\/2015\/12\/7a4d2d679ce854d75f12c417087d7bba_XL1.jpg\",\"width\":900,\"height\":331},{\"@type\":\"BreadcrumbList\",\"@id\":\"https:\/\/sandzakpress.net\/arhiva\/koji-su-prvi-a-koji-zadnji-predznaci-sudnjeg-dana\/#breadcrumb\",\"itemListElement\":[{\"@type\":\"ListItem\",\"position\":1,\"name\":\"Home\",\"item\":\"https:\/\/sandzakpress.net\/arhiva\/\"},{\"@type\":\"ListItem\",\"position\":2,\"name\":\"Koji su prvi, a koji zadnji predznaci Sudnjeg dana\"}]},{\"@type\":\"WebSite\",\"@id\":\"https:\/\/sandzakpress.net\/arhiva\/#website\",\"url\":\"https:\/\/sandzakpress.net\/arhiva\/\",\"name\":\"Sand\u017eak PRESS\",\"description\":\"Prve elektronske novine u Sand\u017eaku\",\"publisher\":{\"@id\":\"https:\/\/sandzakpress.net\/arhiva\/#\/schema\/person\/6e72b67d6e51910a1117b3b483ba20bd\"},\"potentialAction\":[{\"@type\":\"SearchAction\",\"target\":{\"@type\":\"EntryPoint\",\"urlTemplate\":\"https:\/\/sandzakpress.net\/arhiva\/?s={search_term_string}\"},\"query-input\":{\"@type\":\"PropertyValueSpecification\",\"valueRequired\":true,\"valueName\":\"search_term_string\"}}],\"inLanguage\":\"bs-BA\"},{\"@type\":[\"Person\",\"Organization\"],\"@id\":\"https:\/\/sandzakpress.net\/arhiva\/#\/schema\/person\/6e72b67d6e51910a1117b3b483ba20bd\",\"name\":\"Kul\",\"image\":{\"@type\":\"ImageObject\",\"inLanguage\":\"bs-BA\",\"@id\":\"https:\/\/sandzakpress.net\/arhiva\/#\/schema\/person\/image\/\",\"url\":\"https:\/\/secure.gravatar.com\/avatar\/42263f39aa27ac04c43cab85c280eb2e?s=96&d=mm&r=pg\",\"contentUrl\":\"https:\/\/secure.gravatar.com\/avatar\/42263f39aa27ac04c43cab85c280eb2e?s=96&d=mm&r=pg\",\"caption\":\"Kul\"},\"logo\":{\"@id\":\"https:\/\/sandzakpress.net\/arhiva\/#\/schema\/person\/image\/\"}},{\"@type\":\"Person\",\"@id\":\"https:\/\/sandzakpress.net\/arhiva\/#\/schema\/person\/c8baee722073534b583ea7bdb2e36c02\",\"name\":\"bosniak\",\"image\":{\"@type\":\"ImageObject\",\"inLanguage\":\"bs-BA\",\"@id\":\"https:\/\/sandzakpress.net\/arhiva\/#\/schema\/person\/image\/\",\"url\":\"https:\/\/secure.gravatar.com\/avatar\/a04fd330bfe3a36a72a0ad4a6d89fca7?s=96&d=mm&r=pg\",\"contentUrl\":\"https:\/\/secure.gravatar.com\/avatar\/a04fd330bfe3a36a72a0ad4a6d89fca7?s=96&d=mm&r=pg\",\"caption\":\"bosniak\"},\"url\":\"https:\/\/sandzakpress.net\/arhiva\/author\/bosniak\/\"}]}<\/script>\n<!-- \/ Yoast SEO Premium plugin. -->","yoast_head_json":{"title":"Koji su prvi, a koji zadnji predznaci Sudnjeg dana","robots":{"index":"index","follow":"follow","max-snippet":"max-snippet:-1","max-image-preview":"max-image-preview:large","max-video-preview":"max-video-preview:-1"},"canonical":"https:\/\/sandzakpress.net\/arhiva\/koji-su-prvi-a-koji-zadnji-predznaci-sudnjeg-dana\/","og_locale":"bs_BA","og_type":"article","og_title":"Koji su prvi, a koji zadnji predznaci Sudnjeg dana","og_description":"U knjigama hadisa, u dijelovima pod nazivom \u201cFitne\u201c i \u201cPredznaci Smaka svijeta\u201c, prenosi se veoma mnogo hadisa koji govore o ovoj temi. Islamski u\u010denjaci, prou\u010div\u0161i i analiziraju\u0107i ove hadise, utvrdili su da su kao prvi predznaci Smaka svijeta navedeni u tekstu ispod spomenuti doga\u0111aji. PRVI PREDZNACI: Prvi i najve\u0107i predznak Smaka svijeta je to \u0161to [&hellip;]","og_url":"https:\/\/sandzakpress.net\/arhiva\/koji-su-prvi-a-koji-zadnji-predznaci-sudnjeg-dana\/","og_site_name":"Sand\u017eak PRESS","article_published_time":"2015-12-19T15:00:32+00:00","og_image":[{"width":900,"height":331,"url":"https:\/\/sandzakpress.net\/arhiva\/wp-content\/uploads\/2015\/12\/7a4d2d679ce854d75f12c417087d7bba_XL1.jpg","type":"image\/jpeg"}],"author":"bosniak","twitter_card":"summary_large_image","twitter_misc":{"Written by":"bosniak","Est. reading time":"4 minute"},"schema":{"@context":"https:\/\/schema.org","@graph":[{"@type":"Article","@id":"https:\/\/sandzakpress.net\/arhiva\/koji-su-prvi-a-koji-zadnji-predznaci-sudnjeg-dana\/#article","isPartOf":{"@id":"https:\/\/sandzakpress.net\/arhiva\/koji-su-prvi-a-koji-zadnji-predznaci-sudnjeg-dana\/"},"author":{"name":"bosniak","@id":"https:\/\/sandzakpress.net\/arhiva\/#\/schema\/person\/c8baee722073534b583ea7bdb2e36c02"},"headline":"Koji su prvi, a koji zadnji predznaci Sudnjeg dana","datePublished":"2015-12-19T15:00:32+00:00","mainEntityOfPage":{"@id":"https:\/\/sandzakpress.net\/arhiva\/koji-su-prvi-a-koji-zadnji-predznaci-sudnjeg-dana\/"},"wordCount":785,"commentCount":1,"publisher":{"@id":"https:\/\/sandzakpress.net\/arhiva\/#\/schema\/person\/6e72b67d6e51910a1117b3b483ba20bd"},"image":{"@id":"https:\/\/sandzakpress.net\/arhiva\/koji-su-prvi-a-koji-zadnji-predznaci-sudnjeg-dana\/#primaryimage"},"thumbnailUrl":"https:\/\/sandzakpress.net\/arhiva\/wp-content\/uploads\/2015\/12\/7a4d2d679ce854d75f12c417087d7bba_XL1.jpg","keywords":["Islam"],"articleSection":["Islam PRESS"],"inLanguage":"bs-BA","potentialAction":[{"@type":"CommentAction","name":"Comment","target":["https:\/\/sandzakpress.net\/arhiva\/koji-su-prvi-a-koji-zadnji-predznaci-sudnjeg-dana\/#respond"]}]},{"@type":"WebPage","@id":"https:\/\/sandzakpress.net\/arhiva\/koji-su-prvi-a-koji-zadnji-predznaci-sudnjeg-dana\/","url":"https:\/\/sandzakpress.net\/arhiva\/koji-su-prvi-a-koji-zadnji-predznaci-sudnjeg-dana\/","name":"Koji su prvi, a koji zadnji predznaci Sudnjeg dana","isPartOf":{"@id":"https:\/\/sandzakpress.net\/arhiva\/#website"},"primaryImageOfPage":{"@id":"https:\/\/sandzakpress.net\/arhiva\/koji-su-prvi-a-koji-zadnji-predznaci-sudnjeg-dana\/#primaryimage"},"image":{"@id":"https:\/\/sandzakpress.net\/arhiva\/koji-su-prvi-a-koji-zadnji-predznaci-sudnjeg-dana\/#primaryimage"},"thumbnailUrl":"https:\/\/sandzakpress.net\/arhiva\/wp-content\/uploads\/2015\/12\/7a4d2d679ce854d75f12c417087d7bba_XL1.jpg","datePublished":"2015-12-19T15:00:32+00:00","breadcrumb":{"@id":"https:\/\/sandzakpress.net\/arhiva\/koji-su-prvi-a-koji-zadnji-predznaci-sudnjeg-dana\/#breadcrumb"},"inLanguage":"bs-BA","potentialAction":[{"@type":"ReadAction","target":["https:\/\/sandzakpress.net\/arhiva\/koji-su-prvi-a-koji-zadnji-predznaci-sudnjeg-dana\/"]}]},{"@type":"ImageObject","inLanguage":"bs-BA","@id":"https:\/\/sandzakpress.net\/arhiva\/koji-su-prvi-a-koji-zadnji-predznaci-sudnjeg-dana\/#primaryimage","url":"https:\/\/sandzakpress.net\/arhiva\/wp-content\/uploads\/2015\/12\/7a4d2d679ce854d75f12c417087d7bba_XL1.jpg","contentUrl":"https:\/\/sandzakpress.net\/arhiva\/wp-content\/uploads\/2015\/12\/7a4d2d679ce854d75f12c417087d7bba_XL1.jpg","width":900,"height":331},{"@type":"BreadcrumbList","@id":"https:\/\/sandzakpress.net\/arhiva\/koji-su-prvi-a-koji-zadnji-predznaci-sudnjeg-dana\/#breadcrumb","itemListElement":[{"@type":"ListItem","position":1,"name":"Home","item":"https:\/\/sandzakpress.net\/arhiva\/"},{"@type":"ListItem","position":2,"name":"Koji su prvi, a koji zadnji predznaci Sudnjeg dana"}]},{"@type":"WebSite","@id":"https:\/\/sandzakpress.net\/arhiva\/#website","url":"https:\/\/sandzakpress.net\/arhiva\/","name":"Sand\u017eak PRESS","description":"Prve elektronske novine u Sand\u017eaku","publisher":{"@id":"https:\/\/sandzakpress.net\/arhiva\/#\/schema\/person\/6e72b67d6e51910a1117b3b483ba20bd"},"potentialAction":[{"@type":"SearchAction","target":{"@type":"EntryPoint","urlTemplate":"https:\/\/sandzakpress.net\/arhiva\/?s={search_term_string}"},"query-input":{"@type":"PropertyValueSpecification","valueRequired":true,"valueName":"search_term_string"}}],"inLanguage":"bs-BA"},{"@type":["Person","Organization"],"@id":"https:\/\/sandzakpress.net\/arhiva\/#\/schema\/person\/6e72b67d6e51910a1117b3b483ba20bd","name":"Kul","image":{"@type":"ImageObject","inLanguage":"bs-BA","@id":"https:\/\/sandzakpress.net\/arhiva\/#\/schema\/person\/image\/","url":"https:\/\/secure.gravatar.com\/avatar\/42263f39aa27ac04c43cab85c280eb2e?s=96&d=mm&r=pg","contentUrl":"https:\/\/secure.gravatar.com\/avatar\/42263f39aa27ac04c43cab85c280eb2e?s=96&d=mm&r=pg","caption":"Kul"},"logo":{"@id":"https:\/\/sandzakpress.net\/arhiva\/#\/schema\/person\/image\/"}},{"@type":"Person","@id":"https:\/\/sandzakpress.net\/arhiva\/#\/schema\/person\/c8baee722073534b583ea7bdb2e36c02","name":"bosniak","image":{"@type":"ImageObject","inLanguage":"bs-BA","@id":"https:\/\/sandzakpress.net\/arhiva\/#\/schema\/person\/image\/","url":"https:\/\/secure.gravatar.com\/avatar\/a04fd330bfe3a36a72a0ad4a6d89fca7?s=96&d=mm&r=pg","contentUrl":"https:\/\/secure.gravatar.com\/avatar\/a04fd330bfe3a36a72a0ad4a6d89fca7?s=96&d=mm&r=pg","caption":"bosniak"},"url":"https:\/\/sandzakpress.net\/arhiva\/author\/bosniak\/"}]}},"_links":{"self":[{"href":"https:\/\/sandzakpress.net\/arhiva\/wp-json\/wp\/v2\/posts\/149967"}],"collection":[{"href":"https:\/\/sandzakpress.net\/arhiva\/wp-json\/wp\/v2\/posts"}],"about":[{"href":"https:\/\/sandzakpress.net\/arhiva\/wp-json\/wp\/v2\/types\/post"}],"author":[{"embeddable":true,"href":"https:\/\/sandzakpress.net\/arhiva\/wp-json\/wp\/v2\/users\/83"}],"replies":[{"embeddable":true,"href":"https:\/\/sandzakpress.net\/arhiva\/wp-json\/wp\/v2\/comments?post=149967"}],"version-history":[{"count":0,"href":"https:\/\/sandzakpress.net\/arhiva\/wp-json\/wp\/v2\/posts\/149967\/revisions"}],"wp:featuredmedia":[{"embeddable":true,"href":"https:\/\/sandzakpress.net\/arhiva\/wp-json\/wp\/v2\/media\/149969"}],"wp:attachment":[{"href":"https:\/\/sandzakpress.net\/arhiva\/wp-json\/wp\/v2\/media?parent=149967"}],"wp:term":[{"taxonomy":"category","embeddable":true,"href":"https:\/\/sandzakpress.net\/arhiva\/wp-json\/wp\/v2\/categories?post=149967"},{"taxonomy":"post_tag","embeddable":true,"href":"https:\/\/sandzakpress.net\/arhiva\/wp-json\/wp\/v2\/tags?post=149967"}],"curies":[{"name":"wp","href":"https:\/\/api.w.org\/{rel}","templated":true}]}}