{"id":149833,"date":"2015-12-17T18:00:44","date_gmt":"2015-12-17T17:00:44","guid":{"rendered":"https:\/\/sandzakpress.net\/arhiva\/nastavlja-se-osipanje-df-a-ilhan-busatlic-zatrazio-brisanje-iz-clanstva-stranke"},"modified":"2015-12-17T18:00:44","modified_gmt":"2015-12-17T17:00:44","slug":"nastavlja-se-osipanje-df-a-ilhan-busatlic-zatrazio-brisanje-iz-clanstva-stranke","status":"publish","type":"post","link":"https:\/\/sandzakpress.net\/arhiva\/nastavlja-se-osipanje-df-a-ilhan-busatlic-zatrazio-brisanje-iz-clanstva-stranke\/","title":{"rendered":"Nastavlja se osipanje DF-a: Ilhan Bu\u0161atli\u0107 zatra\u017eio brisanje iz \u010dlanstva stranke"},"content":{"rendered":"<p style=\"text-align: justify\"><strong><a href=\"http:\/\/bosnapress.net\/wp-content\/uploads\/2015\/12\/Demokratska-fronta-Bugojno-6.jpg\"><img loading=\"lazy\" decoding=\"async\" class=\"alignnone size-large wp-image-164115\" src=\"http:\/\/bosnapress.net\/wp-content\/uploads\/2015\/12\/Demokratska-fronta-Bugojno-6-616x411.jpg\" alt=\"Demokratska-fronta-Bugojno-6\" width=\"600\" height=\"400\" \/><\/a>Sarajevo \u2013 Ilhan Bu\u0161atli\u0107, \u010dlan Glavnog odbora Demokratske fronte i zastupnik u Zastupni\u010dkom parlamentu FBiH, podnio je ostavku na sve funkcije u DF-u.<\/strong><\/p>\n<p style=\"text-align: justify\">Bu\u0161atli\u0107 je zatra\u017eio da bude brisan iz \u010dlanstva DF-a te je tako\u0111er informisao svoje strana\u010dke kolege da napu\u0161ta i Klub DF-a u ZD Parlamenta FBiH.<\/p>\n<p>Bu\u0161atli\u0107 kao prvi razlog za ostavku navodi suspenziju Statuta DF-a i procedura na kojima se temelji stranka i njen rad, te uvo\u0111enje samovla\u0161\u0107a.<\/p>\n<p>\u010cinjenicu da u stranci i u Domu naroda PS BiH ostaje Sifet Pod\u017ei\u0107 dok su iz stranke isklju\u010deni Emir Suljagi\u0107 i Reuf Bajrovi\u0107, Bu\u0161atli\u0107 naziva dezavuisanjem javnosti i farsom.<\/p>\n<p>\u201cU DF nisam u\u0161ao zbog \u017deljka Kom\u0161i\u0107a, nego zbog svojih uvjerenja i odbijam da mislim glavom \u017deljka Kom\u0161i\u0107a\u201d, navodi Bu\u0161atli\u0107 u svojoj ostavci.<\/p>\n<p>Bu\u0161atli\u0107 zamjeri rukovodstvu i \u0161to nikad nije podnijelo finansijski izvje\u0161taj o poslovanju stranke, izvje\u0161taj o tro\u0161kovima kampanje.<\/p>\n<p>\u201cU vrijeme dok stranka iz bud\u017eeta dobija izme\u0111u 600.000 i 800.000 KM na godi\u0161njem nivou, od \u010dlanstva se tra\u017ei da svojim parama finansira tro\u0161kove kancelarija, telefona\u2026\u201d, navodi Bu\u0161atli\u0107.<\/p>\n<p>Bu\u0161atli\u0107 se na kraju javno ogra\u0111uje od politike DF-a i samog rukovodstva stranke.<\/p>\n<p style=\"text-align: justify\">(Klix)<\/p>\n<p>Pogledajte vijest na izvornom sajtu:<\/p>\n<p><a href=\"http:\/\/bosnapress.net\/nastavlja-se-osipanje-df-a-ilhan-busatlic-zatrazio-brisanje-iz-clanstva-stranke\/\" target=\"_blank\">Nastavlja se osipanje DF-a: Ilhan Bu\u0161atli\u0107 zatra\u017eio brisanje iz \u010dlanstva stranke<\/a><\/p>\n","protected":false},"excerpt":{"rendered":"<p>Sarajevo \u2013 Ilhan Bu\u0161atli\u0107, \u010dlan Glavnog odbora Demokratske fronte i zastupnik u Zastupni\u010dkom parlamentu FBiH, podnio je ostavku na sve funkcije u DF-u. Bu\u0161atli\u0107 je zatra\u017eio da bude brisan iz \u010dlanstva DF-a te je tako\u0111er informisao svoje strana\u010dke kolege da napu\u0161ta i Klub DF-a u ZD Parlamenta FBiH. Bu\u0161atli\u0107 kao prvi razlog za ostavku navodi [&hellip;]<\/p>\n","protected":false},"author":83,"featured_media":149835,"comment_status":"open","ping_status":"open","sticky":false,"template":"","format":"standard","meta":{"footnotes":""},"categories":[10513],"tags":[10466],"class_list":{"0":"post-149833","1":"post","2":"type-post","3":"status-publish","4":"format-standard","5":"has-post-thumbnail","7":"category-bosna-press","8":"tag-bosna-i-hercegovina"},"yoast_head":"<!-- This site is optimized with the Yoast SEO Premium plugin v23.1 (Yoast SEO v24.9) - https:\/\/yoast.com\/wordpress\/plugins\/seo\/ -->\n<title>Nastavlja se osipanje DF-a: Ilhan Bu\u0161atli\u0107 zatra\u017eio brisanje iz \u010dlanstva stranke<\/title>\n<meta name=\"robots\" content=\"index, follow, max-snippet:-1, max-image-preview:large, max-video-preview:-1\" \/>\n<link rel=\"canonical\" href=\"https:\/\/sandzakpress.net\/arhiva\/nastavlja-se-osipanje-df-a-ilhan-busatlic-zatrazio-brisanje-iz-clanstva-stranke\/\" \/>\n<meta property=\"og:locale\" content=\"bs_BA\" \/>\n<meta property=\"og:type\" content=\"article\" \/>\n<meta property=\"og:title\" content=\"Nastavlja se osipanje DF-a: Ilhan Bu\u0161atli\u0107 zatra\u017eio brisanje iz \u010dlanstva stranke\" \/>\n<meta property=\"og:description\" content=\"Sarajevo \u2013 Ilhan Bu\u0161atli\u0107, \u010dlan Glavnog odbora Demokratske fronte i zastupnik u Zastupni\u010dkom parlamentu FBiH, podnio je ostavku na sve funkcije u DF-u. Bu\u0161atli\u0107 je zatra\u017eio da bude brisan iz \u010dlanstva DF-a te je tako\u0111er informisao svoje strana\u010dke kolege da napu\u0161ta i Klub DF-a u ZD Parlamenta FBiH. Bu\u0161atli\u0107 kao prvi razlog za ostavku navodi [&hellip;]\" \/>\n<meta property=\"og:url\" content=\"https:\/\/sandzakpress.net\/arhiva\/nastavlja-se-osipanje-df-a-ilhan-busatlic-zatrazio-brisanje-iz-clanstva-stranke\/\" \/>\n<meta property=\"og:site_name\" content=\"Sand\u017eak PRESS\" \/>\n<meta property=\"article:published_time\" content=\"2015-12-17T17:00:44+00:00\" \/>\n<meta property=\"og:image\" content=\"https:\/\/sandzakpress.net\/arhiva\/wp-content\/uploads\/2015\/12\/Demokratska-fronta-Bugojno-6-616x4111.jpg\" \/>\n\t<meta property=\"og:image:width\" content=\"616\" \/>\n\t<meta property=\"og:image:height\" content=\"411\" \/>\n\t<meta property=\"og:image:type\" content=\"image\/jpeg\" \/>\n<meta name=\"author\" content=\"bosniak\" \/>\n<meta name=\"twitter:card\" content=\"summary_large_image\" \/>\n<meta name=\"twitter:label1\" content=\"Written by\" \/>\n\t<meta name=\"twitter:data1\" content=\"bosniak\" \/>\n\t<meta name=\"twitter:label2\" content=\"Est. reading time\" \/>\n\t<meta name=\"twitter:data2\" content=\"1 minuta\" \/>\n<script type=\"application\/ld+json\" class=\"yoast-schema-graph\">{\"@context\":\"https:\/\/schema.org\",\"@graph\":[{\"@type\":\"Article\",\"@id\":\"https:\/\/sandzakpress.net\/arhiva\/nastavlja-se-osipanje-df-a-ilhan-busatlic-zatrazio-brisanje-iz-clanstva-stranke\/#article\",\"isPartOf\":{\"@id\":\"https:\/\/sandzakpress.net\/arhiva\/nastavlja-se-osipanje-df-a-ilhan-busatlic-zatrazio-brisanje-iz-clanstva-stranke\/\"},\"author\":{\"name\":\"bosniak\",\"@id\":\"https:\/\/sandzakpress.net\/arhiva\/#\/schema\/person\/c8baee722073534b583ea7bdb2e36c02\"},\"headline\":\"Nastavlja se osipanje DF-a: Ilhan Bu\u0161atli\u0107 zatra\u017eio brisanje iz \u010dlanstva stranke\",\"datePublished\":\"2015-12-17T17:00:44+00:00\",\"mainEntityOfPage\":{\"@id\":\"https:\/\/sandzakpress.net\/arhiva\/nastavlja-se-osipanje-df-a-ilhan-busatlic-zatrazio-brisanje-iz-clanstva-stranke\/\"},\"wordCount\":241,\"commentCount\":0,\"publisher\":{\"@id\":\"https:\/\/sandzakpress.net\/arhiva\/#\/schema\/person\/6e72b67d6e51910a1117b3b483ba20bd\"},\"image\":{\"@id\":\"https:\/\/sandzakpress.net\/arhiva\/nastavlja-se-osipanje-df-a-ilhan-busatlic-zatrazio-brisanje-iz-clanstva-stranke\/#primaryimage\"},\"thumbnailUrl\":\"https:\/\/sandzakpress.net\/arhiva\/wp-content\/uploads\/2015\/12\/Demokratska-fronta-Bugojno-6-616x4111.jpg\",\"keywords\":[\"Bosna i Hercegovina\"],\"articleSection\":[\"Bosna PRESS\"],\"inLanguage\":\"bs-BA\",\"potentialAction\":[{\"@type\":\"CommentAction\",\"name\":\"Comment\",\"target\":[\"https:\/\/sandzakpress.net\/arhiva\/nastavlja-se-osipanje-df-a-ilhan-busatlic-zatrazio-brisanje-iz-clanstva-stranke\/#respond\"]}]},{\"@type\":\"WebPage\",\"@id\":\"https:\/\/sandzakpress.net\/arhiva\/nastavlja-se-osipanje-df-a-ilhan-busatlic-zatrazio-brisanje-iz-clanstva-stranke\/\",\"url\":\"https:\/\/sandzakpress.net\/arhiva\/nastavlja-se-osipanje-df-a-ilhan-busatlic-zatrazio-brisanje-iz-clanstva-stranke\/\",\"name\":\"Nastavlja se osipanje DF-a: Ilhan Bu\u0161atli\u0107 zatra\u017eio brisanje iz \u010dlanstva stranke\",\"isPartOf\":{\"@id\":\"https:\/\/sandzakpress.net\/arhiva\/#website\"},\"primaryImageOfPage\":{\"@id\":\"https:\/\/sandzakpress.net\/arhiva\/nastavlja-se-osipanje-df-a-ilhan-busatlic-zatrazio-brisanje-iz-clanstva-stranke\/#primaryimage\"},\"image\":{\"@id\":\"https:\/\/sandzakpress.net\/arhiva\/nastavlja-se-osipanje-df-a-ilhan-busatlic-zatrazio-brisanje-iz-clanstva-stranke\/#primaryimage\"},\"thumbnailUrl\":\"https:\/\/sandzakpress.net\/arhiva\/wp-content\/uploads\/2015\/12\/Demokratska-fronta-Bugojno-6-616x4111.jpg\",\"datePublished\":\"2015-12-17T17:00:44+00:00\",\"breadcrumb\":{\"@id\":\"https:\/\/sandzakpress.net\/arhiva\/nastavlja-se-osipanje-df-a-ilhan-busatlic-zatrazio-brisanje-iz-clanstva-stranke\/#breadcrumb\"},\"inLanguage\":\"bs-BA\",\"potentialAction\":[{\"@type\":\"ReadAction\",\"target\":[\"https:\/\/sandzakpress.net\/arhiva\/nastavlja-se-osipanje-df-a-ilhan-busatlic-zatrazio-brisanje-iz-clanstva-stranke\/\"]}]},{\"@type\":\"ImageObject\",\"inLanguage\":\"bs-BA\",\"@id\":\"https:\/\/sandzakpress.net\/arhiva\/nastavlja-se-osipanje-df-a-ilhan-busatlic-zatrazio-brisanje-iz-clanstva-stranke\/#primaryimage\",\"url\":\"https:\/\/sandzakpress.net\/arhiva\/wp-content\/uploads\/2015\/12\/Demokratska-fronta-Bugojno-6-616x4111.jpg\",\"contentUrl\":\"https:\/\/sandzakpress.net\/arhiva\/wp-content\/uploads\/2015\/12\/Demokratska-fronta-Bugojno-6-616x4111.jpg\",\"width\":616,\"height\":411},{\"@type\":\"BreadcrumbList\",\"@id\":\"https:\/\/sandzakpress.net\/arhiva\/nastavlja-se-osipanje-df-a-ilhan-busatlic-zatrazio-brisanje-iz-clanstva-stranke\/#breadcrumb\",\"itemListElement\":[{\"@type\":\"ListItem\",\"position\":1,\"name\":\"Home\",\"item\":\"https:\/\/sandzakpress.net\/arhiva\/\"},{\"@type\":\"ListItem\",\"position\":2,\"name\":\"Nastavlja se osipanje DF-a: Ilhan Bu\u0161atli\u0107 zatra\u017eio brisanje iz \u010dlanstva stranke\"}]},{\"@type\":\"WebSite\",\"@id\":\"https:\/\/sandzakpress.net\/arhiva\/#website\",\"url\":\"https:\/\/sandzakpress.net\/arhiva\/\",\"name\":\"Sand\u017eak PRESS\",\"description\":\"Prve elektronske novine u Sand\u017eaku\",\"publisher\":{\"@id\":\"https:\/\/sandzakpress.net\/arhiva\/#\/schema\/person\/6e72b67d6e51910a1117b3b483ba20bd\"},\"potentialAction\":[{\"@type\":\"SearchAction\",\"target\":{\"@type\":\"EntryPoint\",\"urlTemplate\":\"https:\/\/sandzakpress.net\/arhiva\/?s={search_term_string}\"},\"query-input\":{\"@type\":\"PropertyValueSpecification\",\"valueRequired\":true,\"valueName\":\"search_term_string\"}}],\"inLanguage\":\"bs-BA\"},{\"@type\":[\"Person\",\"Organization\"],\"@id\":\"https:\/\/sandzakpress.net\/arhiva\/#\/schema\/person\/6e72b67d6e51910a1117b3b483ba20bd\",\"name\":\"Kul\",\"image\":{\"@type\":\"ImageObject\",\"inLanguage\":\"bs-BA\",\"@id\":\"https:\/\/sandzakpress.net\/arhiva\/#\/schema\/person\/image\/\",\"url\":\"https:\/\/secure.gravatar.com\/avatar\/42263f39aa27ac04c43cab85c280eb2e?s=96&d=mm&r=pg\",\"contentUrl\":\"https:\/\/secure.gravatar.com\/avatar\/42263f39aa27ac04c43cab85c280eb2e?s=96&d=mm&r=pg\",\"caption\":\"Kul\"},\"logo\":{\"@id\":\"https:\/\/sandzakpress.net\/arhiva\/#\/schema\/person\/image\/\"}},{\"@type\":\"Person\",\"@id\":\"https:\/\/sandzakpress.net\/arhiva\/#\/schema\/person\/c8baee722073534b583ea7bdb2e36c02\",\"name\":\"bosniak\",\"image\":{\"@type\":\"ImageObject\",\"inLanguage\":\"bs-BA\",\"@id\":\"https:\/\/sandzakpress.net\/arhiva\/#\/schema\/person\/image\/\",\"url\":\"https:\/\/secure.gravatar.com\/avatar\/a04fd330bfe3a36a72a0ad4a6d89fca7?s=96&d=mm&r=pg\",\"contentUrl\":\"https:\/\/secure.gravatar.com\/avatar\/a04fd330bfe3a36a72a0ad4a6d89fca7?s=96&d=mm&r=pg\",\"caption\":\"bosniak\"},\"url\":\"https:\/\/sandzakpress.net\/arhiva\/author\/bosniak\/\"}]}<\/script>\n<!-- \/ Yoast SEO Premium plugin. -->","yoast_head_json":{"title":"Nastavlja se osipanje DF-a: Ilhan Bu\u0161atli\u0107 zatra\u017eio brisanje iz \u010dlanstva stranke","robots":{"index":"index","follow":"follow","max-snippet":"max-snippet:-1","max-image-preview":"max-image-preview:large","max-video-preview":"max-video-preview:-1"},"canonical":"https:\/\/sandzakpress.net\/arhiva\/nastavlja-se-osipanje-df-a-ilhan-busatlic-zatrazio-brisanje-iz-clanstva-stranke\/","og_locale":"bs_BA","og_type":"article","og_title":"Nastavlja se osipanje DF-a: Ilhan Bu\u0161atli\u0107 zatra\u017eio brisanje iz \u010dlanstva stranke","og_description":"Sarajevo \u2013 Ilhan Bu\u0161atli\u0107, \u010dlan Glavnog odbora Demokratske fronte i zastupnik u Zastupni\u010dkom parlamentu FBiH, podnio je ostavku na sve funkcije u DF-u. Bu\u0161atli\u0107 je zatra\u017eio da bude brisan iz \u010dlanstva DF-a te je tako\u0111er informisao svoje strana\u010dke kolege da napu\u0161ta i Klub DF-a u ZD Parlamenta FBiH. Bu\u0161atli\u0107 kao prvi razlog za ostavku navodi [&hellip;]","og_url":"https:\/\/sandzakpress.net\/arhiva\/nastavlja-se-osipanje-df-a-ilhan-busatlic-zatrazio-brisanje-iz-clanstva-stranke\/","og_site_name":"Sand\u017eak PRESS","article_published_time":"2015-12-17T17:00:44+00:00","og_image":[{"width":616,"height":411,"url":"https:\/\/sandzakpress.net\/arhiva\/wp-content\/uploads\/2015\/12\/Demokratska-fronta-Bugojno-6-616x4111.jpg","type":"image\/jpeg"}],"author":"bosniak","twitter_card":"summary_large_image","twitter_misc":{"Written by":"bosniak","Est. reading time":"1 minuta"},"schema":{"@context":"https:\/\/schema.org","@graph":[{"@type":"Article","@id":"https:\/\/sandzakpress.net\/arhiva\/nastavlja-se-osipanje-df-a-ilhan-busatlic-zatrazio-brisanje-iz-clanstva-stranke\/#article","isPartOf":{"@id":"https:\/\/sandzakpress.net\/arhiva\/nastavlja-se-osipanje-df-a-ilhan-busatlic-zatrazio-brisanje-iz-clanstva-stranke\/"},"author":{"name":"bosniak","@id":"https:\/\/sandzakpress.net\/arhiva\/#\/schema\/person\/c8baee722073534b583ea7bdb2e36c02"},"headline":"Nastavlja se osipanje DF-a: Ilhan Bu\u0161atli\u0107 zatra\u017eio brisanje iz \u010dlanstva stranke","datePublished":"2015-12-17T17:00:44+00:00","mainEntityOfPage":{"@id":"https:\/\/sandzakpress.net\/arhiva\/nastavlja-se-osipanje-df-a-ilhan-busatlic-zatrazio-brisanje-iz-clanstva-stranke\/"},"wordCount":241,"commentCount":0,"publisher":{"@id":"https:\/\/sandzakpress.net\/arhiva\/#\/schema\/person\/6e72b67d6e51910a1117b3b483ba20bd"},"image":{"@id":"https:\/\/sandzakpress.net\/arhiva\/nastavlja-se-osipanje-df-a-ilhan-busatlic-zatrazio-brisanje-iz-clanstva-stranke\/#primaryimage"},"thumbnailUrl":"https:\/\/sandzakpress.net\/arhiva\/wp-content\/uploads\/2015\/12\/Demokratska-fronta-Bugojno-6-616x4111.jpg","keywords":["Bosna i Hercegovina"],"articleSection":["Bosna PRESS"],"inLanguage":"bs-BA","potentialAction":[{"@type":"CommentAction","name":"Comment","target":["https:\/\/sandzakpress.net\/arhiva\/nastavlja-se-osipanje-df-a-ilhan-busatlic-zatrazio-brisanje-iz-clanstva-stranke\/#respond"]}]},{"@type":"WebPage","@id":"https:\/\/sandzakpress.net\/arhiva\/nastavlja-se-osipanje-df-a-ilhan-busatlic-zatrazio-brisanje-iz-clanstva-stranke\/","url":"https:\/\/sandzakpress.net\/arhiva\/nastavlja-se-osipanje-df-a-ilhan-busatlic-zatrazio-brisanje-iz-clanstva-stranke\/","name":"Nastavlja se osipanje DF-a: Ilhan Bu\u0161atli\u0107 zatra\u017eio brisanje iz \u010dlanstva stranke","isPartOf":{"@id":"https:\/\/sandzakpress.net\/arhiva\/#website"},"primaryImageOfPage":{"@id":"https:\/\/sandzakpress.net\/arhiva\/nastavlja-se-osipanje-df-a-ilhan-busatlic-zatrazio-brisanje-iz-clanstva-stranke\/#primaryimage"},"image":{"@id":"https:\/\/sandzakpress.net\/arhiva\/nastavlja-se-osipanje-df-a-ilhan-busatlic-zatrazio-brisanje-iz-clanstva-stranke\/#primaryimage"},"thumbnailUrl":"https:\/\/sandzakpress.net\/arhiva\/wp-content\/uploads\/2015\/12\/Demokratska-fronta-Bugojno-6-616x4111.jpg","datePublished":"2015-12-17T17:00:44+00:00","breadcrumb":{"@id":"https:\/\/sandzakpress.net\/arhiva\/nastavlja-se-osipanje-df-a-ilhan-busatlic-zatrazio-brisanje-iz-clanstva-stranke\/#breadcrumb"},"inLanguage":"bs-BA","potentialAction":[{"@type":"ReadAction","target":["https:\/\/sandzakpress.net\/arhiva\/nastavlja-se-osipanje-df-a-ilhan-busatlic-zatrazio-brisanje-iz-clanstva-stranke\/"]}]},{"@type":"ImageObject","inLanguage":"bs-BA","@id":"https:\/\/sandzakpress.net\/arhiva\/nastavlja-se-osipanje-df-a-ilhan-busatlic-zatrazio-brisanje-iz-clanstva-stranke\/#primaryimage","url":"https:\/\/sandzakpress.net\/arhiva\/wp-content\/uploads\/2015\/12\/Demokratska-fronta-Bugojno-6-616x4111.jpg","contentUrl":"https:\/\/sandzakpress.net\/arhiva\/wp-content\/uploads\/2015\/12\/Demokratska-fronta-Bugojno-6-616x4111.jpg","width":616,"height":411},{"@type":"BreadcrumbList","@id":"https:\/\/sandzakpress.net\/arhiva\/nastavlja-se-osipanje-df-a-ilhan-busatlic-zatrazio-brisanje-iz-clanstva-stranke\/#breadcrumb","itemListElement":[{"@type":"ListItem","position":1,"name":"Home","item":"https:\/\/sandzakpress.net\/arhiva\/"},{"@type":"ListItem","position":2,"name":"Nastavlja se osipanje DF-a: Ilhan Bu\u0161atli\u0107 zatra\u017eio brisanje iz \u010dlanstva stranke"}]},{"@type":"WebSite","@id":"https:\/\/sandzakpress.net\/arhiva\/#website","url":"https:\/\/sandzakpress.net\/arhiva\/","name":"Sand\u017eak PRESS","description":"Prve elektronske novine u Sand\u017eaku","publisher":{"@id":"https:\/\/sandzakpress.net\/arhiva\/#\/schema\/person\/6e72b67d6e51910a1117b3b483ba20bd"},"potentialAction":[{"@type":"SearchAction","target":{"@type":"EntryPoint","urlTemplate":"https:\/\/sandzakpress.net\/arhiva\/?s={search_term_string}"},"query-input":{"@type":"PropertyValueSpecification","valueRequired":true,"valueName":"search_term_string"}}],"inLanguage":"bs-BA"},{"@type":["Person","Organization"],"@id":"https:\/\/sandzakpress.net\/arhiva\/#\/schema\/person\/6e72b67d6e51910a1117b3b483ba20bd","name":"Kul","image":{"@type":"ImageObject","inLanguage":"bs-BA","@id":"https:\/\/sandzakpress.net\/arhiva\/#\/schema\/person\/image\/","url":"https:\/\/secure.gravatar.com\/avatar\/42263f39aa27ac04c43cab85c280eb2e?s=96&d=mm&r=pg","contentUrl":"https:\/\/secure.gravatar.com\/avatar\/42263f39aa27ac04c43cab85c280eb2e?s=96&d=mm&r=pg","caption":"Kul"},"logo":{"@id":"https:\/\/sandzakpress.net\/arhiva\/#\/schema\/person\/image\/"}},{"@type":"Person","@id":"https:\/\/sandzakpress.net\/arhiva\/#\/schema\/person\/c8baee722073534b583ea7bdb2e36c02","name":"bosniak","image":{"@type":"ImageObject","inLanguage":"bs-BA","@id":"https:\/\/sandzakpress.net\/arhiva\/#\/schema\/person\/image\/","url":"https:\/\/secure.gravatar.com\/avatar\/a04fd330bfe3a36a72a0ad4a6d89fca7?s=96&d=mm&r=pg","contentUrl":"https:\/\/secure.gravatar.com\/avatar\/a04fd330bfe3a36a72a0ad4a6d89fca7?s=96&d=mm&r=pg","caption":"bosniak"},"url":"https:\/\/sandzakpress.net\/arhiva\/author\/bosniak\/"}]}},"_links":{"self":[{"href":"https:\/\/sandzakpress.net\/arhiva\/wp-json\/wp\/v2\/posts\/149833"}],"collection":[{"href":"https:\/\/sandzakpress.net\/arhiva\/wp-json\/wp\/v2\/posts"}],"about":[{"href":"https:\/\/sandzakpress.net\/arhiva\/wp-json\/wp\/v2\/types\/post"}],"author":[{"embeddable":true,"href":"https:\/\/sandzakpress.net\/arhiva\/wp-json\/wp\/v2\/users\/83"}],"replies":[{"embeddable":true,"href":"https:\/\/sandzakpress.net\/arhiva\/wp-json\/wp\/v2\/comments?post=149833"}],"version-history":[{"count":0,"href":"https:\/\/sandzakpress.net\/arhiva\/wp-json\/wp\/v2\/posts\/149833\/revisions"}],"wp:featuredmedia":[{"embeddable":true,"href":"https:\/\/sandzakpress.net\/arhiva\/wp-json\/wp\/v2\/media\/149835"}],"wp:attachment":[{"href":"https:\/\/sandzakpress.net\/arhiva\/wp-json\/wp\/v2\/media?parent=149833"}],"wp:term":[{"taxonomy":"category","embeddable":true,"href":"https:\/\/sandzakpress.net\/arhiva\/wp-json\/wp\/v2\/categories?post=149833"},{"taxonomy":"post_tag","embeddable":true,"href":"https:\/\/sandzakpress.net\/arhiva\/wp-json\/wp\/v2\/tags?post=149833"}],"curies":[{"name":"wp","href":"https:\/\/api.w.org\/{rel}","templated":true}]}}