{"id":149626,"date":"2015-12-15T19:49:21","date_gmt":"2015-12-15T18:49:21","guid":{"rendered":"https:\/\/sandzakpress.net\/arhiva\/suljagic-i-bajrovic-izbaceni-iz-df-a"},"modified":"2015-12-15T19:49:21","modified_gmt":"2015-12-15T18:49:21","slug":"suljagic-i-bajrovic-izbaceni-iz-df-a","status":"publish","type":"post","link":"https:\/\/sandzakpress.net\/arhiva\/suljagic-i-bajrovic-izbaceni-iz-df-a\/","title":{"rendered":"Suljagi\u0107 i Bajrovi\u0107 izba\u010deni iz DF-a"},"content":{"rendered":"<p style=\"text-align: justify\"><strong><a href=\"http:\/\/bosnapress.net\/wp-content\/uploads\/2015\/12\/duo_5.jpg\"><img loading=\"lazy\" decoding=\"async\" class=\"alignnone size-large wp-image-163740\" src=\"http:\/\/bosnapress.net\/wp-content\/uploads\/2015\/12\/duo_5-616x400.jpg\" alt=\"duo_5\" width=\"600\" height=\"390\" \/><\/a>Sarajevo\u00a0\u2013 Predsjedni\u0161tvo DF \u2013 a jednoglasno je odlu\u010dilo da Emir Suljagi\u0107 i Reuf Bajrovi\u0107 budu izba\u010deni iz ove politi\u010dke stranke, javlja TV1.<\/strong><\/p>\n<p>Sifet Pod\u017ei\u0107 podnio je ostavku na mjesto generalnog sekretara DF-a, koja je na ve\u010dera\u0161njoj sjednici tako\u0111e prihva\u0107ena.<\/p>\n<p style=\"text-align: justify\">Emir Suljagi\u0107 i Reuf Bajrovi\u0107, \u010dlanovi Predsjedni\u0161tva DF, prethodno su napustili sjednicu strana\u010dkog predsjedni\u0161tva nakon \u0161to je predsjednik ove stranke \u017deljko Kom\u0161i\u0107 zatra\u017eio njihovo brisanje iz \u010dlanstva.<\/p>\n<p style=\"text-align: justify\">Kom\u0161i\u0107 ih je u pismu \u010dlanovima i javnosti optu\u017eio da su montirali aferu i u javnost plasirali neta\u010dne informacije o sukobima u DF a povodom glasanja kadrova ove stranke u imenovanju Nikole Popla\u0161ena.<\/p>\n<p style=\"text-align: justify\">Kom\u0161i\u0107 u pismu tako\u0111er navodi da ni sam ne\u0107e prisustvovati sjednici kako bi \u010dlanovima Predsjedni\u0161tva omogu\u0107io da iz strana\u010dke evidencije izbri\u0161nu Bajrovi\u0107a i Suljagi\u0107a ili pak njega koji je i osniva\u010d DF.<\/p>\n<p style=\"text-align: justify\">(TV1)<\/p>\n<p>Pogledajte vijest na izvornom sajtu:<\/p>\n<p><a href=\"http:\/\/bosnapress.net\/suljagic-i-bajrovic-izbaceni-iz-df-a\/\" target=\"_blank\">Suljagi\u0107 i Bajrovi\u0107 izba\u010deni iz DF-a<\/a><\/p>\n","protected":false},"excerpt":{"rendered":"<p>Sarajevo\u00a0\u2013 Predsjedni\u0161tvo DF \u2013 a jednoglasno je odlu\u010dilo da Emir Suljagi\u0107 i Reuf Bajrovi\u0107 budu izba\u010deni iz ove politi\u010dke stranke, javlja TV1. Sifet Pod\u017ei\u0107 podnio je ostavku na mjesto generalnog sekretara DF-a, koja je na ve\u010dera\u0161njoj sjednici tako\u0111e prihva\u0107ena. Emir Suljagi\u0107 i Reuf Bajrovi\u0107, \u010dlanovi Predsjedni\u0161tva DF, prethodno su napustili sjednicu strana\u010dkog predsjedni\u0161tva nakon \u0161to [&hellip;]<\/p>\n","protected":false},"author":83,"featured_media":149628,"comment_status":"open","ping_status":"open","sticky":false,"template":"","format":"standard","meta":{"footnotes":""},"categories":[10513],"tags":[10466],"class_list":{"0":"post-149626","1":"post","2":"type-post","3":"status-publish","4":"format-standard","5":"has-post-thumbnail","7":"category-bosna-press","8":"tag-bosna-i-hercegovina"},"yoast_head":"<!-- This site is optimized with the Yoast SEO Premium plugin v23.1 (Yoast SEO v24.9) - https:\/\/yoast.com\/wordpress\/plugins\/seo\/ -->\n<title>Suljagi\u0107 i Bajrovi\u0107 izba\u010deni iz DF-a<\/title>\n<meta name=\"robots\" content=\"index, follow, max-snippet:-1, max-image-preview:large, max-video-preview:-1\" \/>\n<link rel=\"canonical\" href=\"https:\/\/sandzakpress.net\/arhiva\/suljagic-i-bajrovic-izbaceni-iz-df-a\/\" \/>\n<meta property=\"og:locale\" content=\"bs_BA\" \/>\n<meta property=\"og:type\" content=\"article\" \/>\n<meta property=\"og:title\" content=\"Suljagi\u0107 i Bajrovi\u0107 izba\u010deni iz DF-a\" \/>\n<meta property=\"og:description\" content=\"Sarajevo\u00a0\u2013 Predsjedni\u0161tvo DF \u2013 a jednoglasno je odlu\u010dilo da Emir Suljagi\u0107 i Reuf Bajrovi\u0107 budu izba\u010deni iz ove politi\u010dke stranke, javlja TV1. Sifet Pod\u017ei\u0107 podnio je ostavku na mjesto generalnog sekretara DF-a, koja je na ve\u010dera\u0161njoj sjednici tako\u0111e prihva\u0107ena. Emir Suljagi\u0107 i Reuf Bajrovi\u0107, \u010dlanovi Predsjedni\u0161tva DF, prethodno su napustili sjednicu strana\u010dkog predsjedni\u0161tva nakon \u0161to [&hellip;]\" \/>\n<meta property=\"og:url\" content=\"https:\/\/sandzakpress.net\/arhiva\/suljagic-i-bajrovic-izbaceni-iz-df-a\/\" \/>\n<meta property=\"og:site_name\" content=\"Sand\u017eak PRESS\" \/>\n<meta property=\"article:published_time\" content=\"2015-12-15T18:49:21+00:00\" \/>\n<meta property=\"og:image\" content=\"https:\/\/sandzakpress.net\/arhiva\/wp-content\/uploads\/2015\/12\/duo_5-616x4001.jpg\" \/>\n\t<meta property=\"og:image:width\" content=\"616\" \/>\n\t<meta property=\"og:image:height\" content=\"400\" \/>\n\t<meta property=\"og:image:type\" content=\"image\/jpeg\" \/>\n<meta name=\"author\" content=\"bosniak\" \/>\n<meta name=\"twitter:card\" content=\"summary_large_image\" \/>\n<meta name=\"twitter:label1\" content=\"Written by\" \/>\n\t<meta name=\"twitter:data1\" content=\"bosniak\" \/>\n\t<meta name=\"twitter:label2\" content=\"Est. reading time\" \/>\n\t<meta name=\"twitter:data2\" content=\"1 minuta\" \/>\n<script type=\"application\/ld+json\" class=\"yoast-schema-graph\">{\"@context\":\"https:\/\/schema.org\",\"@graph\":[{\"@type\":\"Article\",\"@id\":\"https:\/\/sandzakpress.net\/arhiva\/suljagic-i-bajrovic-izbaceni-iz-df-a\/#article\",\"isPartOf\":{\"@id\":\"https:\/\/sandzakpress.net\/arhiva\/suljagic-i-bajrovic-izbaceni-iz-df-a\/\"},\"author\":{\"name\":\"bosniak\",\"@id\":\"https:\/\/sandzakpress.net\/arhiva\/#\/schema\/person\/c8baee722073534b583ea7bdb2e36c02\"},\"headline\":\"Suljagi\u0107 i Bajrovi\u0107 izba\u010deni iz DF-a\",\"datePublished\":\"2015-12-15T18:49:21+00:00\",\"mainEntityOfPage\":{\"@id\":\"https:\/\/sandzakpress.net\/arhiva\/suljagic-i-bajrovic-izbaceni-iz-df-a\/\"},\"wordCount\":177,\"commentCount\":0,\"publisher\":{\"@id\":\"https:\/\/sandzakpress.net\/arhiva\/#\/schema\/person\/6e72b67d6e51910a1117b3b483ba20bd\"},\"image\":{\"@id\":\"https:\/\/sandzakpress.net\/arhiva\/suljagic-i-bajrovic-izbaceni-iz-df-a\/#primaryimage\"},\"thumbnailUrl\":\"https:\/\/sandzakpress.net\/arhiva\/wp-content\/uploads\/2015\/12\/duo_5-616x4001.jpg\",\"keywords\":[\"Bosna i Hercegovina\"],\"articleSection\":[\"Bosna PRESS\"],\"inLanguage\":\"bs-BA\",\"potentialAction\":[{\"@type\":\"CommentAction\",\"name\":\"Comment\",\"target\":[\"https:\/\/sandzakpress.net\/arhiva\/suljagic-i-bajrovic-izbaceni-iz-df-a\/#respond\"]}]},{\"@type\":\"WebPage\",\"@id\":\"https:\/\/sandzakpress.net\/arhiva\/suljagic-i-bajrovic-izbaceni-iz-df-a\/\",\"url\":\"https:\/\/sandzakpress.net\/arhiva\/suljagic-i-bajrovic-izbaceni-iz-df-a\/\",\"name\":\"Suljagi\u0107 i Bajrovi\u0107 izba\u010deni iz DF-a\",\"isPartOf\":{\"@id\":\"https:\/\/sandzakpress.net\/arhiva\/#website\"},\"primaryImageOfPage\":{\"@id\":\"https:\/\/sandzakpress.net\/arhiva\/suljagic-i-bajrovic-izbaceni-iz-df-a\/#primaryimage\"},\"image\":{\"@id\":\"https:\/\/sandzakpress.net\/arhiva\/suljagic-i-bajrovic-izbaceni-iz-df-a\/#primaryimage\"},\"thumbnailUrl\":\"https:\/\/sandzakpress.net\/arhiva\/wp-content\/uploads\/2015\/12\/duo_5-616x4001.jpg\",\"datePublished\":\"2015-12-15T18:49:21+00:00\",\"breadcrumb\":{\"@id\":\"https:\/\/sandzakpress.net\/arhiva\/suljagic-i-bajrovic-izbaceni-iz-df-a\/#breadcrumb\"},\"inLanguage\":\"bs-BA\",\"potentialAction\":[{\"@type\":\"ReadAction\",\"target\":[\"https:\/\/sandzakpress.net\/arhiva\/suljagic-i-bajrovic-izbaceni-iz-df-a\/\"]}]},{\"@type\":\"ImageObject\",\"inLanguage\":\"bs-BA\",\"@id\":\"https:\/\/sandzakpress.net\/arhiva\/suljagic-i-bajrovic-izbaceni-iz-df-a\/#primaryimage\",\"url\":\"https:\/\/sandzakpress.net\/arhiva\/wp-content\/uploads\/2015\/12\/duo_5-616x4001.jpg\",\"contentUrl\":\"https:\/\/sandzakpress.net\/arhiva\/wp-content\/uploads\/2015\/12\/duo_5-616x4001.jpg\",\"width\":616,\"height\":400},{\"@type\":\"BreadcrumbList\",\"@id\":\"https:\/\/sandzakpress.net\/arhiva\/suljagic-i-bajrovic-izbaceni-iz-df-a\/#breadcrumb\",\"itemListElement\":[{\"@type\":\"ListItem\",\"position\":1,\"name\":\"Home\",\"item\":\"https:\/\/sandzakpress.net\/arhiva\/\"},{\"@type\":\"ListItem\",\"position\":2,\"name\":\"Suljagi\u0107 i Bajrovi\u0107 izba\u010deni iz DF-a\"}]},{\"@type\":\"WebSite\",\"@id\":\"https:\/\/sandzakpress.net\/arhiva\/#website\",\"url\":\"https:\/\/sandzakpress.net\/arhiva\/\",\"name\":\"Sand\u017eak PRESS\",\"description\":\"Prve elektronske novine u Sand\u017eaku\",\"publisher\":{\"@id\":\"https:\/\/sandzakpress.net\/arhiva\/#\/schema\/person\/6e72b67d6e51910a1117b3b483ba20bd\"},\"potentialAction\":[{\"@type\":\"SearchAction\",\"target\":{\"@type\":\"EntryPoint\",\"urlTemplate\":\"https:\/\/sandzakpress.net\/arhiva\/?s={search_term_string}\"},\"query-input\":{\"@type\":\"PropertyValueSpecification\",\"valueRequired\":true,\"valueName\":\"search_term_string\"}}],\"inLanguage\":\"bs-BA\"},{\"@type\":[\"Person\",\"Organization\"],\"@id\":\"https:\/\/sandzakpress.net\/arhiva\/#\/schema\/person\/6e72b67d6e51910a1117b3b483ba20bd\",\"name\":\"Kul\",\"image\":{\"@type\":\"ImageObject\",\"inLanguage\":\"bs-BA\",\"@id\":\"https:\/\/sandzakpress.net\/arhiva\/#\/schema\/person\/image\/\",\"url\":\"https:\/\/secure.gravatar.com\/avatar\/42263f39aa27ac04c43cab85c280eb2e?s=96&d=mm&r=pg\",\"contentUrl\":\"https:\/\/secure.gravatar.com\/avatar\/42263f39aa27ac04c43cab85c280eb2e?s=96&d=mm&r=pg\",\"caption\":\"Kul\"},\"logo\":{\"@id\":\"https:\/\/sandzakpress.net\/arhiva\/#\/schema\/person\/image\/\"}},{\"@type\":\"Person\",\"@id\":\"https:\/\/sandzakpress.net\/arhiva\/#\/schema\/person\/c8baee722073534b583ea7bdb2e36c02\",\"name\":\"bosniak\",\"image\":{\"@type\":\"ImageObject\",\"inLanguage\":\"bs-BA\",\"@id\":\"https:\/\/sandzakpress.net\/arhiva\/#\/schema\/person\/image\/\",\"url\":\"https:\/\/secure.gravatar.com\/avatar\/a04fd330bfe3a36a72a0ad4a6d89fca7?s=96&d=mm&r=pg\",\"contentUrl\":\"https:\/\/secure.gravatar.com\/avatar\/a04fd330bfe3a36a72a0ad4a6d89fca7?s=96&d=mm&r=pg\",\"caption\":\"bosniak\"},\"url\":\"https:\/\/sandzakpress.net\/arhiva\/author\/bosniak\/\"}]}<\/script>\n<!-- \/ Yoast SEO Premium plugin. -->","yoast_head_json":{"title":"Suljagi\u0107 i Bajrovi\u0107 izba\u010deni iz DF-a","robots":{"index":"index","follow":"follow","max-snippet":"max-snippet:-1","max-image-preview":"max-image-preview:large","max-video-preview":"max-video-preview:-1"},"canonical":"https:\/\/sandzakpress.net\/arhiva\/suljagic-i-bajrovic-izbaceni-iz-df-a\/","og_locale":"bs_BA","og_type":"article","og_title":"Suljagi\u0107 i Bajrovi\u0107 izba\u010deni iz DF-a","og_description":"Sarajevo\u00a0\u2013 Predsjedni\u0161tvo DF \u2013 a jednoglasno je odlu\u010dilo da Emir Suljagi\u0107 i Reuf Bajrovi\u0107 budu izba\u010deni iz ove politi\u010dke stranke, javlja TV1. Sifet Pod\u017ei\u0107 podnio je ostavku na mjesto generalnog sekretara DF-a, koja je na ve\u010dera\u0161njoj sjednici tako\u0111e prihva\u0107ena. Emir Suljagi\u0107 i Reuf Bajrovi\u0107, \u010dlanovi Predsjedni\u0161tva DF, prethodno su napustili sjednicu strana\u010dkog predsjedni\u0161tva nakon \u0161to [&hellip;]","og_url":"https:\/\/sandzakpress.net\/arhiva\/suljagic-i-bajrovic-izbaceni-iz-df-a\/","og_site_name":"Sand\u017eak PRESS","article_published_time":"2015-12-15T18:49:21+00:00","og_image":[{"width":616,"height":400,"url":"https:\/\/sandzakpress.net\/arhiva\/wp-content\/uploads\/2015\/12\/duo_5-616x4001.jpg","type":"image\/jpeg"}],"author":"bosniak","twitter_card":"summary_large_image","twitter_misc":{"Written by":"bosniak","Est. reading time":"1 minuta"},"schema":{"@context":"https:\/\/schema.org","@graph":[{"@type":"Article","@id":"https:\/\/sandzakpress.net\/arhiva\/suljagic-i-bajrovic-izbaceni-iz-df-a\/#article","isPartOf":{"@id":"https:\/\/sandzakpress.net\/arhiva\/suljagic-i-bajrovic-izbaceni-iz-df-a\/"},"author":{"name":"bosniak","@id":"https:\/\/sandzakpress.net\/arhiva\/#\/schema\/person\/c8baee722073534b583ea7bdb2e36c02"},"headline":"Suljagi\u0107 i Bajrovi\u0107 izba\u010deni iz DF-a","datePublished":"2015-12-15T18:49:21+00:00","mainEntityOfPage":{"@id":"https:\/\/sandzakpress.net\/arhiva\/suljagic-i-bajrovic-izbaceni-iz-df-a\/"},"wordCount":177,"commentCount":0,"publisher":{"@id":"https:\/\/sandzakpress.net\/arhiva\/#\/schema\/person\/6e72b67d6e51910a1117b3b483ba20bd"},"image":{"@id":"https:\/\/sandzakpress.net\/arhiva\/suljagic-i-bajrovic-izbaceni-iz-df-a\/#primaryimage"},"thumbnailUrl":"https:\/\/sandzakpress.net\/arhiva\/wp-content\/uploads\/2015\/12\/duo_5-616x4001.jpg","keywords":["Bosna i Hercegovina"],"articleSection":["Bosna PRESS"],"inLanguage":"bs-BA","potentialAction":[{"@type":"CommentAction","name":"Comment","target":["https:\/\/sandzakpress.net\/arhiva\/suljagic-i-bajrovic-izbaceni-iz-df-a\/#respond"]}]},{"@type":"WebPage","@id":"https:\/\/sandzakpress.net\/arhiva\/suljagic-i-bajrovic-izbaceni-iz-df-a\/","url":"https:\/\/sandzakpress.net\/arhiva\/suljagic-i-bajrovic-izbaceni-iz-df-a\/","name":"Suljagi\u0107 i Bajrovi\u0107 izba\u010deni iz DF-a","isPartOf":{"@id":"https:\/\/sandzakpress.net\/arhiva\/#website"},"primaryImageOfPage":{"@id":"https:\/\/sandzakpress.net\/arhiva\/suljagic-i-bajrovic-izbaceni-iz-df-a\/#primaryimage"},"image":{"@id":"https:\/\/sandzakpress.net\/arhiva\/suljagic-i-bajrovic-izbaceni-iz-df-a\/#primaryimage"},"thumbnailUrl":"https:\/\/sandzakpress.net\/arhiva\/wp-content\/uploads\/2015\/12\/duo_5-616x4001.jpg","datePublished":"2015-12-15T18:49:21+00:00","breadcrumb":{"@id":"https:\/\/sandzakpress.net\/arhiva\/suljagic-i-bajrovic-izbaceni-iz-df-a\/#breadcrumb"},"inLanguage":"bs-BA","potentialAction":[{"@type":"ReadAction","target":["https:\/\/sandzakpress.net\/arhiva\/suljagic-i-bajrovic-izbaceni-iz-df-a\/"]}]},{"@type":"ImageObject","inLanguage":"bs-BA","@id":"https:\/\/sandzakpress.net\/arhiva\/suljagic-i-bajrovic-izbaceni-iz-df-a\/#primaryimage","url":"https:\/\/sandzakpress.net\/arhiva\/wp-content\/uploads\/2015\/12\/duo_5-616x4001.jpg","contentUrl":"https:\/\/sandzakpress.net\/arhiva\/wp-content\/uploads\/2015\/12\/duo_5-616x4001.jpg","width":616,"height":400},{"@type":"BreadcrumbList","@id":"https:\/\/sandzakpress.net\/arhiva\/suljagic-i-bajrovic-izbaceni-iz-df-a\/#breadcrumb","itemListElement":[{"@type":"ListItem","position":1,"name":"Home","item":"https:\/\/sandzakpress.net\/arhiva\/"},{"@type":"ListItem","position":2,"name":"Suljagi\u0107 i Bajrovi\u0107 izba\u010deni iz DF-a"}]},{"@type":"WebSite","@id":"https:\/\/sandzakpress.net\/arhiva\/#website","url":"https:\/\/sandzakpress.net\/arhiva\/","name":"Sand\u017eak PRESS","description":"Prve elektronske novine u Sand\u017eaku","publisher":{"@id":"https:\/\/sandzakpress.net\/arhiva\/#\/schema\/person\/6e72b67d6e51910a1117b3b483ba20bd"},"potentialAction":[{"@type":"SearchAction","target":{"@type":"EntryPoint","urlTemplate":"https:\/\/sandzakpress.net\/arhiva\/?s={search_term_string}"},"query-input":{"@type":"PropertyValueSpecification","valueRequired":true,"valueName":"search_term_string"}}],"inLanguage":"bs-BA"},{"@type":["Person","Organization"],"@id":"https:\/\/sandzakpress.net\/arhiva\/#\/schema\/person\/6e72b67d6e51910a1117b3b483ba20bd","name":"Kul","image":{"@type":"ImageObject","inLanguage":"bs-BA","@id":"https:\/\/sandzakpress.net\/arhiva\/#\/schema\/person\/image\/","url":"https:\/\/secure.gravatar.com\/avatar\/42263f39aa27ac04c43cab85c280eb2e?s=96&d=mm&r=pg","contentUrl":"https:\/\/secure.gravatar.com\/avatar\/42263f39aa27ac04c43cab85c280eb2e?s=96&d=mm&r=pg","caption":"Kul"},"logo":{"@id":"https:\/\/sandzakpress.net\/arhiva\/#\/schema\/person\/image\/"}},{"@type":"Person","@id":"https:\/\/sandzakpress.net\/arhiva\/#\/schema\/person\/c8baee722073534b583ea7bdb2e36c02","name":"bosniak","image":{"@type":"ImageObject","inLanguage":"bs-BA","@id":"https:\/\/sandzakpress.net\/arhiva\/#\/schema\/person\/image\/","url":"https:\/\/secure.gravatar.com\/avatar\/a04fd330bfe3a36a72a0ad4a6d89fca7?s=96&d=mm&r=pg","contentUrl":"https:\/\/secure.gravatar.com\/avatar\/a04fd330bfe3a36a72a0ad4a6d89fca7?s=96&d=mm&r=pg","caption":"bosniak"},"url":"https:\/\/sandzakpress.net\/arhiva\/author\/bosniak\/"}]}},"_links":{"self":[{"href":"https:\/\/sandzakpress.net\/arhiva\/wp-json\/wp\/v2\/posts\/149626"}],"collection":[{"href":"https:\/\/sandzakpress.net\/arhiva\/wp-json\/wp\/v2\/posts"}],"about":[{"href":"https:\/\/sandzakpress.net\/arhiva\/wp-json\/wp\/v2\/types\/post"}],"author":[{"embeddable":true,"href":"https:\/\/sandzakpress.net\/arhiva\/wp-json\/wp\/v2\/users\/83"}],"replies":[{"embeddable":true,"href":"https:\/\/sandzakpress.net\/arhiva\/wp-json\/wp\/v2\/comments?post=149626"}],"version-history":[{"count":0,"href":"https:\/\/sandzakpress.net\/arhiva\/wp-json\/wp\/v2\/posts\/149626\/revisions"}],"wp:featuredmedia":[{"embeddable":true,"href":"https:\/\/sandzakpress.net\/arhiva\/wp-json\/wp\/v2\/media\/149628"}],"wp:attachment":[{"href":"https:\/\/sandzakpress.net\/arhiva\/wp-json\/wp\/v2\/media?parent=149626"}],"wp:term":[{"taxonomy":"category","embeddable":true,"href":"https:\/\/sandzakpress.net\/arhiva\/wp-json\/wp\/v2\/categories?post=149626"},{"taxonomy":"post_tag","embeddable":true,"href":"https:\/\/sandzakpress.net\/arhiva\/wp-json\/wp\/v2\/tags?post=149626"}],"curies":[{"name":"wp","href":"https:\/\/api.w.org\/{rel}","templated":true}]}}