{"id":149377,"date":"2015-12-14T16:19:56","date_gmt":"2015-12-14T15:19:56","guid":{"rendered":"https:\/\/sandzakpress.net\/arhiva\/?p=149377"},"modified":"2015-12-14T16:39:13","modified_gmt":"2015-12-14T15:39:13","slug":"reforma-za-podizanje-svijesti","status":"publish","type":"post","link":"https:\/\/sandzakpress.net\/arhiva\/reforma-za-podizanje-svijesti\/","title":{"rendered":"Reforma za podizanje svijesti"},"content":{"rendered":"<p><img loading=\"lazy\" decoding=\"async\" class=\"aligncenter size-large wp-image-149378\" src=\"https:\/\/sandzakpress.net\/arhiva\/wp-content\/uploads\/2015\/12\/12342539_438741586334621_8082742774278597380_n-616x616.jpg\" alt=\"12342539_438741586334621_8082742774278597380_n\" width=\"600\" height=\"600\" srcset=\"https:\/\/sandzakpress.net\/arhiva\/wp-content\/uploads\/2015\/12\/12342539_438741586334621_8082742774278597380_n-616x616.jpg 616w, https:\/\/sandzakpress.net\/arhiva\/wp-content\/uploads\/2015\/12\/12342539_438741586334621_8082742774278597380_n-150x150.jpg 150w, https:\/\/sandzakpress.net\/arhiva\/wp-content\/uploads\/2015\/12\/12342539_438741586334621_8082742774278597380_n-90x90.jpg 90w, https:\/\/sandzakpress.net\/arhiva\/wp-content\/uploads\/2015\/12\/12342539_438741586334621_8082742774278597380_n-380x380.jpg 380w, https:\/\/sandzakpress.net\/arhiva\/wp-content\/uploads\/2015\/12\/12342539_438741586334621_8082742774278597380_n-125x125.jpg 125w, https:\/\/sandzakpress.net\/arhiva\/wp-content\/uploads\/2015\/12\/12342539_438741586334621_8082742774278597380_n.jpg 960w\" sizes=\"(max-width: 600px) 100vw, 600px\" \/><\/p>\n<p>\u00a0 \u00a0Na samom po\u010detku \u017eelim da vas podsjetim na\u00a0 jednu lijepu i va\u017enu stvar, a to je da je Muslimanski omladinski klub zvani\u010dno bio, i uz Allahovu pomo\u0107 ostat \u0107e, zvani\u010dni predstavnik muslimanske omladine u Srbiji. MOK ima za cilj da okupi omladinu Sand\u017eaka i \u0161ire i da im predstavi Islam u najboljem i najljep\u0161em svjetlu. Kao i to da svi \u010dlanovi MOK-a i omladina \u017eive u skladu sa Islamskim normama. A taj cilj mo\u017eemo ostvariti na sljedeci na\u010din:<\/p>\n<ul>\n<li>Osnivanjem i odr\u017eavanjem omladinskih d\u017eematskih odbora,<\/li>\n<li>Odr\u017eavanjem edukativnih programa<\/li>\n<li>Izu\u010davanjem Islama<\/li>\n<li>Odr\u017eavanjem predavanja, kurseva, promocija knjiga, seminara, ljetnjih \u0161kola i sli\u010dno.<\/li>\n<li>Osnivanjem Islamskih omladinskih centara<\/li>\n<li>Reklamiranjem aktivnosti na medijima<\/li>\n<li>Organizovanjem humanitarnih i ekolo\u0161kih aktivnosti.<\/li>\n<\/ul>\n<p>\u00a0\u00a0 Poznata nam je stvar i svjedoci smo da je Muslimanski omladinski klub kroz svoju historiju, nailazio na uspone, kao i na padove, koji su bili rezultat napada i stanja IZ-e proteklih godina. To je bio rezultat, da je MOK jedan period bio u jednom te\u0161kom stanju. Me\u0111utim, danas je takvo stanje da i cjelokupan ummet prolazi kroz fazu jednog sanjarenja, gdje se neprijatelji organizuju sa svih strana protiv nevine djece i svih koji \u010dvrsto dr\u017ee \u017eeravicu imana. Za to je bilo kranje vrijeme da MOK kona\u010dno stane na noge, \u010dvrsto naoru\u017ean sa Kur\u2019anom i Sunnetom Allahova Poslanika. Da na ovim prostorima radi na podizanju svijesti o vjeri kod ljudi.<\/p>\n<p>\u00a0\u00a0 Op\u0161te poznata stvar je da je omladina uvijek bila tu kroz historiju kao pokreta\u010d mnogih revolucija, smjenjivali su vlast i odigrali bi zna\u010danje bitke u Islamu. Omladina MOK-a, \u010diste savjesti i uzdignute glave staje ponosno, jer imaju se \u010dime ponositi, a to je \u010distom vjerom i moralom sa jasnim ciljevima, a prije svega podr\u0161kom Islamske Zajednice u Srbiji. Muslimanski omladinski klub je osnovan sa ciljem da radi i da edukuje omladinu kako bi svoj \u017eivot usmjerili i posvetili Islamu. Nije osnovan da bude nekome konkurencija, ve\u0107 \u017eelimo da zajedni\u010dki u\u010destvujemo u \u010dinjenu dobra. Sje\u0107am se savjeta profesora dok sam bio u\u010denik Medrese koji bi nam govorili: &#8220;Vi treba da \u017eivite za Islam, a ne od Islama.&#8221;<\/p>\n<p>\u00a0\u00a0 Mi imamo ambicije imamo i snage da ih ostvarimo uz Allahovu pomo\u0107 i iskren nijet, a to je da, ne\u0107emo stati dok svaka ku\u0107a u Sand\u017eaku i \u0161ire ne bude upoznata sa pravom i ispravnom verziom Islama, i na\u010dinom implementiranja u svom \u017eivotu.\u00a0 Zato planiramo da uz Allahovu pomo\u0107, obi\u0111emo sve Sand\u017ea\u010dke gradove i \u0161ire, da uspostavimo svoje odbore na mjestima gdje nisu uspostavljeni, a na mjestima gdje postoje da se upoznamo bolje i uve\u017eemo sa svim tim odborima kako bi lak\u0161e djelovali na popravljanju stanja. A svaki taj odbor \u0107e imati svoje zadatke i ciljeve u okviru kojih \u0107e djelovati u tim gradovima. Vrijeme je da se ummet po\u010dne buditi, vrijeme je za podizanje svijesti kod ljudi, vrijeme je da svaki od nas krene prvo od samog sebe, a zatim na ostale. Tako \u0107emo postupiti u skladu sa Kur\u2019anskim ajetom, koji glasi:<\/p>\n<p>\u0644\u0627\u064e \u064a\u064f\u063a\u064e\u064a\u0651\u0650\u0631\u064f \u0645\u064e\u0627 \u0628\u0650\u0642\u064e\u0648\u0652\u0645\u064d \u062d\u064e\u062a\u0651\u064e\u0649 \u064a\u064f\u063a\u064e\u064a\u0651\u0650\u0631\u064f\u0648\u0627\u0652 \u0645\u064e\u0627 \u0628\u0650\u0623\u064e\u0646\u0641\u064f\u0633\u0650\u0647\u0650\u0645\u0652<\/p>\n<p>\u00a0\u00a0 <strong><em>\u201cAllah ne\u0107e promijeniti stanje jednog naroda sve dok taj narod ne promijeni samoga sebe!\u201d<\/em><\/strong>\u00a0(Er-Ra\u2019d, 11.)<\/p>\n<p>\u00a0\u00a0 Nase prvo polje djelovanja smo mi sami. Ako u tome uspijemo onda \u0107e nam na drugim poljima biti lak\u0161e. Ako budemo slabi sa samim sobom, onda \u0107emo prema drugima biti nemo\u0107ni. Zato nam je obaveza da eksperiment prvo primjenimo na samom sebi, a zatim na ostale. I moramo imati na umu da cjelokupan dunjaluk o\u010dekuje generaciju posebne omladine, sa potpunom \u010disto\u0107om te vrijednim i sna\u017enim moralom. A Muslimanski omladinski klub je u mogu\u0107nosti da posjeduje takvu omladinu. Zavr\u0161i\u0107u sa rije\u010dima imama Ahmeda, a vama preostaje zadatak da izvu\u010dete pouku i poruku koja se krije u tim rije\u010dima.<\/p>\n<p>\u201eVrijeme mladosti je kao ne\u0161to \u0161to je bilo u mome rukavu pa je iskliznulo.\u201c<\/p>\n<p>Autor: <strong>Samir Mavri\u0107 &#8211; MOK<\/strong><\/p>\n","protected":false},"excerpt":{"rendered":"<p>Samir Mavri\u0107<\/p>\n","protected":false},"author":83,"featured_media":149379,"comment_status":"open","ping_status":"open","sticky":false,"template":"","format":"standard","meta":{"footnotes":""},"categories":[72,10196],"tags":[],"class_list":{"0":"post-149377","1":"post","2":"type-post","3":"status-publish","4":"format-standard","5":"has-post-thumbnail","7":"category-novi-pazar","8":"category-iz-pera-nasih-autora"},"yoast_head":"<!-- This site is optimized with the Yoast SEO Premium plugin v23.1 (Yoast SEO v24.9) - https:\/\/yoast.com\/wordpress\/plugins\/seo\/ -->\n<title>Reforma za podizanje svijesti<\/title>\n<meta name=\"robots\" content=\"index, follow, max-snippet:-1, max-image-preview:large, max-video-preview:-1\" \/>\n<link rel=\"canonical\" href=\"https:\/\/sandzakpress.net\/arhiva\/reforma-za-podizanje-svijesti\/\" \/>\n<meta property=\"og:locale\" content=\"bs_BA\" \/>\n<meta property=\"og:type\" content=\"article\" \/>\n<meta property=\"og:title\" content=\"Reforma za podizanje svijesti\" \/>\n<meta property=\"og:description\" content=\"Samir Mavri\u0107\" \/>\n<meta property=\"og:url\" content=\"https:\/\/sandzakpress.net\/arhiva\/reforma-za-podizanje-svijesti\/\" \/>\n<meta property=\"og:site_name\" content=\"Sand\u017eak PRESS\" \/>\n<meta property=\"article:published_time\" content=\"2015-12-14T15:19:56+00:00\" \/>\n<meta property=\"article:modified_time\" content=\"2015-12-14T15:39:13+00:00\" \/>\n<meta property=\"og:image\" content=\"https:\/\/sandzakpress.net\/arhiva\/wp-content\/uploads\/2015\/12\/12342539_438741586334621_8082742774278597380_n-616x6161.jpg\" \/>\n\t<meta property=\"og:image:width\" content=\"616\" \/>\n\t<meta property=\"og:image:height\" content=\"616\" \/>\n\t<meta property=\"og:image:type\" content=\"image\/jpeg\" \/>\n<meta name=\"author\" content=\"bosniak\" \/>\n<meta name=\"twitter:card\" content=\"summary_large_image\" \/>\n<meta name=\"twitter:label1\" content=\"Written by\" \/>\n\t<meta name=\"twitter:data1\" content=\"bosniak\" \/>\n\t<meta name=\"twitter:label2\" content=\"Est. reading time\" \/>\n\t<meta name=\"twitter:data2\" content=\"3 minute\" \/>\n<script type=\"application\/ld+json\" class=\"yoast-schema-graph\">{\"@context\":\"https:\/\/schema.org\",\"@graph\":[{\"@type\":\"Article\",\"@id\":\"https:\/\/sandzakpress.net\/arhiva\/reforma-za-podizanje-svijesti\/#article\",\"isPartOf\":{\"@id\":\"https:\/\/sandzakpress.net\/arhiva\/reforma-za-podizanje-svijesti\/\"},\"author\":{\"name\":\"bosniak\",\"@id\":\"https:\/\/sandzakpress.net\/arhiva\/#\/schema\/person\/c8baee722073534b583ea7bdb2e36c02\"},\"headline\":\"Reforma za podizanje svijesti\",\"datePublished\":\"2015-12-14T15:19:56+00:00\",\"dateModified\":\"2015-12-14T15:39:13+00:00\",\"mainEntityOfPage\":{\"@id\":\"https:\/\/sandzakpress.net\/arhiva\/reforma-za-podizanje-svijesti\/\"},\"wordCount\":668,\"commentCount\":1,\"publisher\":{\"@id\":\"https:\/\/sandzakpress.net\/arhiva\/#\/schema\/person\/6e72b67d6e51910a1117b3b483ba20bd\"},\"image\":{\"@id\":\"https:\/\/sandzakpress.net\/arhiva\/reforma-za-podizanje-svijesti\/#primaryimage\"},\"thumbnailUrl\":\"https:\/\/sandzakpress.net\/arhiva\/wp-content\/uploads\/2015\/12\/12342539_438741586334621_8082742774278597380_n-616x6161.jpg\",\"articleSection\":[\"Novi Pazar\",\"Iz pera na\u0161ih autora\"],\"inLanguage\":\"bs-BA\",\"potentialAction\":[{\"@type\":\"CommentAction\",\"name\":\"Comment\",\"target\":[\"https:\/\/sandzakpress.net\/arhiva\/reforma-za-podizanje-svijesti\/#respond\"]}]},{\"@type\":\"WebPage\",\"@id\":\"https:\/\/sandzakpress.net\/arhiva\/reforma-za-podizanje-svijesti\/\",\"url\":\"https:\/\/sandzakpress.net\/arhiva\/reforma-za-podizanje-svijesti\/\",\"name\":\"Reforma za podizanje svijesti\",\"isPartOf\":{\"@id\":\"https:\/\/sandzakpress.net\/arhiva\/#website\"},\"primaryImageOfPage\":{\"@id\":\"https:\/\/sandzakpress.net\/arhiva\/reforma-za-podizanje-svijesti\/#primaryimage\"},\"image\":{\"@id\":\"https:\/\/sandzakpress.net\/arhiva\/reforma-za-podizanje-svijesti\/#primaryimage\"},\"thumbnailUrl\":\"https:\/\/sandzakpress.net\/arhiva\/wp-content\/uploads\/2015\/12\/12342539_438741586334621_8082742774278597380_n-616x6161.jpg\",\"datePublished\":\"2015-12-14T15:19:56+00:00\",\"dateModified\":\"2015-12-14T15:39:13+00:00\",\"breadcrumb\":{\"@id\":\"https:\/\/sandzakpress.net\/arhiva\/reforma-za-podizanje-svijesti\/#breadcrumb\"},\"inLanguage\":\"bs-BA\",\"potentialAction\":[{\"@type\":\"ReadAction\",\"target\":[\"https:\/\/sandzakpress.net\/arhiva\/reforma-za-podizanje-svijesti\/\"]}]},{\"@type\":\"ImageObject\",\"inLanguage\":\"bs-BA\",\"@id\":\"https:\/\/sandzakpress.net\/arhiva\/reforma-za-podizanje-svijesti\/#primaryimage\",\"url\":\"https:\/\/sandzakpress.net\/arhiva\/wp-content\/uploads\/2015\/12\/12342539_438741586334621_8082742774278597380_n-616x6161.jpg\",\"contentUrl\":\"https:\/\/sandzakpress.net\/arhiva\/wp-content\/uploads\/2015\/12\/12342539_438741586334621_8082742774278597380_n-616x6161.jpg\",\"width\":616,\"height\":616},{\"@type\":\"BreadcrumbList\",\"@id\":\"https:\/\/sandzakpress.net\/arhiva\/reforma-za-podizanje-svijesti\/#breadcrumb\",\"itemListElement\":[{\"@type\":\"ListItem\",\"position\":1,\"name\":\"Home\",\"item\":\"https:\/\/sandzakpress.net\/arhiva\/\"},{\"@type\":\"ListItem\",\"position\":2,\"name\":\"Reforma za podizanje svijesti\"}]},{\"@type\":\"WebSite\",\"@id\":\"https:\/\/sandzakpress.net\/arhiva\/#website\",\"url\":\"https:\/\/sandzakpress.net\/arhiva\/\",\"name\":\"Sand\u017eak PRESS\",\"description\":\"Prve elektronske novine u Sand\u017eaku\",\"publisher\":{\"@id\":\"https:\/\/sandzakpress.net\/arhiva\/#\/schema\/person\/6e72b67d6e51910a1117b3b483ba20bd\"},\"potentialAction\":[{\"@type\":\"SearchAction\",\"target\":{\"@type\":\"EntryPoint\",\"urlTemplate\":\"https:\/\/sandzakpress.net\/arhiva\/?s={search_term_string}\"},\"query-input\":{\"@type\":\"PropertyValueSpecification\",\"valueRequired\":true,\"valueName\":\"search_term_string\"}}],\"inLanguage\":\"bs-BA\"},{\"@type\":[\"Person\",\"Organization\"],\"@id\":\"https:\/\/sandzakpress.net\/arhiva\/#\/schema\/person\/6e72b67d6e51910a1117b3b483ba20bd\",\"name\":\"Kul\",\"image\":{\"@type\":\"ImageObject\",\"inLanguage\":\"bs-BA\",\"@id\":\"https:\/\/sandzakpress.net\/arhiva\/#\/schema\/person\/image\/\",\"url\":\"https:\/\/secure.gravatar.com\/avatar\/42263f39aa27ac04c43cab85c280eb2e?s=96&d=mm&r=pg\",\"contentUrl\":\"https:\/\/secure.gravatar.com\/avatar\/42263f39aa27ac04c43cab85c280eb2e?s=96&d=mm&r=pg\",\"caption\":\"Kul\"},\"logo\":{\"@id\":\"https:\/\/sandzakpress.net\/arhiva\/#\/schema\/person\/image\/\"}},{\"@type\":\"Person\",\"@id\":\"https:\/\/sandzakpress.net\/arhiva\/#\/schema\/person\/c8baee722073534b583ea7bdb2e36c02\",\"name\":\"bosniak\",\"image\":{\"@type\":\"ImageObject\",\"inLanguage\":\"bs-BA\",\"@id\":\"https:\/\/sandzakpress.net\/arhiva\/#\/schema\/person\/image\/\",\"url\":\"https:\/\/secure.gravatar.com\/avatar\/a04fd330bfe3a36a72a0ad4a6d89fca7?s=96&d=mm&r=pg\",\"contentUrl\":\"https:\/\/secure.gravatar.com\/avatar\/a04fd330bfe3a36a72a0ad4a6d89fca7?s=96&d=mm&r=pg\",\"caption\":\"bosniak\"},\"url\":\"https:\/\/sandzakpress.net\/arhiva\/author\/bosniak\/\"}]}<\/script>\n<!-- \/ Yoast SEO Premium plugin. -->","yoast_head_json":{"title":"Reforma za podizanje svijesti","robots":{"index":"index","follow":"follow","max-snippet":"max-snippet:-1","max-image-preview":"max-image-preview:large","max-video-preview":"max-video-preview:-1"},"canonical":"https:\/\/sandzakpress.net\/arhiva\/reforma-za-podizanje-svijesti\/","og_locale":"bs_BA","og_type":"article","og_title":"Reforma za podizanje svijesti","og_description":"Samir Mavri\u0107","og_url":"https:\/\/sandzakpress.net\/arhiva\/reforma-za-podizanje-svijesti\/","og_site_name":"Sand\u017eak PRESS","article_published_time":"2015-12-14T15:19:56+00:00","article_modified_time":"2015-12-14T15:39:13+00:00","og_image":[{"width":616,"height":616,"url":"https:\/\/sandzakpress.net\/arhiva\/wp-content\/uploads\/2015\/12\/12342539_438741586334621_8082742774278597380_n-616x6161.jpg","type":"image\/jpeg"}],"author":"bosniak","twitter_card":"summary_large_image","twitter_misc":{"Written by":"bosniak","Est. reading time":"3 minute"},"schema":{"@context":"https:\/\/schema.org","@graph":[{"@type":"Article","@id":"https:\/\/sandzakpress.net\/arhiva\/reforma-za-podizanje-svijesti\/#article","isPartOf":{"@id":"https:\/\/sandzakpress.net\/arhiva\/reforma-za-podizanje-svijesti\/"},"author":{"name":"bosniak","@id":"https:\/\/sandzakpress.net\/arhiva\/#\/schema\/person\/c8baee722073534b583ea7bdb2e36c02"},"headline":"Reforma za podizanje svijesti","datePublished":"2015-12-14T15:19:56+00:00","dateModified":"2015-12-14T15:39:13+00:00","mainEntityOfPage":{"@id":"https:\/\/sandzakpress.net\/arhiva\/reforma-za-podizanje-svijesti\/"},"wordCount":668,"commentCount":1,"publisher":{"@id":"https:\/\/sandzakpress.net\/arhiva\/#\/schema\/person\/6e72b67d6e51910a1117b3b483ba20bd"},"image":{"@id":"https:\/\/sandzakpress.net\/arhiva\/reforma-za-podizanje-svijesti\/#primaryimage"},"thumbnailUrl":"https:\/\/sandzakpress.net\/arhiva\/wp-content\/uploads\/2015\/12\/12342539_438741586334621_8082742774278597380_n-616x6161.jpg","articleSection":["Novi Pazar","Iz pera na\u0161ih autora"],"inLanguage":"bs-BA","potentialAction":[{"@type":"CommentAction","name":"Comment","target":["https:\/\/sandzakpress.net\/arhiva\/reforma-za-podizanje-svijesti\/#respond"]}]},{"@type":"WebPage","@id":"https:\/\/sandzakpress.net\/arhiva\/reforma-za-podizanje-svijesti\/","url":"https:\/\/sandzakpress.net\/arhiva\/reforma-za-podizanje-svijesti\/","name":"Reforma za podizanje svijesti","isPartOf":{"@id":"https:\/\/sandzakpress.net\/arhiva\/#website"},"primaryImageOfPage":{"@id":"https:\/\/sandzakpress.net\/arhiva\/reforma-za-podizanje-svijesti\/#primaryimage"},"image":{"@id":"https:\/\/sandzakpress.net\/arhiva\/reforma-za-podizanje-svijesti\/#primaryimage"},"thumbnailUrl":"https:\/\/sandzakpress.net\/arhiva\/wp-content\/uploads\/2015\/12\/12342539_438741586334621_8082742774278597380_n-616x6161.jpg","datePublished":"2015-12-14T15:19:56+00:00","dateModified":"2015-12-14T15:39:13+00:00","breadcrumb":{"@id":"https:\/\/sandzakpress.net\/arhiva\/reforma-za-podizanje-svijesti\/#breadcrumb"},"inLanguage":"bs-BA","potentialAction":[{"@type":"ReadAction","target":["https:\/\/sandzakpress.net\/arhiva\/reforma-za-podizanje-svijesti\/"]}]},{"@type":"ImageObject","inLanguage":"bs-BA","@id":"https:\/\/sandzakpress.net\/arhiva\/reforma-za-podizanje-svijesti\/#primaryimage","url":"https:\/\/sandzakpress.net\/arhiva\/wp-content\/uploads\/2015\/12\/12342539_438741586334621_8082742774278597380_n-616x6161.jpg","contentUrl":"https:\/\/sandzakpress.net\/arhiva\/wp-content\/uploads\/2015\/12\/12342539_438741586334621_8082742774278597380_n-616x6161.jpg","width":616,"height":616},{"@type":"BreadcrumbList","@id":"https:\/\/sandzakpress.net\/arhiva\/reforma-za-podizanje-svijesti\/#breadcrumb","itemListElement":[{"@type":"ListItem","position":1,"name":"Home","item":"https:\/\/sandzakpress.net\/arhiva\/"},{"@type":"ListItem","position":2,"name":"Reforma za podizanje svijesti"}]},{"@type":"WebSite","@id":"https:\/\/sandzakpress.net\/arhiva\/#website","url":"https:\/\/sandzakpress.net\/arhiva\/","name":"Sand\u017eak PRESS","description":"Prve elektronske novine u Sand\u017eaku","publisher":{"@id":"https:\/\/sandzakpress.net\/arhiva\/#\/schema\/person\/6e72b67d6e51910a1117b3b483ba20bd"},"potentialAction":[{"@type":"SearchAction","target":{"@type":"EntryPoint","urlTemplate":"https:\/\/sandzakpress.net\/arhiva\/?s={search_term_string}"},"query-input":{"@type":"PropertyValueSpecification","valueRequired":true,"valueName":"search_term_string"}}],"inLanguage":"bs-BA"},{"@type":["Person","Organization"],"@id":"https:\/\/sandzakpress.net\/arhiva\/#\/schema\/person\/6e72b67d6e51910a1117b3b483ba20bd","name":"Kul","image":{"@type":"ImageObject","inLanguage":"bs-BA","@id":"https:\/\/sandzakpress.net\/arhiva\/#\/schema\/person\/image\/","url":"https:\/\/secure.gravatar.com\/avatar\/42263f39aa27ac04c43cab85c280eb2e?s=96&d=mm&r=pg","contentUrl":"https:\/\/secure.gravatar.com\/avatar\/42263f39aa27ac04c43cab85c280eb2e?s=96&d=mm&r=pg","caption":"Kul"},"logo":{"@id":"https:\/\/sandzakpress.net\/arhiva\/#\/schema\/person\/image\/"}},{"@type":"Person","@id":"https:\/\/sandzakpress.net\/arhiva\/#\/schema\/person\/c8baee722073534b583ea7bdb2e36c02","name":"bosniak","image":{"@type":"ImageObject","inLanguage":"bs-BA","@id":"https:\/\/sandzakpress.net\/arhiva\/#\/schema\/person\/image\/","url":"https:\/\/secure.gravatar.com\/avatar\/a04fd330bfe3a36a72a0ad4a6d89fca7?s=96&d=mm&r=pg","contentUrl":"https:\/\/secure.gravatar.com\/avatar\/a04fd330bfe3a36a72a0ad4a6d89fca7?s=96&d=mm&r=pg","caption":"bosniak"},"url":"https:\/\/sandzakpress.net\/arhiva\/author\/bosniak\/"}]}},"_links":{"self":[{"href":"https:\/\/sandzakpress.net\/arhiva\/wp-json\/wp\/v2\/posts\/149377"}],"collection":[{"href":"https:\/\/sandzakpress.net\/arhiva\/wp-json\/wp\/v2\/posts"}],"about":[{"href":"https:\/\/sandzakpress.net\/arhiva\/wp-json\/wp\/v2\/types\/post"}],"author":[{"embeddable":true,"href":"https:\/\/sandzakpress.net\/arhiva\/wp-json\/wp\/v2\/users\/83"}],"replies":[{"embeddable":true,"href":"https:\/\/sandzakpress.net\/arhiva\/wp-json\/wp\/v2\/comments?post=149377"}],"version-history":[{"count":0,"href":"https:\/\/sandzakpress.net\/arhiva\/wp-json\/wp\/v2\/posts\/149377\/revisions"}],"wp:featuredmedia":[{"embeddable":true,"href":"https:\/\/sandzakpress.net\/arhiva\/wp-json\/wp\/v2\/media\/149379"}],"wp:attachment":[{"href":"https:\/\/sandzakpress.net\/arhiva\/wp-json\/wp\/v2\/media?parent=149377"}],"wp:term":[{"taxonomy":"category","embeddable":true,"href":"https:\/\/sandzakpress.net\/arhiva\/wp-json\/wp\/v2\/categories?post=149377"},{"taxonomy":"post_tag","embeddable":true,"href":"https:\/\/sandzakpress.net\/arhiva\/wp-json\/wp\/v2\/tags?post=149377"}],"curies":[{"name":"wp","href":"https:\/\/api.w.org\/{rel}","templated":true}]}}