{"id":149313,"date":"2015-12-14T10:00:09","date_gmt":"2015-12-14T09:00:09","guid":{"rendered":"https:\/\/sandzakpress.net\/arhiva\/?p=149313"},"modified":"2015-12-14T15:50:36","modified_gmt":"2015-12-14T14:50:36","slug":"muftija-dr-dudic-u-svicarskoj","status":"publish","type":"post","link":"https:\/\/sandzakpress.net\/arhiva\/muftija-dr-dudic-u-svicarskoj\/","title":{"rendered":"Muftija dr. Dudi\u0107 u \u0160vicarskoj"},"content":{"rendered":"<p><img decoding=\"async\" src=\"http:\/\/mesihat.org\/wp-content\/uploads\/2015\/12\/868bd7215ece88fc966d25973cf9de03ffc9c13a9b448ae4acb5183c96f4e90d-533x300.jpg\" alt=\"868bd7215ece88fc966d25973cf9de03ffc9c13a9b448ae4acb5183c96f4e90d\" \/><\/p>\n<p><strong>\u0160vicarska &#8211; Na poziv Islamske zajednice Bo\u0161njaka u \u0160vicarskoj, a u organizaciji Islamskog kulturnog centra \u0160liren u Cirihu, u povodu obilje\u017eavanja mjeseca ro\u0111enja Poslanika s.a.v.s., predsjednik Me\u0161ihata IZ-e u Srbiji muftija dr. Mevlud ef. Dudi\u0107 boravio je u trodnevnoj posjeti \u0160vicarskoj.<span id=\"more-29585\"><\/span><\/strong><\/p>\n<p>Prvog dana, 11.12.2015. godine, predsjednik Me\u0161ihata posjetio je IKC Argau i tim povodom nakon jacije namaza odr\u017eao predavanje.<\/p>\n<p>Centralna manifestacija uprili\u010dena je drugog dana posjete, 12. decembra, kada je poslije jacije namaza odr\u017eana peta po redu Akademija u povodu ro\u0111enja Muhammeda s.a.v.s.<\/p>\n<p>Na sve\u010danosti su, pored imama d\u017eemata Sakib ef. Halilovi\u0107a, prisustvovali i predsjednik IZB u \u0160vicarskoj D\u017eemal ef. Fi\u0161ek, predsjednik d\u017eemata u Cirihu Rasim Avdagi\u0107, kao i glavni imam IZB\u0160 Jasmin ef. Demi\u0107.<\/p>\n<p>Nakon prigodnog programa, kojeg su izveli imami IZB u \u0160vicarskoj i hor d\u017eemata \u0160liren, Sakib-efendija se obratio prisutnima i zahvalio svima koji su prisustvovali manifestaciji, sa \u017eeljom da i u narednom periodu Akademija \u017eivi u ovom d\u017eematu.<\/p>\n<p>Muftija dr. Dudi\u0107 se te ve\u010deri u svojstvu glavnog predava\u010da na Akademiji obratio prisutnima, a nakon predavanja uru\u010dio zahvalnicu Islamskoj zajednici Bo\u0161njaka u \u0160vicarskoj za doprinos razvoju ustanova Islamske zajednice u Srbiji, koju je primio u svojstvu glavnog imama Jasmin ef. Demi\u0107.<\/p>\n<p>Predsjednik Me\u0161ihata je u svom obra\u0107anju govorio o zna\u010daju ljubavi prema Poslaniku s.a.v.s. za opstanak Bo\u0161njaka koji \u017eive u \u0160vicarskoj te naglasio da vjernici Bo\u0161njaci trebaju u\u010destvovati u izgradnji i o\u010duvanju dr\u017eave u kojoj \u017eive i da uvijek, kako vjera nala\u017ee, trebaju biti faktor stabilnosti.<\/p>\n<p>Narednog dana u prijepodnevnim satima muftija dr. Dudi\u0107 je obi\u0161ao d\u017eemat u Vecikonu gdje se sastao sa d\u017eematlijama i odborom, kada su razgovarali o aktivnostima koje se realizuju u tom d\u017eematu.<\/p>\n<p>Istoga dana organizirana je prigodna manifestacija u d\u017eematu Cug nakon podne namaza, kojoj su prisustvovali d\u017eematlije, a polaznici mekteba svojim programom uljep\u0161ali mevludsku sve\u010danost. I ovom prilikom muftija dr. Dudi\u0107 bio je u prilici obratiti se prisutnima o ulozi i zna\u010daju d\u017eemata u podizanju li\u010dnosti te se posebno zahvaliti doma\u0107inu Jasmin ef. Demi\u0107u.<\/p>\n<p>Istoga dana nakon ikindije namaza u d\u017eematu Kiznaht predsjednik Me\u0161ihata se obratio d\u017eematlijama na temu odgoja porodice u duhu islama.<\/p>\n<p><img decoding=\"async\" src=\"http:\/\/mesihat.org\/wp-content\/uploads\/2015\/12\/13b46792912132aa54a5b285fa09235af8684f4e2771be27c42cceb77bf397f9.jpg\" alt=\"13b46792912132aa54a5b285fa09235af8684f4e2771be27c42cceb77bf397f9\" \/><\/p>\n<p><img decoding=\"async\" src=\"http:\/\/mesihat.org\/wp-content\/uploads\/2015\/12\/e83029070ab259c605061e0a9d2fe577bf8c5c23b0461a59aa238bf77e336151.jpg\" alt=\"e83029070ab259c605061e0a9d2fe577bf8c5c23b0461a59aa238bf77e336151\" \/><\/p>\n<p><img decoding=\"async\" src=\"http:\/\/mesihat.org\/wp-content\/uploads\/2015\/12\/8248b3164d388e2ab5faa9800601ba4f1c2f57b74be1d88e70b4a0e8a2c31f3a.jpg\" alt=\"8248b3164d388e2ab5faa9800601ba4f1c2f57b74be1d88e70b4a0e8a2c31f3a\" \/><\/p>\n<p><img decoding=\"async\" src=\"http:\/\/mesihat.org\/wp-content\/uploads\/2015\/12\/6a186ffa79f9604a8bbcb09d3eb6d6afd17bd409e540a6ec6cdfe1a1f9e2e508.jpg\" alt=\"6a186ffa79f9604a8bbcb09d3eb6d6afd17bd409e540a6ec6cdfe1a1f9e2e508\" \/><\/p>\n<p><img decoding=\"async\" src=\"http:\/\/mesihat.org\/wp-content\/uploads\/2015\/12\/e62b05c89bec7b8dc06a3d8d7eb711283e97063b34c58a7dd0ad5a562863e0a9.jpg\" alt=\"\" \/><\/p>\n<p><img decoding=\"async\" src=\"http:\/\/mesihat.org\/wp-content\/uploads\/2015\/12\/3d657dd8120c744155ff837d6960e67ecc7764abce724a743144f8242b6c639b.jpg\" alt=\"3d657dd8120c744155ff837d6960e67ecc7764abce724a743144f8242b6c639b\" \/><\/p>\n","protected":false},"excerpt":{"rendered":"<p>\u0160vicarska &#8211; Na poziv Islamske zajednice Bo\u0161njaka u \u0160vicarskoj, a u organizaciji Islamskog kulturnog centra \u0160liren u Cirihu, u povodu obilje\u017eavanja mjeseca ro\u0111enja Poslanika s.a.v.s., predsjednik Me\u0161ihata IZ-e u Srbiji muftija dr. Mevlud ef. Dudi\u0107 boravio je u trodnevnoj posjeti \u0160vicarskoj. Prvog dana, 11.12.2015. godine, predsjednik Me\u0161ihata posjetio je IKC Argau i tim povodom nakon [&hellip;]<\/p>\n","protected":false},"author":83,"featured_media":149314,"comment_status":"open","ping_status":"open","sticky":false,"template":"","format":"standard","meta":{"footnotes":""},"categories":[9544,802,8957],"tags":[],"class_list":{"0":"post-149313","1":"post","2":"type-post","3":"status-publish","4":"format-standard","5":"has-post-thumbnail","7":"category-svicarska-dijaspora-gradovi-vase-vijesti","8":"category-islamska_zajednica","9":"category-vijesti-dana"},"yoast_head":"<!-- This site is optimized with the Yoast SEO Premium plugin v23.1 (Yoast SEO v24.9) - https:\/\/yoast.com\/wordpress\/plugins\/seo\/ -->\n<title>Muftija dr. Dudi\u0107 u \u0160vicarskoj<\/title>\n<meta name=\"robots\" content=\"index, follow, max-snippet:-1, max-image-preview:large, max-video-preview:-1\" \/>\n<link rel=\"canonical\" href=\"https:\/\/sandzakpress.net\/arhiva\/muftija-dr-dudic-u-svicarskoj\/\" \/>\n<meta property=\"og:locale\" content=\"bs_BA\" \/>\n<meta property=\"og:type\" content=\"article\" \/>\n<meta property=\"og:title\" content=\"Muftija dr. Dudi\u0107 u \u0160vicarskoj\" \/>\n<meta property=\"og:description\" content=\"\u0160vicarska &#8211; Na poziv Islamske zajednice Bo\u0161njaka u \u0160vicarskoj, a u organizaciji Islamskog kulturnog centra \u0160liren u Cirihu, u povodu obilje\u017eavanja mjeseca ro\u0111enja Poslanika s.a.v.s., predsjednik Me\u0161ihata IZ-e u Srbiji muftija dr. Mevlud ef. Dudi\u0107 boravio je u trodnevnoj posjeti \u0160vicarskoj. Prvog dana, 11.12.2015. godine, predsjednik Me\u0161ihata posjetio je IKC Argau i tim povodom nakon [&hellip;]\" \/>\n<meta property=\"og:url\" content=\"https:\/\/sandzakpress.net\/arhiva\/muftija-dr-dudic-u-svicarskoj\/\" \/>\n<meta property=\"og:site_name\" content=\"Sand\u017eak PRESS\" \/>\n<meta property=\"article:published_time\" content=\"2015-12-14T09:00:09+00:00\" \/>\n<meta property=\"article:modified_time\" content=\"2015-12-14T14:50:36+00:00\" \/>\n<meta property=\"og:image\" content=\"https:\/\/sandzakpress.net\/arhiva\/wp-content\/uploads\/2015\/12\/868bd7215ece88fc966d25973cf9de03ffc9c13a9b448ae4acb5183c96f4e90d-533x300.jpg\" \/>\n\t<meta property=\"og:image:width\" content=\"533\" \/>\n\t<meta property=\"og:image:height\" content=\"300\" \/>\n\t<meta property=\"og:image:type\" content=\"image\/jpeg\" \/>\n<meta name=\"author\" content=\"bosniak\" \/>\n<meta name=\"twitter:card\" content=\"summary_large_image\" \/>\n<meta name=\"twitter:label1\" content=\"Written by\" \/>\n\t<meta name=\"twitter:data1\" content=\"bosniak\" \/>\n\t<meta name=\"twitter:label2\" content=\"Est. reading time\" \/>\n\t<meta name=\"twitter:data2\" content=\"2 minute\" \/>\n<script type=\"application\/ld+json\" class=\"yoast-schema-graph\">{\"@context\":\"https:\/\/schema.org\",\"@graph\":[{\"@type\":\"Article\",\"@id\":\"https:\/\/sandzakpress.net\/arhiva\/muftija-dr-dudic-u-svicarskoj\/#article\",\"isPartOf\":{\"@id\":\"https:\/\/sandzakpress.net\/arhiva\/muftija-dr-dudic-u-svicarskoj\/\"},\"author\":{\"name\":\"bosniak\",\"@id\":\"https:\/\/sandzakpress.net\/arhiva\/#\/schema\/person\/c8baee722073534b583ea7bdb2e36c02\"},\"headline\":\"Muftija dr. Dudi\u0107 u \u0160vicarskoj\",\"datePublished\":\"2015-12-14T09:00:09+00:00\",\"dateModified\":\"2015-12-14T14:50:36+00:00\",\"mainEntityOfPage\":{\"@id\":\"https:\/\/sandzakpress.net\/arhiva\/muftija-dr-dudic-u-svicarskoj\/\"},\"wordCount\":401,\"commentCount\":5,\"publisher\":{\"@id\":\"https:\/\/sandzakpress.net\/arhiva\/#\/schema\/person\/6e72b67d6e51910a1117b3b483ba20bd\"},\"image\":{\"@id\":\"https:\/\/sandzakpress.net\/arhiva\/muftija-dr-dudic-u-svicarskoj\/#primaryimage\"},\"thumbnailUrl\":\"https:\/\/sandzakpress.net\/arhiva\/wp-content\/uploads\/2015\/12\/868bd7215ece88fc966d25973cf9de03ffc9c13a9b448ae4acb5183c96f4e90d-533x300.jpg\",\"articleSection\":[\"\u0160vicarska\",\"Islamska zajednica\",\"VIJESTI DANA\"],\"inLanguage\":\"bs-BA\",\"potentialAction\":[{\"@type\":\"CommentAction\",\"name\":\"Comment\",\"target\":[\"https:\/\/sandzakpress.net\/arhiva\/muftija-dr-dudic-u-svicarskoj\/#respond\"]}]},{\"@type\":\"WebPage\",\"@id\":\"https:\/\/sandzakpress.net\/arhiva\/muftija-dr-dudic-u-svicarskoj\/\",\"url\":\"https:\/\/sandzakpress.net\/arhiva\/muftija-dr-dudic-u-svicarskoj\/\",\"name\":\"Muftija dr. Dudi\u0107 u \u0160vicarskoj\",\"isPartOf\":{\"@id\":\"https:\/\/sandzakpress.net\/arhiva\/#website\"},\"primaryImageOfPage\":{\"@id\":\"https:\/\/sandzakpress.net\/arhiva\/muftija-dr-dudic-u-svicarskoj\/#primaryimage\"},\"image\":{\"@id\":\"https:\/\/sandzakpress.net\/arhiva\/muftija-dr-dudic-u-svicarskoj\/#primaryimage\"},\"thumbnailUrl\":\"https:\/\/sandzakpress.net\/arhiva\/wp-content\/uploads\/2015\/12\/868bd7215ece88fc966d25973cf9de03ffc9c13a9b448ae4acb5183c96f4e90d-533x300.jpg\",\"datePublished\":\"2015-12-14T09:00:09+00:00\",\"dateModified\":\"2015-12-14T14:50:36+00:00\",\"breadcrumb\":{\"@id\":\"https:\/\/sandzakpress.net\/arhiva\/muftija-dr-dudic-u-svicarskoj\/#breadcrumb\"},\"inLanguage\":\"bs-BA\",\"potentialAction\":[{\"@type\":\"ReadAction\",\"target\":[\"https:\/\/sandzakpress.net\/arhiva\/muftija-dr-dudic-u-svicarskoj\/\"]}]},{\"@type\":\"ImageObject\",\"inLanguage\":\"bs-BA\",\"@id\":\"https:\/\/sandzakpress.net\/arhiva\/muftija-dr-dudic-u-svicarskoj\/#primaryimage\",\"url\":\"https:\/\/sandzakpress.net\/arhiva\/wp-content\/uploads\/2015\/12\/868bd7215ece88fc966d25973cf9de03ffc9c13a9b448ae4acb5183c96f4e90d-533x300.jpg\",\"contentUrl\":\"https:\/\/sandzakpress.net\/arhiva\/wp-content\/uploads\/2015\/12\/868bd7215ece88fc966d25973cf9de03ffc9c13a9b448ae4acb5183c96f4e90d-533x300.jpg\",\"width\":533,\"height\":300},{\"@type\":\"BreadcrumbList\",\"@id\":\"https:\/\/sandzakpress.net\/arhiva\/muftija-dr-dudic-u-svicarskoj\/#breadcrumb\",\"itemListElement\":[{\"@type\":\"ListItem\",\"position\":1,\"name\":\"Home\",\"item\":\"https:\/\/sandzakpress.net\/arhiva\/\"},{\"@type\":\"ListItem\",\"position\":2,\"name\":\"Muftija dr. Dudi\u0107 u \u0160vicarskoj\"}]},{\"@type\":\"WebSite\",\"@id\":\"https:\/\/sandzakpress.net\/arhiva\/#website\",\"url\":\"https:\/\/sandzakpress.net\/arhiva\/\",\"name\":\"Sand\u017eak PRESS\",\"description\":\"Prve elektronske novine u Sand\u017eaku\",\"publisher\":{\"@id\":\"https:\/\/sandzakpress.net\/arhiva\/#\/schema\/person\/6e72b67d6e51910a1117b3b483ba20bd\"},\"potentialAction\":[{\"@type\":\"SearchAction\",\"target\":{\"@type\":\"EntryPoint\",\"urlTemplate\":\"https:\/\/sandzakpress.net\/arhiva\/?s={search_term_string}\"},\"query-input\":{\"@type\":\"PropertyValueSpecification\",\"valueRequired\":true,\"valueName\":\"search_term_string\"}}],\"inLanguage\":\"bs-BA\"},{\"@type\":[\"Person\",\"Organization\"],\"@id\":\"https:\/\/sandzakpress.net\/arhiva\/#\/schema\/person\/6e72b67d6e51910a1117b3b483ba20bd\",\"name\":\"Kul\",\"image\":{\"@type\":\"ImageObject\",\"inLanguage\":\"bs-BA\",\"@id\":\"https:\/\/sandzakpress.net\/arhiva\/#\/schema\/person\/image\/\",\"url\":\"https:\/\/secure.gravatar.com\/avatar\/42263f39aa27ac04c43cab85c280eb2e?s=96&d=mm&r=pg\",\"contentUrl\":\"https:\/\/secure.gravatar.com\/avatar\/42263f39aa27ac04c43cab85c280eb2e?s=96&d=mm&r=pg\",\"caption\":\"Kul\"},\"logo\":{\"@id\":\"https:\/\/sandzakpress.net\/arhiva\/#\/schema\/person\/image\/\"}},{\"@type\":\"Person\",\"@id\":\"https:\/\/sandzakpress.net\/arhiva\/#\/schema\/person\/c8baee722073534b583ea7bdb2e36c02\",\"name\":\"bosniak\",\"image\":{\"@type\":\"ImageObject\",\"inLanguage\":\"bs-BA\",\"@id\":\"https:\/\/sandzakpress.net\/arhiva\/#\/schema\/person\/image\/\",\"url\":\"https:\/\/secure.gravatar.com\/avatar\/a04fd330bfe3a36a72a0ad4a6d89fca7?s=96&d=mm&r=pg\",\"contentUrl\":\"https:\/\/secure.gravatar.com\/avatar\/a04fd330bfe3a36a72a0ad4a6d89fca7?s=96&d=mm&r=pg\",\"caption\":\"bosniak\"},\"url\":\"https:\/\/sandzakpress.net\/arhiva\/author\/bosniak\/\"}]}<\/script>\n<!-- \/ Yoast SEO Premium plugin. -->","yoast_head_json":{"title":"Muftija dr. Dudi\u0107 u \u0160vicarskoj","robots":{"index":"index","follow":"follow","max-snippet":"max-snippet:-1","max-image-preview":"max-image-preview:large","max-video-preview":"max-video-preview:-1"},"canonical":"https:\/\/sandzakpress.net\/arhiva\/muftija-dr-dudic-u-svicarskoj\/","og_locale":"bs_BA","og_type":"article","og_title":"Muftija dr. Dudi\u0107 u \u0160vicarskoj","og_description":"\u0160vicarska &#8211; Na poziv Islamske zajednice Bo\u0161njaka u \u0160vicarskoj, a u organizaciji Islamskog kulturnog centra \u0160liren u Cirihu, u povodu obilje\u017eavanja mjeseca ro\u0111enja Poslanika s.a.v.s., predsjednik Me\u0161ihata IZ-e u Srbiji muftija dr. Mevlud ef. Dudi\u0107 boravio je u trodnevnoj posjeti \u0160vicarskoj. Prvog dana, 11.12.2015. godine, predsjednik Me\u0161ihata posjetio je IKC Argau i tim povodom nakon [&hellip;]","og_url":"https:\/\/sandzakpress.net\/arhiva\/muftija-dr-dudic-u-svicarskoj\/","og_site_name":"Sand\u017eak PRESS","article_published_time":"2015-12-14T09:00:09+00:00","article_modified_time":"2015-12-14T14:50:36+00:00","og_image":[{"width":533,"height":300,"url":"https:\/\/sandzakpress.net\/arhiva\/wp-content\/uploads\/2015\/12\/868bd7215ece88fc966d25973cf9de03ffc9c13a9b448ae4acb5183c96f4e90d-533x300.jpg","type":"image\/jpeg"}],"author":"bosniak","twitter_card":"summary_large_image","twitter_misc":{"Written by":"bosniak","Est. reading time":"2 minute"},"schema":{"@context":"https:\/\/schema.org","@graph":[{"@type":"Article","@id":"https:\/\/sandzakpress.net\/arhiva\/muftija-dr-dudic-u-svicarskoj\/#article","isPartOf":{"@id":"https:\/\/sandzakpress.net\/arhiva\/muftija-dr-dudic-u-svicarskoj\/"},"author":{"name":"bosniak","@id":"https:\/\/sandzakpress.net\/arhiva\/#\/schema\/person\/c8baee722073534b583ea7bdb2e36c02"},"headline":"Muftija dr. Dudi\u0107 u \u0160vicarskoj","datePublished":"2015-12-14T09:00:09+00:00","dateModified":"2015-12-14T14:50:36+00:00","mainEntityOfPage":{"@id":"https:\/\/sandzakpress.net\/arhiva\/muftija-dr-dudic-u-svicarskoj\/"},"wordCount":401,"commentCount":5,"publisher":{"@id":"https:\/\/sandzakpress.net\/arhiva\/#\/schema\/person\/6e72b67d6e51910a1117b3b483ba20bd"},"image":{"@id":"https:\/\/sandzakpress.net\/arhiva\/muftija-dr-dudic-u-svicarskoj\/#primaryimage"},"thumbnailUrl":"https:\/\/sandzakpress.net\/arhiva\/wp-content\/uploads\/2015\/12\/868bd7215ece88fc966d25973cf9de03ffc9c13a9b448ae4acb5183c96f4e90d-533x300.jpg","articleSection":["\u0160vicarska","Islamska zajednica","VIJESTI DANA"],"inLanguage":"bs-BA","potentialAction":[{"@type":"CommentAction","name":"Comment","target":["https:\/\/sandzakpress.net\/arhiva\/muftija-dr-dudic-u-svicarskoj\/#respond"]}]},{"@type":"WebPage","@id":"https:\/\/sandzakpress.net\/arhiva\/muftija-dr-dudic-u-svicarskoj\/","url":"https:\/\/sandzakpress.net\/arhiva\/muftija-dr-dudic-u-svicarskoj\/","name":"Muftija dr. Dudi\u0107 u \u0160vicarskoj","isPartOf":{"@id":"https:\/\/sandzakpress.net\/arhiva\/#website"},"primaryImageOfPage":{"@id":"https:\/\/sandzakpress.net\/arhiva\/muftija-dr-dudic-u-svicarskoj\/#primaryimage"},"image":{"@id":"https:\/\/sandzakpress.net\/arhiva\/muftija-dr-dudic-u-svicarskoj\/#primaryimage"},"thumbnailUrl":"https:\/\/sandzakpress.net\/arhiva\/wp-content\/uploads\/2015\/12\/868bd7215ece88fc966d25973cf9de03ffc9c13a9b448ae4acb5183c96f4e90d-533x300.jpg","datePublished":"2015-12-14T09:00:09+00:00","dateModified":"2015-12-14T14:50:36+00:00","breadcrumb":{"@id":"https:\/\/sandzakpress.net\/arhiva\/muftija-dr-dudic-u-svicarskoj\/#breadcrumb"},"inLanguage":"bs-BA","potentialAction":[{"@type":"ReadAction","target":["https:\/\/sandzakpress.net\/arhiva\/muftija-dr-dudic-u-svicarskoj\/"]}]},{"@type":"ImageObject","inLanguage":"bs-BA","@id":"https:\/\/sandzakpress.net\/arhiva\/muftija-dr-dudic-u-svicarskoj\/#primaryimage","url":"https:\/\/sandzakpress.net\/arhiva\/wp-content\/uploads\/2015\/12\/868bd7215ece88fc966d25973cf9de03ffc9c13a9b448ae4acb5183c96f4e90d-533x300.jpg","contentUrl":"https:\/\/sandzakpress.net\/arhiva\/wp-content\/uploads\/2015\/12\/868bd7215ece88fc966d25973cf9de03ffc9c13a9b448ae4acb5183c96f4e90d-533x300.jpg","width":533,"height":300},{"@type":"BreadcrumbList","@id":"https:\/\/sandzakpress.net\/arhiva\/muftija-dr-dudic-u-svicarskoj\/#breadcrumb","itemListElement":[{"@type":"ListItem","position":1,"name":"Home","item":"https:\/\/sandzakpress.net\/arhiva\/"},{"@type":"ListItem","position":2,"name":"Muftija dr. Dudi\u0107 u \u0160vicarskoj"}]},{"@type":"WebSite","@id":"https:\/\/sandzakpress.net\/arhiva\/#website","url":"https:\/\/sandzakpress.net\/arhiva\/","name":"Sand\u017eak PRESS","description":"Prve elektronske novine u Sand\u017eaku","publisher":{"@id":"https:\/\/sandzakpress.net\/arhiva\/#\/schema\/person\/6e72b67d6e51910a1117b3b483ba20bd"},"potentialAction":[{"@type":"SearchAction","target":{"@type":"EntryPoint","urlTemplate":"https:\/\/sandzakpress.net\/arhiva\/?s={search_term_string}"},"query-input":{"@type":"PropertyValueSpecification","valueRequired":true,"valueName":"search_term_string"}}],"inLanguage":"bs-BA"},{"@type":["Person","Organization"],"@id":"https:\/\/sandzakpress.net\/arhiva\/#\/schema\/person\/6e72b67d6e51910a1117b3b483ba20bd","name":"Kul","image":{"@type":"ImageObject","inLanguage":"bs-BA","@id":"https:\/\/sandzakpress.net\/arhiva\/#\/schema\/person\/image\/","url":"https:\/\/secure.gravatar.com\/avatar\/42263f39aa27ac04c43cab85c280eb2e?s=96&d=mm&r=pg","contentUrl":"https:\/\/secure.gravatar.com\/avatar\/42263f39aa27ac04c43cab85c280eb2e?s=96&d=mm&r=pg","caption":"Kul"},"logo":{"@id":"https:\/\/sandzakpress.net\/arhiva\/#\/schema\/person\/image\/"}},{"@type":"Person","@id":"https:\/\/sandzakpress.net\/arhiva\/#\/schema\/person\/c8baee722073534b583ea7bdb2e36c02","name":"bosniak","image":{"@type":"ImageObject","inLanguage":"bs-BA","@id":"https:\/\/sandzakpress.net\/arhiva\/#\/schema\/person\/image\/","url":"https:\/\/secure.gravatar.com\/avatar\/a04fd330bfe3a36a72a0ad4a6d89fca7?s=96&d=mm&r=pg","contentUrl":"https:\/\/secure.gravatar.com\/avatar\/a04fd330bfe3a36a72a0ad4a6d89fca7?s=96&d=mm&r=pg","caption":"bosniak"},"url":"https:\/\/sandzakpress.net\/arhiva\/author\/bosniak\/"}]}},"_links":{"self":[{"href":"https:\/\/sandzakpress.net\/arhiva\/wp-json\/wp\/v2\/posts\/149313"}],"collection":[{"href":"https:\/\/sandzakpress.net\/arhiva\/wp-json\/wp\/v2\/posts"}],"about":[{"href":"https:\/\/sandzakpress.net\/arhiva\/wp-json\/wp\/v2\/types\/post"}],"author":[{"embeddable":true,"href":"https:\/\/sandzakpress.net\/arhiva\/wp-json\/wp\/v2\/users\/83"}],"replies":[{"embeddable":true,"href":"https:\/\/sandzakpress.net\/arhiva\/wp-json\/wp\/v2\/comments?post=149313"}],"version-history":[{"count":0,"href":"https:\/\/sandzakpress.net\/arhiva\/wp-json\/wp\/v2\/posts\/149313\/revisions"}],"wp:featuredmedia":[{"embeddable":true,"href":"https:\/\/sandzakpress.net\/arhiva\/wp-json\/wp\/v2\/media\/149314"}],"wp:attachment":[{"href":"https:\/\/sandzakpress.net\/arhiva\/wp-json\/wp\/v2\/media?parent=149313"}],"wp:term":[{"taxonomy":"category","embeddable":true,"href":"https:\/\/sandzakpress.net\/arhiva\/wp-json\/wp\/v2\/categories?post=149313"},{"taxonomy":"post_tag","embeddable":true,"href":"https:\/\/sandzakpress.net\/arhiva\/wp-json\/wp\/v2\/tags?post=149313"}],"curies":[{"name":"wp","href":"https:\/\/api.w.org\/{rel}","templated":true}]}}