{"id":148916,"date":"2015-12-11T15:30:58","date_gmt":"2015-12-11T14:30:58","guid":{"rendered":"https:\/\/sandzakpress.net\/arhiva\/?p=148916"},"modified":"2015-12-11T15:30:58","modified_gmt":"2015-12-11T14:30:58","slug":"kad-najmladi-grad-ostari","status":"publish","type":"post","link":"https:\/\/sandzakpress.net\/arhiva\/kad-najmladi-grad-ostari\/","title":{"rendered":"Kad najmla\u0111i grad ostari"},"content":{"rendered":"<p><img decoding=\"async\" src=\"http:\/\/www.akos.ba\/media\/k2\/items\/cache\/92c3f21ef5ee8decf8eed164f97ec782_XL.jpg\" alt=\"\" \/><\/p>\n<p>Ponosimo se time \u0161to smo jedan od najmla\u0111ih gradova u Evropi. I treba, tako to je dobro. Ipak, znamo stari su nekad bili mladi, a mladi \u0107e ostariti. Kako \u0107e izgledati svijet kada mi ostarimo? To ta\u010dno niko ne zna, ali zdrav razum po analogiji uzrok posljedica lahko mo\u017ee procijeniti na\u0161u situaciju.<strong>Ve\u0107ina bez radnog sta\u017ea, ve\u0107ina kasno ulazi u brakove ili uop\u0161te ne ulazi u ozbiljan brak, rad na malo pla\u0107enim poslovima i iseljavanje. <\/strong>To su putevi koji \u0107e najproduktivniji perod jednog \u010dovjeka odvesti u \u0107orsokak bez nade i povratka.<\/p>\n<p><strong>Radni sta\u017e<\/strong><\/p>\n<p>Zamislite mladost provedenu bez jednog jedinog dana radnog sta\u017ea. Penzionera koji nije penzioner. Sada to i ne zvu\u010di tako stra\u0161no, te\u0161imo se onom pa djeca su penzija, ili onom \u0161ta ima to penzije nije to ni\u0161ta, ili moja omiljena pa to im stalno smanjuju.<\/p>\n<p>Ve\u0107 smo svjedoci brojnih primjera gdje roditelji izdr\u017eavaju svoju odraslu djecu. Sretan je onaj roditelj \u010dije dijete mo\u017ee samostalno da \u017eivi ne pada mu napamet da jo\u0161 o\u010dekuje od njega neku nov\u010danu pomo\u0107. Uostalom treba imati zaista sre\u0107e sa djetetom pa da je on istovremeno dobar privrednik i dobar sin ili \u0107erka. Naravno mnogim dostojanstvo ne dozvoljava da iskaju i tih minimalnih 10 hiljada ili vi\u0161e. To malo ovca mo\u017ee predstavljati bitan dio samostalnosti i materijalne snage. Na kraju uvijek je bolje malo nego ni\u0161ta. Kao \u0161to danas govorimo o onom koji ima stalno zapo\u0161ljenje kao o osobi koja je uspjela u \u017eivotu govorit \u0107emo tako i onima koji imaju penziju. Govorit \u0107emo: E, on ima penziju lak\u0161e je njemu.<\/p>\n<p><strong>Brak<\/strong><\/p>\n<p>Iz uspje\u0161nog braka dobijamo zdrave porodice. Zdrave porodice daju jake pojednince. Mnogi izbjegavaju brak, ne zato \u0161to misle da su ne\u0161to posebni i da ne mogu na\u0107i osobu za sebe, ili zato jer \u017eele ste\u0107i jo\u0161 ne\u0161to bludni\u010dkog iskustva. Oni za koje i jeste brak ne \u017eene se i ne udaju jer se boje da ne mogu ostvariti egzistenciju. Boje se siroma\u0161tva. Ili jednostavno nemaju gdje. Recimo ima\u0161 peto\u010dlanu porodicu u stanu od 70 m2, porodicu gdje roditelj nije napravio djeci ku\u0107e ili kupio stanove. Njima ne preostaje ni\u0161ta drugo ve\u0107 da ostaju ku\u0107i, takve okolnosti demotiviraju osobu da se \u017eeni. Razmi\u0161lja gdje \u0107e jo\u0161 on sa \u017eenom, pa kako \u0107e kad dobije djecu, \u010deka stalno re\u0161enje, ili se nada poslu pa pod kiriju. Sve to dovodi do odlaganja, odla\u017eemo godinu za godinom do neke tridesete pa i dalje. Nemojte govoriti da to nije stra\u0161no, dobit \u0107emo sutra gomilu staraca okru\u017eenih djecom koja im nisu unu\u010dad ve\u0107 njihovo drugo ro\u0111eno dijete, ili daleko bilo prvo. Star roditelj sa adolescentom u ku\u0107i i nije neki garant za dobrog vaspita\u010da. Takve porodice te\u0161ko da \u010de dati valjano potomstvo. Kao da gledam malog dje\u010daka koji se poslije roditeljskog sastanka hvali svojim vr\u0161njacima pokazuju\u0107i prstom na mladog oca.<\/p>\n<p><strong>Slabo pla\u0107eni poslovi<\/strong><\/p>\n<p>Ponositi se po\u0161tenim radom je odli\u010dno. Raditi bilo \u0161ta je bolje nego ne raditi ni\u0161ta. Uprkos tome, malo pla\u0107eni poslovi su zamke koje sa\u017eva\u0107u cijelu mladost ispljunu je i dobijemo zbunjenog srednovje\u010dnog \u010dovjeka koji kad se osami pita sebe: Gdje si bio? Nigdje? \u0160ta si radio? Ni\u0161ta. \u017divot proveden u krizi, \u017eivot koji te tek odr\u017eava u \u017eivotu. Ne tje\u0161imo se nanose\u0107i sebi \u0161tetu. Ne govorimo, pa nije sve u tom sticanju. Naravno da nije. Ali ne ubje\u0111ujmo se da je normalno period snage, zdravlja, svje\u017eine i zdrave pameti ne iskoristiti za ne\u0161to vi\u0161e od pukog sakupljanja hrane. Normalno je imati dom, imati za \u0161kolarinu djeci, imati za odmor, tri sobe, kupatilo i mali auto, Sve to mnogima ne mogu ostaviti roditelji, ako su nekom ostavili eh, pa ne\u0107e on mo\u0107i svojoj. Mnogo je djece, a malo soba danas. Mnogo je mladosti, a malo otvorenih vrata, mnogo je energije, a malo rada, mnogo je volje, a malo \u0161ansi, mnogo jenas, a malo onih koje je briga \u0161ta \u0107e sa nama biti.<\/p>\n<p><strong>Iseljavanje<\/strong><\/p>\n<p>Na kraju, kad izgubi\u0161 nadu i shvati\u0161 da nije do tebe. Da istinski nije do tebe. Ima\u0161 znanje i vje\u0161tine, ali nema\u0161 \u0161ansu da to poka\u017ee\u0161. Nekako se sna\u0111e\u0161 i presre\u0107an otputuje\u0161 u dijasporu. \u017deljan nekog reda i sretan \u0161to ipak uz mnogo rada ima\u0161 dovoljno, \u010dak i da pomogne\u0161 ostale provede\u0161 najbolje godine u tu\u0111oj zemlji. Tebi tu\u0111a, tvojoj djeci njihova. Izrodi\u0161 djecu. Me\u0111utim ona radije govore stranim nego maternjim jezikom. Ustvari koji je zapravo njihov maternji jezik? Ko zna ko \u0107e im biti majka. Tamo ostari\u0161, vrati\u0161 se. Ovdje si sastavio za neku ku\u0107icu ili stan\u010di\u0107, ko moderan starac vi\u0111a\u0161 porodicu preko skajpa ili nekih holograma. Tvoji te posje\u0107uju za praznike, lijepo ti je sada ima\u0161 neki dinar, ali nema\u0161 porodicu. Izgubio si korijene, ta ku\u0107a u koju si toliko ulo\u017eio uop\u0161te ne zanima tvoju djecu, jednostavno ne planiraju \u017eivjeti u njoj. Desi se da uhvati\u0161 sebe kako se u\u017eeli\u0161 neke ulice u \u0160vedskoj, Njema\u010dkoj, Austriji, Norve\u0161koj itd. I onda se zapita\u0161, ko si sada ti? Da li \u0107e\u0161 umrijeti ba\u0161 u svojem domu?<\/p>\n<p>U zamkama sada\u0161njice trunu nam najbolje godine. U zamci upadaju nemarni i nepa\u017eljivi. Ho\u0107emo da \u017eivimo, a ignoriramo da \u017eivot i nama prolazi. Najgore od svega je \u0161to o\u010dekujemo da na\u0161u budu\u0107nost pobolj\u0161aju oni koji su unakazili sada\u0161njost.<\/p>\n<p>Autor:\u00a0Haris Ibrahimovi\u0107<\/p>\n","protected":false},"excerpt":{"rendered":"<p>Haris Ibrahimovi\u0107<\/p>\n","protected":false},"author":83,"featured_media":148917,"comment_status":"open","ping_status":"open","sticky":false,"template":"","format":"standard","meta":{"footnotes":""},"categories":[72,10196],"tags":[],"class_list":{"0":"post-148916","1":"post","2":"type-post","3":"status-publish","4":"format-standard","5":"has-post-thumbnail","7":"category-novi-pazar","8":"category-iz-pera-nasih-autora"},"yoast_head":"<!-- This site is optimized with the Yoast SEO Premium plugin v23.1 (Yoast SEO v24.9) - https:\/\/yoast.com\/wordpress\/plugins\/seo\/ -->\n<title>Kad najmla\u0111i grad ostari<\/title>\n<meta name=\"robots\" content=\"index, follow, max-snippet:-1, max-image-preview:large, max-video-preview:-1\" \/>\n<link rel=\"canonical\" href=\"https:\/\/sandzakpress.net\/arhiva\/kad-najmladi-grad-ostari\/\" \/>\n<meta property=\"og:locale\" content=\"bs_BA\" \/>\n<meta property=\"og:type\" content=\"article\" \/>\n<meta property=\"og:title\" content=\"Kad najmla\u0111i grad ostari\" \/>\n<meta property=\"og:description\" content=\"Haris Ibrahimovi\u0107\" \/>\n<meta property=\"og:url\" content=\"https:\/\/sandzakpress.net\/arhiva\/kad-najmladi-grad-ostari\/\" \/>\n<meta property=\"og:site_name\" content=\"Sand\u017eak PRESS\" \/>\n<meta property=\"article:published_time\" content=\"2015-12-11T14:30:58+00:00\" \/>\n<meta property=\"og:image\" content=\"https:\/\/sandzakpress.net\/arhiva\/wp-content\/uploads\/2015\/12\/92c3f21ef5ee8decf8eed164f97ec782_XL.jpg\" \/>\n\t<meta property=\"og:image:width\" content=\"900\" \/>\n\t<meta property=\"og:image:height\" content=\"598\" \/>\n\t<meta property=\"og:image:type\" content=\"image\/jpeg\" \/>\n<meta name=\"author\" content=\"bosniak\" \/>\n<meta name=\"twitter:card\" content=\"summary_large_image\" \/>\n<meta name=\"twitter:label1\" content=\"Written by\" \/>\n\t<meta name=\"twitter:data1\" content=\"bosniak\" \/>\n\t<meta name=\"twitter:label2\" content=\"Est. reading time\" \/>\n\t<meta name=\"twitter:data2\" content=\"5 minuta\" \/>\n<script type=\"application\/ld+json\" class=\"yoast-schema-graph\">{\"@context\":\"https:\/\/schema.org\",\"@graph\":[{\"@type\":\"Article\",\"@id\":\"https:\/\/sandzakpress.net\/arhiva\/kad-najmladi-grad-ostari\/#article\",\"isPartOf\":{\"@id\":\"https:\/\/sandzakpress.net\/arhiva\/kad-najmladi-grad-ostari\/\"},\"author\":{\"name\":\"bosniak\",\"@id\":\"https:\/\/sandzakpress.net\/arhiva\/#\/schema\/person\/c8baee722073534b583ea7bdb2e36c02\"},\"headline\":\"Kad najmla\u0111i grad ostari\",\"datePublished\":\"2015-12-11T14:30:58+00:00\",\"mainEntityOfPage\":{\"@id\":\"https:\/\/sandzakpress.net\/arhiva\/kad-najmladi-grad-ostari\/\"},\"wordCount\":948,\"commentCount\":4,\"publisher\":{\"@id\":\"https:\/\/sandzakpress.net\/arhiva\/#\/schema\/person\/6e72b67d6e51910a1117b3b483ba20bd\"},\"image\":{\"@id\":\"https:\/\/sandzakpress.net\/arhiva\/kad-najmladi-grad-ostari\/#primaryimage\"},\"thumbnailUrl\":\"https:\/\/sandzakpress.net\/arhiva\/wp-content\/uploads\/2015\/12\/92c3f21ef5ee8decf8eed164f97ec782_XL.jpg\",\"articleSection\":[\"Novi Pazar\",\"Iz pera na\u0161ih autora\"],\"inLanguage\":\"bs-BA\",\"potentialAction\":[{\"@type\":\"CommentAction\",\"name\":\"Comment\",\"target\":[\"https:\/\/sandzakpress.net\/arhiva\/kad-najmladi-grad-ostari\/#respond\"]}]},{\"@type\":\"WebPage\",\"@id\":\"https:\/\/sandzakpress.net\/arhiva\/kad-najmladi-grad-ostari\/\",\"url\":\"https:\/\/sandzakpress.net\/arhiva\/kad-najmladi-grad-ostari\/\",\"name\":\"Kad najmla\u0111i grad ostari\",\"isPartOf\":{\"@id\":\"https:\/\/sandzakpress.net\/arhiva\/#website\"},\"primaryImageOfPage\":{\"@id\":\"https:\/\/sandzakpress.net\/arhiva\/kad-najmladi-grad-ostari\/#primaryimage\"},\"image\":{\"@id\":\"https:\/\/sandzakpress.net\/arhiva\/kad-najmladi-grad-ostari\/#primaryimage\"},\"thumbnailUrl\":\"https:\/\/sandzakpress.net\/arhiva\/wp-content\/uploads\/2015\/12\/92c3f21ef5ee8decf8eed164f97ec782_XL.jpg\",\"datePublished\":\"2015-12-11T14:30:58+00:00\",\"breadcrumb\":{\"@id\":\"https:\/\/sandzakpress.net\/arhiva\/kad-najmladi-grad-ostari\/#breadcrumb\"},\"inLanguage\":\"bs-BA\",\"potentialAction\":[{\"@type\":\"ReadAction\",\"target\":[\"https:\/\/sandzakpress.net\/arhiva\/kad-najmladi-grad-ostari\/\"]}]},{\"@type\":\"ImageObject\",\"inLanguage\":\"bs-BA\",\"@id\":\"https:\/\/sandzakpress.net\/arhiva\/kad-najmladi-grad-ostari\/#primaryimage\",\"url\":\"https:\/\/sandzakpress.net\/arhiva\/wp-content\/uploads\/2015\/12\/92c3f21ef5ee8decf8eed164f97ec782_XL.jpg\",\"contentUrl\":\"https:\/\/sandzakpress.net\/arhiva\/wp-content\/uploads\/2015\/12\/92c3f21ef5ee8decf8eed164f97ec782_XL.jpg\",\"width\":900,\"height\":598},{\"@type\":\"BreadcrumbList\",\"@id\":\"https:\/\/sandzakpress.net\/arhiva\/kad-najmladi-grad-ostari\/#breadcrumb\",\"itemListElement\":[{\"@type\":\"ListItem\",\"position\":1,\"name\":\"Home\",\"item\":\"https:\/\/sandzakpress.net\/arhiva\/\"},{\"@type\":\"ListItem\",\"position\":2,\"name\":\"Kad najmla\u0111i grad ostari\"}]},{\"@type\":\"WebSite\",\"@id\":\"https:\/\/sandzakpress.net\/arhiva\/#website\",\"url\":\"https:\/\/sandzakpress.net\/arhiva\/\",\"name\":\"Sand\u017eak PRESS\",\"description\":\"Prve elektronske novine u Sand\u017eaku\",\"publisher\":{\"@id\":\"https:\/\/sandzakpress.net\/arhiva\/#\/schema\/person\/6e72b67d6e51910a1117b3b483ba20bd\"},\"potentialAction\":[{\"@type\":\"SearchAction\",\"target\":{\"@type\":\"EntryPoint\",\"urlTemplate\":\"https:\/\/sandzakpress.net\/arhiva\/?s={search_term_string}\"},\"query-input\":{\"@type\":\"PropertyValueSpecification\",\"valueRequired\":true,\"valueName\":\"search_term_string\"}}],\"inLanguage\":\"bs-BA\"},{\"@type\":[\"Person\",\"Organization\"],\"@id\":\"https:\/\/sandzakpress.net\/arhiva\/#\/schema\/person\/6e72b67d6e51910a1117b3b483ba20bd\",\"name\":\"Kul\",\"image\":{\"@type\":\"ImageObject\",\"inLanguage\":\"bs-BA\",\"@id\":\"https:\/\/sandzakpress.net\/arhiva\/#\/schema\/person\/image\/\",\"url\":\"https:\/\/secure.gravatar.com\/avatar\/42263f39aa27ac04c43cab85c280eb2e?s=96&d=mm&r=pg\",\"contentUrl\":\"https:\/\/secure.gravatar.com\/avatar\/42263f39aa27ac04c43cab85c280eb2e?s=96&d=mm&r=pg\",\"caption\":\"Kul\"},\"logo\":{\"@id\":\"https:\/\/sandzakpress.net\/arhiva\/#\/schema\/person\/image\/\"}},{\"@type\":\"Person\",\"@id\":\"https:\/\/sandzakpress.net\/arhiva\/#\/schema\/person\/c8baee722073534b583ea7bdb2e36c02\",\"name\":\"bosniak\",\"image\":{\"@type\":\"ImageObject\",\"inLanguage\":\"bs-BA\",\"@id\":\"https:\/\/sandzakpress.net\/arhiva\/#\/schema\/person\/image\/\",\"url\":\"https:\/\/secure.gravatar.com\/avatar\/a04fd330bfe3a36a72a0ad4a6d89fca7?s=96&d=mm&r=pg\",\"contentUrl\":\"https:\/\/secure.gravatar.com\/avatar\/a04fd330bfe3a36a72a0ad4a6d89fca7?s=96&d=mm&r=pg\",\"caption\":\"bosniak\"},\"url\":\"https:\/\/sandzakpress.net\/arhiva\/author\/bosniak\/\"}]}<\/script>\n<!-- \/ Yoast SEO Premium plugin. -->","yoast_head_json":{"title":"Kad najmla\u0111i grad ostari","robots":{"index":"index","follow":"follow","max-snippet":"max-snippet:-1","max-image-preview":"max-image-preview:large","max-video-preview":"max-video-preview:-1"},"canonical":"https:\/\/sandzakpress.net\/arhiva\/kad-najmladi-grad-ostari\/","og_locale":"bs_BA","og_type":"article","og_title":"Kad najmla\u0111i grad ostari","og_description":"Haris Ibrahimovi\u0107","og_url":"https:\/\/sandzakpress.net\/arhiva\/kad-najmladi-grad-ostari\/","og_site_name":"Sand\u017eak PRESS","article_published_time":"2015-12-11T14:30:58+00:00","og_image":[{"width":900,"height":598,"url":"https:\/\/sandzakpress.net\/arhiva\/wp-content\/uploads\/2015\/12\/92c3f21ef5ee8decf8eed164f97ec782_XL.jpg","type":"image\/jpeg"}],"author":"bosniak","twitter_card":"summary_large_image","twitter_misc":{"Written by":"bosniak","Est. reading time":"5 minuta"},"schema":{"@context":"https:\/\/schema.org","@graph":[{"@type":"Article","@id":"https:\/\/sandzakpress.net\/arhiva\/kad-najmladi-grad-ostari\/#article","isPartOf":{"@id":"https:\/\/sandzakpress.net\/arhiva\/kad-najmladi-grad-ostari\/"},"author":{"name":"bosniak","@id":"https:\/\/sandzakpress.net\/arhiva\/#\/schema\/person\/c8baee722073534b583ea7bdb2e36c02"},"headline":"Kad najmla\u0111i grad ostari","datePublished":"2015-12-11T14:30:58+00:00","mainEntityOfPage":{"@id":"https:\/\/sandzakpress.net\/arhiva\/kad-najmladi-grad-ostari\/"},"wordCount":948,"commentCount":4,"publisher":{"@id":"https:\/\/sandzakpress.net\/arhiva\/#\/schema\/person\/6e72b67d6e51910a1117b3b483ba20bd"},"image":{"@id":"https:\/\/sandzakpress.net\/arhiva\/kad-najmladi-grad-ostari\/#primaryimage"},"thumbnailUrl":"https:\/\/sandzakpress.net\/arhiva\/wp-content\/uploads\/2015\/12\/92c3f21ef5ee8decf8eed164f97ec782_XL.jpg","articleSection":["Novi Pazar","Iz pera na\u0161ih autora"],"inLanguage":"bs-BA","potentialAction":[{"@type":"CommentAction","name":"Comment","target":["https:\/\/sandzakpress.net\/arhiva\/kad-najmladi-grad-ostari\/#respond"]}]},{"@type":"WebPage","@id":"https:\/\/sandzakpress.net\/arhiva\/kad-najmladi-grad-ostari\/","url":"https:\/\/sandzakpress.net\/arhiva\/kad-najmladi-grad-ostari\/","name":"Kad najmla\u0111i grad ostari","isPartOf":{"@id":"https:\/\/sandzakpress.net\/arhiva\/#website"},"primaryImageOfPage":{"@id":"https:\/\/sandzakpress.net\/arhiva\/kad-najmladi-grad-ostari\/#primaryimage"},"image":{"@id":"https:\/\/sandzakpress.net\/arhiva\/kad-najmladi-grad-ostari\/#primaryimage"},"thumbnailUrl":"https:\/\/sandzakpress.net\/arhiva\/wp-content\/uploads\/2015\/12\/92c3f21ef5ee8decf8eed164f97ec782_XL.jpg","datePublished":"2015-12-11T14:30:58+00:00","breadcrumb":{"@id":"https:\/\/sandzakpress.net\/arhiva\/kad-najmladi-grad-ostari\/#breadcrumb"},"inLanguage":"bs-BA","potentialAction":[{"@type":"ReadAction","target":["https:\/\/sandzakpress.net\/arhiva\/kad-najmladi-grad-ostari\/"]}]},{"@type":"ImageObject","inLanguage":"bs-BA","@id":"https:\/\/sandzakpress.net\/arhiva\/kad-najmladi-grad-ostari\/#primaryimage","url":"https:\/\/sandzakpress.net\/arhiva\/wp-content\/uploads\/2015\/12\/92c3f21ef5ee8decf8eed164f97ec782_XL.jpg","contentUrl":"https:\/\/sandzakpress.net\/arhiva\/wp-content\/uploads\/2015\/12\/92c3f21ef5ee8decf8eed164f97ec782_XL.jpg","width":900,"height":598},{"@type":"BreadcrumbList","@id":"https:\/\/sandzakpress.net\/arhiva\/kad-najmladi-grad-ostari\/#breadcrumb","itemListElement":[{"@type":"ListItem","position":1,"name":"Home","item":"https:\/\/sandzakpress.net\/arhiva\/"},{"@type":"ListItem","position":2,"name":"Kad najmla\u0111i grad ostari"}]},{"@type":"WebSite","@id":"https:\/\/sandzakpress.net\/arhiva\/#website","url":"https:\/\/sandzakpress.net\/arhiva\/","name":"Sand\u017eak PRESS","description":"Prve elektronske novine u Sand\u017eaku","publisher":{"@id":"https:\/\/sandzakpress.net\/arhiva\/#\/schema\/person\/6e72b67d6e51910a1117b3b483ba20bd"},"potentialAction":[{"@type":"SearchAction","target":{"@type":"EntryPoint","urlTemplate":"https:\/\/sandzakpress.net\/arhiva\/?s={search_term_string}"},"query-input":{"@type":"PropertyValueSpecification","valueRequired":true,"valueName":"search_term_string"}}],"inLanguage":"bs-BA"},{"@type":["Person","Organization"],"@id":"https:\/\/sandzakpress.net\/arhiva\/#\/schema\/person\/6e72b67d6e51910a1117b3b483ba20bd","name":"Kul","image":{"@type":"ImageObject","inLanguage":"bs-BA","@id":"https:\/\/sandzakpress.net\/arhiva\/#\/schema\/person\/image\/","url":"https:\/\/secure.gravatar.com\/avatar\/42263f39aa27ac04c43cab85c280eb2e?s=96&d=mm&r=pg","contentUrl":"https:\/\/secure.gravatar.com\/avatar\/42263f39aa27ac04c43cab85c280eb2e?s=96&d=mm&r=pg","caption":"Kul"},"logo":{"@id":"https:\/\/sandzakpress.net\/arhiva\/#\/schema\/person\/image\/"}},{"@type":"Person","@id":"https:\/\/sandzakpress.net\/arhiva\/#\/schema\/person\/c8baee722073534b583ea7bdb2e36c02","name":"bosniak","image":{"@type":"ImageObject","inLanguage":"bs-BA","@id":"https:\/\/sandzakpress.net\/arhiva\/#\/schema\/person\/image\/","url":"https:\/\/secure.gravatar.com\/avatar\/a04fd330bfe3a36a72a0ad4a6d89fca7?s=96&d=mm&r=pg","contentUrl":"https:\/\/secure.gravatar.com\/avatar\/a04fd330bfe3a36a72a0ad4a6d89fca7?s=96&d=mm&r=pg","caption":"bosniak"},"url":"https:\/\/sandzakpress.net\/arhiva\/author\/bosniak\/"}]}},"_links":{"self":[{"href":"https:\/\/sandzakpress.net\/arhiva\/wp-json\/wp\/v2\/posts\/148916"}],"collection":[{"href":"https:\/\/sandzakpress.net\/arhiva\/wp-json\/wp\/v2\/posts"}],"about":[{"href":"https:\/\/sandzakpress.net\/arhiva\/wp-json\/wp\/v2\/types\/post"}],"author":[{"embeddable":true,"href":"https:\/\/sandzakpress.net\/arhiva\/wp-json\/wp\/v2\/users\/83"}],"replies":[{"embeddable":true,"href":"https:\/\/sandzakpress.net\/arhiva\/wp-json\/wp\/v2\/comments?post=148916"}],"version-history":[{"count":0,"href":"https:\/\/sandzakpress.net\/arhiva\/wp-json\/wp\/v2\/posts\/148916\/revisions"}],"wp:featuredmedia":[{"embeddable":true,"href":"https:\/\/sandzakpress.net\/arhiva\/wp-json\/wp\/v2\/media\/148917"}],"wp:attachment":[{"href":"https:\/\/sandzakpress.net\/arhiva\/wp-json\/wp\/v2\/media?parent=148916"}],"wp:term":[{"taxonomy":"category","embeddable":true,"href":"https:\/\/sandzakpress.net\/arhiva\/wp-json\/wp\/v2\/categories?post=148916"},{"taxonomy":"post_tag","embeddable":true,"href":"https:\/\/sandzakpress.net\/arhiva\/wp-json\/wp\/v2\/tags?post=148916"}],"curies":[{"name":"wp","href":"https:\/\/api.w.org\/{rel}","templated":true}]}}