{"id":148861,"date":"2015-12-10T21:24:35","date_gmt":"2015-12-10T20:24:35","guid":{"rendered":"https:\/\/sandzakpress.net\/arhiva\/erdogan-turska-uz-bih-i-u-dobru-i-u-zlu"},"modified":"2015-12-10T21:24:35","modified_gmt":"2015-12-10T20:24:35","slug":"erdogan-turska-uz-bih-i-u-dobru-i-u-zlu","status":"publish","type":"post","link":"https:\/\/sandzakpress.net\/arhiva\/erdogan-turska-uz-bih-i-u-dobru-i-u-zlu\/","title":{"rendered":"Erdogan: Turska uz BiH i u dobru, i u zlu"},"content":{"rendered":"<p class=\"standfirst\" style=\"text-align: justify\">Turska \u0107e uvijek biti uz BiH i prijatelje u borbi protiv terorizma, obe\u0107ao je turski predsjednik<\/p>\n<p style=\"text-align: justify\"><strong><a href=\"http:\/\/bosnapress.net\/wp-content\/uploads\/2015\/12\/covic_erdogan_izetbegovic_anadolija_main.jpg\"><img loading=\"lazy\" decoding=\"async\" class=\"alignnone size-large wp-image-162744\" src=\"http:\/\/bosnapress.net\/wp-content\/uploads\/2015\/12\/covic_erdogan_izetbegovic_anadolija_main-616x411.jpg\" alt=\"covic_erdogan_izetbegovic_anadolija_main\" width=\"600\" height=\"400\" \/><\/a>BiH, Turska \u2013 Turski predsjednik Recep Tayyip Erdogan je, nakon sastanka u Ankari s \u010dlanovima Predsjedni\u0161tva Bosne i Hercegovine Draganom \u010covi\u0107em i Bakirom Izetbegovi\u0107em, izjavio da \u0107e Turska uvijek biti uz BiH na svim poljima.<\/strong><\/p>\n<p style=\"text-align: justify\">\u201cU potpunosti vjerujem da \u0107e narod BiH i u narednom periodu nastaviti iskazivati jedinstvo u borbi protiv terorizma. Terorizam nema vjeru niti naciju. Turska \u0107e uvijek biti uz BiH i prijatelje u borbi protiv terorizma\u201d, rekao je Erdogan.<\/p>\n<p style=\"text-align: justify\">Na konferenciji za novinare Erdogan je izjavio da \u0107e dana\u0161nja posjeta produbiti saradnju i osna\u017eiti odnose izme\u0111u Turske i BiH.<\/p>\n<p style=\"text-align: justify\">\u201cNa sastancima koje smo imali danas jo\u0161 jednom smo potcrtali da je Turska uz BiH na svim poljima. Jo\u0161 jednom smo izrazili podr\u0161ku BiH na putu integracija s evropskim institucijama, kao i na evroatlantskom putu. \u017delim naglasiti da \u0107e Turska i dalje, u dobru ali i zlu, biti uz BiH na svim poljima\u201d, kazao je Erdogan.<\/p>\n<p style=\"text-align: justify\">Naglasio je kako je potrebno dodatno pro\u0161iriti saradnju izme\u0111u Turske i Bosne i Hercegovine.<\/p>\n<p style=\"text-align: justify\">\u201cSlo\u017eili smo se u pogledu potrebe pro\u0161irenja opsega me\u0111usobne saradnje. \u017delim kazati da smo odlu\u010dni da nastavimo zajedni\u010dke aktivnosti s BiH na svim poljima, uklju\u010duju\u0107i politi\u010dke, ekonomske, trgovinske i vojne odnose\u201d, istakao je turski predsjednik.<\/p>\n<p style=\"text-align: justify\"><strong>Nastavak uvoza mesa<\/strong><\/p>\n<p style=\"text-align: justify\">Na pitanje o uvozu mesa iz BiH u Tursku, Erdogan je odgovorio da \u0107e Turska i 2016. godine nastaviti da uvozi obe\u0107anih 15.000 tona mesa.<\/p>\n<p style=\"text-align: justify\">\u201cU vezi s pitanjem uvoza 15.000 tona mesa na\u0161 sagovornik je Predsjedni\u0161tvo BiH. Nismo mogli cijelu koli\u010dinu tog mesa da uvezemo tokom ove godine, ali 2016. godine \u0107emo nastaviti da uvozimo to meso\u201d, rekao je Erdogan.<\/p>\n<p style=\"text-align: justify\">\u010clanovi Predsjedni\u0161tva BiH su tokom susreta s Erdoganom kazali da su BiH i Republika Turska prijateljske zemlje, koje nemaju otvorenih politi\u010dkih pitanja.<\/p>\n<p style=\"text-align: justify\">\u201cIstaknuli su da je ekonomska saradnja na visokom nivou, s mogu\u0107no\u0161\u0107u unapre\u0111enja i zajedni\u010dkog nastupa na tre\u0107im tr\u017ei\u0161tima. \u010clanovi Predsjedni\u0161tva BiH su iskazali zahvalnost predsjedniku Erdoganu, du\u017enosnicima Republike Turske i turskome narodu, za kontinuiranu podr\u0161ku koju Republika Turska pru\u017ea svim gra\u0111anima Bosne i Hercegovine\u201d, navodi se u saop\u0107enju Predsjedni\u0161tva BiH.<\/p>\n<p style=\"text-align: justify\">Na sastanku je razgovarano i o bliskoisto\u010dnoj, humanitarnoj, politi\u010dkoj i sigurnosnoj krizi, te modalitetima njezina rje\u0161avanja.<\/p>\n<p style=\"text-align: justify\">\u010covi\u0107 i Izetbegovi\u0107 nalaze se u slu\u017ebenoj dvodnevnoj posjeti Republici Turskoj.<\/p>\n<p style=\"text-align: justify\">Drugog dana posjete, oni \u0107e obi\u0107i Anitkabir, mauzolej Mustafe Kemala Ataturka, gdje \u0107e odati po\u010dast polaganjem vijenaca. Nakon toga planirana je posjeta \u010dlanova Predsjedni\u0161tva Univerzitetu Gazi.<\/p>\n<p style=\"text-align: justify\">Osim toga, posjetit \u0107e Veliku narodnu skup\u0161tinu Republike Turske, gdje \u0107e se susresti s predsjednikom Skup\u0161tine Ismailom Kahramanom, a predvi\u0111en je i susret s premijerom Turske Ahmetom Davutogluom u pala\u010di Cankaya.<\/p>\n<p style=\"text-align: justify\"><em>Izvor: Agencije<\/em><\/p>\n<p>Pogledajte vijest na izvornom sajtu:<\/p>\n<p><a href=\"http:\/\/bosnapress.net\/erdogan-turska-uz-bih-i-u-dobru-i-u-zlu\/\" target=\"_blank\">Erdogan: Turska uz BiH i u dobru, i u zlu<\/a><\/p>\n","protected":false},"excerpt":{"rendered":"<p>Turska \u0107e uvijek biti uz BiH i prijatelje u borbi protiv terorizma, obe\u0107ao je turski predsjednik BiH, Turska \u2013 Turski predsjednik Recep Tayyip Erdogan je, nakon sastanka u Ankari s \u010dlanovima Predsjedni\u0161tva Bosne i Hercegovine Draganom \u010covi\u0107em i Bakirom Izetbegovi\u0107em, izjavio da \u0107e Turska uvijek biti uz BiH na svim poljima. \u201cU potpunosti vjerujem da [&hellip;]<\/p>\n","protected":false},"author":83,"featured_media":148863,"comment_status":"open","ping_status":"open","sticky":false,"template":"","format":"standard","meta":{"footnotes":""},"categories":[10513],"tags":[10466],"class_list":{"0":"post-148861","1":"post","2":"type-post","3":"status-publish","4":"format-standard","5":"has-post-thumbnail","7":"category-bosna-press","8":"tag-bosna-i-hercegovina"},"yoast_head":"<!-- This site is optimized with the Yoast SEO Premium plugin v23.1 (Yoast SEO v24.9) - https:\/\/yoast.com\/wordpress\/plugins\/seo\/ -->\n<title>Erdogan: Turska uz BiH i u dobru, i u zlu<\/title>\n<meta name=\"robots\" content=\"index, follow, max-snippet:-1, max-image-preview:large, max-video-preview:-1\" \/>\n<link rel=\"canonical\" href=\"https:\/\/sandzakpress.net\/arhiva\/erdogan-turska-uz-bih-i-u-dobru-i-u-zlu\/\" \/>\n<meta property=\"og:locale\" content=\"bs_BA\" \/>\n<meta property=\"og:type\" content=\"article\" \/>\n<meta property=\"og:title\" content=\"Erdogan: Turska uz BiH i u dobru, i u zlu\" \/>\n<meta property=\"og:description\" content=\"Turska \u0107e uvijek biti uz BiH i prijatelje u borbi protiv terorizma, obe\u0107ao je turski predsjednik BiH, Turska \u2013 Turski predsjednik Recep Tayyip Erdogan je, nakon sastanka u Ankari s \u010dlanovima Predsjedni\u0161tva Bosne i Hercegovine Draganom \u010covi\u0107em i Bakirom Izetbegovi\u0107em, izjavio da \u0107e Turska uvijek biti uz BiH na svim poljima. \u201cU potpunosti vjerujem da [&hellip;]\" \/>\n<meta property=\"og:url\" content=\"https:\/\/sandzakpress.net\/arhiva\/erdogan-turska-uz-bih-i-u-dobru-i-u-zlu\/\" \/>\n<meta property=\"og:site_name\" content=\"Sand\u017eak PRESS\" \/>\n<meta property=\"article:published_time\" content=\"2015-12-10T20:24:35+00:00\" \/>\n<meta property=\"og:image\" content=\"https:\/\/sandzakpress.net\/arhiva\/wp-content\/uploads\/2015\/12\/covic_erdogan_izetbegovic_anadolija_main-616x4111.jpg\" \/>\n\t<meta property=\"og:image:width\" content=\"616\" \/>\n\t<meta property=\"og:image:height\" content=\"411\" \/>\n\t<meta property=\"og:image:type\" content=\"image\/jpeg\" \/>\n<meta name=\"author\" content=\"bosniak\" \/>\n<meta name=\"twitter:card\" content=\"summary_large_image\" \/>\n<meta name=\"twitter:label1\" content=\"Written by\" \/>\n\t<meta name=\"twitter:data1\" content=\"bosniak\" \/>\n\t<meta name=\"twitter:label2\" content=\"Est. reading time\" \/>\n\t<meta name=\"twitter:data2\" content=\"2 minute\" \/>\n<script type=\"application\/ld+json\" class=\"yoast-schema-graph\">{\"@context\":\"https:\/\/schema.org\",\"@graph\":[{\"@type\":\"Article\",\"@id\":\"https:\/\/sandzakpress.net\/arhiva\/erdogan-turska-uz-bih-i-u-dobru-i-u-zlu\/#article\",\"isPartOf\":{\"@id\":\"https:\/\/sandzakpress.net\/arhiva\/erdogan-turska-uz-bih-i-u-dobru-i-u-zlu\/\"},\"author\":{\"name\":\"bosniak\",\"@id\":\"https:\/\/sandzakpress.net\/arhiva\/#\/schema\/person\/c8baee722073534b583ea7bdb2e36c02\"},\"headline\":\"Erdogan: Turska uz BiH i u dobru, i u zlu\",\"datePublished\":\"2015-12-10T20:24:35+00:00\",\"mainEntityOfPage\":{\"@id\":\"https:\/\/sandzakpress.net\/arhiva\/erdogan-turska-uz-bih-i-u-dobru-i-u-zlu\/\"},\"wordCount\":504,\"commentCount\":2,\"publisher\":{\"@id\":\"https:\/\/sandzakpress.net\/arhiva\/#\/schema\/person\/6e72b67d6e51910a1117b3b483ba20bd\"},\"image\":{\"@id\":\"https:\/\/sandzakpress.net\/arhiva\/erdogan-turska-uz-bih-i-u-dobru-i-u-zlu\/#primaryimage\"},\"thumbnailUrl\":\"https:\/\/sandzakpress.net\/arhiva\/wp-content\/uploads\/2015\/12\/covic_erdogan_izetbegovic_anadolija_main-616x4111.jpg\",\"keywords\":[\"Bosna i Hercegovina\"],\"articleSection\":[\"Bosna PRESS\"],\"inLanguage\":\"bs-BA\",\"potentialAction\":[{\"@type\":\"CommentAction\",\"name\":\"Comment\",\"target\":[\"https:\/\/sandzakpress.net\/arhiva\/erdogan-turska-uz-bih-i-u-dobru-i-u-zlu\/#respond\"]}]},{\"@type\":\"WebPage\",\"@id\":\"https:\/\/sandzakpress.net\/arhiva\/erdogan-turska-uz-bih-i-u-dobru-i-u-zlu\/\",\"url\":\"https:\/\/sandzakpress.net\/arhiva\/erdogan-turska-uz-bih-i-u-dobru-i-u-zlu\/\",\"name\":\"Erdogan: Turska uz BiH i u dobru, i u zlu\",\"isPartOf\":{\"@id\":\"https:\/\/sandzakpress.net\/arhiva\/#website\"},\"primaryImageOfPage\":{\"@id\":\"https:\/\/sandzakpress.net\/arhiva\/erdogan-turska-uz-bih-i-u-dobru-i-u-zlu\/#primaryimage\"},\"image\":{\"@id\":\"https:\/\/sandzakpress.net\/arhiva\/erdogan-turska-uz-bih-i-u-dobru-i-u-zlu\/#primaryimage\"},\"thumbnailUrl\":\"https:\/\/sandzakpress.net\/arhiva\/wp-content\/uploads\/2015\/12\/covic_erdogan_izetbegovic_anadolija_main-616x4111.jpg\",\"datePublished\":\"2015-12-10T20:24:35+00:00\",\"breadcrumb\":{\"@id\":\"https:\/\/sandzakpress.net\/arhiva\/erdogan-turska-uz-bih-i-u-dobru-i-u-zlu\/#breadcrumb\"},\"inLanguage\":\"bs-BA\",\"potentialAction\":[{\"@type\":\"ReadAction\",\"target\":[\"https:\/\/sandzakpress.net\/arhiva\/erdogan-turska-uz-bih-i-u-dobru-i-u-zlu\/\"]}]},{\"@type\":\"ImageObject\",\"inLanguage\":\"bs-BA\",\"@id\":\"https:\/\/sandzakpress.net\/arhiva\/erdogan-turska-uz-bih-i-u-dobru-i-u-zlu\/#primaryimage\",\"url\":\"https:\/\/sandzakpress.net\/arhiva\/wp-content\/uploads\/2015\/12\/covic_erdogan_izetbegovic_anadolija_main-616x4111.jpg\",\"contentUrl\":\"https:\/\/sandzakpress.net\/arhiva\/wp-content\/uploads\/2015\/12\/covic_erdogan_izetbegovic_anadolija_main-616x4111.jpg\",\"width\":616,\"height\":411},{\"@type\":\"BreadcrumbList\",\"@id\":\"https:\/\/sandzakpress.net\/arhiva\/erdogan-turska-uz-bih-i-u-dobru-i-u-zlu\/#breadcrumb\",\"itemListElement\":[{\"@type\":\"ListItem\",\"position\":1,\"name\":\"Home\",\"item\":\"https:\/\/sandzakpress.net\/arhiva\/\"},{\"@type\":\"ListItem\",\"position\":2,\"name\":\"Erdogan: Turska uz BiH i u dobru, i u zlu\"}]},{\"@type\":\"WebSite\",\"@id\":\"https:\/\/sandzakpress.net\/arhiva\/#website\",\"url\":\"https:\/\/sandzakpress.net\/arhiva\/\",\"name\":\"Sand\u017eak PRESS\",\"description\":\"Prve elektronske novine u Sand\u017eaku\",\"publisher\":{\"@id\":\"https:\/\/sandzakpress.net\/arhiva\/#\/schema\/person\/6e72b67d6e51910a1117b3b483ba20bd\"},\"potentialAction\":[{\"@type\":\"SearchAction\",\"target\":{\"@type\":\"EntryPoint\",\"urlTemplate\":\"https:\/\/sandzakpress.net\/arhiva\/?s={search_term_string}\"},\"query-input\":{\"@type\":\"PropertyValueSpecification\",\"valueRequired\":true,\"valueName\":\"search_term_string\"}}],\"inLanguage\":\"bs-BA\"},{\"@type\":[\"Person\",\"Organization\"],\"@id\":\"https:\/\/sandzakpress.net\/arhiva\/#\/schema\/person\/6e72b67d6e51910a1117b3b483ba20bd\",\"name\":\"Kul\",\"image\":{\"@type\":\"ImageObject\",\"inLanguage\":\"bs-BA\",\"@id\":\"https:\/\/sandzakpress.net\/arhiva\/#\/schema\/person\/image\/\",\"url\":\"https:\/\/secure.gravatar.com\/avatar\/42263f39aa27ac04c43cab85c280eb2e?s=96&d=mm&r=pg\",\"contentUrl\":\"https:\/\/secure.gravatar.com\/avatar\/42263f39aa27ac04c43cab85c280eb2e?s=96&d=mm&r=pg\",\"caption\":\"Kul\"},\"logo\":{\"@id\":\"https:\/\/sandzakpress.net\/arhiva\/#\/schema\/person\/image\/\"}},{\"@type\":\"Person\",\"@id\":\"https:\/\/sandzakpress.net\/arhiva\/#\/schema\/person\/c8baee722073534b583ea7bdb2e36c02\",\"name\":\"bosniak\",\"image\":{\"@type\":\"ImageObject\",\"inLanguage\":\"bs-BA\",\"@id\":\"https:\/\/sandzakpress.net\/arhiva\/#\/schema\/person\/image\/\",\"url\":\"https:\/\/secure.gravatar.com\/avatar\/a04fd330bfe3a36a72a0ad4a6d89fca7?s=96&d=mm&r=pg\",\"contentUrl\":\"https:\/\/secure.gravatar.com\/avatar\/a04fd330bfe3a36a72a0ad4a6d89fca7?s=96&d=mm&r=pg\",\"caption\":\"bosniak\"},\"url\":\"https:\/\/sandzakpress.net\/arhiva\/author\/bosniak\/\"}]}<\/script>\n<!-- \/ Yoast SEO Premium plugin. -->","yoast_head_json":{"title":"Erdogan: Turska uz BiH i u dobru, i u zlu","robots":{"index":"index","follow":"follow","max-snippet":"max-snippet:-1","max-image-preview":"max-image-preview:large","max-video-preview":"max-video-preview:-1"},"canonical":"https:\/\/sandzakpress.net\/arhiva\/erdogan-turska-uz-bih-i-u-dobru-i-u-zlu\/","og_locale":"bs_BA","og_type":"article","og_title":"Erdogan: Turska uz BiH i u dobru, i u zlu","og_description":"Turska \u0107e uvijek biti uz BiH i prijatelje u borbi protiv terorizma, obe\u0107ao je turski predsjednik BiH, Turska \u2013 Turski predsjednik Recep Tayyip Erdogan je, nakon sastanka u Ankari s \u010dlanovima Predsjedni\u0161tva Bosne i Hercegovine Draganom \u010covi\u0107em i Bakirom Izetbegovi\u0107em, izjavio da \u0107e Turska uvijek biti uz BiH na svim poljima. \u201cU potpunosti vjerujem da [&hellip;]","og_url":"https:\/\/sandzakpress.net\/arhiva\/erdogan-turska-uz-bih-i-u-dobru-i-u-zlu\/","og_site_name":"Sand\u017eak PRESS","article_published_time":"2015-12-10T20:24:35+00:00","og_image":[{"width":616,"height":411,"url":"https:\/\/sandzakpress.net\/arhiva\/wp-content\/uploads\/2015\/12\/covic_erdogan_izetbegovic_anadolija_main-616x4111.jpg","type":"image\/jpeg"}],"author":"bosniak","twitter_card":"summary_large_image","twitter_misc":{"Written by":"bosniak","Est. reading time":"2 minute"},"schema":{"@context":"https:\/\/schema.org","@graph":[{"@type":"Article","@id":"https:\/\/sandzakpress.net\/arhiva\/erdogan-turska-uz-bih-i-u-dobru-i-u-zlu\/#article","isPartOf":{"@id":"https:\/\/sandzakpress.net\/arhiva\/erdogan-turska-uz-bih-i-u-dobru-i-u-zlu\/"},"author":{"name":"bosniak","@id":"https:\/\/sandzakpress.net\/arhiva\/#\/schema\/person\/c8baee722073534b583ea7bdb2e36c02"},"headline":"Erdogan: Turska uz BiH i u dobru, i u zlu","datePublished":"2015-12-10T20:24:35+00:00","mainEntityOfPage":{"@id":"https:\/\/sandzakpress.net\/arhiva\/erdogan-turska-uz-bih-i-u-dobru-i-u-zlu\/"},"wordCount":504,"commentCount":2,"publisher":{"@id":"https:\/\/sandzakpress.net\/arhiva\/#\/schema\/person\/6e72b67d6e51910a1117b3b483ba20bd"},"image":{"@id":"https:\/\/sandzakpress.net\/arhiva\/erdogan-turska-uz-bih-i-u-dobru-i-u-zlu\/#primaryimage"},"thumbnailUrl":"https:\/\/sandzakpress.net\/arhiva\/wp-content\/uploads\/2015\/12\/covic_erdogan_izetbegovic_anadolija_main-616x4111.jpg","keywords":["Bosna i Hercegovina"],"articleSection":["Bosna PRESS"],"inLanguage":"bs-BA","potentialAction":[{"@type":"CommentAction","name":"Comment","target":["https:\/\/sandzakpress.net\/arhiva\/erdogan-turska-uz-bih-i-u-dobru-i-u-zlu\/#respond"]}]},{"@type":"WebPage","@id":"https:\/\/sandzakpress.net\/arhiva\/erdogan-turska-uz-bih-i-u-dobru-i-u-zlu\/","url":"https:\/\/sandzakpress.net\/arhiva\/erdogan-turska-uz-bih-i-u-dobru-i-u-zlu\/","name":"Erdogan: Turska uz BiH i u dobru, i u zlu","isPartOf":{"@id":"https:\/\/sandzakpress.net\/arhiva\/#website"},"primaryImageOfPage":{"@id":"https:\/\/sandzakpress.net\/arhiva\/erdogan-turska-uz-bih-i-u-dobru-i-u-zlu\/#primaryimage"},"image":{"@id":"https:\/\/sandzakpress.net\/arhiva\/erdogan-turska-uz-bih-i-u-dobru-i-u-zlu\/#primaryimage"},"thumbnailUrl":"https:\/\/sandzakpress.net\/arhiva\/wp-content\/uploads\/2015\/12\/covic_erdogan_izetbegovic_anadolija_main-616x4111.jpg","datePublished":"2015-12-10T20:24:35+00:00","breadcrumb":{"@id":"https:\/\/sandzakpress.net\/arhiva\/erdogan-turska-uz-bih-i-u-dobru-i-u-zlu\/#breadcrumb"},"inLanguage":"bs-BA","potentialAction":[{"@type":"ReadAction","target":["https:\/\/sandzakpress.net\/arhiva\/erdogan-turska-uz-bih-i-u-dobru-i-u-zlu\/"]}]},{"@type":"ImageObject","inLanguage":"bs-BA","@id":"https:\/\/sandzakpress.net\/arhiva\/erdogan-turska-uz-bih-i-u-dobru-i-u-zlu\/#primaryimage","url":"https:\/\/sandzakpress.net\/arhiva\/wp-content\/uploads\/2015\/12\/covic_erdogan_izetbegovic_anadolija_main-616x4111.jpg","contentUrl":"https:\/\/sandzakpress.net\/arhiva\/wp-content\/uploads\/2015\/12\/covic_erdogan_izetbegovic_anadolija_main-616x4111.jpg","width":616,"height":411},{"@type":"BreadcrumbList","@id":"https:\/\/sandzakpress.net\/arhiva\/erdogan-turska-uz-bih-i-u-dobru-i-u-zlu\/#breadcrumb","itemListElement":[{"@type":"ListItem","position":1,"name":"Home","item":"https:\/\/sandzakpress.net\/arhiva\/"},{"@type":"ListItem","position":2,"name":"Erdogan: Turska uz BiH i u dobru, i u zlu"}]},{"@type":"WebSite","@id":"https:\/\/sandzakpress.net\/arhiva\/#website","url":"https:\/\/sandzakpress.net\/arhiva\/","name":"Sand\u017eak PRESS","description":"Prve elektronske novine u Sand\u017eaku","publisher":{"@id":"https:\/\/sandzakpress.net\/arhiva\/#\/schema\/person\/6e72b67d6e51910a1117b3b483ba20bd"},"potentialAction":[{"@type":"SearchAction","target":{"@type":"EntryPoint","urlTemplate":"https:\/\/sandzakpress.net\/arhiva\/?s={search_term_string}"},"query-input":{"@type":"PropertyValueSpecification","valueRequired":true,"valueName":"search_term_string"}}],"inLanguage":"bs-BA"},{"@type":["Person","Organization"],"@id":"https:\/\/sandzakpress.net\/arhiva\/#\/schema\/person\/6e72b67d6e51910a1117b3b483ba20bd","name":"Kul","image":{"@type":"ImageObject","inLanguage":"bs-BA","@id":"https:\/\/sandzakpress.net\/arhiva\/#\/schema\/person\/image\/","url":"https:\/\/secure.gravatar.com\/avatar\/42263f39aa27ac04c43cab85c280eb2e?s=96&d=mm&r=pg","contentUrl":"https:\/\/secure.gravatar.com\/avatar\/42263f39aa27ac04c43cab85c280eb2e?s=96&d=mm&r=pg","caption":"Kul"},"logo":{"@id":"https:\/\/sandzakpress.net\/arhiva\/#\/schema\/person\/image\/"}},{"@type":"Person","@id":"https:\/\/sandzakpress.net\/arhiva\/#\/schema\/person\/c8baee722073534b583ea7bdb2e36c02","name":"bosniak","image":{"@type":"ImageObject","inLanguage":"bs-BA","@id":"https:\/\/sandzakpress.net\/arhiva\/#\/schema\/person\/image\/","url":"https:\/\/secure.gravatar.com\/avatar\/a04fd330bfe3a36a72a0ad4a6d89fca7?s=96&d=mm&r=pg","contentUrl":"https:\/\/secure.gravatar.com\/avatar\/a04fd330bfe3a36a72a0ad4a6d89fca7?s=96&d=mm&r=pg","caption":"bosniak"},"url":"https:\/\/sandzakpress.net\/arhiva\/author\/bosniak\/"}]}},"_links":{"self":[{"href":"https:\/\/sandzakpress.net\/arhiva\/wp-json\/wp\/v2\/posts\/148861"}],"collection":[{"href":"https:\/\/sandzakpress.net\/arhiva\/wp-json\/wp\/v2\/posts"}],"about":[{"href":"https:\/\/sandzakpress.net\/arhiva\/wp-json\/wp\/v2\/types\/post"}],"author":[{"embeddable":true,"href":"https:\/\/sandzakpress.net\/arhiva\/wp-json\/wp\/v2\/users\/83"}],"replies":[{"embeddable":true,"href":"https:\/\/sandzakpress.net\/arhiva\/wp-json\/wp\/v2\/comments?post=148861"}],"version-history":[{"count":0,"href":"https:\/\/sandzakpress.net\/arhiva\/wp-json\/wp\/v2\/posts\/148861\/revisions"}],"wp:featuredmedia":[{"embeddable":true,"href":"https:\/\/sandzakpress.net\/arhiva\/wp-json\/wp\/v2\/media\/148863"}],"wp:attachment":[{"href":"https:\/\/sandzakpress.net\/arhiva\/wp-json\/wp\/v2\/media?parent=148861"}],"wp:term":[{"taxonomy":"category","embeddable":true,"href":"https:\/\/sandzakpress.net\/arhiva\/wp-json\/wp\/v2\/categories?post=148861"},{"taxonomy":"post_tag","embeddable":true,"href":"https:\/\/sandzakpress.net\/arhiva\/wp-json\/wp\/v2\/tags?post=148861"}],"curies":[{"name":"wp","href":"https:\/\/api.w.org\/{rel}","templated":true}]}}