{"id":14876,"date":"2011-04-12T17:37:22","date_gmt":"2011-04-12T15:37:22","guid":{"rendered":"https:\/\/sandzakpress.net\/arhiva\/?p=14876"},"modified":"2011-04-12T17:37:22","modified_gmt":"2011-04-12T15:37:22","slug":"evropski-sud-za-ljudska-prava-preuzima-predmet-ljiljan-radija","status":"publish","type":"post","link":"https:\/\/sandzakpress.net\/arhiva\/evropski-sud-za-ljudska-prava-preuzima-predmet-ljiljan-radija\/","title":{"rendered":"Evropski sud za ljudska prava preuzima predmet &#8220;Ljiljan radija&#8221;"},"content":{"rendered":"<p><strong><a href=\"https:\/\/sandzakpress.net\/arhiva\/wp-content\/uploads\/2011\/04\/coe.jpg\"><img loading=\"lazy\" decoding=\"async\" class=\"alignleft size-medium wp-image-14877\" title=\"coe\" src=\"https:\/\/sandzakpress.net\/arhiva\/wp-content\/uploads\/2011\/04\/coe-300x87.jpg\" alt=\"\" width=\"300\" height=\"87\" \/><\/a>Prijepolje &#8211; Bo\u0161nja\u010dka kulturna zajednica dobila je pismo od Sekretarijata Evropskog suda za ljudska prava iz Strazbura koji je obavje\u0161tava da je ovaj sud predmetu Ljiljan radija po tu\u017ebi BKZ-a protiv RRA-a dodijelio djelovodni broj 13375\/11. <\/strong><\/p>\n<p>Uz obavijest o pokretanju postupa po tu\u017ebi BKZ-a protiv RRA-a, Evropski sud za ljudska prava u Strazburu poslao je i set dokumenata o podnesku tu\u017ebe, primjerak Konvencije s protokolima i primjerak Slu\u017ebenog obrasca predstavke.\u00a0Pismo poslato iz Strazbura 1. 3. 2011. godine na adresu primaoca stiglo je tek 11. 4. 2011. godine. Dakle, punih 41 dan je trebalo po\u0161ti da dostavi jednu obimom ne veliku po\u0161iljku iz Strazbura do Novoga Pazara. BKZ je dobila osam nedjelja da dostavi svu dokumentaciju o ovom predmetu Evropskom sudu za ljudska prava u Strazburu, pa je na ovaj na\u010din neko htio da po\u0161iljka okasni kako bi iscurilo vrijeme.<\/p>\n<p>U popratnom pismu Sekretarijata Evropskog suda za ljudska prava stoji da je u po\u0161iljci i 10 naljepnica sa bar kodovima koje je neophodno nalijepiti na dokazne dokumente u predmetu Ljiljan radija, ali slu\u017ebenici BKZ-a po otvaranju po\u0161iljke iste nisu prona\u0161li. BKZ \u0107e o ovom incidentu obavijestiti Evropski sud u Strazburu i od PTT-a Srbije tra\u017eiti obja\u0161njenje. Ukoliko se utvrdi da je bilo ko otvarao slu\u017ebenu po\u0161iljku,\u00a0 BKZ \u0107e podnijeti krivi\u010dne prijave protiv odgovornih lica u PTT-u Srbije.<\/p>\n<p>Izvor: <strong>BKZ.rs<\/strong><\/p>\n","protected":false},"excerpt":{"rendered":"<p>Prijepolje &#8211; Bo\u0161nja\u010dka kulturna zajednica dobila je pismo od Sekretarijata Evropskog suda za ljudska prava iz Strazbura koji je obavje\u0161tava da je ovaj sud predmetu Ljiljan radija po tu\u017ebi BKZ-a protiv RRA-a dodijelio djelovodni broj 13375\/11. Uz obavijest o pokretanju postupa po tu\u017ebi BKZ-a protiv RRA-a, Evropski sud za ljudska prava u Strazburu poslao je [&hellip;]<\/p>\n","protected":false},"author":83,"featured_media":14877,"comment_status":"open","ping_status":"open","sticky":false,"template":"","format":"standard","meta":{"footnotes":""},"categories":[800,392],"tags":[],"class_list":{"0":"post-14876","1":"post","2":"type-post","3":"status-publish","4":"format-standard","5":"has-post-thumbnail","7":"category-nacija","8":"category-prijepolje_"},"yoast_head":"<!-- This site is optimized with the Yoast SEO Premium plugin v23.1 (Yoast SEO v24.9) - https:\/\/yoast.com\/wordpress\/plugins\/seo\/ -->\n<title>Evropski sud za ljudska prava preuzima predmet &quot;Ljiljan radija&quot;<\/title>\n<meta name=\"robots\" content=\"index, follow, max-snippet:-1, max-image-preview:large, max-video-preview:-1\" \/>\n<link rel=\"canonical\" href=\"https:\/\/sandzakpress.net\/arhiva\/evropski-sud-za-ljudska-prava-preuzima-predmet-ljiljan-radija\/\" \/>\n<meta property=\"og:locale\" content=\"bs_BA\" \/>\n<meta property=\"og:type\" content=\"article\" \/>\n<meta property=\"og:title\" content=\"Evropski sud za ljudska prava preuzima predmet &quot;Ljiljan radija&quot;\" \/>\n<meta property=\"og:description\" content=\"Prijepolje &#8211; Bo\u0161nja\u010dka kulturna zajednica dobila je pismo od Sekretarijata Evropskog suda za ljudska prava iz Strazbura koji je obavje\u0161tava da je ovaj sud predmetu Ljiljan radija po tu\u017ebi BKZ-a protiv RRA-a dodijelio djelovodni broj 13375\/11. Uz obavijest o pokretanju postupa po tu\u017ebi BKZ-a protiv RRA-a, Evropski sud za ljudska prava u Strazburu poslao je [&hellip;]\" \/>\n<meta property=\"og:url\" content=\"https:\/\/sandzakpress.net\/arhiva\/evropski-sud-za-ljudska-prava-preuzima-predmet-ljiljan-radija\/\" \/>\n<meta property=\"og:site_name\" content=\"Sand\u017eak PRESS\" \/>\n<meta property=\"article:published_time\" content=\"2011-04-12T15:37:22+00:00\" \/>\n<meta property=\"og:image\" content=\"https:\/\/sandzakpress.net\/arhiva\/wp-content\/uploads\/2011\/04\/coe.jpg\" \/>\n\t<meta property=\"og:image:width\" content=\"450\" \/>\n\t<meta property=\"og:image:height\" content=\"131\" \/>\n\t<meta property=\"og:image:type\" content=\"image\/jpeg\" \/>\n<meta name=\"author\" content=\"bosniak\" \/>\n<meta name=\"twitter:card\" content=\"summary_large_image\" \/>\n<meta name=\"twitter:label1\" content=\"Written by\" \/>\n\t<meta name=\"twitter:data1\" content=\"bosniak\" \/>\n\t<meta name=\"twitter:label2\" content=\"Est. reading time\" \/>\n\t<meta name=\"twitter:data2\" content=\"1 minuta\" \/>\n<script type=\"application\/ld+json\" class=\"yoast-schema-graph\">{\"@context\":\"https:\/\/schema.org\",\"@graph\":[{\"@type\":\"Article\",\"@id\":\"https:\/\/sandzakpress.net\/arhiva\/evropski-sud-za-ljudska-prava-preuzima-predmet-ljiljan-radija\/#article\",\"isPartOf\":{\"@id\":\"https:\/\/sandzakpress.net\/arhiva\/evropski-sud-za-ljudska-prava-preuzima-predmet-ljiljan-radija\/\"},\"author\":{\"name\":\"bosniak\",\"@id\":\"https:\/\/sandzakpress.net\/arhiva\/#\/schema\/person\/c8baee722073534b583ea7bdb2e36c02\"},\"headline\":\"Evropski sud za ljudska prava preuzima predmet &#8220;Ljiljan radija&#8221;\",\"datePublished\":\"2011-04-12T15:37:22+00:00\",\"mainEntityOfPage\":{\"@id\":\"https:\/\/sandzakpress.net\/arhiva\/evropski-sud-za-ljudska-prava-preuzima-predmet-ljiljan-radija\/\"},\"wordCount\":240,\"commentCount\":2,\"publisher\":{\"@id\":\"https:\/\/sandzakpress.net\/arhiva\/#\/schema\/person\/6e72b67d6e51910a1117b3b483ba20bd\"},\"image\":{\"@id\":\"https:\/\/sandzakpress.net\/arhiva\/evropski-sud-za-ljudska-prava-preuzima-predmet-ljiljan-radija\/#primaryimage\"},\"thumbnailUrl\":\"https:\/\/sandzakpress.net\/arhiva\/wp-content\/uploads\/2011\/04\/coe.jpg\",\"articleSection\":[\"Nacija\",\"Prijepolje\"],\"inLanguage\":\"bs-BA\",\"potentialAction\":[{\"@type\":\"CommentAction\",\"name\":\"Comment\",\"target\":[\"https:\/\/sandzakpress.net\/arhiva\/evropski-sud-za-ljudska-prava-preuzima-predmet-ljiljan-radija\/#respond\"]}]},{\"@type\":\"WebPage\",\"@id\":\"https:\/\/sandzakpress.net\/arhiva\/evropski-sud-za-ljudska-prava-preuzima-predmet-ljiljan-radija\/\",\"url\":\"https:\/\/sandzakpress.net\/arhiva\/evropski-sud-za-ljudska-prava-preuzima-predmet-ljiljan-radija\/\",\"name\":\"Evropski sud za ljudska prava preuzima predmet \\\"Ljiljan radija\\\"\",\"isPartOf\":{\"@id\":\"https:\/\/sandzakpress.net\/arhiva\/#website\"},\"primaryImageOfPage\":{\"@id\":\"https:\/\/sandzakpress.net\/arhiva\/evropski-sud-za-ljudska-prava-preuzima-predmet-ljiljan-radija\/#primaryimage\"},\"image\":{\"@id\":\"https:\/\/sandzakpress.net\/arhiva\/evropski-sud-za-ljudska-prava-preuzima-predmet-ljiljan-radija\/#primaryimage\"},\"thumbnailUrl\":\"https:\/\/sandzakpress.net\/arhiva\/wp-content\/uploads\/2011\/04\/coe.jpg\",\"datePublished\":\"2011-04-12T15:37:22+00:00\",\"breadcrumb\":{\"@id\":\"https:\/\/sandzakpress.net\/arhiva\/evropski-sud-za-ljudska-prava-preuzima-predmet-ljiljan-radija\/#breadcrumb\"},\"inLanguage\":\"bs-BA\",\"potentialAction\":[{\"@type\":\"ReadAction\",\"target\":[\"https:\/\/sandzakpress.net\/arhiva\/evropski-sud-za-ljudska-prava-preuzima-predmet-ljiljan-radija\/\"]}]},{\"@type\":\"ImageObject\",\"inLanguage\":\"bs-BA\",\"@id\":\"https:\/\/sandzakpress.net\/arhiva\/evropski-sud-za-ljudska-prava-preuzima-predmet-ljiljan-radija\/#primaryimage\",\"url\":\"https:\/\/sandzakpress.net\/arhiva\/wp-content\/uploads\/2011\/04\/coe.jpg\",\"contentUrl\":\"https:\/\/sandzakpress.net\/arhiva\/wp-content\/uploads\/2011\/04\/coe.jpg\",\"width\":450,\"height\":131},{\"@type\":\"BreadcrumbList\",\"@id\":\"https:\/\/sandzakpress.net\/arhiva\/evropski-sud-za-ljudska-prava-preuzima-predmet-ljiljan-radija\/#breadcrumb\",\"itemListElement\":[{\"@type\":\"ListItem\",\"position\":1,\"name\":\"Home\",\"item\":\"https:\/\/sandzakpress.net\/arhiva\/\"},{\"@type\":\"ListItem\",\"position\":2,\"name\":\"Evropski sud za ljudska prava preuzima predmet &#8220;Ljiljan radija&#8221;\"}]},{\"@type\":\"WebSite\",\"@id\":\"https:\/\/sandzakpress.net\/arhiva\/#website\",\"url\":\"https:\/\/sandzakpress.net\/arhiva\/\",\"name\":\"Sand\u017eak PRESS\",\"description\":\"Prve elektronske novine u Sand\u017eaku\",\"publisher\":{\"@id\":\"https:\/\/sandzakpress.net\/arhiva\/#\/schema\/person\/6e72b67d6e51910a1117b3b483ba20bd\"},\"potentialAction\":[{\"@type\":\"SearchAction\",\"target\":{\"@type\":\"EntryPoint\",\"urlTemplate\":\"https:\/\/sandzakpress.net\/arhiva\/?s={search_term_string}\"},\"query-input\":{\"@type\":\"PropertyValueSpecification\",\"valueRequired\":true,\"valueName\":\"search_term_string\"}}],\"inLanguage\":\"bs-BA\"},{\"@type\":[\"Person\",\"Organization\"],\"@id\":\"https:\/\/sandzakpress.net\/arhiva\/#\/schema\/person\/6e72b67d6e51910a1117b3b483ba20bd\",\"name\":\"Kul\",\"image\":{\"@type\":\"ImageObject\",\"inLanguage\":\"bs-BA\",\"@id\":\"https:\/\/sandzakpress.net\/arhiva\/#\/schema\/person\/image\/\",\"url\":\"https:\/\/secure.gravatar.com\/avatar\/42263f39aa27ac04c43cab85c280eb2e?s=96&d=mm&r=pg\",\"contentUrl\":\"https:\/\/secure.gravatar.com\/avatar\/42263f39aa27ac04c43cab85c280eb2e?s=96&d=mm&r=pg\",\"caption\":\"Kul\"},\"logo\":{\"@id\":\"https:\/\/sandzakpress.net\/arhiva\/#\/schema\/person\/image\/\"}},{\"@type\":\"Person\",\"@id\":\"https:\/\/sandzakpress.net\/arhiva\/#\/schema\/person\/c8baee722073534b583ea7bdb2e36c02\",\"name\":\"bosniak\",\"image\":{\"@type\":\"ImageObject\",\"inLanguage\":\"bs-BA\",\"@id\":\"https:\/\/sandzakpress.net\/arhiva\/#\/schema\/person\/image\/\",\"url\":\"https:\/\/secure.gravatar.com\/avatar\/a04fd330bfe3a36a72a0ad4a6d89fca7?s=96&d=mm&r=pg\",\"contentUrl\":\"https:\/\/secure.gravatar.com\/avatar\/a04fd330bfe3a36a72a0ad4a6d89fca7?s=96&d=mm&r=pg\",\"caption\":\"bosniak\"},\"url\":\"https:\/\/sandzakpress.net\/arhiva\/author\/bosniak\/\"}]}<\/script>\n<!-- \/ Yoast SEO Premium plugin. -->","yoast_head_json":{"title":"Evropski sud za ljudska prava preuzima predmet \"Ljiljan radija\"","robots":{"index":"index","follow":"follow","max-snippet":"max-snippet:-1","max-image-preview":"max-image-preview:large","max-video-preview":"max-video-preview:-1"},"canonical":"https:\/\/sandzakpress.net\/arhiva\/evropski-sud-za-ljudska-prava-preuzima-predmet-ljiljan-radija\/","og_locale":"bs_BA","og_type":"article","og_title":"Evropski sud za ljudska prava preuzima predmet \"Ljiljan radija\"","og_description":"Prijepolje &#8211; Bo\u0161nja\u010dka kulturna zajednica dobila je pismo od Sekretarijata Evropskog suda za ljudska prava iz Strazbura koji je obavje\u0161tava da je ovaj sud predmetu Ljiljan radija po tu\u017ebi BKZ-a protiv RRA-a dodijelio djelovodni broj 13375\/11. Uz obavijest o pokretanju postupa po tu\u017ebi BKZ-a protiv RRA-a, Evropski sud za ljudska prava u Strazburu poslao je [&hellip;]","og_url":"https:\/\/sandzakpress.net\/arhiva\/evropski-sud-za-ljudska-prava-preuzima-predmet-ljiljan-radija\/","og_site_name":"Sand\u017eak PRESS","article_published_time":"2011-04-12T15:37:22+00:00","og_image":[{"width":450,"height":131,"url":"https:\/\/sandzakpress.net\/arhiva\/wp-content\/uploads\/2011\/04\/coe.jpg","type":"image\/jpeg"}],"author":"bosniak","twitter_card":"summary_large_image","twitter_misc":{"Written by":"bosniak","Est. reading time":"1 minuta"},"schema":{"@context":"https:\/\/schema.org","@graph":[{"@type":"Article","@id":"https:\/\/sandzakpress.net\/arhiva\/evropski-sud-za-ljudska-prava-preuzima-predmet-ljiljan-radija\/#article","isPartOf":{"@id":"https:\/\/sandzakpress.net\/arhiva\/evropski-sud-za-ljudska-prava-preuzima-predmet-ljiljan-radija\/"},"author":{"name":"bosniak","@id":"https:\/\/sandzakpress.net\/arhiva\/#\/schema\/person\/c8baee722073534b583ea7bdb2e36c02"},"headline":"Evropski sud za ljudska prava preuzima predmet &#8220;Ljiljan radija&#8221;","datePublished":"2011-04-12T15:37:22+00:00","mainEntityOfPage":{"@id":"https:\/\/sandzakpress.net\/arhiva\/evropski-sud-za-ljudska-prava-preuzima-predmet-ljiljan-radija\/"},"wordCount":240,"commentCount":2,"publisher":{"@id":"https:\/\/sandzakpress.net\/arhiva\/#\/schema\/person\/6e72b67d6e51910a1117b3b483ba20bd"},"image":{"@id":"https:\/\/sandzakpress.net\/arhiva\/evropski-sud-za-ljudska-prava-preuzima-predmet-ljiljan-radija\/#primaryimage"},"thumbnailUrl":"https:\/\/sandzakpress.net\/arhiva\/wp-content\/uploads\/2011\/04\/coe.jpg","articleSection":["Nacija","Prijepolje"],"inLanguage":"bs-BA","potentialAction":[{"@type":"CommentAction","name":"Comment","target":["https:\/\/sandzakpress.net\/arhiva\/evropski-sud-za-ljudska-prava-preuzima-predmet-ljiljan-radija\/#respond"]}]},{"@type":"WebPage","@id":"https:\/\/sandzakpress.net\/arhiva\/evropski-sud-za-ljudska-prava-preuzima-predmet-ljiljan-radija\/","url":"https:\/\/sandzakpress.net\/arhiva\/evropski-sud-za-ljudska-prava-preuzima-predmet-ljiljan-radija\/","name":"Evropski sud za ljudska prava preuzima predmet \"Ljiljan radija\"","isPartOf":{"@id":"https:\/\/sandzakpress.net\/arhiva\/#website"},"primaryImageOfPage":{"@id":"https:\/\/sandzakpress.net\/arhiva\/evropski-sud-za-ljudska-prava-preuzima-predmet-ljiljan-radija\/#primaryimage"},"image":{"@id":"https:\/\/sandzakpress.net\/arhiva\/evropski-sud-za-ljudska-prava-preuzima-predmet-ljiljan-radija\/#primaryimage"},"thumbnailUrl":"https:\/\/sandzakpress.net\/arhiva\/wp-content\/uploads\/2011\/04\/coe.jpg","datePublished":"2011-04-12T15:37:22+00:00","breadcrumb":{"@id":"https:\/\/sandzakpress.net\/arhiva\/evropski-sud-za-ljudska-prava-preuzima-predmet-ljiljan-radija\/#breadcrumb"},"inLanguage":"bs-BA","potentialAction":[{"@type":"ReadAction","target":["https:\/\/sandzakpress.net\/arhiva\/evropski-sud-za-ljudska-prava-preuzima-predmet-ljiljan-radija\/"]}]},{"@type":"ImageObject","inLanguage":"bs-BA","@id":"https:\/\/sandzakpress.net\/arhiva\/evropski-sud-za-ljudska-prava-preuzima-predmet-ljiljan-radija\/#primaryimage","url":"https:\/\/sandzakpress.net\/arhiva\/wp-content\/uploads\/2011\/04\/coe.jpg","contentUrl":"https:\/\/sandzakpress.net\/arhiva\/wp-content\/uploads\/2011\/04\/coe.jpg","width":450,"height":131},{"@type":"BreadcrumbList","@id":"https:\/\/sandzakpress.net\/arhiva\/evropski-sud-za-ljudska-prava-preuzima-predmet-ljiljan-radija\/#breadcrumb","itemListElement":[{"@type":"ListItem","position":1,"name":"Home","item":"https:\/\/sandzakpress.net\/arhiva\/"},{"@type":"ListItem","position":2,"name":"Evropski sud za ljudska prava preuzima predmet &#8220;Ljiljan radija&#8221;"}]},{"@type":"WebSite","@id":"https:\/\/sandzakpress.net\/arhiva\/#website","url":"https:\/\/sandzakpress.net\/arhiva\/","name":"Sand\u017eak PRESS","description":"Prve elektronske novine u Sand\u017eaku","publisher":{"@id":"https:\/\/sandzakpress.net\/arhiva\/#\/schema\/person\/6e72b67d6e51910a1117b3b483ba20bd"},"potentialAction":[{"@type":"SearchAction","target":{"@type":"EntryPoint","urlTemplate":"https:\/\/sandzakpress.net\/arhiva\/?s={search_term_string}"},"query-input":{"@type":"PropertyValueSpecification","valueRequired":true,"valueName":"search_term_string"}}],"inLanguage":"bs-BA"},{"@type":["Person","Organization"],"@id":"https:\/\/sandzakpress.net\/arhiva\/#\/schema\/person\/6e72b67d6e51910a1117b3b483ba20bd","name":"Kul","image":{"@type":"ImageObject","inLanguage":"bs-BA","@id":"https:\/\/sandzakpress.net\/arhiva\/#\/schema\/person\/image\/","url":"https:\/\/secure.gravatar.com\/avatar\/42263f39aa27ac04c43cab85c280eb2e?s=96&d=mm&r=pg","contentUrl":"https:\/\/secure.gravatar.com\/avatar\/42263f39aa27ac04c43cab85c280eb2e?s=96&d=mm&r=pg","caption":"Kul"},"logo":{"@id":"https:\/\/sandzakpress.net\/arhiva\/#\/schema\/person\/image\/"}},{"@type":"Person","@id":"https:\/\/sandzakpress.net\/arhiva\/#\/schema\/person\/c8baee722073534b583ea7bdb2e36c02","name":"bosniak","image":{"@type":"ImageObject","inLanguage":"bs-BA","@id":"https:\/\/sandzakpress.net\/arhiva\/#\/schema\/person\/image\/","url":"https:\/\/secure.gravatar.com\/avatar\/a04fd330bfe3a36a72a0ad4a6d89fca7?s=96&d=mm&r=pg","contentUrl":"https:\/\/secure.gravatar.com\/avatar\/a04fd330bfe3a36a72a0ad4a6d89fca7?s=96&d=mm&r=pg","caption":"bosniak"},"url":"https:\/\/sandzakpress.net\/arhiva\/author\/bosniak\/"}]}},"_links":{"self":[{"href":"https:\/\/sandzakpress.net\/arhiva\/wp-json\/wp\/v2\/posts\/14876"}],"collection":[{"href":"https:\/\/sandzakpress.net\/arhiva\/wp-json\/wp\/v2\/posts"}],"about":[{"href":"https:\/\/sandzakpress.net\/arhiva\/wp-json\/wp\/v2\/types\/post"}],"author":[{"embeddable":true,"href":"https:\/\/sandzakpress.net\/arhiva\/wp-json\/wp\/v2\/users\/83"}],"replies":[{"embeddable":true,"href":"https:\/\/sandzakpress.net\/arhiva\/wp-json\/wp\/v2\/comments?post=14876"}],"version-history":[{"count":0,"href":"https:\/\/sandzakpress.net\/arhiva\/wp-json\/wp\/v2\/posts\/14876\/revisions"}],"wp:featuredmedia":[{"embeddable":true,"href":"https:\/\/sandzakpress.net\/arhiva\/wp-json\/wp\/v2\/media\/14877"}],"wp:attachment":[{"href":"https:\/\/sandzakpress.net\/arhiva\/wp-json\/wp\/v2\/media?parent=14876"}],"wp:term":[{"taxonomy":"category","embeddable":true,"href":"https:\/\/sandzakpress.net\/arhiva\/wp-json\/wp\/v2\/categories?post=14876"},{"taxonomy":"post_tag","embeddable":true,"href":"https:\/\/sandzakpress.net\/arhiva\/wp-json\/wp\/v2\/tags?post=14876"}],"curies":[{"name":"wp","href":"https:\/\/api.w.org\/{rel}","templated":true}]}}