{"id":14841,"date":"2011-04-11T10:46:34","date_gmt":"2011-04-11T08:46:34","guid":{"rendered":"https:\/\/sandzakpress.net\/arhiva\/?p=14841"},"modified":"2011-04-11T10:46:34","modified_gmt":"2011-04-11T08:46:34","slug":"os-vuk-karadzic-dobila-lopte-za-fizicko-vaspitanje","status":"publish","type":"post","link":"https:\/\/sandzakpress.net\/arhiva\/os-vuk-karadzic-dobila-lopte-za-fizicko-vaspitanje\/","title":{"rendered":"O\u0160 Vuk Karad\u017ei\u0107 dobila lopte za fizi\u010dko vaspitanje"},"content":{"rendered":"<p><strong><a href=\"https:\/\/sandzakpress.net\/arhiva\/wp-content\/uploads\/2011\/04\/images7.jpg\"><img loading=\"lazy\" decoding=\"async\" class=\"alignleft size-full wp-image-14842\" src=\"https:\/\/sandzakpress.net\/arhiva\/wp-content\/uploads\/2011\/04\/images7.jpg\" alt=\"\" width=\"259\" height=\"194\" \/><\/a>Delegacija Gradske lokalne samouprave Novi Pazar, zajedno sa delegacijom FK Novi Pazar, danas je posjetila Osnovnu \u0161kolu Vuk Karad\u017ei\u0107 \u010dijim \u0111acima su donirali lopte za kvalitetniji razvoj nastave Fizi\u010dke kulture. Ova donacija je odgovor Gradske uprave Novi Pazar, na zahtjev nastavnika Osnovne \u0161kole &#8220;Vuk Karad\u017ei\u0107&#8221; da im se omogu\u0107e osnovna sredstva za kvalitetniju nastavu jer su \u0111aci ove \u0161kole postigli odli\u010dne rezultate na sportskim takmi\u010denjima ove godine &#8211; kako na lokalnom, tako i na regionalnom nivou<\/strong><strong>.<\/strong><\/p>\n<p>Mladi Novopazarci po ko zna koji put su pokazali da su odli\u010dni sportisti u razli\u010ditim sportskim oblastima i kategorijama. Osim profesionalnih sportista, onih koji su postali ponos Sand\u017eaka, ima i onih koji se bave rekrativno sportom za vrijeme osnovnog \u0161kolovanja, ali koji su tako\u0111er odli\u010dni sportisti i koji pokazuju odli\u010dne rezultate na lokalnom i regionalnom nivou. Tim povodom danas su predstavnici FK Novi Pazar, zajedno sa delegacijom gradske uprave Novi Pazar, posjetili Osnovnu \u0161kolu Vuk Karad\u017ei\u0107 \u010diji \u0111aci su u proteklom periodu napravili odli\u010dne rezultete.<br \/>\nOsnovci su zaista bili radosni zbog toga \u0161to su dobili lopte kako za ko\u0161arku, tako i za odbojku i fudbal. Zbog velikog nestrpljenja, prije nego \u0161to su im predstavnici FK Novi Pazar sve\u010dano dodijelili lopte, \u0111aci su po\u010deli sa igrom.<br \/>\nObzirom da se Gradska uprava u Novom Pazaru odazvala zahtjevu osnovne \u0161kole Vuk Karad\u017ei\u0107 te dodijelila lopte za kvalitetnije razvijanje nastave Fizi\u010dke kulture, odlu\u010dili su i da ubrzaju radove na Sportskoj hali kako bi kona\u010dno \u0111aci ove \u0161kole mogli Fizi\u010dko vaspitanje da odr\u017eavaju u normalnim uslovima koji ih sljeduju.<br \/>\nIako osnovna \u0161kola &#8220;Vuk Karad\u017ei\u0107&#8221; nije imala do sada adekvatne uslove za obavljanje nastave Fizi\u010dke kulture, njeni \u0111aci su dali izuzetno dobre rezultete na raznim takmi\u010denjima kako na lokalnom tako i regionalnom nivou. Pobolj\u0161anjem uslova svi se nadaju jo\u0161 boljim rezultatima, a kako pomo\u0107nik gradona\u010delnika Novog Pazara Fahrudin Meki\u0107 obe\u0107ava, \u0111aci Osnovne \u0161kole Vuk Karad\u017ei\u0107 \u0107e imati Sportsku salu za obavljanje ovog predmeta do po\u010detka naredne \u0161kolske godine, rekao je Meki\u0107.<\/p>\n<p>Izvor: <strong>Universa.tv<\/strong><\/p>\n","protected":false},"excerpt":{"rendered":"<p>Delegacija Gradske lokalne samouprave Novi Pazar, zajedno sa delegacijom FK Novi Pazar, danas je posjetila Osnovnu \u0161kolu Vuk Karad\u017ei\u0107 \u010dijim \u0111acima su donirali lopte za kvalitetniji razvoj nastave Fizi\u010dke kulture. Ova donacija je odgovor Gradske uprave Novi Pazar, na zahtjev nastavnika Osnovne \u0161kole &#8220;Vuk Karad\u017ei\u0107&#8221; da im se omogu\u0107e osnovna sredstva za kvalitetniju nastavu jer [&hellip;]<\/p>\n","protected":false},"author":13,"featured_media":14842,"comment_status":"open","ping_status":"open","sticky":false,"template":"","format":"standard","meta":{"footnotes":""},"categories":[72,4],"tags":[],"class_list":{"0":"post-14841","1":"post","2":"type-post","3":"status-publish","4":"format-standard","5":"has-post-thumbnail","7":"category-novi-pazar","8":"category-obrazovanje"},"yoast_head":"<!-- This site is optimized with the Yoast SEO Premium plugin v23.1 (Yoast SEO v24.9) - https:\/\/yoast.com\/wordpress\/plugins\/seo\/ -->\n<title>O\u0160 Vuk Karad\u017ei\u0107 dobila lopte za fizi\u010dko vaspitanje<\/title>\n<meta name=\"robots\" content=\"index, follow, max-snippet:-1, max-image-preview:large, max-video-preview:-1\" \/>\n<link rel=\"canonical\" href=\"https:\/\/sandzakpress.net\/arhiva\/os-vuk-karadzic-dobila-lopte-za-fizicko-vaspitanje\/\" \/>\n<meta property=\"og:locale\" content=\"bs_BA\" \/>\n<meta property=\"og:type\" content=\"article\" \/>\n<meta property=\"og:title\" content=\"O\u0160 Vuk Karad\u017ei\u0107 dobila lopte za fizi\u010dko vaspitanje\" \/>\n<meta property=\"og:description\" content=\"Delegacija Gradske lokalne samouprave Novi Pazar, zajedno sa delegacijom FK Novi Pazar, danas je posjetila Osnovnu \u0161kolu Vuk Karad\u017ei\u0107 \u010dijim \u0111acima su donirali lopte za kvalitetniji razvoj nastave Fizi\u010dke kulture. Ova donacija je odgovor Gradske uprave Novi Pazar, na zahtjev nastavnika Osnovne \u0161kole &#8220;Vuk Karad\u017ei\u0107&#8221; da im se omogu\u0107e osnovna sredstva za kvalitetniju nastavu jer [&hellip;]\" \/>\n<meta property=\"og:url\" content=\"https:\/\/sandzakpress.net\/arhiva\/os-vuk-karadzic-dobila-lopte-za-fizicko-vaspitanje\/\" \/>\n<meta property=\"og:site_name\" content=\"Sand\u017eak PRESS\" \/>\n<meta property=\"article:published_time\" content=\"2011-04-11T08:46:34+00:00\" \/>\n<meta property=\"og:image\" content=\"https:\/\/sandzakpress.net\/arhiva\/wp-content\/uploads\/2011\/04\/images7.jpg\" \/>\n\t<meta property=\"og:image:width\" content=\"259\" \/>\n\t<meta property=\"og:image:height\" content=\"194\" \/>\n\t<meta property=\"og:image:type\" content=\"image\/jpeg\" \/>\n<meta name=\"twitter:card\" content=\"summary_large_image\" \/>\n<meta name=\"twitter:label1\" content=\"Written by\" \/>\n\t<meta name=\"twitter:data1\" content=\"\" \/>\n\t<meta name=\"twitter:label2\" content=\"Est. reading time\" \/>\n\t<meta name=\"twitter:data2\" content=\"2 minute\" \/>\n<script type=\"application\/ld+json\" class=\"yoast-schema-graph\">{\"@context\":\"https:\/\/schema.org\",\"@graph\":[{\"@type\":\"Article\",\"@id\":\"https:\/\/sandzakpress.net\/arhiva\/os-vuk-karadzic-dobila-lopte-za-fizicko-vaspitanje\/#article\",\"isPartOf\":{\"@id\":\"https:\/\/sandzakpress.net\/arhiva\/os-vuk-karadzic-dobila-lopte-za-fizicko-vaspitanje\/\"},\"author\":{\"name\":\"\",\"@id\":\"\"},\"headline\":\"O\u0160 Vuk Karad\u017ei\u0107 dobila lopte za fizi\u010dko vaspitanje\",\"datePublished\":\"2011-04-11T08:46:34+00:00\",\"mainEntityOfPage\":{\"@id\":\"https:\/\/sandzakpress.net\/arhiva\/os-vuk-karadzic-dobila-lopte-za-fizicko-vaspitanje\/\"},\"wordCount\":366,\"commentCount\":7,\"publisher\":{\"@id\":\"https:\/\/sandzakpress.net\/arhiva\/#\/schema\/person\/6e72b67d6e51910a1117b3b483ba20bd\"},\"image\":{\"@id\":\"https:\/\/sandzakpress.net\/arhiva\/os-vuk-karadzic-dobila-lopte-za-fizicko-vaspitanje\/#primaryimage\"},\"thumbnailUrl\":\"https:\/\/sandzakpress.net\/arhiva\/wp-content\/uploads\/2011\/04\/images7.jpg\",\"articleSection\":[\"Novi Pazar\",\"Obrazovanje\"],\"inLanguage\":\"bs-BA\",\"potentialAction\":[{\"@type\":\"CommentAction\",\"name\":\"Comment\",\"target\":[\"https:\/\/sandzakpress.net\/arhiva\/os-vuk-karadzic-dobila-lopte-za-fizicko-vaspitanje\/#respond\"]}]},{\"@type\":\"WebPage\",\"@id\":\"https:\/\/sandzakpress.net\/arhiva\/os-vuk-karadzic-dobila-lopte-za-fizicko-vaspitanje\/\",\"url\":\"https:\/\/sandzakpress.net\/arhiva\/os-vuk-karadzic-dobila-lopte-za-fizicko-vaspitanje\/\",\"name\":\"O\u0160 Vuk Karad\u017ei\u0107 dobila lopte za fizi\u010dko vaspitanje\",\"isPartOf\":{\"@id\":\"https:\/\/sandzakpress.net\/arhiva\/#website\"},\"primaryImageOfPage\":{\"@id\":\"https:\/\/sandzakpress.net\/arhiva\/os-vuk-karadzic-dobila-lopte-za-fizicko-vaspitanje\/#primaryimage\"},\"image\":{\"@id\":\"https:\/\/sandzakpress.net\/arhiva\/os-vuk-karadzic-dobila-lopte-za-fizicko-vaspitanje\/#primaryimage\"},\"thumbnailUrl\":\"https:\/\/sandzakpress.net\/arhiva\/wp-content\/uploads\/2011\/04\/images7.jpg\",\"datePublished\":\"2011-04-11T08:46:34+00:00\",\"breadcrumb\":{\"@id\":\"https:\/\/sandzakpress.net\/arhiva\/os-vuk-karadzic-dobila-lopte-za-fizicko-vaspitanje\/#breadcrumb\"},\"inLanguage\":\"bs-BA\",\"potentialAction\":[{\"@type\":\"ReadAction\",\"target\":[\"https:\/\/sandzakpress.net\/arhiva\/os-vuk-karadzic-dobila-lopte-za-fizicko-vaspitanje\/\"]}]},{\"@type\":\"ImageObject\",\"inLanguage\":\"bs-BA\",\"@id\":\"https:\/\/sandzakpress.net\/arhiva\/os-vuk-karadzic-dobila-lopte-za-fizicko-vaspitanje\/#primaryimage\",\"url\":\"https:\/\/sandzakpress.net\/arhiva\/wp-content\/uploads\/2011\/04\/images7.jpg\",\"contentUrl\":\"https:\/\/sandzakpress.net\/arhiva\/wp-content\/uploads\/2011\/04\/images7.jpg\",\"width\":259,\"height\":194},{\"@type\":\"BreadcrumbList\",\"@id\":\"https:\/\/sandzakpress.net\/arhiva\/os-vuk-karadzic-dobila-lopte-za-fizicko-vaspitanje\/#breadcrumb\",\"itemListElement\":[{\"@type\":\"ListItem\",\"position\":1,\"name\":\"Home\",\"item\":\"https:\/\/sandzakpress.net\/arhiva\/\"},{\"@type\":\"ListItem\",\"position\":2,\"name\":\"O\u0160 Vuk Karad\u017ei\u0107 dobila lopte za fizi\u010dko vaspitanje\"}]},{\"@type\":\"WebSite\",\"@id\":\"https:\/\/sandzakpress.net\/arhiva\/#website\",\"url\":\"https:\/\/sandzakpress.net\/arhiva\/\",\"name\":\"Sand\u017eak PRESS\",\"description\":\"Prve elektronske novine u Sand\u017eaku\",\"publisher\":{\"@id\":\"https:\/\/sandzakpress.net\/arhiva\/#\/schema\/person\/6e72b67d6e51910a1117b3b483ba20bd\"},\"potentialAction\":[{\"@type\":\"SearchAction\",\"target\":{\"@type\":\"EntryPoint\",\"urlTemplate\":\"https:\/\/sandzakpress.net\/arhiva\/?s={search_term_string}\"},\"query-input\":{\"@type\":\"PropertyValueSpecification\",\"valueRequired\":true,\"valueName\":\"search_term_string\"}}],\"inLanguage\":\"bs-BA\"},{\"@type\":[\"Person\",\"Organization\"],\"@id\":\"https:\/\/sandzakpress.net\/arhiva\/#\/schema\/person\/6e72b67d6e51910a1117b3b483ba20bd\",\"name\":\"Kul\",\"image\":{\"@type\":\"ImageObject\",\"inLanguage\":\"bs-BA\",\"@id\":\"https:\/\/sandzakpress.net\/arhiva\/#\/schema\/person\/image\/\",\"url\":\"https:\/\/secure.gravatar.com\/avatar\/42263f39aa27ac04c43cab85c280eb2e?s=96&d=mm&r=pg\",\"contentUrl\":\"https:\/\/secure.gravatar.com\/avatar\/42263f39aa27ac04c43cab85c280eb2e?s=96&d=mm&r=pg\",\"caption\":\"Kul\"},\"logo\":{\"@id\":\"https:\/\/sandzakpress.net\/arhiva\/#\/schema\/person\/image\/\"}},{\"@type\":\"Person\",\"@id\":\"\",\"url\":\"https:\/\/sandzakpress.net\/arhiva\/author\/\"}]}<\/script>\n<!-- \/ Yoast SEO Premium plugin. -->","yoast_head_json":{"title":"O\u0160 Vuk Karad\u017ei\u0107 dobila lopte za fizi\u010dko vaspitanje","robots":{"index":"index","follow":"follow","max-snippet":"max-snippet:-1","max-image-preview":"max-image-preview:large","max-video-preview":"max-video-preview:-1"},"canonical":"https:\/\/sandzakpress.net\/arhiva\/os-vuk-karadzic-dobila-lopte-za-fizicko-vaspitanje\/","og_locale":"bs_BA","og_type":"article","og_title":"O\u0160 Vuk Karad\u017ei\u0107 dobila lopte za fizi\u010dko vaspitanje","og_description":"Delegacija Gradske lokalne samouprave Novi Pazar, zajedno sa delegacijom FK Novi Pazar, danas je posjetila Osnovnu \u0161kolu Vuk Karad\u017ei\u0107 \u010dijim \u0111acima su donirali lopte za kvalitetniji razvoj nastave Fizi\u010dke kulture. Ova donacija je odgovor Gradske uprave Novi Pazar, na zahtjev nastavnika Osnovne \u0161kole &#8220;Vuk Karad\u017ei\u0107&#8221; da im se omogu\u0107e osnovna sredstva za kvalitetniju nastavu jer [&hellip;]","og_url":"https:\/\/sandzakpress.net\/arhiva\/os-vuk-karadzic-dobila-lopte-za-fizicko-vaspitanje\/","og_site_name":"Sand\u017eak PRESS","article_published_time":"2011-04-11T08:46:34+00:00","og_image":[{"width":259,"height":194,"url":"https:\/\/sandzakpress.net\/arhiva\/wp-content\/uploads\/2011\/04\/images7.jpg","type":"image\/jpeg"}],"twitter_card":"summary_large_image","twitter_misc":{"Written by":"","Est. reading time":"2 minute"},"schema":{"@context":"https:\/\/schema.org","@graph":[{"@type":"Article","@id":"https:\/\/sandzakpress.net\/arhiva\/os-vuk-karadzic-dobila-lopte-za-fizicko-vaspitanje\/#article","isPartOf":{"@id":"https:\/\/sandzakpress.net\/arhiva\/os-vuk-karadzic-dobila-lopte-za-fizicko-vaspitanje\/"},"author":{"name":"","@id":""},"headline":"O\u0160 Vuk Karad\u017ei\u0107 dobila lopte za fizi\u010dko vaspitanje","datePublished":"2011-04-11T08:46:34+00:00","mainEntityOfPage":{"@id":"https:\/\/sandzakpress.net\/arhiva\/os-vuk-karadzic-dobila-lopte-za-fizicko-vaspitanje\/"},"wordCount":366,"commentCount":7,"publisher":{"@id":"https:\/\/sandzakpress.net\/arhiva\/#\/schema\/person\/6e72b67d6e51910a1117b3b483ba20bd"},"image":{"@id":"https:\/\/sandzakpress.net\/arhiva\/os-vuk-karadzic-dobila-lopte-za-fizicko-vaspitanje\/#primaryimage"},"thumbnailUrl":"https:\/\/sandzakpress.net\/arhiva\/wp-content\/uploads\/2011\/04\/images7.jpg","articleSection":["Novi Pazar","Obrazovanje"],"inLanguage":"bs-BA","potentialAction":[{"@type":"CommentAction","name":"Comment","target":["https:\/\/sandzakpress.net\/arhiva\/os-vuk-karadzic-dobila-lopte-za-fizicko-vaspitanje\/#respond"]}]},{"@type":"WebPage","@id":"https:\/\/sandzakpress.net\/arhiva\/os-vuk-karadzic-dobila-lopte-za-fizicko-vaspitanje\/","url":"https:\/\/sandzakpress.net\/arhiva\/os-vuk-karadzic-dobila-lopte-za-fizicko-vaspitanje\/","name":"O\u0160 Vuk Karad\u017ei\u0107 dobila lopte za fizi\u010dko vaspitanje","isPartOf":{"@id":"https:\/\/sandzakpress.net\/arhiva\/#website"},"primaryImageOfPage":{"@id":"https:\/\/sandzakpress.net\/arhiva\/os-vuk-karadzic-dobila-lopte-za-fizicko-vaspitanje\/#primaryimage"},"image":{"@id":"https:\/\/sandzakpress.net\/arhiva\/os-vuk-karadzic-dobila-lopte-za-fizicko-vaspitanje\/#primaryimage"},"thumbnailUrl":"https:\/\/sandzakpress.net\/arhiva\/wp-content\/uploads\/2011\/04\/images7.jpg","datePublished":"2011-04-11T08:46:34+00:00","breadcrumb":{"@id":"https:\/\/sandzakpress.net\/arhiva\/os-vuk-karadzic-dobila-lopte-za-fizicko-vaspitanje\/#breadcrumb"},"inLanguage":"bs-BA","potentialAction":[{"@type":"ReadAction","target":["https:\/\/sandzakpress.net\/arhiva\/os-vuk-karadzic-dobila-lopte-za-fizicko-vaspitanje\/"]}]},{"@type":"ImageObject","inLanguage":"bs-BA","@id":"https:\/\/sandzakpress.net\/arhiva\/os-vuk-karadzic-dobila-lopte-za-fizicko-vaspitanje\/#primaryimage","url":"https:\/\/sandzakpress.net\/arhiva\/wp-content\/uploads\/2011\/04\/images7.jpg","contentUrl":"https:\/\/sandzakpress.net\/arhiva\/wp-content\/uploads\/2011\/04\/images7.jpg","width":259,"height":194},{"@type":"BreadcrumbList","@id":"https:\/\/sandzakpress.net\/arhiva\/os-vuk-karadzic-dobila-lopte-za-fizicko-vaspitanje\/#breadcrumb","itemListElement":[{"@type":"ListItem","position":1,"name":"Home","item":"https:\/\/sandzakpress.net\/arhiva\/"},{"@type":"ListItem","position":2,"name":"O\u0160 Vuk Karad\u017ei\u0107 dobila lopte za fizi\u010dko vaspitanje"}]},{"@type":"WebSite","@id":"https:\/\/sandzakpress.net\/arhiva\/#website","url":"https:\/\/sandzakpress.net\/arhiva\/","name":"Sand\u017eak PRESS","description":"Prve elektronske novine u Sand\u017eaku","publisher":{"@id":"https:\/\/sandzakpress.net\/arhiva\/#\/schema\/person\/6e72b67d6e51910a1117b3b483ba20bd"},"potentialAction":[{"@type":"SearchAction","target":{"@type":"EntryPoint","urlTemplate":"https:\/\/sandzakpress.net\/arhiva\/?s={search_term_string}"},"query-input":{"@type":"PropertyValueSpecification","valueRequired":true,"valueName":"search_term_string"}}],"inLanguage":"bs-BA"},{"@type":["Person","Organization"],"@id":"https:\/\/sandzakpress.net\/arhiva\/#\/schema\/person\/6e72b67d6e51910a1117b3b483ba20bd","name":"Kul","image":{"@type":"ImageObject","inLanguage":"bs-BA","@id":"https:\/\/sandzakpress.net\/arhiva\/#\/schema\/person\/image\/","url":"https:\/\/secure.gravatar.com\/avatar\/42263f39aa27ac04c43cab85c280eb2e?s=96&d=mm&r=pg","contentUrl":"https:\/\/secure.gravatar.com\/avatar\/42263f39aa27ac04c43cab85c280eb2e?s=96&d=mm&r=pg","caption":"Kul"},"logo":{"@id":"https:\/\/sandzakpress.net\/arhiva\/#\/schema\/person\/image\/"}},{"@type":"Person","@id":"","url":"https:\/\/sandzakpress.net\/arhiva\/author\/"}]}},"_links":{"self":[{"href":"https:\/\/sandzakpress.net\/arhiva\/wp-json\/wp\/v2\/posts\/14841"}],"collection":[{"href":"https:\/\/sandzakpress.net\/arhiva\/wp-json\/wp\/v2\/posts"}],"about":[{"href":"https:\/\/sandzakpress.net\/arhiva\/wp-json\/wp\/v2\/types\/post"}],"author":[{"embeddable":true,"href":"https:\/\/sandzakpress.net\/arhiva\/wp-json\/wp\/v2\/users\/13"}],"replies":[{"embeddable":true,"href":"https:\/\/sandzakpress.net\/arhiva\/wp-json\/wp\/v2\/comments?post=14841"}],"version-history":[{"count":0,"href":"https:\/\/sandzakpress.net\/arhiva\/wp-json\/wp\/v2\/posts\/14841\/revisions"}],"wp:featuredmedia":[{"embeddable":true,"href":"https:\/\/sandzakpress.net\/arhiva\/wp-json\/wp\/v2\/media\/14842"}],"wp:attachment":[{"href":"https:\/\/sandzakpress.net\/arhiva\/wp-json\/wp\/v2\/media?parent=14841"}],"wp:term":[{"taxonomy":"category","embeddable":true,"href":"https:\/\/sandzakpress.net\/arhiva\/wp-json\/wp\/v2\/categories?post=14841"},{"taxonomy":"post_tag","embeddable":true,"href":"https:\/\/sandzakpress.net\/arhiva\/wp-json\/wp\/v2\/tags?post=14841"}],"curies":[{"name":"wp","href":"https:\/\/api.w.org\/{rel}","templated":true}]}}