{"id":1484,"date":"2010-01-19T12:05:26","date_gmt":"2010-01-19T11:05:26","guid":{"rendered":"https:\/\/sandzakpress.net\/arhiva\/?p=1484"},"modified":"2010-01-19T12:05:40","modified_gmt":"2010-01-19T11:05:40","slug":"zaklati-rezoluciju","status":"publish","type":"post","link":"https:\/\/sandzakpress.net\/arhiva\/zaklati-rezoluciju\/","title":{"rendered":"Zaklati rezoluciju"},"content":{"rendered":"<p><strong><a href=\"https:\/\/sandzakpress.net\/arhiva\/wp-content\/uploads\/2010\/01\/photo-region-BiH-srebrenica-Srebrenica_17_u_751501630.jpg\"><img loading=\"lazy\" decoding=\"async\" class=\"alignleft size-medium wp-image-1485\" title=\"photo-region-BiH-srebrenica-Srebrenica_17_u_751501630\" src=\"https:\/\/sandzakpress.net\/arhiva\/wp-content\/uploads\/2010\/01\/photo-region-BiH-srebrenica-Srebrenica_17_u_751501630-300x165.jpg\" alt=\"\" width=\"300\" height=\"165\" \/><\/a>Srbija &#8211; \u010cak i laka teoretska mogu\u0107nost da se u Skup\u0161tini Srbije donese bilo kakva Rezolucija o genocidu u Srebrenici (ali, bez upotrebe pojma \u201egenocid\u201c, razume se), izazvala je zaprepa\u0161\u0107enje de\u017eurnih, nabrojanih patriota koji iz dana u dan nastavljaju da obja\u0161njavaju \u0161ta \u0107e to zna\u010diti za ceo nesre\u0107ni, miroljubivi, goloruki srpski narod&#8230; <\/strong><\/p>\n<p>Izvjesni Emil Vlajki, u krugovima poreme\u0107enih nacionalista poznat po \u0161tancovanju desetina a mo\u017eda i stotine knji\u017eica o Srbima kao Svetom Narodu Koji Ni Mrava Ne Bi Zgazio, jedan od omiljenih likova sa sajta Nova Srpska Fa\u0161isti\u010dka Misao, pridru\u017eio se akciji \u201eReci ne Srebrenici\u201c tekstom \u201eMentalni genocid nad Srbima\u201c. Evo \u0161ta bulazni ovaj nesre\u0107nik.<\/p>\n<p><strong>*<\/strong> Kada parlament Srbije bude usvojio najavljenu rezoluciju o &#8220;genocidu u Srebrenici&#8221;, navodno iznu\u0111enu u skladu sa zahtjevima Europe, bit \u0107e kona\u010dno dovr\u0161en mentalni genocid nad Srbima koji se odvija ve\u0107 dva puna desetlje\u0107a. \u010cudna je sudbina tog &#8220;genocidnog&#8221; srpskog naroda. Stolje\u0107ima je bio brana islamskom prodoru u Europu. U Prvom svjetskom ratu se borio protiv zlih sila Austrougarske i Njema\u010dke i izi\u0161ao kao pobjednik. U Drugom svjetskom ratu je do\u017eivio istinski genocid kao kaznu za njegovo suprotstavljanje nacizmu i fa\u0161izmu. Po\u010detkom devedesetih bio je &#8220;zapikan&#8221; od strane SAD, Njema\u010dke, Vatikana i Austrije da bude glavni krivac (bad boy) u seriji ratova prouzrokovanih od onih izvana koji su sve uradili da do\u0111e do raspada Jugoslavije.<\/p>\n<p><strong>*<\/strong>Ali, cinizmu &#8220;me\u0111unarodne zajednice&#8221; nema kraja. Ona, ne samo \u0161to je Srbe bombardirala, demonizirala i ucjenjivala nego ho\u0107e da se sami Srbi osje\u0107aju krivima zbog tragedije koja im se nametnula. Jevreji takvu vrst nametnute krivice stolje\u0107ima isku\u0161avaju, pa se to vi\u0161evjekovno zlo\u010dina\u010dko nametanje krivice sada primjenjuje i na Srbe. Jevreje je to \u0161to su &#8220;ubili&#8221; Isusa ko\u0161talo dvije hiljade godina patnje. Ostaje pitanje koliko \u0107e stolje\u0107a Srbi patiti zbog navodno po\u010dinjenog genocida u Srebrenici.<\/p>\n<p><strong>*<\/strong>Ako Srbija u svojoj rezoluciji prihvati srebreni\u010dki zlo\u010din nad Muslimanima kao genocid, kako to zahtijeva &#8220;me\u0111unarodna zajednica&#8221;, nad Srbima \u0107e trajno ostati pe\u010dat genocidnosti koji nitko vi\u0161e ne\u0107e mo\u0107i izbrisati. Jer za &#8220;me\u0111unarodnu zajednicu&#8221; je va\u017eno da upravo Srbi to ka\u017eu, jer sve dok oni to ne ka\u017eu, kvalifikacija zlo\u010dina kao genocida je jednostrana, ona koja dolazi od protivni\u010dke strane u sukobu NATO\u2013Srbi, i kao takova nema va\u017enosti za javnost ni za povijest. Ako Srbi to ipak urade, oni \u0107e dovr\u0161iti mentalni genocid nad samima sobom, teritorijalni i mentalni genocid nad srpskim narodom koji su odavno projektirali i dobrim dijelom ostvarili gospodari novog svjetskog &#8220;humanitarnog&#8221; poretka.<\/p>\n<p>Izvor: <strong>E-Novine.com<\/strong><\/p>\n","protected":false},"excerpt":{"rendered":"<p>Srbija &#8211; \u010cak i laka teoretska mogu\u0107nost da se u Skup\u0161tini Srbije donese bilo kakva Rezolucija o genocidu u Srebrenici (ali, bez upotrebe pojma \u201egenocid\u201c, razume se), izazvala je zaprepa\u0161\u0107enje de\u017eurnih, nabrojanih patriota koji iz dana u dan nastavljaju da obja\u0161njavaju \u0161ta \u0107e to zna\u010diti za ceo nesre\u0107ni, miroljubivi, goloruki srpski narod&#8230; Izvjesni Emil Vlajki, [&hellip;]<\/p>\n","protected":false},"author":83,"featured_media":1485,"comment_status":"closed","ping_status":"closed","sticky":false,"template":"","format":"standard","meta":{"footnotes":""},"categories":[1],"tags":[],"class_list":{"0":"post-1484","1":"post","2":"type-post","3":"status-publish","4":"format-standard","5":"has-post-thumbnail","7":"category-politika"},"yoast_head":"<!-- This site is optimized with the Yoast SEO Premium plugin v23.1 (Yoast SEO v24.9) - https:\/\/yoast.com\/wordpress\/plugins\/seo\/ -->\n<title>Zaklati rezoluciju<\/title>\n<meta name=\"robots\" content=\"index, follow, max-snippet:-1, max-image-preview:large, max-video-preview:-1\" \/>\n<link rel=\"canonical\" href=\"https:\/\/sandzakpress.net\/arhiva\/zaklati-rezoluciju\/\" \/>\n<meta property=\"og:locale\" content=\"bs_BA\" \/>\n<meta property=\"og:type\" content=\"article\" \/>\n<meta property=\"og:title\" content=\"Zaklati rezoluciju\" \/>\n<meta property=\"og:description\" content=\"Srbija &#8211; \u010cak i laka teoretska mogu\u0107nost da se u Skup\u0161tini Srbije donese bilo kakva Rezolucija o genocidu u Srebrenici (ali, bez upotrebe pojma \u201egenocid\u201c, razume se), izazvala je zaprepa\u0161\u0107enje de\u017eurnih, nabrojanih patriota koji iz dana u dan nastavljaju da obja\u0161njavaju \u0161ta \u0107e to zna\u010diti za ceo nesre\u0107ni, miroljubivi, goloruki srpski narod&#8230; Izvjesni Emil Vlajki, [&hellip;]\" \/>\n<meta property=\"og:url\" content=\"https:\/\/sandzakpress.net\/arhiva\/zaklati-rezoluciju\/\" \/>\n<meta property=\"og:site_name\" content=\"Sand\u017eak PRESS\" \/>\n<meta property=\"article:published_time\" content=\"2010-01-19T11:05:26+00:00\" \/>\n<meta property=\"article:modified_time\" content=\"2010-01-19T11:05:40+00:00\" \/>\n<meta property=\"og:image\" content=\"https:\/\/sandzakpress.net\/arhiva\/wp-content\/uploads\/2010\/01\/photo-region-BiH-srebrenica-Srebrenica_17_u_751501630.jpg\" \/>\n\t<meta property=\"og:image:width\" content=\"616\" \/>\n\t<meta property=\"og:image:height\" content=\"341\" \/>\n\t<meta property=\"og:image:type\" content=\"image\/jpeg\" \/>\n<meta name=\"author\" content=\"bosniak\" \/>\n<meta name=\"twitter:card\" content=\"summary_large_image\" \/>\n<meta name=\"twitter:label1\" content=\"Written by\" \/>\n\t<meta name=\"twitter:data1\" content=\"bosniak\" \/>\n\t<meta name=\"twitter:label2\" content=\"Est. reading time\" \/>\n\t<meta name=\"twitter:data2\" content=\"2 minute\" \/>\n<script type=\"application\/ld+json\" class=\"yoast-schema-graph\">{\"@context\":\"https:\/\/schema.org\",\"@graph\":[{\"@type\":\"Article\",\"@id\":\"https:\/\/sandzakpress.net\/arhiva\/zaklati-rezoluciju\/#article\",\"isPartOf\":{\"@id\":\"https:\/\/sandzakpress.net\/arhiva\/zaklati-rezoluciju\/\"},\"author\":{\"name\":\"bosniak\",\"@id\":\"https:\/\/sandzakpress.net\/arhiva\/#\/schema\/person\/c8baee722073534b583ea7bdb2e36c02\"},\"headline\":\"Zaklati rezoluciju\",\"datePublished\":\"2010-01-19T11:05:26+00:00\",\"dateModified\":\"2010-01-19T11:05:40+00:00\",\"mainEntityOfPage\":{\"@id\":\"https:\/\/sandzakpress.net\/arhiva\/zaklati-rezoluciju\/\"},\"wordCount\":457,\"publisher\":{\"@id\":\"https:\/\/sandzakpress.net\/arhiva\/#\/schema\/person\/6e72b67d6e51910a1117b3b483ba20bd\"},\"image\":{\"@id\":\"https:\/\/sandzakpress.net\/arhiva\/zaklati-rezoluciju\/#primaryimage\"},\"thumbnailUrl\":\"https:\/\/sandzakpress.net\/arhiva\/wp-content\/uploads\/2010\/01\/photo-region-BiH-srebrenica-Srebrenica_17_u_751501630.jpg\",\"articleSection\":[\"Politika\"],\"inLanguage\":\"bs-BA\"},{\"@type\":\"WebPage\",\"@id\":\"https:\/\/sandzakpress.net\/arhiva\/zaklati-rezoluciju\/\",\"url\":\"https:\/\/sandzakpress.net\/arhiva\/zaklati-rezoluciju\/\",\"name\":\"Zaklati rezoluciju\",\"isPartOf\":{\"@id\":\"https:\/\/sandzakpress.net\/arhiva\/#website\"},\"primaryImageOfPage\":{\"@id\":\"https:\/\/sandzakpress.net\/arhiva\/zaklati-rezoluciju\/#primaryimage\"},\"image\":{\"@id\":\"https:\/\/sandzakpress.net\/arhiva\/zaklati-rezoluciju\/#primaryimage\"},\"thumbnailUrl\":\"https:\/\/sandzakpress.net\/arhiva\/wp-content\/uploads\/2010\/01\/photo-region-BiH-srebrenica-Srebrenica_17_u_751501630.jpg\",\"datePublished\":\"2010-01-19T11:05:26+00:00\",\"dateModified\":\"2010-01-19T11:05:40+00:00\",\"breadcrumb\":{\"@id\":\"https:\/\/sandzakpress.net\/arhiva\/zaklati-rezoluciju\/#breadcrumb\"},\"inLanguage\":\"bs-BA\",\"potentialAction\":[{\"@type\":\"ReadAction\",\"target\":[\"https:\/\/sandzakpress.net\/arhiva\/zaklati-rezoluciju\/\"]}]},{\"@type\":\"ImageObject\",\"inLanguage\":\"bs-BA\",\"@id\":\"https:\/\/sandzakpress.net\/arhiva\/zaklati-rezoluciju\/#primaryimage\",\"url\":\"https:\/\/sandzakpress.net\/arhiva\/wp-content\/uploads\/2010\/01\/photo-region-BiH-srebrenica-Srebrenica_17_u_751501630.jpg\",\"contentUrl\":\"https:\/\/sandzakpress.net\/arhiva\/wp-content\/uploads\/2010\/01\/photo-region-BiH-srebrenica-Srebrenica_17_u_751501630.jpg\",\"width\":616,\"height\":341},{\"@type\":\"BreadcrumbList\",\"@id\":\"https:\/\/sandzakpress.net\/arhiva\/zaklati-rezoluciju\/#breadcrumb\",\"itemListElement\":[{\"@type\":\"ListItem\",\"position\":1,\"name\":\"Home\",\"item\":\"https:\/\/sandzakpress.net\/arhiva\/\"},{\"@type\":\"ListItem\",\"position\":2,\"name\":\"Zaklati rezoluciju\"}]},{\"@type\":\"WebSite\",\"@id\":\"https:\/\/sandzakpress.net\/arhiva\/#website\",\"url\":\"https:\/\/sandzakpress.net\/arhiva\/\",\"name\":\"Sand\u017eak PRESS\",\"description\":\"Prve elektronske novine u Sand\u017eaku\",\"publisher\":{\"@id\":\"https:\/\/sandzakpress.net\/arhiva\/#\/schema\/person\/6e72b67d6e51910a1117b3b483ba20bd\"},\"potentialAction\":[{\"@type\":\"SearchAction\",\"target\":{\"@type\":\"EntryPoint\",\"urlTemplate\":\"https:\/\/sandzakpress.net\/arhiva\/?s={search_term_string}\"},\"query-input\":{\"@type\":\"PropertyValueSpecification\",\"valueRequired\":true,\"valueName\":\"search_term_string\"}}],\"inLanguage\":\"bs-BA\"},{\"@type\":[\"Person\",\"Organization\"],\"@id\":\"https:\/\/sandzakpress.net\/arhiva\/#\/schema\/person\/6e72b67d6e51910a1117b3b483ba20bd\",\"name\":\"Kul\",\"image\":{\"@type\":\"ImageObject\",\"inLanguage\":\"bs-BA\",\"@id\":\"https:\/\/sandzakpress.net\/arhiva\/#\/schema\/person\/image\/\",\"url\":\"https:\/\/secure.gravatar.com\/avatar\/42263f39aa27ac04c43cab85c280eb2e?s=96&d=mm&r=pg\",\"contentUrl\":\"https:\/\/secure.gravatar.com\/avatar\/42263f39aa27ac04c43cab85c280eb2e?s=96&d=mm&r=pg\",\"caption\":\"Kul\"},\"logo\":{\"@id\":\"https:\/\/sandzakpress.net\/arhiva\/#\/schema\/person\/image\/\"}},{\"@type\":\"Person\",\"@id\":\"https:\/\/sandzakpress.net\/arhiva\/#\/schema\/person\/c8baee722073534b583ea7bdb2e36c02\",\"name\":\"bosniak\",\"image\":{\"@type\":\"ImageObject\",\"inLanguage\":\"bs-BA\",\"@id\":\"https:\/\/sandzakpress.net\/arhiva\/#\/schema\/person\/image\/\",\"url\":\"https:\/\/secure.gravatar.com\/avatar\/a04fd330bfe3a36a72a0ad4a6d89fca7?s=96&d=mm&r=pg\",\"contentUrl\":\"https:\/\/secure.gravatar.com\/avatar\/a04fd330bfe3a36a72a0ad4a6d89fca7?s=96&d=mm&r=pg\",\"caption\":\"bosniak\"},\"url\":\"https:\/\/sandzakpress.net\/arhiva\/author\/bosniak\/\"}]}<\/script>\n<!-- \/ Yoast SEO Premium plugin. -->","yoast_head_json":{"title":"Zaklati rezoluciju","robots":{"index":"index","follow":"follow","max-snippet":"max-snippet:-1","max-image-preview":"max-image-preview:large","max-video-preview":"max-video-preview:-1"},"canonical":"https:\/\/sandzakpress.net\/arhiva\/zaklati-rezoluciju\/","og_locale":"bs_BA","og_type":"article","og_title":"Zaklati rezoluciju","og_description":"Srbija &#8211; \u010cak i laka teoretska mogu\u0107nost da se u Skup\u0161tini Srbije donese bilo kakva Rezolucija o genocidu u Srebrenici (ali, bez upotrebe pojma \u201egenocid\u201c, razume se), izazvala je zaprepa\u0161\u0107enje de\u017eurnih, nabrojanih patriota koji iz dana u dan nastavljaju da obja\u0161njavaju \u0161ta \u0107e to zna\u010diti za ceo nesre\u0107ni, miroljubivi, goloruki srpski narod&#8230; Izvjesni Emil Vlajki, [&hellip;]","og_url":"https:\/\/sandzakpress.net\/arhiva\/zaklati-rezoluciju\/","og_site_name":"Sand\u017eak PRESS","article_published_time":"2010-01-19T11:05:26+00:00","article_modified_time":"2010-01-19T11:05:40+00:00","og_image":[{"width":616,"height":341,"url":"https:\/\/sandzakpress.net\/arhiva\/wp-content\/uploads\/2010\/01\/photo-region-BiH-srebrenica-Srebrenica_17_u_751501630.jpg","type":"image\/jpeg"}],"author":"bosniak","twitter_card":"summary_large_image","twitter_misc":{"Written by":"bosniak","Est. reading time":"2 minute"},"schema":{"@context":"https:\/\/schema.org","@graph":[{"@type":"Article","@id":"https:\/\/sandzakpress.net\/arhiva\/zaklati-rezoluciju\/#article","isPartOf":{"@id":"https:\/\/sandzakpress.net\/arhiva\/zaklati-rezoluciju\/"},"author":{"name":"bosniak","@id":"https:\/\/sandzakpress.net\/arhiva\/#\/schema\/person\/c8baee722073534b583ea7bdb2e36c02"},"headline":"Zaklati rezoluciju","datePublished":"2010-01-19T11:05:26+00:00","dateModified":"2010-01-19T11:05:40+00:00","mainEntityOfPage":{"@id":"https:\/\/sandzakpress.net\/arhiva\/zaklati-rezoluciju\/"},"wordCount":457,"publisher":{"@id":"https:\/\/sandzakpress.net\/arhiva\/#\/schema\/person\/6e72b67d6e51910a1117b3b483ba20bd"},"image":{"@id":"https:\/\/sandzakpress.net\/arhiva\/zaklati-rezoluciju\/#primaryimage"},"thumbnailUrl":"https:\/\/sandzakpress.net\/arhiva\/wp-content\/uploads\/2010\/01\/photo-region-BiH-srebrenica-Srebrenica_17_u_751501630.jpg","articleSection":["Politika"],"inLanguage":"bs-BA"},{"@type":"WebPage","@id":"https:\/\/sandzakpress.net\/arhiva\/zaklati-rezoluciju\/","url":"https:\/\/sandzakpress.net\/arhiva\/zaklati-rezoluciju\/","name":"Zaklati rezoluciju","isPartOf":{"@id":"https:\/\/sandzakpress.net\/arhiva\/#website"},"primaryImageOfPage":{"@id":"https:\/\/sandzakpress.net\/arhiva\/zaklati-rezoluciju\/#primaryimage"},"image":{"@id":"https:\/\/sandzakpress.net\/arhiva\/zaklati-rezoluciju\/#primaryimage"},"thumbnailUrl":"https:\/\/sandzakpress.net\/arhiva\/wp-content\/uploads\/2010\/01\/photo-region-BiH-srebrenica-Srebrenica_17_u_751501630.jpg","datePublished":"2010-01-19T11:05:26+00:00","dateModified":"2010-01-19T11:05:40+00:00","breadcrumb":{"@id":"https:\/\/sandzakpress.net\/arhiva\/zaklati-rezoluciju\/#breadcrumb"},"inLanguage":"bs-BA","potentialAction":[{"@type":"ReadAction","target":["https:\/\/sandzakpress.net\/arhiva\/zaklati-rezoluciju\/"]}]},{"@type":"ImageObject","inLanguage":"bs-BA","@id":"https:\/\/sandzakpress.net\/arhiva\/zaklati-rezoluciju\/#primaryimage","url":"https:\/\/sandzakpress.net\/arhiva\/wp-content\/uploads\/2010\/01\/photo-region-BiH-srebrenica-Srebrenica_17_u_751501630.jpg","contentUrl":"https:\/\/sandzakpress.net\/arhiva\/wp-content\/uploads\/2010\/01\/photo-region-BiH-srebrenica-Srebrenica_17_u_751501630.jpg","width":616,"height":341},{"@type":"BreadcrumbList","@id":"https:\/\/sandzakpress.net\/arhiva\/zaklati-rezoluciju\/#breadcrumb","itemListElement":[{"@type":"ListItem","position":1,"name":"Home","item":"https:\/\/sandzakpress.net\/arhiva\/"},{"@type":"ListItem","position":2,"name":"Zaklati rezoluciju"}]},{"@type":"WebSite","@id":"https:\/\/sandzakpress.net\/arhiva\/#website","url":"https:\/\/sandzakpress.net\/arhiva\/","name":"Sand\u017eak PRESS","description":"Prve elektronske novine u Sand\u017eaku","publisher":{"@id":"https:\/\/sandzakpress.net\/arhiva\/#\/schema\/person\/6e72b67d6e51910a1117b3b483ba20bd"},"potentialAction":[{"@type":"SearchAction","target":{"@type":"EntryPoint","urlTemplate":"https:\/\/sandzakpress.net\/arhiva\/?s={search_term_string}"},"query-input":{"@type":"PropertyValueSpecification","valueRequired":true,"valueName":"search_term_string"}}],"inLanguage":"bs-BA"},{"@type":["Person","Organization"],"@id":"https:\/\/sandzakpress.net\/arhiva\/#\/schema\/person\/6e72b67d6e51910a1117b3b483ba20bd","name":"Kul","image":{"@type":"ImageObject","inLanguage":"bs-BA","@id":"https:\/\/sandzakpress.net\/arhiva\/#\/schema\/person\/image\/","url":"https:\/\/secure.gravatar.com\/avatar\/42263f39aa27ac04c43cab85c280eb2e?s=96&d=mm&r=pg","contentUrl":"https:\/\/secure.gravatar.com\/avatar\/42263f39aa27ac04c43cab85c280eb2e?s=96&d=mm&r=pg","caption":"Kul"},"logo":{"@id":"https:\/\/sandzakpress.net\/arhiva\/#\/schema\/person\/image\/"}},{"@type":"Person","@id":"https:\/\/sandzakpress.net\/arhiva\/#\/schema\/person\/c8baee722073534b583ea7bdb2e36c02","name":"bosniak","image":{"@type":"ImageObject","inLanguage":"bs-BA","@id":"https:\/\/sandzakpress.net\/arhiva\/#\/schema\/person\/image\/","url":"https:\/\/secure.gravatar.com\/avatar\/a04fd330bfe3a36a72a0ad4a6d89fca7?s=96&d=mm&r=pg","contentUrl":"https:\/\/secure.gravatar.com\/avatar\/a04fd330bfe3a36a72a0ad4a6d89fca7?s=96&d=mm&r=pg","caption":"bosniak"},"url":"https:\/\/sandzakpress.net\/arhiva\/author\/bosniak\/"}]}},"_links":{"self":[{"href":"https:\/\/sandzakpress.net\/arhiva\/wp-json\/wp\/v2\/posts\/1484"}],"collection":[{"href":"https:\/\/sandzakpress.net\/arhiva\/wp-json\/wp\/v2\/posts"}],"about":[{"href":"https:\/\/sandzakpress.net\/arhiva\/wp-json\/wp\/v2\/types\/post"}],"author":[{"embeddable":true,"href":"https:\/\/sandzakpress.net\/arhiva\/wp-json\/wp\/v2\/users\/83"}],"replies":[{"embeddable":true,"href":"https:\/\/sandzakpress.net\/arhiva\/wp-json\/wp\/v2\/comments?post=1484"}],"version-history":[{"count":0,"href":"https:\/\/sandzakpress.net\/arhiva\/wp-json\/wp\/v2\/posts\/1484\/revisions"}],"wp:featuredmedia":[{"embeddable":true,"href":"https:\/\/sandzakpress.net\/arhiva\/wp-json\/wp\/v2\/media\/1485"}],"wp:attachment":[{"href":"https:\/\/sandzakpress.net\/arhiva\/wp-json\/wp\/v2\/media?parent=1484"}],"wp:term":[{"taxonomy":"category","embeddable":true,"href":"https:\/\/sandzakpress.net\/arhiva\/wp-json\/wp\/v2\/categories?post=1484"},{"taxonomy":"post_tag","embeddable":true,"href":"https:\/\/sandzakpress.net\/arhiva\/wp-json\/wp\/v2\/tags?post=1484"}],"curies":[{"name":"wp","href":"https:\/\/api.w.org\/{rel}","templated":true}]}}