{"id":148287,"date":"2015-12-07T17:30:53","date_gmt":"2015-12-07T16:30:53","guid":{"rendered":"https:\/\/sandzakpress.net\/arhiva\/?p=148287"},"modified":"2015-12-07T17:30:53","modified_gmt":"2015-12-07T16:30:53","slug":"starim-turskim-kasarnama-u-sjenici-prijeti-urusavanje","status":"publish","type":"post","link":"https:\/\/sandzakpress.net\/arhiva\/starim-turskim-kasarnama-u-sjenici-prijeti-urusavanje\/","title":{"rendered":"Starim turskim kasarnama u Sjenici prijeti uru\u0161avanje"},"content":{"rendered":"<p><img loading=\"lazy\" decoding=\"async\" class=\"\" src=\"http:\/\/www.trt.net.tr\/bosanski\/fotograf\/haberler\/detay\/starim-turskim-kasarnama-u-sjenici-prijeti-ur_trt-bosanski-58490.jpg\" alt=\"starim-turskim-kasarnama-u-sjenici-prijeti-ur\" width=\"600\" height=\"338\" \/><\/p>\n<p><strong>Turska &#8211; Surova klima na Pe\u0161terskoj visoravni i obimne snje\u017ene padavine zadaju ozbiljnu prijetnju Sjeni\u010dkim\u00a0kr\u0161lama, vojnim kasarnama \u010diju je gradnju u Sjenici naredio Etem Pa\u0161a po\u010detkom 1892. godine.<\/strong><\/p>\n<p>Zbog oronule i dotrajale konstrukcije, objektima prijeti uru\u0161avanje, dio krovne konstrukcije, jedne od dvije kasarne, potpuno je uni\u0161ten &#8211; propao je pod ogromnim teretom snje\u017enih padavina 2012. godine.<\/p>\n<p>Predsjednik Skup\u0161tine op\u0107ine Sjenica Mustafa Balti\u0107 rekao je da su ova dva objekta, na zahtjev Skup\u0161tine, evidentirana u Zavodu za za\u0161titu spomenika kulture u Kraljevu, \u0161to garantuje da ne mogu biti uklonjeni, a \u00a0tom prilikom istakao vjerovanje\u00a0 da \u0107e Op\u0107ina u\u010diniti sve \u0161to je u njenoj mo\u0107i \u00a0da o\u010duva ove gra\u0111evine.<\/p>\n<p>&#8220;Zavod za za\u0161titu spomenika u Kraljevu dodijelio je Sjeni\u010dkim kr\u0161lama status kulturnog dobra koje u\u017eiva prethodnu za\u0161titu. Odlukom Skup\u0161tine op\u0107ine, te planovima generalne i detalje regulacije\u00a0 Sjenice, na mjestu gdje su danas Sjeni\u010dke kr\u0161le zabranjena je izradnja drugih objekata&#8221;, dodao je Balti\u0107.<\/p>\n<p>On je objasnio da Sjeni\u010dke kr\u0161le krasi bogata historija, jer su one od vremena gradnje pa do dana\u0161njih dana upotrebljivane u brojne svrhe, po\u010dev od klasi\u010dne kasarne, preko baruthane, pa sve do poslovnog prostora koji je koristio nekada\u0161nji gigant u oblasti poljoprivredne proizvodnje-kobinat &#8220;Pe\u0161ter&#8221;.<\/p>\n<p>Gra\u0111ani op\u0107ine Sjenica generalno smatraju da bi stare vojne kasarne iz doba Turaka najbolje bilo preurediti u svojevrsni muzej i sprije\u010diti njihovo postepeno uru\u0161avanje.<\/p>\n<p>&#8220;Ove kasarne nekada su bile prave ljepotice, u njoj su obu\u010davane hiljade vojnika, oduvijek su bile ponos cijele zemlje. Ako se ove godine ne za\u0161tite, objekti \u0107e se sami uru\u0161iti &#8211; tada \u0107e biti kasno da se pitamo o njihovoj vi\u0161estranoj vrijednosti&#8221;, ispri\u010dao je turisti\u010dki vodi\u010d iz Sjenice Mesko Rebronja.<\/p>\n<p>Sli\u010dno mi\u0161ljenje imaju ostali Sjeni\u010dani. Njihov stav je da bi uru\u0161avanje kasarni bio nenadoknadiv gubitak.<\/p>\n<p>&#8220;Mislim da bi \u0161to prije trebalo obnoviti\u00a0kasarne jer su one izuzetno va\u017eno kulturno i istorijsko dobro&#8221;, rekao je Sjeni\u010danin Altan Hamidovi\u0107.<\/p>\n<p>(Anadolu Agency)<\/p>\n","protected":false},"excerpt":{"rendered":"<p>Turska &#8211; Surova klima na Pe\u0161terskoj visoravni i obimne snje\u017ene padavine zadaju ozbiljnu prijetnju Sjeni\u010dkim\u00a0kr\u0161lama, vojnim kasarnama \u010diju je gradnju u Sjenici naredio Etem Pa\u0161a po\u010detkom 1892. godine. Zbog oronule i dotrajale konstrukcije, objektima prijeti uru\u0161avanje, dio krovne konstrukcije, jedne od dvije kasarne, potpuno je uni\u0161ten &#8211; propao je pod ogromnim teretom snje\u017enih padavina 2012. [&hellip;]<\/p>\n","protected":false},"author":509,"featured_media":148290,"comment_status":"open","ping_status":"open","sticky":false,"template":"","format":"standard","meta":{"footnotes":""},"categories":[52,3,8957,798,2692],"tags":[],"class_list":{"0":"post-148287","1":"post","2":"type-post","3":"status-publish","4":"format-standard","5":"has-post-thumbnail","7":"category-sjenica","8":"category-privreda","9":"category-vijesti-dana","10":"category-teme","11":"category-turska-gradovi"},"yoast_head":"<!-- This site is optimized with the Yoast SEO Premium plugin v23.1 (Yoast SEO v24.9) - https:\/\/yoast.com\/wordpress\/plugins\/seo\/ -->\n<title>Starim turskim kasarnama u Sjenici prijeti uru\u0161avanje<\/title>\n<meta name=\"robots\" content=\"index, follow, max-snippet:-1, max-image-preview:large, max-video-preview:-1\" \/>\n<link rel=\"canonical\" href=\"https:\/\/sandzakpress.net\/arhiva\/starim-turskim-kasarnama-u-sjenici-prijeti-urusavanje\/\" \/>\n<meta property=\"og:locale\" content=\"bs_BA\" \/>\n<meta property=\"og:type\" content=\"article\" \/>\n<meta property=\"og:title\" content=\"Starim turskim kasarnama u Sjenici prijeti uru\u0161avanje\" \/>\n<meta property=\"og:description\" content=\"Turska &#8211; Surova klima na Pe\u0161terskoj visoravni i obimne snje\u017ene padavine zadaju ozbiljnu prijetnju Sjeni\u010dkim\u00a0kr\u0161lama, vojnim kasarnama \u010diju je gradnju u Sjenici naredio Etem Pa\u0161a po\u010detkom 1892. godine. Zbog oronule i dotrajale konstrukcije, objektima prijeti uru\u0161avanje, dio krovne konstrukcije, jedne od dvije kasarne, potpuno je uni\u0161ten &#8211; propao je pod ogromnim teretom snje\u017enih padavina 2012. [&hellip;]\" \/>\n<meta property=\"og:url\" content=\"https:\/\/sandzakpress.net\/arhiva\/starim-turskim-kasarnama-u-sjenici-prijeti-urusavanje\/\" \/>\n<meta property=\"og:site_name\" content=\"Sand\u017eak PRESS\" \/>\n<meta property=\"article:published_time\" content=\"2015-12-07T16:30:53+00:00\" \/>\n<meta property=\"og:image\" content=\"https:\/\/sandzakpress.net\/arhiva\/wp-content\/uploads\/2015\/12\/starim-turskim-kasarnama-u-sjenici-prijeti-ur_trt-bosanski-58490.jpg\" \/>\n\t<meta property=\"og:image:width\" content=\"600\" \/>\n\t<meta property=\"og:image:height\" content=\"338\" \/>\n\t<meta property=\"og:image:type\" content=\"image\/jpeg\" \/>\n<meta name=\"author\" content=\"Agencija\" \/>\n<meta name=\"twitter:card\" content=\"summary_large_image\" \/>\n<meta name=\"twitter:label1\" content=\"Written by\" \/>\n\t<meta name=\"twitter:data1\" content=\"Agencija\" \/>\n\t<meta name=\"twitter:label2\" content=\"Est. reading time\" \/>\n\t<meta name=\"twitter:data2\" content=\"2 minute\" \/>\n<script type=\"application\/ld+json\" class=\"yoast-schema-graph\">{\"@context\":\"https:\/\/schema.org\",\"@graph\":[{\"@type\":\"Article\",\"@id\":\"https:\/\/sandzakpress.net\/arhiva\/starim-turskim-kasarnama-u-sjenici-prijeti-urusavanje\/#article\",\"isPartOf\":{\"@id\":\"https:\/\/sandzakpress.net\/arhiva\/starim-turskim-kasarnama-u-sjenici-prijeti-urusavanje\/\"},\"author\":{\"name\":\"Agencija\",\"@id\":\"https:\/\/sandzakpress.net\/arhiva\/#\/schema\/person\/cb59d7e3ab91ab90dd680ad0305a6185\"},\"headline\":\"Starim turskim kasarnama u Sjenici prijeti uru\u0161avanje\",\"datePublished\":\"2015-12-07T16:30:53+00:00\",\"mainEntityOfPage\":{\"@id\":\"https:\/\/sandzakpress.net\/arhiva\/starim-turskim-kasarnama-u-sjenici-prijeti-urusavanje\/\"},\"wordCount\":363,\"commentCount\":103,\"publisher\":{\"@id\":\"https:\/\/sandzakpress.net\/arhiva\/#\/schema\/person\/6e72b67d6e51910a1117b3b483ba20bd\"},\"image\":{\"@id\":\"https:\/\/sandzakpress.net\/arhiva\/starim-turskim-kasarnama-u-sjenici-prijeti-urusavanje\/#primaryimage\"},\"thumbnailUrl\":\"https:\/\/sandzakpress.net\/arhiva\/wp-content\/uploads\/2015\/12\/starim-turskim-kasarnama-u-sjenici-prijeti-ur_trt-bosanski-58490.jpg\",\"articleSection\":[\"Sjenica\",\"Privreda\",\"VIJESTI DANA\",\"NAJNOVIJE\",\"Turska\"],\"inLanguage\":\"bs-BA\",\"potentialAction\":[{\"@type\":\"CommentAction\",\"name\":\"Comment\",\"target\":[\"https:\/\/sandzakpress.net\/arhiva\/starim-turskim-kasarnama-u-sjenici-prijeti-urusavanje\/#respond\"]}]},{\"@type\":\"WebPage\",\"@id\":\"https:\/\/sandzakpress.net\/arhiva\/starim-turskim-kasarnama-u-sjenici-prijeti-urusavanje\/\",\"url\":\"https:\/\/sandzakpress.net\/arhiva\/starim-turskim-kasarnama-u-sjenici-prijeti-urusavanje\/\",\"name\":\"Starim turskim kasarnama u Sjenici prijeti uru\u0161avanje\",\"isPartOf\":{\"@id\":\"https:\/\/sandzakpress.net\/arhiva\/#website\"},\"primaryImageOfPage\":{\"@id\":\"https:\/\/sandzakpress.net\/arhiva\/starim-turskim-kasarnama-u-sjenici-prijeti-urusavanje\/#primaryimage\"},\"image\":{\"@id\":\"https:\/\/sandzakpress.net\/arhiva\/starim-turskim-kasarnama-u-sjenici-prijeti-urusavanje\/#primaryimage\"},\"thumbnailUrl\":\"https:\/\/sandzakpress.net\/arhiva\/wp-content\/uploads\/2015\/12\/starim-turskim-kasarnama-u-sjenici-prijeti-ur_trt-bosanski-58490.jpg\",\"datePublished\":\"2015-12-07T16:30:53+00:00\",\"breadcrumb\":{\"@id\":\"https:\/\/sandzakpress.net\/arhiva\/starim-turskim-kasarnama-u-sjenici-prijeti-urusavanje\/#breadcrumb\"},\"inLanguage\":\"bs-BA\",\"potentialAction\":[{\"@type\":\"ReadAction\",\"target\":[\"https:\/\/sandzakpress.net\/arhiva\/starim-turskim-kasarnama-u-sjenici-prijeti-urusavanje\/\"]}]},{\"@type\":\"ImageObject\",\"inLanguage\":\"bs-BA\",\"@id\":\"https:\/\/sandzakpress.net\/arhiva\/starim-turskim-kasarnama-u-sjenici-prijeti-urusavanje\/#primaryimage\",\"url\":\"https:\/\/sandzakpress.net\/arhiva\/wp-content\/uploads\/2015\/12\/starim-turskim-kasarnama-u-sjenici-prijeti-ur_trt-bosanski-58490.jpg\",\"contentUrl\":\"https:\/\/sandzakpress.net\/arhiva\/wp-content\/uploads\/2015\/12\/starim-turskim-kasarnama-u-sjenici-prijeti-ur_trt-bosanski-58490.jpg\",\"width\":600,\"height\":338},{\"@type\":\"BreadcrumbList\",\"@id\":\"https:\/\/sandzakpress.net\/arhiva\/starim-turskim-kasarnama-u-sjenici-prijeti-urusavanje\/#breadcrumb\",\"itemListElement\":[{\"@type\":\"ListItem\",\"position\":1,\"name\":\"Home\",\"item\":\"https:\/\/sandzakpress.net\/arhiva\/\"},{\"@type\":\"ListItem\",\"position\":2,\"name\":\"Starim turskim kasarnama u Sjenici prijeti uru\u0161avanje\"}]},{\"@type\":\"WebSite\",\"@id\":\"https:\/\/sandzakpress.net\/arhiva\/#website\",\"url\":\"https:\/\/sandzakpress.net\/arhiva\/\",\"name\":\"Sand\u017eak PRESS\",\"description\":\"Prve elektronske novine u Sand\u017eaku\",\"publisher\":{\"@id\":\"https:\/\/sandzakpress.net\/arhiva\/#\/schema\/person\/6e72b67d6e51910a1117b3b483ba20bd\"},\"potentialAction\":[{\"@type\":\"SearchAction\",\"target\":{\"@type\":\"EntryPoint\",\"urlTemplate\":\"https:\/\/sandzakpress.net\/arhiva\/?s={search_term_string}\"},\"query-input\":{\"@type\":\"PropertyValueSpecification\",\"valueRequired\":true,\"valueName\":\"search_term_string\"}}],\"inLanguage\":\"bs-BA\"},{\"@type\":[\"Person\",\"Organization\"],\"@id\":\"https:\/\/sandzakpress.net\/arhiva\/#\/schema\/person\/6e72b67d6e51910a1117b3b483ba20bd\",\"name\":\"Kul\",\"image\":{\"@type\":\"ImageObject\",\"inLanguage\":\"bs-BA\",\"@id\":\"https:\/\/sandzakpress.net\/arhiva\/#\/schema\/person\/image\/\",\"url\":\"https:\/\/secure.gravatar.com\/avatar\/42263f39aa27ac04c43cab85c280eb2e?s=96&d=mm&r=pg\",\"contentUrl\":\"https:\/\/secure.gravatar.com\/avatar\/42263f39aa27ac04c43cab85c280eb2e?s=96&d=mm&r=pg\",\"caption\":\"Kul\"},\"logo\":{\"@id\":\"https:\/\/sandzakpress.net\/arhiva\/#\/schema\/person\/image\/\"}},{\"@type\":\"Person\",\"@id\":\"https:\/\/sandzakpress.net\/arhiva\/#\/schema\/person\/cb59d7e3ab91ab90dd680ad0305a6185\",\"name\":\"Agencija\",\"image\":{\"@type\":\"ImageObject\",\"inLanguage\":\"bs-BA\",\"@id\":\"https:\/\/sandzakpress.net\/arhiva\/#\/schema\/person\/image\/\",\"url\":\"https:\/\/secure.gravatar.com\/avatar\/4b7fafa80a22f0c2afe23966b3961fe0?s=96&d=mm&r=pg\",\"contentUrl\":\"https:\/\/secure.gravatar.com\/avatar\/4b7fafa80a22f0c2afe23966b3961fe0?s=96&d=mm&r=pg\",\"caption\":\"Agencija\"},\"url\":\"https:\/\/sandzakpress.net\/arhiva\/author\/agencija\/\"}]}<\/script>\n<!-- \/ Yoast SEO Premium plugin. -->","yoast_head_json":{"title":"Starim turskim kasarnama u Sjenici prijeti uru\u0161avanje","robots":{"index":"index","follow":"follow","max-snippet":"max-snippet:-1","max-image-preview":"max-image-preview:large","max-video-preview":"max-video-preview:-1"},"canonical":"https:\/\/sandzakpress.net\/arhiva\/starim-turskim-kasarnama-u-sjenici-prijeti-urusavanje\/","og_locale":"bs_BA","og_type":"article","og_title":"Starim turskim kasarnama u Sjenici prijeti uru\u0161avanje","og_description":"Turska &#8211; Surova klima na Pe\u0161terskoj visoravni i obimne snje\u017ene padavine zadaju ozbiljnu prijetnju Sjeni\u010dkim\u00a0kr\u0161lama, vojnim kasarnama \u010diju je gradnju u Sjenici naredio Etem Pa\u0161a po\u010detkom 1892. godine. Zbog oronule i dotrajale konstrukcije, objektima prijeti uru\u0161avanje, dio krovne konstrukcije, jedne od dvije kasarne, potpuno je uni\u0161ten &#8211; propao je pod ogromnim teretom snje\u017enih padavina 2012. [&hellip;]","og_url":"https:\/\/sandzakpress.net\/arhiva\/starim-turskim-kasarnama-u-sjenici-prijeti-urusavanje\/","og_site_name":"Sand\u017eak PRESS","article_published_time":"2015-12-07T16:30:53+00:00","og_image":[{"width":600,"height":338,"url":"https:\/\/sandzakpress.net\/arhiva\/wp-content\/uploads\/2015\/12\/starim-turskim-kasarnama-u-sjenici-prijeti-ur_trt-bosanski-58490.jpg","type":"image\/jpeg"}],"author":"Agencija","twitter_card":"summary_large_image","twitter_misc":{"Written by":"Agencija","Est. reading time":"2 minute"},"schema":{"@context":"https:\/\/schema.org","@graph":[{"@type":"Article","@id":"https:\/\/sandzakpress.net\/arhiva\/starim-turskim-kasarnama-u-sjenici-prijeti-urusavanje\/#article","isPartOf":{"@id":"https:\/\/sandzakpress.net\/arhiva\/starim-turskim-kasarnama-u-sjenici-prijeti-urusavanje\/"},"author":{"name":"Agencija","@id":"https:\/\/sandzakpress.net\/arhiva\/#\/schema\/person\/cb59d7e3ab91ab90dd680ad0305a6185"},"headline":"Starim turskim kasarnama u Sjenici prijeti uru\u0161avanje","datePublished":"2015-12-07T16:30:53+00:00","mainEntityOfPage":{"@id":"https:\/\/sandzakpress.net\/arhiva\/starim-turskim-kasarnama-u-sjenici-prijeti-urusavanje\/"},"wordCount":363,"commentCount":103,"publisher":{"@id":"https:\/\/sandzakpress.net\/arhiva\/#\/schema\/person\/6e72b67d6e51910a1117b3b483ba20bd"},"image":{"@id":"https:\/\/sandzakpress.net\/arhiva\/starim-turskim-kasarnama-u-sjenici-prijeti-urusavanje\/#primaryimage"},"thumbnailUrl":"https:\/\/sandzakpress.net\/arhiva\/wp-content\/uploads\/2015\/12\/starim-turskim-kasarnama-u-sjenici-prijeti-ur_trt-bosanski-58490.jpg","articleSection":["Sjenica","Privreda","VIJESTI DANA","NAJNOVIJE","Turska"],"inLanguage":"bs-BA","potentialAction":[{"@type":"CommentAction","name":"Comment","target":["https:\/\/sandzakpress.net\/arhiva\/starim-turskim-kasarnama-u-sjenici-prijeti-urusavanje\/#respond"]}]},{"@type":"WebPage","@id":"https:\/\/sandzakpress.net\/arhiva\/starim-turskim-kasarnama-u-sjenici-prijeti-urusavanje\/","url":"https:\/\/sandzakpress.net\/arhiva\/starim-turskim-kasarnama-u-sjenici-prijeti-urusavanje\/","name":"Starim turskim kasarnama u Sjenici prijeti uru\u0161avanje","isPartOf":{"@id":"https:\/\/sandzakpress.net\/arhiva\/#website"},"primaryImageOfPage":{"@id":"https:\/\/sandzakpress.net\/arhiva\/starim-turskim-kasarnama-u-sjenici-prijeti-urusavanje\/#primaryimage"},"image":{"@id":"https:\/\/sandzakpress.net\/arhiva\/starim-turskim-kasarnama-u-sjenici-prijeti-urusavanje\/#primaryimage"},"thumbnailUrl":"https:\/\/sandzakpress.net\/arhiva\/wp-content\/uploads\/2015\/12\/starim-turskim-kasarnama-u-sjenici-prijeti-ur_trt-bosanski-58490.jpg","datePublished":"2015-12-07T16:30:53+00:00","breadcrumb":{"@id":"https:\/\/sandzakpress.net\/arhiva\/starim-turskim-kasarnama-u-sjenici-prijeti-urusavanje\/#breadcrumb"},"inLanguage":"bs-BA","potentialAction":[{"@type":"ReadAction","target":["https:\/\/sandzakpress.net\/arhiva\/starim-turskim-kasarnama-u-sjenici-prijeti-urusavanje\/"]}]},{"@type":"ImageObject","inLanguage":"bs-BA","@id":"https:\/\/sandzakpress.net\/arhiva\/starim-turskim-kasarnama-u-sjenici-prijeti-urusavanje\/#primaryimage","url":"https:\/\/sandzakpress.net\/arhiva\/wp-content\/uploads\/2015\/12\/starim-turskim-kasarnama-u-sjenici-prijeti-ur_trt-bosanski-58490.jpg","contentUrl":"https:\/\/sandzakpress.net\/arhiva\/wp-content\/uploads\/2015\/12\/starim-turskim-kasarnama-u-sjenici-prijeti-ur_trt-bosanski-58490.jpg","width":600,"height":338},{"@type":"BreadcrumbList","@id":"https:\/\/sandzakpress.net\/arhiva\/starim-turskim-kasarnama-u-sjenici-prijeti-urusavanje\/#breadcrumb","itemListElement":[{"@type":"ListItem","position":1,"name":"Home","item":"https:\/\/sandzakpress.net\/arhiva\/"},{"@type":"ListItem","position":2,"name":"Starim turskim kasarnama u Sjenici prijeti uru\u0161avanje"}]},{"@type":"WebSite","@id":"https:\/\/sandzakpress.net\/arhiva\/#website","url":"https:\/\/sandzakpress.net\/arhiva\/","name":"Sand\u017eak PRESS","description":"Prve elektronske novine u Sand\u017eaku","publisher":{"@id":"https:\/\/sandzakpress.net\/arhiva\/#\/schema\/person\/6e72b67d6e51910a1117b3b483ba20bd"},"potentialAction":[{"@type":"SearchAction","target":{"@type":"EntryPoint","urlTemplate":"https:\/\/sandzakpress.net\/arhiva\/?s={search_term_string}"},"query-input":{"@type":"PropertyValueSpecification","valueRequired":true,"valueName":"search_term_string"}}],"inLanguage":"bs-BA"},{"@type":["Person","Organization"],"@id":"https:\/\/sandzakpress.net\/arhiva\/#\/schema\/person\/6e72b67d6e51910a1117b3b483ba20bd","name":"Kul","image":{"@type":"ImageObject","inLanguage":"bs-BA","@id":"https:\/\/sandzakpress.net\/arhiva\/#\/schema\/person\/image\/","url":"https:\/\/secure.gravatar.com\/avatar\/42263f39aa27ac04c43cab85c280eb2e?s=96&d=mm&r=pg","contentUrl":"https:\/\/secure.gravatar.com\/avatar\/42263f39aa27ac04c43cab85c280eb2e?s=96&d=mm&r=pg","caption":"Kul"},"logo":{"@id":"https:\/\/sandzakpress.net\/arhiva\/#\/schema\/person\/image\/"}},{"@type":"Person","@id":"https:\/\/sandzakpress.net\/arhiva\/#\/schema\/person\/cb59d7e3ab91ab90dd680ad0305a6185","name":"Agencija","image":{"@type":"ImageObject","inLanguage":"bs-BA","@id":"https:\/\/sandzakpress.net\/arhiva\/#\/schema\/person\/image\/","url":"https:\/\/secure.gravatar.com\/avatar\/4b7fafa80a22f0c2afe23966b3961fe0?s=96&d=mm&r=pg","contentUrl":"https:\/\/secure.gravatar.com\/avatar\/4b7fafa80a22f0c2afe23966b3961fe0?s=96&d=mm&r=pg","caption":"Agencija"},"url":"https:\/\/sandzakpress.net\/arhiva\/author\/agencija\/"}]}},"_links":{"self":[{"href":"https:\/\/sandzakpress.net\/arhiva\/wp-json\/wp\/v2\/posts\/148287"}],"collection":[{"href":"https:\/\/sandzakpress.net\/arhiva\/wp-json\/wp\/v2\/posts"}],"about":[{"href":"https:\/\/sandzakpress.net\/arhiva\/wp-json\/wp\/v2\/types\/post"}],"author":[{"embeddable":true,"href":"https:\/\/sandzakpress.net\/arhiva\/wp-json\/wp\/v2\/users\/509"}],"replies":[{"embeddable":true,"href":"https:\/\/sandzakpress.net\/arhiva\/wp-json\/wp\/v2\/comments?post=148287"}],"version-history":[{"count":0,"href":"https:\/\/sandzakpress.net\/arhiva\/wp-json\/wp\/v2\/posts\/148287\/revisions"}],"wp:featuredmedia":[{"embeddable":true,"href":"https:\/\/sandzakpress.net\/arhiva\/wp-json\/wp\/v2\/media\/148290"}],"wp:attachment":[{"href":"https:\/\/sandzakpress.net\/arhiva\/wp-json\/wp\/v2\/media?parent=148287"}],"wp:term":[{"taxonomy":"category","embeddable":true,"href":"https:\/\/sandzakpress.net\/arhiva\/wp-json\/wp\/v2\/categories?post=148287"},{"taxonomy":"post_tag","embeddable":true,"href":"https:\/\/sandzakpress.net\/arhiva\/wp-json\/wp\/v2\/tags?post=148287"}],"curies":[{"name":"wp","href":"https:\/\/api.w.org\/{rel}","templated":true}]}}