{"id":148228,"date":"2015-12-07T12:15:08","date_gmt":"2015-12-07T11:15:08","guid":{"rendered":"https:\/\/sandzakpress.net\/arhiva\/?p=148228"},"modified":"2015-12-07T12:10:33","modified_gmt":"2015-12-07T11:10:33","slug":"sandzacko-bihorski-gazija-osman-rastoder","status":"publish","type":"post","link":"https:\/\/sandzakpress.net\/arhiva\/sandzacko-bihorski-gazija-osman-rastoder\/","title":{"rendered":"Sand\u017ea\u010dko-Bihorski Gazija &#8211; Osman Rastoder"},"content":{"rendered":"<p><img loading=\"lazy\" decoding=\"async\" class=\"\" src=\"http:\/\/www.bihor-petnica.com\/Osman%20R..jpg\" alt=\"\" width=\"371\" height=\"574\" \/><\/p>\n<p><strong><span style=\"font-size: small;\">Osman ef. Rastoder je ro<span lang=\"hr\">\u0111en 1882 god u Radmancima op\u0161tina Petnica a od oca A<\/span>v<span lang=\"hr\">dulaha (Muratovog) i majke Umke ro\u0111ene Kurpejovi\u0107 iz Ro\u017eaja. \u0160est razreda Turske Medrese je zavr\u0161io u \u0110akovic, tri razreda u Novom Pazaru i jo\u0161 tri u Carigradu. <\/span><\/span><\/strong><\/p>\n<p><span style=\"font-size: small;\"><span lang=\"hr\">Radio je u osnovnim i narodnim kako su druga\u010dijebile nazivane osnovne \u0161kole i bio vjero u\u010ditelj u Petnici i Savinom Boru od 1926 godine i Imam mati\u010dar u Petnici od 1929 godine. Obavljao je i du\u017enost Mutevelije-predsjednika D\u017eematskog Med\u017elisa, dok je dekretom uleme Med\u017elisa iz Skoplja postavljen bio za Imama mati\u010dara u Petnici i ako je tu du\u017enost i ranije obavljao, zamjenjuju\u0107u Hajdarpa\u0161i\u0107 Fehima. <\/span><\/span><\/p>\n<p><span style=\"font-size: small;\"><span lang=\"hr\">Osmanov otac A<\/span>v<span lang=\"hr\">dulah (Muratov) je bio Hod\u017ea i osim Osmana je imao jo\u0161 dva sina. Od<\/span> <span lang=\"hr\">svoje rane mladosti Osman je pokazevo<\/span> <span lang=\"hr\">veliku ljubav i privr\u017eenost knjigi i bio je odli\u010dan u\u010denik. Bio je jedan od<\/span> <span lang=\"hr\">prvih u\u010devnijih ljudi i vrlo utjecajan u Bihorskom kraju a posebno u Gornjem Bihoru. Bio je dobar poznavaoc Turskog, Arapskog kao i Albanskog jezika. <\/span><\/span><\/p>\n<p><span style=\"font-size: small;\"><span lang=\"hr\">U Radmancima u blizini ku\u0107e Hakije Mehovog je \u017eivio u svojoj ku\u0107i.<\/span>Sklapa brak sa sestrom <span lang=\"hr\">\u010d<\/span>uvenog komite Saita Hadrovi<span lang=\"hr\">\u0107a, Pa\u0161om Hadrovi\u0107 iz obli\u017enjeg sela Vrbice. 1915 godine ostavljaju\u0107i svoje imanje ne prodato sa svoja dva brata i ocem A<\/span>v<span lang=\"hr\">dulahom odlazi za Tursku a Crnogorske vlasti mu 1919\u00a0 godine na Njihovu zemlju naseljavaju bra\u0107u Bogacvac, Mila, Sekula i Stojana dok se njihov \u010detvrti brat naseljava na dobijenu zemlju na Boru. <\/span><\/span><\/p>\n<p><span style=\"font-size: small;\"><span lang=\"hr\">Dio te zemlje Sekulova \u017eena Zorka je prodala Rastoder Hilmu i Hivzu. Hilmov i Osmanov djed su bili bra\u0107a. Me\u0111utim Bihorski Gazija naviknut na svoju rodnu grudu i svoj Sand\u017eak od \u010dijih je minerala i zemlje Njegovo tijelo ne nalazi smiraj svojoj du\u0161i u Turskoj i jedva da \u010detiri godine uspijeva izdr\u017eati \u017eelju i \u010de\u017enju za svojim rodnim Radmancima, svome Sand\u017eaku te se vra\u0107a ostavljaju\u0107i oca svoga i brata oba. Ostav\u0161i bez svoje imo<\/span>v<span lang=\"hr\">ine koju mu \u010detni\u010dke vlasti ote\u0161e i drugima svojim poslu\u0161nicima dado\u0161e po povratku u svoj Sand\u017eak gdje \u017eivi sa<\/span> <span lang=\"hr\">svojom drugom \u017eenom Hajrijom \u0160a\u0107irovi\u0107 nastanjuje se u Novome Pazaru. Me\u0111utim i boravak u Novi Pazar mu nije uspio smiriti du\u0161u a \u010de\u017ebnja za rodnim Radmancima ga je obuzimala i neizmjerno ga vukla. Tako da se nakon izvjesnog vremena odlu\u010duje da sa svoje obje\u00a0 \u017eene krene svome Vatanu, svome rodnom kraju svojim voljenim Radmancima i po\u010dinje da radi u Mektebu u Savinim Boru. <\/span><\/span><\/p>\n<p><span style=\"font-size: small;\"><span lang=\"hr\">Od 1926 godine obavlja sdu\u017enost Imama u Petni\u010dkoj D\u017eamiji a istovremeno i radi kao u\u010ditelj vjeronauke u Petni\u010dkoj Osnovnoj \u0161koli. Sa prvom svojom \u017eenom Pa\u0161om\u00a0 ro\u0111enom Hadrovi\u0107 Allah D\u017eel. ga obradovao sa\u00a0 tri sina; Avdulaha, Sulja i Huseina kao i sa dvije k\u0107erke Nurku i Feridu. Sa prvim sinom je obnovio iome svoga oca Avdulaha, \u0161to je bilo tada veoma us\u010destala pojava.Dok je sa svojom drugom \u017eenom imao dvoje djece; sina Ismaila kojeg su zvali Smajo i k\u0107erku Mejremu koja je bila starija od Ismaila. <\/span><\/span><\/p>\n<p><span style=\"font-size: small;\"><span lang=\"hr\">Kako je drugi svjetski rat dobio na svome intenzitetu, a \u010detni\u010dka najezda i zlo\u010dini poprimali nesagledive razmjere u Donjem Bihoru, Bosni i ostatku Sand\u017eaka Osman Rastoder iz brige za opstanak svoga naroda na tim Bihorskim prostorima organizuje Vojnu formaciju poznatu pod nazivom &#8220;Muslimanska Milicija&#8221; i tako brani svoj Bo\u0161nja\u010dki narod od Vasojevskih-\u010cetni\u010dkih kolja\u010da kao i onih koji su iz Srbije do\u0161li koji su u Donjem Bihoru napravili nevi\u0111ene pokolje Bo\u0161nja\u010dkog naroga i popalili i oplja\u010dkali sve \u0161to se popaliti i oplja\u010dkati moglo. Septembra mjeseca 1941 godine na prostoru tri sela Petnice, Trpezi i Vrbice Osman Rastoder poznat kao Hod\u017ea Osman<\/span> <span lang=\"hr\">organizuje jedan Odred Muslimanske Milicije koji je djelovao na tim prostorima. Septembra 1943 godine kada je na ovim prostorima formiran Muslimansko-Partizanski Odred i kada je razoru\u017ean tamo\u0161nji italijanski Garnizon i ova se &#8220;Muslimanska Milicija&#8221; rasformirala. <\/span><\/span><\/p>\n<p><span style=\"font-size: small;\"><span lang=\"hr\">Po rasformiranju Muslimanske Milicije Osman Rastoder i \u0110ule Agovi\u0107 jedan od komandira tog Odreda\u00a0 prelaze da \u017eive u Ro\u017eaje gdje nastavljaju borbu a po pisanju Mustafe Memi\u0107a u Ro\u017eaju su samo povremeno i\u0161li a sve do kraja 1944 godine su bili u Gornjem Bihoru. \u0160ta kazati o tom Bihorsko-Sand\u017ea\u010dkom Gaziji, \u0161ta kazati o na\u0161em uzoru kako se brani svoja vjera Islam, svoj narod i svoje dostojanstvo, \u0161ta kazati i \u0161ta poru\u010diti onim, koji iza Njega ostadosmo da \u017eivimo, dali smo dosledni i spomena imena Njegovog? \u0160ta bi nam On Rah. Osman Rastoder kada bi se \u017eiv vratio me\u0111u nama danas rekao i dali bi od stida pred Allahom D\u017eel. mogao se pojaviti me\u0111 svoje plemenike, me\u0111 svoje Bihorce bez obzira kako oni prezime nosili, dali Rastoder, Agovi\u0107, H-Adrovi\u0107, Osmanovi\u0107 i t.d.? Dali bi se On, Osman Hod\u017ea i za nas ovakvi kakvi smo, borio i Allahu zadovoljstvo \u010dinio? Odgovor je jasan, bi, bi za ljubav Allahovu D\u017eel, jer znao bi Osman Rastoder-Hod\u017ea da za Njim bi cjeli Bihor krenuo, cjeli Sand\u017eak, svaki Bo\u0161njo bi za Osmanom krenuo u boj protiv Allahovih neprijatelja, protiv neprijatelja i din du\u0161mana, jer Osman nije razmi\u0161ljao da svoj narod proda za neku funkciju, za neku mizernu mjese\u010dnu platu i nije Osman Hod\u017ea htio naljutiti Svoga Gospodara Allaha D\u017eel. koji<\/span> <span lang=\"hr\">ka\u017ee<\/span>:<span lang=\"hr\">\u00a0\u00a0\u00a0\u00a0<\/span>&#8220;O vjernici, ne prijateljujte sa nevjernicima umjesto sa vjernicim<span lang=\"hr\">a<\/span>.<span lang=\"hr\"> &#8220;<\/span>Zar ho<span lang=\"hr\">\u0107ete da pru\u017eite Alahu s.v.t. o\u010digledan dokaz protiv sebe&#8221;.&#8221;O vjernici ne uzimajte jevreje i kri\u0161\u0107ane za za\u0161titnike jer oni samo sebe i svoje interese \u0161tite&#8221;.&#8221;Njihov je svaki od vas koji ih za za\u0161titnika uzima. Allah doista ne\u0107e ukazati na pravi put ljudima koji sami sebe nepravdu \u010dine. Zato \u0107e\u0161 vidjeti one me\u0111u vama \u010dija su srca bolesna kako \u017eure da sa njima prijateljuju i prijateljstva sklapaju obrazla\u017eu\u0107i da to radi iz straha da ih nebi zadesila nevolja. A Allah \u0107e sigurno dati pobjedu i vi\u0161e od toga pa \u0107e se ljudi zbog toga \u0161to su radili i u svojim du\u0161ama krili, kajati&#8221;. (Kuran)<\/span> <span lang=\"hr\">\u00a0\u00a0\u00a0 <\/span><\/span><\/p>\n<p><span style=\"font-size: small;\"><span lang=\"hr\">Molim Allaha D\u017eel. da iz redova naroda na\u0161eg podari nam za vo\u0111u Osmana Rastodera ne bitno iz kojeg je plemena i sa kojim je\u00a0<\/span><\/span><span lang=\"hr\"><span style=\"font-size: small;\">prezimenom,.. a ima na\u0161 narod jo\u0161 Osmana, jo\u0161 \u0110ula, jo\u0161 Sulejmana, jo\u0161 \u0106amila, Hasana i Huseina, \u0106azima i A\u0107ifa ima i oni se sada pokrenuti moraju i u slu\u017ebi naroda svoga dati, jer dosta su za druge radili a svoj narod i same sebe zaboravljali. <\/span><\/span><\/p>\n<p><span lang=\"hr\"><span style=\"font-size: small;\">I na kraju kratak opis ovog velikana Bo\u0161nja\u010dkog otpora u periodu drugog svjetskog rata, u periodu kada su nastali \u0160ehovi\u0107i i mnogi drugi pokolji nad na\u0161im narodom od kolja\u010da Vasojevskih i srpskocrnogorskih \u010detni\u010dkih hordi Limske doline i \u0161ire. Naime:Osman je bio odva\u017ean branitelj Bo\u0161nja\u010dkog stanovni\u0161tva i bio je veliki misionar Islama. Po\u010detkom drugog svjetskog rata iskazuje velike sposobnosti u organizovanju i odbrani svoga kraja. Tako sti\u010de ve\u0107i ugled u svom narodu. <\/span><\/span><\/p>\n<p><span lang=\"hr\"><span style=\"font-size: small;\">Bio je izuzetno mudar i univerzalno sposoban \u010dovjek. Bio je srednjeg rasta, crnopurastog lica i imao je brkove. Na glavu je nosio fes\u00a0 opasan ahmedijom. Imao je krupne o\u010di, guste obrve, pogled blag, a govor nafakali i jasan. U Njegovom se tijelu ktrila blaga ljudska narav. Bio je odva\u017ean i neustra\u0161im Allahov D\u017eel. borac, \u010dovjek koji je shvatio da je vrijeme surovo, da mu \u017eivot nije samo dat, ve\u0107 i zadat. Bio je strog ali i pravedan. Po\u0161tovao je druge narode onoliko koliko je od njih po\u0161tovanja imao, ni manje a ni vi\u0161e. <\/span><\/span><\/p>\n<p><span lang=\"hr\"><span style=\"font-size: small;\">U historiju je u\u0161ao primoran sudbinom \u017eivota zahvaljuju\u0107i neslobodi sebe samog i naroda svoga i opasno\u0161\u0107u da bude poni\u017een i uni\u0161ten zajedno sa narodom svojim. Dao je pe\u010dat vremenu u kojem je \u017eivio, a vrijeme je bilo surovo i neizvjesno, ne samo za njega ve\u0107 i za narod Njegov, jer borio se protiv neprijatelja\u00a0 naroda svoga sa kojim je i on nestati trebao. <\/span><\/span><\/p>\n<p><span style=\"font-size: small;\"><span lang=\"hr\">Za one \u017eeljne istine o pro\u0161losti svojoj i naroda svoga preporu\u010dujemo knjigu od Zumbera Muratovi\u0107a sa nasloviom &#8220;Sand\u017ea\u010dki Gazija, Osman Rastoder&#8221;<\/span><\/span><\/p>\n","protected":false},"excerpt":{"rendered":"<p>Osman ef. Rastoder je ro\u0111en 1882 god u Radmancima op\u0161tina Petnica a od oca Avdulaha (Muratovog) i majke Umke ro\u0111ene Kurpejovi\u0107 iz Ro\u017eaja. \u0160est razreda Turske Medrese je zavr\u0161io u \u0110akovic, tri razreda u Novom Pazaru i jo\u0161 tri u Carigradu. Radio je u osnovnim i narodnim kako su druga\u010dijebile nazivane osnovne \u0161kole i bio [&hellip;]<\/p>\n","protected":false},"author":83,"featured_media":148230,"comment_status":"open","ping_status":"open","sticky":false,"template":"","format":"standard","meta":{"footnotes":""},"categories":[14,10174],"tags":[],"class_list":{"0":"post-148228","1":"post","2":"type-post","3":"status-publish","4":"format-standard","5":"has-post-thumbnail","7":"category-sandzak-historija","8":"category-petnjica-vase-vijesti"},"yoast_head":"<!-- This site is optimized with the Yoast SEO Premium plugin v23.1 (Yoast SEO v24.9) - https:\/\/yoast.com\/wordpress\/plugins\/seo\/ -->\n<title>Sand\u017ea\u010dko-Bihorski Gazija - Osman Rastoder<\/title>\n<meta name=\"robots\" content=\"index, follow, max-snippet:-1, max-image-preview:large, max-video-preview:-1\" \/>\n<link rel=\"canonical\" href=\"https:\/\/sandzakpress.net\/arhiva\/sandzacko-bihorski-gazija-osman-rastoder\/\" \/>\n<meta property=\"og:locale\" content=\"bs_BA\" \/>\n<meta property=\"og:type\" content=\"article\" \/>\n<meta property=\"og:title\" content=\"Sand\u017ea\u010dko-Bihorski Gazija - Osman Rastoder\" \/>\n<meta property=\"og:description\" content=\"Osman ef. Rastoder je ro\u0111en 1882 god u Radmancima op\u0161tina Petnica a od oca Avdulaha (Muratovog) i majke Umke ro\u0111ene Kurpejovi\u0107 iz Ro\u017eaja. \u0160est razreda Turske Medrese je zavr\u0161io u \u0110akovic, tri razreda u Novom Pazaru i jo\u0161 tri u Carigradu. Radio je u osnovnim i narodnim kako su druga\u010dijebile nazivane osnovne \u0161kole i bio [&hellip;]\" \/>\n<meta property=\"og:url\" content=\"https:\/\/sandzakpress.net\/arhiva\/sandzacko-bihorski-gazija-osman-rastoder\/\" \/>\n<meta property=\"og:site_name\" content=\"Sand\u017eak PRESS\" \/>\n<meta property=\"article:published_time\" content=\"2015-12-07T11:15:08+00:00\" \/>\n<meta property=\"og:image\" content=\"https:\/\/sandzakpress.net\/arhiva\/wp-content\/uploads\/2015\/12\/Osman-R..jpg\" \/>\n\t<meta property=\"og:image:width\" content=\"485\" \/>\n\t<meta property=\"og:image:height\" content=\"751\" \/>\n\t<meta property=\"og:image:type\" content=\"image\/jpeg\" \/>\n<meta name=\"author\" content=\"bosniak\" \/>\n<meta name=\"twitter:card\" content=\"summary_large_image\" \/>\n<meta name=\"twitter:label1\" content=\"Written by\" \/>\n\t<meta name=\"twitter:data1\" content=\"bosniak\" \/>\n\t<meta name=\"twitter:label2\" content=\"Est. reading time\" \/>\n\t<meta name=\"twitter:data2\" content=\"7 minuta\" \/>\n<script type=\"application\/ld+json\" class=\"yoast-schema-graph\">{\"@context\":\"https:\/\/schema.org\",\"@graph\":[{\"@type\":\"Article\",\"@id\":\"https:\/\/sandzakpress.net\/arhiva\/sandzacko-bihorski-gazija-osman-rastoder\/#article\",\"isPartOf\":{\"@id\":\"https:\/\/sandzakpress.net\/arhiva\/sandzacko-bihorski-gazija-osman-rastoder\/\"},\"author\":{\"name\":\"bosniak\",\"@id\":\"https:\/\/sandzakpress.net\/arhiva\/#\/schema\/person\/c8baee722073534b583ea7bdb2e36c02\"},\"headline\":\"Sand\u017ea\u010dko-Bihorski Gazija &#8211; Osman Rastoder\",\"datePublished\":\"2015-12-07T11:15:08+00:00\",\"mainEntityOfPage\":{\"@id\":\"https:\/\/sandzakpress.net\/arhiva\/sandzacko-bihorski-gazija-osman-rastoder\/\"},\"wordCount\":1406,\"commentCount\":4,\"publisher\":{\"@id\":\"https:\/\/sandzakpress.net\/arhiva\/#\/schema\/person\/6e72b67d6e51910a1117b3b483ba20bd\"},\"image\":{\"@id\":\"https:\/\/sandzakpress.net\/arhiva\/sandzacko-bihorski-gazija-osman-rastoder\/#primaryimage\"},\"thumbnailUrl\":\"https:\/\/sandzakpress.net\/arhiva\/wp-content\/uploads\/2015\/12\/Osman-R..jpg\",\"articleSection\":[\"Sand\u017eak HISTORIJA\",\"Petnjica\"],\"inLanguage\":\"bs-BA\",\"potentialAction\":[{\"@type\":\"CommentAction\",\"name\":\"Comment\",\"target\":[\"https:\/\/sandzakpress.net\/arhiva\/sandzacko-bihorski-gazija-osman-rastoder\/#respond\"]}]},{\"@type\":\"WebPage\",\"@id\":\"https:\/\/sandzakpress.net\/arhiva\/sandzacko-bihorski-gazija-osman-rastoder\/\",\"url\":\"https:\/\/sandzakpress.net\/arhiva\/sandzacko-bihorski-gazija-osman-rastoder\/\",\"name\":\"Sand\u017ea\u010dko-Bihorski Gazija - Osman Rastoder\",\"isPartOf\":{\"@id\":\"https:\/\/sandzakpress.net\/arhiva\/#website\"},\"primaryImageOfPage\":{\"@id\":\"https:\/\/sandzakpress.net\/arhiva\/sandzacko-bihorski-gazija-osman-rastoder\/#primaryimage\"},\"image\":{\"@id\":\"https:\/\/sandzakpress.net\/arhiva\/sandzacko-bihorski-gazija-osman-rastoder\/#primaryimage\"},\"thumbnailUrl\":\"https:\/\/sandzakpress.net\/arhiva\/wp-content\/uploads\/2015\/12\/Osman-R..jpg\",\"datePublished\":\"2015-12-07T11:15:08+00:00\",\"breadcrumb\":{\"@id\":\"https:\/\/sandzakpress.net\/arhiva\/sandzacko-bihorski-gazija-osman-rastoder\/#breadcrumb\"},\"inLanguage\":\"bs-BA\",\"potentialAction\":[{\"@type\":\"ReadAction\",\"target\":[\"https:\/\/sandzakpress.net\/arhiva\/sandzacko-bihorski-gazija-osman-rastoder\/\"]}]},{\"@type\":\"ImageObject\",\"inLanguage\":\"bs-BA\",\"@id\":\"https:\/\/sandzakpress.net\/arhiva\/sandzacko-bihorski-gazija-osman-rastoder\/#primaryimage\",\"url\":\"https:\/\/sandzakpress.net\/arhiva\/wp-content\/uploads\/2015\/12\/Osman-R..jpg\",\"contentUrl\":\"https:\/\/sandzakpress.net\/arhiva\/wp-content\/uploads\/2015\/12\/Osman-R..jpg\",\"width\":485,\"height\":751},{\"@type\":\"BreadcrumbList\",\"@id\":\"https:\/\/sandzakpress.net\/arhiva\/sandzacko-bihorski-gazija-osman-rastoder\/#breadcrumb\",\"itemListElement\":[{\"@type\":\"ListItem\",\"position\":1,\"name\":\"Home\",\"item\":\"https:\/\/sandzakpress.net\/arhiva\/\"},{\"@type\":\"ListItem\",\"position\":2,\"name\":\"Sand\u017ea\u010dko-Bihorski Gazija &#8211; Osman Rastoder\"}]},{\"@type\":\"WebSite\",\"@id\":\"https:\/\/sandzakpress.net\/arhiva\/#website\",\"url\":\"https:\/\/sandzakpress.net\/arhiva\/\",\"name\":\"Sand\u017eak PRESS\",\"description\":\"Prve elektronske novine u Sand\u017eaku\",\"publisher\":{\"@id\":\"https:\/\/sandzakpress.net\/arhiva\/#\/schema\/person\/6e72b67d6e51910a1117b3b483ba20bd\"},\"potentialAction\":[{\"@type\":\"SearchAction\",\"target\":{\"@type\":\"EntryPoint\",\"urlTemplate\":\"https:\/\/sandzakpress.net\/arhiva\/?s={search_term_string}\"},\"query-input\":{\"@type\":\"PropertyValueSpecification\",\"valueRequired\":true,\"valueName\":\"search_term_string\"}}],\"inLanguage\":\"bs-BA\"},{\"@type\":[\"Person\",\"Organization\"],\"@id\":\"https:\/\/sandzakpress.net\/arhiva\/#\/schema\/person\/6e72b67d6e51910a1117b3b483ba20bd\",\"name\":\"Kul\",\"image\":{\"@type\":\"ImageObject\",\"inLanguage\":\"bs-BA\",\"@id\":\"https:\/\/sandzakpress.net\/arhiva\/#\/schema\/person\/image\/\",\"url\":\"https:\/\/secure.gravatar.com\/avatar\/42263f39aa27ac04c43cab85c280eb2e?s=96&d=mm&r=pg\",\"contentUrl\":\"https:\/\/secure.gravatar.com\/avatar\/42263f39aa27ac04c43cab85c280eb2e?s=96&d=mm&r=pg\",\"caption\":\"Kul\"},\"logo\":{\"@id\":\"https:\/\/sandzakpress.net\/arhiva\/#\/schema\/person\/image\/\"}},{\"@type\":\"Person\",\"@id\":\"https:\/\/sandzakpress.net\/arhiva\/#\/schema\/person\/c8baee722073534b583ea7bdb2e36c02\",\"name\":\"bosniak\",\"image\":{\"@type\":\"ImageObject\",\"inLanguage\":\"bs-BA\",\"@id\":\"https:\/\/sandzakpress.net\/arhiva\/#\/schema\/person\/image\/\",\"url\":\"https:\/\/secure.gravatar.com\/avatar\/a04fd330bfe3a36a72a0ad4a6d89fca7?s=96&d=mm&r=pg\",\"contentUrl\":\"https:\/\/secure.gravatar.com\/avatar\/a04fd330bfe3a36a72a0ad4a6d89fca7?s=96&d=mm&r=pg\",\"caption\":\"bosniak\"},\"url\":\"https:\/\/sandzakpress.net\/arhiva\/author\/bosniak\/\"}]}<\/script>\n<!-- \/ Yoast SEO Premium plugin. -->","yoast_head_json":{"title":"Sand\u017ea\u010dko-Bihorski Gazija - Osman Rastoder","robots":{"index":"index","follow":"follow","max-snippet":"max-snippet:-1","max-image-preview":"max-image-preview:large","max-video-preview":"max-video-preview:-1"},"canonical":"https:\/\/sandzakpress.net\/arhiva\/sandzacko-bihorski-gazija-osman-rastoder\/","og_locale":"bs_BA","og_type":"article","og_title":"Sand\u017ea\u010dko-Bihorski Gazija - Osman Rastoder","og_description":"Osman ef. Rastoder je ro\u0111en 1882 god u Radmancima op\u0161tina Petnica a od oca Avdulaha (Muratovog) i majke Umke ro\u0111ene Kurpejovi\u0107 iz Ro\u017eaja. \u0160est razreda Turske Medrese je zavr\u0161io u \u0110akovic, tri razreda u Novom Pazaru i jo\u0161 tri u Carigradu. Radio je u osnovnim i narodnim kako su druga\u010dijebile nazivane osnovne \u0161kole i bio [&hellip;]","og_url":"https:\/\/sandzakpress.net\/arhiva\/sandzacko-bihorski-gazija-osman-rastoder\/","og_site_name":"Sand\u017eak PRESS","article_published_time":"2015-12-07T11:15:08+00:00","og_image":[{"width":485,"height":751,"url":"https:\/\/sandzakpress.net\/arhiva\/wp-content\/uploads\/2015\/12\/Osman-R..jpg","type":"image\/jpeg"}],"author":"bosniak","twitter_card":"summary_large_image","twitter_misc":{"Written by":"bosniak","Est. reading time":"7 minuta"},"schema":{"@context":"https:\/\/schema.org","@graph":[{"@type":"Article","@id":"https:\/\/sandzakpress.net\/arhiva\/sandzacko-bihorski-gazija-osman-rastoder\/#article","isPartOf":{"@id":"https:\/\/sandzakpress.net\/arhiva\/sandzacko-bihorski-gazija-osman-rastoder\/"},"author":{"name":"bosniak","@id":"https:\/\/sandzakpress.net\/arhiva\/#\/schema\/person\/c8baee722073534b583ea7bdb2e36c02"},"headline":"Sand\u017ea\u010dko-Bihorski Gazija &#8211; Osman Rastoder","datePublished":"2015-12-07T11:15:08+00:00","mainEntityOfPage":{"@id":"https:\/\/sandzakpress.net\/arhiva\/sandzacko-bihorski-gazija-osman-rastoder\/"},"wordCount":1406,"commentCount":4,"publisher":{"@id":"https:\/\/sandzakpress.net\/arhiva\/#\/schema\/person\/6e72b67d6e51910a1117b3b483ba20bd"},"image":{"@id":"https:\/\/sandzakpress.net\/arhiva\/sandzacko-bihorski-gazija-osman-rastoder\/#primaryimage"},"thumbnailUrl":"https:\/\/sandzakpress.net\/arhiva\/wp-content\/uploads\/2015\/12\/Osman-R..jpg","articleSection":["Sand\u017eak HISTORIJA","Petnjica"],"inLanguage":"bs-BA","potentialAction":[{"@type":"CommentAction","name":"Comment","target":["https:\/\/sandzakpress.net\/arhiva\/sandzacko-bihorski-gazija-osman-rastoder\/#respond"]}]},{"@type":"WebPage","@id":"https:\/\/sandzakpress.net\/arhiva\/sandzacko-bihorski-gazija-osman-rastoder\/","url":"https:\/\/sandzakpress.net\/arhiva\/sandzacko-bihorski-gazija-osman-rastoder\/","name":"Sand\u017ea\u010dko-Bihorski Gazija - Osman Rastoder","isPartOf":{"@id":"https:\/\/sandzakpress.net\/arhiva\/#website"},"primaryImageOfPage":{"@id":"https:\/\/sandzakpress.net\/arhiva\/sandzacko-bihorski-gazija-osman-rastoder\/#primaryimage"},"image":{"@id":"https:\/\/sandzakpress.net\/arhiva\/sandzacko-bihorski-gazija-osman-rastoder\/#primaryimage"},"thumbnailUrl":"https:\/\/sandzakpress.net\/arhiva\/wp-content\/uploads\/2015\/12\/Osman-R..jpg","datePublished":"2015-12-07T11:15:08+00:00","breadcrumb":{"@id":"https:\/\/sandzakpress.net\/arhiva\/sandzacko-bihorski-gazija-osman-rastoder\/#breadcrumb"},"inLanguage":"bs-BA","potentialAction":[{"@type":"ReadAction","target":["https:\/\/sandzakpress.net\/arhiva\/sandzacko-bihorski-gazija-osman-rastoder\/"]}]},{"@type":"ImageObject","inLanguage":"bs-BA","@id":"https:\/\/sandzakpress.net\/arhiva\/sandzacko-bihorski-gazija-osman-rastoder\/#primaryimage","url":"https:\/\/sandzakpress.net\/arhiva\/wp-content\/uploads\/2015\/12\/Osman-R..jpg","contentUrl":"https:\/\/sandzakpress.net\/arhiva\/wp-content\/uploads\/2015\/12\/Osman-R..jpg","width":485,"height":751},{"@type":"BreadcrumbList","@id":"https:\/\/sandzakpress.net\/arhiva\/sandzacko-bihorski-gazija-osman-rastoder\/#breadcrumb","itemListElement":[{"@type":"ListItem","position":1,"name":"Home","item":"https:\/\/sandzakpress.net\/arhiva\/"},{"@type":"ListItem","position":2,"name":"Sand\u017ea\u010dko-Bihorski Gazija &#8211; Osman Rastoder"}]},{"@type":"WebSite","@id":"https:\/\/sandzakpress.net\/arhiva\/#website","url":"https:\/\/sandzakpress.net\/arhiva\/","name":"Sand\u017eak PRESS","description":"Prve elektronske novine u Sand\u017eaku","publisher":{"@id":"https:\/\/sandzakpress.net\/arhiva\/#\/schema\/person\/6e72b67d6e51910a1117b3b483ba20bd"},"potentialAction":[{"@type":"SearchAction","target":{"@type":"EntryPoint","urlTemplate":"https:\/\/sandzakpress.net\/arhiva\/?s={search_term_string}"},"query-input":{"@type":"PropertyValueSpecification","valueRequired":true,"valueName":"search_term_string"}}],"inLanguage":"bs-BA"},{"@type":["Person","Organization"],"@id":"https:\/\/sandzakpress.net\/arhiva\/#\/schema\/person\/6e72b67d6e51910a1117b3b483ba20bd","name":"Kul","image":{"@type":"ImageObject","inLanguage":"bs-BA","@id":"https:\/\/sandzakpress.net\/arhiva\/#\/schema\/person\/image\/","url":"https:\/\/secure.gravatar.com\/avatar\/42263f39aa27ac04c43cab85c280eb2e?s=96&d=mm&r=pg","contentUrl":"https:\/\/secure.gravatar.com\/avatar\/42263f39aa27ac04c43cab85c280eb2e?s=96&d=mm&r=pg","caption":"Kul"},"logo":{"@id":"https:\/\/sandzakpress.net\/arhiva\/#\/schema\/person\/image\/"}},{"@type":"Person","@id":"https:\/\/sandzakpress.net\/arhiva\/#\/schema\/person\/c8baee722073534b583ea7bdb2e36c02","name":"bosniak","image":{"@type":"ImageObject","inLanguage":"bs-BA","@id":"https:\/\/sandzakpress.net\/arhiva\/#\/schema\/person\/image\/","url":"https:\/\/secure.gravatar.com\/avatar\/a04fd330bfe3a36a72a0ad4a6d89fca7?s=96&d=mm&r=pg","contentUrl":"https:\/\/secure.gravatar.com\/avatar\/a04fd330bfe3a36a72a0ad4a6d89fca7?s=96&d=mm&r=pg","caption":"bosniak"},"url":"https:\/\/sandzakpress.net\/arhiva\/author\/bosniak\/"}]}},"_links":{"self":[{"href":"https:\/\/sandzakpress.net\/arhiva\/wp-json\/wp\/v2\/posts\/148228"}],"collection":[{"href":"https:\/\/sandzakpress.net\/arhiva\/wp-json\/wp\/v2\/posts"}],"about":[{"href":"https:\/\/sandzakpress.net\/arhiva\/wp-json\/wp\/v2\/types\/post"}],"author":[{"embeddable":true,"href":"https:\/\/sandzakpress.net\/arhiva\/wp-json\/wp\/v2\/users\/83"}],"replies":[{"embeddable":true,"href":"https:\/\/sandzakpress.net\/arhiva\/wp-json\/wp\/v2\/comments?post=148228"}],"version-history":[{"count":0,"href":"https:\/\/sandzakpress.net\/arhiva\/wp-json\/wp\/v2\/posts\/148228\/revisions"}],"wp:featuredmedia":[{"embeddable":true,"href":"https:\/\/sandzakpress.net\/arhiva\/wp-json\/wp\/v2\/media\/148230"}],"wp:attachment":[{"href":"https:\/\/sandzakpress.net\/arhiva\/wp-json\/wp\/v2\/media?parent=148228"}],"wp:term":[{"taxonomy":"category","embeddable":true,"href":"https:\/\/sandzakpress.net\/arhiva\/wp-json\/wp\/v2\/categories?post=148228"},{"taxonomy":"post_tag","embeddable":true,"href":"https:\/\/sandzakpress.net\/arhiva\/wp-json\/wp\/v2\/tags?post=148228"}],"curies":[{"name":"wp","href":"https:\/\/api.w.org\/{rel}","templated":true}]}}