{"id":147866,"date":"2015-12-03T17:15:53","date_gmt":"2015-12-03T16:15:53","guid":{"rendered":"https:\/\/sandzakpress.net\/arhiva\/?p=147866"},"modified":"2015-12-03T17:16:39","modified_gmt":"2015-12-03T16:16:39","slug":"dr-hajrovic-nije-mi-oduzeta-licenca-iza-linca-protiv-mene-stoji-politika","status":"publish","type":"post","link":"https:\/\/sandzakpress.net\/arhiva\/dr-hajrovic-nije-mi-oduzeta-licenca-iza-linca-protiv-mene-stoji-politika\/","title":{"rendered":"Dr. Hajrovi\u0107 &#8211; Nije mi oduzeta licenca; Iza lin\u010da protiv mene stoji politika"},"content":{"rendered":"<p><img decoding=\"async\" src=\"http:\/\/www.sandzakhaber.net\/wp-content\/uploads\/2015\/12\/68953dfe92b06685985277c5f9e4fe15_L-600x250.jpg\" alt=\"Dr Hajrovi\u0107: Nije mi oduzeta licenca\" \/><\/p>\n<p><strong>Novi Pazar &#8211; Zbog propusta u lije\u010denju pacijentkinje Lidije Hazirovi\u0107 Vrhovni sud \u010dasti Lekarske komore izrekao je disciplinsku mjeru gdje se doktorki Ai\u0161i Hajrovi\u0107 zabranjuje samostalni rad u trajanju od \u0161est mjeseci, a njen kolega Muamer \u0160krijelj je javno opomenut.<\/strong><\/p>\n<p>Doktorka Hajrovi\u0107 za Regionalnu televiziju isti\u010de da ova mjera ne zna\u010di oduzimanje licence za rad, a i da \u0107e se protiv takve odluke \u017ealiti jer, kako je dodala, nije zasnovana na materijalnim dokazima. Sa druge strane, porodica Hazirovi\u0107 smatra da je ovom presudom \u201cvra\u0107en dignitet ljekarskoj profesiji\u201d.<\/p>\n<p>U pisanoj izjavi dr Ai\u0161e Hajrovi\u0107, koja je dostavljena na\u0161oj redakciji se ka\u017ee da joj nije oduzeta licenca za rad i da mo\u017ee da obavlja svoj posao. Ona smatra da nije napravila propust u lije\u010denju pacijentkinje Hazirovi\u0107 te da je sa njom provela samo sedam sati, a drugi ljekar je vodio njenu trudno\u0107u \u0161est mjeseci, tre\u0107i trnaposrtovao u Kragujevac, gdje je I operisana, a da za sve nju krive.<\/p>\n<p><span style=\"text-decoration: underline;\"><strong>Pogledajte prilog RTV:<\/strong><\/span><\/p>\n<div class=\"youtube-embed\" data-video_id=\"Fqg9NRnZq68\"><iframe loading=\"lazy\" title=\"Slu\u010daj Hazirovi\u0107i\" width=\"696\" height=\"392\" src=\"https:\/\/www.youtube.com\/embed\/Fqg9NRnZq68?feature=oembed&#038;enablejsapi=1\" frameborder=\"0\" allow=\"accelerometer; autoplay; encrypted-media; gyroscope; picture-in-picture\" allowfullscreen><\/iframe><\/div>\n<p>\u201cSmatram da je pitanju velika hajka protiv mene i moje porodice.Neko \u017eeli da naru\u0161i ugled \u010dasnim i po\u0161tenim ljudima.O\u010digledno da na\u0161a sredina ne pra\u0161ta uspeh. Kako sam dobila informaciju cijela ova hajka je pokrenuta zbog osnivanja nevladine organizacije,zna\u010di materijalne dobiti.Mislim da \u0161to se ti\u010de pacijentkinje Hazirovi\u0107 ona je zloupotrebljena. Zaklju\u010dak stru\u010dne ginekolo\u0161ke komisije je da se radilo o visoko rizi\u010dnoj trudno\u0107i i da pacijentkinja nije smela da ostane u drugom stanju. Svi moji pacijenti znaju da ja savesno i odgovorno obavljam svoj posao ve\u0107 30 godina i trudi\u0107u se da to i dalje radim. Skoro dvije godine vodi se medijski lin\u010d protiv mene,u unapred mi se presudjuje u medijima.Porodica Hazirovi\u0107 konstantno vr\u0161i pritisak preko medija na nadle\u017ene organe. Moj advokat \u0107e krivi\u010dno goniti sve koji su ume\u0161ani u ovaj proces\u201d<\/p>\n<p>Pisanim saop\u0161tenjem oglasila se I porodica Hazirovi\u0107 u kojem se izme\u0111u ostalog ka\u017ee da o\u010dekuju da \u0107e nakon presude Vrhovnog Suda \u010dasti LKS adekvatno reagovati tu\u017eila\u0161tva i nadle\u017eni organi i najavljuju da \u0107e, ukoliko reakcija izostane, \u201cbiti primorani da se obrate Sudu za ljudska prava u Strazburu\u201d.<\/p>\n<p>\u201c Ne radujemo se ni\u010dijoj nevolji i napominjemo da protiv lekara nemamo ni\u0161ta li\u010dno kao protiv fizi\u010dkih lica. Njihove profesionalne gre\u0161ke i propusti ostavile su velike i nepopravljive posledice koje se ogledaju u gubitku bebe, uklanjanju reproduktivnih organa i trajnom ugrozavanju zdravlja Lidije Hazirovi\u0107 sa posljedicama koje \u0107e je pratiti do kraja \u017eivota\u201d.<\/p>\n<p>izvor: rtvnp.rs<\/p>\n","protected":false},"excerpt":{"rendered":"<p>Novi Pazar &#8211; Zbog propusta u lije\u010denju pacijentkinje Lidije Hazirovi\u0107 Vrhovni sud \u010dasti Lekarske komore izrekao je disciplinsku mjeru gdje se doktorki Ai\u0161i Hajrovi\u0107 zabranjuje samostalni rad u trajanju od \u0161est mjeseci, a njen kolega Muamer \u0160krijelj je javno opomenut. Doktorka Hajrovi\u0107 za Regionalnu televiziju isti\u010de da ova mjera ne zna\u010di oduzimanje licence za rad, [&hellip;]<\/p>\n","protected":false},"author":83,"featured_media":147867,"comment_status":"open","ping_status":"open","sticky":false,"template":"","format":"standard","meta":{"footnotes":""},"categories":[72,1,8957],"tags":[],"class_list":{"0":"post-147866","1":"post","2":"type-post","3":"status-publish","4":"format-standard","5":"has-post-thumbnail","7":"category-novi-pazar","8":"category-politika","9":"category-vijesti-dana"},"yoast_head":"<!-- This site is optimized with the Yoast SEO Premium plugin v23.1 (Yoast SEO v24.9) - https:\/\/yoast.com\/wordpress\/plugins\/seo\/ -->\n<title>Dr. Hajrovi\u0107 - Nije mi oduzeta licenca; Iza lin\u010da protiv mene stoji politika<\/title>\n<meta name=\"robots\" content=\"index, follow, max-snippet:-1, max-image-preview:large, max-video-preview:-1\" \/>\n<link rel=\"canonical\" href=\"https:\/\/sandzakpress.net\/arhiva\/dr-hajrovic-nije-mi-oduzeta-licenca-iza-linca-protiv-mene-stoji-politika\/\" \/>\n<meta property=\"og:locale\" content=\"bs_BA\" \/>\n<meta property=\"og:type\" content=\"article\" \/>\n<meta property=\"og:title\" content=\"Dr. Hajrovi\u0107 - Nije mi oduzeta licenca; Iza lin\u010da protiv mene stoji politika\" \/>\n<meta property=\"og:description\" content=\"Novi Pazar &#8211; Zbog propusta u lije\u010denju pacijentkinje Lidije Hazirovi\u0107 Vrhovni sud \u010dasti Lekarske komore izrekao je disciplinsku mjeru gdje se doktorki Ai\u0161i Hajrovi\u0107 zabranjuje samostalni rad u trajanju od \u0161est mjeseci, a njen kolega Muamer \u0160krijelj je javno opomenut. Doktorka Hajrovi\u0107 za Regionalnu televiziju isti\u010de da ova mjera ne zna\u010di oduzimanje licence za rad, [&hellip;]\" \/>\n<meta property=\"og:url\" content=\"https:\/\/sandzakpress.net\/arhiva\/dr-hajrovic-nije-mi-oduzeta-licenca-iza-linca-protiv-mene-stoji-politika\/\" \/>\n<meta property=\"og:site_name\" content=\"Sand\u017eak PRESS\" \/>\n<meta property=\"article:published_time\" content=\"2015-12-03T16:15:53+00:00\" \/>\n<meta property=\"article:modified_time\" content=\"2015-12-03T16:16:39+00:00\" \/>\n<meta property=\"og:image\" content=\"https:\/\/sandzakpress.net\/arhiva\/wp-content\/uploads\/2015\/12\/68953dfe92b06685985277c5f9e4fe15_L-600x250.jpg\" \/>\n\t<meta property=\"og:image:width\" content=\"600\" \/>\n\t<meta property=\"og:image:height\" content=\"250\" \/>\n\t<meta property=\"og:image:type\" content=\"image\/jpeg\" \/>\n<meta name=\"author\" content=\"bosniak\" \/>\n<meta name=\"twitter:card\" content=\"summary_large_image\" \/>\n<meta name=\"twitter:label1\" content=\"Written by\" \/>\n\t<meta name=\"twitter:data1\" content=\"bosniak\" \/>\n\t<meta name=\"twitter:label2\" content=\"Est. reading time\" \/>\n\t<meta name=\"twitter:data2\" content=\"2 minute\" \/>\n<script type=\"application\/ld+json\" class=\"yoast-schema-graph\">{\"@context\":\"https:\/\/schema.org\",\"@graph\":[{\"@type\":\"Article\",\"@id\":\"https:\/\/sandzakpress.net\/arhiva\/dr-hajrovic-nije-mi-oduzeta-licenca-iza-linca-protiv-mene-stoji-politika\/#article\",\"isPartOf\":{\"@id\":\"https:\/\/sandzakpress.net\/arhiva\/dr-hajrovic-nije-mi-oduzeta-licenca-iza-linca-protiv-mene-stoji-politika\/\"},\"author\":{\"name\":\"bosniak\",\"@id\":\"https:\/\/sandzakpress.net\/arhiva\/#\/schema\/person\/c8baee722073534b583ea7bdb2e36c02\"},\"headline\":\"Dr. Hajrovi\u0107 &#8211; Nije mi oduzeta licenca; Iza lin\u010da protiv mene stoji politika\",\"datePublished\":\"2015-12-03T16:15:53+00:00\",\"dateModified\":\"2015-12-03T16:16:39+00:00\",\"mainEntityOfPage\":{\"@id\":\"https:\/\/sandzakpress.net\/arhiva\/dr-hajrovic-nije-mi-oduzeta-licenca-iza-linca-protiv-mene-stoji-politika\/\"},\"wordCount\":459,\"commentCount\":11,\"publisher\":{\"@id\":\"https:\/\/sandzakpress.net\/arhiva\/#\/schema\/person\/6e72b67d6e51910a1117b3b483ba20bd\"},\"image\":{\"@id\":\"https:\/\/sandzakpress.net\/arhiva\/dr-hajrovic-nije-mi-oduzeta-licenca-iza-linca-protiv-mene-stoji-politika\/#primaryimage\"},\"thumbnailUrl\":\"https:\/\/sandzakpress.net\/arhiva\/wp-content\/uploads\/2015\/12\/68953dfe92b06685985277c5f9e4fe15_L-600x250.jpg\",\"articleSection\":[\"Novi Pazar\",\"Politika\",\"VIJESTI DANA\"],\"inLanguage\":\"bs-BA\",\"potentialAction\":[{\"@type\":\"CommentAction\",\"name\":\"Comment\",\"target\":[\"https:\/\/sandzakpress.net\/arhiva\/dr-hajrovic-nije-mi-oduzeta-licenca-iza-linca-protiv-mene-stoji-politika\/#respond\"]}]},{\"@type\":\"WebPage\",\"@id\":\"https:\/\/sandzakpress.net\/arhiva\/dr-hajrovic-nije-mi-oduzeta-licenca-iza-linca-protiv-mene-stoji-politika\/\",\"url\":\"https:\/\/sandzakpress.net\/arhiva\/dr-hajrovic-nije-mi-oduzeta-licenca-iza-linca-protiv-mene-stoji-politika\/\",\"name\":\"Dr. Hajrovi\u0107 - Nije mi oduzeta licenca; Iza lin\u010da protiv mene stoji politika\",\"isPartOf\":{\"@id\":\"https:\/\/sandzakpress.net\/arhiva\/#website\"},\"primaryImageOfPage\":{\"@id\":\"https:\/\/sandzakpress.net\/arhiva\/dr-hajrovic-nije-mi-oduzeta-licenca-iza-linca-protiv-mene-stoji-politika\/#primaryimage\"},\"image\":{\"@id\":\"https:\/\/sandzakpress.net\/arhiva\/dr-hajrovic-nije-mi-oduzeta-licenca-iza-linca-protiv-mene-stoji-politika\/#primaryimage\"},\"thumbnailUrl\":\"https:\/\/sandzakpress.net\/arhiva\/wp-content\/uploads\/2015\/12\/68953dfe92b06685985277c5f9e4fe15_L-600x250.jpg\",\"datePublished\":\"2015-12-03T16:15:53+00:00\",\"dateModified\":\"2015-12-03T16:16:39+00:00\",\"breadcrumb\":{\"@id\":\"https:\/\/sandzakpress.net\/arhiva\/dr-hajrovic-nije-mi-oduzeta-licenca-iza-linca-protiv-mene-stoji-politika\/#breadcrumb\"},\"inLanguage\":\"bs-BA\",\"potentialAction\":[{\"@type\":\"ReadAction\",\"target\":[\"https:\/\/sandzakpress.net\/arhiva\/dr-hajrovic-nije-mi-oduzeta-licenca-iza-linca-protiv-mene-stoji-politika\/\"]}]},{\"@type\":\"ImageObject\",\"inLanguage\":\"bs-BA\",\"@id\":\"https:\/\/sandzakpress.net\/arhiva\/dr-hajrovic-nije-mi-oduzeta-licenca-iza-linca-protiv-mene-stoji-politika\/#primaryimage\",\"url\":\"https:\/\/sandzakpress.net\/arhiva\/wp-content\/uploads\/2015\/12\/68953dfe92b06685985277c5f9e4fe15_L-600x250.jpg\",\"contentUrl\":\"https:\/\/sandzakpress.net\/arhiva\/wp-content\/uploads\/2015\/12\/68953dfe92b06685985277c5f9e4fe15_L-600x250.jpg\",\"width\":600,\"height\":250},{\"@type\":\"BreadcrumbList\",\"@id\":\"https:\/\/sandzakpress.net\/arhiva\/dr-hajrovic-nije-mi-oduzeta-licenca-iza-linca-protiv-mene-stoji-politika\/#breadcrumb\",\"itemListElement\":[{\"@type\":\"ListItem\",\"position\":1,\"name\":\"Home\",\"item\":\"https:\/\/sandzakpress.net\/arhiva\/\"},{\"@type\":\"ListItem\",\"position\":2,\"name\":\"Dr. Hajrovi\u0107 &#8211; Nije mi oduzeta licenca; Iza lin\u010da protiv mene stoji politika\"}]},{\"@type\":\"WebSite\",\"@id\":\"https:\/\/sandzakpress.net\/arhiva\/#website\",\"url\":\"https:\/\/sandzakpress.net\/arhiva\/\",\"name\":\"Sand\u017eak PRESS\",\"description\":\"Prve elektronske novine u Sand\u017eaku\",\"publisher\":{\"@id\":\"https:\/\/sandzakpress.net\/arhiva\/#\/schema\/person\/6e72b67d6e51910a1117b3b483ba20bd\"},\"potentialAction\":[{\"@type\":\"SearchAction\",\"target\":{\"@type\":\"EntryPoint\",\"urlTemplate\":\"https:\/\/sandzakpress.net\/arhiva\/?s={search_term_string}\"},\"query-input\":{\"@type\":\"PropertyValueSpecification\",\"valueRequired\":true,\"valueName\":\"search_term_string\"}}],\"inLanguage\":\"bs-BA\"},{\"@type\":[\"Person\",\"Organization\"],\"@id\":\"https:\/\/sandzakpress.net\/arhiva\/#\/schema\/person\/6e72b67d6e51910a1117b3b483ba20bd\",\"name\":\"Kul\",\"image\":{\"@type\":\"ImageObject\",\"inLanguage\":\"bs-BA\",\"@id\":\"https:\/\/sandzakpress.net\/arhiva\/#\/schema\/person\/image\/\",\"url\":\"https:\/\/secure.gravatar.com\/avatar\/42263f39aa27ac04c43cab85c280eb2e?s=96&d=mm&r=pg\",\"contentUrl\":\"https:\/\/secure.gravatar.com\/avatar\/42263f39aa27ac04c43cab85c280eb2e?s=96&d=mm&r=pg\",\"caption\":\"Kul\"},\"logo\":{\"@id\":\"https:\/\/sandzakpress.net\/arhiva\/#\/schema\/person\/image\/\"}},{\"@type\":\"Person\",\"@id\":\"https:\/\/sandzakpress.net\/arhiva\/#\/schema\/person\/c8baee722073534b583ea7bdb2e36c02\",\"name\":\"bosniak\",\"image\":{\"@type\":\"ImageObject\",\"inLanguage\":\"bs-BA\",\"@id\":\"https:\/\/sandzakpress.net\/arhiva\/#\/schema\/person\/image\/\",\"url\":\"https:\/\/secure.gravatar.com\/avatar\/a04fd330bfe3a36a72a0ad4a6d89fca7?s=96&d=mm&r=pg\",\"contentUrl\":\"https:\/\/secure.gravatar.com\/avatar\/a04fd330bfe3a36a72a0ad4a6d89fca7?s=96&d=mm&r=pg\",\"caption\":\"bosniak\"},\"url\":\"https:\/\/sandzakpress.net\/arhiva\/author\/bosniak\/\"}]}<\/script>\n<!-- \/ Yoast SEO Premium plugin. -->","yoast_head_json":{"title":"Dr. Hajrovi\u0107 - Nije mi oduzeta licenca; Iza lin\u010da protiv mene stoji politika","robots":{"index":"index","follow":"follow","max-snippet":"max-snippet:-1","max-image-preview":"max-image-preview:large","max-video-preview":"max-video-preview:-1"},"canonical":"https:\/\/sandzakpress.net\/arhiva\/dr-hajrovic-nije-mi-oduzeta-licenca-iza-linca-protiv-mene-stoji-politika\/","og_locale":"bs_BA","og_type":"article","og_title":"Dr. Hajrovi\u0107 - Nije mi oduzeta licenca; Iza lin\u010da protiv mene stoji politika","og_description":"Novi Pazar &#8211; Zbog propusta u lije\u010denju pacijentkinje Lidije Hazirovi\u0107 Vrhovni sud \u010dasti Lekarske komore izrekao je disciplinsku mjeru gdje se doktorki Ai\u0161i Hajrovi\u0107 zabranjuje samostalni rad u trajanju od \u0161est mjeseci, a njen kolega Muamer \u0160krijelj je javno opomenut. Doktorka Hajrovi\u0107 za Regionalnu televiziju isti\u010de da ova mjera ne zna\u010di oduzimanje licence za rad, [&hellip;]","og_url":"https:\/\/sandzakpress.net\/arhiva\/dr-hajrovic-nije-mi-oduzeta-licenca-iza-linca-protiv-mene-stoji-politika\/","og_site_name":"Sand\u017eak PRESS","article_published_time":"2015-12-03T16:15:53+00:00","article_modified_time":"2015-12-03T16:16:39+00:00","og_image":[{"width":600,"height":250,"url":"https:\/\/sandzakpress.net\/arhiva\/wp-content\/uploads\/2015\/12\/68953dfe92b06685985277c5f9e4fe15_L-600x250.jpg","type":"image\/jpeg"}],"author":"bosniak","twitter_card":"summary_large_image","twitter_misc":{"Written by":"bosniak","Est. reading time":"2 minute"},"schema":{"@context":"https:\/\/schema.org","@graph":[{"@type":"Article","@id":"https:\/\/sandzakpress.net\/arhiva\/dr-hajrovic-nije-mi-oduzeta-licenca-iza-linca-protiv-mene-stoji-politika\/#article","isPartOf":{"@id":"https:\/\/sandzakpress.net\/arhiva\/dr-hajrovic-nije-mi-oduzeta-licenca-iza-linca-protiv-mene-stoji-politika\/"},"author":{"name":"bosniak","@id":"https:\/\/sandzakpress.net\/arhiva\/#\/schema\/person\/c8baee722073534b583ea7bdb2e36c02"},"headline":"Dr. Hajrovi\u0107 &#8211; Nije mi oduzeta licenca; Iza lin\u010da protiv mene stoji politika","datePublished":"2015-12-03T16:15:53+00:00","dateModified":"2015-12-03T16:16:39+00:00","mainEntityOfPage":{"@id":"https:\/\/sandzakpress.net\/arhiva\/dr-hajrovic-nije-mi-oduzeta-licenca-iza-linca-protiv-mene-stoji-politika\/"},"wordCount":459,"commentCount":11,"publisher":{"@id":"https:\/\/sandzakpress.net\/arhiva\/#\/schema\/person\/6e72b67d6e51910a1117b3b483ba20bd"},"image":{"@id":"https:\/\/sandzakpress.net\/arhiva\/dr-hajrovic-nije-mi-oduzeta-licenca-iza-linca-protiv-mene-stoji-politika\/#primaryimage"},"thumbnailUrl":"https:\/\/sandzakpress.net\/arhiva\/wp-content\/uploads\/2015\/12\/68953dfe92b06685985277c5f9e4fe15_L-600x250.jpg","articleSection":["Novi Pazar","Politika","VIJESTI DANA"],"inLanguage":"bs-BA","potentialAction":[{"@type":"CommentAction","name":"Comment","target":["https:\/\/sandzakpress.net\/arhiva\/dr-hajrovic-nije-mi-oduzeta-licenca-iza-linca-protiv-mene-stoji-politika\/#respond"]}]},{"@type":"WebPage","@id":"https:\/\/sandzakpress.net\/arhiva\/dr-hajrovic-nije-mi-oduzeta-licenca-iza-linca-protiv-mene-stoji-politika\/","url":"https:\/\/sandzakpress.net\/arhiva\/dr-hajrovic-nije-mi-oduzeta-licenca-iza-linca-protiv-mene-stoji-politika\/","name":"Dr. Hajrovi\u0107 - Nije mi oduzeta licenca; Iza lin\u010da protiv mene stoji politika","isPartOf":{"@id":"https:\/\/sandzakpress.net\/arhiva\/#website"},"primaryImageOfPage":{"@id":"https:\/\/sandzakpress.net\/arhiva\/dr-hajrovic-nije-mi-oduzeta-licenca-iza-linca-protiv-mene-stoji-politika\/#primaryimage"},"image":{"@id":"https:\/\/sandzakpress.net\/arhiva\/dr-hajrovic-nije-mi-oduzeta-licenca-iza-linca-protiv-mene-stoji-politika\/#primaryimage"},"thumbnailUrl":"https:\/\/sandzakpress.net\/arhiva\/wp-content\/uploads\/2015\/12\/68953dfe92b06685985277c5f9e4fe15_L-600x250.jpg","datePublished":"2015-12-03T16:15:53+00:00","dateModified":"2015-12-03T16:16:39+00:00","breadcrumb":{"@id":"https:\/\/sandzakpress.net\/arhiva\/dr-hajrovic-nije-mi-oduzeta-licenca-iza-linca-protiv-mene-stoji-politika\/#breadcrumb"},"inLanguage":"bs-BA","potentialAction":[{"@type":"ReadAction","target":["https:\/\/sandzakpress.net\/arhiva\/dr-hajrovic-nije-mi-oduzeta-licenca-iza-linca-protiv-mene-stoji-politika\/"]}]},{"@type":"ImageObject","inLanguage":"bs-BA","@id":"https:\/\/sandzakpress.net\/arhiva\/dr-hajrovic-nije-mi-oduzeta-licenca-iza-linca-protiv-mene-stoji-politika\/#primaryimage","url":"https:\/\/sandzakpress.net\/arhiva\/wp-content\/uploads\/2015\/12\/68953dfe92b06685985277c5f9e4fe15_L-600x250.jpg","contentUrl":"https:\/\/sandzakpress.net\/arhiva\/wp-content\/uploads\/2015\/12\/68953dfe92b06685985277c5f9e4fe15_L-600x250.jpg","width":600,"height":250},{"@type":"BreadcrumbList","@id":"https:\/\/sandzakpress.net\/arhiva\/dr-hajrovic-nije-mi-oduzeta-licenca-iza-linca-protiv-mene-stoji-politika\/#breadcrumb","itemListElement":[{"@type":"ListItem","position":1,"name":"Home","item":"https:\/\/sandzakpress.net\/arhiva\/"},{"@type":"ListItem","position":2,"name":"Dr. Hajrovi\u0107 &#8211; Nije mi oduzeta licenca; Iza lin\u010da protiv mene stoji politika"}]},{"@type":"WebSite","@id":"https:\/\/sandzakpress.net\/arhiva\/#website","url":"https:\/\/sandzakpress.net\/arhiva\/","name":"Sand\u017eak PRESS","description":"Prve elektronske novine u Sand\u017eaku","publisher":{"@id":"https:\/\/sandzakpress.net\/arhiva\/#\/schema\/person\/6e72b67d6e51910a1117b3b483ba20bd"},"potentialAction":[{"@type":"SearchAction","target":{"@type":"EntryPoint","urlTemplate":"https:\/\/sandzakpress.net\/arhiva\/?s={search_term_string}"},"query-input":{"@type":"PropertyValueSpecification","valueRequired":true,"valueName":"search_term_string"}}],"inLanguage":"bs-BA"},{"@type":["Person","Organization"],"@id":"https:\/\/sandzakpress.net\/arhiva\/#\/schema\/person\/6e72b67d6e51910a1117b3b483ba20bd","name":"Kul","image":{"@type":"ImageObject","inLanguage":"bs-BA","@id":"https:\/\/sandzakpress.net\/arhiva\/#\/schema\/person\/image\/","url":"https:\/\/secure.gravatar.com\/avatar\/42263f39aa27ac04c43cab85c280eb2e?s=96&d=mm&r=pg","contentUrl":"https:\/\/secure.gravatar.com\/avatar\/42263f39aa27ac04c43cab85c280eb2e?s=96&d=mm&r=pg","caption":"Kul"},"logo":{"@id":"https:\/\/sandzakpress.net\/arhiva\/#\/schema\/person\/image\/"}},{"@type":"Person","@id":"https:\/\/sandzakpress.net\/arhiva\/#\/schema\/person\/c8baee722073534b583ea7bdb2e36c02","name":"bosniak","image":{"@type":"ImageObject","inLanguage":"bs-BA","@id":"https:\/\/sandzakpress.net\/arhiva\/#\/schema\/person\/image\/","url":"https:\/\/secure.gravatar.com\/avatar\/a04fd330bfe3a36a72a0ad4a6d89fca7?s=96&d=mm&r=pg","contentUrl":"https:\/\/secure.gravatar.com\/avatar\/a04fd330bfe3a36a72a0ad4a6d89fca7?s=96&d=mm&r=pg","caption":"bosniak"},"url":"https:\/\/sandzakpress.net\/arhiva\/author\/bosniak\/"}]}},"_links":{"self":[{"href":"https:\/\/sandzakpress.net\/arhiva\/wp-json\/wp\/v2\/posts\/147866"}],"collection":[{"href":"https:\/\/sandzakpress.net\/arhiva\/wp-json\/wp\/v2\/posts"}],"about":[{"href":"https:\/\/sandzakpress.net\/arhiva\/wp-json\/wp\/v2\/types\/post"}],"author":[{"embeddable":true,"href":"https:\/\/sandzakpress.net\/arhiva\/wp-json\/wp\/v2\/users\/83"}],"replies":[{"embeddable":true,"href":"https:\/\/sandzakpress.net\/arhiva\/wp-json\/wp\/v2\/comments?post=147866"}],"version-history":[{"count":0,"href":"https:\/\/sandzakpress.net\/arhiva\/wp-json\/wp\/v2\/posts\/147866\/revisions"}],"wp:featuredmedia":[{"embeddable":true,"href":"https:\/\/sandzakpress.net\/arhiva\/wp-json\/wp\/v2\/media\/147867"}],"wp:attachment":[{"href":"https:\/\/sandzakpress.net\/arhiva\/wp-json\/wp\/v2\/media?parent=147866"}],"wp:term":[{"taxonomy":"category","embeddable":true,"href":"https:\/\/sandzakpress.net\/arhiva\/wp-json\/wp\/v2\/categories?post=147866"},{"taxonomy":"post_tag","embeddable":true,"href":"https:\/\/sandzakpress.net\/arhiva\/wp-json\/wp\/v2\/tags?post=147866"}],"curies":[{"name":"wp","href":"https:\/\/api.w.org\/{rel}","templated":true}]}}