{"id":14757,"date":"2011-04-06T11:17:54","date_gmt":"2011-04-06T09:17:54","guid":{"rendered":"https:\/\/sandzakpress.net\/arhiva\/?p=14757"},"modified":"2011-04-06T11:17:54","modified_gmt":"2011-04-06T09:17:54","slug":"polozeni-vijenci-na-spomeniku-bugarskim-osnovcima","status":"publish","type":"post","link":"https:\/\/sandzakpress.net\/arhiva\/polozeni-vijenci-na-spomeniku-bugarskim-osnovcima\/","title":{"rendered":"Polo\u017eeni vijenci na spomeniku bugarskim osnovcima"},"content":{"rendered":"<p><strong><a href=\"https:\/\/sandzakpress.net\/arhiva\/wp-content\/uploads\/2011\/04\/4srb-gostun.jpg\"><img loading=\"lazy\" decoding=\"async\" class=\"alignleft size-medium wp-image-14758\" src=\"https:\/\/sandzakpress.net\/arhiva\/wp-content\/uploads\/2011\/04\/4srb-gostun-300x239.jpg\" alt=\"\" width=\"300\" height=\"239\" \/><\/a>Prijepolje &#8211; Delegacije Ambasade Bugarske u Srbiji i op\u0107ine Prijepolje polo\u017eile su vijence na spomenik u Gostunu podignut u znak sije\u010danja na 12 bugarskih osnovaca stradalih u saobra\u0107ajnoj nesre\u0107i prije sedam godina<\/strong>.<\/p>\n<p>&#8211; Ovo je jedan od onih doga\u0111aja koji se ne mogu zaboraviti. Cvijet bugarske mladosti nastradao je ovdje prije sedam godina kada je u Lim sletio autobus koji je prevozio izrazito dobre u\u010denike sa nagradne ekskurzije &#8211; rekao je Ivajlo Ka\u0161kanov, ata\u0161e bugarske ambasade.<\/p>\n<p>Ka\u0161kanov je zahvalio gra\u0111anima Brodareva, Prijepolja i Bijelog Polja koji su, iako je bila no\u0107, iz nabujalog Lima spasili 39 pre\u017eivjelih u\u010denika i njihovih vaspita\u010da.<\/p>\n<p>Nesre\u0107a od 4. aprila 2004. godine, u kojoj su stradali bugarski u\u010denici, jedna je od najte\u017eih saobra\u0107ajnih udesa na tom djelu jadranske magistrale.<\/p>\n<p>Gra\u0111anima Brodareva i Bijelog Polja koji su spasavali u\u010denike uru\u010dena su najvi\u0161a dr\u017eavna odlikovanja Bugarske.<\/p>\n<p>Izvor: <strong>Glas-Javnosti.rs<\/strong><\/p>\n","protected":false},"excerpt":{"rendered":"<p>Prijepolje &#8211; Delegacije Ambasade Bugarske u Srbiji i op\u0107ine Prijepolje polo\u017eile su vijence na spomenik u Gostunu podignut u znak sije\u010danja na 12 bugarskih osnovaca stradalih u saobra\u0107ajnoj nesre\u0107i prije sedam godina. &#8211; Ovo je jedan od onih doga\u0111aja koji se ne mogu zaboraviti. Cvijet bugarske mladosti nastradao je ovdje prije sedam godina kada je [&hellip;]<\/p>\n","protected":false},"author":13,"featured_media":14758,"comment_status":"open","ping_status":"open","sticky":false,"template":"","format":"standard","meta":{"footnotes":""},"categories":[392,4],"tags":[],"class_list":{"0":"post-14757","1":"post","2":"type-post","3":"status-publish","4":"format-standard","5":"has-post-thumbnail","7":"category-prijepolje_","8":"category-obrazovanje"},"yoast_head":"<!-- This site is optimized with the Yoast SEO Premium plugin v23.1 (Yoast SEO v24.9) - https:\/\/yoast.com\/wordpress\/plugins\/seo\/ -->\n<title>Polo\u017eeni vijenci na spomeniku bugarskim osnovcima<\/title>\n<meta name=\"robots\" content=\"index, follow, max-snippet:-1, max-image-preview:large, max-video-preview:-1\" \/>\n<link rel=\"canonical\" href=\"https:\/\/sandzakpress.net\/arhiva\/polozeni-vijenci-na-spomeniku-bugarskim-osnovcima\/\" \/>\n<meta property=\"og:locale\" content=\"bs_BA\" \/>\n<meta property=\"og:type\" content=\"article\" \/>\n<meta property=\"og:title\" content=\"Polo\u017eeni vijenci na spomeniku bugarskim osnovcima\" \/>\n<meta property=\"og:description\" content=\"Prijepolje &#8211; Delegacije Ambasade Bugarske u Srbiji i op\u0107ine Prijepolje polo\u017eile su vijence na spomenik u Gostunu podignut u znak sije\u010danja na 12 bugarskih osnovaca stradalih u saobra\u0107ajnoj nesre\u0107i prije sedam godina. &#8211; Ovo je jedan od onih doga\u0111aja koji se ne mogu zaboraviti. Cvijet bugarske mladosti nastradao je ovdje prije sedam godina kada je [&hellip;]\" \/>\n<meta property=\"og:url\" content=\"https:\/\/sandzakpress.net\/arhiva\/polozeni-vijenci-na-spomeniku-bugarskim-osnovcima\/\" \/>\n<meta property=\"og:site_name\" content=\"Sand\u017eak PRESS\" \/>\n<meta property=\"article:published_time\" content=\"2011-04-06T09:17:54+00:00\" \/>\n<meta property=\"og:image\" content=\"https:\/\/sandzakpress.net\/arhiva\/wp-content\/uploads\/2011\/04\/4srb-gostun.jpg\" \/>\n\t<meta property=\"og:image:width\" content=\"350\" \/>\n\t<meta property=\"og:image:height\" content=\"279\" \/>\n\t<meta property=\"og:image:type\" content=\"image\/jpeg\" \/>\n<meta name=\"twitter:card\" content=\"summary_large_image\" \/>\n<meta name=\"twitter:label1\" content=\"Written by\" \/>\n\t<meta name=\"twitter:data1\" content=\"\" \/>\n\t<meta name=\"twitter:label2\" content=\"Est. reading time\" \/>\n\t<meta name=\"twitter:data2\" content=\"1 minuta\" \/>\n<script type=\"application\/ld+json\" class=\"yoast-schema-graph\">{\"@context\":\"https:\/\/schema.org\",\"@graph\":[{\"@type\":\"Article\",\"@id\":\"https:\/\/sandzakpress.net\/arhiva\/polozeni-vijenci-na-spomeniku-bugarskim-osnovcima\/#article\",\"isPartOf\":{\"@id\":\"https:\/\/sandzakpress.net\/arhiva\/polozeni-vijenci-na-spomeniku-bugarskim-osnovcima\/\"},\"author\":{\"name\":\"\",\"@id\":\"\"},\"headline\":\"Polo\u017eeni vijenci na spomeniku bugarskim osnovcima\",\"datePublished\":\"2011-04-06T09:17:54+00:00\",\"mainEntityOfPage\":{\"@id\":\"https:\/\/sandzakpress.net\/arhiva\/polozeni-vijenci-na-spomeniku-bugarskim-osnovcima\/\"},\"wordCount\":168,\"commentCount\":3,\"publisher\":{\"@id\":\"https:\/\/sandzakpress.net\/arhiva\/#\/schema\/person\/6e72b67d6e51910a1117b3b483ba20bd\"},\"image\":{\"@id\":\"https:\/\/sandzakpress.net\/arhiva\/polozeni-vijenci-na-spomeniku-bugarskim-osnovcima\/#primaryimage\"},\"thumbnailUrl\":\"https:\/\/sandzakpress.net\/arhiva\/wp-content\/uploads\/2011\/04\/4srb-gostun.jpg\",\"articleSection\":[\"Prijepolje\",\"Obrazovanje\"],\"inLanguage\":\"bs-BA\",\"potentialAction\":[{\"@type\":\"CommentAction\",\"name\":\"Comment\",\"target\":[\"https:\/\/sandzakpress.net\/arhiva\/polozeni-vijenci-na-spomeniku-bugarskim-osnovcima\/#respond\"]}]},{\"@type\":\"WebPage\",\"@id\":\"https:\/\/sandzakpress.net\/arhiva\/polozeni-vijenci-na-spomeniku-bugarskim-osnovcima\/\",\"url\":\"https:\/\/sandzakpress.net\/arhiva\/polozeni-vijenci-na-spomeniku-bugarskim-osnovcima\/\",\"name\":\"Polo\u017eeni vijenci na spomeniku bugarskim osnovcima\",\"isPartOf\":{\"@id\":\"https:\/\/sandzakpress.net\/arhiva\/#website\"},\"primaryImageOfPage\":{\"@id\":\"https:\/\/sandzakpress.net\/arhiva\/polozeni-vijenci-na-spomeniku-bugarskim-osnovcima\/#primaryimage\"},\"image\":{\"@id\":\"https:\/\/sandzakpress.net\/arhiva\/polozeni-vijenci-na-spomeniku-bugarskim-osnovcima\/#primaryimage\"},\"thumbnailUrl\":\"https:\/\/sandzakpress.net\/arhiva\/wp-content\/uploads\/2011\/04\/4srb-gostun.jpg\",\"datePublished\":\"2011-04-06T09:17:54+00:00\",\"breadcrumb\":{\"@id\":\"https:\/\/sandzakpress.net\/arhiva\/polozeni-vijenci-na-spomeniku-bugarskim-osnovcima\/#breadcrumb\"},\"inLanguage\":\"bs-BA\",\"potentialAction\":[{\"@type\":\"ReadAction\",\"target\":[\"https:\/\/sandzakpress.net\/arhiva\/polozeni-vijenci-na-spomeniku-bugarskim-osnovcima\/\"]}]},{\"@type\":\"ImageObject\",\"inLanguage\":\"bs-BA\",\"@id\":\"https:\/\/sandzakpress.net\/arhiva\/polozeni-vijenci-na-spomeniku-bugarskim-osnovcima\/#primaryimage\",\"url\":\"https:\/\/sandzakpress.net\/arhiva\/wp-content\/uploads\/2011\/04\/4srb-gostun.jpg\",\"contentUrl\":\"https:\/\/sandzakpress.net\/arhiva\/wp-content\/uploads\/2011\/04\/4srb-gostun.jpg\",\"width\":350,\"height\":279},{\"@type\":\"BreadcrumbList\",\"@id\":\"https:\/\/sandzakpress.net\/arhiva\/polozeni-vijenci-na-spomeniku-bugarskim-osnovcima\/#breadcrumb\",\"itemListElement\":[{\"@type\":\"ListItem\",\"position\":1,\"name\":\"Home\",\"item\":\"https:\/\/sandzakpress.net\/arhiva\/\"},{\"@type\":\"ListItem\",\"position\":2,\"name\":\"Polo\u017eeni vijenci na spomeniku bugarskim osnovcima\"}]},{\"@type\":\"WebSite\",\"@id\":\"https:\/\/sandzakpress.net\/arhiva\/#website\",\"url\":\"https:\/\/sandzakpress.net\/arhiva\/\",\"name\":\"Sand\u017eak PRESS\",\"description\":\"Prve elektronske novine u Sand\u017eaku\",\"publisher\":{\"@id\":\"https:\/\/sandzakpress.net\/arhiva\/#\/schema\/person\/6e72b67d6e51910a1117b3b483ba20bd\"},\"potentialAction\":[{\"@type\":\"SearchAction\",\"target\":{\"@type\":\"EntryPoint\",\"urlTemplate\":\"https:\/\/sandzakpress.net\/arhiva\/?s={search_term_string}\"},\"query-input\":{\"@type\":\"PropertyValueSpecification\",\"valueRequired\":true,\"valueName\":\"search_term_string\"}}],\"inLanguage\":\"bs-BA\"},{\"@type\":[\"Person\",\"Organization\"],\"@id\":\"https:\/\/sandzakpress.net\/arhiva\/#\/schema\/person\/6e72b67d6e51910a1117b3b483ba20bd\",\"name\":\"Kul\",\"image\":{\"@type\":\"ImageObject\",\"inLanguage\":\"bs-BA\",\"@id\":\"https:\/\/sandzakpress.net\/arhiva\/#\/schema\/person\/image\/\",\"url\":\"https:\/\/secure.gravatar.com\/avatar\/42263f39aa27ac04c43cab85c280eb2e?s=96&d=mm&r=pg\",\"contentUrl\":\"https:\/\/secure.gravatar.com\/avatar\/42263f39aa27ac04c43cab85c280eb2e?s=96&d=mm&r=pg\",\"caption\":\"Kul\"},\"logo\":{\"@id\":\"https:\/\/sandzakpress.net\/arhiva\/#\/schema\/person\/image\/\"}},{\"@type\":\"Person\",\"@id\":\"\",\"url\":\"https:\/\/sandzakpress.net\/arhiva\/author\/\"}]}<\/script>\n<!-- \/ Yoast SEO Premium plugin. -->","yoast_head_json":{"title":"Polo\u017eeni vijenci na spomeniku bugarskim osnovcima","robots":{"index":"index","follow":"follow","max-snippet":"max-snippet:-1","max-image-preview":"max-image-preview:large","max-video-preview":"max-video-preview:-1"},"canonical":"https:\/\/sandzakpress.net\/arhiva\/polozeni-vijenci-na-spomeniku-bugarskim-osnovcima\/","og_locale":"bs_BA","og_type":"article","og_title":"Polo\u017eeni vijenci na spomeniku bugarskim osnovcima","og_description":"Prijepolje &#8211; Delegacije Ambasade Bugarske u Srbiji i op\u0107ine Prijepolje polo\u017eile su vijence na spomenik u Gostunu podignut u znak sije\u010danja na 12 bugarskih osnovaca stradalih u saobra\u0107ajnoj nesre\u0107i prije sedam godina. &#8211; Ovo je jedan od onih doga\u0111aja koji se ne mogu zaboraviti. Cvijet bugarske mladosti nastradao je ovdje prije sedam godina kada je [&hellip;]","og_url":"https:\/\/sandzakpress.net\/arhiva\/polozeni-vijenci-na-spomeniku-bugarskim-osnovcima\/","og_site_name":"Sand\u017eak PRESS","article_published_time":"2011-04-06T09:17:54+00:00","og_image":[{"width":350,"height":279,"url":"https:\/\/sandzakpress.net\/arhiva\/wp-content\/uploads\/2011\/04\/4srb-gostun.jpg","type":"image\/jpeg"}],"twitter_card":"summary_large_image","twitter_misc":{"Written by":"","Est. reading time":"1 minuta"},"schema":{"@context":"https:\/\/schema.org","@graph":[{"@type":"Article","@id":"https:\/\/sandzakpress.net\/arhiva\/polozeni-vijenci-na-spomeniku-bugarskim-osnovcima\/#article","isPartOf":{"@id":"https:\/\/sandzakpress.net\/arhiva\/polozeni-vijenci-na-spomeniku-bugarskim-osnovcima\/"},"author":{"name":"","@id":""},"headline":"Polo\u017eeni vijenci na spomeniku bugarskim osnovcima","datePublished":"2011-04-06T09:17:54+00:00","mainEntityOfPage":{"@id":"https:\/\/sandzakpress.net\/arhiva\/polozeni-vijenci-na-spomeniku-bugarskim-osnovcima\/"},"wordCount":168,"commentCount":3,"publisher":{"@id":"https:\/\/sandzakpress.net\/arhiva\/#\/schema\/person\/6e72b67d6e51910a1117b3b483ba20bd"},"image":{"@id":"https:\/\/sandzakpress.net\/arhiva\/polozeni-vijenci-na-spomeniku-bugarskim-osnovcima\/#primaryimage"},"thumbnailUrl":"https:\/\/sandzakpress.net\/arhiva\/wp-content\/uploads\/2011\/04\/4srb-gostun.jpg","articleSection":["Prijepolje","Obrazovanje"],"inLanguage":"bs-BA","potentialAction":[{"@type":"CommentAction","name":"Comment","target":["https:\/\/sandzakpress.net\/arhiva\/polozeni-vijenci-na-spomeniku-bugarskim-osnovcima\/#respond"]}]},{"@type":"WebPage","@id":"https:\/\/sandzakpress.net\/arhiva\/polozeni-vijenci-na-spomeniku-bugarskim-osnovcima\/","url":"https:\/\/sandzakpress.net\/arhiva\/polozeni-vijenci-na-spomeniku-bugarskim-osnovcima\/","name":"Polo\u017eeni vijenci na spomeniku bugarskim osnovcima","isPartOf":{"@id":"https:\/\/sandzakpress.net\/arhiva\/#website"},"primaryImageOfPage":{"@id":"https:\/\/sandzakpress.net\/arhiva\/polozeni-vijenci-na-spomeniku-bugarskim-osnovcima\/#primaryimage"},"image":{"@id":"https:\/\/sandzakpress.net\/arhiva\/polozeni-vijenci-na-spomeniku-bugarskim-osnovcima\/#primaryimage"},"thumbnailUrl":"https:\/\/sandzakpress.net\/arhiva\/wp-content\/uploads\/2011\/04\/4srb-gostun.jpg","datePublished":"2011-04-06T09:17:54+00:00","breadcrumb":{"@id":"https:\/\/sandzakpress.net\/arhiva\/polozeni-vijenci-na-spomeniku-bugarskim-osnovcima\/#breadcrumb"},"inLanguage":"bs-BA","potentialAction":[{"@type":"ReadAction","target":["https:\/\/sandzakpress.net\/arhiva\/polozeni-vijenci-na-spomeniku-bugarskim-osnovcima\/"]}]},{"@type":"ImageObject","inLanguage":"bs-BA","@id":"https:\/\/sandzakpress.net\/arhiva\/polozeni-vijenci-na-spomeniku-bugarskim-osnovcima\/#primaryimage","url":"https:\/\/sandzakpress.net\/arhiva\/wp-content\/uploads\/2011\/04\/4srb-gostun.jpg","contentUrl":"https:\/\/sandzakpress.net\/arhiva\/wp-content\/uploads\/2011\/04\/4srb-gostun.jpg","width":350,"height":279},{"@type":"BreadcrumbList","@id":"https:\/\/sandzakpress.net\/arhiva\/polozeni-vijenci-na-spomeniku-bugarskim-osnovcima\/#breadcrumb","itemListElement":[{"@type":"ListItem","position":1,"name":"Home","item":"https:\/\/sandzakpress.net\/arhiva\/"},{"@type":"ListItem","position":2,"name":"Polo\u017eeni vijenci na spomeniku bugarskim osnovcima"}]},{"@type":"WebSite","@id":"https:\/\/sandzakpress.net\/arhiva\/#website","url":"https:\/\/sandzakpress.net\/arhiva\/","name":"Sand\u017eak PRESS","description":"Prve elektronske novine u Sand\u017eaku","publisher":{"@id":"https:\/\/sandzakpress.net\/arhiva\/#\/schema\/person\/6e72b67d6e51910a1117b3b483ba20bd"},"potentialAction":[{"@type":"SearchAction","target":{"@type":"EntryPoint","urlTemplate":"https:\/\/sandzakpress.net\/arhiva\/?s={search_term_string}"},"query-input":{"@type":"PropertyValueSpecification","valueRequired":true,"valueName":"search_term_string"}}],"inLanguage":"bs-BA"},{"@type":["Person","Organization"],"@id":"https:\/\/sandzakpress.net\/arhiva\/#\/schema\/person\/6e72b67d6e51910a1117b3b483ba20bd","name":"Kul","image":{"@type":"ImageObject","inLanguage":"bs-BA","@id":"https:\/\/sandzakpress.net\/arhiva\/#\/schema\/person\/image\/","url":"https:\/\/secure.gravatar.com\/avatar\/42263f39aa27ac04c43cab85c280eb2e?s=96&d=mm&r=pg","contentUrl":"https:\/\/secure.gravatar.com\/avatar\/42263f39aa27ac04c43cab85c280eb2e?s=96&d=mm&r=pg","caption":"Kul"},"logo":{"@id":"https:\/\/sandzakpress.net\/arhiva\/#\/schema\/person\/image\/"}},{"@type":"Person","@id":"","url":"https:\/\/sandzakpress.net\/arhiva\/author\/"}]}},"_links":{"self":[{"href":"https:\/\/sandzakpress.net\/arhiva\/wp-json\/wp\/v2\/posts\/14757"}],"collection":[{"href":"https:\/\/sandzakpress.net\/arhiva\/wp-json\/wp\/v2\/posts"}],"about":[{"href":"https:\/\/sandzakpress.net\/arhiva\/wp-json\/wp\/v2\/types\/post"}],"author":[{"embeddable":true,"href":"https:\/\/sandzakpress.net\/arhiva\/wp-json\/wp\/v2\/users\/13"}],"replies":[{"embeddable":true,"href":"https:\/\/sandzakpress.net\/arhiva\/wp-json\/wp\/v2\/comments?post=14757"}],"version-history":[{"count":0,"href":"https:\/\/sandzakpress.net\/arhiva\/wp-json\/wp\/v2\/posts\/14757\/revisions"}],"wp:featuredmedia":[{"embeddable":true,"href":"https:\/\/sandzakpress.net\/arhiva\/wp-json\/wp\/v2\/media\/14758"}],"wp:attachment":[{"href":"https:\/\/sandzakpress.net\/arhiva\/wp-json\/wp\/v2\/media?parent=14757"}],"wp:term":[{"taxonomy":"category","embeddable":true,"href":"https:\/\/sandzakpress.net\/arhiva\/wp-json\/wp\/v2\/categories?post=14757"},{"taxonomy":"post_tag","embeddable":true,"href":"https:\/\/sandzakpress.net\/arhiva\/wp-json\/wp\/v2\/tags?post=14757"}],"curies":[{"name":"wp","href":"https:\/\/api.w.org\/{rel}","templated":true}]}}