{"id":14752,"date":"2011-04-06T07:32:40","date_gmt":"2011-04-06T05:32:40","guid":{"rendered":"https:\/\/sandzakpress.net\/arhiva\/?p=14752"},"modified":"2011-04-06T07:32:40","modified_gmt":"2011-04-06T05:32:40","slug":"zar-vam-nije-dovoljno","status":"publish","type":"post","link":"https:\/\/sandzakpress.net\/arhiva\/zar-vam-nije-dovoljno\/","title":{"rendered":"Zar vam nije dovoljno?"},"content":{"rendered":"<p><a href=\"https:\/\/sandzakpress.net\/arhiva\/wp-content\/uploads\/2011\/04\/popis_stanovnistva_163535438.jpg\"><img loading=\"lazy\" decoding=\"async\" class=\"aligncenter size-full wp-image-14753\" title=\"popis_stanovnistva_163535438\" src=\"https:\/\/sandzakpress.net\/arhiva\/wp-content\/uploads\/2011\/04\/popis_stanovnistva_163535438.jpg\" alt=\"\" width=\"616\" height=\"285\" \/><\/a><\/p>\n<p><strong>Sand\u017eak PRESS &#8211; Gospodo muslimani,<\/strong><\/p>\n<p>Vi sa malim \u201ei\u201c velikim \u201eM\u201c, vi Crnogorci muslimanske vjeroispovijesti sa malim \u201em\u201c i velikim \u201eC\u201c.<\/p>\n<p>Recite slobodno, da svi znamo. Pa ovo je slobodna zemlja, slobodnih ljudi. Samo se vi izjasnite, olak\u0161at \u0107ete svima posao. Koliko vam je jo\u0161 primjera potrebno? Oni ce znati jo\u0161 koliko treba da nas pobiju, deportiraju ili namjeste sli\u010dne slu\u010dajnosti, a mi \u0107emo unaprijed znati jo\u0161 koliko nas \u017ertve o\u010dekuje da bi ste se vi pameti dozvali.<\/p>\n<p>No znajte, postoji jedna mala sitnica, kad nas te slu\u010dajnosti budu snalazile, vjerujte mi ne\u0107e nas niko pitati jesmo li mi muslimani sa velikim \u201eM\u201c, Crnogorci-muslimani ili Bo\u0161njaci. Ne nadajte se privilegiji. Bit \u0107e im dovoljno to sto pripadamo islamskoj vjeroispovijesti, drugu razliku ne\u0107e tra\u017eiti.<\/p>\n<p>A sramota je sto takvi ljudi zemljom hodaju. Eh da je volja njena, i ona bi se otvorila da ih proguta, kao sto i vi svakog dana knedlu gutate skrivaju\u0107i istinu od sebe samih. Pa \u010dega se bojite? Poni\u017eenja? Smrti? Zar postoji ista sto je gore od ne priznavanja sebe samih, od gubljenja dostojanstva ljudskog u strahu da ce nas neko nazvati pravim imenom? A eto vam primjera, bas u onim kojima nepravda je u\u010dinjena, pa pogledajte. \u017divot izgubi\u0161e, ali sebe sa\u010duva\u0161e. I poslije toliko godina, zna se i zna ce se, ko i za\u0161to nestade.<\/p>\n<p>A mo\u017eda bi najbolje bilo, da nikad nismo ni saznali. Danas to u Crnoj Gori i onako nije dobro znati. Jer sto vise znate, manje ste sretni, a vise svjesni koliko vas vrije\u0111aju I povrjedjuju. Zar danas pored svega ostalog, da se morate i sa tim nositi. Istina, lak\u0161e se predati. Trpjeti, \u0161utjeti i umirati, onda i onako kako to njima odgovara.<\/p>\n<p>Pa zar je mogu\u0107e braco draga da dotle smo stigli? Ovakve se prilike vjekovima \u010dekaju. A nama jo\u0161 uvijek, od na\u0161ih ljudi, prijeti opasnost preslikavanja jo\u0161 jedne genracije koja ce \u0161utjeti. Javite se molim vas, i onim sestrama i majkama, sto nesretne dan do\u010deka\u0161e da ovakvu vijest \u010duju. Utje\u0161ite njih da ce do\u0107i bolje vrijeme, u kom ce pravda sama sebi mjesto naciniti. Pretrpite njihov pogled pun bola i prezira, i znat \u0107emo da ste od \u010delika skrojeni.<\/p>\n<p>A evo vam uskoro i prilika da s ponosom istaknete na popisu ko ste, kojoj vjeri pripadate i kojim jezikom govorite. Samo razmislite da li je taj vas potpis i ovjera da ste saglasni s onim sto danas bija\u0161e.<\/p>\n<p>Autor: <strong>Sara Feti\u0107<\/strong><\/p>\n","protected":false},"excerpt":{"rendered":"<p>Sand\u017eak PRESS &#8211; Gospodo muslimani, Vi sa malim \u201ei\u201c velikim \u201eM\u201c, vi Crnogorci muslimanske vjeroispovijesti sa malim \u201em\u201c i velikim \u201eC\u201c. Recite slobodno, da svi znamo. Pa ovo je slobodna zemlja, slobodnih ljudi. Samo se vi izjasnite, olak\u0161at \u0107ete svima posao. Koliko vam je jo\u0161 primjera potrebno? Oni ce znati jo\u0161 koliko treba da nas [&hellip;]<\/p>\n","protected":false},"author":83,"featured_media":14753,"comment_status":"open","ping_status":"open","sticky":false,"template":"","format":"standard","meta":{"footnotes":""},"categories":[398,397,396,395,399],"tags":[],"class_list":{"0":"post-14752","1":"post","2":"type-post","3":"status-publish","4":"format-standard","5":"has-post-thumbnail","7":"category-rozaje","8":"category-berane","9":"category-bijelo_polje","10":"category-pljevlja_","11":"category-plav_"},"yoast_head":"<!-- This site is optimized with the Yoast SEO Premium plugin v23.1 (Yoast SEO v24.9) - https:\/\/yoast.com\/wordpress\/plugins\/seo\/ -->\n<title>Zar vam nije dovoljno?<\/title>\n<meta name=\"robots\" content=\"index, follow, max-snippet:-1, max-image-preview:large, max-video-preview:-1\" \/>\n<link rel=\"canonical\" href=\"https:\/\/sandzakpress.net\/arhiva\/zar-vam-nije-dovoljno\/\" \/>\n<meta property=\"og:locale\" content=\"bs_BA\" \/>\n<meta property=\"og:type\" content=\"article\" \/>\n<meta property=\"og:title\" content=\"Zar vam nije dovoljno?\" \/>\n<meta property=\"og:description\" content=\"Sand\u017eak PRESS &#8211; Gospodo muslimani, Vi sa malim \u201ei\u201c velikim \u201eM\u201c, vi Crnogorci muslimanske vjeroispovijesti sa malim \u201em\u201c i velikim \u201eC\u201c. Recite slobodno, da svi znamo. Pa ovo je slobodna zemlja, slobodnih ljudi. Samo se vi izjasnite, olak\u0161at \u0107ete svima posao. Koliko vam je jo\u0161 primjera potrebno? Oni ce znati jo\u0161 koliko treba da nas [&hellip;]\" \/>\n<meta property=\"og:url\" content=\"https:\/\/sandzakpress.net\/arhiva\/zar-vam-nije-dovoljno\/\" \/>\n<meta property=\"og:site_name\" content=\"Sand\u017eak PRESS\" \/>\n<meta property=\"article:published_time\" content=\"2011-04-06T05:32:40+00:00\" \/>\n<meta property=\"og:image\" content=\"https:\/\/sandzakpress.net\/arhiva\/wp-content\/uploads\/2011\/04\/popis_stanovnistva_163535438.jpg\" \/>\n\t<meta property=\"og:image:width\" content=\"616\" \/>\n\t<meta property=\"og:image:height\" content=\"285\" \/>\n\t<meta property=\"og:image:type\" content=\"image\/jpeg\" \/>\n<meta name=\"author\" content=\"bosniak\" \/>\n<meta name=\"twitter:card\" content=\"summary_large_image\" \/>\n<meta name=\"twitter:label1\" content=\"Written by\" \/>\n\t<meta name=\"twitter:data1\" content=\"bosniak\" \/>\n\t<meta name=\"twitter:label2\" content=\"Est. reading time\" \/>\n\t<meta name=\"twitter:data2\" content=\"2 minute\" \/>\n<script type=\"application\/ld+json\" class=\"yoast-schema-graph\">{\"@context\":\"https:\/\/schema.org\",\"@graph\":[{\"@type\":\"Article\",\"@id\":\"https:\/\/sandzakpress.net\/arhiva\/zar-vam-nije-dovoljno\/#article\",\"isPartOf\":{\"@id\":\"https:\/\/sandzakpress.net\/arhiva\/zar-vam-nije-dovoljno\/\"},\"author\":{\"name\":\"bosniak\",\"@id\":\"https:\/\/sandzakpress.net\/arhiva\/#\/schema\/person\/c8baee722073534b583ea7bdb2e36c02\"},\"headline\":\"Zar vam nije dovoljno?\",\"datePublished\":\"2011-04-06T05:32:40+00:00\",\"mainEntityOfPage\":{\"@id\":\"https:\/\/sandzakpress.net\/arhiva\/zar-vam-nije-dovoljno\/\"},\"wordCount\":432,\"commentCount\":48,\"publisher\":{\"@id\":\"https:\/\/sandzakpress.net\/arhiva\/#\/schema\/person\/6e72b67d6e51910a1117b3b483ba20bd\"},\"image\":{\"@id\":\"https:\/\/sandzakpress.net\/arhiva\/zar-vam-nije-dovoljno\/#primaryimage\"},\"thumbnailUrl\":\"https:\/\/sandzakpress.net\/arhiva\/wp-content\/uploads\/2011\/04\/popis_stanovnistva_163535438.jpg\",\"articleSection\":[\"Ro\u017eaje\",\"Berane\",\"Bijelo Polje\",\"Pljevlja\",\"Plav\"],\"inLanguage\":\"bs-BA\",\"potentialAction\":[{\"@type\":\"CommentAction\",\"name\":\"Comment\",\"target\":[\"https:\/\/sandzakpress.net\/arhiva\/zar-vam-nije-dovoljno\/#respond\"]}]},{\"@type\":\"WebPage\",\"@id\":\"https:\/\/sandzakpress.net\/arhiva\/zar-vam-nije-dovoljno\/\",\"url\":\"https:\/\/sandzakpress.net\/arhiva\/zar-vam-nije-dovoljno\/\",\"name\":\"Zar vam nije dovoljno?\",\"isPartOf\":{\"@id\":\"https:\/\/sandzakpress.net\/arhiva\/#website\"},\"primaryImageOfPage\":{\"@id\":\"https:\/\/sandzakpress.net\/arhiva\/zar-vam-nije-dovoljno\/#primaryimage\"},\"image\":{\"@id\":\"https:\/\/sandzakpress.net\/arhiva\/zar-vam-nije-dovoljno\/#primaryimage\"},\"thumbnailUrl\":\"https:\/\/sandzakpress.net\/arhiva\/wp-content\/uploads\/2011\/04\/popis_stanovnistva_163535438.jpg\",\"datePublished\":\"2011-04-06T05:32:40+00:00\",\"breadcrumb\":{\"@id\":\"https:\/\/sandzakpress.net\/arhiva\/zar-vam-nije-dovoljno\/#breadcrumb\"},\"inLanguage\":\"bs-BA\",\"potentialAction\":[{\"@type\":\"ReadAction\",\"target\":[\"https:\/\/sandzakpress.net\/arhiva\/zar-vam-nije-dovoljno\/\"]}]},{\"@type\":\"ImageObject\",\"inLanguage\":\"bs-BA\",\"@id\":\"https:\/\/sandzakpress.net\/arhiva\/zar-vam-nije-dovoljno\/#primaryimage\",\"url\":\"https:\/\/sandzakpress.net\/arhiva\/wp-content\/uploads\/2011\/04\/popis_stanovnistva_163535438.jpg\",\"contentUrl\":\"https:\/\/sandzakpress.net\/arhiva\/wp-content\/uploads\/2011\/04\/popis_stanovnistva_163535438.jpg\",\"width\":616,\"height\":285},{\"@type\":\"BreadcrumbList\",\"@id\":\"https:\/\/sandzakpress.net\/arhiva\/zar-vam-nije-dovoljno\/#breadcrumb\",\"itemListElement\":[{\"@type\":\"ListItem\",\"position\":1,\"name\":\"Home\",\"item\":\"https:\/\/sandzakpress.net\/arhiva\/\"},{\"@type\":\"ListItem\",\"position\":2,\"name\":\"Zar vam nije dovoljno?\"}]},{\"@type\":\"WebSite\",\"@id\":\"https:\/\/sandzakpress.net\/arhiva\/#website\",\"url\":\"https:\/\/sandzakpress.net\/arhiva\/\",\"name\":\"Sand\u017eak PRESS\",\"description\":\"Prve elektronske novine u Sand\u017eaku\",\"publisher\":{\"@id\":\"https:\/\/sandzakpress.net\/arhiva\/#\/schema\/person\/6e72b67d6e51910a1117b3b483ba20bd\"},\"potentialAction\":[{\"@type\":\"SearchAction\",\"target\":{\"@type\":\"EntryPoint\",\"urlTemplate\":\"https:\/\/sandzakpress.net\/arhiva\/?s={search_term_string}\"},\"query-input\":{\"@type\":\"PropertyValueSpecification\",\"valueRequired\":true,\"valueName\":\"search_term_string\"}}],\"inLanguage\":\"bs-BA\"},{\"@type\":[\"Person\",\"Organization\"],\"@id\":\"https:\/\/sandzakpress.net\/arhiva\/#\/schema\/person\/6e72b67d6e51910a1117b3b483ba20bd\",\"name\":\"Kul\",\"image\":{\"@type\":\"ImageObject\",\"inLanguage\":\"bs-BA\",\"@id\":\"https:\/\/sandzakpress.net\/arhiva\/#\/schema\/person\/image\/\",\"url\":\"https:\/\/secure.gravatar.com\/avatar\/42263f39aa27ac04c43cab85c280eb2e?s=96&d=mm&r=pg\",\"contentUrl\":\"https:\/\/secure.gravatar.com\/avatar\/42263f39aa27ac04c43cab85c280eb2e?s=96&d=mm&r=pg\",\"caption\":\"Kul\"},\"logo\":{\"@id\":\"https:\/\/sandzakpress.net\/arhiva\/#\/schema\/person\/image\/\"}},{\"@type\":\"Person\",\"@id\":\"https:\/\/sandzakpress.net\/arhiva\/#\/schema\/person\/c8baee722073534b583ea7bdb2e36c02\",\"name\":\"bosniak\",\"image\":{\"@type\":\"ImageObject\",\"inLanguage\":\"bs-BA\",\"@id\":\"https:\/\/sandzakpress.net\/arhiva\/#\/schema\/person\/image\/\",\"url\":\"https:\/\/secure.gravatar.com\/avatar\/a04fd330bfe3a36a72a0ad4a6d89fca7?s=96&d=mm&r=pg\",\"contentUrl\":\"https:\/\/secure.gravatar.com\/avatar\/a04fd330bfe3a36a72a0ad4a6d89fca7?s=96&d=mm&r=pg\",\"caption\":\"bosniak\"},\"url\":\"https:\/\/sandzakpress.net\/arhiva\/author\/bosniak\/\"}]}<\/script>\n<!-- \/ Yoast SEO Premium plugin. -->","yoast_head_json":{"title":"Zar vam nije dovoljno?","robots":{"index":"index","follow":"follow","max-snippet":"max-snippet:-1","max-image-preview":"max-image-preview:large","max-video-preview":"max-video-preview:-1"},"canonical":"https:\/\/sandzakpress.net\/arhiva\/zar-vam-nije-dovoljno\/","og_locale":"bs_BA","og_type":"article","og_title":"Zar vam nije dovoljno?","og_description":"Sand\u017eak PRESS &#8211; Gospodo muslimani, Vi sa malim \u201ei\u201c velikim \u201eM\u201c, vi Crnogorci muslimanske vjeroispovijesti sa malim \u201em\u201c i velikim \u201eC\u201c. Recite slobodno, da svi znamo. Pa ovo je slobodna zemlja, slobodnih ljudi. Samo se vi izjasnite, olak\u0161at \u0107ete svima posao. Koliko vam je jo\u0161 primjera potrebno? Oni ce znati jo\u0161 koliko treba da nas [&hellip;]","og_url":"https:\/\/sandzakpress.net\/arhiva\/zar-vam-nije-dovoljno\/","og_site_name":"Sand\u017eak PRESS","article_published_time":"2011-04-06T05:32:40+00:00","og_image":[{"width":616,"height":285,"url":"https:\/\/sandzakpress.net\/arhiva\/wp-content\/uploads\/2011\/04\/popis_stanovnistva_163535438.jpg","type":"image\/jpeg"}],"author":"bosniak","twitter_card":"summary_large_image","twitter_misc":{"Written by":"bosniak","Est. reading time":"2 minute"},"schema":{"@context":"https:\/\/schema.org","@graph":[{"@type":"Article","@id":"https:\/\/sandzakpress.net\/arhiva\/zar-vam-nije-dovoljno\/#article","isPartOf":{"@id":"https:\/\/sandzakpress.net\/arhiva\/zar-vam-nije-dovoljno\/"},"author":{"name":"bosniak","@id":"https:\/\/sandzakpress.net\/arhiva\/#\/schema\/person\/c8baee722073534b583ea7bdb2e36c02"},"headline":"Zar vam nije dovoljno?","datePublished":"2011-04-06T05:32:40+00:00","mainEntityOfPage":{"@id":"https:\/\/sandzakpress.net\/arhiva\/zar-vam-nije-dovoljno\/"},"wordCount":432,"commentCount":48,"publisher":{"@id":"https:\/\/sandzakpress.net\/arhiva\/#\/schema\/person\/6e72b67d6e51910a1117b3b483ba20bd"},"image":{"@id":"https:\/\/sandzakpress.net\/arhiva\/zar-vam-nije-dovoljno\/#primaryimage"},"thumbnailUrl":"https:\/\/sandzakpress.net\/arhiva\/wp-content\/uploads\/2011\/04\/popis_stanovnistva_163535438.jpg","articleSection":["Ro\u017eaje","Berane","Bijelo Polje","Pljevlja","Plav"],"inLanguage":"bs-BA","potentialAction":[{"@type":"CommentAction","name":"Comment","target":["https:\/\/sandzakpress.net\/arhiva\/zar-vam-nije-dovoljno\/#respond"]}]},{"@type":"WebPage","@id":"https:\/\/sandzakpress.net\/arhiva\/zar-vam-nije-dovoljno\/","url":"https:\/\/sandzakpress.net\/arhiva\/zar-vam-nije-dovoljno\/","name":"Zar vam nije dovoljno?","isPartOf":{"@id":"https:\/\/sandzakpress.net\/arhiva\/#website"},"primaryImageOfPage":{"@id":"https:\/\/sandzakpress.net\/arhiva\/zar-vam-nije-dovoljno\/#primaryimage"},"image":{"@id":"https:\/\/sandzakpress.net\/arhiva\/zar-vam-nije-dovoljno\/#primaryimage"},"thumbnailUrl":"https:\/\/sandzakpress.net\/arhiva\/wp-content\/uploads\/2011\/04\/popis_stanovnistva_163535438.jpg","datePublished":"2011-04-06T05:32:40+00:00","breadcrumb":{"@id":"https:\/\/sandzakpress.net\/arhiva\/zar-vam-nije-dovoljno\/#breadcrumb"},"inLanguage":"bs-BA","potentialAction":[{"@type":"ReadAction","target":["https:\/\/sandzakpress.net\/arhiva\/zar-vam-nije-dovoljno\/"]}]},{"@type":"ImageObject","inLanguage":"bs-BA","@id":"https:\/\/sandzakpress.net\/arhiva\/zar-vam-nije-dovoljno\/#primaryimage","url":"https:\/\/sandzakpress.net\/arhiva\/wp-content\/uploads\/2011\/04\/popis_stanovnistva_163535438.jpg","contentUrl":"https:\/\/sandzakpress.net\/arhiva\/wp-content\/uploads\/2011\/04\/popis_stanovnistva_163535438.jpg","width":616,"height":285},{"@type":"BreadcrumbList","@id":"https:\/\/sandzakpress.net\/arhiva\/zar-vam-nije-dovoljno\/#breadcrumb","itemListElement":[{"@type":"ListItem","position":1,"name":"Home","item":"https:\/\/sandzakpress.net\/arhiva\/"},{"@type":"ListItem","position":2,"name":"Zar vam nije dovoljno?"}]},{"@type":"WebSite","@id":"https:\/\/sandzakpress.net\/arhiva\/#website","url":"https:\/\/sandzakpress.net\/arhiva\/","name":"Sand\u017eak PRESS","description":"Prve elektronske novine u Sand\u017eaku","publisher":{"@id":"https:\/\/sandzakpress.net\/arhiva\/#\/schema\/person\/6e72b67d6e51910a1117b3b483ba20bd"},"potentialAction":[{"@type":"SearchAction","target":{"@type":"EntryPoint","urlTemplate":"https:\/\/sandzakpress.net\/arhiva\/?s={search_term_string}"},"query-input":{"@type":"PropertyValueSpecification","valueRequired":true,"valueName":"search_term_string"}}],"inLanguage":"bs-BA"},{"@type":["Person","Organization"],"@id":"https:\/\/sandzakpress.net\/arhiva\/#\/schema\/person\/6e72b67d6e51910a1117b3b483ba20bd","name":"Kul","image":{"@type":"ImageObject","inLanguage":"bs-BA","@id":"https:\/\/sandzakpress.net\/arhiva\/#\/schema\/person\/image\/","url":"https:\/\/secure.gravatar.com\/avatar\/42263f39aa27ac04c43cab85c280eb2e?s=96&d=mm&r=pg","contentUrl":"https:\/\/secure.gravatar.com\/avatar\/42263f39aa27ac04c43cab85c280eb2e?s=96&d=mm&r=pg","caption":"Kul"},"logo":{"@id":"https:\/\/sandzakpress.net\/arhiva\/#\/schema\/person\/image\/"}},{"@type":"Person","@id":"https:\/\/sandzakpress.net\/arhiva\/#\/schema\/person\/c8baee722073534b583ea7bdb2e36c02","name":"bosniak","image":{"@type":"ImageObject","inLanguage":"bs-BA","@id":"https:\/\/sandzakpress.net\/arhiva\/#\/schema\/person\/image\/","url":"https:\/\/secure.gravatar.com\/avatar\/a04fd330bfe3a36a72a0ad4a6d89fca7?s=96&d=mm&r=pg","contentUrl":"https:\/\/secure.gravatar.com\/avatar\/a04fd330bfe3a36a72a0ad4a6d89fca7?s=96&d=mm&r=pg","caption":"bosniak"},"url":"https:\/\/sandzakpress.net\/arhiva\/author\/bosniak\/"}]}},"_links":{"self":[{"href":"https:\/\/sandzakpress.net\/arhiva\/wp-json\/wp\/v2\/posts\/14752"}],"collection":[{"href":"https:\/\/sandzakpress.net\/arhiva\/wp-json\/wp\/v2\/posts"}],"about":[{"href":"https:\/\/sandzakpress.net\/arhiva\/wp-json\/wp\/v2\/types\/post"}],"author":[{"embeddable":true,"href":"https:\/\/sandzakpress.net\/arhiva\/wp-json\/wp\/v2\/users\/83"}],"replies":[{"embeddable":true,"href":"https:\/\/sandzakpress.net\/arhiva\/wp-json\/wp\/v2\/comments?post=14752"}],"version-history":[{"count":0,"href":"https:\/\/sandzakpress.net\/arhiva\/wp-json\/wp\/v2\/posts\/14752\/revisions"}],"wp:featuredmedia":[{"embeddable":true,"href":"https:\/\/sandzakpress.net\/arhiva\/wp-json\/wp\/v2\/media\/14753"}],"wp:attachment":[{"href":"https:\/\/sandzakpress.net\/arhiva\/wp-json\/wp\/v2\/media?parent=14752"}],"wp:term":[{"taxonomy":"category","embeddable":true,"href":"https:\/\/sandzakpress.net\/arhiva\/wp-json\/wp\/v2\/categories?post=14752"},{"taxonomy":"post_tag","embeddable":true,"href":"https:\/\/sandzakpress.net\/arhiva\/wp-json\/wp\/v2\/tags?post=14752"}],"curies":[{"name":"wp","href":"https:\/\/api.w.org\/{rel}","templated":true}]}}