{"id":147458,"date":"2015-12-01T14:20:12","date_gmt":"2015-12-01T13:20:12","guid":{"rendered":"https:\/\/sandzakpress.net\/arhiva\/?p=147458"},"modified":"2015-11-30T14:29:23","modified_gmt":"2015-11-30T13:29:23","slug":"muftija-zukorlic-ne-optuzujem-jusufspahica-i-fejzica-oni-su-neslobodni-ljudi","status":"publish","type":"post","link":"https:\/\/sandzakpress.net\/arhiva\/muftija-zukorlic-ne-optuzujem-jusufspahica-i-fejzica-oni-su-neslobodni-ljudi\/","title":{"rendered":"Muftija Zukorli\u0107 &#8211; Ne optu\u017eujem Jusufspahi\u0107a i Fejzi\u0107a, oni su neslobodni ljudi"},"content":{"rendered":"<p><img loading=\"lazy\" decoding=\"async\" class=\"aligncenter size-large wp-image-147461\" src=\"https:\/\/sandzakpress.net\/arhiva\/wp-content\/uploads\/2015\/11\/b032682f76cf718f4c66bb31f9129a2bb2dd82f46e1a4d46ac07dbc228f2340c-616x411.jpg\" alt=\"b032682f76cf718f4c66bb31f9129a2bb2dd82f46e1a4d46ac07dbc228f2340c\" width=\"600\" height=\"400\" srcset=\"https:\/\/sandzakpress.net\/arhiva\/wp-content\/uploads\/2015\/11\/b032682f76cf718f4c66bb31f9129a2bb2dd82f46e1a4d46ac07dbc228f2340c-616x411.jpg 616w, https:\/\/sandzakpress.net\/arhiva\/wp-content\/uploads\/2015\/11\/b032682f76cf718f4c66bb31f9129a2bb2dd82f46e1a4d46ac07dbc228f2340c.jpg 960w\" sizes=\"(max-width: 600px) 100vw, 600px\" \/><\/p>\n<p><em>U kakvim ste odnosima sa reisom crnogorskim Rifatom Fejzi\u0107em i &#8220;beogradskim muftijom&#8221; Muhamedom Jusufspahi\u0107em?<\/em><\/p>\n<p>\u2013 Ne sla\u017eem se s na\u010dinom na koji rade, ali ih i ne optu\u017eujem jer su oni neslobodni ljudi. Pristali su da budu pot\u010dinjeni u relaciji s vlastima. Kada me Fejzi\u0107 optu\u017ei da sam fa\u0161ista, a moje saradnike da su ISIL-ovci, znam da je to poruka dijela vlasti u Crnoj Gori. Nije normalno i kada Jusufspahi\u0107 poku\u0161ava da bude ve\u0107i Srbin od svakog Srbina i ve\u0107i pravoslavac od svih pravoslavaca. Sada odlazi u ambasadore. To pokazuje da nikada i nije bio muftija ve\u0107 poslu\u0161nik. Ne mo\u017ee se muftiluk naslijediti. Sve \u0161to rade je lakrdija i zato su neprihva\u0107eni od muslimana. Ja ne mogu da podnesem poltronski odnos, ve\u0107 koncept saradnje i partnerstva.<\/p>\n<p><em>Rekli ste jednom: \u201eAko bude gorio Sand\u017eak, gorjet \u0107e i Srbija\u201c. Da li tu Va\u0161u izjavu smatrate pretjeranom?<\/em><\/p>\n<p>\u2013 To ima svoj kontekst. Ako vam neko \u0161alje 1.500 specijalaca i policija u \u010dizmama ulazi u d\u017eamiju, i pored toga \u0161to fino poku\u0161avate da rije\u0161ite problem, onda morate da viknete da bi vas \u010duli. Tu je rije\u010d o odnosu vatre i po\u017eara. Vatra ide nagore. Ako neko pali moj stan u prizemlju zgrade, vatra se \u0161iri ka krovu i izgorjet \u0107e cijela zgrada. To je logika. Uostalom, za\u0161to mi tada niko nije odgovorio da Sand\u017eak ne\u0107e gorjeti?<\/p>\n<p><strong><a href=\"https:\/\/sandzakpress.net\/arhiva\/intervju-sa-muftijom-zukorlicem-vatra-se-vatrom-ne-gasi\">Pogledajte intervju op\u0161irnije OVDJE<\/a><\/strong><\/p>\n","protected":false},"excerpt":{"rendered":"<p>U kakvim ste odnosima sa reisom crnogorskim Rifatom Fejzi\u0107em i &#8220;beogradskim muftijom&#8221; Muhamedom Jusufspahi\u0107em? \u2013 Ne sla\u017eem se s na\u010dinom na koji rade, ali ih i ne optu\u017eujem jer su oni neslobodni ljudi. Pristali su da budu pot\u010dinjeni u relaciji s vlastima. Kada me Fejzi\u0107 optu\u017ei da sam fa\u0161ista, a moje saradnike da su ISIL-ovci, [&hellip;]<\/p>\n","protected":false},"author":83,"featured_media":147636,"comment_status":"open","ping_status":"open","sticky":false,"template":"","format":"standard","meta":{"footnotes":""},"categories":[398,800,9538,72,397,9539,52,9550,327,10174,392,396,9544,393,395,394,399,10173,8957],"tags":[],"class_list":{"0":"post-147458","1":"post","2":"type-post","3":"status-publish","4":"format-standard","5":"has-post-thumbnail","7":"category-rozaje","8":"category-nacija","9":"category-njemacka-dijaspora-gradovi-vase-vijesti","10":"category-novi-pazar","11":"category-berane","12":"category-austrija-dijaspora-gradovi-vase-vijesti","13":"category-sjenica","14":"category-francuska-dijaspora-gradovi-vase-vijesti","15":"category-tutin","16":"category-petnjica-vase-vijesti","17":"category-prijepolje_","18":"category-bijelo_polje","19":"category-svicarska-dijaspora-gradovi-vase-vijesti","20":"category-priboj","21":"category-pljevlja_","22":"category-nova-varos","23":"category-plav_","24":"category-gusinje-vase-vijesti","25":"category-vijesti-dana"},"yoast_head":"<!-- This site is optimized with the Yoast SEO Premium plugin v23.1 (Yoast SEO v24.9) - https:\/\/yoast.com\/wordpress\/plugins\/seo\/ -->\n<title>Muftija Zukorli\u0107 - Ne optu\u017eujem Jusufspahi\u0107a i Fejzi\u0107a, oni su neslobodni ljudi<\/title>\n<meta name=\"robots\" content=\"index, follow, max-snippet:-1, max-image-preview:large, max-video-preview:-1\" \/>\n<link rel=\"canonical\" href=\"https:\/\/sandzakpress.net\/arhiva\/muftija-zukorlic-ne-optuzujem-jusufspahica-i-fejzica-oni-su-neslobodni-ljudi\/\" \/>\n<meta property=\"og:locale\" content=\"bs_BA\" \/>\n<meta property=\"og:type\" content=\"article\" \/>\n<meta property=\"og:title\" content=\"Muftija Zukorli\u0107 - Ne optu\u017eujem Jusufspahi\u0107a i Fejzi\u0107a, oni su neslobodni ljudi\" \/>\n<meta property=\"og:description\" content=\"U kakvim ste odnosima sa reisom crnogorskim Rifatom Fejzi\u0107em i &#8220;beogradskim muftijom&#8221; Muhamedom Jusufspahi\u0107em? \u2013 Ne sla\u017eem se s na\u010dinom na koji rade, ali ih i ne optu\u017eujem jer su oni neslobodni ljudi. Pristali su da budu pot\u010dinjeni u relaciji s vlastima. Kada me Fejzi\u0107 optu\u017ei da sam fa\u0161ista, a moje saradnike da su ISIL-ovci, [&hellip;]\" \/>\n<meta property=\"og:url\" content=\"https:\/\/sandzakpress.net\/arhiva\/muftija-zukorlic-ne-optuzujem-jusufspahica-i-fejzica-oni-su-neslobodni-ljudi\/\" \/>\n<meta property=\"og:site_name\" content=\"Sand\u017eak PRESS\" \/>\n<meta property=\"article:published_time\" content=\"2015-12-01T13:20:12+00:00\" \/>\n<meta property=\"og:image\" content=\"https:\/\/sandzakpress.net\/arhiva\/wp-content\/uploads\/2015\/12\/b032682f76cf718f4c66bb31f9129a2bb2dd82f46e1a4d46ac07dbc228f2340c-616x411.jpg\" \/>\n\t<meta property=\"og:image:width\" content=\"616\" \/>\n\t<meta property=\"og:image:height\" content=\"411\" \/>\n\t<meta property=\"og:image:type\" content=\"image\/jpeg\" \/>\n<meta name=\"author\" content=\"bosniak\" \/>\n<meta name=\"twitter:card\" content=\"summary_large_image\" \/>\n<meta name=\"twitter:label1\" content=\"Written by\" \/>\n\t<meta name=\"twitter:data1\" content=\"bosniak\" \/>\n\t<meta name=\"twitter:label2\" content=\"Est. reading time\" \/>\n\t<meta name=\"twitter:data2\" content=\"1 minuta\" \/>\n<script type=\"application\/ld+json\" class=\"yoast-schema-graph\">{\"@context\":\"https:\/\/schema.org\",\"@graph\":[{\"@type\":\"Article\",\"@id\":\"https:\/\/sandzakpress.net\/arhiva\/muftija-zukorlic-ne-optuzujem-jusufspahica-i-fejzica-oni-su-neslobodni-ljudi\/#article\",\"isPartOf\":{\"@id\":\"https:\/\/sandzakpress.net\/arhiva\/muftija-zukorlic-ne-optuzujem-jusufspahica-i-fejzica-oni-su-neslobodni-ljudi\/\"},\"author\":{\"name\":\"bosniak\",\"@id\":\"https:\/\/sandzakpress.net\/arhiva\/#\/schema\/person\/c8baee722073534b583ea7bdb2e36c02\"},\"headline\":\"Muftija Zukorli\u0107 &#8211; Ne optu\u017eujem Jusufspahi\u0107a i Fejzi\u0107a, oni su neslobodni ljudi\",\"datePublished\":\"2015-12-01T13:20:12+00:00\",\"mainEntityOfPage\":{\"@id\":\"https:\/\/sandzakpress.net\/arhiva\/muftija-zukorlic-ne-optuzujem-jusufspahica-i-fejzica-oni-su-neslobodni-ljudi\/\"},\"wordCount\":262,\"commentCount\":25,\"publisher\":{\"@id\":\"https:\/\/sandzakpress.net\/arhiva\/#\/schema\/person\/6e72b67d6e51910a1117b3b483ba20bd\"},\"image\":{\"@id\":\"https:\/\/sandzakpress.net\/arhiva\/muftija-zukorlic-ne-optuzujem-jusufspahica-i-fejzica-oni-su-neslobodni-ljudi\/#primaryimage\"},\"thumbnailUrl\":\"https:\/\/sandzakpress.net\/arhiva\/wp-content\/uploads\/2015\/12\/b032682f76cf718f4c66bb31f9129a2bb2dd82f46e1a4d46ac07dbc228f2340c-616x411.jpg\",\"articleSection\":[\"Ro\u017eaje\",\"Nacija\",\"Njema\u010dka\",\"Novi Pazar\",\"Berane\",\"Austrija\",\"Sjenica\",\"Francuska\",\"Tutin\",\"Petnjica\",\"Prijepolje\",\"Bijelo Polje\",\"\u0160vicarska\",\"Priboj\",\"Pljevlja\",\"Nova Varo\u0161\",\"Plav\",\"Gusinje\",\"VIJESTI DANA\"],\"inLanguage\":\"bs-BA\",\"potentialAction\":[{\"@type\":\"CommentAction\",\"name\":\"Comment\",\"target\":[\"https:\/\/sandzakpress.net\/arhiva\/muftija-zukorlic-ne-optuzujem-jusufspahica-i-fejzica-oni-su-neslobodni-ljudi\/#respond\"]}]},{\"@type\":\"WebPage\",\"@id\":\"https:\/\/sandzakpress.net\/arhiva\/muftija-zukorlic-ne-optuzujem-jusufspahica-i-fejzica-oni-su-neslobodni-ljudi\/\",\"url\":\"https:\/\/sandzakpress.net\/arhiva\/muftija-zukorlic-ne-optuzujem-jusufspahica-i-fejzica-oni-su-neslobodni-ljudi\/\",\"name\":\"Muftija Zukorli\u0107 - Ne optu\u017eujem Jusufspahi\u0107a i Fejzi\u0107a, oni su neslobodni ljudi\",\"isPartOf\":{\"@id\":\"https:\/\/sandzakpress.net\/arhiva\/#website\"},\"primaryImageOfPage\":{\"@id\":\"https:\/\/sandzakpress.net\/arhiva\/muftija-zukorlic-ne-optuzujem-jusufspahica-i-fejzica-oni-su-neslobodni-ljudi\/#primaryimage\"},\"image\":{\"@id\":\"https:\/\/sandzakpress.net\/arhiva\/muftija-zukorlic-ne-optuzujem-jusufspahica-i-fejzica-oni-su-neslobodni-ljudi\/#primaryimage\"},\"thumbnailUrl\":\"https:\/\/sandzakpress.net\/arhiva\/wp-content\/uploads\/2015\/12\/b032682f76cf718f4c66bb31f9129a2bb2dd82f46e1a4d46ac07dbc228f2340c-616x411.jpg\",\"datePublished\":\"2015-12-01T13:20:12+00:00\",\"breadcrumb\":{\"@id\":\"https:\/\/sandzakpress.net\/arhiva\/muftija-zukorlic-ne-optuzujem-jusufspahica-i-fejzica-oni-su-neslobodni-ljudi\/#breadcrumb\"},\"inLanguage\":\"bs-BA\",\"potentialAction\":[{\"@type\":\"ReadAction\",\"target\":[\"https:\/\/sandzakpress.net\/arhiva\/muftija-zukorlic-ne-optuzujem-jusufspahica-i-fejzica-oni-su-neslobodni-ljudi\/\"]}]},{\"@type\":\"ImageObject\",\"inLanguage\":\"bs-BA\",\"@id\":\"https:\/\/sandzakpress.net\/arhiva\/muftija-zukorlic-ne-optuzujem-jusufspahica-i-fejzica-oni-su-neslobodni-ljudi\/#primaryimage\",\"url\":\"https:\/\/sandzakpress.net\/arhiva\/wp-content\/uploads\/2015\/12\/b032682f76cf718f4c66bb31f9129a2bb2dd82f46e1a4d46ac07dbc228f2340c-616x411.jpg\",\"contentUrl\":\"https:\/\/sandzakpress.net\/arhiva\/wp-content\/uploads\/2015\/12\/b032682f76cf718f4c66bb31f9129a2bb2dd82f46e1a4d46ac07dbc228f2340c-616x411.jpg\",\"width\":616,\"height\":411},{\"@type\":\"BreadcrumbList\",\"@id\":\"https:\/\/sandzakpress.net\/arhiva\/muftija-zukorlic-ne-optuzujem-jusufspahica-i-fejzica-oni-su-neslobodni-ljudi\/#breadcrumb\",\"itemListElement\":[{\"@type\":\"ListItem\",\"position\":1,\"name\":\"Home\",\"item\":\"https:\/\/sandzakpress.net\/arhiva\/\"},{\"@type\":\"ListItem\",\"position\":2,\"name\":\"Muftija Zukorli\u0107 &#8211; Ne optu\u017eujem Jusufspahi\u0107a i Fejzi\u0107a, oni su neslobodni ljudi\"}]},{\"@type\":\"WebSite\",\"@id\":\"https:\/\/sandzakpress.net\/arhiva\/#website\",\"url\":\"https:\/\/sandzakpress.net\/arhiva\/\",\"name\":\"Sand\u017eak PRESS\",\"description\":\"Prve elektronske novine u Sand\u017eaku\",\"publisher\":{\"@id\":\"https:\/\/sandzakpress.net\/arhiva\/#\/schema\/person\/6e72b67d6e51910a1117b3b483ba20bd\"},\"potentialAction\":[{\"@type\":\"SearchAction\",\"target\":{\"@type\":\"EntryPoint\",\"urlTemplate\":\"https:\/\/sandzakpress.net\/arhiva\/?s={search_term_string}\"},\"query-input\":{\"@type\":\"PropertyValueSpecification\",\"valueRequired\":true,\"valueName\":\"search_term_string\"}}],\"inLanguage\":\"bs-BA\"},{\"@type\":[\"Person\",\"Organization\"],\"@id\":\"https:\/\/sandzakpress.net\/arhiva\/#\/schema\/person\/6e72b67d6e51910a1117b3b483ba20bd\",\"name\":\"Kul\",\"image\":{\"@type\":\"ImageObject\",\"inLanguage\":\"bs-BA\",\"@id\":\"https:\/\/sandzakpress.net\/arhiva\/#\/schema\/person\/image\/\",\"url\":\"https:\/\/secure.gravatar.com\/avatar\/42263f39aa27ac04c43cab85c280eb2e?s=96&d=mm&r=pg\",\"contentUrl\":\"https:\/\/secure.gravatar.com\/avatar\/42263f39aa27ac04c43cab85c280eb2e?s=96&d=mm&r=pg\",\"caption\":\"Kul\"},\"logo\":{\"@id\":\"https:\/\/sandzakpress.net\/arhiva\/#\/schema\/person\/image\/\"}},{\"@type\":\"Person\",\"@id\":\"https:\/\/sandzakpress.net\/arhiva\/#\/schema\/person\/c8baee722073534b583ea7bdb2e36c02\",\"name\":\"bosniak\",\"image\":{\"@type\":\"ImageObject\",\"inLanguage\":\"bs-BA\",\"@id\":\"https:\/\/sandzakpress.net\/arhiva\/#\/schema\/person\/image\/\",\"url\":\"https:\/\/secure.gravatar.com\/avatar\/a04fd330bfe3a36a72a0ad4a6d89fca7?s=96&d=mm&r=pg\",\"contentUrl\":\"https:\/\/secure.gravatar.com\/avatar\/a04fd330bfe3a36a72a0ad4a6d89fca7?s=96&d=mm&r=pg\",\"caption\":\"bosniak\"},\"url\":\"https:\/\/sandzakpress.net\/arhiva\/author\/bosniak\/\"}]}<\/script>\n<!-- \/ Yoast SEO Premium plugin. -->","yoast_head_json":{"title":"Muftija Zukorli\u0107 - Ne optu\u017eujem Jusufspahi\u0107a i Fejzi\u0107a, oni su neslobodni ljudi","robots":{"index":"index","follow":"follow","max-snippet":"max-snippet:-1","max-image-preview":"max-image-preview:large","max-video-preview":"max-video-preview:-1"},"canonical":"https:\/\/sandzakpress.net\/arhiva\/muftija-zukorlic-ne-optuzujem-jusufspahica-i-fejzica-oni-su-neslobodni-ljudi\/","og_locale":"bs_BA","og_type":"article","og_title":"Muftija Zukorli\u0107 - Ne optu\u017eujem Jusufspahi\u0107a i Fejzi\u0107a, oni su neslobodni ljudi","og_description":"U kakvim ste odnosima sa reisom crnogorskim Rifatom Fejzi\u0107em i &#8220;beogradskim muftijom&#8221; Muhamedom Jusufspahi\u0107em? \u2013 Ne sla\u017eem se s na\u010dinom na koji rade, ali ih i ne optu\u017eujem jer su oni neslobodni ljudi. Pristali su da budu pot\u010dinjeni u relaciji s vlastima. Kada me Fejzi\u0107 optu\u017ei da sam fa\u0161ista, a moje saradnike da su ISIL-ovci, [&hellip;]","og_url":"https:\/\/sandzakpress.net\/arhiva\/muftija-zukorlic-ne-optuzujem-jusufspahica-i-fejzica-oni-su-neslobodni-ljudi\/","og_site_name":"Sand\u017eak PRESS","article_published_time":"2015-12-01T13:20:12+00:00","og_image":[{"width":616,"height":411,"url":"https:\/\/sandzakpress.net\/arhiva\/wp-content\/uploads\/2015\/12\/b032682f76cf718f4c66bb31f9129a2bb2dd82f46e1a4d46ac07dbc228f2340c-616x411.jpg","type":"image\/jpeg"}],"author":"bosniak","twitter_card":"summary_large_image","twitter_misc":{"Written by":"bosniak","Est. reading time":"1 minuta"},"schema":{"@context":"https:\/\/schema.org","@graph":[{"@type":"Article","@id":"https:\/\/sandzakpress.net\/arhiva\/muftija-zukorlic-ne-optuzujem-jusufspahica-i-fejzica-oni-su-neslobodni-ljudi\/#article","isPartOf":{"@id":"https:\/\/sandzakpress.net\/arhiva\/muftija-zukorlic-ne-optuzujem-jusufspahica-i-fejzica-oni-su-neslobodni-ljudi\/"},"author":{"name":"bosniak","@id":"https:\/\/sandzakpress.net\/arhiva\/#\/schema\/person\/c8baee722073534b583ea7bdb2e36c02"},"headline":"Muftija Zukorli\u0107 &#8211; Ne optu\u017eujem Jusufspahi\u0107a i Fejzi\u0107a, oni su neslobodni ljudi","datePublished":"2015-12-01T13:20:12+00:00","mainEntityOfPage":{"@id":"https:\/\/sandzakpress.net\/arhiva\/muftija-zukorlic-ne-optuzujem-jusufspahica-i-fejzica-oni-su-neslobodni-ljudi\/"},"wordCount":262,"commentCount":25,"publisher":{"@id":"https:\/\/sandzakpress.net\/arhiva\/#\/schema\/person\/6e72b67d6e51910a1117b3b483ba20bd"},"image":{"@id":"https:\/\/sandzakpress.net\/arhiva\/muftija-zukorlic-ne-optuzujem-jusufspahica-i-fejzica-oni-su-neslobodni-ljudi\/#primaryimage"},"thumbnailUrl":"https:\/\/sandzakpress.net\/arhiva\/wp-content\/uploads\/2015\/12\/b032682f76cf718f4c66bb31f9129a2bb2dd82f46e1a4d46ac07dbc228f2340c-616x411.jpg","articleSection":["Ro\u017eaje","Nacija","Njema\u010dka","Novi Pazar","Berane","Austrija","Sjenica","Francuska","Tutin","Petnjica","Prijepolje","Bijelo Polje","\u0160vicarska","Priboj","Pljevlja","Nova Varo\u0161","Plav","Gusinje","VIJESTI DANA"],"inLanguage":"bs-BA","potentialAction":[{"@type":"CommentAction","name":"Comment","target":["https:\/\/sandzakpress.net\/arhiva\/muftija-zukorlic-ne-optuzujem-jusufspahica-i-fejzica-oni-su-neslobodni-ljudi\/#respond"]}]},{"@type":"WebPage","@id":"https:\/\/sandzakpress.net\/arhiva\/muftija-zukorlic-ne-optuzujem-jusufspahica-i-fejzica-oni-su-neslobodni-ljudi\/","url":"https:\/\/sandzakpress.net\/arhiva\/muftija-zukorlic-ne-optuzujem-jusufspahica-i-fejzica-oni-su-neslobodni-ljudi\/","name":"Muftija Zukorli\u0107 - Ne optu\u017eujem Jusufspahi\u0107a i Fejzi\u0107a, oni su neslobodni ljudi","isPartOf":{"@id":"https:\/\/sandzakpress.net\/arhiva\/#website"},"primaryImageOfPage":{"@id":"https:\/\/sandzakpress.net\/arhiva\/muftija-zukorlic-ne-optuzujem-jusufspahica-i-fejzica-oni-su-neslobodni-ljudi\/#primaryimage"},"image":{"@id":"https:\/\/sandzakpress.net\/arhiva\/muftija-zukorlic-ne-optuzujem-jusufspahica-i-fejzica-oni-su-neslobodni-ljudi\/#primaryimage"},"thumbnailUrl":"https:\/\/sandzakpress.net\/arhiva\/wp-content\/uploads\/2015\/12\/b032682f76cf718f4c66bb31f9129a2bb2dd82f46e1a4d46ac07dbc228f2340c-616x411.jpg","datePublished":"2015-12-01T13:20:12+00:00","breadcrumb":{"@id":"https:\/\/sandzakpress.net\/arhiva\/muftija-zukorlic-ne-optuzujem-jusufspahica-i-fejzica-oni-su-neslobodni-ljudi\/#breadcrumb"},"inLanguage":"bs-BA","potentialAction":[{"@type":"ReadAction","target":["https:\/\/sandzakpress.net\/arhiva\/muftija-zukorlic-ne-optuzujem-jusufspahica-i-fejzica-oni-su-neslobodni-ljudi\/"]}]},{"@type":"ImageObject","inLanguage":"bs-BA","@id":"https:\/\/sandzakpress.net\/arhiva\/muftija-zukorlic-ne-optuzujem-jusufspahica-i-fejzica-oni-su-neslobodni-ljudi\/#primaryimage","url":"https:\/\/sandzakpress.net\/arhiva\/wp-content\/uploads\/2015\/12\/b032682f76cf718f4c66bb31f9129a2bb2dd82f46e1a4d46ac07dbc228f2340c-616x411.jpg","contentUrl":"https:\/\/sandzakpress.net\/arhiva\/wp-content\/uploads\/2015\/12\/b032682f76cf718f4c66bb31f9129a2bb2dd82f46e1a4d46ac07dbc228f2340c-616x411.jpg","width":616,"height":411},{"@type":"BreadcrumbList","@id":"https:\/\/sandzakpress.net\/arhiva\/muftija-zukorlic-ne-optuzujem-jusufspahica-i-fejzica-oni-su-neslobodni-ljudi\/#breadcrumb","itemListElement":[{"@type":"ListItem","position":1,"name":"Home","item":"https:\/\/sandzakpress.net\/arhiva\/"},{"@type":"ListItem","position":2,"name":"Muftija Zukorli\u0107 &#8211; Ne optu\u017eujem Jusufspahi\u0107a i Fejzi\u0107a, oni su neslobodni ljudi"}]},{"@type":"WebSite","@id":"https:\/\/sandzakpress.net\/arhiva\/#website","url":"https:\/\/sandzakpress.net\/arhiva\/","name":"Sand\u017eak PRESS","description":"Prve elektronske novine u Sand\u017eaku","publisher":{"@id":"https:\/\/sandzakpress.net\/arhiva\/#\/schema\/person\/6e72b67d6e51910a1117b3b483ba20bd"},"potentialAction":[{"@type":"SearchAction","target":{"@type":"EntryPoint","urlTemplate":"https:\/\/sandzakpress.net\/arhiva\/?s={search_term_string}"},"query-input":{"@type":"PropertyValueSpecification","valueRequired":true,"valueName":"search_term_string"}}],"inLanguage":"bs-BA"},{"@type":["Person","Organization"],"@id":"https:\/\/sandzakpress.net\/arhiva\/#\/schema\/person\/6e72b67d6e51910a1117b3b483ba20bd","name":"Kul","image":{"@type":"ImageObject","inLanguage":"bs-BA","@id":"https:\/\/sandzakpress.net\/arhiva\/#\/schema\/person\/image\/","url":"https:\/\/secure.gravatar.com\/avatar\/42263f39aa27ac04c43cab85c280eb2e?s=96&d=mm&r=pg","contentUrl":"https:\/\/secure.gravatar.com\/avatar\/42263f39aa27ac04c43cab85c280eb2e?s=96&d=mm&r=pg","caption":"Kul"},"logo":{"@id":"https:\/\/sandzakpress.net\/arhiva\/#\/schema\/person\/image\/"}},{"@type":"Person","@id":"https:\/\/sandzakpress.net\/arhiva\/#\/schema\/person\/c8baee722073534b583ea7bdb2e36c02","name":"bosniak","image":{"@type":"ImageObject","inLanguage":"bs-BA","@id":"https:\/\/sandzakpress.net\/arhiva\/#\/schema\/person\/image\/","url":"https:\/\/secure.gravatar.com\/avatar\/a04fd330bfe3a36a72a0ad4a6d89fca7?s=96&d=mm&r=pg","contentUrl":"https:\/\/secure.gravatar.com\/avatar\/a04fd330bfe3a36a72a0ad4a6d89fca7?s=96&d=mm&r=pg","caption":"bosniak"},"url":"https:\/\/sandzakpress.net\/arhiva\/author\/bosniak\/"}]}},"_links":{"self":[{"href":"https:\/\/sandzakpress.net\/arhiva\/wp-json\/wp\/v2\/posts\/147458"}],"collection":[{"href":"https:\/\/sandzakpress.net\/arhiva\/wp-json\/wp\/v2\/posts"}],"about":[{"href":"https:\/\/sandzakpress.net\/arhiva\/wp-json\/wp\/v2\/types\/post"}],"author":[{"embeddable":true,"href":"https:\/\/sandzakpress.net\/arhiva\/wp-json\/wp\/v2\/users\/83"}],"replies":[{"embeddable":true,"href":"https:\/\/sandzakpress.net\/arhiva\/wp-json\/wp\/v2\/comments?post=147458"}],"version-history":[{"count":0,"href":"https:\/\/sandzakpress.net\/arhiva\/wp-json\/wp\/v2\/posts\/147458\/revisions"}],"wp:featuredmedia":[{"embeddable":true,"href":"https:\/\/sandzakpress.net\/arhiva\/wp-json\/wp\/v2\/media\/147636"}],"wp:attachment":[{"href":"https:\/\/sandzakpress.net\/arhiva\/wp-json\/wp\/v2\/media?parent=147458"}],"wp:term":[{"taxonomy":"category","embeddable":true,"href":"https:\/\/sandzakpress.net\/arhiva\/wp-json\/wp\/v2\/categories?post=147458"},{"taxonomy":"post_tag","embeddable":true,"href":"https:\/\/sandzakpress.net\/arhiva\/wp-json\/wp\/v2\/tags?post=147458"}],"curies":[{"name":"wp","href":"https:\/\/api.w.org\/{rel}","templated":true}]}}